{"id":12593,"date":"2025-03-03T19:20:22","date_gmt":"2025-03-03T22:20:22","guid":{"rendered":"https:\/\/nuevodigitaldeescobar.com.ar\/?p=12593"},"modified":"2025-03-03T19:24:08","modified_gmt":"2025-03-03T22:24:08","slug":"gago-sigue-en-boca-hablaron-dos-candidatos-que-sonaron-para-reemplazarlo","status":"publish","type":"post","link":"https:\/\/nuevodigitaldeescobar.com.ar\/?p=12593","title":{"rendered":"\u00bfGago sigue en Boca? Hablaron dos candidatos que sonaron para reemplazarlo"},"content":{"rendered":"<p>A pesar de los rumores, Fermando Gago sigue siendo el DT de Boca luego de que circularan versiones de que el partido con Rosario Central ser\u00eda el \u00faltimo, a ra\u00edz de la\u00a0eliminaci\u00f3n hist\u00f3rica\u00a0de\u00a0los Xeneizes en la fase 2 de la Copa Libertadores ante el Alianza Lima de <em>Pipo <\/em>Gorosito.<\/p>\n<p>Hace una semana, <strong>la continuidad de <em>Pintita <\/em>hab\u00eda sido puesto en duda<\/strong>, sin embargo, su afirmaci\u00f3n sobre que nunca consider\u00f3 renunciar y la victoria sobre el Canalla para dejarlo en la parte alta de la Zona A del Torneo Apertura hacen pensar que su salida no est\u00e1n clara como hace una semana.<\/p>\n<p>M\u00e1s all\u00e1 de lo que diga el entrenador y sus resultados, la dirigencia del club, encabezada por Juan Rom\u00e1n Riquelme, ha evaluado posibles reemplazos en caso de desplazarlo, entre ellos\u00a0<strong>Cristian \u00ab<em>Kily<\/em>\u00bb Gonz\u00e1lez<\/strong>,\u00a0DT\u00a0de Uni\u00f3n de Santa Fe, quien se pronunci\u00f3 al respecto.<\/p>\n<p>\u00ab<em><strong>No, no recib\u00ed ning\u00fan llamado<\/strong>. Creo que la gente que est\u00e1 en Boca me conoce, de qu\u00e9 manera me manejo. Yo estoy muy comprometido con este club desde que llegu\u00e9, ojal\u00e1 Dios quiera podamos mejorar en todo sentido para poder tener competencia<\/em>\u00ab, dijo el entrenador \u00abTatengue\u00bb.<\/p>\n<p>Adem\u00e1s, <strong>agreg\u00f3 que no es tiempo para estar pensando en dirigir en Boca<\/strong>. \u00ab<em><strong>\u00bfUstedes creen que en la situaci\u00f3n que estoy pasando deportivamente, que no es la que me imagine desde que comenc\u00e9 la pretemporada en Uruguay,\u00a0voy a estar pensando en Boca?<\/strong>\u00a0 Es una falta de respecto a la gente de Uni\u00f3n<\/em>\u00ab, argument\u00f3 el <em>Kily<\/em>.<\/p>\n<div class=\"inter_image image_horizontal\">\n<div>\n<span class=\"img_footer\">El Kily tiene su postura firme ante un llamado de Boca \n<\/div>\n<\/div>\n<p>Otro de los habl\u00f3 sobre el tema\u00a0fue <strong>Eduardo Dom\u00ednguez<\/strong>, entrenador de Estudiantes de La Plata, aunque con un mensaje que deja m\u00e1s dudas que certezas. \u00ab<em>Pasaron siete t\u00e9cnicos por Boca. Me parece que no les gusto mucho<\/em>\u00ab, afirm\u00f3 el DT \u00abPincharata\u00bb.<\/p>\n<p><strong>Los posibles candidatos para reemplazar a Gago<\/strong><\/p>\n<p>Si bien de momento parece que Gago seguir\u00e1 en su cargo, circulan rumores sobre contactos entre la dirigencia xeneize y varios t\u00e9cnicos de remobre. Entre los candidatos mencionados se encuentran <strong>Antonio Mohamed<\/strong>, actual entrenador del Toluca en M\u00e9xico, y <strong>Ricardo Gareca<\/strong>, quien dirige a la selecci\u00f3n de Chile. Seg\u00fan informes, Boca habr\u00eda contactado al Turco para explorar su disponibilidad en caso de que Gago deje su puesto, mientras que al Tigre lo tienen en alta estima por su basta experiencia y conocimiento del f\u00fatbol argentino.<\/p>\n<p>Sin embargo, el nombre que se lleva todos los reflectores es sin duda el <strong>Gerardo Martino<\/strong>. El \u00ab<em>Tata<\/em>\u00bb est\u00e1 sin club desde noviembre del a\u00f1o pasado luego de dirigir al Inter Miami de Messi y estuvo al frente de otros\u00a0equipo\u00a0y selecciones importantes, como el Barcelona o las selecciones de Argentina, Paraguay y M\u00e9xico.<\/p>\n<p>Seg\u00fan el periodista Daniel Cacioli, \u00a0<strong>su llegada est\u00e1 muy avanzada<\/strong>, mientras que Mart\u00edn Arevalo cont\u00f3 que habl\u00f3 con el DT y que este le coment\u00f3 que <strong>le gusta como se arm\u00f3 el equipo para este 2025<\/strong>. Este \u00faltimo factor es clave, ya que en 2023 hab\u00eda rechazado una oferta de Juan Rom\u00e1n Riquelme y, a diferencia de ese momento, ahora parece tener una raz\u00f3n por la cual ir a Boca.<\/p>","protected":false},"excerpt":{"rendered":"<p>A pesar de los rumores, Fermando Gago sigue siendo el DT de Boca luego de que circularan versiones de que el partido con Rosario Central [&hellip;]<\/p>\n","protected":false},"author":1,"featured_media":12594,"comment_status":"open","ping_status":"open","sticky":false,"template":"","format":"standard","meta":{"footnotes":""},"categories":[8],"tags":[],"class_list":["post-12593","post","type-post","status-publish","format-standard","has-post-thumbnail","hentry","category-deportes"],"better_featured_image":{"id":12594,"alt_text":"","caption":"","description":"","media_type":"image","media_details":{"width":1600,"height":1067,"file":"2025\/03\/diseno-sin-titulo-1741038351221_1600_1067-nwi8sd.jpeg","filesize":91251,"sizes":{"medium":{"file":"diseno-sin-titulo-1741038351221_1600_1067-nwi8sd-300x200.jpeg","width":300,"height":200,"mime-type":"image\/jpeg","filesize":13401,"source_url":"https:\/\/nuevodigitaldeescobar.com.ar\/wp-content\/uploads\/2025\/03\/diseno-sin-titulo-1741038351221_1600_1067-nwi8sd-300x200.jpeg"},"large":{"file":"diseno-sin-titulo-1741038351221_1600_1067-nwi8sd-1024x683.jpeg","width":1024,"height":683,"mime-type":"image\/jpeg","filesize":73677,"source_url":"https:\/\/nuevodigitaldeescobar.com.ar\/wp-content\/uploads\/2025\/03\/diseno-sin-titulo-1741038351221_1600_1067-nwi8sd-1024x683.jpeg"},"thumbnail":{"file":"diseno-sin-titulo-1741038351221_1600_1067-nwi8sd-150x150.jpeg","width":150,"height":150,"mime-type":"image\/jpeg","filesize":6637,"source_url":"https:\/\/nuevodigitaldeescobar.com.ar\/wp-content\/uploads\/2025\/03\/diseno-sin-titulo-1741038351221_1600_1067-nwi8sd-150x150.jpeg"},"medium_large":{"file":"diseno-sin-titulo-1741038351221_1600_1067-nwi8sd-768x512.jpeg","width":768,"height":512,"mime-type":"image\/jpeg","filesize":49246,"source_url":"https:\/\/nuevodigitaldeescobar.com.ar\/wp-content\/uploads\/2025\/03\/diseno-sin-titulo-1741038351221_1600_1067-nwi8sd-768x512.jpeg"},"1536x1536":{"file":"diseno-sin-titulo-1741038351221_1600_1067-nwi8sd-1536x1024.jpeg","width":1536,"height":1024,"mime-type":"image\/jpeg","filesize":130298,"source_url":"https:\/\/nuevodigitaldeescobar.com.ar\/wp-content\/uploads\/2025\/03\/diseno-sin-titulo-1741038351221_1600_1067-nwi8sd-1536x1024.jpeg"}},"image_meta":{"aperture":"0","credit":"","camera":"","caption":"","created_timestamp":"0","copyright":"","focal_length":"0","iso":"0","shutter_speed":"0","title":"","orientation":"0","keywords":[]}},"post":12593,"source_url":"https:\/\/nuevodigitaldeescobar.com.ar\/wp-content\/uploads\/2025\/03\/diseno-sin-titulo-1741038351221_1600_1067-nwi8sd.jpeg"},"yoast_head":"<!-- This site is optimized with the Yoast SEO plugin v26.1.1 - https:\/\/yoast.com\/wordpress\/plugins\/seo\/ -->\n<title>\u00bfGago sigue en Boca? Hablaron dos candidatos que sonaron para reemplazarlo - Nuevo Digital de Escobar<\/title>\n<meta name=\"robots\" content=\"index, follow, max-snippet:-1, max-image-preview:large, max-video-preview:-1\" \/>\n<link rel=\"canonical\" href=\"https:\/\/nuevodigitaldeescobar.com.ar\/?p=12593\" \/>\n<meta property=\"og:locale\" content=\"es_ES\" \/>\n<meta property=\"og:type\" content=\"article\" \/>\n<meta property=\"og:title\" content=\"\u00bfGago sigue en Boca? Hablaron dos candidatos que sonaron para reemplazarlo - Nuevo Digital de Escobar\" \/>\n<meta property=\"og:description\" content=\"A pesar de los rumores, Fermando Gago sigue siendo el DT de Boca luego de que circularan versiones de que el partido con Rosario Central [&hellip;]\" \/>\n<meta property=\"og:url\" content=\"https:\/\/nuevodigitaldeescobar.com.ar\/?p=12593\" \/>\n<meta property=\"og:site_name\" content=\"Nuevo Digital de Escobar\" \/>\n<meta property=\"article:publisher\" content=\"https:\/\/www.facebook.com\/NUEVODigitalDeEscobar\" \/>\n<meta property=\"article:published_time\" content=\"2025-03-03T22:20:22+00:00\" \/>\n<meta property=\"article:modified_time\" content=\"2025-03-03T22:24:08+00:00\" \/>\n<meta property=\"og:image\" content=\"https:\/\/nuevodigitaldeescobar.com.ar\/wp-content\/uploads\/2025\/03\/diseno-sin-titulo-1741038351221_1600_1067-nwi8sd.jpeg\" \/>\n\t<meta property=\"og:image:width\" content=\"1600\" \/>\n\t<meta property=\"og:image:height\" content=\"1067\" \/>\n\t<meta property=\"og:image:type\" content=\"image\/jpeg\" \/>\n<meta name=\"author\" content=\"Redacci\u00f3n\" \/>\n<meta name=\"twitter:card\" content=\"summary_large_image\" \/>\n<meta name=\"twitter:creator\" content=\"@nuevodigescobar\" \/>\n<meta name=\"twitter:site\" content=\"@nuevodigescobar\" \/>\n<meta name=\"twitter:label1\" content=\"Escrito por\" \/>\n\t<meta name=\"twitter:data1\" content=\"Redacci\u00f3n\" \/>\n\t<meta name=\"twitter:label2\" content=\"Tiempo de lectura\" \/>\n\t<meta name=\"twitter:data2\" content=\"3 minutos\" \/>\n<script type=\"application\/ld+json\" class=\"yoast-schema-graph\">{\"@context\":\"https:\/\/schema.org\",\"@graph\":[{\"@type\":\"Article\",\"@id\":\"https:\/\/nuevodigitaldeescobar.com.ar\/?p=12593#article\",\"isPartOf\":{\"@id\":\"https:\/\/nuevodigitaldeescobar.com.ar\/?p=12593\"},\"author\":{\"name\":\"Redacci\u00f3n\",\"@id\":\"https:\/\/nuevodigitaldeescobar.com.ar\/#\/schema\/person\/035e90a8efe9a80e6eec22656ad6ea4c\"},\"headline\":\"\u00bfGago sigue en Boca? Hablaron dos candidatos que sonaron para reemplazarlo\",\"datePublished\":\"2025-03-03T22:20:22+00:00\",\"dateModified\":\"2025-03-03T22:24:08+00:00\",\"mainEntityOfPage\":{\"@id\":\"https:\/\/nuevodigitaldeescobar.com.ar\/?p=12593\"},\"wordCount\":559,\"commentCount\":0,\"publisher\":{\"@id\":\"https:\/\/nuevodigitaldeescobar.com.ar\/#organization\"},\"image\":{\"@id\":\"https:\/\/nuevodigitaldeescobar.com.ar\/?p=12593#primaryimage\"},\"thumbnailUrl\":\"https:\/\/nuevodigitaldeescobar.com.ar\/wp-content\/uploads\/2025\/03\/diseno-sin-titulo-1741038351221_1600_1067-nwi8sd.jpeg\",\"articleSection\":[\"Deportes\"],\"inLanguage\":\"es\",\"potentialAction\":[{\"@type\":\"CommentAction\",\"name\":\"Comment\",\"target\":[\"https:\/\/nuevodigitaldeescobar.com.ar\/?p=12593#respond\"]}]},{\"@type\":\"WebPage\",\"@id\":\"https:\/\/nuevodigitaldeescobar.com.ar\/?p=12593\",\"url\":\"https:\/\/nuevodigitaldeescobar.com.ar\/?p=12593\",\"name\":\"\u00bfGago sigue en Boca? Hablaron dos candidatos que sonaron para reemplazarlo - Nuevo Digital de Escobar\",\"isPartOf\":{\"@id\":\"https:\/\/nuevodigitaldeescobar.com.ar\/#website\"},\"primaryImageOfPage\":{\"@id\":\"https:\/\/nuevodigitaldeescobar.com.ar\/?p=12593#primaryimage\"},\"image\":{\"@id\":\"https:\/\/nuevodigitaldeescobar.com.ar\/?p=12593#primaryimage\"},\"thumbnailUrl\":\"https:\/\/nuevodigitaldeescobar.com.ar\/wp-content\/uploads\/2025\/03\/diseno-sin-titulo-1741038351221_1600_1067-nwi8sd.jpeg\",\"datePublished\":\"2025-03-03T22:20:22+00:00\",\"dateModified\":\"2025-03-03T22:24:08+00:00\",\"breadcrumb\":{\"@id\":\"https:\/\/nuevodigitaldeescobar.com.ar\/?p=12593#breadcrumb\"},\"inLanguage\":\"es\",\"potentialAction\":[{\"@type\":\"ReadAction\",\"target\":[\"https:\/\/nuevodigitaldeescobar.com.ar\/?p=12593\"]}]},{\"@type\":\"ImageObject\",\"inLanguage\":\"es\",\"@id\":\"https:\/\/nuevodigitaldeescobar.com.ar\/?p=12593#primaryimage\",\"url\":\"https:\/\/nuevodigitaldeescobar.com.ar\/wp-content\/uploads\/2025\/03\/diseno-sin-titulo-1741038351221_1600_1067-nwi8sd.jpeg\",\"contentUrl\":\"https:\/\/nuevodigitaldeescobar.com.ar\/wp-content\/uploads\/2025\/03\/diseno-sin-titulo-1741038351221_1600_1067-nwi8sd.jpeg\",\"width\":1600,\"height\":1067},{\"@type\":\"BreadcrumbList\",\"@id\":\"https:\/\/nuevodigitaldeescobar.com.ar\/?p=12593#breadcrumb\",\"itemListElement\":[{\"@type\":\"ListItem\",\"position\":1,\"name\":\"Portada\",\"item\":\"https:\/\/nuevodigitaldeescobar.com.ar\/\"},{\"@type\":\"ListItem\",\"position\":2,\"name\":\"\u00bfGago sigue en Boca? Hablaron dos candidatos que sonaron para reemplazarlo\"}]},{\"@type\":\"WebSite\",\"@id\":\"https:\/\/nuevodigitaldeescobar.com.ar\/#website\",\"url\":\"https:\/\/nuevodigitaldeescobar.com.ar\/\",\"name\":\"Nuevo Digital de Escobar\",\"description\":\"La vida escobarense. Directora: Rosana Brunner\",\"publisher\":{\"@id\":\"https:\/\/nuevodigitaldeescobar.com.ar\/#organization\"},\"potentialAction\":[{\"@type\":\"SearchAction\",\"target\":{\"@type\":\"EntryPoint\",\"urlTemplate\":\"https:\/\/nuevodigitaldeescobar.com.ar\/?s={search_term_string}\"},\"query-input\":{\"@type\":\"PropertyValueSpecification\",\"valueRequired\":true,\"valueName\":\"search_term_string\"}}],\"inLanguage\":\"es\"},{\"@type\":\"Organization\",\"@id\":\"https:\/\/nuevodigitaldeescobar.com.ar\/#organization\",\"name\":\"Nuevo Digital de Escobar\",\"url\":\"https:\/\/nuevodigitaldeescobar.com.ar\/\",\"logo\":{\"@type\":\"ImageObject\",\"inLanguage\":\"es\",\"@id\":\"https:\/\/nuevodigitaldeescobar.com.ar\/#\/schema\/logo\/image\/\",\"url\":\"https:\/\/nuevodigitaldeescobar.com.ar\/wp-content\/uploads\/2025\/05\/cropped-logo-nuevo2.jpg\",\"contentUrl\":\"https:\/\/nuevodigitaldeescobar.com.ar\/wp-content\/uploads\/2025\/05\/cropped-logo-nuevo2.jpg\",\"width\":305,\"height\":305,\"caption\":\"Nuevo Digital de Escobar\"},\"image\":{\"@id\":\"https:\/\/nuevodigitaldeescobar.com.ar\/#\/schema\/logo\/image\/\"},\"sameAs\":[\"https:\/\/www.facebook.com\/NUEVODigitalDeEscobar\",\"https:\/\/x.com\/nuevodigescobar\",\"https:\/\/www.instagram.com\/nuevodigitaldeescobar\"]},{\"@type\":\"Person\",\"@id\":\"https:\/\/nuevodigitaldeescobar.com.ar\/#\/schema\/person\/035e90a8efe9a80e6eec22656ad6ea4c\",\"name\":\"Redacci\u00f3n\",\"image\":{\"@type\":\"ImageObject\",\"inLanguage\":\"es\",\"@id\":\"https:\/\/nuevodigitaldeescobar.com.ar\/#\/schema\/person\/image\/\",\"url\":\"https:\/\/secure.gravatar.com\/avatar\/8af8f40000c24e9eef3034f2be5998a372bb1389e64b1a4a36b3a7979142220d?s=96&d=mm&r=g\",\"contentUrl\":\"https:\/\/secure.gravatar.com\/avatar\/8af8f40000c24e9eef3034f2be5998a372bb1389e64b1a4a36b3a7979142220d?s=96&d=mm&r=g\",\"caption\":\"Redacci\u00f3n\"},\"sameAs\":[\"http:\/\/nuevodigitaldeescobar.com.ar\"],\"url\":\"https:\/\/nuevodigitaldeescobar.com.ar\/?author=1\"}]}<\/script>\n<!-- \/ Yoast SEO plugin. -->","yoast_head_json":{"title":"\u00bfGago sigue en Boca? Hablaron dos candidatos que sonaron para reemplazarlo - Nuevo Digital de Escobar","robots":{"index":"index","follow":"follow","max-snippet":"max-snippet:-1","max-image-preview":"max-image-preview:large","max-video-preview":"max-video-preview:-1"},"canonical":"https:\/\/nuevodigitaldeescobar.com.ar\/?p=12593","og_locale":"es_ES","og_type":"article","og_title":"\u00bfGago sigue en Boca? Hablaron dos candidatos que sonaron para reemplazarlo - Nuevo Digital de Escobar","og_description":"A pesar de los rumores, Fermando Gago sigue siendo el DT de Boca luego de que circularan versiones de que el partido con Rosario Central [&hellip;]","og_url":"https:\/\/nuevodigitaldeescobar.com.ar\/?p=12593","og_site_name":"Nuevo Digital de Escobar","article_publisher":"https:\/\/www.facebook.com\/NUEVODigitalDeEscobar","article_published_time":"2025-03-03T22:20:22+00:00","article_modified_time":"2025-03-03T22:24:08+00:00","og_image":[{"width":1600,"height":1067,"url":"https:\/\/nuevodigitaldeescobar.com.ar\/wp-content\/uploads\/2025\/03\/diseno-sin-titulo-1741038351221_1600_1067-nwi8sd.jpeg","type":"image\/jpeg"}],"author":"Redacci\u00f3n","twitter_card":"summary_large_image","twitter_creator":"@nuevodigescobar","twitter_site":"@nuevodigescobar","twitter_misc":{"Escrito por":"Redacci\u00f3n","Tiempo de lectura":"3 minutos"},"schema":{"@context":"https:\/\/schema.org","@graph":[{"@type":"Article","@id":"https:\/\/nuevodigitaldeescobar.com.ar\/?p=12593#article","isPartOf":{"@id":"https:\/\/nuevodigitaldeescobar.com.ar\/?p=12593"},"author":{"name":"Redacci\u00f3n","@id":"https:\/\/nuevodigitaldeescobar.com.ar\/#\/schema\/person\/035e90a8efe9a80e6eec22656ad6ea4c"},"headline":"\u00bfGago sigue en Boca? Hablaron dos candidatos que sonaron para reemplazarlo","datePublished":"2025-03-03T22:20:22+00:00","dateModified":"2025-03-03T22:24:08+00:00","mainEntityOfPage":{"@id":"https:\/\/nuevodigitaldeescobar.com.ar\/?p=12593"},"wordCount":559,"commentCount":0,"publisher":{"@id":"https:\/\/nuevodigitaldeescobar.com.ar\/#organization"},"image":{"@id":"https:\/\/nuevodigitaldeescobar.com.ar\/?p=12593#primaryimage"},"thumbnailUrl":"https:\/\/nuevodigitaldeescobar.com.ar\/wp-content\/uploads\/2025\/03\/diseno-sin-titulo-1741038351221_1600_1067-nwi8sd.jpeg","articleSection":["Deportes"],"inLanguage":"es","potentialAction":[{"@type":"CommentAction","name":"Comment","target":["https:\/\/nuevodigitaldeescobar.com.ar\/?p=12593#respond"]}]},{"@type":"WebPage","@id":"https:\/\/nuevodigitaldeescobar.com.ar\/?p=12593","url":"https:\/\/nuevodigitaldeescobar.com.ar\/?p=12593","name":"\u00bfGago sigue en Boca? Hablaron dos candidatos que sonaron para reemplazarlo - Nuevo Digital de Escobar","isPartOf":{"@id":"https:\/\/nuevodigitaldeescobar.com.ar\/#website"},"primaryImageOfPage":{"@id":"https:\/\/nuevodigitaldeescobar.com.ar\/?p=12593#primaryimage"},"image":{"@id":"https:\/\/nuevodigitaldeescobar.com.ar\/?p=12593#primaryimage"},"thumbnailUrl":"https:\/\/nuevodigitaldeescobar.com.ar\/wp-content\/uploads\/2025\/03\/diseno-sin-titulo-1741038351221_1600_1067-nwi8sd.jpeg","datePublished":"2025-03-03T22:20:22+00:00","dateModified":"2025-03-03T22:24:08+00:00","breadcrumb":{"@id":"https:\/\/nuevodigitaldeescobar.com.ar\/?p=12593#breadcrumb"},"inLanguage":"es","potentialAction":[{"@type":"ReadAction","target":["https:\/\/nuevodigitaldeescobar.com.ar\/?p=12593"]}]},{"@type":"ImageObject","inLanguage":"es","@id":"https:\/\/nuevodigitaldeescobar.com.ar\/?p=12593#primaryimage","url":"https:\/\/nuevodigitaldeescobar.com.ar\/wp-content\/uploads\/2025\/03\/diseno-sin-titulo-1741038351221_1600_1067-nwi8sd.jpeg","contentUrl":"https:\/\/nuevodigitaldeescobar.com.ar\/wp-content\/uploads\/2025\/03\/diseno-sin-titulo-1741038351221_1600_1067-nwi8sd.jpeg","width":1600,"height":1067},{"@type":"BreadcrumbList","@id":"https:\/\/nuevodigitaldeescobar.com.ar\/?p=12593#breadcrumb","itemListElement":[{"@type":"ListItem","position":1,"name":"Portada","item":"https:\/\/nuevodigitaldeescobar.com.ar\/"},{"@type":"ListItem","position":2,"name":"\u00bfGago sigue en Boca? Hablaron dos candidatos que sonaron para reemplazarlo"}]},{"@type":"WebSite","@id":"https:\/\/nuevodigitaldeescobar.com.ar\/#website","url":"https:\/\/nuevodigitaldeescobar.com.ar\/","name":"Nuevo Digital de Escobar","description":"La vida escobarense. Directora: Rosana Brunner","publisher":{"@id":"https:\/\/nuevodigitaldeescobar.com.ar\/#organization"},"potentialAction":[{"@type":"SearchAction","target":{"@type":"EntryPoint","urlTemplate":"https:\/\/nuevodigitaldeescobar.com.ar\/?s={search_term_string}"},"query-input":{"@type":"PropertyValueSpecification","valueRequired":true,"valueName":"search_term_string"}}],"inLanguage":"es"},{"@type":"Organization","@id":"https:\/\/nuevodigitaldeescobar.com.ar\/#organization","name":"Nuevo Digital de Escobar","url":"https:\/\/nuevodigitaldeescobar.com.ar\/","logo":{"@type":"ImageObject","inLanguage":"es","@id":"https:\/\/nuevodigitaldeescobar.com.ar\/#\/schema\/logo\/image\/","url":"https:\/\/nuevodigitaldeescobar.com.ar\/wp-content\/uploads\/2025\/05\/cropped-logo-nuevo2.jpg","contentUrl":"https:\/\/nuevodigitaldeescobar.com.ar\/wp-content\/uploads\/2025\/05\/cropped-logo-nuevo2.jpg","width":305,"height":305,"caption":"Nuevo Digital de Escobar"},"image":{"@id":"https:\/\/nuevodigitaldeescobar.com.ar\/#\/schema\/logo\/image\/"},"sameAs":["https:\/\/www.facebook.com\/NUEVODigitalDeEscobar","https:\/\/x.com\/nuevodigescobar","https:\/\/www.instagram.com\/nuevodigitaldeescobar"]},{"@type":"Person","@id":"https:\/\/nuevodigitaldeescobar.com.ar\/#\/schema\/person\/035e90a8efe9a80e6eec22656ad6ea4c","name":"Redacci\u00f3n","image":{"@type":"ImageObject","inLanguage":"es","@id":"https:\/\/nuevodigitaldeescobar.com.ar\/#\/schema\/person\/image\/","url":"https:\/\/secure.gravatar.com\/avatar\/8af8f40000c24e9eef3034f2be5998a372bb1389e64b1a4a36b3a7979142220d?s=96&d=mm&r=g","contentUrl":"https:\/\/secure.gravatar.com\/avatar\/8af8f40000c24e9eef3034f2be5998a372bb1389e64b1a4a36b3a7979142220d?s=96&d=mm&r=g","caption":"Redacci\u00f3n"},"sameAs":["http:\/\/nuevodigitaldeescobar.com.ar"],"url":"https:\/\/nuevodigitaldeescobar.com.ar\/?author=1"}]}},"featured_image_urls":{"full":["https:\/\/nuevodigitaldeescobar.com.ar\/wp-content\/uploads\/2025\/03\/diseno-sin-titulo-1741038351221_1600_1067-nwi8sd.jpeg",1600,1067,false],"thumbnail":["https:\/\/nuevodigitaldeescobar.com.ar\/wp-content\/uploads\/2025\/03\/diseno-sin-titulo-1741038351221_1600_1067-nwi8sd-150x150.jpeg",150,150,true],"medium":["https:\/\/nuevodigitaldeescobar.com.ar\/wp-content\/uploads\/2025\/03\/diseno-sin-titulo-1741038351221_1600_1067-nwi8sd-300x200.jpeg",300,200,true],"medium_large":["https:\/\/nuevodigitaldeescobar.com.ar\/wp-content\/uploads\/2025\/03\/diseno-sin-titulo-1741038351221_1600_1067-nwi8sd-768x512.jpeg",640,427,true],"large":["https:\/\/nuevodigitaldeescobar.com.ar\/wp-content\/uploads\/2025\/03\/diseno-sin-titulo-1741038351221_1600_1067-nwi8sd-1024x683.jpeg",640,427,true],"1536x1536":["https:\/\/nuevodigitaldeescobar.com.ar\/wp-content\/uploads\/2025\/03\/diseno-sin-titulo-1741038351221_1600_1067-nwi8sd-1536x1024.jpeg",1536,1024,true],"2048x2048":["https:\/\/nuevodigitaldeescobar.com.ar\/wp-content\/uploads\/2025\/03\/diseno-sin-titulo-1741038351221_1600_1067-nwi8sd.jpeg",1600,1067,false]},"author_info":{"display_name":"Redacci\u00f3n","author_link":"https:\/\/nuevodigitaldeescobar.com.ar\/?author=1"},"category_info":"<a href=\"https:\/\/nuevodigitaldeescobar.com.ar\/?cat=8\" rel=\"category\">Deportes<\/a>","tag_info":"Deportes","comment_count":"0","_links":{"self":[{"href":"https:\/\/nuevodigitaldeescobar.com.ar\/index.php?rest_route=\/wp\/v2\/posts\/12593","targetHints":{"allow":["GET"]}}],"collection":[{"href":"https:\/\/nuevodigitaldeescobar.com.ar\/index.php?rest_route=\/wp\/v2\/posts"}],"about":[{"href":"https:\/\/nuevodigitaldeescobar.com.ar\/index.php?rest_route=\/wp\/v2\/types\/post"}],"author":[{"embeddable":true,"href":"https:\/\/nuevodigitaldeescobar.com.ar\/index.php?rest_route=\/wp\/v2\/users\/1"}],"replies":[{"embeddable":true,"href":"https:\/\/nuevodigitaldeescobar.com.ar\/index.php?rest_route=%2Fwp%2Fv2%2Fcomments&post=12593"}],"version-history":[{"count":1,"href":"https:\/\/nuevodigitaldeescobar.com.ar\/index.php?rest_route=\/wp\/v2\/posts\/12593\/revisions"}],"predecessor-version":[{"id":12596,"href":"https:\/\/nuevodigitaldeescobar.com.ar\/index.php?rest_route=\/wp\/v2\/posts\/12593\/revisions\/12596"}],"wp:featuredmedia":[{"embeddable":true,"href":"https:\/\/nuevodigitaldeescobar.com.ar\/index.php?rest_route=\/wp\/v2\/media\/12594"}],"wp:attachment":[{"href":"https:\/\/nuevodigitaldeescobar.com.ar\/index.php?rest_route=%2Fwp%2Fv2%2Fmedia&parent=12593"}],"wp:term":[{"taxonomy":"category","embeddable":true,"href":"https:\/\/nuevodigitaldeescobar.com.ar\/index.php?rest_route=%2Fwp%2Fv2%2Fcategories&post=12593"},{"taxonomy":"post_tag","embeddable":true,"href":"https:\/\/nuevodigitaldeescobar.com.ar\/index.php?rest_route=%2Fwp%2Fv2%2Ftags&post=12593"}],"curies":[{"name":"wp","href":"https:\/\/api.w.org\/{rel}","templated":true}]}}