{"id":12626,"date":"2025-03-04T15:20:21","date_gmt":"2025-03-04T18:20:21","guid":{"rendered":"https:\/\/nuevodigitaldeescobar.com.ar\/?p=12626"},"modified":"2025-03-04T23:06:17","modified_gmt":"2025-03-05T02:06:17","slug":"giulano-galoppo-quedo-descartado-para-enfrentar-a-talleres","status":"publish","type":"post","link":"https:\/\/nuevodigitaldeescobar.com.ar\/?p=12626","title":{"rendered":"Giulano Galoppo qued\u00f3 descartado para enfrentar a Talleres"},"content":{"rendered":"\n<p>River tiene la mirada puesta en la Supercopa Internacional pendiente con Talleres y a\u00fan debe confirmar equipo, sin embargo, una cosa es segura: <strong>Giulano Galoppo no jugar\u00e1 el partido en Asunci\u00f3n<\/strong>.<\/p>\n<p>A pesar de su reciente recuperaci\u00f3n de una distensi\u00f3n del sartorio de la pierna izquierda, el ex Sao Pablo qued\u00f3 descartado para jugar con la T a pedido de Marcelo Gallardo que afirm\u00f3 en una conferencia de prensa que el futbolista a\u00fan est\u00e1 en\u00a0\u00abproceso de recuperaci\u00f3n\u00bb. No obstante, <strong>el mediocampista acompa\u00f1\u00f3 a la delegaci\u00f3n que viaj\u00f3 a Paraguay para el partido definitorio.<\/strong><\/p>\n<div class=\"inter_image image_horizontal\">\n<div>\n<span class=\"img_footer\">El mediocampista se pierda la Supercopa Internacional \n<\/div>\n<p>Otro jugador que volv\u00eda era <strong>Facundo Colidio<\/strong>, quien s\u00ed\u00a0disputar\u00e1 el partido luego de perderse los encuentros frente a San Mart\u00edn de San Juan y Estudiantes de La Plata, este \u00faltimo por problemas estomacales.<\/p>\n<p><strong>La estad\u00eda de River en Paraguay y las dos hinchadas<\/strong>:<\/p>\n<p><strong>River para\u00a0en el Gran Bourbon Hotel Asunci\u00f3n<\/strong>, ubicado a metros de la sede central de Conmebol, y realizar\u00e1 <strong>dos entrenamientos previos<\/strong> en el predio de la entidad sudamericana que se encuentra en Luque, a 15 kil\u00f3metros de la capital paraguaya, donde ya estuvo cuando se enfrent\u00f3 a Cerro Porte\u00f1o en la Libertadores de 2019. El primero de estos entrenamientos preparativos ser\u00e1 este martes por la tarde\/noche, mientras que\u00a0el segundo ser\u00e1 el mi\u00e9rcoles por la ma\u00f1ana, a solo horas del partido.<\/p>\n<p><a <\/strong><\/a><\/p>\n<p>Por otro lado, el partido, al jugarse en cancha neutral, podr\u00e1 tener parcialidades de ambos equipos en la Nueva Olla, y los <strong>ingresos<\/strong>\u00a0 de las mismas quedaron arregladas de la siguiente manera:<\/p>\n<p>Hinchada de River:<\/p>\n<p>\tPreferencia Lateral Norte ingreso por Av. Quinta y Antequera (Preferencial River).\tGrader\u00eda Norte ingreso por Av. Quinta, calles Parapiti y Estados Unidos.\tPlatea ingreso por calles Parapiti y Batall\u00f3n 40.<\/p>\n<p>Hinchada de Talleres:<\/p>\n<p>\tPreferencia Lateral Novena ingreso por Av. Novena y calle Antequera (Preferencial Talleres).\tGrader\u00eda Novena ingreso por Av. Novena y calle Tacuar\u00ed.\tGrader\u00eda Pettengill : pulm\u00f3n de seguridad.<\/p>\n","protected":false},"excerpt":{"rendered":"<p>River tiene la mirada puesta en la Supercopa Internacional pendiente con Talleres y a\u00fan debe confirmar equipo, sin embargo, una cosa es segura: Giulano Galoppo [&hellip;]<\/p>\n","protected":false},"author":1,"featured_media":12627,"comment_status":"open","ping_status":"open","sticky":false,"template":"","format":"standard","meta":{"footnotes":""},"categories":[8],"tags":[],"class_list":["post-12626","post","type-post","status-publish","format-standard","has-post-thumbnail","hentry","category-deportes"],"better_featured_image":{"id":12627,"alt_text":"","caption":"","description":"","media_type":"image","media_details":{"width":1600,"height":1067,"file":"2025\/03\/diseno-sin-titulo-2-1741108452593_1600_1067-I8Y1av.jpeg","filesize":118953,"sizes":{"medium":{"file":"diseno-sin-titulo-2-1741108452593_1600_1067-I8Y1av-300x200.jpeg","width":300,"height":200,"mime-type":"image\/jpeg","filesize":16577,"source_url":"https:\/\/nuevodigitaldeescobar.com.ar\/wp-content\/uploads\/2025\/03\/diseno-sin-titulo-2-1741108452593_1600_1067-I8Y1av-300x200.jpeg"},"large":{"file":"diseno-sin-titulo-2-1741108452593_1600_1067-I8Y1av-1024x683.jpeg","width":1024,"height":683,"mime-type":"image\/jpeg","filesize":97826,"source_url":"https:\/\/nuevodigitaldeescobar.com.ar\/wp-content\/uploads\/2025\/03\/diseno-sin-titulo-2-1741108452593_1600_1067-I8Y1av-1024x683.jpeg"},"thumbnail":{"file":"diseno-sin-titulo-2-1741108452593_1600_1067-I8Y1av-150x150.jpeg","width":150,"height":150,"mime-type":"image\/jpeg","filesize":8004,"source_url":"https:\/\/nuevodigitaldeescobar.com.ar\/wp-content\/uploads\/2025\/03\/diseno-sin-titulo-2-1741108452593_1600_1067-I8Y1av-150x150.jpeg"},"medium_large":{"file":"diseno-sin-titulo-2-1741108452593_1600_1067-I8Y1av-768x512.jpeg","width":768,"height":512,"mime-type":"image\/jpeg","filesize":64058,"source_url":"https:\/\/nuevodigitaldeescobar.com.ar\/wp-content\/uploads\/2025\/03\/diseno-sin-titulo-2-1741108452593_1600_1067-I8Y1av-768x512.jpeg"},"1536x1536":{"file":"diseno-sin-titulo-2-1741108452593_1600_1067-I8Y1av-1536x1024.jpeg","width":1536,"height":1024,"mime-type":"image\/jpeg","filesize":173077,"source_url":"https:\/\/nuevodigitaldeescobar.com.ar\/wp-content\/uploads\/2025\/03\/diseno-sin-titulo-2-1741108452593_1600_1067-I8Y1av-1536x1024.jpeg"}},"image_meta":{"aperture":"0","credit":"","camera":"","caption":"","created_timestamp":"0","copyright":"","focal_length":"0","iso":"0","shutter_speed":"0","title":"","orientation":"0","keywords":[]}},"post":12626,"source_url":"https:\/\/nuevodigitaldeescobar.com.ar\/wp-content\/uploads\/2025\/03\/diseno-sin-titulo-2-1741108452593_1600_1067-I8Y1av.jpeg"},"yoast_head":"<!-- This site is optimized with the Yoast SEO plugin v26.1.1 - https:\/\/yoast.com\/wordpress\/plugins\/seo\/ -->\n<title>Giulano Galoppo qued\u00f3 descartado para enfrentar a Talleres - Nuevo Digital de Escobar<\/title>\n<meta name=\"robots\" content=\"index, follow, max-snippet:-1, max-image-preview:large, max-video-preview:-1\" \/>\n<link rel=\"canonical\" href=\"https:\/\/nuevodigitaldeescobar.com.ar\/?p=12626\" \/>\n<meta property=\"og:locale\" content=\"es_ES\" \/>\n<meta property=\"og:type\" content=\"article\" \/>\n<meta property=\"og:title\" content=\"Giulano Galoppo qued\u00f3 descartado para enfrentar a Talleres - Nuevo Digital de Escobar\" \/>\n<meta property=\"og:description\" content=\"River tiene la mirada puesta en la Supercopa Internacional pendiente con Talleres y a\u00fan debe confirmar equipo, sin embargo, una cosa es segura: Giulano Galoppo [&hellip;]\" \/>\n<meta property=\"og:url\" content=\"https:\/\/nuevodigitaldeescobar.com.ar\/?p=12626\" \/>\n<meta property=\"og:site_name\" content=\"Nuevo Digital de Escobar\" \/>\n<meta property=\"article:publisher\" content=\"https:\/\/www.facebook.com\/NUEVODigitalDeEscobar\" \/>\n<meta property=\"article:published_time\" content=\"2025-03-04T18:20:21+00:00\" \/>\n<meta property=\"article:modified_time\" content=\"2025-03-05T02:06:17+00:00\" \/>\n<meta property=\"og:image\" content=\"https:\/\/nuevodigitaldeescobar.com.ar\/wp-content\/uploads\/2025\/03\/diseno-sin-titulo-2-1741108452593_1600_1067-I8Y1av.jpeg\" \/>\n\t<meta property=\"og:image:width\" content=\"1600\" \/>\n\t<meta property=\"og:image:height\" content=\"1067\" \/>\n\t<meta property=\"og:image:type\" content=\"image\/jpeg\" \/>\n<meta name=\"author\" content=\"Redacci\u00f3n\" \/>\n<meta name=\"twitter:card\" content=\"summary_large_image\" \/>\n<meta name=\"twitter:creator\" content=\"@nuevodigescobar\" \/>\n<meta name=\"twitter:site\" content=\"@nuevodigescobar\" \/>\n<meta name=\"twitter:label1\" content=\"Escrito por\" \/>\n\t<meta name=\"twitter:data1\" content=\"Redacci\u00f3n\" \/>\n\t<meta name=\"twitter:label2\" content=\"Tiempo de lectura\" \/>\n\t<meta name=\"twitter:data2\" content=\"1 minuto\" \/>\n<script type=\"application\/ld+json\" class=\"yoast-schema-graph\">{\"@context\":\"https:\/\/schema.org\",\"@graph\":[{\"@type\":\"Article\",\"@id\":\"https:\/\/nuevodigitaldeescobar.com.ar\/?p=12626#article\",\"isPartOf\":{\"@id\":\"https:\/\/nuevodigitaldeescobar.com.ar\/?p=12626\"},\"author\":{\"name\":\"Redacci\u00f3n\",\"@id\":\"https:\/\/nuevodigitaldeescobar.com.ar\/#\/schema\/person\/035e90a8efe9a80e6eec22656ad6ea4c\"},\"headline\":\"Giulano Galoppo qued\u00f3 descartado para enfrentar a Talleres\",\"datePublished\":\"2025-03-04T18:20:21+00:00\",\"dateModified\":\"2025-03-05T02:06:17+00:00\",\"mainEntityOfPage\":{\"@id\":\"https:\/\/nuevodigitaldeescobar.com.ar\/?p=12626\"},\"wordCount\":249,\"commentCount\":0,\"publisher\":{\"@id\":\"https:\/\/nuevodigitaldeescobar.com.ar\/#organization\"},\"image\":{\"@id\":\"https:\/\/nuevodigitaldeescobar.com.ar\/?p=12626#primaryimage\"},\"thumbnailUrl\":\"https:\/\/nuevodigitaldeescobar.com.ar\/wp-content\/uploads\/2025\/03\/diseno-sin-titulo-2-1741108452593_1600_1067-I8Y1av.jpeg\",\"articleSection\":[\"Deportes\"],\"inLanguage\":\"es\",\"potentialAction\":[{\"@type\":\"CommentAction\",\"name\":\"Comment\",\"target\":[\"https:\/\/nuevodigitaldeescobar.com.ar\/?p=12626#respond\"]}]},{\"@type\":\"WebPage\",\"@id\":\"https:\/\/nuevodigitaldeescobar.com.ar\/?p=12626\",\"url\":\"https:\/\/nuevodigitaldeescobar.com.ar\/?p=12626\",\"name\":\"Giulano Galoppo qued\u00f3 descartado para enfrentar a Talleres - Nuevo Digital de Escobar\",\"isPartOf\":{\"@id\":\"https:\/\/nuevodigitaldeescobar.com.ar\/#website\"},\"primaryImageOfPage\":{\"@id\":\"https:\/\/nuevodigitaldeescobar.com.ar\/?p=12626#primaryimage\"},\"image\":{\"@id\":\"https:\/\/nuevodigitaldeescobar.com.ar\/?p=12626#primaryimage\"},\"thumbnailUrl\":\"https:\/\/nuevodigitaldeescobar.com.ar\/wp-content\/uploads\/2025\/03\/diseno-sin-titulo-2-1741108452593_1600_1067-I8Y1av.jpeg\",\"datePublished\":\"2025-03-04T18:20:21+00:00\",\"dateModified\":\"2025-03-05T02:06:17+00:00\",\"breadcrumb\":{\"@id\":\"https:\/\/nuevodigitaldeescobar.com.ar\/?p=12626#breadcrumb\"},\"inLanguage\":\"es\",\"potentialAction\":[{\"@type\":\"ReadAction\",\"target\":[\"https:\/\/nuevodigitaldeescobar.com.ar\/?p=12626\"]}]},{\"@type\":\"ImageObject\",\"inLanguage\":\"es\",\"@id\":\"https:\/\/nuevodigitaldeescobar.com.ar\/?p=12626#primaryimage\",\"url\":\"https:\/\/nuevodigitaldeescobar.com.ar\/wp-content\/uploads\/2025\/03\/diseno-sin-titulo-2-1741108452593_1600_1067-I8Y1av.jpeg\",\"contentUrl\":\"https:\/\/nuevodigitaldeescobar.com.ar\/wp-content\/uploads\/2025\/03\/diseno-sin-titulo-2-1741108452593_1600_1067-I8Y1av.jpeg\",\"width\":1600,\"height\":1067},{\"@type\":\"BreadcrumbList\",\"@id\":\"https:\/\/nuevodigitaldeescobar.com.ar\/?p=12626#breadcrumb\",\"itemListElement\":[{\"@type\":\"ListItem\",\"position\":1,\"name\":\"Portada\",\"item\":\"https:\/\/nuevodigitaldeescobar.com.ar\/\"},{\"@type\":\"ListItem\",\"position\":2,\"name\":\"Giulano Galoppo qued\u00f3 descartado para enfrentar a Talleres\"}]},{\"@type\":\"WebSite\",\"@id\":\"https:\/\/nuevodigitaldeescobar.com.ar\/#website\",\"url\":\"https:\/\/nuevodigitaldeescobar.com.ar\/\",\"name\":\"Nuevo Digital de Escobar\",\"description\":\"La vida escobarense. Directora: Rosana Brunner\",\"publisher\":{\"@id\":\"https:\/\/nuevodigitaldeescobar.com.ar\/#organization\"},\"potentialAction\":[{\"@type\":\"SearchAction\",\"target\":{\"@type\":\"EntryPoint\",\"urlTemplate\":\"https:\/\/nuevodigitaldeescobar.com.ar\/?s={search_term_string}\"},\"query-input\":{\"@type\":\"PropertyValueSpecification\",\"valueRequired\":true,\"valueName\":\"search_term_string\"}}],\"inLanguage\":\"es\"},{\"@type\":\"Organization\",\"@id\":\"https:\/\/nuevodigitaldeescobar.com.ar\/#organization\",\"name\":\"Nuevo Digital de Escobar\",\"url\":\"https:\/\/nuevodigitaldeescobar.com.ar\/\",\"logo\":{\"@type\":\"ImageObject\",\"inLanguage\":\"es\",\"@id\":\"https:\/\/nuevodigitaldeescobar.com.ar\/#\/schema\/logo\/image\/\",\"url\":\"https:\/\/nuevodigitaldeescobar.com.ar\/wp-content\/uploads\/2025\/05\/cropped-logo-nuevo2.jpg\",\"contentUrl\":\"https:\/\/nuevodigitaldeescobar.com.ar\/wp-content\/uploads\/2025\/05\/cropped-logo-nuevo2.jpg\",\"width\":305,\"height\":305,\"caption\":\"Nuevo Digital de Escobar\"},\"image\":{\"@id\":\"https:\/\/nuevodigitaldeescobar.com.ar\/#\/schema\/logo\/image\/\"},\"sameAs\":[\"https:\/\/www.facebook.com\/NUEVODigitalDeEscobar\",\"https:\/\/x.com\/nuevodigescobar\",\"https:\/\/www.instagram.com\/nuevodigitaldeescobar\"]},{\"@type\":\"Person\",\"@id\":\"https:\/\/nuevodigitaldeescobar.com.ar\/#\/schema\/person\/035e90a8efe9a80e6eec22656ad6ea4c\",\"name\":\"Redacci\u00f3n\",\"image\":{\"@type\":\"ImageObject\",\"inLanguage\":\"es\",\"@id\":\"https:\/\/nuevodigitaldeescobar.com.ar\/#\/schema\/person\/image\/\",\"url\":\"https:\/\/secure.gravatar.com\/avatar\/8af8f40000c24e9eef3034f2be5998a372bb1389e64b1a4a36b3a7979142220d?s=96&d=mm&r=g\",\"contentUrl\":\"https:\/\/secure.gravatar.com\/avatar\/8af8f40000c24e9eef3034f2be5998a372bb1389e64b1a4a36b3a7979142220d?s=96&d=mm&r=g\",\"caption\":\"Redacci\u00f3n\"},\"sameAs\":[\"http:\/\/nuevodigitaldeescobar.com.ar\"],\"url\":\"https:\/\/nuevodigitaldeescobar.com.ar\/?author=1\"}]}<\/script>\n<!-- \/ Yoast SEO plugin. -->","yoast_head_json":{"title":"Giulano Galoppo qued\u00f3 descartado para enfrentar a Talleres - Nuevo Digital de Escobar","robots":{"index":"index","follow":"follow","max-snippet":"max-snippet:-1","max-image-preview":"max-image-preview:large","max-video-preview":"max-video-preview:-1"},"canonical":"https:\/\/nuevodigitaldeescobar.com.ar\/?p=12626","og_locale":"es_ES","og_type":"article","og_title":"Giulano Galoppo qued\u00f3 descartado para enfrentar a Talleres - Nuevo Digital de Escobar","og_description":"River tiene la mirada puesta en la Supercopa Internacional pendiente con Talleres y a\u00fan debe confirmar equipo, sin embargo, una cosa es segura: Giulano Galoppo [&hellip;]","og_url":"https:\/\/nuevodigitaldeescobar.com.ar\/?p=12626","og_site_name":"Nuevo Digital de Escobar","article_publisher":"https:\/\/www.facebook.com\/NUEVODigitalDeEscobar","article_published_time":"2025-03-04T18:20:21+00:00","article_modified_time":"2025-03-05T02:06:17+00:00","og_image":[{"width":1600,"height":1067,"url":"https:\/\/nuevodigitaldeescobar.com.ar\/wp-content\/uploads\/2025\/03\/diseno-sin-titulo-2-1741108452593_1600_1067-I8Y1av.jpeg","type":"image\/jpeg"}],"author":"Redacci\u00f3n","twitter_card":"summary_large_image","twitter_creator":"@nuevodigescobar","twitter_site":"@nuevodigescobar","twitter_misc":{"Escrito por":"Redacci\u00f3n","Tiempo de lectura":"1 minuto"},"schema":{"@context":"https:\/\/schema.org","@graph":[{"@type":"Article","@id":"https:\/\/nuevodigitaldeescobar.com.ar\/?p=12626#article","isPartOf":{"@id":"https:\/\/nuevodigitaldeescobar.com.ar\/?p=12626"},"author":{"name":"Redacci\u00f3n","@id":"https:\/\/nuevodigitaldeescobar.com.ar\/#\/schema\/person\/035e90a8efe9a80e6eec22656ad6ea4c"},"headline":"Giulano Galoppo qued\u00f3 descartado para enfrentar a Talleres","datePublished":"2025-03-04T18:20:21+00:00","dateModified":"2025-03-05T02:06:17+00:00","mainEntityOfPage":{"@id":"https:\/\/nuevodigitaldeescobar.com.ar\/?p=12626"},"wordCount":249,"commentCount":0,"publisher":{"@id":"https:\/\/nuevodigitaldeescobar.com.ar\/#organization"},"image":{"@id":"https:\/\/nuevodigitaldeescobar.com.ar\/?p=12626#primaryimage"},"thumbnailUrl":"https:\/\/nuevodigitaldeescobar.com.ar\/wp-content\/uploads\/2025\/03\/diseno-sin-titulo-2-1741108452593_1600_1067-I8Y1av.jpeg","articleSection":["Deportes"],"inLanguage":"es","potentialAction":[{"@type":"CommentAction","name":"Comment","target":["https:\/\/nuevodigitaldeescobar.com.ar\/?p=12626#respond"]}]},{"@type":"WebPage","@id":"https:\/\/nuevodigitaldeescobar.com.ar\/?p=12626","url":"https:\/\/nuevodigitaldeescobar.com.ar\/?p=12626","name":"Giulano Galoppo qued\u00f3 descartado para enfrentar a Talleres - Nuevo Digital de Escobar","isPartOf":{"@id":"https:\/\/nuevodigitaldeescobar.com.ar\/#website"},"primaryImageOfPage":{"@id":"https:\/\/nuevodigitaldeescobar.com.ar\/?p=12626#primaryimage"},"image":{"@id":"https:\/\/nuevodigitaldeescobar.com.ar\/?p=12626#primaryimage"},"thumbnailUrl":"https:\/\/nuevodigitaldeescobar.com.ar\/wp-content\/uploads\/2025\/03\/diseno-sin-titulo-2-1741108452593_1600_1067-I8Y1av.jpeg","datePublished":"2025-03-04T18:20:21+00:00","dateModified":"2025-03-05T02:06:17+00:00","breadcrumb":{"@id":"https:\/\/nuevodigitaldeescobar.com.ar\/?p=12626#breadcrumb"},"inLanguage":"es","potentialAction":[{"@type":"ReadAction","target":["https:\/\/nuevodigitaldeescobar.com.ar\/?p=12626"]}]},{"@type":"ImageObject","inLanguage":"es","@id":"https:\/\/nuevodigitaldeescobar.com.ar\/?p=12626#primaryimage","url":"https:\/\/nuevodigitaldeescobar.com.ar\/wp-content\/uploads\/2025\/03\/diseno-sin-titulo-2-1741108452593_1600_1067-I8Y1av.jpeg","contentUrl":"https:\/\/nuevodigitaldeescobar.com.ar\/wp-content\/uploads\/2025\/03\/diseno-sin-titulo-2-1741108452593_1600_1067-I8Y1av.jpeg","width":1600,"height":1067},{"@type":"BreadcrumbList","@id":"https:\/\/nuevodigitaldeescobar.com.ar\/?p=12626#breadcrumb","itemListElement":[{"@type":"ListItem","position":1,"name":"Portada","item":"https:\/\/nuevodigitaldeescobar.com.ar\/"},{"@type":"ListItem","position":2,"name":"Giulano Galoppo qued\u00f3 descartado para enfrentar a Talleres"}]},{"@type":"WebSite","@id":"https:\/\/nuevodigitaldeescobar.com.ar\/#website","url":"https:\/\/nuevodigitaldeescobar.com.ar\/","name":"Nuevo Digital de Escobar","description":"La vida escobarense. Directora: Rosana Brunner","publisher":{"@id":"https:\/\/nuevodigitaldeescobar.com.ar\/#organization"},"potentialAction":[{"@type":"SearchAction","target":{"@type":"EntryPoint","urlTemplate":"https:\/\/nuevodigitaldeescobar.com.ar\/?s={search_term_string}"},"query-input":{"@type":"PropertyValueSpecification","valueRequired":true,"valueName":"search_term_string"}}],"inLanguage":"es"},{"@type":"Organization","@id":"https:\/\/nuevodigitaldeescobar.com.ar\/#organization","name":"Nuevo Digital de Escobar","url":"https:\/\/nuevodigitaldeescobar.com.ar\/","logo":{"@type":"ImageObject","inLanguage":"es","@id":"https:\/\/nuevodigitaldeescobar.com.ar\/#\/schema\/logo\/image\/","url":"https:\/\/nuevodigitaldeescobar.com.ar\/wp-content\/uploads\/2025\/05\/cropped-logo-nuevo2.jpg","contentUrl":"https:\/\/nuevodigitaldeescobar.com.ar\/wp-content\/uploads\/2025\/05\/cropped-logo-nuevo2.jpg","width":305,"height":305,"caption":"Nuevo Digital de Escobar"},"image":{"@id":"https:\/\/nuevodigitaldeescobar.com.ar\/#\/schema\/logo\/image\/"},"sameAs":["https:\/\/www.facebook.com\/NUEVODigitalDeEscobar","https:\/\/x.com\/nuevodigescobar","https:\/\/www.instagram.com\/nuevodigitaldeescobar"]},{"@type":"Person","@id":"https:\/\/nuevodigitaldeescobar.com.ar\/#\/schema\/person\/035e90a8efe9a80e6eec22656ad6ea4c","name":"Redacci\u00f3n","image":{"@type":"ImageObject","inLanguage":"es","@id":"https:\/\/nuevodigitaldeescobar.com.ar\/#\/schema\/person\/image\/","url":"https:\/\/secure.gravatar.com\/avatar\/8af8f40000c24e9eef3034f2be5998a372bb1389e64b1a4a36b3a7979142220d?s=96&d=mm&r=g","contentUrl":"https:\/\/secure.gravatar.com\/avatar\/8af8f40000c24e9eef3034f2be5998a372bb1389e64b1a4a36b3a7979142220d?s=96&d=mm&r=g","caption":"Redacci\u00f3n"},"sameAs":["http:\/\/nuevodigitaldeescobar.com.ar"],"url":"https:\/\/nuevodigitaldeescobar.com.ar\/?author=1"}]}},"featured_image_urls":{"full":["https:\/\/nuevodigitaldeescobar.com.ar\/wp-content\/uploads\/2025\/03\/diseno-sin-titulo-2-1741108452593_1600_1067-I8Y1av.jpeg",1600,1067,false],"thumbnail":["https:\/\/nuevodigitaldeescobar.com.ar\/wp-content\/uploads\/2025\/03\/diseno-sin-titulo-2-1741108452593_1600_1067-I8Y1av-150x150.jpeg",150,150,true],"medium":["https:\/\/nuevodigitaldeescobar.com.ar\/wp-content\/uploads\/2025\/03\/diseno-sin-titulo-2-1741108452593_1600_1067-I8Y1av-300x200.jpeg",300,200,true],"medium_large":["https:\/\/nuevodigitaldeescobar.com.ar\/wp-content\/uploads\/2025\/03\/diseno-sin-titulo-2-1741108452593_1600_1067-I8Y1av-768x512.jpeg",640,427,true],"large":["https:\/\/nuevodigitaldeescobar.com.ar\/wp-content\/uploads\/2025\/03\/diseno-sin-titulo-2-1741108452593_1600_1067-I8Y1av-1024x683.jpeg",640,427,true],"1536x1536":["https:\/\/nuevodigitaldeescobar.com.ar\/wp-content\/uploads\/2025\/03\/diseno-sin-titulo-2-1741108452593_1600_1067-I8Y1av-1536x1024.jpeg",1536,1024,true],"2048x2048":["https:\/\/nuevodigitaldeescobar.com.ar\/wp-content\/uploads\/2025\/03\/diseno-sin-titulo-2-1741108452593_1600_1067-I8Y1av.jpeg",1600,1067,false]},"author_info":{"display_name":"Redacci\u00f3n","author_link":"https:\/\/nuevodigitaldeescobar.com.ar\/?author=1"},"category_info":"<a href=\"https:\/\/nuevodigitaldeescobar.com.ar\/?cat=8\" rel=\"category\">Deportes<\/a>","tag_info":"Deportes","comment_count":"0","_links":{"self":[{"href":"https:\/\/nuevodigitaldeescobar.com.ar\/index.php?rest_route=\/wp\/v2\/posts\/12626","targetHints":{"allow":["GET"]}}],"collection":[{"href":"https:\/\/nuevodigitaldeescobar.com.ar\/index.php?rest_route=\/wp\/v2\/posts"}],"about":[{"href":"https:\/\/nuevodigitaldeescobar.com.ar\/index.php?rest_route=\/wp\/v2\/types\/post"}],"author":[{"embeddable":true,"href":"https:\/\/nuevodigitaldeescobar.com.ar\/index.php?rest_route=\/wp\/v2\/users\/1"}],"replies":[{"embeddable":true,"href":"https:\/\/nuevodigitaldeescobar.com.ar\/index.php?rest_route=%2Fwp%2Fv2%2Fcomments&post=12626"}],"version-history":[{"count":1,"href":"https:\/\/nuevodigitaldeescobar.com.ar\/index.php?rest_route=\/wp\/v2\/posts\/12626\/revisions"}],"predecessor-version":[{"id":12643,"href":"https:\/\/nuevodigitaldeescobar.com.ar\/index.php?rest_route=\/wp\/v2\/posts\/12626\/revisions\/12643"}],"wp:featuredmedia":[{"embeddable":true,"href":"https:\/\/nuevodigitaldeescobar.com.ar\/index.php?rest_route=\/wp\/v2\/media\/12627"}],"wp:attachment":[{"href":"https:\/\/nuevodigitaldeescobar.com.ar\/index.php?rest_route=%2Fwp%2Fv2%2Fmedia&parent=12626"}],"wp:term":[{"taxonomy":"category","embeddable":true,"href":"https:\/\/nuevodigitaldeescobar.com.ar\/index.php?rest_route=%2Fwp%2Fv2%2Fcategories&post=12626"},{"taxonomy":"post_tag","embeddable":true,"href":"https:\/\/nuevodigitaldeescobar.com.ar\/index.php?rest_route=%2Fwp%2Fv2%2Ftags&post=12626"}],"curies":[{"name":"wp","href":"https:\/\/api.w.org\/{rel}","templated":true}]}}