{"id":12719,"date":"2025-03-07T01:26:35","date_gmt":"2025-03-07T04:26:35","guid":{"rendered":"https:\/\/nuevodigitaldeescobar.com.ar\/?p=12719"},"modified":"2025-03-07T01:26:47","modified_gmt":"2025-03-07T04:26:47","slug":"aumento-un-55-la-cantidad-de-personas-en-situacion-de-calle-en-caba-en-los-ultimos-dos-anos","status":"publish","type":"post","link":"https:\/\/nuevodigitaldeescobar.com.ar\/?p=12719","title":{"rendered":"Aument\u00f3 un 55% la cantidad de personas en situaci\u00f3n de calle en CABA en los \u00faltimos dos a\u00f1os"},"content":{"rendered":"\n<p class=\"has-vivid-cyan-blue-color has-text-color has-link-color wp-elements-d6a729fd05f9906575c1f6f1ca5c2632\"><em><strong>Seg\u00fan los datos publicados por el Instituto de Estad\u00edstica y Censos de la Ciudad de Buenos Aires (CABA), en noviembre de 2024 se registraron 4.049 personas viviendo en la calle. De ese total, un 69,5% (2.813 personas) se encontraba en Centros de Inclusi\u00f3n Social (CIS), mientras que el 30,5% (1.236) permanec\u00eda en la v\u00eda p\u00fablica.<\/strong><\/em><\/p>\n\n\n\n<!--more-->\n\n\n\n<p>El informe destaca un incremento del 55% en la cantidad de personas en situaci\u00f3n de calle en comparaci\u00f3n con 2022. En aquel a\u00f1o, las cifras indicaban que 1.011 personas dorm\u00edan en la v\u00eda p\u00fablica y 1.600 en un CIS. Para 2023, esos n\u00fameros subieron a 1.243 y 2.268, respectivamente, hasta alcanzar los valores actuales.<\/p>\n\n\n\n<h3 class=\"wp-block-heading has-text-color has-link-color wp-elements-5145434014bd5b743a046d2e0e7acc9b\" style=\"color:#051abc\"><em>Un problema creciente en la Ciudad<\/em><\/h3>\n\n\n\n<p>El aumento en la cantidad de personas sin hogar contrasta con las recientes declaraciones del presidente Javier Milei sobre la pobreza en el pa\u00eds. En una entrevista con LN+, el mandatario sostuvo que en enero de 2024 la pobreza era del 57% y que en febrero de 2025 baj\u00f3 al 36%, lo que, seg\u00fan sus palabras, implicar\u00eda que <em>\u00abdiez millones de argentinos\u00bb<\/em> salieron de esa condici\u00f3n.<\/p>\n\n\n\n<p>Si bien las cifras de personas en situaci\u00f3n de calle en CABA no representan un porcentaje significativo sobre el total de habitantes de la ciudad (3.121.000 personas), el informe oficial advierte sobre una tendencia preocupante que afecta especialmente a los sectores m\u00e1s vulnerables.<\/p>\n\n\n<div class=\"wp-block-image is-style-rounded\">\n<figure class=\"aligncenter size-full\"><img fetchpriority=\"high\" decoding=\"async\" width=\"768\" height=\"511\" src=\"https:\/\/nuevodigitaldeescobar.com.ar\/wp-content\/uploads\/2025\/03\/sitdecalle123.png\" alt=\"\" class=\"wp-image-12721\" srcset=\"https:\/\/nuevodigitaldeescobar.com.ar\/wp-content\/uploads\/2025\/03\/sitdecalle123.png 768w, https:\/\/nuevodigitaldeescobar.com.ar\/wp-content\/uploads\/2025\/03\/sitdecalle123-300x200.png 300w\" sizes=\"(max-width: 768px) 100vw, 768px\" \/><\/figure><\/div>\n\n\n<h3 class=\"wp-block-heading has-text-color has-link-color wp-elements-3fca49103062e6924e758e6989b8c2fb\" style=\"color:#051abc\"><em>Ni\u00f1os y adultos mayores entre los m\u00e1s afectados<\/em><\/h3>\n\n\n\n<p>El relevamiento tambi\u00e9n revela datos sobre la composici\u00f3n etaria de la poblaci\u00f3n en situaci\u00f3n de calle: el 76,1% tiene entre 19 y 59 a\u00f1os; el 6,6% supera los 60 a\u00f1os; el 1,7% tiene entre 0 y 14 a\u00f1os y el 1,5% se encuentra en la franja de 15 a 18 a\u00f1os. Adem\u00e1s, el 74,8% son varones y el 16,3% mujeres.<\/p>\n\n\n\n<p>En cuanto a los lugares donde duermen las personas sin hogar, el 71,4% permanece en veredas, el 12,4% en plazas o parques y el 5% en cajeros autom\u00e1ticos o entradas de bancos. Tambi\u00e9n se registraron casos en zonas debajo de autopistas (3,2%), terminales de transporte (2,3%), boulevares (2,2%) y hospitales p\u00fablicos (2,6%).<\/p>\n\n\n\n<h3 class=\"wp-block-heading has-text-color has-link-color wp-elements-3ba1429f04b6270381b6b6d87d549794\" style=\"color:#051abc\"><em>Educaci\u00f3n y exclusi\u00f3n social<\/em><\/h3>\n\n\n\n<p>El informe tambi\u00e9n analiza el nivel educativo de la poblaci\u00f3n en situaci\u00f3n de calle. M\u00e1s del 42% no complet\u00f3 la escuela primaria o solo lleg\u00f3 hasta ese nivel. Por otro lado, un 25,9% finaliz\u00f3 la secundaria, mientras que un 17,7% la abandon\u00f3 antes de completarla.<\/p>\n\n\n\n<p>Llama la atenci\u00f3n que un peque\u00f1o porcentaje de quienes viven en la calle cuentan con estudios terciarios o universitarios: un 1,4% inici\u00f3 un terciario sin concluirlo, el 1,2% lo complet\u00f3, el 1,7% curs\u00f3 universidad sin terminar y el 1% logr\u00f3 graduarse.<\/p>\n\n\n\n<p>El aumento de la cantidad de personas en situaci\u00f3n de calle en la Ciudad de Buenos Aires pone en evidencia la profundizaci\u00f3n de la crisis habitacional y social. Las cifras reflejan un problema estructural que requiere pol\u00edticas p\u00fablicas efectivas para garantizar el acceso a una vivienda digna y asistencia integral para los sectores m\u00e1s vulnerables.<\/p>\n","protected":false},"excerpt":{"rendered":"<p>Seg\u00fan los datos publicados por el Instituto de Estad\u00edstica y Censos de la Ciudad de Buenos Aires (CABA), en noviembre de 2024 se registraron 4.049 [&hellip;]<\/p>\n","protected":false},"author":1,"featured_media":12720,"comment_status":"open","ping_status":"open","sticky":false,"template":"","format":"standard","meta":{"footnotes":""},"categories":[10],"tags":[],"class_list":["post-12719","post","type-post","status-publish","format-standard","has-post-thumbnail","hentry","category-economia"],"better_featured_image":{"id":12720,"alt_text":"","caption":"","description":"","media_type":"image","media_details":{"width":1024,"height":587,"file":"2025\/03\/sitdecalle121.jpg","filesize":68931,"sizes":{"medium":{"file":"sitdecalle121-300x172.jpg","width":300,"height":172,"mime-type":"image\/jpeg","filesize":10242,"source_url":"https:\/\/nuevodigitaldeescobar.com.ar\/wp-content\/uploads\/2025\/03\/sitdecalle121-300x172.jpg"},"thumbnail":{"file":"sitdecalle121-150x150.jpg","width":150,"height":150,"mime-type":"image\/jpeg","filesize":4901,"source_url":"https:\/\/nuevodigitaldeescobar.com.ar\/wp-content\/uploads\/2025\/03\/sitdecalle121-150x150.jpg"},"medium_large":{"file":"sitdecalle121-768x440.jpg","width":768,"height":440,"mime-type":"image\/jpeg","filesize":49028,"source_url":"https:\/\/nuevodigitaldeescobar.com.ar\/wp-content\/uploads\/2025\/03\/sitdecalle121-768x440.jpg"}},"image_meta":{"aperture":"0","credit":"","camera":"","caption":"","created_timestamp":"0","copyright":"","focal_length":"0","iso":"0","shutter_speed":"0","title":"","orientation":"0","keywords":[]}},"post":12719,"source_url":"https:\/\/nuevodigitaldeescobar.com.ar\/wp-content\/uploads\/2025\/03\/sitdecalle121.jpg"},"yoast_head":"<!-- This site is optimized with the Yoast SEO plugin v26.1.1 - https:\/\/yoast.com\/wordpress\/plugins\/seo\/ -->\n<title>Aument\u00f3 un 55% la cantidad de personas en situaci\u00f3n de calle en CABA en los \u00faltimos dos a\u00f1os - Nuevo Digital de Escobar<\/title>\n<meta name=\"robots\" content=\"index, follow, max-snippet:-1, max-image-preview:large, max-video-preview:-1\" \/>\n<link rel=\"canonical\" href=\"https:\/\/nuevodigitaldeescobar.com.ar\/?p=12719\" \/>\n<meta property=\"og:locale\" content=\"es_ES\" \/>\n<meta property=\"og:type\" content=\"article\" \/>\n<meta property=\"og:title\" content=\"Aument\u00f3 un 55% la cantidad de personas en situaci\u00f3n de calle en CABA en los \u00faltimos dos a\u00f1os - Nuevo Digital de Escobar\" \/>\n<meta property=\"og:description\" content=\"Seg\u00fan los datos publicados por el Instituto de Estad\u00edstica y Censos de la Ciudad de Buenos Aires (CABA), en noviembre de 2024 se registraron 4.049 [&hellip;]\" \/>\n<meta property=\"og:url\" content=\"https:\/\/nuevodigitaldeescobar.com.ar\/?p=12719\" \/>\n<meta property=\"og:site_name\" content=\"Nuevo Digital de Escobar\" \/>\n<meta property=\"article:publisher\" content=\"https:\/\/www.facebook.com\/NUEVODigitalDeEscobar\" \/>\n<meta property=\"article:published_time\" content=\"2025-03-07T04:26:35+00:00\" \/>\n<meta property=\"article:modified_time\" content=\"2025-03-07T04:26:47+00:00\" \/>\n<meta property=\"og:image\" content=\"https:\/\/nuevodigitaldeescobar.com.ar\/wp-content\/uploads\/2025\/03\/sitdecalle121.jpg\" \/>\n\t<meta property=\"og:image:width\" content=\"1024\" \/>\n\t<meta property=\"og:image:height\" content=\"587\" \/>\n\t<meta property=\"og:image:type\" content=\"image\/jpeg\" \/>\n<meta name=\"author\" content=\"Redacci\u00f3n\" \/>\n<meta name=\"twitter:card\" content=\"summary_large_image\" \/>\n<meta name=\"twitter:creator\" content=\"@nuevodigescobar\" \/>\n<meta name=\"twitter:site\" content=\"@nuevodigescobar\" \/>\n<meta name=\"twitter:label1\" content=\"Escrito por\" \/>\n\t<meta name=\"twitter:data1\" content=\"Redacci\u00f3n\" \/>\n\t<meta name=\"twitter:label2\" content=\"Tiempo de lectura\" \/>\n\t<meta name=\"twitter:data2\" content=\"2 minutos\" \/>\n<script type=\"application\/ld+json\" class=\"yoast-schema-graph\">{\"@context\":\"https:\/\/schema.org\",\"@graph\":[{\"@type\":\"Article\",\"@id\":\"https:\/\/nuevodigitaldeescobar.com.ar\/?p=12719#article\",\"isPartOf\":{\"@id\":\"https:\/\/nuevodigitaldeescobar.com.ar\/?p=12719\"},\"author\":{\"name\":\"Redacci\u00f3n\",\"@id\":\"https:\/\/nuevodigitaldeescobar.com.ar\/#\/schema\/person\/035e90a8efe9a80e6eec22656ad6ea4c\"},\"headline\":\"Aument\u00f3 un 55% la cantidad de personas en situaci\u00f3n de calle en CABA en los \u00faltimos dos a\u00f1os\",\"datePublished\":\"2025-03-07T04:26:35+00:00\",\"dateModified\":\"2025-03-07T04:26:47+00:00\",\"mainEntityOfPage\":{\"@id\":\"https:\/\/nuevodigitaldeescobar.com.ar\/?p=12719\"},\"wordCount\":509,\"commentCount\":0,\"publisher\":{\"@id\":\"https:\/\/nuevodigitaldeescobar.com.ar\/#organization\"},\"image\":{\"@id\":\"https:\/\/nuevodigitaldeescobar.com.ar\/?p=12719#primaryimage\"},\"thumbnailUrl\":\"https:\/\/nuevodigitaldeescobar.com.ar\/wp-content\/uploads\/2025\/03\/sitdecalle121.jpg\",\"articleSection\":[\"Econom\u00eda\"],\"inLanguage\":\"es\",\"potentialAction\":[{\"@type\":\"CommentAction\",\"name\":\"Comment\",\"target\":[\"https:\/\/nuevodigitaldeescobar.com.ar\/?p=12719#respond\"]}]},{\"@type\":\"WebPage\",\"@id\":\"https:\/\/nuevodigitaldeescobar.com.ar\/?p=12719\",\"url\":\"https:\/\/nuevodigitaldeescobar.com.ar\/?p=12719\",\"name\":\"Aument\u00f3 un 55% la cantidad de personas en situaci\u00f3n de calle en CABA en los \u00faltimos dos a\u00f1os - Nuevo Digital de Escobar\",\"isPartOf\":{\"@id\":\"https:\/\/nuevodigitaldeescobar.com.ar\/#website\"},\"primaryImageOfPage\":{\"@id\":\"https:\/\/nuevodigitaldeescobar.com.ar\/?p=12719#primaryimage\"},\"image\":{\"@id\":\"https:\/\/nuevodigitaldeescobar.com.ar\/?p=12719#primaryimage\"},\"thumbnailUrl\":\"https:\/\/nuevodigitaldeescobar.com.ar\/wp-content\/uploads\/2025\/03\/sitdecalle121.jpg\",\"datePublished\":\"2025-03-07T04:26:35+00:00\",\"dateModified\":\"2025-03-07T04:26:47+00:00\",\"breadcrumb\":{\"@id\":\"https:\/\/nuevodigitaldeescobar.com.ar\/?p=12719#breadcrumb\"},\"inLanguage\":\"es\",\"potentialAction\":[{\"@type\":\"ReadAction\",\"target\":[\"https:\/\/nuevodigitaldeescobar.com.ar\/?p=12719\"]}]},{\"@type\":\"ImageObject\",\"inLanguage\":\"es\",\"@id\":\"https:\/\/nuevodigitaldeescobar.com.ar\/?p=12719#primaryimage\",\"url\":\"https:\/\/nuevodigitaldeescobar.com.ar\/wp-content\/uploads\/2025\/03\/sitdecalle121.jpg\",\"contentUrl\":\"https:\/\/nuevodigitaldeescobar.com.ar\/wp-content\/uploads\/2025\/03\/sitdecalle121.jpg\",\"width\":1024,\"height\":587},{\"@type\":\"BreadcrumbList\",\"@id\":\"https:\/\/nuevodigitaldeescobar.com.ar\/?p=12719#breadcrumb\",\"itemListElement\":[{\"@type\":\"ListItem\",\"position\":1,\"name\":\"Portada\",\"item\":\"https:\/\/nuevodigitaldeescobar.com.ar\/\"},{\"@type\":\"ListItem\",\"position\":2,\"name\":\"Aument\u00f3 un 55% la cantidad de personas en situaci\u00f3n de calle en CABA en los \u00faltimos dos a\u00f1os\"}]},{\"@type\":\"WebSite\",\"@id\":\"https:\/\/nuevodigitaldeescobar.com.ar\/#website\",\"url\":\"https:\/\/nuevodigitaldeescobar.com.ar\/\",\"name\":\"Nuevo Digital de Escobar\",\"description\":\"La vida escobarense. Directora: Rosana Brunner\",\"publisher\":{\"@id\":\"https:\/\/nuevodigitaldeescobar.com.ar\/#organization\"},\"potentialAction\":[{\"@type\":\"SearchAction\",\"target\":{\"@type\":\"EntryPoint\",\"urlTemplate\":\"https:\/\/nuevodigitaldeescobar.com.ar\/?s={search_term_string}\"},\"query-input\":{\"@type\":\"PropertyValueSpecification\",\"valueRequired\":true,\"valueName\":\"search_term_string\"}}],\"inLanguage\":\"es\"},{\"@type\":\"Organization\",\"@id\":\"https:\/\/nuevodigitaldeescobar.com.ar\/#organization\",\"name\":\"Nuevo Digital de Escobar\",\"url\":\"https:\/\/nuevodigitaldeescobar.com.ar\/\",\"logo\":{\"@type\":\"ImageObject\",\"inLanguage\":\"es\",\"@id\":\"https:\/\/nuevodigitaldeescobar.com.ar\/#\/schema\/logo\/image\/\",\"url\":\"https:\/\/nuevodigitaldeescobar.com.ar\/wp-content\/uploads\/2025\/05\/cropped-logo-nuevo2.jpg\",\"contentUrl\":\"https:\/\/nuevodigitaldeescobar.com.ar\/wp-content\/uploads\/2025\/05\/cropped-logo-nuevo2.jpg\",\"width\":305,\"height\":305,\"caption\":\"Nuevo Digital de Escobar\"},\"image\":{\"@id\":\"https:\/\/nuevodigitaldeescobar.com.ar\/#\/schema\/logo\/image\/\"},\"sameAs\":[\"https:\/\/www.facebook.com\/NUEVODigitalDeEscobar\",\"https:\/\/x.com\/nuevodigescobar\",\"https:\/\/www.instagram.com\/nuevodigitaldeescobar\"]},{\"@type\":\"Person\",\"@id\":\"https:\/\/nuevodigitaldeescobar.com.ar\/#\/schema\/person\/035e90a8efe9a80e6eec22656ad6ea4c\",\"name\":\"Redacci\u00f3n\",\"image\":{\"@type\":\"ImageObject\",\"inLanguage\":\"es\",\"@id\":\"https:\/\/nuevodigitaldeescobar.com.ar\/#\/schema\/person\/image\/\",\"url\":\"https:\/\/secure.gravatar.com\/avatar\/8af8f40000c24e9eef3034f2be5998a372bb1389e64b1a4a36b3a7979142220d?s=96&d=mm&r=g\",\"contentUrl\":\"https:\/\/secure.gravatar.com\/avatar\/8af8f40000c24e9eef3034f2be5998a372bb1389e64b1a4a36b3a7979142220d?s=96&d=mm&r=g\",\"caption\":\"Redacci\u00f3n\"},\"sameAs\":[\"http:\/\/nuevodigitaldeescobar.com.ar\"],\"url\":\"https:\/\/nuevodigitaldeescobar.com.ar\/?author=1\"}]}<\/script>\n<!-- \/ Yoast SEO plugin. -->","yoast_head_json":{"title":"Aument\u00f3 un 55% la cantidad de personas en situaci\u00f3n de calle en CABA en los \u00faltimos dos a\u00f1os - Nuevo Digital de Escobar","robots":{"index":"index","follow":"follow","max-snippet":"max-snippet:-1","max-image-preview":"max-image-preview:large","max-video-preview":"max-video-preview:-1"},"canonical":"https:\/\/nuevodigitaldeescobar.com.ar\/?p=12719","og_locale":"es_ES","og_type":"article","og_title":"Aument\u00f3 un 55% la cantidad de personas en situaci\u00f3n de calle en CABA en los \u00faltimos dos a\u00f1os - Nuevo Digital de Escobar","og_description":"Seg\u00fan los datos publicados por el Instituto de Estad\u00edstica y Censos de la Ciudad de Buenos Aires (CABA), en noviembre de 2024 se registraron 4.049 [&hellip;]","og_url":"https:\/\/nuevodigitaldeescobar.com.ar\/?p=12719","og_site_name":"Nuevo Digital de Escobar","article_publisher":"https:\/\/www.facebook.com\/NUEVODigitalDeEscobar","article_published_time":"2025-03-07T04:26:35+00:00","article_modified_time":"2025-03-07T04:26:47+00:00","og_image":[{"width":1024,"height":587,"url":"https:\/\/nuevodigitaldeescobar.com.ar\/wp-content\/uploads\/2025\/03\/sitdecalle121.jpg","type":"image\/jpeg"}],"author":"Redacci\u00f3n","twitter_card":"summary_large_image","twitter_creator":"@nuevodigescobar","twitter_site":"@nuevodigescobar","twitter_misc":{"Escrito por":"Redacci\u00f3n","Tiempo de lectura":"2 minutos"},"schema":{"@context":"https:\/\/schema.org","@graph":[{"@type":"Article","@id":"https:\/\/nuevodigitaldeescobar.com.ar\/?p=12719#article","isPartOf":{"@id":"https:\/\/nuevodigitaldeescobar.com.ar\/?p=12719"},"author":{"name":"Redacci\u00f3n","@id":"https:\/\/nuevodigitaldeescobar.com.ar\/#\/schema\/person\/035e90a8efe9a80e6eec22656ad6ea4c"},"headline":"Aument\u00f3 un 55% la cantidad de personas en situaci\u00f3n de calle en CABA en los \u00faltimos dos a\u00f1os","datePublished":"2025-03-07T04:26:35+00:00","dateModified":"2025-03-07T04:26:47+00:00","mainEntityOfPage":{"@id":"https:\/\/nuevodigitaldeescobar.com.ar\/?p=12719"},"wordCount":509,"commentCount":0,"publisher":{"@id":"https:\/\/nuevodigitaldeescobar.com.ar\/#organization"},"image":{"@id":"https:\/\/nuevodigitaldeescobar.com.ar\/?p=12719#primaryimage"},"thumbnailUrl":"https:\/\/nuevodigitaldeescobar.com.ar\/wp-content\/uploads\/2025\/03\/sitdecalle121.jpg","articleSection":["Econom\u00eda"],"inLanguage":"es","potentialAction":[{"@type":"CommentAction","name":"Comment","target":["https:\/\/nuevodigitaldeescobar.com.ar\/?p=12719#respond"]}]},{"@type":"WebPage","@id":"https:\/\/nuevodigitaldeescobar.com.ar\/?p=12719","url":"https:\/\/nuevodigitaldeescobar.com.ar\/?p=12719","name":"Aument\u00f3 un 55% la cantidad de personas en situaci\u00f3n de calle en CABA en los \u00faltimos dos a\u00f1os - Nuevo Digital de Escobar","isPartOf":{"@id":"https:\/\/nuevodigitaldeescobar.com.ar\/#website"},"primaryImageOfPage":{"@id":"https:\/\/nuevodigitaldeescobar.com.ar\/?p=12719#primaryimage"},"image":{"@id":"https:\/\/nuevodigitaldeescobar.com.ar\/?p=12719#primaryimage"},"thumbnailUrl":"https:\/\/nuevodigitaldeescobar.com.ar\/wp-content\/uploads\/2025\/03\/sitdecalle121.jpg","datePublished":"2025-03-07T04:26:35+00:00","dateModified":"2025-03-07T04:26:47+00:00","breadcrumb":{"@id":"https:\/\/nuevodigitaldeescobar.com.ar\/?p=12719#breadcrumb"},"inLanguage":"es","potentialAction":[{"@type":"ReadAction","target":["https:\/\/nuevodigitaldeescobar.com.ar\/?p=12719"]}]},{"@type":"ImageObject","inLanguage":"es","@id":"https:\/\/nuevodigitaldeescobar.com.ar\/?p=12719#primaryimage","url":"https:\/\/nuevodigitaldeescobar.com.ar\/wp-content\/uploads\/2025\/03\/sitdecalle121.jpg","contentUrl":"https:\/\/nuevodigitaldeescobar.com.ar\/wp-content\/uploads\/2025\/03\/sitdecalle121.jpg","width":1024,"height":587},{"@type":"BreadcrumbList","@id":"https:\/\/nuevodigitaldeescobar.com.ar\/?p=12719#breadcrumb","itemListElement":[{"@type":"ListItem","position":1,"name":"Portada","item":"https:\/\/nuevodigitaldeescobar.com.ar\/"},{"@type":"ListItem","position":2,"name":"Aument\u00f3 un 55% la cantidad de personas en situaci\u00f3n de calle en CABA en los \u00faltimos dos a\u00f1os"}]},{"@type":"WebSite","@id":"https:\/\/nuevodigitaldeescobar.com.ar\/#website","url":"https:\/\/nuevodigitaldeescobar.com.ar\/","name":"Nuevo Digital de Escobar","description":"La vida escobarense. Directora: Rosana Brunner","publisher":{"@id":"https:\/\/nuevodigitaldeescobar.com.ar\/#organization"},"potentialAction":[{"@type":"SearchAction","target":{"@type":"EntryPoint","urlTemplate":"https:\/\/nuevodigitaldeescobar.com.ar\/?s={search_term_string}"},"query-input":{"@type":"PropertyValueSpecification","valueRequired":true,"valueName":"search_term_string"}}],"inLanguage":"es"},{"@type":"Organization","@id":"https:\/\/nuevodigitaldeescobar.com.ar\/#organization","name":"Nuevo Digital de Escobar","url":"https:\/\/nuevodigitaldeescobar.com.ar\/","logo":{"@type":"ImageObject","inLanguage":"es","@id":"https:\/\/nuevodigitaldeescobar.com.ar\/#\/schema\/logo\/image\/","url":"https:\/\/nuevodigitaldeescobar.com.ar\/wp-content\/uploads\/2025\/05\/cropped-logo-nuevo2.jpg","contentUrl":"https:\/\/nuevodigitaldeescobar.com.ar\/wp-content\/uploads\/2025\/05\/cropped-logo-nuevo2.jpg","width":305,"height":305,"caption":"Nuevo Digital de Escobar"},"image":{"@id":"https:\/\/nuevodigitaldeescobar.com.ar\/#\/schema\/logo\/image\/"},"sameAs":["https:\/\/www.facebook.com\/NUEVODigitalDeEscobar","https:\/\/x.com\/nuevodigescobar","https:\/\/www.instagram.com\/nuevodigitaldeescobar"]},{"@type":"Person","@id":"https:\/\/nuevodigitaldeescobar.com.ar\/#\/schema\/person\/035e90a8efe9a80e6eec22656ad6ea4c","name":"Redacci\u00f3n","image":{"@type":"ImageObject","inLanguage":"es","@id":"https:\/\/nuevodigitaldeescobar.com.ar\/#\/schema\/person\/image\/","url":"https:\/\/secure.gravatar.com\/avatar\/8af8f40000c24e9eef3034f2be5998a372bb1389e64b1a4a36b3a7979142220d?s=96&d=mm&r=g","contentUrl":"https:\/\/secure.gravatar.com\/avatar\/8af8f40000c24e9eef3034f2be5998a372bb1389e64b1a4a36b3a7979142220d?s=96&d=mm&r=g","caption":"Redacci\u00f3n"},"sameAs":["http:\/\/nuevodigitaldeescobar.com.ar"],"url":"https:\/\/nuevodigitaldeescobar.com.ar\/?author=1"}]}},"featured_image_urls":{"full":["https:\/\/nuevodigitaldeescobar.com.ar\/wp-content\/uploads\/2025\/03\/sitdecalle121.jpg",1024,587,false],"thumbnail":["https:\/\/nuevodigitaldeescobar.com.ar\/wp-content\/uploads\/2025\/03\/sitdecalle121-150x150.jpg",150,150,true],"medium":["https:\/\/nuevodigitaldeescobar.com.ar\/wp-content\/uploads\/2025\/03\/sitdecalle121-300x172.jpg",300,172,true],"medium_large":["https:\/\/nuevodigitaldeescobar.com.ar\/wp-content\/uploads\/2025\/03\/sitdecalle121-768x440.jpg",640,367,true],"large":["https:\/\/nuevodigitaldeescobar.com.ar\/wp-content\/uploads\/2025\/03\/sitdecalle121.jpg",640,367,false],"1536x1536":["https:\/\/nuevodigitaldeescobar.com.ar\/wp-content\/uploads\/2025\/03\/sitdecalle121.jpg",1024,587,false],"2048x2048":["https:\/\/nuevodigitaldeescobar.com.ar\/wp-content\/uploads\/2025\/03\/sitdecalle121.jpg",1024,587,false]},"author_info":{"display_name":"Redacci\u00f3n","author_link":"https:\/\/nuevodigitaldeescobar.com.ar\/?author=1"},"category_info":"<a href=\"https:\/\/nuevodigitaldeescobar.com.ar\/?cat=10\" rel=\"category\">Econom\u00eda<\/a>","tag_info":"Econom\u00eda","comment_count":"0","_links":{"self":[{"href":"https:\/\/nuevodigitaldeescobar.com.ar\/index.php?rest_route=\/wp\/v2\/posts\/12719","targetHints":{"allow":["GET"]}}],"collection":[{"href":"https:\/\/nuevodigitaldeescobar.com.ar\/index.php?rest_route=\/wp\/v2\/posts"}],"about":[{"href":"https:\/\/nuevodigitaldeescobar.com.ar\/index.php?rest_route=\/wp\/v2\/types\/post"}],"author":[{"embeddable":true,"href":"https:\/\/nuevodigitaldeescobar.com.ar\/index.php?rest_route=\/wp\/v2\/users\/1"}],"replies":[{"embeddable":true,"href":"https:\/\/nuevodigitaldeescobar.com.ar\/index.php?rest_route=%2Fwp%2Fv2%2Fcomments&post=12719"}],"version-history":[{"count":1,"href":"https:\/\/nuevodigitaldeescobar.com.ar\/index.php?rest_route=\/wp\/v2\/posts\/12719\/revisions"}],"predecessor-version":[{"id":12722,"href":"https:\/\/nuevodigitaldeescobar.com.ar\/index.php?rest_route=\/wp\/v2\/posts\/12719\/revisions\/12722"}],"wp:featuredmedia":[{"embeddable":true,"href":"https:\/\/nuevodigitaldeescobar.com.ar\/index.php?rest_route=\/wp\/v2\/media\/12720"}],"wp:attachment":[{"href":"https:\/\/nuevodigitaldeescobar.com.ar\/index.php?rest_route=%2Fwp%2Fv2%2Fmedia&parent=12719"}],"wp:term":[{"taxonomy":"category","embeddable":true,"href":"https:\/\/nuevodigitaldeescobar.com.ar\/index.php?rest_route=%2Fwp%2Fv2%2Fcategories&post=12719"},{"taxonomy":"post_tag","embeddable":true,"href":"https:\/\/nuevodigitaldeescobar.com.ar\/index.php?rest_route=%2Fwp%2Fv2%2Ftags&post=12719"}],"curies":[{"name":"wp","href":"https:\/\/api.w.org\/{rel}","templated":true}]}}