{"id":12758,"date":"2025-03-08T00:15:00","date_gmt":"2025-03-08T03:15:00","guid":{"rendered":"https:\/\/nuevodigitaldeescobar.com.ar\/?p=12758"},"modified":"2025-03-07T23:33:10","modified_gmt":"2025-03-08T02:33:10","slug":"imponen-derecho-de-admision-al-jefe-de-la-barra-de-independiente-tras-un-violento-episodio","status":"publish","type":"post","link":"https:\/\/nuevodigitaldeescobar.com.ar\/?p=12758","title":{"rendered":"Imponen derecho de admisi\u00f3n al jefe de la barra de Independiente tras un violento episodio"},"content":{"rendered":"\n<p class=\"has-vivid-cyan-blue-color has-text-color has-link-color wp-elements-0dc6b19e5179a35654d620e875047d33\"><strong><em>Juan Ignacio Lenczicki, l\u00edder de la facci\u00f3n oficial de la barra de Independiente, recibi\u00f3 una sanci\u00f3n que le impedir\u00e1 ingresar a los estadios por un per\u00edodo de cinco meses. La medida fue tomada por la Agencia de Prevenci\u00f3n de la Violencia en el Deporte (Aprevide) luego de que se viralizara un video en el que se lo ve agrediendo f\u00edsicamente a varios hinchas, entre ellos una mujer.<\/em><\/strong><\/p>\n\n\n\n<h3 class=\"wp-block-heading has-text-color has-link-color wp-elements-0c16e8c1a204df4fc0588b3905a89416\" style=\"color:#051fb5\"><em>Un acto de violencia en plena tribuna<\/em><\/h3>\n\n\n\n<p>El incidente tuvo lugar el pasado 22 de febrero, en la previa del partido entre Independiente e Instituto, en el estadio Libertadores de Am\u00e9rica &#8211; Ricardo Enrique Bochini. En las im\u00e1genes captadas, se observa a Lenczicki en el play\u00f3n de la popular golpeando a un hombre y, posteriormente, propin\u00e1ndole una patada a una mujer, a quien derrib\u00f3 con violencia. Tras la agresi\u00f3n, ambos fueron expulsados del estadio como si el propio barra tuviera autoridad para imponer sanciones dentro del club.<\/p>\n\n\n\n<p>El hecho gener\u00f3 indignaci\u00f3n entre los hinchas, que se manifestaron en la sede social del club exigiendo medidas disciplinarias. Sin embargo, hasta el momento, la dirigencia de Independiente no ha tomado ninguna decisi\u00f3n formal al respecto, ni siquiera desde el Departamento de G\u00e9nero de la instituci\u00f3n.<\/p>\n\n\n\n<figure class=\"wp-block-video aligncenter\"><video controls src=\"https:\/\/nuevodigitaldeescobar.com.ar\/wp-content\/uploads\/2025\/03\/Lenczicki29.mp4\"><\/video><\/figure>\n\n\n\n<h3 class=\"wp-block-heading has-text-color has-link-color wp-elements-8453e483edd3b921750fdb41a1695ad6\" style=\"color:#051fb5\"><em>Investigaci\u00f3n y sanci\u00f3n de Aprevide<\/em><\/h3>\n\n\n\n<p>Luego de la difusi\u00f3n del video, la Aprevide solicit\u00f3 un informe a la Polic\u00eda Departamental de Avellaneda para verificar si exist\u00eda alguna denuncia previa sobre el episodio. En un primer momento, no se encontraron registros formales. Sin embargo, tras una nueva consulta a la Fiscal\u00eda General del Departamento Judicial de Avellaneda, se confirm\u00f3 que el 25 de febrero hab\u00eda sido presentada una denuncia por hechos de violencia dentro del estadio, aunque sin identificar a los responsables.<\/p>\n\n\n\n<p>Con las pruebas en su poder, las autoridades analizaron las im\u00e1genes y lograron identificar a Lenczicki como el autor de las agresiones. En consecuencia, se decidi\u00f3 aplicarle el derecho de admisi\u00f3n por cinco meses, con la posibilidad de extender la sanci\u00f3n seg\u00fan el desarrollo de los acontecimientos.<\/p>\n\n\n\n<h3 class=\"wp-block-heading has-text-color has-link-color wp-elements-353892e222bc25a8756caddfbd5ae58b\" style=\"color:#051fb5\"><em>Un historial de violencia y poder<\/em><\/h3>\n\n\n\n<p>Lenczicki no es un desconocido en el mundo de la barra brava. Durante a\u00f1os, fue un actor clave en la estructura liderada por Pablo <em>\u00abBebote\u00bb<\/em> \u00c1lvarez. Cuando este fue encarcelado junto con otros referentes, Lenczicki aprovech\u00f3 la situaci\u00f3n para consolidar su liderazgo. Inicialmente, se asoci\u00f3 con <em>\u00abEl Tano de Gerli\u00bb<\/em> para tomar el control y luego estableci\u00f3 una alianza con Mario Nadalich, l\u00edder de un sector vinculado a la Villa 21-24, en el sur de la Ciudad de Buenos Aires.<\/p>\n\n\n\n<p>Bajo esta conducci\u00f3n, la barra oficial, autodenominada <em>\u00abLos Due\u00f1os de Avellaneda\u00bb<\/em>, logr\u00f3 imponerse sobre grupos disidentes y fortalecer su posici\u00f3n tanto durante la gesti\u00f3n de Hugo Moyano como en la actual dirigencia. A pesar de reiteradas denuncias por hechos de violencia, hasta ahora sus integrantes hab\u00edan logrado mantenerse impunes.<\/p>\n\n\n\n<h3 class=\"wp-block-heading has-text-color has-link-color wp-elements-8b4efb8166d67977d904f10263761355\" style=\"color:#051fb5\"><em>Un reinado en pausa, pero no en peligro<\/em><\/h3>\n\n\n\n<p>La imposici\u00f3n del derecho de admisi\u00f3n marca una suspensi\u00f3n temporal en el liderazgo de Lenczicki, pero dentro del \u00e1mbito de las barras bravas, la ausencia de un jefe puede abrir la puerta a disputas internas. En Avellaneda, algunos creen que su lugar est\u00e1 asegurado gracias a su estrecha relaci\u00f3n con Nadalich y otros referentes del poder dentro del club. Sin embargo, en el mundo de la barra, cualquier vac\u00edo de poder puede generar tensiones y nuevos conflictos.<\/p>\n\n\n\n<p>Por ahora, la silla de mando qued\u00f3 vacante, pero la historia indica que no pasar\u00e1 mucho tiempo antes de que alguien intente ocuparla.<\/p>\n","protected":false},"excerpt":{"rendered":"<p>Juan Ignacio Lenczicki, l\u00edder de la facci\u00f3n oficial de la barra de Independiente, recibi\u00f3 una sanci\u00f3n que le impedir\u00e1 ingresar a los estadios por un [&hellip;]<\/p>\n","protected":false},"author":1,"featured_media":12759,"comment_status":"open","ping_status":"open","sticky":false,"template":"","format":"standard","meta":{"footnotes":""},"categories":[13],"tags":[],"class_list":["post-12758","post","type-post","status-publish","format-standard","has-post-thumbnail","hentry","category-policiales"],"better_featured_image":{"id":12759,"alt_text":"","caption":"","description":"","media_type":"image","media_details":{"width":1200,"height":675,"file":"2025\/03\/Lenczicki233.png","filesize":1521159,"sizes":{"medium":{"file":"Lenczicki233-300x169.png","width":300,"height":169,"mime-type":"image\/png","filesize":83898,"source_url":"https:\/\/nuevodigitaldeescobar.com.ar\/wp-content\/uploads\/2025\/03\/Lenczicki233-300x169.png"},"large":{"file":"Lenczicki233-1024x576.png","width":1024,"height":576,"mime-type":"image\/png","filesize":647416,"source_url":"https:\/\/nuevodigitaldeescobar.com.ar\/wp-content\/uploads\/2025\/03\/Lenczicki233-1024x576.png"},"thumbnail":{"file":"Lenczicki233-150x150.png","width":150,"height":150,"mime-type":"image\/png","filesize":40862,"source_url":"https:\/\/nuevodigitaldeescobar.com.ar\/wp-content\/uploads\/2025\/03\/Lenczicki233-150x150.png"},"medium_large":{"file":"Lenczicki233-768x432.png","width":768,"height":432,"mime-type":"image\/png","filesize":411767,"source_url":"https:\/\/nuevodigitaldeescobar.com.ar\/wp-content\/uploads\/2025\/03\/Lenczicki233-768x432.png"}},"image_meta":{"aperture":"0","credit":"","camera":"","caption":"","created_timestamp":"0","copyright":"","focal_length":"0","iso":"0","shutter_speed":"0","title":"","orientation":"0","keywords":[]}},"post":12758,"source_url":"https:\/\/nuevodigitaldeescobar.com.ar\/wp-content\/uploads\/2025\/03\/Lenczicki233.png"},"yoast_head":"<!-- This site is optimized with the Yoast SEO plugin v26.1.1 - https:\/\/yoast.com\/wordpress\/plugins\/seo\/ -->\n<title>Imponen derecho de admisi\u00f3n al jefe de la barra de Independiente tras un violento episodio - Nuevo Digital de Escobar<\/title>\n<meta name=\"robots\" content=\"index, follow, max-snippet:-1, max-image-preview:large, max-video-preview:-1\" \/>\n<link rel=\"canonical\" href=\"https:\/\/nuevodigitaldeescobar.com.ar\/?p=12758\" \/>\n<meta property=\"og:locale\" content=\"es_ES\" \/>\n<meta property=\"og:type\" content=\"article\" \/>\n<meta property=\"og:title\" content=\"Imponen derecho de admisi\u00f3n al jefe de la barra de Independiente tras un violento episodio - Nuevo Digital de Escobar\" \/>\n<meta property=\"og:description\" content=\"Juan Ignacio Lenczicki, l\u00edder de la facci\u00f3n oficial de la barra de Independiente, recibi\u00f3 una sanci\u00f3n que le impedir\u00e1 ingresar a los estadios por un [&hellip;]\" \/>\n<meta property=\"og:url\" content=\"https:\/\/nuevodigitaldeescobar.com.ar\/?p=12758\" \/>\n<meta property=\"og:site_name\" content=\"Nuevo Digital de Escobar\" \/>\n<meta property=\"article:publisher\" content=\"https:\/\/www.facebook.com\/NUEVODigitalDeEscobar\" \/>\n<meta property=\"article:published_time\" content=\"2025-03-08T03:15:00+00:00\" \/>\n<meta property=\"og:image\" content=\"https:\/\/nuevodigitaldeescobar.com.ar\/wp-content\/uploads\/2025\/03\/Lenczicki233.png\" \/>\n\t<meta property=\"og:image:width\" content=\"1200\" \/>\n\t<meta property=\"og:image:height\" content=\"675\" \/>\n\t<meta property=\"og:image:type\" content=\"image\/png\" \/>\n<meta name=\"author\" content=\"Redacci\u00f3n\" \/>\n<meta name=\"twitter:card\" content=\"summary_large_image\" \/>\n<meta name=\"twitter:creator\" content=\"@nuevodigescobar\" \/>\n<meta name=\"twitter:site\" content=\"@nuevodigescobar\" \/>\n<meta name=\"twitter:label1\" content=\"Escrito por\" \/>\n\t<meta name=\"twitter:data1\" content=\"Redacci\u00f3n\" \/>\n\t<meta name=\"twitter:label2\" content=\"Tiempo de lectura\" \/>\n\t<meta name=\"twitter:data2\" content=\"3 minutos\" \/>\n<script type=\"application\/ld+json\" class=\"yoast-schema-graph\">{\"@context\":\"https:\/\/schema.org\",\"@graph\":[{\"@type\":\"Article\",\"@id\":\"https:\/\/nuevodigitaldeescobar.com.ar\/?p=12758#article\",\"isPartOf\":{\"@id\":\"https:\/\/nuevodigitaldeescobar.com.ar\/?p=12758\"},\"author\":{\"name\":\"Redacci\u00f3n\",\"@id\":\"https:\/\/nuevodigitaldeescobar.com.ar\/#\/schema\/person\/035e90a8efe9a80e6eec22656ad6ea4c\"},\"headline\":\"Imponen derecho de admisi\u00f3n al jefe de la barra de Independiente tras un violento episodio\",\"datePublished\":\"2025-03-08T03:15:00+00:00\",\"mainEntityOfPage\":{\"@id\":\"https:\/\/nuevodigitaldeescobar.com.ar\/?p=12758\"},\"wordCount\":624,\"commentCount\":0,\"publisher\":{\"@id\":\"https:\/\/nuevodigitaldeescobar.com.ar\/#organization\"},\"image\":{\"@id\":\"https:\/\/nuevodigitaldeescobar.com.ar\/?p=12758#primaryimage\"},\"thumbnailUrl\":\"https:\/\/nuevodigitaldeescobar.com.ar\/wp-content\/uploads\/2025\/03\/Lenczicki233.png\",\"articleSection\":[\"Policiales\"],\"inLanguage\":\"es\",\"potentialAction\":[{\"@type\":\"CommentAction\",\"name\":\"Comment\",\"target\":[\"https:\/\/nuevodigitaldeescobar.com.ar\/?p=12758#respond\"]}]},{\"@type\":\"WebPage\",\"@id\":\"https:\/\/nuevodigitaldeescobar.com.ar\/?p=12758\",\"url\":\"https:\/\/nuevodigitaldeescobar.com.ar\/?p=12758\",\"name\":\"Imponen derecho de admisi\u00f3n al jefe de la barra de Independiente tras un violento episodio - Nuevo Digital de Escobar\",\"isPartOf\":{\"@id\":\"https:\/\/nuevodigitaldeescobar.com.ar\/#website\"},\"primaryImageOfPage\":{\"@id\":\"https:\/\/nuevodigitaldeescobar.com.ar\/?p=12758#primaryimage\"},\"image\":{\"@id\":\"https:\/\/nuevodigitaldeescobar.com.ar\/?p=12758#primaryimage\"},\"thumbnailUrl\":\"https:\/\/nuevodigitaldeescobar.com.ar\/wp-content\/uploads\/2025\/03\/Lenczicki233.png\",\"datePublished\":\"2025-03-08T03:15:00+00:00\",\"breadcrumb\":{\"@id\":\"https:\/\/nuevodigitaldeescobar.com.ar\/?p=12758#breadcrumb\"},\"inLanguage\":\"es\",\"potentialAction\":[{\"@type\":\"ReadAction\",\"target\":[\"https:\/\/nuevodigitaldeescobar.com.ar\/?p=12758\"]}]},{\"@type\":\"ImageObject\",\"inLanguage\":\"es\",\"@id\":\"https:\/\/nuevodigitaldeescobar.com.ar\/?p=12758#primaryimage\",\"url\":\"https:\/\/nuevodigitaldeescobar.com.ar\/wp-content\/uploads\/2025\/03\/Lenczicki233.png\",\"contentUrl\":\"https:\/\/nuevodigitaldeescobar.com.ar\/wp-content\/uploads\/2025\/03\/Lenczicki233.png\",\"width\":1200,\"height\":675},{\"@type\":\"BreadcrumbList\",\"@id\":\"https:\/\/nuevodigitaldeescobar.com.ar\/?p=12758#breadcrumb\",\"itemListElement\":[{\"@type\":\"ListItem\",\"position\":1,\"name\":\"Portada\",\"item\":\"https:\/\/nuevodigitaldeescobar.com.ar\/\"},{\"@type\":\"ListItem\",\"position\":2,\"name\":\"Imponen derecho de admisi\u00f3n al jefe de la barra de Independiente tras un violento episodio\"}]},{\"@type\":\"WebSite\",\"@id\":\"https:\/\/nuevodigitaldeescobar.com.ar\/#website\",\"url\":\"https:\/\/nuevodigitaldeescobar.com.ar\/\",\"name\":\"Nuevo Digital de Escobar\",\"description\":\"La vida escobarense. Directora: Rosana Brunner\",\"publisher\":{\"@id\":\"https:\/\/nuevodigitaldeescobar.com.ar\/#organization\"},\"potentialAction\":[{\"@type\":\"SearchAction\",\"target\":{\"@type\":\"EntryPoint\",\"urlTemplate\":\"https:\/\/nuevodigitaldeescobar.com.ar\/?s={search_term_string}\"},\"query-input\":{\"@type\":\"PropertyValueSpecification\",\"valueRequired\":true,\"valueName\":\"search_term_string\"}}],\"inLanguage\":\"es\"},{\"@type\":\"Organization\",\"@id\":\"https:\/\/nuevodigitaldeescobar.com.ar\/#organization\",\"name\":\"Nuevo Digital de Escobar\",\"url\":\"https:\/\/nuevodigitaldeescobar.com.ar\/\",\"logo\":{\"@type\":\"ImageObject\",\"inLanguage\":\"es\",\"@id\":\"https:\/\/nuevodigitaldeescobar.com.ar\/#\/schema\/logo\/image\/\",\"url\":\"https:\/\/nuevodigitaldeescobar.com.ar\/wp-content\/uploads\/2025\/05\/cropped-logo-nuevo2.jpg\",\"contentUrl\":\"https:\/\/nuevodigitaldeescobar.com.ar\/wp-content\/uploads\/2025\/05\/cropped-logo-nuevo2.jpg\",\"width\":305,\"height\":305,\"caption\":\"Nuevo Digital de Escobar\"},\"image\":{\"@id\":\"https:\/\/nuevodigitaldeescobar.com.ar\/#\/schema\/logo\/image\/\"},\"sameAs\":[\"https:\/\/www.facebook.com\/NUEVODigitalDeEscobar\",\"https:\/\/x.com\/nuevodigescobar\",\"https:\/\/www.instagram.com\/nuevodigitaldeescobar\"]},{\"@type\":\"Person\",\"@id\":\"https:\/\/nuevodigitaldeescobar.com.ar\/#\/schema\/person\/035e90a8efe9a80e6eec22656ad6ea4c\",\"name\":\"Redacci\u00f3n\",\"image\":{\"@type\":\"ImageObject\",\"inLanguage\":\"es\",\"@id\":\"https:\/\/nuevodigitaldeescobar.com.ar\/#\/schema\/person\/image\/\",\"url\":\"https:\/\/secure.gravatar.com\/avatar\/8af8f40000c24e9eef3034f2be5998a372bb1389e64b1a4a36b3a7979142220d?s=96&d=mm&r=g\",\"contentUrl\":\"https:\/\/secure.gravatar.com\/avatar\/8af8f40000c24e9eef3034f2be5998a372bb1389e64b1a4a36b3a7979142220d?s=96&d=mm&r=g\",\"caption\":\"Redacci\u00f3n\"},\"sameAs\":[\"http:\/\/nuevodigitaldeescobar.com.ar\"],\"url\":\"https:\/\/nuevodigitaldeescobar.com.ar\/?author=1\"}]}<\/script>\n<!-- \/ Yoast SEO plugin. -->","yoast_head_json":{"title":"Imponen derecho de admisi\u00f3n al jefe de la barra de Independiente tras un violento episodio - Nuevo Digital de Escobar","robots":{"index":"index","follow":"follow","max-snippet":"max-snippet:-1","max-image-preview":"max-image-preview:large","max-video-preview":"max-video-preview:-1"},"canonical":"https:\/\/nuevodigitaldeescobar.com.ar\/?p=12758","og_locale":"es_ES","og_type":"article","og_title":"Imponen derecho de admisi\u00f3n al jefe de la barra de Independiente tras un violento episodio - Nuevo Digital de Escobar","og_description":"Juan Ignacio Lenczicki, l\u00edder de la facci\u00f3n oficial de la barra de Independiente, recibi\u00f3 una sanci\u00f3n que le impedir\u00e1 ingresar a los estadios por un [&hellip;]","og_url":"https:\/\/nuevodigitaldeescobar.com.ar\/?p=12758","og_site_name":"Nuevo Digital de Escobar","article_publisher":"https:\/\/www.facebook.com\/NUEVODigitalDeEscobar","article_published_time":"2025-03-08T03:15:00+00:00","og_image":[{"width":1200,"height":675,"url":"https:\/\/nuevodigitaldeescobar.com.ar\/wp-content\/uploads\/2025\/03\/Lenczicki233.png","type":"image\/png"}],"author":"Redacci\u00f3n","twitter_card":"summary_large_image","twitter_creator":"@nuevodigescobar","twitter_site":"@nuevodigescobar","twitter_misc":{"Escrito por":"Redacci\u00f3n","Tiempo de lectura":"3 minutos"},"schema":{"@context":"https:\/\/schema.org","@graph":[{"@type":"Article","@id":"https:\/\/nuevodigitaldeescobar.com.ar\/?p=12758#article","isPartOf":{"@id":"https:\/\/nuevodigitaldeescobar.com.ar\/?p=12758"},"author":{"name":"Redacci\u00f3n","@id":"https:\/\/nuevodigitaldeescobar.com.ar\/#\/schema\/person\/035e90a8efe9a80e6eec22656ad6ea4c"},"headline":"Imponen derecho de admisi\u00f3n al jefe de la barra de Independiente tras un violento episodio","datePublished":"2025-03-08T03:15:00+00:00","mainEntityOfPage":{"@id":"https:\/\/nuevodigitaldeescobar.com.ar\/?p=12758"},"wordCount":624,"commentCount":0,"publisher":{"@id":"https:\/\/nuevodigitaldeescobar.com.ar\/#organization"},"image":{"@id":"https:\/\/nuevodigitaldeescobar.com.ar\/?p=12758#primaryimage"},"thumbnailUrl":"https:\/\/nuevodigitaldeescobar.com.ar\/wp-content\/uploads\/2025\/03\/Lenczicki233.png","articleSection":["Policiales"],"inLanguage":"es","potentialAction":[{"@type":"CommentAction","name":"Comment","target":["https:\/\/nuevodigitaldeescobar.com.ar\/?p=12758#respond"]}]},{"@type":"WebPage","@id":"https:\/\/nuevodigitaldeescobar.com.ar\/?p=12758","url":"https:\/\/nuevodigitaldeescobar.com.ar\/?p=12758","name":"Imponen derecho de admisi\u00f3n al jefe de la barra de Independiente tras un violento episodio - Nuevo Digital de Escobar","isPartOf":{"@id":"https:\/\/nuevodigitaldeescobar.com.ar\/#website"},"primaryImageOfPage":{"@id":"https:\/\/nuevodigitaldeescobar.com.ar\/?p=12758#primaryimage"},"image":{"@id":"https:\/\/nuevodigitaldeescobar.com.ar\/?p=12758#primaryimage"},"thumbnailUrl":"https:\/\/nuevodigitaldeescobar.com.ar\/wp-content\/uploads\/2025\/03\/Lenczicki233.png","datePublished":"2025-03-08T03:15:00+00:00","breadcrumb":{"@id":"https:\/\/nuevodigitaldeescobar.com.ar\/?p=12758#breadcrumb"},"inLanguage":"es","potentialAction":[{"@type":"ReadAction","target":["https:\/\/nuevodigitaldeescobar.com.ar\/?p=12758"]}]},{"@type":"ImageObject","inLanguage":"es","@id":"https:\/\/nuevodigitaldeescobar.com.ar\/?p=12758#primaryimage","url":"https:\/\/nuevodigitaldeescobar.com.ar\/wp-content\/uploads\/2025\/03\/Lenczicki233.png","contentUrl":"https:\/\/nuevodigitaldeescobar.com.ar\/wp-content\/uploads\/2025\/03\/Lenczicki233.png","width":1200,"height":675},{"@type":"BreadcrumbList","@id":"https:\/\/nuevodigitaldeescobar.com.ar\/?p=12758#breadcrumb","itemListElement":[{"@type":"ListItem","position":1,"name":"Portada","item":"https:\/\/nuevodigitaldeescobar.com.ar\/"},{"@type":"ListItem","position":2,"name":"Imponen derecho de admisi\u00f3n al jefe de la barra de Independiente tras un violento episodio"}]},{"@type":"WebSite","@id":"https:\/\/nuevodigitaldeescobar.com.ar\/#website","url":"https:\/\/nuevodigitaldeescobar.com.ar\/","name":"Nuevo Digital de Escobar","description":"La vida escobarense. Directora: Rosana Brunner","publisher":{"@id":"https:\/\/nuevodigitaldeescobar.com.ar\/#organization"},"potentialAction":[{"@type":"SearchAction","target":{"@type":"EntryPoint","urlTemplate":"https:\/\/nuevodigitaldeescobar.com.ar\/?s={search_term_string}"},"query-input":{"@type":"PropertyValueSpecification","valueRequired":true,"valueName":"search_term_string"}}],"inLanguage":"es"},{"@type":"Organization","@id":"https:\/\/nuevodigitaldeescobar.com.ar\/#organization","name":"Nuevo Digital de Escobar","url":"https:\/\/nuevodigitaldeescobar.com.ar\/","logo":{"@type":"ImageObject","inLanguage":"es","@id":"https:\/\/nuevodigitaldeescobar.com.ar\/#\/schema\/logo\/image\/","url":"https:\/\/nuevodigitaldeescobar.com.ar\/wp-content\/uploads\/2025\/05\/cropped-logo-nuevo2.jpg","contentUrl":"https:\/\/nuevodigitaldeescobar.com.ar\/wp-content\/uploads\/2025\/05\/cropped-logo-nuevo2.jpg","width":305,"height":305,"caption":"Nuevo Digital de Escobar"},"image":{"@id":"https:\/\/nuevodigitaldeescobar.com.ar\/#\/schema\/logo\/image\/"},"sameAs":["https:\/\/www.facebook.com\/NUEVODigitalDeEscobar","https:\/\/x.com\/nuevodigescobar","https:\/\/www.instagram.com\/nuevodigitaldeescobar"]},{"@type":"Person","@id":"https:\/\/nuevodigitaldeescobar.com.ar\/#\/schema\/person\/035e90a8efe9a80e6eec22656ad6ea4c","name":"Redacci\u00f3n","image":{"@type":"ImageObject","inLanguage":"es","@id":"https:\/\/nuevodigitaldeescobar.com.ar\/#\/schema\/person\/image\/","url":"https:\/\/secure.gravatar.com\/avatar\/8af8f40000c24e9eef3034f2be5998a372bb1389e64b1a4a36b3a7979142220d?s=96&d=mm&r=g","contentUrl":"https:\/\/secure.gravatar.com\/avatar\/8af8f40000c24e9eef3034f2be5998a372bb1389e64b1a4a36b3a7979142220d?s=96&d=mm&r=g","caption":"Redacci\u00f3n"},"sameAs":["http:\/\/nuevodigitaldeescobar.com.ar"],"url":"https:\/\/nuevodigitaldeescobar.com.ar\/?author=1"}]}},"featured_image_urls":{"full":["https:\/\/nuevodigitaldeescobar.com.ar\/wp-content\/uploads\/2025\/03\/Lenczicki233.png",1200,675,false],"thumbnail":["https:\/\/nuevodigitaldeescobar.com.ar\/wp-content\/uploads\/2025\/03\/Lenczicki233-150x150.png",150,150,true],"medium":["https:\/\/nuevodigitaldeescobar.com.ar\/wp-content\/uploads\/2025\/03\/Lenczicki233-300x169.png",300,169,true],"medium_large":["https:\/\/nuevodigitaldeescobar.com.ar\/wp-content\/uploads\/2025\/03\/Lenczicki233-768x432.png",640,360,true],"large":["https:\/\/nuevodigitaldeescobar.com.ar\/wp-content\/uploads\/2025\/03\/Lenczicki233-1024x576.png",640,360,true],"1536x1536":["https:\/\/nuevodigitaldeescobar.com.ar\/wp-content\/uploads\/2025\/03\/Lenczicki233.png",1200,675,false],"2048x2048":["https:\/\/nuevodigitaldeescobar.com.ar\/wp-content\/uploads\/2025\/03\/Lenczicki233.png",1200,675,false]},"author_info":{"display_name":"Redacci\u00f3n","author_link":"https:\/\/nuevodigitaldeescobar.com.ar\/?author=1"},"category_info":"<a href=\"https:\/\/nuevodigitaldeescobar.com.ar\/?cat=13\" rel=\"category\">Policiales<\/a>","tag_info":"Policiales","comment_count":"0","_links":{"self":[{"href":"https:\/\/nuevodigitaldeescobar.com.ar\/index.php?rest_route=\/wp\/v2\/posts\/12758","targetHints":{"allow":["GET"]}}],"collection":[{"href":"https:\/\/nuevodigitaldeescobar.com.ar\/index.php?rest_route=\/wp\/v2\/posts"}],"about":[{"href":"https:\/\/nuevodigitaldeescobar.com.ar\/index.php?rest_route=\/wp\/v2\/types\/post"}],"author":[{"embeddable":true,"href":"https:\/\/nuevodigitaldeescobar.com.ar\/index.php?rest_route=\/wp\/v2\/users\/1"}],"replies":[{"embeddable":true,"href":"https:\/\/nuevodigitaldeescobar.com.ar\/index.php?rest_route=%2Fwp%2Fv2%2Fcomments&post=12758"}],"version-history":[{"count":1,"href":"https:\/\/nuevodigitaldeescobar.com.ar\/index.php?rest_route=\/wp\/v2\/posts\/12758\/revisions"}],"predecessor-version":[{"id":12761,"href":"https:\/\/nuevodigitaldeescobar.com.ar\/index.php?rest_route=\/wp\/v2\/posts\/12758\/revisions\/12761"}],"wp:featuredmedia":[{"embeddable":true,"href":"https:\/\/nuevodigitaldeescobar.com.ar\/index.php?rest_route=\/wp\/v2\/media\/12759"}],"wp:attachment":[{"href":"https:\/\/nuevodigitaldeescobar.com.ar\/index.php?rest_route=%2Fwp%2Fv2%2Fmedia&parent=12758"}],"wp:term":[{"taxonomy":"category","embeddable":true,"href":"https:\/\/nuevodigitaldeescobar.com.ar\/index.php?rest_route=%2Fwp%2Fv2%2Fcategories&post=12758"},{"taxonomy":"post_tag","embeddable":true,"href":"https:\/\/nuevodigitaldeescobar.com.ar\/index.php?rest_route=%2Fwp%2Fv2%2Ftags&post=12758"}],"curies":[{"name":"wp","href":"https:\/\/api.w.org\/{rel}","templated":true}]}}