{"id":12777,"date":"2025-03-09T01:30:12","date_gmt":"2025-03-09T04:30:12","guid":{"rendered":"https:\/\/nuevodigitaldeescobar.com.ar\/?p=12777"},"modified":"2025-03-09T01:30:24","modified_gmt":"2025-03-09T04:30:24","slug":"tormenta-en-tucuman-calles-anegadas-autos-arrastrados-y-caos-en-el-transito","status":"publish","type":"post","link":"https:\/\/nuevodigitaldeescobar.com.ar\/?p=12777","title":{"rendered":"Tormenta en Tucum\u00e1n: calles anegadas, autos arrastrados y caos en el tr\u00e1nsito"},"content":{"rendered":"\n<p class=\"has-vivid-cyan-blue-color has-text-color has-link-color wp-elements-d40d5da7d59d718a29bb80260b893e57\"><em><strong>Una intensa tormenta azot\u00f3 la provincia de Tucum\u00e1n este s\u00e1bado, provocando anegamientos, interrupciones en el tr\u00e1nsito y situaciones de emergencia en distintos puntos del territorio. Las lluvias torrenciales impactaron en San Miguel de Tucum\u00e1n, Yerba Buena y otras localidades, generando complicaciones en la circulaci\u00f3n y afectando la rutina de miles de tucumanos.<\/strong><\/em><\/p>\n\n\n\n<!--more-->\n\n\n\n<p>Las im\u00e1genes compartidas por vecinos a trav\u00e9s de redes sociales evidencian la magnitud del temporal: calles convertidas en verdaderos r\u00edos, veh\u00edculos arrastrados por la corriente y estructuras colapsadas. Una de las escenas m\u00e1s impactantes fue captada en la avenida Juan B. Justo, donde una garrafa en llamas flotaba a escasos metros de una estaci\u00f3n de servicio, aumentando el riesgo de un siniestro mayor.<\/p>\n\n\n\n<figure class=\"wp-block-video aligncenter\"><video controls src=\"https:\/\/nuevodigitaldeescobar.com.ar\/wp-content\/uploads\/2025\/03\/tucuman29.mp4\"><\/video><\/figure>\n\n\n\n<p>Ante el panorama, las autoridades provinciales activaron un comit\u00e9 de emergencia para evaluar la situaci\u00f3n y desplegar operativos de asistencia en las zonas m\u00e1s afectadas. Adem\u00e1s, se registraron demoras en los vuelos desde y hacia el aeropuerto Benjam\u00edn Matienzo, debido a la inestabilidad clim\u00e1tica y la reducci\u00f3n de visibilidad.<\/p>\n\n\n\n<h3 class=\"wp-block-heading has-text-color has-link-color wp-elements-6406f355fac7b1c8217f16b0cfbe07ee\" style=\"color:#0812c4\"><em>Inundaciones y desbordes en distintas rutas<\/em><\/h3>\n\n\n\n<p>El temporal tambi\u00e9n caus\u00f3 estragos en las rutas de la provincia. En la Ruta Nacional 40, el desborde del r\u00edo Santa Mar\u00eda oblig\u00f3 a interrumpir totalmente el tr\u00e1nsito a la altura de El Ba\u00f1ado. Aunque el nivel del agua comenz\u00f3 a descender, la Direcci\u00f3n Provincial de Vialidad indic\u00f3 que se esperan trabajos de limpieza para restablecer la circulaci\u00f3n.<\/p>\n\n\n\n<figure class=\"wp-block-video aligncenter\"><video controls src=\"https:\/\/nuevodigitaldeescobar.com.ar\/wp-content\/uploads\/2025\/03\/tucuman27.mp4\"><\/video><\/figure>\n\n\n\n<p>En Taruca Pampa, el paso alternativo al puente tambi\u00e9n fue clausurado por la acumulaci\u00f3n de agua y escombros. Seg\u00fan informaron fuentes oficiales, en las pr\u00f3ximas horas se habilitar\u00e1 un nuevo puente sobre la Ruta 304, lo que permitir\u00e1 normalizar el tr\u00e1nsito en esa regi\u00f3n. Situaciones similares se reportaron en la Ruta 307, donde el material arrastrado por el agua obstaculiz\u00f3 el paso entre los kil\u00f3metros 110 y 115, en la zona de Ampimpa.<\/p>\n\n\n\n<p>Por otro lado, la Ruta 308, que hab\u00eda quedado bloqueada por la ca\u00edda de \u00e1rboles y cables, fue despejada y declarada transitable tras intensas labores de limpieza.<\/p>\n\n\n\n<figure class=\"wp-block-video aligncenter\"><video controls src=\"https:\/\/nuevodigitaldeescobar.com.ar\/wp-content\/uploads\/2025\/03\/tucuman21.mp4\"><\/video><figcaption class=\"wp-element-caption\"><em>Ruta 40<\/em><\/figcaption><\/figure>\n\n\n\n<h3 class=\"wp-block-heading has-text-color has-link-color wp-elements-a79d5d584bc9525edd7b07d90c8cbb90\" style=\"color:#0812c4\"><em>Yerba Buena, una de las m\u00e1s afectadas<\/em><\/h3>\n\n\n\n<p>En Yerba Buena, las lluvias colapsaron los sistemas de drenaje y generaron inundaciones en las principales arterias de la denominada \u00abCiudad Jard\u00edn\u00bb. La avenida Aconquija sufri\u00f3 anegamientos que dificultaron la circulaci\u00f3n, mientras que la acumulaci\u00f3n de agua en la avenida Per\u00f3n provoc\u00f3 largas demoras y oblig\u00f3 a realizar desv\u00edos.<\/p>\n\n\n\n<p>El intendente Pablo Macchiarola inform\u00f3 que el personal municipal trabaja en el monitoreo y la limpieza de las zonas afectadas. \u00abEstamos atentos a lo que est\u00e1 pasando y coordinando tareas para reducir los impactos de la tormenta\u00bb, asegur\u00f3.<\/p>\n\n\n\n<p>En otros sectores, como Camino de Sirga y Camino del Per\u00fa, los canales de desag\u00fce alcanzaron su l\u00edmite, generando desbordes en algunas calles. La ca\u00edda de ramas y postes de luz sum\u00f3 m\u00e1s inconvenientes, afectando el suministro el\u00e9ctrico en ciertos barrios.<\/p>\n\n\n\n<figure class=\"wp-block-video aligncenter\"><video controls src=\"https:\/\/nuevodigitaldeescobar.com.ar\/wp-content\/uploads\/2025\/03\/tucuman23-1.mp4\"><\/video><figcaption class=\"wp-element-caption\"><em>Localidad de Lules en Tucum\u00e1n<\/em><\/figcaption><\/figure>\n\n\n\n<h3 class=\"wp-block-heading has-text-color has-link-color wp-elements-542ea2ef042ec9e2b4edbf221a871893\" style=\"color:#0812c4\"><em>Recomendaciones y medidas preventivas<\/em><\/h3>\n\n\n\n<p>Ante el pron\u00f3stico de nuevas lluvias, las autoridades instaron a la poblaci\u00f3n a mantenerse informada sobre el estado de rutas y a evitar circular por calles anegadas para prevenir accidentes. Adem\u00e1s, equipos de emergencias contin\u00faan trabajando en la remoci\u00f3n de escombros y el drenaje de zonas inundadas.<\/p>\n\n\n\n<p>El temporal en Tucum\u00e1n expuso, una vez m\u00e1s, la fragilidad de la infraestructura ante eventos clim\u00e1ticos extremos. Mientras los operativos contin\u00faan, los tucumanos intentan retomar la normalidad en medio de las secuelas que dej\u00f3 la tormenta.<\/p>\n","protected":false},"excerpt":{"rendered":"<p>Una intensa tormenta azot\u00f3 la provincia de Tucum\u00e1n este s\u00e1bado, provocando anegamientos, interrupciones en el tr\u00e1nsito y situaciones de emergencia en distintos puntos del territorio. [&hellip;]<\/p>\n","protected":false},"author":1,"featured_media":12778,"comment_status":"open","ping_status":"open","sticky":false,"template":"","format":"standard","meta":{"footnotes":""},"categories":[61],"tags":[],"class_list":["post-12777","post","type-post","status-publish","format-standard","has-post-thumbnail","hentry","category-nacionales"],"better_featured_image":{"id":12778,"alt_text":"","caption":"","description":"","media_type":"image","media_details":{"width":767,"height":434,"file":"2025\/03\/tucuman212.png","filesize":406689,"sizes":{"medium":{"file":"tucuman212-300x170.png","width":300,"height":170,"mime-type":"image\/png","filesize":57947,"source_url":"https:\/\/nuevodigitaldeescobar.com.ar\/wp-content\/uploads\/2025\/03\/tucuman212-300x170.png"},"thumbnail":{"file":"tucuman212-150x150.png","width":150,"height":150,"mime-type":"image\/png","filesize":28593,"source_url":"https:\/\/nuevodigitaldeescobar.com.ar\/wp-content\/uploads\/2025\/03\/tucuman212-150x150.png"}},"image_meta":{"aperture":"0","credit":"","camera":"","caption":"","created_timestamp":"0","copyright":"","focal_length":"0","iso":"0","shutter_speed":"0","title":"","orientation":"0","keywords":[]}},"post":12777,"source_url":"https:\/\/nuevodigitaldeescobar.com.ar\/wp-content\/uploads\/2025\/03\/tucuman212.png"},"yoast_head":"<!-- This site is optimized with the Yoast SEO plugin v26.1.1 - https:\/\/yoast.com\/wordpress\/plugins\/seo\/ -->\n<title>Tormenta en Tucum\u00e1n: calles anegadas, autos arrastrados y caos en el tr\u00e1nsito - Nuevo Digital de Escobar<\/title>\n<meta name=\"robots\" content=\"index, follow, max-snippet:-1, max-image-preview:large, max-video-preview:-1\" \/>\n<link rel=\"canonical\" href=\"https:\/\/nuevodigitaldeescobar.com.ar\/?p=12777\" \/>\n<meta property=\"og:locale\" content=\"es_ES\" \/>\n<meta property=\"og:type\" content=\"article\" \/>\n<meta property=\"og:title\" content=\"Tormenta en Tucum\u00e1n: calles anegadas, autos arrastrados y caos en el tr\u00e1nsito - Nuevo Digital de Escobar\" \/>\n<meta property=\"og:description\" content=\"Una intensa tormenta azot\u00f3 la provincia de Tucum\u00e1n este s\u00e1bado, provocando anegamientos, interrupciones en el tr\u00e1nsito y situaciones de emergencia en distintos puntos del territorio. [&hellip;]\" \/>\n<meta property=\"og:url\" content=\"https:\/\/nuevodigitaldeescobar.com.ar\/?p=12777\" \/>\n<meta property=\"og:site_name\" content=\"Nuevo Digital de Escobar\" \/>\n<meta property=\"article:publisher\" content=\"https:\/\/www.facebook.com\/NUEVODigitalDeEscobar\" \/>\n<meta property=\"article:published_time\" content=\"2025-03-09T04:30:12+00:00\" \/>\n<meta property=\"article:modified_time\" content=\"2025-03-09T04:30:24+00:00\" \/>\n<meta property=\"og:image\" content=\"https:\/\/nuevodigitaldeescobar.com.ar\/wp-content\/uploads\/2025\/03\/tucuman212.png\" \/>\n\t<meta property=\"og:image:width\" content=\"767\" \/>\n\t<meta property=\"og:image:height\" content=\"434\" \/>\n\t<meta property=\"og:image:type\" content=\"image\/png\" \/>\n<meta name=\"author\" content=\"Redacci\u00f3n\" \/>\n<meta name=\"twitter:card\" content=\"summary_large_image\" \/>\n<meta name=\"twitter:creator\" content=\"@nuevodigescobar\" \/>\n<meta name=\"twitter:site\" content=\"@nuevodigescobar\" \/>\n<meta name=\"twitter:label1\" content=\"Escrito por\" \/>\n\t<meta name=\"twitter:data1\" content=\"Redacci\u00f3n\" \/>\n\t<meta name=\"twitter:label2\" content=\"Tiempo de lectura\" \/>\n\t<meta name=\"twitter:data2\" content=\"3 minutos\" \/>\n<script type=\"application\/ld+json\" class=\"yoast-schema-graph\">{\"@context\":\"https:\/\/schema.org\",\"@graph\":[{\"@type\":\"Article\",\"@id\":\"https:\/\/nuevodigitaldeescobar.com.ar\/?p=12777#article\",\"isPartOf\":{\"@id\":\"https:\/\/nuevodigitaldeescobar.com.ar\/?p=12777\"},\"author\":{\"name\":\"Redacci\u00f3n\",\"@id\":\"https:\/\/nuevodigitaldeescobar.com.ar\/#\/schema\/person\/035e90a8efe9a80e6eec22656ad6ea4c\"},\"headline\":\"Tormenta en Tucum\u00e1n: calles anegadas, autos arrastrados y caos en el tr\u00e1nsito\",\"datePublished\":\"2025-03-09T04:30:12+00:00\",\"dateModified\":\"2025-03-09T04:30:24+00:00\",\"mainEntityOfPage\":{\"@id\":\"https:\/\/nuevodigitaldeescobar.com.ar\/?p=12777\"},\"wordCount\":618,\"commentCount\":0,\"publisher\":{\"@id\":\"https:\/\/nuevodigitaldeescobar.com.ar\/#organization\"},\"image\":{\"@id\":\"https:\/\/nuevodigitaldeescobar.com.ar\/?p=12777#primaryimage\"},\"thumbnailUrl\":\"https:\/\/nuevodigitaldeescobar.com.ar\/wp-content\/uploads\/2025\/03\/tucuman212.png\",\"articleSection\":[\"Nacionales\"],\"inLanguage\":\"es\",\"potentialAction\":[{\"@type\":\"CommentAction\",\"name\":\"Comment\",\"target\":[\"https:\/\/nuevodigitaldeescobar.com.ar\/?p=12777#respond\"]}]},{\"@type\":\"WebPage\",\"@id\":\"https:\/\/nuevodigitaldeescobar.com.ar\/?p=12777\",\"url\":\"https:\/\/nuevodigitaldeescobar.com.ar\/?p=12777\",\"name\":\"Tormenta en Tucum\u00e1n: calles anegadas, autos arrastrados y caos en el tr\u00e1nsito - Nuevo Digital de Escobar\",\"isPartOf\":{\"@id\":\"https:\/\/nuevodigitaldeescobar.com.ar\/#website\"},\"primaryImageOfPage\":{\"@id\":\"https:\/\/nuevodigitaldeescobar.com.ar\/?p=12777#primaryimage\"},\"image\":{\"@id\":\"https:\/\/nuevodigitaldeescobar.com.ar\/?p=12777#primaryimage\"},\"thumbnailUrl\":\"https:\/\/nuevodigitaldeescobar.com.ar\/wp-content\/uploads\/2025\/03\/tucuman212.png\",\"datePublished\":\"2025-03-09T04:30:12+00:00\",\"dateModified\":\"2025-03-09T04:30:24+00:00\",\"breadcrumb\":{\"@id\":\"https:\/\/nuevodigitaldeescobar.com.ar\/?p=12777#breadcrumb\"},\"inLanguage\":\"es\",\"potentialAction\":[{\"@type\":\"ReadAction\",\"target\":[\"https:\/\/nuevodigitaldeescobar.com.ar\/?p=12777\"]}]},{\"@type\":\"ImageObject\",\"inLanguage\":\"es\",\"@id\":\"https:\/\/nuevodigitaldeescobar.com.ar\/?p=12777#primaryimage\",\"url\":\"https:\/\/nuevodigitaldeescobar.com.ar\/wp-content\/uploads\/2025\/03\/tucuman212.png\",\"contentUrl\":\"https:\/\/nuevodigitaldeescobar.com.ar\/wp-content\/uploads\/2025\/03\/tucuman212.png\",\"width\":767,\"height\":434},{\"@type\":\"BreadcrumbList\",\"@id\":\"https:\/\/nuevodigitaldeescobar.com.ar\/?p=12777#breadcrumb\",\"itemListElement\":[{\"@type\":\"ListItem\",\"position\":1,\"name\":\"Portada\",\"item\":\"https:\/\/nuevodigitaldeescobar.com.ar\/\"},{\"@type\":\"ListItem\",\"position\":2,\"name\":\"Tormenta en Tucum\u00e1n: calles anegadas, autos arrastrados y caos en el tr\u00e1nsito\"}]},{\"@type\":\"WebSite\",\"@id\":\"https:\/\/nuevodigitaldeescobar.com.ar\/#website\",\"url\":\"https:\/\/nuevodigitaldeescobar.com.ar\/\",\"name\":\"Nuevo Digital de Escobar\",\"description\":\"La vida escobarense. Directora: Rosana Brunner\",\"publisher\":{\"@id\":\"https:\/\/nuevodigitaldeescobar.com.ar\/#organization\"},\"potentialAction\":[{\"@type\":\"SearchAction\",\"target\":{\"@type\":\"EntryPoint\",\"urlTemplate\":\"https:\/\/nuevodigitaldeescobar.com.ar\/?s={search_term_string}\"},\"query-input\":{\"@type\":\"PropertyValueSpecification\",\"valueRequired\":true,\"valueName\":\"search_term_string\"}}],\"inLanguage\":\"es\"},{\"@type\":\"Organization\",\"@id\":\"https:\/\/nuevodigitaldeescobar.com.ar\/#organization\",\"name\":\"Nuevo Digital de Escobar\",\"url\":\"https:\/\/nuevodigitaldeescobar.com.ar\/\",\"logo\":{\"@type\":\"ImageObject\",\"inLanguage\":\"es\",\"@id\":\"https:\/\/nuevodigitaldeescobar.com.ar\/#\/schema\/logo\/image\/\",\"url\":\"https:\/\/nuevodigitaldeescobar.com.ar\/wp-content\/uploads\/2025\/05\/cropped-logo-nuevo2.jpg\",\"contentUrl\":\"https:\/\/nuevodigitaldeescobar.com.ar\/wp-content\/uploads\/2025\/05\/cropped-logo-nuevo2.jpg\",\"width\":305,\"height\":305,\"caption\":\"Nuevo Digital de Escobar\"},\"image\":{\"@id\":\"https:\/\/nuevodigitaldeescobar.com.ar\/#\/schema\/logo\/image\/\"},\"sameAs\":[\"https:\/\/www.facebook.com\/NUEVODigitalDeEscobar\",\"https:\/\/x.com\/nuevodigescobar\",\"https:\/\/www.instagram.com\/nuevodigitaldeescobar\"]},{\"@type\":\"Person\",\"@id\":\"https:\/\/nuevodigitaldeescobar.com.ar\/#\/schema\/person\/035e90a8efe9a80e6eec22656ad6ea4c\",\"name\":\"Redacci\u00f3n\",\"image\":{\"@type\":\"ImageObject\",\"inLanguage\":\"es\",\"@id\":\"https:\/\/nuevodigitaldeescobar.com.ar\/#\/schema\/person\/image\/\",\"url\":\"https:\/\/secure.gravatar.com\/avatar\/8af8f40000c24e9eef3034f2be5998a372bb1389e64b1a4a36b3a7979142220d?s=96&d=mm&r=g\",\"contentUrl\":\"https:\/\/secure.gravatar.com\/avatar\/8af8f40000c24e9eef3034f2be5998a372bb1389e64b1a4a36b3a7979142220d?s=96&d=mm&r=g\",\"caption\":\"Redacci\u00f3n\"},\"sameAs\":[\"http:\/\/nuevodigitaldeescobar.com.ar\"],\"url\":\"https:\/\/nuevodigitaldeescobar.com.ar\/?author=1\"}]}<\/script>\n<!-- \/ Yoast SEO plugin. -->","yoast_head_json":{"title":"Tormenta en Tucum\u00e1n: calles anegadas, autos arrastrados y caos en el tr\u00e1nsito - Nuevo Digital de Escobar","robots":{"index":"index","follow":"follow","max-snippet":"max-snippet:-1","max-image-preview":"max-image-preview:large","max-video-preview":"max-video-preview:-1"},"canonical":"https:\/\/nuevodigitaldeescobar.com.ar\/?p=12777","og_locale":"es_ES","og_type":"article","og_title":"Tormenta en Tucum\u00e1n: calles anegadas, autos arrastrados y caos en el tr\u00e1nsito - Nuevo Digital de Escobar","og_description":"Una intensa tormenta azot\u00f3 la provincia de Tucum\u00e1n este s\u00e1bado, provocando anegamientos, interrupciones en el tr\u00e1nsito y situaciones de emergencia en distintos puntos del territorio. [&hellip;]","og_url":"https:\/\/nuevodigitaldeescobar.com.ar\/?p=12777","og_site_name":"Nuevo Digital de Escobar","article_publisher":"https:\/\/www.facebook.com\/NUEVODigitalDeEscobar","article_published_time":"2025-03-09T04:30:12+00:00","article_modified_time":"2025-03-09T04:30:24+00:00","og_image":[{"width":767,"height":434,"url":"https:\/\/nuevodigitaldeescobar.com.ar\/wp-content\/uploads\/2025\/03\/tucuman212.png","type":"image\/png"}],"author":"Redacci\u00f3n","twitter_card":"summary_large_image","twitter_creator":"@nuevodigescobar","twitter_site":"@nuevodigescobar","twitter_misc":{"Escrito por":"Redacci\u00f3n","Tiempo de lectura":"3 minutos"},"schema":{"@context":"https:\/\/schema.org","@graph":[{"@type":"Article","@id":"https:\/\/nuevodigitaldeescobar.com.ar\/?p=12777#article","isPartOf":{"@id":"https:\/\/nuevodigitaldeescobar.com.ar\/?p=12777"},"author":{"name":"Redacci\u00f3n","@id":"https:\/\/nuevodigitaldeescobar.com.ar\/#\/schema\/person\/035e90a8efe9a80e6eec22656ad6ea4c"},"headline":"Tormenta en Tucum\u00e1n: calles anegadas, autos arrastrados y caos en el tr\u00e1nsito","datePublished":"2025-03-09T04:30:12+00:00","dateModified":"2025-03-09T04:30:24+00:00","mainEntityOfPage":{"@id":"https:\/\/nuevodigitaldeescobar.com.ar\/?p=12777"},"wordCount":618,"commentCount":0,"publisher":{"@id":"https:\/\/nuevodigitaldeescobar.com.ar\/#organization"},"image":{"@id":"https:\/\/nuevodigitaldeescobar.com.ar\/?p=12777#primaryimage"},"thumbnailUrl":"https:\/\/nuevodigitaldeescobar.com.ar\/wp-content\/uploads\/2025\/03\/tucuman212.png","articleSection":["Nacionales"],"inLanguage":"es","potentialAction":[{"@type":"CommentAction","name":"Comment","target":["https:\/\/nuevodigitaldeescobar.com.ar\/?p=12777#respond"]}]},{"@type":"WebPage","@id":"https:\/\/nuevodigitaldeescobar.com.ar\/?p=12777","url":"https:\/\/nuevodigitaldeescobar.com.ar\/?p=12777","name":"Tormenta en Tucum\u00e1n: calles anegadas, autos arrastrados y caos en el tr\u00e1nsito - Nuevo Digital de Escobar","isPartOf":{"@id":"https:\/\/nuevodigitaldeescobar.com.ar\/#website"},"primaryImageOfPage":{"@id":"https:\/\/nuevodigitaldeescobar.com.ar\/?p=12777#primaryimage"},"image":{"@id":"https:\/\/nuevodigitaldeescobar.com.ar\/?p=12777#primaryimage"},"thumbnailUrl":"https:\/\/nuevodigitaldeescobar.com.ar\/wp-content\/uploads\/2025\/03\/tucuman212.png","datePublished":"2025-03-09T04:30:12+00:00","dateModified":"2025-03-09T04:30:24+00:00","breadcrumb":{"@id":"https:\/\/nuevodigitaldeescobar.com.ar\/?p=12777#breadcrumb"},"inLanguage":"es","potentialAction":[{"@type":"ReadAction","target":["https:\/\/nuevodigitaldeescobar.com.ar\/?p=12777"]}]},{"@type":"ImageObject","inLanguage":"es","@id":"https:\/\/nuevodigitaldeescobar.com.ar\/?p=12777#primaryimage","url":"https:\/\/nuevodigitaldeescobar.com.ar\/wp-content\/uploads\/2025\/03\/tucuman212.png","contentUrl":"https:\/\/nuevodigitaldeescobar.com.ar\/wp-content\/uploads\/2025\/03\/tucuman212.png","width":767,"height":434},{"@type":"BreadcrumbList","@id":"https:\/\/nuevodigitaldeescobar.com.ar\/?p=12777#breadcrumb","itemListElement":[{"@type":"ListItem","position":1,"name":"Portada","item":"https:\/\/nuevodigitaldeescobar.com.ar\/"},{"@type":"ListItem","position":2,"name":"Tormenta en Tucum\u00e1n: calles anegadas, autos arrastrados y caos en el tr\u00e1nsito"}]},{"@type":"WebSite","@id":"https:\/\/nuevodigitaldeescobar.com.ar\/#website","url":"https:\/\/nuevodigitaldeescobar.com.ar\/","name":"Nuevo Digital de Escobar","description":"La vida escobarense. Directora: Rosana Brunner","publisher":{"@id":"https:\/\/nuevodigitaldeescobar.com.ar\/#organization"},"potentialAction":[{"@type":"SearchAction","target":{"@type":"EntryPoint","urlTemplate":"https:\/\/nuevodigitaldeescobar.com.ar\/?s={search_term_string}"},"query-input":{"@type":"PropertyValueSpecification","valueRequired":true,"valueName":"search_term_string"}}],"inLanguage":"es"},{"@type":"Organization","@id":"https:\/\/nuevodigitaldeescobar.com.ar\/#organization","name":"Nuevo Digital de Escobar","url":"https:\/\/nuevodigitaldeescobar.com.ar\/","logo":{"@type":"ImageObject","inLanguage":"es","@id":"https:\/\/nuevodigitaldeescobar.com.ar\/#\/schema\/logo\/image\/","url":"https:\/\/nuevodigitaldeescobar.com.ar\/wp-content\/uploads\/2025\/05\/cropped-logo-nuevo2.jpg","contentUrl":"https:\/\/nuevodigitaldeescobar.com.ar\/wp-content\/uploads\/2025\/05\/cropped-logo-nuevo2.jpg","width":305,"height":305,"caption":"Nuevo Digital de Escobar"},"image":{"@id":"https:\/\/nuevodigitaldeescobar.com.ar\/#\/schema\/logo\/image\/"},"sameAs":["https:\/\/www.facebook.com\/NUEVODigitalDeEscobar","https:\/\/x.com\/nuevodigescobar","https:\/\/www.instagram.com\/nuevodigitaldeescobar"]},{"@type":"Person","@id":"https:\/\/nuevodigitaldeescobar.com.ar\/#\/schema\/person\/035e90a8efe9a80e6eec22656ad6ea4c","name":"Redacci\u00f3n","image":{"@type":"ImageObject","inLanguage":"es","@id":"https:\/\/nuevodigitaldeescobar.com.ar\/#\/schema\/person\/image\/","url":"https:\/\/secure.gravatar.com\/avatar\/8af8f40000c24e9eef3034f2be5998a372bb1389e64b1a4a36b3a7979142220d?s=96&d=mm&r=g","contentUrl":"https:\/\/secure.gravatar.com\/avatar\/8af8f40000c24e9eef3034f2be5998a372bb1389e64b1a4a36b3a7979142220d?s=96&d=mm&r=g","caption":"Redacci\u00f3n"},"sameAs":["http:\/\/nuevodigitaldeescobar.com.ar"],"url":"https:\/\/nuevodigitaldeescobar.com.ar\/?author=1"}]}},"featured_image_urls":{"full":["https:\/\/nuevodigitaldeescobar.com.ar\/wp-content\/uploads\/2025\/03\/tucuman212.png",767,434,false],"thumbnail":["https:\/\/nuevodigitaldeescobar.com.ar\/wp-content\/uploads\/2025\/03\/tucuman212-150x150.png",150,150,true],"medium":["https:\/\/nuevodigitaldeescobar.com.ar\/wp-content\/uploads\/2025\/03\/tucuman212-300x170.png",300,170,true],"medium_large":["https:\/\/nuevodigitaldeescobar.com.ar\/wp-content\/uploads\/2025\/03\/tucuman212.png",640,362,false],"large":["https:\/\/nuevodigitaldeescobar.com.ar\/wp-content\/uploads\/2025\/03\/tucuman212.png",640,362,false],"1536x1536":["https:\/\/nuevodigitaldeescobar.com.ar\/wp-content\/uploads\/2025\/03\/tucuman212.png",767,434,false],"2048x2048":["https:\/\/nuevodigitaldeescobar.com.ar\/wp-content\/uploads\/2025\/03\/tucuman212.png",767,434,false]},"author_info":{"display_name":"Redacci\u00f3n","author_link":"https:\/\/nuevodigitaldeescobar.com.ar\/?author=1"},"category_info":"<a href=\"https:\/\/nuevodigitaldeescobar.com.ar\/?cat=61\" rel=\"category\">Nacionales<\/a>","tag_info":"Nacionales","comment_count":"0","_links":{"self":[{"href":"https:\/\/nuevodigitaldeescobar.com.ar\/index.php?rest_route=\/wp\/v2\/posts\/12777","targetHints":{"allow":["GET"]}}],"collection":[{"href":"https:\/\/nuevodigitaldeescobar.com.ar\/index.php?rest_route=\/wp\/v2\/posts"}],"about":[{"href":"https:\/\/nuevodigitaldeescobar.com.ar\/index.php?rest_route=\/wp\/v2\/types\/post"}],"author":[{"embeddable":true,"href":"https:\/\/nuevodigitaldeescobar.com.ar\/index.php?rest_route=\/wp\/v2\/users\/1"}],"replies":[{"embeddable":true,"href":"https:\/\/nuevodigitaldeescobar.com.ar\/index.php?rest_route=%2Fwp%2Fv2%2Fcomments&post=12777"}],"version-history":[{"count":1,"href":"https:\/\/nuevodigitaldeescobar.com.ar\/index.php?rest_route=\/wp\/v2\/posts\/12777\/revisions"}],"predecessor-version":[{"id":12784,"href":"https:\/\/nuevodigitaldeescobar.com.ar\/index.php?rest_route=\/wp\/v2\/posts\/12777\/revisions\/12784"}],"wp:featuredmedia":[{"embeddable":true,"href":"https:\/\/nuevodigitaldeescobar.com.ar\/index.php?rest_route=\/wp\/v2\/media\/12778"}],"wp:attachment":[{"href":"https:\/\/nuevodigitaldeescobar.com.ar\/index.php?rest_route=%2Fwp%2Fv2%2Fmedia&parent=12777"}],"wp:term":[{"taxonomy":"category","embeddable":true,"href":"https:\/\/nuevodigitaldeescobar.com.ar\/index.php?rest_route=%2Fwp%2Fv2%2Fcategories&post=12777"},{"taxonomy":"post_tag","embeddable":true,"href":"https:\/\/nuevodigitaldeescobar.com.ar\/index.php?rest_route=%2Fwp%2Fv2%2Ftags&post=12777"}],"curies":[{"name":"wp","href":"https:\/\/api.w.org\/{rel}","templated":true}]}}