{"id":12818,"date":"2025-03-10T12:20:37","date_gmt":"2025-03-10T15:20:37","guid":{"rendered":"https:\/\/nuevodigitaldeescobar.com.ar\/?p=12818"},"modified":"2025-03-10T20:24:42","modified_gmt":"2025-03-10T23:24:42","slug":"bullrich-adelanto-medidas-especiales-contra-las-barras-bravas-que-esten-en-protestas","status":"publish","type":"post","link":"https:\/\/nuevodigitaldeescobar.com.ar\/?p=12818","title":{"rendered":"Bullrich adelant\u00f3 medidas especiales contra las barras bravas que est\u00e9n en protestas"},"content":{"rendered":"\n<p>Luego de la marcha semanal de los jubilados apoyada por barrabravas de Chacarita del mi\u00e9rcoles pasado, algunos \u00abhinchas\u00bb de varios equipos del pa\u00eds empezaron a organizarse para movilizarse en la pr\u00f3xima reclamo en el Congreso y Patricia Bullrich, Ministra de Seguridad de la Naci\u00f3n, <strong>anunci\u00f3 en una entrevista en La Naci\u00f3n + que habr\u00e1 \u00abmedidas especiales\u00bb<\/strong>.<\/p>\n<p>\u00ab<em>Estamos preparando medidas judiciales, cambios legislativos.\u00a0Ya tuvimos el alerta el mi\u00e9rcoles cuando fue la barra de Chacarita y realmente tuvimos el primer alerta<\/em>\u00ab, inici\u00f3 Bullrich.<\/p>\n<p>Luego\u00a0agreg\u00f3:\u00a0\u00ab<em>Ahora est\u00e1n buscando, como no tienen m\u00e1s la base que ten\u00edan las personas que cobraban plan social, que eran a la que siempre llevaban. <\/em><em><strong>Ahora est\u00e1 la izquierda, peronistas y 50 jubilados,\u00a0todos los dem\u00e1s son militantes pol\u00edticos, y no los vamos a dejar pasar<\/strong><\/em>\u00ab.<\/p>\n<p>A su vez, <strong>mencion\u00f3 que agregar\u00e1n medidas contra los barras en caso de comiencen a ir a este tipo de movilizaciones<\/strong>, m\u00e1s all\u00e1 del derecho de admisi\u00f3n ya existente.<\/p>\n<div class=\"inter_image image_horizontal\">\n<div>\n<span class=\"img_footer\">Patricia Bullrich habl\u00f3 de lo barras <\/span>\n<\/div>\n<\/div>\n<p><strong>Las agrupaciones de los clubes, calificadas por Bullrich como barrabravas, marchar\u00e1n al Congreso este mi\u00e9rcoles 12 de marzo junto a los jubilados, en reclamo por de una jubilaci\u00f3n digna y el aumento de los haberes jubilatorios<\/strong>.<\/p>\n<p>En la marcha de la semana pasada, se unieron \u00abespont\u00e1neamente\u00bb barras de Chacarita y, debido a la repercusi\u00f3n medi\u00e1tica y en las redes sociales, varios clubes se fueron sumando para estar presentes en la siguiente.<\/p>\n<p><strong>Tigre, Ferro, Deportivo Merlo y Mosqueteros Unidos fueron los primeros en confirmar su apoyo a la movilizaci\u00f3n<\/strong>. A estos cuatro les siguieron las agrupaciones de\u00a0clubes con mayor volumen de \u00abhinchas\u00bb, entre ellos <strong>los 5 grandes (River, Boca, Independiente, Racing y San Lorenzo), otros clubes de primera, como V\u00e9lez, Lan\u00fas, Hurac\u00e1n, Gimnasia y\u00a0Banfield, y de divisiones inferiores, como Nueva Chicago, Temperley, Excursionistas, Almirante Brown, All Boys y\u00a0Atlanta, entre muchos otros<\/strong>.<\/p>\n","protected":false},"excerpt":{"rendered":"<p>Luego de la marcha semanal de los jubilados apoyada por barrabravas de Chacarita del mi\u00e9rcoles pasado, algunos \u00abhinchas\u00bb de varios equipos del pa\u00eds empezaron a [&hellip;]<\/p>\n","protected":false},"author":1,"featured_media":12819,"comment_status":"open","ping_status":"open","sticky":false,"template":"","format":"standard","meta":{"footnotes":""},"categories":[8],"tags":[],"class_list":["post-12818","post","type-post","status-publish","format-standard","has-post-thumbnail","hentry","category-deportes"],"better_featured_image":{"id":12819,"alt_text":"","caption":"","description":"","media_type":"image","media_details":{"width":1600,"height":1067,"file":"2025\/03\/diseno-sin-titulo-3-1741619374046_1600_1067-0q7qzF.jpeg","filesize":111217,"sizes":{"medium":{"file":"diseno-sin-titulo-3-1741619374046_1600_1067-0q7qzF-300x200.jpeg","width":300,"height":200,"mime-type":"image\/jpeg","filesize":14788,"source_url":"https:\/\/nuevodigitaldeescobar.com.ar\/wp-content\/uploads\/2025\/03\/diseno-sin-titulo-3-1741619374046_1600_1067-0q7qzF-300x200.jpeg"},"large":{"file":"diseno-sin-titulo-3-1741619374046_1600_1067-0q7qzF-1024x683.jpeg","width":1024,"height":683,"mime-type":"image\/jpeg","filesize":87856,"source_url":"https:\/\/nuevodigitaldeescobar.com.ar\/wp-content\/uploads\/2025\/03\/diseno-sin-titulo-3-1741619374046_1600_1067-0q7qzF-1024x683.jpeg"},"thumbnail":{"file":"diseno-sin-titulo-3-1741619374046_1600_1067-0q7qzF-150x150.jpeg","width":150,"height":150,"mime-type":"image\/jpeg","filesize":6225,"source_url":"https:\/\/nuevodigitaldeescobar.com.ar\/wp-content\/uploads\/2025\/03\/diseno-sin-titulo-3-1741619374046_1600_1067-0q7qzF-150x150.jpeg"},"medium_large":{"file":"diseno-sin-titulo-3-1741619374046_1600_1067-0q7qzF-768x512.jpeg","width":768,"height":512,"mime-type":"image\/jpeg","filesize":58341,"source_url":"https:\/\/nuevodigitaldeescobar.com.ar\/wp-content\/uploads\/2025\/03\/diseno-sin-titulo-3-1741619374046_1600_1067-0q7qzF-768x512.jpeg"},"1536x1536":{"file":"diseno-sin-titulo-3-1741619374046_1600_1067-0q7qzF-1536x1024.jpeg","width":1536,"height":1024,"mime-type":"image\/jpeg","filesize":155298,"source_url":"https:\/\/nuevodigitaldeescobar.com.ar\/wp-content\/uploads\/2025\/03\/diseno-sin-titulo-3-1741619374046_1600_1067-0q7qzF-1536x1024.jpeg"}},"image_meta":{"aperture":"0","credit":"","camera":"","caption":"","created_timestamp":"0","copyright":"","focal_length":"0","iso":"0","shutter_speed":"0","title":"","orientation":"0","keywords":[]}},"post":12818,"source_url":"https:\/\/nuevodigitaldeescobar.com.ar\/wp-content\/uploads\/2025\/03\/diseno-sin-titulo-3-1741619374046_1600_1067-0q7qzF.jpeg"},"yoast_head":"<!-- This site is optimized with the Yoast SEO plugin v26.1.1 - https:\/\/yoast.com\/wordpress\/plugins\/seo\/ -->\n<title>Bullrich adelant\u00f3 medidas especiales contra las barras bravas que est\u00e9n en protestas - Nuevo Digital de Escobar<\/title>\n<meta name=\"robots\" content=\"index, follow, max-snippet:-1, max-image-preview:large, max-video-preview:-1\" \/>\n<link rel=\"canonical\" href=\"https:\/\/nuevodigitaldeescobar.com.ar\/?p=12818\" \/>\n<meta property=\"og:locale\" content=\"es_ES\" \/>\n<meta property=\"og:type\" content=\"article\" \/>\n<meta property=\"og:title\" content=\"Bullrich adelant\u00f3 medidas especiales contra las barras bravas que est\u00e9n en protestas - Nuevo Digital de Escobar\" \/>\n<meta property=\"og:description\" content=\"Luego de la marcha semanal de los jubilados apoyada por barrabravas de Chacarita del mi\u00e9rcoles pasado, algunos \u00abhinchas\u00bb de varios equipos del pa\u00eds empezaron a [&hellip;]\" \/>\n<meta property=\"og:url\" content=\"https:\/\/nuevodigitaldeescobar.com.ar\/?p=12818\" \/>\n<meta property=\"og:site_name\" content=\"Nuevo Digital de Escobar\" \/>\n<meta property=\"article:publisher\" content=\"https:\/\/www.facebook.com\/NUEVODigitalDeEscobar\" \/>\n<meta property=\"article:published_time\" content=\"2025-03-10T15:20:37+00:00\" \/>\n<meta property=\"article:modified_time\" content=\"2025-03-10T23:24:42+00:00\" \/>\n<meta property=\"og:image\" content=\"https:\/\/nuevodigitaldeescobar.com.ar\/wp-content\/uploads\/2025\/03\/diseno-sin-titulo-3-1741619374046_1600_1067-0q7qzF.jpeg\" \/>\n\t<meta property=\"og:image:width\" content=\"1600\" \/>\n\t<meta property=\"og:image:height\" content=\"1067\" \/>\n\t<meta property=\"og:image:type\" content=\"image\/jpeg\" \/>\n<meta name=\"author\" content=\"Redacci\u00f3n\" \/>\n<meta name=\"twitter:card\" content=\"summary_large_image\" \/>\n<meta name=\"twitter:creator\" content=\"@nuevodigescobar\" \/>\n<meta name=\"twitter:site\" content=\"@nuevodigescobar\" \/>\n<meta name=\"twitter:label1\" content=\"Escrito por\" \/>\n\t<meta name=\"twitter:data1\" content=\"Redacci\u00f3n\" \/>\n\t<meta name=\"twitter:label2\" content=\"Tiempo de lectura\" \/>\n\t<meta name=\"twitter:data2\" content=\"2 minutos\" \/>\n<script type=\"application\/ld+json\" class=\"yoast-schema-graph\">{\"@context\":\"https:\/\/schema.org\",\"@graph\":[{\"@type\":\"Article\",\"@id\":\"https:\/\/nuevodigitaldeescobar.com.ar\/?p=12818#article\",\"isPartOf\":{\"@id\":\"https:\/\/nuevodigitaldeescobar.com.ar\/?p=12818\"},\"author\":{\"name\":\"Redacci\u00f3n\",\"@id\":\"https:\/\/nuevodigitaldeescobar.com.ar\/#\/schema\/person\/035e90a8efe9a80e6eec22656ad6ea4c\"},\"headline\":\"Bullrich adelant\u00f3 medidas especiales contra las barras bravas que est\u00e9n en protestas\",\"datePublished\":\"2025-03-10T15:20:37+00:00\",\"dateModified\":\"2025-03-10T23:24:42+00:00\",\"mainEntityOfPage\":{\"@id\":\"https:\/\/nuevodigitaldeescobar.com.ar\/?p=12818\"},\"wordCount\":340,\"commentCount\":0,\"publisher\":{\"@id\":\"https:\/\/nuevodigitaldeescobar.com.ar\/#organization\"},\"image\":{\"@id\":\"https:\/\/nuevodigitaldeescobar.com.ar\/?p=12818#primaryimage\"},\"thumbnailUrl\":\"https:\/\/nuevodigitaldeescobar.com.ar\/wp-content\/uploads\/2025\/03\/diseno-sin-titulo-3-1741619374046_1600_1067-0q7qzF.jpeg\",\"articleSection\":[\"Deportes\"],\"inLanguage\":\"es\",\"potentialAction\":[{\"@type\":\"CommentAction\",\"name\":\"Comment\",\"target\":[\"https:\/\/nuevodigitaldeescobar.com.ar\/?p=12818#respond\"]}]},{\"@type\":\"WebPage\",\"@id\":\"https:\/\/nuevodigitaldeescobar.com.ar\/?p=12818\",\"url\":\"https:\/\/nuevodigitaldeescobar.com.ar\/?p=12818\",\"name\":\"Bullrich adelant\u00f3 medidas especiales contra las barras bravas que est\u00e9n en protestas - Nuevo Digital de Escobar\",\"isPartOf\":{\"@id\":\"https:\/\/nuevodigitaldeescobar.com.ar\/#website\"},\"primaryImageOfPage\":{\"@id\":\"https:\/\/nuevodigitaldeescobar.com.ar\/?p=12818#primaryimage\"},\"image\":{\"@id\":\"https:\/\/nuevodigitaldeescobar.com.ar\/?p=12818#primaryimage\"},\"thumbnailUrl\":\"https:\/\/nuevodigitaldeescobar.com.ar\/wp-content\/uploads\/2025\/03\/diseno-sin-titulo-3-1741619374046_1600_1067-0q7qzF.jpeg\",\"datePublished\":\"2025-03-10T15:20:37+00:00\",\"dateModified\":\"2025-03-10T23:24:42+00:00\",\"breadcrumb\":{\"@id\":\"https:\/\/nuevodigitaldeescobar.com.ar\/?p=12818#breadcrumb\"},\"inLanguage\":\"es\",\"potentialAction\":[{\"@type\":\"ReadAction\",\"target\":[\"https:\/\/nuevodigitaldeescobar.com.ar\/?p=12818\"]}]},{\"@type\":\"ImageObject\",\"inLanguage\":\"es\",\"@id\":\"https:\/\/nuevodigitaldeescobar.com.ar\/?p=12818#primaryimage\",\"url\":\"https:\/\/nuevodigitaldeescobar.com.ar\/wp-content\/uploads\/2025\/03\/diseno-sin-titulo-3-1741619374046_1600_1067-0q7qzF.jpeg\",\"contentUrl\":\"https:\/\/nuevodigitaldeescobar.com.ar\/wp-content\/uploads\/2025\/03\/diseno-sin-titulo-3-1741619374046_1600_1067-0q7qzF.jpeg\",\"width\":1600,\"height\":1067},{\"@type\":\"BreadcrumbList\",\"@id\":\"https:\/\/nuevodigitaldeescobar.com.ar\/?p=12818#breadcrumb\",\"itemListElement\":[{\"@type\":\"ListItem\",\"position\":1,\"name\":\"Portada\",\"item\":\"https:\/\/nuevodigitaldeescobar.com.ar\/\"},{\"@type\":\"ListItem\",\"position\":2,\"name\":\"Bullrich adelant\u00f3 medidas especiales contra las barras bravas que est\u00e9n en protestas\"}]},{\"@type\":\"WebSite\",\"@id\":\"https:\/\/nuevodigitaldeescobar.com.ar\/#website\",\"url\":\"https:\/\/nuevodigitaldeescobar.com.ar\/\",\"name\":\"Nuevo Digital de Escobar\",\"description\":\"La vida escobarense. Directora: Rosana Brunner\",\"publisher\":{\"@id\":\"https:\/\/nuevodigitaldeescobar.com.ar\/#organization\"},\"potentialAction\":[{\"@type\":\"SearchAction\",\"target\":{\"@type\":\"EntryPoint\",\"urlTemplate\":\"https:\/\/nuevodigitaldeescobar.com.ar\/?s={search_term_string}\"},\"query-input\":{\"@type\":\"PropertyValueSpecification\",\"valueRequired\":true,\"valueName\":\"search_term_string\"}}],\"inLanguage\":\"es\"},{\"@type\":\"Organization\",\"@id\":\"https:\/\/nuevodigitaldeescobar.com.ar\/#organization\",\"name\":\"Nuevo Digital de Escobar\",\"url\":\"https:\/\/nuevodigitaldeescobar.com.ar\/\",\"logo\":{\"@type\":\"ImageObject\",\"inLanguage\":\"es\",\"@id\":\"https:\/\/nuevodigitaldeescobar.com.ar\/#\/schema\/logo\/image\/\",\"url\":\"https:\/\/nuevodigitaldeescobar.com.ar\/wp-content\/uploads\/2025\/05\/cropped-logo-nuevo2.jpg\",\"contentUrl\":\"https:\/\/nuevodigitaldeescobar.com.ar\/wp-content\/uploads\/2025\/05\/cropped-logo-nuevo2.jpg\",\"width\":305,\"height\":305,\"caption\":\"Nuevo Digital de Escobar\"},\"image\":{\"@id\":\"https:\/\/nuevodigitaldeescobar.com.ar\/#\/schema\/logo\/image\/\"},\"sameAs\":[\"https:\/\/www.facebook.com\/NUEVODigitalDeEscobar\",\"https:\/\/x.com\/nuevodigescobar\",\"https:\/\/www.instagram.com\/nuevodigitaldeescobar\"]},{\"@type\":\"Person\",\"@id\":\"https:\/\/nuevodigitaldeescobar.com.ar\/#\/schema\/person\/035e90a8efe9a80e6eec22656ad6ea4c\",\"name\":\"Redacci\u00f3n\",\"image\":{\"@type\":\"ImageObject\",\"inLanguage\":\"es\",\"@id\":\"https:\/\/nuevodigitaldeescobar.com.ar\/#\/schema\/person\/image\/\",\"url\":\"https:\/\/secure.gravatar.com\/avatar\/8af8f40000c24e9eef3034f2be5998a372bb1389e64b1a4a36b3a7979142220d?s=96&d=mm&r=g\",\"contentUrl\":\"https:\/\/secure.gravatar.com\/avatar\/8af8f40000c24e9eef3034f2be5998a372bb1389e64b1a4a36b3a7979142220d?s=96&d=mm&r=g\",\"caption\":\"Redacci\u00f3n\"},\"sameAs\":[\"http:\/\/nuevodigitaldeescobar.com.ar\"],\"url\":\"https:\/\/nuevodigitaldeescobar.com.ar\/?author=1\"}]}<\/script>\n<!-- \/ Yoast SEO plugin. -->","yoast_head_json":{"title":"Bullrich adelant\u00f3 medidas especiales contra las barras bravas que est\u00e9n en protestas - Nuevo Digital de Escobar","robots":{"index":"index","follow":"follow","max-snippet":"max-snippet:-1","max-image-preview":"max-image-preview:large","max-video-preview":"max-video-preview:-1"},"canonical":"https:\/\/nuevodigitaldeescobar.com.ar\/?p=12818","og_locale":"es_ES","og_type":"article","og_title":"Bullrich adelant\u00f3 medidas especiales contra las barras bravas que est\u00e9n en protestas - Nuevo Digital de Escobar","og_description":"Luego de la marcha semanal de los jubilados apoyada por barrabravas de Chacarita del mi\u00e9rcoles pasado, algunos \u00abhinchas\u00bb de varios equipos del pa\u00eds empezaron a [&hellip;]","og_url":"https:\/\/nuevodigitaldeescobar.com.ar\/?p=12818","og_site_name":"Nuevo Digital de Escobar","article_publisher":"https:\/\/www.facebook.com\/NUEVODigitalDeEscobar","article_published_time":"2025-03-10T15:20:37+00:00","article_modified_time":"2025-03-10T23:24:42+00:00","og_image":[{"width":1600,"height":1067,"url":"https:\/\/nuevodigitaldeescobar.com.ar\/wp-content\/uploads\/2025\/03\/diseno-sin-titulo-3-1741619374046_1600_1067-0q7qzF.jpeg","type":"image\/jpeg"}],"author":"Redacci\u00f3n","twitter_card":"summary_large_image","twitter_creator":"@nuevodigescobar","twitter_site":"@nuevodigescobar","twitter_misc":{"Escrito por":"Redacci\u00f3n","Tiempo de lectura":"2 minutos"},"schema":{"@context":"https:\/\/schema.org","@graph":[{"@type":"Article","@id":"https:\/\/nuevodigitaldeescobar.com.ar\/?p=12818#article","isPartOf":{"@id":"https:\/\/nuevodigitaldeescobar.com.ar\/?p=12818"},"author":{"name":"Redacci\u00f3n","@id":"https:\/\/nuevodigitaldeescobar.com.ar\/#\/schema\/person\/035e90a8efe9a80e6eec22656ad6ea4c"},"headline":"Bullrich adelant\u00f3 medidas especiales contra las barras bravas que est\u00e9n en protestas","datePublished":"2025-03-10T15:20:37+00:00","dateModified":"2025-03-10T23:24:42+00:00","mainEntityOfPage":{"@id":"https:\/\/nuevodigitaldeescobar.com.ar\/?p=12818"},"wordCount":340,"commentCount":0,"publisher":{"@id":"https:\/\/nuevodigitaldeescobar.com.ar\/#organization"},"image":{"@id":"https:\/\/nuevodigitaldeescobar.com.ar\/?p=12818#primaryimage"},"thumbnailUrl":"https:\/\/nuevodigitaldeescobar.com.ar\/wp-content\/uploads\/2025\/03\/diseno-sin-titulo-3-1741619374046_1600_1067-0q7qzF.jpeg","articleSection":["Deportes"],"inLanguage":"es","potentialAction":[{"@type":"CommentAction","name":"Comment","target":["https:\/\/nuevodigitaldeescobar.com.ar\/?p=12818#respond"]}]},{"@type":"WebPage","@id":"https:\/\/nuevodigitaldeescobar.com.ar\/?p=12818","url":"https:\/\/nuevodigitaldeescobar.com.ar\/?p=12818","name":"Bullrich adelant\u00f3 medidas especiales contra las barras bravas que est\u00e9n en protestas - Nuevo Digital de Escobar","isPartOf":{"@id":"https:\/\/nuevodigitaldeescobar.com.ar\/#website"},"primaryImageOfPage":{"@id":"https:\/\/nuevodigitaldeescobar.com.ar\/?p=12818#primaryimage"},"image":{"@id":"https:\/\/nuevodigitaldeescobar.com.ar\/?p=12818#primaryimage"},"thumbnailUrl":"https:\/\/nuevodigitaldeescobar.com.ar\/wp-content\/uploads\/2025\/03\/diseno-sin-titulo-3-1741619374046_1600_1067-0q7qzF.jpeg","datePublished":"2025-03-10T15:20:37+00:00","dateModified":"2025-03-10T23:24:42+00:00","breadcrumb":{"@id":"https:\/\/nuevodigitaldeescobar.com.ar\/?p=12818#breadcrumb"},"inLanguage":"es","potentialAction":[{"@type":"ReadAction","target":["https:\/\/nuevodigitaldeescobar.com.ar\/?p=12818"]}]},{"@type":"ImageObject","inLanguage":"es","@id":"https:\/\/nuevodigitaldeescobar.com.ar\/?p=12818#primaryimage","url":"https:\/\/nuevodigitaldeescobar.com.ar\/wp-content\/uploads\/2025\/03\/diseno-sin-titulo-3-1741619374046_1600_1067-0q7qzF.jpeg","contentUrl":"https:\/\/nuevodigitaldeescobar.com.ar\/wp-content\/uploads\/2025\/03\/diseno-sin-titulo-3-1741619374046_1600_1067-0q7qzF.jpeg","width":1600,"height":1067},{"@type":"BreadcrumbList","@id":"https:\/\/nuevodigitaldeescobar.com.ar\/?p=12818#breadcrumb","itemListElement":[{"@type":"ListItem","position":1,"name":"Portada","item":"https:\/\/nuevodigitaldeescobar.com.ar\/"},{"@type":"ListItem","position":2,"name":"Bullrich adelant\u00f3 medidas especiales contra las barras bravas que est\u00e9n en protestas"}]},{"@type":"WebSite","@id":"https:\/\/nuevodigitaldeescobar.com.ar\/#website","url":"https:\/\/nuevodigitaldeescobar.com.ar\/","name":"Nuevo Digital de Escobar","description":"La vida escobarense. Directora: Rosana Brunner","publisher":{"@id":"https:\/\/nuevodigitaldeescobar.com.ar\/#organization"},"potentialAction":[{"@type":"SearchAction","target":{"@type":"EntryPoint","urlTemplate":"https:\/\/nuevodigitaldeescobar.com.ar\/?s={search_term_string}"},"query-input":{"@type":"PropertyValueSpecification","valueRequired":true,"valueName":"search_term_string"}}],"inLanguage":"es"},{"@type":"Organization","@id":"https:\/\/nuevodigitaldeescobar.com.ar\/#organization","name":"Nuevo Digital de Escobar","url":"https:\/\/nuevodigitaldeescobar.com.ar\/","logo":{"@type":"ImageObject","inLanguage":"es","@id":"https:\/\/nuevodigitaldeescobar.com.ar\/#\/schema\/logo\/image\/","url":"https:\/\/nuevodigitaldeescobar.com.ar\/wp-content\/uploads\/2025\/05\/cropped-logo-nuevo2.jpg","contentUrl":"https:\/\/nuevodigitaldeescobar.com.ar\/wp-content\/uploads\/2025\/05\/cropped-logo-nuevo2.jpg","width":305,"height":305,"caption":"Nuevo Digital de Escobar"},"image":{"@id":"https:\/\/nuevodigitaldeescobar.com.ar\/#\/schema\/logo\/image\/"},"sameAs":["https:\/\/www.facebook.com\/NUEVODigitalDeEscobar","https:\/\/x.com\/nuevodigescobar","https:\/\/www.instagram.com\/nuevodigitaldeescobar"]},{"@type":"Person","@id":"https:\/\/nuevodigitaldeescobar.com.ar\/#\/schema\/person\/035e90a8efe9a80e6eec22656ad6ea4c","name":"Redacci\u00f3n","image":{"@type":"ImageObject","inLanguage":"es","@id":"https:\/\/nuevodigitaldeescobar.com.ar\/#\/schema\/person\/image\/","url":"https:\/\/secure.gravatar.com\/avatar\/8af8f40000c24e9eef3034f2be5998a372bb1389e64b1a4a36b3a7979142220d?s=96&d=mm&r=g","contentUrl":"https:\/\/secure.gravatar.com\/avatar\/8af8f40000c24e9eef3034f2be5998a372bb1389e64b1a4a36b3a7979142220d?s=96&d=mm&r=g","caption":"Redacci\u00f3n"},"sameAs":["http:\/\/nuevodigitaldeescobar.com.ar"],"url":"https:\/\/nuevodigitaldeescobar.com.ar\/?author=1"}]}},"featured_image_urls":{"full":["https:\/\/nuevodigitaldeescobar.com.ar\/wp-content\/uploads\/2025\/03\/diseno-sin-titulo-3-1741619374046_1600_1067-0q7qzF.jpeg",1600,1067,false],"thumbnail":["https:\/\/nuevodigitaldeescobar.com.ar\/wp-content\/uploads\/2025\/03\/diseno-sin-titulo-3-1741619374046_1600_1067-0q7qzF-150x150.jpeg",150,150,true],"medium":["https:\/\/nuevodigitaldeescobar.com.ar\/wp-content\/uploads\/2025\/03\/diseno-sin-titulo-3-1741619374046_1600_1067-0q7qzF-300x200.jpeg",300,200,true],"medium_large":["https:\/\/nuevodigitaldeescobar.com.ar\/wp-content\/uploads\/2025\/03\/diseno-sin-titulo-3-1741619374046_1600_1067-0q7qzF-768x512.jpeg",640,427,true],"large":["https:\/\/nuevodigitaldeescobar.com.ar\/wp-content\/uploads\/2025\/03\/diseno-sin-titulo-3-1741619374046_1600_1067-0q7qzF-1024x683.jpeg",640,427,true],"1536x1536":["https:\/\/nuevodigitaldeescobar.com.ar\/wp-content\/uploads\/2025\/03\/diseno-sin-titulo-3-1741619374046_1600_1067-0q7qzF-1536x1024.jpeg",1536,1024,true],"2048x2048":["https:\/\/nuevodigitaldeescobar.com.ar\/wp-content\/uploads\/2025\/03\/diseno-sin-titulo-3-1741619374046_1600_1067-0q7qzF.jpeg",1600,1067,false]},"author_info":{"display_name":"Redacci\u00f3n","author_link":"https:\/\/nuevodigitaldeescobar.com.ar\/?author=1"},"category_info":"<a href=\"https:\/\/nuevodigitaldeescobar.com.ar\/?cat=8\" rel=\"category\">Deportes<\/a>","tag_info":"Deportes","comment_count":"0","_links":{"self":[{"href":"https:\/\/nuevodigitaldeescobar.com.ar\/index.php?rest_route=\/wp\/v2\/posts\/12818","targetHints":{"allow":["GET"]}}],"collection":[{"href":"https:\/\/nuevodigitaldeescobar.com.ar\/index.php?rest_route=\/wp\/v2\/posts"}],"about":[{"href":"https:\/\/nuevodigitaldeescobar.com.ar\/index.php?rest_route=\/wp\/v2\/types\/post"}],"author":[{"embeddable":true,"href":"https:\/\/nuevodigitaldeescobar.com.ar\/index.php?rest_route=\/wp\/v2\/users\/1"}],"replies":[{"embeddable":true,"href":"https:\/\/nuevodigitaldeescobar.com.ar\/index.php?rest_route=%2Fwp%2Fv2%2Fcomments&post=12818"}],"version-history":[{"count":1,"href":"https:\/\/nuevodigitaldeescobar.com.ar\/index.php?rest_route=\/wp\/v2\/posts\/12818\/revisions"}],"predecessor-version":[{"id":12832,"href":"https:\/\/nuevodigitaldeescobar.com.ar\/index.php?rest_route=\/wp\/v2\/posts\/12818\/revisions\/12832"}],"wp:featuredmedia":[{"embeddable":true,"href":"https:\/\/nuevodigitaldeescobar.com.ar\/index.php?rest_route=\/wp\/v2\/media\/12819"}],"wp:attachment":[{"href":"https:\/\/nuevodigitaldeescobar.com.ar\/index.php?rest_route=%2Fwp%2Fv2%2Fmedia&parent=12818"}],"wp:term":[{"taxonomy":"category","embeddable":true,"href":"https:\/\/nuevodigitaldeescobar.com.ar\/index.php?rest_route=%2Fwp%2Fv2%2Fcategories&post=12818"},{"taxonomy":"post_tag","embeddable":true,"href":"https:\/\/nuevodigitaldeescobar.com.ar\/index.php?rest_route=%2Fwp%2Fv2%2Ftags&post=12818"}],"curies":[{"name":"wp","href":"https:\/\/api.w.org\/{rel}","templated":true}]}}