{"id":1282,"date":"2023-11-28T14:16:04","date_gmt":"2023-11-28T17:16:04","guid":{"rendered":"https:\/\/nuevodigitaldeescobar.com.ar\/?p=1282"},"modified":"2023-11-28T14:33:25","modified_gmt":"2023-11-28T17:33:25","slug":"no-van-a-pasar-la-demostracion-de-poder-piquetero-a-dias-de-cambio-de-gobierno","status":"publish","type":"post","link":"https:\/\/nuevodigitaldeescobar.com.ar\/?p=1282","title":{"rendered":"Piqueteros movilizaron en la 9 de Julio con reclamos a los Gobiernos saliente y entrante"},"content":{"rendered":"<p><span style=\"color: #003366;\"><strong><em>El centro porte\u00f1o present\u00f3 dificultades en el tr\u00e1nsito a ra\u00edz de las movilizaciones en la Avenida 9 de Julio. Desde Unidad Piquetera reclaman la entrega de alimentos a los comedores y aguinaldo para beneficiarios del Potenciar Trabajo.<\/em><\/strong><\/span><\/p>\n<p><!--more--><\/p>\n<p>A pocos d\u00edas del cambio de Gobierno con la llegada de Javier Milei, las calles de Buenos Aires se convirtieron en el escenario de una demostraci\u00f3n de fuerza por parte de los grupos piqueteros.<\/p>\n<p>Con carteles y c\u00e1nticos, miles de manifestantes colmaron las avenidas, enviando un mensaje claro al pr\u00f3ximo gobierno: <em>\u201cNo van a pasar\u201d<\/em>. El Polo Obrero y su brazo piquetero coparon la Avenida de Mayo y se ubicaron en la Plaza de Mayo, frente a la Casa Rosada.<\/p>\n<p>Agrupaciones piqueteras movilizaron hoy desde las 10 de la ma\u00f1ana hacia el Ministerio de Desarrollo Social, a cargo de Victoria Tolosa Paz. El recorrido de la protesta parti\u00f3 de Independencia y 9 de Julio hasta llegar a la cartera, ubicada en 9 de Julio y Belgrano, en el barrio de Monserrat.<\/p>\n<p>La marcha se enmarc\u00f3 en el tramo final de la gesti\u00f3n encabezada por Alberto Fern\u00e1ndez, que lleva a la exdiputada como ministra.<\/p>\n<p>Los dirigidos por Eduardo Belliboni manifestaron su descontento con el gobierno saliente de Alberto Fern\u00e1ndez, Cristina Kirchner y Sergio Massa, acus\u00e1ndolos de no cumplir con promesas clave. Denuncian la falta de entrega de refuerzos alimentarios a comedores populares, la no provisi\u00f3n de herramientas para trabajos autogestionados, y la incertidumbre en torno al aguinaldo del programa Potenciar Trabajo.<\/p>\n<p><em>\u00abEstamos reclamando que la comida llegue a fin de a\u00f1o para los comedores, adem\u00e1s de la que les corresponde a los programas sociales. La \u00faltima vez que Tolosa Paz nos vio fue en diciembre, no dio respuesta a los problemas graves de la sociedad, es su obligaci\u00f3n\u00bb<\/em>, expres\u00f3 el titular del Polo Obrero en declaraciones radiales.<\/p>\n<p>Asimismo, subray\u00f3: <em>\u00abLa ley no cambi\u00f3, nosotros nunca la violamos, los que lo hacen son las personas que roban en este pa\u00eds. Falta alimento, falt\u00f3 durante todo este a\u00f1o, todav\u00eda no est\u00e1 garantizado\u00bb<\/em>.<\/p>\n<p>Respecto al nuevo gobierno de Javier Milei, el dirigente de la izquierda asever\u00f3: <em>\u00abSi no hace lo que promete, no quiero que le vaya mal, pero si lo hace s\u00ed\u00bb<\/em>.<\/p>\n<p>Los piqueteros reclamaron, adem\u00e1s, garant\u00eda de alimentos y navide\u00f1os, el aumento de programas equivalentes a la inflaci\u00f3n y aguinaldo de fin de a\u00f1o para los trabajadores nucleados en el plan Potenciar Trabajo.<\/p>\n<p>Estas demandas subrayan la responsabilidad del Gobierno, que sigue en funciones hasta el 10 de diciembre, en cumplir con sus compromisos presupuestarios.<\/p>\n<p>La movilizaci\u00f3n no solo fue una protesta contra la gesti\u00f3n actual de Victoria Tolosa Paz en el Ministerio de Desarrollo Social, sino tambi\u00e9n un llamado a garantizar respuestas ante la crisis econ\u00f3mica en \u00e9pocas festivas.<\/p>\n<p>Entre los convocantes figuran el Frente de Lucha Piquetero, Polo Obrero, MTR &#8211; Votamos Luchar por el Cambio Social, MTR &#8211; 12 de abril, y Rebeli\u00f3n Popular, entre otros.<\/p>\n<p><em>(NA)<\/em><\/p>\n","protected":false},"excerpt":{"rendered":"<p>El centro porte\u00f1o present\u00f3 dificultades en el tr\u00e1nsito a ra\u00edz de las movilizaciones en la Avenida 9 de Julio. Desde Unidad Piquetera reclaman la entrega [&hellip;]<\/p>\n","protected":false},"author":1,"featured_media":1283,"comment_status":"open","ping_status":"closed","sticky":false,"template":"","format":"standard","meta":{"footnotes":""},"categories":[10,6,15],"tags":[],"class_list":["post-1282","post","type-post","status-publish","format-standard","has-post-thumbnail","hentry","category-economia","category-politica","category-sociedad"],"better_featured_image":{"id":1283,"alt_text":"","caption":"","description":"","media_type":"image","media_details":{"width":720,"height":405,"file":"2023\/11\/piqueteros-e1701191756492.jpg","filesize":123788,"sizes":{"medium":{"file":"piqueteros-300x169.jpg","width":300,"height":169,"mime-type":"image\/jpeg","filesize":15709,"source_url":"https:\/\/nuevodigitaldeescobar.com.ar\/wp-content\/uploads\/2023\/11\/piqueteros-300x169.jpg"},"thumbnail":{"file":"piqueteros-150x150.jpg","width":150,"height":150,"mime-type":"image\/jpeg","filesize":6671,"source_url":"https:\/\/nuevodigitaldeescobar.com.ar\/wp-content\/uploads\/2023\/11\/piqueteros-150x150.jpg"},"covernews-medium":{"file":"piqueteros-540x340.jpg","width":540,"height":340,"mime-type":"image\/jpeg","filesize":48351,"source_url":"https:\/\/nuevodigitaldeescobar.com.ar\/wp-content\/uploads\/2023\/11\/piqueteros-540x340.jpg"},"covernews-medium-square":{"file":"piqueteros-400x250.jpg","width":400,"height":250,"mime-type":"image\/jpeg","filesize":27980,"source_url":"https:\/\/nuevodigitaldeescobar.com.ar\/wp-content\/uploads\/2023\/11\/piqueteros-400x250.jpg"}},"image_meta":{"aperture":"0","credit":"","camera":"","caption":"","created_timestamp":"0","copyright":"","focal_length":"0","iso":"0","shutter_speed":"0","title":"","orientation":"0","keywords":[]}},"post":1282,"source_url":"https:\/\/nuevodigitaldeescobar.com.ar\/wp-content\/uploads\/2023\/11\/piqueteros-e1701191756492.jpg"},"yoast_head":"<!-- This site is optimized with the Yoast SEO plugin v26.1.1 - https:\/\/yoast.com\/wordpress\/plugins\/seo\/ -->\n<title>Piqueteros movilizaron en la 9 de Julio con reclamos a los Gobiernos saliente y entrante - Nuevo Digital de Escobar<\/title>\n<meta name=\"robots\" content=\"index, follow, max-snippet:-1, max-image-preview:large, max-video-preview:-1\" \/>\n<link rel=\"canonical\" href=\"https:\/\/nuevodigitaldeescobar.com.ar\/?p=1282\" \/>\n<meta property=\"og:locale\" content=\"es_ES\" \/>\n<meta property=\"og:type\" content=\"article\" \/>\n<meta property=\"og:title\" content=\"Piqueteros movilizaron en la 9 de Julio con reclamos a los Gobiernos saliente y entrante - Nuevo Digital de Escobar\" \/>\n<meta property=\"og:description\" content=\"El centro porte\u00f1o present\u00f3 dificultades en el tr\u00e1nsito a ra\u00edz de las movilizaciones en la Avenida 9 de Julio. Desde Unidad Piquetera reclaman la entrega [&hellip;]\" \/>\n<meta property=\"og:url\" content=\"https:\/\/nuevodigitaldeescobar.com.ar\/?p=1282\" \/>\n<meta property=\"og:site_name\" content=\"Nuevo Digital de Escobar\" \/>\n<meta property=\"article:publisher\" content=\"https:\/\/www.facebook.com\/NUEVODigitalDeEscobar\" \/>\n<meta property=\"article:published_time\" content=\"2023-11-28T17:16:04+00:00\" \/>\n<meta property=\"article:modified_time\" content=\"2023-11-28T17:33:25+00:00\" \/>\n<meta property=\"og:image\" content=\"https:\/\/nuevodigitaldeescobar.com.ar\/wp-content\/uploads\/2023\/11\/piqueteros-e1701191756492.jpg\" \/>\n\t<meta property=\"og:image:width\" content=\"720\" \/>\n\t<meta property=\"og:image:height\" content=\"405\" \/>\n\t<meta property=\"og:image:type\" content=\"image\/jpeg\" \/>\n<meta name=\"author\" content=\"Redacci\u00f3n\" \/>\n<meta name=\"twitter:card\" content=\"summary_large_image\" \/>\n<meta name=\"twitter:creator\" content=\"@nuevodigescobar\" \/>\n<meta name=\"twitter:site\" content=\"@nuevodigescobar\" \/>\n<meta name=\"twitter:label1\" content=\"Escrito por\" \/>\n\t<meta name=\"twitter:data1\" content=\"Redacci\u00f3n\" \/>\n\t<meta name=\"twitter:label2\" content=\"Tiempo de lectura\" \/>\n\t<meta name=\"twitter:data2\" content=\"3 minutos\" \/>\n<script type=\"application\/ld+json\" class=\"yoast-schema-graph\">{\"@context\":\"https:\/\/schema.org\",\"@graph\":[{\"@type\":\"Article\",\"@id\":\"https:\/\/nuevodigitaldeescobar.com.ar\/?p=1282#article\",\"isPartOf\":{\"@id\":\"https:\/\/nuevodigitaldeescobar.com.ar\/?p=1282\"},\"author\":{\"name\":\"Redacci\u00f3n\",\"@id\":\"https:\/\/nuevodigitaldeescobar.com.ar\/#\/schema\/person\/035e90a8efe9a80e6eec22656ad6ea4c\"},\"headline\":\"Piqueteros movilizaron en la 9 de Julio con reclamos a los Gobiernos saliente y entrante\",\"datePublished\":\"2023-11-28T17:16:04+00:00\",\"dateModified\":\"2023-11-28T17:33:25+00:00\",\"mainEntityOfPage\":{\"@id\":\"https:\/\/nuevodigitaldeescobar.com.ar\/?p=1282\"},\"wordCount\":522,\"commentCount\":0,\"publisher\":{\"@id\":\"https:\/\/nuevodigitaldeescobar.com.ar\/#organization\"},\"image\":{\"@id\":\"https:\/\/nuevodigitaldeescobar.com.ar\/?p=1282#primaryimage\"},\"thumbnailUrl\":\"https:\/\/nuevodigitaldeescobar.com.ar\/wp-content\/uploads\/2023\/11\/piqueteros-e1701191756492.jpg\",\"articleSection\":[\"Econom\u00eda\",\"Pol\u00edtica\",\"Sociedad\"],\"inLanguage\":\"es\",\"potentialAction\":[{\"@type\":\"CommentAction\",\"name\":\"Comment\",\"target\":[\"https:\/\/nuevodigitaldeescobar.com.ar\/?p=1282#respond\"]}]},{\"@type\":\"WebPage\",\"@id\":\"https:\/\/nuevodigitaldeescobar.com.ar\/?p=1282\",\"url\":\"https:\/\/nuevodigitaldeescobar.com.ar\/?p=1282\",\"name\":\"Piqueteros movilizaron en la 9 de Julio con reclamos a los Gobiernos saliente y entrante - Nuevo Digital de Escobar\",\"isPartOf\":{\"@id\":\"https:\/\/nuevodigitaldeescobar.com.ar\/#website\"},\"primaryImageOfPage\":{\"@id\":\"https:\/\/nuevodigitaldeescobar.com.ar\/?p=1282#primaryimage\"},\"image\":{\"@id\":\"https:\/\/nuevodigitaldeescobar.com.ar\/?p=1282#primaryimage\"},\"thumbnailUrl\":\"https:\/\/nuevodigitaldeescobar.com.ar\/wp-content\/uploads\/2023\/11\/piqueteros-e1701191756492.jpg\",\"datePublished\":\"2023-11-28T17:16:04+00:00\",\"dateModified\":\"2023-11-28T17:33:25+00:00\",\"breadcrumb\":{\"@id\":\"https:\/\/nuevodigitaldeescobar.com.ar\/?p=1282#breadcrumb\"},\"inLanguage\":\"es\",\"potentialAction\":[{\"@type\":\"ReadAction\",\"target\":[\"https:\/\/nuevodigitaldeescobar.com.ar\/?p=1282\"]}]},{\"@type\":\"ImageObject\",\"inLanguage\":\"es\",\"@id\":\"https:\/\/nuevodigitaldeescobar.com.ar\/?p=1282#primaryimage\",\"url\":\"https:\/\/nuevodigitaldeescobar.com.ar\/wp-content\/uploads\/2023\/11\/piqueteros-e1701191756492.jpg\",\"contentUrl\":\"https:\/\/nuevodigitaldeescobar.com.ar\/wp-content\/uploads\/2023\/11\/piqueteros-e1701191756492.jpg\",\"width\":720,\"height\":405},{\"@type\":\"BreadcrumbList\",\"@id\":\"https:\/\/nuevodigitaldeescobar.com.ar\/?p=1282#breadcrumb\",\"itemListElement\":[{\"@type\":\"ListItem\",\"position\":1,\"name\":\"Portada\",\"item\":\"https:\/\/nuevodigitaldeescobar.com.ar\/\"},{\"@type\":\"ListItem\",\"position\":2,\"name\":\"Piqueteros movilizaron en la 9 de Julio con reclamos a los Gobiernos saliente y entrante\"}]},{\"@type\":\"WebSite\",\"@id\":\"https:\/\/nuevodigitaldeescobar.com.ar\/#website\",\"url\":\"https:\/\/nuevodigitaldeescobar.com.ar\/\",\"name\":\"Nuevo Digital de Escobar\",\"description\":\"La vida escobarense. Directora: Rosana Brunner\",\"publisher\":{\"@id\":\"https:\/\/nuevodigitaldeescobar.com.ar\/#organization\"},\"potentialAction\":[{\"@type\":\"SearchAction\",\"target\":{\"@type\":\"EntryPoint\",\"urlTemplate\":\"https:\/\/nuevodigitaldeescobar.com.ar\/?s={search_term_string}\"},\"query-input\":{\"@type\":\"PropertyValueSpecification\",\"valueRequired\":true,\"valueName\":\"search_term_string\"}}],\"inLanguage\":\"es\"},{\"@type\":\"Organization\",\"@id\":\"https:\/\/nuevodigitaldeescobar.com.ar\/#organization\",\"name\":\"Nuevo Digital de Escobar\",\"url\":\"https:\/\/nuevodigitaldeescobar.com.ar\/\",\"logo\":{\"@type\":\"ImageObject\",\"inLanguage\":\"es\",\"@id\":\"https:\/\/nuevodigitaldeescobar.com.ar\/#\/schema\/logo\/image\/\",\"url\":\"https:\/\/nuevodigitaldeescobar.com.ar\/wp-content\/uploads\/2025\/05\/cropped-logo-nuevo2.jpg\",\"contentUrl\":\"https:\/\/nuevodigitaldeescobar.com.ar\/wp-content\/uploads\/2025\/05\/cropped-logo-nuevo2.jpg\",\"width\":305,\"height\":305,\"caption\":\"Nuevo Digital de Escobar\"},\"image\":{\"@id\":\"https:\/\/nuevodigitaldeescobar.com.ar\/#\/schema\/logo\/image\/\"},\"sameAs\":[\"https:\/\/www.facebook.com\/NUEVODigitalDeEscobar\",\"https:\/\/x.com\/nuevodigescobar\",\"https:\/\/www.instagram.com\/nuevodigitaldeescobar\"]},{\"@type\":\"Person\",\"@id\":\"https:\/\/nuevodigitaldeescobar.com.ar\/#\/schema\/person\/035e90a8efe9a80e6eec22656ad6ea4c\",\"name\":\"Redacci\u00f3n\",\"image\":{\"@type\":\"ImageObject\",\"inLanguage\":\"es\",\"@id\":\"https:\/\/nuevodigitaldeescobar.com.ar\/#\/schema\/person\/image\/\",\"url\":\"https:\/\/secure.gravatar.com\/avatar\/8af8f40000c24e9eef3034f2be5998a372bb1389e64b1a4a36b3a7979142220d?s=96&d=mm&r=g\",\"contentUrl\":\"https:\/\/secure.gravatar.com\/avatar\/8af8f40000c24e9eef3034f2be5998a372bb1389e64b1a4a36b3a7979142220d?s=96&d=mm&r=g\",\"caption\":\"Redacci\u00f3n\"},\"sameAs\":[\"http:\/\/nuevodigitaldeescobar.com.ar\"],\"url\":\"https:\/\/nuevodigitaldeescobar.com.ar\/?author=1\"}]}<\/script>\n<!-- \/ Yoast SEO plugin. -->","yoast_head_json":{"title":"Piqueteros movilizaron en la 9 de Julio con reclamos a los Gobiernos saliente y entrante - Nuevo Digital de Escobar","robots":{"index":"index","follow":"follow","max-snippet":"max-snippet:-1","max-image-preview":"max-image-preview:large","max-video-preview":"max-video-preview:-1"},"canonical":"https:\/\/nuevodigitaldeescobar.com.ar\/?p=1282","og_locale":"es_ES","og_type":"article","og_title":"Piqueteros movilizaron en la 9 de Julio con reclamos a los Gobiernos saliente y entrante - Nuevo Digital de Escobar","og_description":"El centro porte\u00f1o present\u00f3 dificultades en el tr\u00e1nsito a ra\u00edz de las movilizaciones en la Avenida 9 de Julio. Desde Unidad Piquetera reclaman la entrega [&hellip;]","og_url":"https:\/\/nuevodigitaldeescobar.com.ar\/?p=1282","og_site_name":"Nuevo Digital de Escobar","article_publisher":"https:\/\/www.facebook.com\/NUEVODigitalDeEscobar","article_published_time":"2023-11-28T17:16:04+00:00","article_modified_time":"2023-11-28T17:33:25+00:00","og_image":[{"width":720,"height":405,"url":"https:\/\/nuevodigitaldeescobar.com.ar\/wp-content\/uploads\/2023\/11\/piqueteros-e1701191756492.jpg","type":"image\/jpeg"}],"author":"Redacci\u00f3n","twitter_card":"summary_large_image","twitter_creator":"@nuevodigescobar","twitter_site":"@nuevodigescobar","twitter_misc":{"Escrito por":"Redacci\u00f3n","Tiempo de lectura":"3 minutos"},"schema":{"@context":"https:\/\/schema.org","@graph":[{"@type":"Article","@id":"https:\/\/nuevodigitaldeescobar.com.ar\/?p=1282#article","isPartOf":{"@id":"https:\/\/nuevodigitaldeescobar.com.ar\/?p=1282"},"author":{"name":"Redacci\u00f3n","@id":"https:\/\/nuevodigitaldeescobar.com.ar\/#\/schema\/person\/035e90a8efe9a80e6eec22656ad6ea4c"},"headline":"Piqueteros movilizaron en la 9 de Julio con reclamos a los Gobiernos saliente y entrante","datePublished":"2023-11-28T17:16:04+00:00","dateModified":"2023-11-28T17:33:25+00:00","mainEntityOfPage":{"@id":"https:\/\/nuevodigitaldeescobar.com.ar\/?p=1282"},"wordCount":522,"commentCount":0,"publisher":{"@id":"https:\/\/nuevodigitaldeescobar.com.ar\/#organization"},"image":{"@id":"https:\/\/nuevodigitaldeescobar.com.ar\/?p=1282#primaryimage"},"thumbnailUrl":"https:\/\/nuevodigitaldeescobar.com.ar\/wp-content\/uploads\/2023\/11\/piqueteros-e1701191756492.jpg","articleSection":["Econom\u00eda","Pol\u00edtica","Sociedad"],"inLanguage":"es","potentialAction":[{"@type":"CommentAction","name":"Comment","target":["https:\/\/nuevodigitaldeescobar.com.ar\/?p=1282#respond"]}]},{"@type":"WebPage","@id":"https:\/\/nuevodigitaldeescobar.com.ar\/?p=1282","url":"https:\/\/nuevodigitaldeescobar.com.ar\/?p=1282","name":"Piqueteros movilizaron en la 9 de Julio con reclamos a los Gobiernos saliente y entrante - Nuevo Digital de Escobar","isPartOf":{"@id":"https:\/\/nuevodigitaldeescobar.com.ar\/#website"},"primaryImageOfPage":{"@id":"https:\/\/nuevodigitaldeescobar.com.ar\/?p=1282#primaryimage"},"image":{"@id":"https:\/\/nuevodigitaldeescobar.com.ar\/?p=1282#primaryimage"},"thumbnailUrl":"https:\/\/nuevodigitaldeescobar.com.ar\/wp-content\/uploads\/2023\/11\/piqueteros-e1701191756492.jpg","datePublished":"2023-11-28T17:16:04+00:00","dateModified":"2023-11-28T17:33:25+00:00","breadcrumb":{"@id":"https:\/\/nuevodigitaldeescobar.com.ar\/?p=1282#breadcrumb"},"inLanguage":"es","potentialAction":[{"@type":"ReadAction","target":["https:\/\/nuevodigitaldeescobar.com.ar\/?p=1282"]}]},{"@type":"ImageObject","inLanguage":"es","@id":"https:\/\/nuevodigitaldeescobar.com.ar\/?p=1282#primaryimage","url":"https:\/\/nuevodigitaldeescobar.com.ar\/wp-content\/uploads\/2023\/11\/piqueteros-e1701191756492.jpg","contentUrl":"https:\/\/nuevodigitaldeescobar.com.ar\/wp-content\/uploads\/2023\/11\/piqueteros-e1701191756492.jpg","width":720,"height":405},{"@type":"BreadcrumbList","@id":"https:\/\/nuevodigitaldeescobar.com.ar\/?p=1282#breadcrumb","itemListElement":[{"@type":"ListItem","position":1,"name":"Portada","item":"https:\/\/nuevodigitaldeescobar.com.ar\/"},{"@type":"ListItem","position":2,"name":"Piqueteros movilizaron en la 9 de Julio con reclamos a los Gobiernos saliente y entrante"}]},{"@type":"WebSite","@id":"https:\/\/nuevodigitaldeescobar.com.ar\/#website","url":"https:\/\/nuevodigitaldeescobar.com.ar\/","name":"Nuevo Digital de Escobar","description":"La vida escobarense. Directora: Rosana Brunner","publisher":{"@id":"https:\/\/nuevodigitaldeescobar.com.ar\/#organization"},"potentialAction":[{"@type":"SearchAction","target":{"@type":"EntryPoint","urlTemplate":"https:\/\/nuevodigitaldeescobar.com.ar\/?s={search_term_string}"},"query-input":{"@type":"PropertyValueSpecification","valueRequired":true,"valueName":"search_term_string"}}],"inLanguage":"es"},{"@type":"Organization","@id":"https:\/\/nuevodigitaldeescobar.com.ar\/#organization","name":"Nuevo Digital de Escobar","url":"https:\/\/nuevodigitaldeescobar.com.ar\/","logo":{"@type":"ImageObject","inLanguage":"es","@id":"https:\/\/nuevodigitaldeescobar.com.ar\/#\/schema\/logo\/image\/","url":"https:\/\/nuevodigitaldeescobar.com.ar\/wp-content\/uploads\/2025\/05\/cropped-logo-nuevo2.jpg","contentUrl":"https:\/\/nuevodigitaldeescobar.com.ar\/wp-content\/uploads\/2025\/05\/cropped-logo-nuevo2.jpg","width":305,"height":305,"caption":"Nuevo Digital de Escobar"},"image":{"@id":"https:\/\/nuevodigitaldeescobar.com.ar\/#\/schema\/logo\/image\/"},"sameAs":["https:\/\/www.facebook.com\/NUEVODigitalDeEscobar","https:\/\/x.com\/nuevodigescobar","https:\/\/www.instagram.com\/nuevodigitaldeescobar"]},{"@type":"Person","@id":"https:\/\/nuevodigitaldeescobar.com.ar\/#\/schema\/person\/035e90a8efe9a80e6eec22656ad6ea4c","name":"Redacci\u00f3n","image":{"@type":"ImageObject","inLanguage":"es","@id":"https:\/\/nuevodigitaldeescobar.com.ar\/#\/schema\/person\/image\/","url":"https:\/\/secure.gravatar.com\/avatar\/8af8f40000c24e9eef3034f2be5998a372bb1389e64b1a4a36b3a7979142220d?s=96&d=mm&r=g","contentUrl":"https:\/\/secure.gravatar.com\/avatar\/8af8f40000c24e9eef3034f2be5998a372bb1389e64b1a4a36b3a7979142220d?s=96&d=mm&r=g","caption":"Redacci\u00f3n"},"sameAs":["http:\/\/nuevodigitaldeescobar.com.ar"],"url":"https:\/\/nuevodigitaldeescobar.com.ar\/?author=1"}]}},"featured_image_urls":{"full":["https:\/\/nuevodigitaldeescobar.com.ar\/wp-content\/uploads\/2023\/11\/piqueteros-e1701191756492.jpg",720,405,false],"thumbnail":["https:\/\/nuevodigitaldeescobar.com.ar\/wp-content\/uploads\/2023\/11\/piqueteros-150x150.jpg",150,150,true],"medium":["https:\/\/nuevodigitaldeescobar.com.ar\/wp-content\/uploads\/2023\/11\/piqueteros-300x169.jpg",300,169,true],"medium_large":["https:\/\/nuevodigitaldeescobar.com.ar\/wp-content\/uploads\/2023\/11\/piqueteros-e1701191756492.jpg",640,360,false],"large":["https:\/\/nuevodigitaldeescobar.com.ar\/wp-content\/uploads\/2023\/11\/piqueteros-e1701191756492.jpg",640,360,false],"1536x1536":["https:\/\/nuevodigitaldeescobar.com.ar\/wp-content\/uploads\/2023\/11\/piqueteros-e1701191756492.jpg",720,405,false],"2048x2048":["https:\/\/nuevodigitaldeescobar.com.ar\/wp-content\/uploads\/2023\/11\/piqueteros-e1701191756492.jpg",720,405,false]},"author_info":{"display_name":"Redacci\u00f3n","author_link":"https:\/\/nuevodigitaldeescobar.com.ar\/?author=1"},"category_info":"<a href=\"https:\/\/nuevodigitaldeescobar.com.ar\/?cat=10\" rel=\"category\">Econom\u00eda<\/a> <a href=\"https:\/\/nuevodigitaldeescobar.com.ar\/?cat=6\" rel=\"category\">Pol\u00edtica<\/a> <a href=\"https:\/\/nuevodigitaldeescobar.com.ar\/?cat=15\" rel=\"category\">Sociedad<\/a>","tag_info":"Sociedad","comment_count":"0","_links":{"self":[{"href":"https:\/\/nuevodigitaldeescobar.com.ar\/index.php?rest_route=\/wp\/v2\/posts\/1282","targetHints":{"allow":["GET"]}}],"collection":[{"href":"https:\/\/nuevodigitaldeescobar.com.ar\/index.php?rest_route=\/wp\/v2\/posts"}],"about":[{"href":"https:\/\/nuevodigitaldeescobar.com.ar\/index.php?rest_route=\/wp\/v2\/types\/post"}],"author":[{"embeddable":true,"href":"https:\/\/nuevodigitaldeescobar.com.ar\/index.php?rest_route=\/wp\/v2\/users\/1"}],"replies":[{"embeddable":true,"href":"https:\/\/nuevodigitaldeescobar.com.ar\/index.php?rest_route=%2Fwp%2Fv2%2Fcomments&post=1282"}],"version-history":[{"count":2,"href":"https:\/\/nuevodigitaldeescobar.com.ar\/index.php?rest_route=\/wp\/v2\/posts\/1282\/revisions"}],"predecessor-version":[{"id":1286,"href":"https:\/\/nuevodigitaldeescobar.com.ar\/index.php?rest_route=\/wp\/v2\/posts\/1282\/revisions\/1286"}],"wp:featuredmedia":[{"embeddable":true,"href":"https:\/\/nuevodigitaldeescobar.com.ar\/index.php?rest_route=\/wp\/v2\/media\/1283"}],"wp:attachment":[{"href":"https:\/\/nuevodigitaldeescobar.com.ar\/index.php?rest_route=%2Fwp%2Fv2%2Fmedia&parent=1282"}],"wp:term":[{"taxonomy":"category","embeddable":true,"href":"https:\/\/nuevodigitaldeescobar.com.ar\/index.php?rest_route=%2Fwp%2Fv2%2Fcategories&post=1282"},{"taxonomy":"post_tag","embeddable":true,"href":"https:\/\/nuevodigitaldeescobar.com.ar\/index.php?rest_route=%2Fwp%2Fv2%2Ftags&post=1282"}],"curies":[{"name":"wp","href":"https:\/\/api.w.org\/{rel}","templated":true}]}}