{"id":12838,"date":"2025-03-11T00:10:00","date_gmt":"2025-03-11T03:10:00","guid":{"rendered":"https:\/\/nuevodigitaldeescobar.com.ar\/?p=12838"},"modified":"2025-03-10T22:16:14","modified_gmt":"2025-03-11T01:16:14","slug":"la-justicia-le-da-72-horas-al-gobierno-para-explicar-que-paso-con-los-alimentos-denunciados-por-grabois","status":"publish","type":"post","link":"https:\/\/nuevodigitaldeescobar.com.ar\/?p=12838","title":{"rendered":"La Justicia le da 72 horas al Gobierno para explicar qu\u00e9 pas\u00f3 con los alimentos denunciados por Grabois"},"content":{"rendered":"\n<p class=\"has-vivid-cyan-blue-color has-text-color has-link-color wp-elements-bf39f31d18773bf2135a750cfcddb869\"><em><strong>En el marco de una nueva denuncia impulsada por el dirigente social Juan Grabois, el juez federal Juli\u00e1n Ercolini orden\u00f3 al Ministerio de Capital Humano, encabezado por Sandra Pettovello, presentar un informe detallado sobre el estado de los alimentos y \u00fatiles escolares que supuestamente permanecen retenidos en los dep\u00f3sitos oficiales sin ser distribuidos a sectores vulnerables.<\/strong><\/em><\/p>\n\n\n\n<!--more-->\n\n\n\n<p>La solicitud judicial se da en un contexto cr\u00edtico, mientras el Gobierno nacional canaliza asistencia humanitaria a Bah\u00eda Blanca, tras el devastador temporal que dej\u00f3 un saldo de 16 v\u00edctimas fatales y miles de evacuados. Sin embargo, en paralelo, la Justicia investiga si el Ministerio de Capital Humano posee alimentos almacenados que podr\u00edan ser destinados a poblaciones en situaci\u00f3n de emergencia.<\/p>\n\n\n\n<h3 class=\"wp-block-heading has-text-color has-link-color wp-elements-f90a25604c8c48a3ca721cf6d7dddca4\" style=\"color:#0614b3\"><em>El pedido de la Justicia<\/em><\/h3>\n\n\n\n<p>El magistrado estableci\u00f3 un plazo de 72 horas h\u00e1biles para que la cartera de Capital Humano informe si es cierta la denuncia realizada por Grabois y el secretario general de la Uni\u00f3n de Trabajadores de la Econom\u00eda Popular (UTEP), Alejandro Gramajo, sobre la existencia de alimentos <em>\u00aba punto de pudrirse\u00bb<\/em> y \u00fatiles escolares acumulados sin ser distribuidos.<\/p>\n\n\n\n<p>Seg\u00fan consta en la resoluci\u00f3n judicial, Ercolini pidi\u00f3 que el Ministerio detalle qui\u00e9nes han retirado alimentos desde el 1 de junio de 2024, cu\u00e1les fueron los productos entregados y en qu\u00e9 cantidad. Adem\u00e1s, solicit\u00f3 que se informe sobre el stock actual, incluyendo marcas, cantidades, fechas de vencimiento y razones por las que a\u00fan permanecen en los dep\u00f3sitos. La documentaci\u00f3n respaldatoria tambi\u00e9n deber\u00e1 ser presentada ante el tribunal.<\/p>\n\n\n<div class=\"wp-block-image is-style-rounded\">\n<figure class=\"aligncenter size-large\"><img fetchpriority=\"high\" decoding=\"async\" width=\"1024\" height=\"768\" src=\"https:\/\/nuevodigitaldeescobar.com.ar\/wp-content\/uploads\/2025\/03\/pettovgrab238-1024x768.png\" alt=\"\" class=\"wp-image-12840\" srcset=\"https:\/\/nuevodigitaldeescobar.com.ar\/wp-content\/uploads\/2025\/03\/pettovgrab238-1024x768.png 1024w, https:\/\/nuevodigitaldeescobar.com.ar\/wp-content\/uploads\/2025\/03\/pettovgrab238-300x225.png 300w, https:\/\/nuevodigitaldeescobar.com.ar\/wp-content\/uploads\/2025\/03\/pettovgrab238-768x576.png 768w, https:\/\/nuevodigitaldeescobar.com.ar\/wp-content\/uploads\/2025\/03\/pettovgrab238.png 1200w\" sizes=\"(max-width: 1024px) 100vw, 1024px\" \/><\/figure><\/div>\n\n\n<h3 class=\"wp-block-heading has-text-color has-link-color wp-elements-3fab5cc74c86e7f65479f8d248d296cf\" style=\"color:#0614b3\"><em>Las acusaciones y la respuesta del Gobierno<\/em><\/h3>\n\n\n\n<p>Grabois y Gramajo presentaron videos y fotograf\u00edas que, seg\u00fan ellos, evidencian el abandono de productos en los galpones estatales, incluyendo cajas con alimentos y \u00fatiles escolares. En respuesta, desde el Ministerio de Capital Humano negaron las acusaciones y afirmaron que <em>\u00ablas im\u00e1genes no son actuales\u00bb<\/em>.<\/p>\n\n\n\n<p><em>\u00abHoy no hay leche ni otros alimentos en los dep\u00f3sitos de Capital Humano. El se\u00f1or Grabois intenta prefabricar un escenario inexistente para confundir a la sociedad y a la Justicia\u00bb<\/em>, aseguraron fuentes del Ministerio. Seg\u00fan los funcionarios, al 3 de marzo de 2025, en los dep\u00f3sitos solo quedaba <em>\u00abun remanente de yerba mate y aceite comestible en perfecto estado\u00bb<\/em>, pendientes de retiro desde diciembre de 2024 por parte de algunas provincias.<\/p>\n\n\n\n<p>Con respecto a los \u00fatiles escolares que aparecen en las im\u00e1genes difundidas por Grabois, el Ministerio explic\u00f3 que <em>\u00abcorresponden a rezagos de Aduana que est\u00e1n en proceso de clasificaci\u00f3n para su distribuci\u00f3n en escuelas vulnerables\u00bb<\/em>. Asimismo, desmintieron que existan 13 dep\u00f3sitos bajo su gesti\u00f3n y aseguraron que <em>\u00absolo cinco est\u00e1n operativos\u00bb<\/em>.<\/p>\n\n\n\n<h3 class=\"wp-block-heading has-text-color has-link-color wp-elements-0dc21721a9f17af306d06a5fb40db507\" style=\"color:#0614b3\"><em>Un trasfondo pol\u00edtico<\/em><\/h3>\n\n\n\n<p>El Gobierno vincula las denuncias con la eliminaci\u00f3n de intermediarios en la asistencia social y con la reestructuraci\u00f3n de la Secretar\u00eda de Ni\u00f1ez, Adolescencia y Familia. Como parte de esa reforma, fue disuelta la Subsecretar\u00eda de Innovaci\u00f3n en Econom\u00eda Solidaria, anteriormente conocida como Secretar\u00eda de Econom\u00eda Social, que durante el gobierno de Alberto Fern\u00e1ndez estuvo a cargo de Emilio P\u00e9rsico, l\u00edder del Movimiento Evita. P\u00e9rsico es investigado por presunto fraude a la administraci\u00f3n p\u00fablica en el manejo de subsidios millonarios destinados a cooperativas vinculadas a su organizaci\u00f3n.<\/p>\n\n\n\n<p>Mientras la cartera de Pettovello insiste en que no hay alimentos retenidos y que las denuncias son <em>\u00abfalsas\u00bb<\/em>, la Justicia contin\u00faa con la investigaci\u00f3n y espera el informe oficial del Ministerio de Capital Humano en las pr\u00f3ximas horas.<\/p>\n","protected":false},"excerpt":{"rendered":"<p>En el marco de una nueva denuncia impulsada por el dirigente social Juan Grabois, el juez federal Juli\u00e1n Ercolini orden\u00f3 al Ministerio de Capital Humano, [&hellip;]<\/p>\n","protected":false},"author":1,"featured_media":12839,"comment_status":"open","ping_status":"open","sticky":false,"template":"","format":"standard","meta":{"footnotes":""},"categories":[235],"tags":[],"class_list":["post-12838","post","type-post","status-publish","format-standard","has-post-thumbnail","hentry","category-judiciales"],"better_featured_image":{"id":12839,"alt_text":"","caption":"","description":"","media_type":"image","media_details":{"width":987,"height":555,"file":"2025\/03\/pettovgrab231.jpg","filesize":65188,"sizes":{"medium":{"file":"pettovgrab231-300x169.jpg","width":300,"height":169,"mime-type":"image\/jpeg","filesize":11497,"source_url":"https:\/\/nuevodigitaldeescobar.com.ar\/wp-content\/uploads\/2025\/03\/pettovgrab231-300x169.jpg"},"thumbnail":{"file":"pettovgrab231-150x150.jpg","width":150,"height":150,"mime-type":"image\/jpeg","filesize":5816,"source_url":"https:\/\/nuevodigitaldeescobar.com.ar\/wp-content\/uploads\/2025\/03\/pettovgrab231-150x150.jpg"},"medium_large":{"file":"pettovgrab231-768x432.jpg","width":768,"height":432,"mime-type":"image\/jpeg","filesize":46419,"source_url":"https:\/\/nuevodigitaldeescobar.com.ar\/wp-content\/uploads\/2025\/03\/pettovgrab231-768x432.jpg"}},"image_meta":{"aperture":"0","credit":"","camera":"","caption":"","created_timestamp":"0","copyright":"","focal_length":"0","iso":"0","shutter_speed":"0","title":"","orientation":"0","keywords":[]}},"post":12838,"source_url":"https:\/\/nuevodigitaldeescobar.com.ar\/wp-content\/uploads\/2025\/03\/pettovgrab231.jpg"},"yoast_head":"<!-- This site is optimized with the Yoast SEO plugin v26.1.1 - https:\/\/yoast.com\/wordpress\/plugins\/seo\/ -->\n<title>La Justicia le da 72 horas al Gobierno para explicar qu\u00e9 pas\u00f3 con los alimentos denunciados por Grabois - Nuevo Digital de Escobar<\/title>\n<meta name=\"robots\" content=\"index, follow, max-snippet:-1, max-image-preview:large, max-video-preview:-1\" \/>\n<link rel=\"canonical\" href=\"https:\/\/nuevodigitaldeescobar.com.ar\/?p=12838\" \/>\n<meta property=\"og:locale\" content=\"es_ES\" \/>\n<meta property=\"og:type\" content=\"article\" \/>\n<meta property=\"og:title\" content=\"La Justicia le da 72 horas al Gobierno para explicar qu\u00e9 pas\u00f3 con los alimentos denunciados por Grabois - Nuevo Digital de Escobar\" \/>\n<meta property=\"og:description\" content=\"En el marco de una nueva denuncia impulsada por el dirigente social Juan Grabois, el juez federal Juli\u00e1n Ercolini orden\u00f3 al Ministerio de Capital Humano, [&hellip;]\" \/>\n<meta property=\"og:url\" content=\"https:\/\/nuevodigitaldeescobar.com.ar\/?p=12838\" \/>\n<meta property=\"og:site_name\" content=\"Nuevo Digital de Escobar\" \/>\n<meta property=\"article:publisher\" content=\"https:\/\/www.facebook.com\/NUEVODigitalDeEscobar\" \/>\n<meta property=\"article:published_time\" content=\"2025-03-11T03:10:00+00:00\" \/>\n<meta property=\"og:image\" content=\"https:\/\/nuevodigitaldeescobar.com.ar\/wp-content\/uploads\/2025\/03\/pettovgrab231.jpg\" \/>\n\t<meta property=\"og:image:width\" content=\"987\" \/>\n\t<meta property=\"og:image:height\" content=\"555\" \/>\n\t<meta property=\"og:image:type\" content=\"image\/jpeg\" \/>\n<meta name=\"author\" content=\"Redacci\u00f3n\" \/>\n<meta name=\"twitter:card\" content=\"summary_large_image\" \/>\n<meta name=\"twitter:creator\" content=\"@nuevodigescobar\" \/>\n<meta name=\"twitter:site\" content=\"@nuevodigescobar\" \/>\n<meta name=\"twitter:label1\" content=\"Escrito por\" \/>\n\t<meta name=\"twitter:data1\" content=\"Redacci\u00f3n\" \/>\n\t<meta name=\"twitter:label2\" content=\"Tiempo de lectura\" \/>\n\t<meta name=\"twitter:data2\" content=\"3 minutos\" \/>\n<script type=\"application\/ld+json\" class=\"yoast-schema-graph\">{\"@context\":\"https:\/\/schema.org\",\"@graph\":[{\"@type\":\"Article\",\"@id\":\"https:\/\/nuevodigitaldeescobar.com.ar\/?p=12838#article\",\"isPartOf\":{\"@id\":\"https:\/\/nuevodigitaldeescobar.com.ar\/?p=12838\"},\"author\":{\"name\":\"Redacci\u00f3n\",\"@id\":\"https:\/\/nuevodigitaldeescobar.com.ar\/#\/schema\/person\/035e90a8efe9a80e6eec22656ad6ea4c\"},\"headline\":\"La Justicia le da 72 horas al Gobierno para explicar qu\u00e9 pas\u00f3 con los alimentos denunciados por Grabois\",\"datePublished\":\"2025-03-11T03:10:00+00:00\",\"mainEntityOfPage\":{\"@id\":\"https:\/\/nuevodigitaldeescobar.com.ar\/?p=12838\"},\"wordCount\":610,\"commentCount\":0,\"publisher\":{\"@id\":\"https:\/\/nuevodigitaldeescobar.com.ar\/#organization\"},\"image\":{\"@id\":\"https:\/\/nuevodigitaldeescobar.com.ar\/?p=12838#primaryimage\"},\"thumbnailUrl\":\"https:\/\/nuevodigitaldeescobar.com.ar\/wp-content\/uploads\/2025\/03\/pettovgrab231.jpg\",\"articleSection\":[\"Judiciales\"],\"inLanguage\":\"es\",\"potentialAction\":[{\"@type\":\"CommentAction\",\"name\":\"Comment\",\"target\":[\"https:\/\/nuevodigitaldeescobar.com.ar\/?p=12838#respond\"]}]},{\"@type\":\"WebPage\",\"@id\":\"https:\/\/nuevodigitaldeescobar.com.ar\/?p=12838\",\"url\":\"https:\/\/nuevodigitaldeescobar.com.ar\/?p=12838\",\"name\":\"La Justicia le da 72 horas al Gobierno para explicar qu\u00e9 pas\u00f3 con los alimentos denunciados por Grabois - Nuevo Digital de Escobar\",\"isPartOf\":{\"@id\":\"https:\/\/nuevodigitaldeescobar.com.ar\/#website\"},\"primaryImageOfPage\":{\"@id\":\"https:\/\/nuevodigitaldeescobar.com.ar\/?p=12838#primaryimage\"},\"image\":{\"@id\":\"https:\/\/nuevodigitaldeescobar.com.ar\/?p=12838#primaryimage\"},\"thumbnailUrl\":\"https:\/\/nuevodigitaldeescobar.com.ar\/wp-content\/uploads\/2025\/03\/pettovgrab231.jpg\",\"datePublished\":\"2025-03-11T03:10:00+00:00\",\"breadcrumb\":{\"@id\":\"https:\/\/nuevodigitaldeescobar.com.ar\/?p=12838#breadcrumb\"},\"inLanguage\":\"es\",\"potentialAction\":[{\"@type\":\"ReadAction\",\"target\":[\"https:\/\/nuevodigitaldeescobar.com.ar\/?p=12838\"]}]},{\"@type\":\"ImageObject\",\"inLanguage\":\"es\",\"@id\":\"https:\/\/nuevodigitaldeescobar.com.ar\/?p=12838#primaryimage\",\"url\":\"https:\/\/nuevodigitaldeescobar.com.ar\/wp-content\/uploads\/2025\/03\/pettovgrab231.jpg\",\"contentUrl\":\"https:\/\/nuevodigitaldeescobar.com.ar\/wp-content\/uploads\/2025\/03\/pettovgrab231.jpg\",\"width\":987,\"height\":555},{\"@type\":\"BreadcrumbList\",\"@id\":\"https:\/\/nuevodigitaldeescobar.com.ar\/?p=12838#breadcrumb\",\"itemListElement\":[{\"@type\":\"ListItem\",\"position\":1,\"name\":\"Portada\",\"item\":\"https:\/\/nuevodigitaldeescobar.com.ar\/\"},{\"@type\":\"ListItem\",\"position\":2,\"name\":\"La Justicia le da 72 horas al Gobierno para explicar qu\u00e9 pas\u00f3 con los alimentos denunciados por Grabois\"}]},{\"@type\":\"WebSite\",\"@id\":\"https:\/\/nuevodigitaldeescobar.com.ar\/#website\",\"url\":\"https:\/\/nuevodigitaldeescobar.com.ar\/\",\"name\":\"Nuevo Digital de Escobar\",\"description\":\"La vida escobarense. Directora: Rosana Brunner\",\"publisher\":{\"@id\":\"https:\/\/nuevodigitaldeescobar.com.ar\/#organization\"},\"potentialAction\":[{\"@type\":\"SearchAction\",\"target\":{\"@type\":\"EntryPoint\",\"urlTemplate\":\"https:\/\/nuevodigitaldeescobar.com.ar\/?s={search_term_string}\"},\"query-input\":{\"@type\":\"PropertyValueSpecification\",\"valueRequired\":true,\"valueName\":\"search_term_string\"}}],\"inLanguage\":\"es\"},{\"@type\":\"Organization\",\"@id\":\"https:\/\/nuevodigitaldeescobar.com.ar\/#organization\",\"name\":\"Nuevo Digital de Escobar\",\"url\":\"https:\/\/nuevodigitaldeescobar.com.ar\/\",\"logo\":{\"@type\":\"ImageObject\",\"inLanguage\":\"es\",\"@id\":\"https:\/\/nuevodigitaldeescobar.com.ar\/#\/schema\/logo\/image\/\",\"url\":\"https:\/\/nuevodigitaldeescobar.com.ar\/wp-content\/uploads\/2025\/05\/cropped-logo-nuevo2.jpg\",\"contentUrl\":\"https:\/\/nuevodigitaldeescobar.com.ar\/wp-content\/uploads\/2025\/05\/cropped-logo-nuevo2.jpg\",\"width\":305,\"height\":305,\"caption\":\"Nuevo Digital de Escobar\"},\"image\":{\"@id\":\"https:\/\/nuevodigitaldeescobar.com.ar\/#\/schema\/logo\/image\/\"},\"sameAs\":[\"https:\/\/www.facebook.com\/NUEVODigitalDeEscobar\",\"https:\/\/x.com\/nuevodigescobar\",\"https:\/\/www.instagram.com\/nuevodigitaldeescobar\"]},{\"@type\":\"Person\",\"@id\":\"https:\/\/nuevodigitaldeescobar.com.ar\/#\/schema\/person\/035e90a8efe9a80e6eec22656ad6ea4c\",\"name\":\"Redacci\u00f3n\",\"image\":{\"@type\":\"ImageObject\",\"inLanguage\":\"es\",\"@id\":\"https:\/\/nuevodigitaldeescobar.com.ar\/#\/schema\/person\/image\/\",\"url\":\"https:\/\/secure.gravatar.com\/avatar\/8af8f40000c24e9eef3034f2be5998a372bb1389e64b1a4a36b3a7979142220d?s=96&d=mm&r=g\",\"contentUrl\":\"https:\/\/secure.gravatar.com\/avatar\/8af8f40000c24e9eef3034f2be5998a372bb1389e64b1a4a36b3a7979142220d?s=96&d=mm&r=g\",\"caption\":\"Redacci\u00f3n\"},\"sameAs\":[\"http:\/\/nuevodigitaldeescobar.com.ar\"],\"url\":\"https:\/\/nuevodigitaldeescobar.com.ar\/?author=1\"}]}<\/script>\n<!-- \/ Yoast SEO plugin. -->","yoast_head_json":{"title":"La Justicia le da 72 horas al Gobierno para explicar qu\u00e9 pas\u00f3 con los alimentos denunciados por Grabois - Nuevo Digital de Escobar","robots":{"index":"index","follow":"follow","max-snippet":"max-snippet:-1","max-image-preview":"max-image-preview:large","max-video-preview":"max-video-preview:-1"},"canonical":"https:\/\/nuevodigitaldeescobar.com.ar\/?p=12838","og_locale":"es_ES","og_type":"article","og_title":"La Justicia le da 72 horas al Gobierno para explicar qu\u00e9 pas\u00f3 con los alimentos denunciados por Grabois - Nuevo Digital de Escobar","og_description":"En el marco de una nueva denuncia impulsada por el dirigente social Juan Grabois, el juez federal Juli\u00e1n Ercolini orden\u00f3 al Ministerio de Capital Humano, [&hellip;]","og_url":"https:\/\/nuevodigitaldeescobar.com.ar\/?p=12838","og_site_name":"Nuevo Digital de Escobar","article_publisher":"https:\/\/www.facebook.com\/NUEVODigitalDeEscobar","article_published_time":"2025-03-11T03:10:00+00:00","og_image":[{"width":987,"height":555,"url":"https:\/\/nuevodigitaldeescobar.com.ar\/wp-content\/uploads\/2025\/03\/pettovgrab231.jpg","type":"image\/jpeg"}],"author":"Redacci\u00f3n","twitter_card":"summary_large_image","twitter_creator":"@nuevodigescobar","twitter_site":"@nuevodigescobar","twitter_misc":{"Escrito por":"Redacci\u00f3n","Tiempo de lectura":"3 minutos"},"schema":{"@context":"https:\/\/schema.org","@graph":[{"@type":"Article","@id":"https:\/\/nuevodigitaldeescobar.com.ar\/?p=12838#article","isPartOf":{"@id":"https:\/\/nuevodigitaldeescobar.com.ar\/?p=12838"},"author":{"name":"Redacci\u00f3n","@id":"https:\/\/nuevodigitaldeescobar.com.ar\/#\/schema\/person\/035e90a8efe9a80e6eec22656ad6ea4c"},"headline":"La Justicia le da 72 horas al Gobierno para explicar qu\u00e9 pas\u00f3 con los alimentos denunciados por Grabois","datePublished":"2025-03-11T03:10:00+00:00","mainEntityOfPage":{"@id":"https:\/\/nuevodigitaldeescobar.com.ar\/?p=12838"},"wordCount":610,"commentCount":0,"publisher":{"@id":"https:\/\/nuevodigitaldeescobar.com.ar\/#organization"},"image":{"@id":"https:\/\/nuevodigitaldeescobar.com.ar\/?p=12838#primaryimage"},"thumbnailUrl":"https:\/\/nuevodigitaldeescobar.com.ar\/wp-content\/uploads\/2025\/03\/pettovgrab231.jpg","articleSection":["Judiciales"],"inLanguage":"es","potentialAction":[{"@type":"CommentAction","name":"Comment","target":["https:\/\/nuevodigitaldeescobar.com.ar\/?p=12838#respond"]}]},{"@type":"WebPage","@id":"https:\/\/nuevodigitaldeescobar.com.ar\/?p=12838","url":"https:\/\/nuevodigitaldeescobar.com.ar\/?p=12838","name":"La Justicia le da 72 horas al Gobierno para explicar qu\u00e9 pas\u00f3 con los alimentos denunciados por Grabois - Nuevo Digital de Escobar","isPartOf":{"@id":"https:\/\/nuevodigitaldeescobar.com.ar\/#website"},"primaryImageOfPage":{"@id":"https:\/\/nuevodigitaldeescobar.com.ar\/?p=12838#primaryimage"},"image":{"@id":"https:\/\/nuevodigitaldeescobar.com.ar\/?p=12838#primaryimage"},"thumbnailUrl":"https:\/\/nuevodigitaldeescobar.com.ar\/wp-content\/uploads\/2025\/03\/pettovgrab231.jpg","datePublished":"2025-03-11T03:10:00+00:00","breadcrumb":{"@id":"https:\/\/nuevodigitaldeescobar.com.ar\/?p=12838#breadcrumb"},"inLanguage":"es","potentialAction":[{"@type":"ReadAction","target":["https:\/\/nuevodigitaldeescobar.com.ar\/?p=12838"]}]},{"@type":"ImageObject","inLanguage":"es","@id":"https:\/\/nuevodigitaldeescobar.com.ar\/?p=12838#primaryimage","url":"https:\/\/nuevodigitaldeescobar.com.ar\/wp-content\/uploads\/2025\/03\/pettovgrab231.jpg","contentUrl":"https:\/\/nuevodigitaldeescobar.com.ar\/wp-content\/uploads\/2025\/03\/pettovgrab231.jpg","width":987,"height":555},{"@type":"BreadcrumbList","@id":"https:\/\/nuevodigitaldeescobar.com.ar\/?p=12838#breadcrumb","itemListElement":[{"@type":"ListItem","position":1,"name":"Portada","item":"https:\/\/nuevodigitaldeescobar.com.ar\/"},{"@type":"ListItem","position":2,"name":"La Justicia le da 72 horas al Gobierno para explicar qu\u00e9 pas\u00f3 con los alimentos denunciados por Grabois"}]},{"@type":"WebSite","@id":"https:\/\/nuevodigitaldeescobar.com.ar\/#website","url":"https:\/\/nuevodigitaldeescobar.com.ar\/","name":"Nuevo Digital de Escobar","description":"La vida escobarense. Directora: Rosana Brunner","publisher":{"@id":"https:\/\/nuevodigitaldeescobar.com.ar\/#organization"},"potentialAction":[{"@type":"SearchAction","target":{"@type":"EntryPoint","urlTemplate":"https:\/\/nuevodigitaldeescobar.com.ar\/?s={search_term_string}"},"query-input":{"@type":"PropertyValueSpecification","valueRequired":true,"valueName":"search_term_string"}}],"inLanguage":"es"},{"@type":"Organization","@id":"https:\/\/nuevodigitaldeescobar.com.ar\/#organization","name":"Nuevo Digital de Escobar","url":"https:\/\/nuevodigitaldeescobar.com.ar\/","logo":{"@type":"ImageObject","inLanguage":"es","@id":"https:\/\/nuevodigitaldeescobar.com.ar\/#\/schema\/logo\/image\/","url":"https:\/\/nuevodigitaldeescobar.com.ar\/wp-content\/uploads\/2025\/05\/cropped-logo-nuevo2.jpg","contentUrl":"https:\/\/nuevodigitaldeescobar.com.ar\/wp-content\/uploads\/2025\/05\/cropped-logo-nuevo2.jpg","width":305,"height":305,"caption":"Nuevo Digital de Escobar"},"image":{"@id":"https:\/\/nuevodigitaldeescobar.com.ar\/#\/schema\/logo\/image\/"},"sameAs":["https:\/\/www.facebook.com\/NUEVODigitalDeEscobar","https:\/\/x.com\/nuevodigescobar","https:\/\/www.instagram.com\/nuevodigitaldeescobar"]},{"@type":"Person","@id":"https:\/\/nuevodigitaldeescobar.com.ar\/#\/schema\/person\/035e90a8efe9a80e6eec22656ad6ea4c","name":"Redacci\u00f3n","image":{"@type":"ImageObject","inLanguage":"es","@id":"https:\/\/nuevodigitaldeescobar.com.ar\/#\/schema\/person\/image\/","url":"https:\/\/secure.gravatar.com\/avatar\/8af8f40000c24e9eef3034f2be5998a372bb1389e64b1a4a36b3a7979142220d?s=96&d=mm&r=g","contentUrl":"https:\/\/secure.gravatar.com\/avatar\/8af8f40000c24e9eef3034f2be5998a372bb1389e64b1a4a36b3a7979142220d?s=96&d=mm&r=g","caption":"Redacci\u00f3n"},"sameAs":["http:\/\/nuevodigitaldeescobar.com.ar"],"url":"https:\/\/nuevodigitaldeescobar.com.ar\/?author=1"}]}},"featured_image_urls":{"full":["https:\/\/nuevodigitaldeescobar.com.ar\/wp-content\/uploads\/2025\/03\/pettovgrab231.jpg",987,555,false],"thumbnail":["https:\/\/nuevodigitaldeescobar.com.ar\/wp-content\/uploads\/2025\/03\/pettovgrab231-150x150.jpg",150,150,true],"medium":["https:\/\/nuevodigitaldeescobar.com.ar\/wp-content\/uploads\/2025\/03\/pettovgrab231-300x169.jpg",300,169,true],"medium_large":["https:\/\/nuevodigitaldeescobar.com.ar\/wp-content\/uploads\/2025\/03\/pettovgrab231-768x432.jpg",640,360,true],"large":["https:\/\/nuevodigitaldeescobar.com.ar\/wp-content\/uploads\/2025\/03\/pettovgrab231.jpg",640,360,false],"1536x1536":["https:\/\/nuevodigitaldeescobar.com.ar\/wp-content\/uploads\/2025\/03\/pettovgrab231.jpg",987,555,false],"2048x2048":["https:\/\/nuevodigitaldeescobar.com.ar\/wp-content\/uploads\/2025\/03\/pettovgrab231.jpg",987,555,false]},"author_info":{"display_name":"Redacci\u00f3n","author_link":"https:\/\/nuevodigitaldeescobar.com.ar\/?author=1"},"category_info":"<a href=\"https:\/\/nuevodigitaldeescobar.com.ar\/?cat=235\" rel=\"category\">Judiciales<\/a>","tag_info":"Judiciales","comment_count":"0","_links":{"self":[{"href":"https:\/\/nuevodigitaldeescobar.com.ar\/index.php?rest_route=\/wp\/v2\/posts\/12838","targetHints":{"allow":["GET"]}}],"collection":[{"href":"https:\/\/nuevodigitaldeescobar.com.ar\/index.php?rest_route=\/wp\/v2\/posts"}],"about":[{"href":"https:\/\/nuevodigitaldeescobar.com.ar\/index.php?rest_route=\/wp\/v2\/types\/post"}],"author":[{"embeddable":true,"href":"https:\/\/nuevodigitaldeescobar.com.ar\/index.php?rest_route=\/wp\/v2\/users\/1"}],"replies":[{"embeddable":true,"href":"https:\/\/nuevodigitaldeescobar.com.ar\/index.php?rest_route=%2Fwp%2Fv2%2Fcomments&post=12838"}],"version-history":[{"count":1,"href":"https:\/\/nuevodigitaldeescobar.com.ar\/index.php?rest_route=\/wp\/v2\/posts\/12838\/revisions"}],"predecessor-version":[{"id":12841,"href":"https:\/\/nuevodigitaldeescobar.com.ar\/index.php?rest_route=\/wp\/v2\/posts\/12838\/revisions\/12841"}],"wp:featuredmedia":[{"embeddable":true,"href":"https:\/\/nuevodigitaldeescobar.com.ar\/index.php?rest_route=\/wp\/v2\/media\/12839"}],"wp:attachment":[{"href":"https:\/\/nuevodigitaldeescobar.com.ar\/index.php?rest_route=%2Fwp%2Fv2%2Fmedia&parent=12838"}],"wp:term":[{"taxonomy":"category","embeddable":true,"href":"https:\/\/nuevodigitaldeescobar.com.ar\/index.php?rest_route=%2Fwp%2Fv2%2Fcategories&post=12838"},{"taxonomy":"post_tag","embeddable":true,"href":"https:\/\/nuevodigitaldeescobar.com.ar\/index.php?rest_route=%2Fwp%2Fv2%2Ftags&post=12838"}],"curies":[{"name":"wp","href":"https:\/\/api.w.org\/{rel}","templated":true}]}}