{"id":12860,"date":"2025-03-11T13:45:48","date_gmt":"2025-03-11T16:45:48","guid":{"rendered":"https:\/\/nuevodigitaldeescobar.com.ar\/?p=12860"},"modified":"2025-03-11T13:48:28","modified_gmt":"2025-03-11T16:48:28","slug":"la-fundacion-mirgor-lanzo-su-programa-de-becas-para-alumnos-de-los-ultimos-anos-de-escuelas-secundarias-tecnicas","status":"publish","type":"post","link":"https:\/\/nuevodigitaldeescobar.com.ar\/?p=12860","title":{"rendered":"La Fundaci\u00f3n Mirgor lanz\u00f3 su programa de becas para alumnos de los \u00faltimos a\u00f1os de escuelas t\u00e9cnicas de Escobar"},"content":{"rendered":"\n<p>La Fundaci\u00f3n Mirgor, comprometida con la educaci\u00f3n de calidad y el desarrollo de talento, lanz\u00f3 su programa de becas con el objetivo de acompa\u00f1ar a j\u00f3venes estudiantes de escuelas t\u00e9cnicas de R\u00edo Grande, Ushuaia, Baradero, Escobar y Bol\u00edvar.<\/p>\n\n\n\n<!--more-->\n\n\n\n<p>A trav\u00e9s de este programa de becas, la Fundaci\u00f3n buscar\u00e1 estimular la excelencia acad\u00e9mica en los estudiantes de especialidades consideradas estrat\u00e9gicas para el desarrollo industrial y tecnol\u00f3gico de las comunidades donde la compa\u00f1\u00eda tiene operaciones, fortaleciendo adem\u00e1s la transici\u00f3n entre la escuela secundaria, la formaci\u00f3n profesional y la trayectoria laboral.<\/p>\n\n\n\n<p>En ese sentido, a trav\u00e9s de este programa la Fundaci\u00f3n Mirgor ofrecer\u00e1 un apoyo econ\u00f3mico durante 8 meses para gastos vinculados a la educaci\u00f3n, la oportunidad de complementar la formaci\u00f3n acad\u00e9mica con pr\u00e1cticas profesionalizantes, prioridad para participar en sus programas de desarrollo y capacitaci\u00f3n y formar parte de una comunidad de j\u00f3venes talentosos y apasionados por la tecnolog\u00eda.<\/p>\n\n\n\n<p>Los requisitos para inscribirse son:<\/p>\n\n\n\n<p>\u00b7 Estar cursando los dos \u00faltimos a\u00f1os en una escuela t\u00e9cnica con orientaci\u00f3n en: Maestro mayor de obras; Equipos e instalaciones electromec\u00e1nicas; Inform\u00e1tica profesional y personal; Producciones agropecuarias, Gesti\u00f3n y organizaci\u00f3n; Electr\u00f3nica; Programaci\u00f3n; T\u00e9cnico qu\u00edmico.<\/p>\n\n\n\n<p>\u00b7 Ser residente de R\u00edo Grande, Ushuaia, Baradero, Escobar o Bol\u00edvar con un m\u00ednimo de residencia de 2 a\u00f1os efectiva y comprobable en la ciudad.<\/p>\n\n\n<div class=\"wp-block-image\">\n<figure class=\"aligncenter size-large\"><img fetchpriority=\"high\" decoding=\"async\" width=\"1024\" height=\"768\" src=\"http:\/\/nuevodigitaldeescobar.com.ar\/wp-content\/uploads\/2025\/03\/20240604_101510-1024x768.jpg\" alt=\"\" class=\"wp-image-12862\" srcset=\"https:\/\/nuevodigitaldeescobar.com.ar\/wp-content\/uploads\/2025\/03\/20240604_101510-1024x768.jpg 1024w, https:\/\/nuevodigitaldeescobar.com.ar\/wp-content\/uploads\/2025\/03\/20240604_101510-300x225.jpg 300w, https:\/\/nuevodigitaldeescobar.com.ar\/wp-content\/uploads\/2025\/03\/20240604_101510-768x576.jpg 768w, https:\/\/nuevodigitaldeescobar.com.ar\/wp-content\/uploads\/2025\/03\/20240604_101510-1536x1152.jpg 1536w, https:\/\/nuevodigitaldeescobar.com.ar\/wp-content\/uploads\/2025\/03\/20240604_101510-2048x1536.jpg 2048w\" sizes=\"(max-width: 1024px) 100vw, 1024px\" \/><\/figure><\/div>\n\n\n<p>\u00b7 Tener un promedio de 7 puntos o m\u00e1s en las materias t\u00e9cnicas espec\u00edficas.<\/p>\n\n\n\n<p>\u00b7 Demostrar participaci\u00f3n en proyectos escolares o comunitarios relacionados con su formaci\u00f3n t\u00e9cnica (no excluyente).<\/p>\n\n\n\n<p>Cabe destacar que no se realizar\u00e1n devoluciones individuales sobre solicitud de postulantes que no hayan sido beneficiados. Por otro lado, la participaci\u00f3n<\/p>\n\n\n\n<p>en los programas y actividades propuestas por la Fundaci\u00f3n, no implican una posterior contrataci\u00f3n por parte del Grupo Mirgor.<\/p>\n\n\n\n<p>Quienes est\u00e9n interesados en participar, tendr\u00e1n tiempo de inscribirse hasta el 20 de marzo inclusive, y deber\u00e1n hacerlo a trav\u00e9s del formulario online que se encuentra en la p\u00e1gina web de la Fundaci\u00f3n: <a href=\"https:\/\/fundacionmirgor.org\/?p=1704\" target=\"_blank\" rel=\"noreferrer noopener\">https:\/\/fundacionmirgor.org\/?p=1704<\/a>. El 27 de marzo se les comunicar\u00e1 v\u00eda mail a los 20 estudiantes que han sido seleccionados.<\/p>\n","protected":false},"excerpt":{"rendered":"<p>La Fundaci\u00f3n Mirgor, comprometida con la educaci\u00f3n de calidad y el desarrollo de talento, lanz\u00f3 su programa de becas con el objetivo de acompa\u00f1ar a [&hellip;]<\/p>\n","protected":false},"author":1,"featured_media":12861,"comment_status":"open","ping_status":"open","sticky":false,"template":"","format":"standard","meta":{"footnotes":""},"categories":[4],"tags":[],"class_list":["post-12860","post","type-post","status-publish","format-standard","has-post-thumbnail","hentry","category-educacion"],"better_featured_image":{"id":12861,"alt_text":"","caption":"","description":"","media_type":"image","media_details":{"width":1600,"height":1200,"file":"2025\/03\/WhatsApp-Image-2024-06-18-at-15.01.29.jpeg","filesize":209934,"sizes":{"medium":{"file":"WhatsApp-Image-2024-06-18-at-15.01.29-300x225.jpeg","width":300,"height":225,"mime-type":"image\/jpeg","filesize":16845,"source_url":"https:\/\/nuevodigitaldeescobar.com.ar\/wp-content\/uploads\/2025\/03\/WhatsApp-Image-2024-06-18-at-15.01.29-300x225.jpeg"},"large":{"file":"WhatsApp-Image-2024-06-18-at-15.01.29-1024x768.jpeg","width":1024,"height":768,"mime-type":"image\/jpeg","filesize":122639,"source_url":"https:\/\/nuevodigitaldeescobar.com.ar\/wp-content\/uploads\/2025\/03\/WhatsApp-Image-2024-06-18-at-15.01.29-1024x768.jpeg"},"thumbnail":{"file":"WhatsApp-Image-2024-06-18-at-15.01.29-150x150.jpeg","width":150,"height":150,"mime-type":"image\/jpeg","filesize":6551,"source_url":"https:\/\/nuevodigitaldeescobar.com.ar\/wp-content\/uploads\/2025\/03\/WhatsApp-Image-2024-06-18-at-15.01.29-150x150.jpeg"},"medium_large":{"file":"WhatsApp-Image-2024-06-18-at-15.01.29-768x576.jpeg","width":768,"height":576,"mime-type":"image\/jpeg","filesize":77255,"source_url":"https:\/\/nuevodigitaldeescobar.com.ar\/wp-content\/uploads\/2025\/03\/WhatsApp-Image-2024-06-18-at-15.01.29-768x576.jpeg"},"1536x1536":{"file":"WhatsApp-Image-2024-06-18-at-15.01.29-1536x1152.jpeg","width":1536,"height":1152,"mime-type":"image\/jpeg","filesize":228640,"source_url":"https:\/\/nuevodigitaldeescobar.com.ar\/wp-content\/uploads\/2025\/03\/WhatsApp-Image-2024-06-18-at-15.01.29-1536x1152.jpeg"}},"image_meta":{"aperture":"0","credit":"","camera":"","caption":"","created_timestamp":"0","copyright":"","focal_length":"0","iso":"0","shutter_speed":"0","title":"","orientation":"0","keywords":[]}},"post":12860,"source_url":"https:\/\/nuevodigitaldeescobar.com.ar\/wp-content\/uploads\/2025\/03\/WhatsApp-Image-2024-06-18-at-15.01.29.jpeg"},"yoast_head":"<!-- This site is optimized with the Yoast SEO plugin v26.1.1 - https:\/\/yoast.com\/wordpress\/plugins\/seo\/ -->\n<title>La Fundaci\u00f3n Mirgor lanz\u00f3 su programa de becas para alumnos de los \u00faltimos a\u00f1os de escuelas t\u00e9cnicas de Escobar - Nuevo Digital de Escobar<\/title>\n<meta name=\"robots\" content=\"index, follow, max-snippet:-1, max-image-preview:large, max-video-preview:-1\" \/>\n<link rel=\"canonical\" href=\"https:\/\/nuevodigitaldeescobar.com.ar\/?p=12860\" \/>\n<meta property=\"og:locale\" content=\"es_ES\" \/>\n<meta property=\"og:type\" content=\"article\" \/>\n<meta property=\"og:title\" content=\"La Fundaci\u00f3n Mirgor lanz\u00f3 su programa de becas para alumnos de los \u00faltimos a\u00f1os de escuelas t\u00e9cnicas de Escobar - Nuevo Digital de Escobar\" \/>\n<meta property=\"og:description\" content=\"La Fundaci\u00f3n Mirgor, comprometida con la educaci\u00f3n de calidad y el desarrollo de talento, lanz\u00f3 su programa de becas con el objetivo de acompa\u00f1ar a [&hellip;]\" \/>\n<meta property=\"og:url\" content=\"https:\/\/nuevodigitaldeescobar.com.ar\/?p=12860\" \/>\n<meta property=\"og:site_name\" content=\"Nuevo Digital de Escobar\" \/>\n<meta property=\"article:publisher\" content=\"https:\/\/www.facebook.com\/NUEVODigitalDeEscobar\" \/>\n<meta property=\"article:published_time\" content=\"2025-03-11T16:45:48+00:00\" \/>\n<meta property=\"article:modified_time\" content=\"2025-03-11T16:48:28+00:00\" \/>\n<meta property=\"og:image\" content=\"https:\/\/nuevodigitaldeescobar.com.ar\/wp-content\/uploads\/2025\/03\/WhatsApp-Image-2024-06-18-at-15.01.29.jpeg\" \/>\n\t<meta property=\"og:image:width\" content=\"1600\" \/>\n\t<meta property=\"og:image:height\" content=\"1200\" \/>\n\t<meta property=\"og:image:type\" content=\"image\/jpeg\" \/>\n<meta name=\"author\" content=\"Redacci\u00f3n\" \/>\n<meta name=\"twitter:card\" content=\"summary_large_image\" \/>\n<meta name=\"twitter:creator\" content=\"@nuevodigescobar\" \/>\n<meta name=\"twitter:site\" content=\"@nuevodigescobar\" \/>\n<meta name=\"twitter:label1\" content=\"Escrito por\" \/>\n\t<meta name=\"twitter:data1\" content=\"Redacci\u00f3n\" \/>\n\t<meta name=\"twitter:label2\" content=\"Tiempo de lectura\" \/>\n\t<meta name=\"twitter:data2\" content=\"2 minutos\" \/>\n<script type=\"application\/ld+json\" class=\"yoast-schema-graph\">{\"@context\":\"https:\/\/schema.org\",\"@graph\":[{\"@type\":\"Article\",\"@id\":\"https:\/\/nuevodigitaldeescobar.com.ar\/?p=12860#article\",\"isPartOf\":{\"@id\":\"https:\/\/nuevodigitaldeescobar.com.ar\/?p=12860\"},\"author\":{\"name\":\"Redacci\u00f3n\",\"@id\":\"https:\/\/nuevodigitaldeescobar.com.ar\/#\/schema\/person\/035e90a8efe9a80e6eec22656ad6ea4c\"},\"headline\":\"La Fundaci\u00f3n Mirgor lanz\u00f3 su programa de becas para alumnos de los \u00faltimos a\u00f1os de escuelas t\u00e9cnicas de Escobar\",\"datePublished\":\"2025-03-11T16:45:48+00:00\",\"dateModified\":\"2025-03-11T16:48:28+00:00\",\"mainEntityOfPage\":{\"@id\":\"https:\/\/nuevodigitaldeescobar.com.ar\/?p=12860\"},\"wordCount\":405,\"commentCount\":0,\"publisher\":{\"@id\":\"https:\/\/nuevodigitaldeescobar.com.ar\/#organization\"},\"image\":{\"@id\":\"https:\/\/nuevodigitaldeescobar.com.ar\/?p=12860#primaryimage\"},\"thumbnailUrl\":\"https:\/\/nuevodigitaldeescobar.com.ar\/wp-content\/uploads\/2025\/03\/WhatsApp-Image-2024-06-18-at-15.01.29.jpeg\",\"articleSection\":[\"Educaci\u00f3n\"],\"inLanguage\":\"es\",\"potentialAction\":[{\"@type\":\"CommentAction\",\"name\":\"Comment\",\"target\":[\"https:\/\/nuevodigitaldeescobar.com.ar\/?p=12860#respond\"]}]},{\"@type\":\"WebPage\",\"@id\":\"https:\/\/nuevodigitaldeescobar.com.ar\/?p=12860\",\"url\":\"https:\/\/nuevodigitaldeescobar.com.ar\/?p=12860\",\"name\":\"La Fundaci\u00f3n Mirgor lanz\u00f3 su programa de becas para alumnos de los \u00faltimos a\u00f1os de escuelas t\u00e9cnicas de Escobar - Nuevo Digital de Escobar\",\"isPartOf\":{\"@id\":\"https:\/\/nuevodigitaldeescobar.com.ar\/#website\"},\"primaryImageOfPage\":{\"@id\":\"https:\/\/nuevodigitaldeescobar.com.ar\/?p=12860#primaryimage\"},\"image\":{\"@id\":\"https:\/\/nuevodigitaldeescobar.com.ar\/?p=12860#primaryimage\"},\"thumbnailUrl\":\"https:\/\/nuevodigitaldeescobar.com.ar\/wp-content\/uploads\/2025\/03\/WhatsApp-Image-2024-06-18-at-15.01.29.jpeg\",\"datePublished\":\"2025-03-11T16:45:48+00:00\",\"dateModified\":\"2025-03-11T16:48:28+00:00\",\"breadcrumb\":{\"@id\":\"https:\/\/nuevodigitaldeescobar.com.ar\/?p=12860#breadcrumb\"},\"inLanguage\":\"es\",\"potentialAction\":[{\"@type\":\"ReadAction\",\"target\":[\"https:\/\/nuevodigitaldeescobar.com.ar\/?p=12860\"]}]},{\"@type\":\"ImageObject\",\"inLanguage\":\"es\",\"@id\":\"https:\/\/nuevodigitaldeescobar.com.ar\/?p=12860#primaryimage\",\"url\":\"https:\/\/nuevodigitaldeescobar.com.ar\/wp-content\/uploads\/2025\/03\/WhatsApp-Image-2024-06-18-at-15.01.29.jpeg\",\"contentUrl\":\"https:\/\/nuevodigitaldeescobar.com.ar\/wp-content\/uploads\/2025\/03\/WhatsApp-Image-2024-06-18-at-15.01.29.jpeg\",\"width\":1600,\"height\":1200},{\"@type\":\"BreadcrumbList\",\"@id\":\"https:\/\/nuevodigitaldeescobar.com.ar\/?p=12860#breadcrumb\",\"itemListElement\":[{\"@type\":\"ListItem\",\"position\":1,\"name\":\"Portada\",\"item\":\"https:\/\/nuevodigitaldeescobar.com.ar\/\"},{\"@type\":\"ListItem\",\"position\":2,\"name\":\"La Fundaci\u00f3n Mirgor lanz\u00f3 su programa de becas para alumnos de los \u00faltimos a\u00f1os de escuelas t\u00e9cnicas de Escobar\"}]},{\"@type\":\"WebSite\",\"@id\":\"https:\/\/nuevodigitaldeescobar.com.ar\/#website\",\"url\":\"https:\/\/nuevodigitaldeescobar.com.ar\/\",\"name\":\"Nuevo Digital de Escobar\",\"description\":\"La vida escobarense. Directora: Rosana Brunner\",\"publisher\":{\"@id\":\"https:\/\/nuevodigitaldeescobar.com.ar\/#organization\"},\"potentialAction\":[{\"@type\":\"SearchAction\",\"target\":{\"@type\":\"EntryPoint\",\"urlTemplate\":\"https:\/\/nuevodigitaldeescobar.com.ar\/?s={search_term_string}\"},\"query-input\":{\"@type\":\"PropertyValueSpecification\",\"valueRequired\":true,\"valueName\":\"search_term_string\"}}],\"inLanguage\":\"es\"},{\"@type\":\"Organization\",\"@id\":\"https:\/\/nuevodigitaldeescobar.com.ar\/#organization\",\"name\":\"Nuevo Digital de Escobar\",\"url\":\"https:\/\/nuevodigitaldeescobar.com.ar\/\",\"logo\":{\"@type\":\"ImageObject\",\"inLanguage\":\"es\",\"@id\":\"https:\/\/nuevodigitaldeescobar.com.ar\/#\/schema\/logo\/image\/\",\"url\":\"https:\/\/nuevodigitaldeescobar.com.ar\/wp-content\/uploads\/2025\/05\/cropped-logo-nuevo2.jpg\",\"contentUrl\":\"https:\/\/nuevodigitaldeescobar.com.ar\/wp-content\/uploads\/2025\/05\/cropped-logo-nuevo2.jpg\",\"width\":305,\"height\":305,\"caption\":\"Nuevo Digital de Escobar\"},\"image\":{\"@id\":\"https:\/\/nuevodigitaldeescobar.com.ar\/#\/schema\/logo\/image\/\"},\"sameAs\":[\"https:\/\/www.facebook.com\/NUEVODigitalDeEscobar\",\"https:\/\/x.com\/nuevodigescobar\",\"https:\/\/www.instagram.com\/nuevodigitaldeescobar\"]},{\"@type\":\"Person\",\"@id\":\"https:\/\/nuevodigitaldeescobar.com.ar\/#\/schema\/person\/035e90a8efe9a80e6eec22656ad6ea4c\",\"name\":\"Redacci\u00f3n\",\"image\":{\"@type\":\"ImageObject\",\"inLanguage\":\"es\",\"@id\":\"https:\/\/nuevodigitaldeescobar.com.ar\/#\/schema\/person\/image\/\",\"url\":\"https:\/\/secure.gravatar.com\/avatar\/8af8f40000c24e9eef3034f2be5998a372bb1389e64b1a4a36b3a7979142220d?s=96&d=mm&r=g\",\"contentUrl\":\"https:\/\/secure.gravatar.com\/avatar\/8af8f40000c24e9eef3034f2be5998a372bb1389e64b1a4a36b3a7979142220d?s=96&d=mm&r=g\",\"caption\":\"Redacci\u00f3n\"},\"sameAs\":[\"http:\/\/nuevodigitaldeescobar.com.ar\"],\"url\":\"https:\/\/nuevodigitaldeescobar.com.ar\/?author=1\"}]}<\/script>\n<!-- \/ Yoast SEO plugin. -->","yoast_head_json":{"title":"La Fundaci\u00f3n Mirgor lanz\u00f3 su programa de becas para alumnos de los \u00faltimos a\u00f1os de escuelas t\u00e9cnicas de Escobar - Nuevo Digital de Escobar","robots":{"index":"index","follow":"follow","max-snippet":"max-snippet:-1","max-image-preview":"max-image-preview:large","max-video-preview":"max-video-preview:-1"},"canonical":"https:\/\/nuevodigitaldeescobar.com.ar\/?p=12860","og_locale":"es_ES","og_type":"article","og_title":"La Fundaci\u00f3n Mirgor lanz\u00f3 su programa de becas para alumnos de los \u00faltimos a\u00f1os de escuelas t\u00e9cnicas de Escobar - Nuevo Digital de Escobar","og_description":"La Fundaci\u00f3n Mirgor, comprometida con la educaci\u00f3n de calidad y el desarrollo de talento, lanz\u00f3 su programa de becas con el objetivo de acompa\u00f1ar a [&hellip;]","og_url":"https:\/\/nuevodigitaldeescobar.com.ar\/?p=12860","og_site_name":"Nuevo Digital de Escobar","article_publisher":"https:\/\/www.facebook.com\/NUEVODigitalDeEscobar","article_published_time":"2025-03-11T16:45:48+00:00","article_modified_time":"2025-03-11T16:48:28+00:00","og_image":[{"width":1600,"height":1200,"url":"https:\/\/nuevodigitaldeescobar.com.ar\/wp-content\/uploads\/2025\/03\/WhatsApp-Image-2024-06-18-at-15.01.29.jpeg","type":"image\/jpeg"}],"author":"Redacci\u00f3n","twitter_card":"summary_large_image","twitter_creator":"@nuevodigescobar","twitter_site":"@nuevodigescobar","twitter_misc":{"Escrito por":"Redacci\u00f3n","Tiempo de lectura":"2 minutos"},"schema":{"@context":"https:\/\/schema.org","@graph":[{"@type":"Article","@id":"https:\/\/nuevodigitaldeescobar.com.ar\/?p=12860#article","isPartOf":{"@id":"https:\/\/nuevodigitaldeescobar.com.ar\/?p=12860"},"author":{"name":"Redacci\u00f3n","@id":"https:\/\/nuevodigitaldeescobar.com.ar\/#\/schema\/person\/035e90a8efe9a80e6eec22656ad6ea4c"},"headline":"La Fundaci\u00f3n Mirgor lanz\u00f3 su programa de becas para alumnos de los \u00faltimos a\u00f1os de escuelas t\u00e9cnicas de Escobar","datePublished":"2025-03-11T16:45:48+00:00","dateModified":"2025-03-11T16:48:28+00:00","mainEntityOfPage":{"@id":"https:\/\/nuevodigitaldeescobar.com.ar\/?p=12860"},"wordCount":405,"commentCount":0,"publisher":{"@id":"https:\/\/nuevodigitaldeescobar.com.ar\/#organization"},"image":{"@id":"https:\/\/nuevodigitaldeescobar.com.ar\/?p=12860#primaryimage"},"thumbnailUrl":"https:\/\/nuevodigitaldeescobar.com.ar\/wp-content\/uploads\/2025\/03\/WhatsApp-Image-2024-06-18-at-15.01.29.jpeg","articleSection":["Educaci\u00f3n"],"inLanguage":"es","potentialAction":[{"@type":"CommentAction","name":"Comment","target":["https:\/\/nuevodigitaldeescobar.com.ar\/?p=12860#respond"]}]},{"@type":"WebPage","@id":"https:\/\/nuevodigitaldeescobar.com.ar\/?p=12860","url":"https:\/\/nuevodigitaldeescobar.com.ar\/?p=12860","name":"La Fundaci\u00f3n Mirgor lanz\u00f3 su programa de becas para alumnos de los \u00faltimos a\u00f1os de escuelas t\u00e9cnicas de Escobar - Nuevo Digital de Escobar","isPartOf":{"@id":"https:\/\/nuevodigitaldeescobar.com.ar\/#website"},"primaryImageOfPage":{"@id":"https:\/\/nuevodigitaldeescobar.com.ar\/?p=12860#primaryimage"},"image":{"@id":"https:\/\/nuevodigitaldeescobar.com.ar\/?p=12860#primaryimage"},"thumbnailUrl":"https:\/\/nuevodigitaldeescobar.com.ar\/wp-content\/uploads\/2025\/03\/WhatsApp-Image-2024-06-18-at-15.01.29.jpeg","datePublished":"2025-03-11T16:45:48+00:00","dateModified":"2025-03-11T16:48:28+00:00","breadcrumb":{"@id":"https:\/\/nuevodigitaldeescobar.com.ar\/?p=12860#breadcrumb"},"inLanguage":"es","potentialAction":[{"@type":"ReadAction","target":["https:\/\/nuevodigitaldeescobar.com.ar\/?p=12860"]}]},{"@type":"ImageObject","inLanguage":"es","@id":"https:\/\/nuevodigitaldeescobar.com.ar\/?p=12860#primaryimage","url":"https:\/\/nuevodigitaldeescobar.com.ar\/wp-content\/uploads\/2025\/03\/WhatsApp-Image-2024-06-18-at-15.01.29.jpeg","contentUrl":"https:\/\/nuevodigitaldeescobar.com.ar\/wp-content\/uploads\/2025\/03\/WhatsApp-Image-2024-06-18-at-15.01.29.jpeg","width":1600,"height":1200},{"@type":"BreadcrumbList","@id":"https:\/\/nuevodigitaldeescobar.com.ar\/?p=12860#breadcrumb","itemListElement":[{"@type":"ListItem","position":1,"name":"Portada","item":"https:\/\/nuevodigitaldeescobar.com.ar\/"},{"@type":"ListItem","position":2,"name":"La Fundaci\u00f3n Mirgor lanz\u00f3 su programa de becas para alumnos de los \u00faltimos a\u00f1os de escuelas t\u00e9cnicas de Escobar"}]},{"@type":"WebSite","@id":"https:\/\/nuevodigitaldeescobar.com.ar\/#website","url":"https:\/\/nuevodigitaldeescobar.com.ar\/","name":"Nuevo Digital de Escobar","description":"La vida escobarense. Directora: Rosana Brunner","publisher":{"@id":"https:\/\/nuevodigitaldeescobar.com.ar\/#organization"},"potentialAction":[{"@type":"SearchAction","target":{"@type":"EntryPoint","urlTemplate":"https:\/\/nuevodigitaldeescobar.com.ar\/?s={search_term_string}"},"query-input":{"@type":"PropertyValueSpecification","valueRequired":true,"valueName":"search_term_string"}}],"inLanguage":"es"},{"@type":"Organization","@id":"https:\/\/nuevodigitaldeescobar.com.ar\/#organization","name":"Nuevo Digital de Escobar","url":"https:\/\/nuevodigitaldeescobar.com.ar\/","logo":{"@type":"ImageObject","inLanguage":"es","@id":"https:\/\/nuevodigitaldeescobar.com.ar\/#\/schema\/logo\/image\/","url":"https:\/\/nuevodigitaldeescobar.com.ar\/wp-content\/uploads\/2025\/05\/cropped-logo-nuevo2.jpg","contentUrl":"https:\/\/nuevodigitaldeescobar.com.ar\/wp-content\/uploads\/2025\/05\/cropped-logo-nuevo2.jpg","width":305,"height":305,"caption":"Nuevo Digital de Escobar"},"image":{"@id":"https:\/\/nuevodigitaldeescobar.com.ar\/#\/schema\/logo\/image\/"},"sameAs":["https:\/\/www.facebook.com\/NUEVODigitalDeEscobar","https:\/\/x.com\/nuevodigescobar","https:\/\/www.instagram.com\/nuevodigitaldeescobar"]},{"@type":"Person","@id":"https:\/\/nuevodigitaldeescobar.com.ar\/#\/schema\/person\/035e90a8efe9a80e6eec22656ad6ea4c","name":"Redacci\u00f3n","image":{"@type":"ImageObject","inLanguage":"es","@id":"https:\/\/nuevodigitaldeescobar.com.ar\/#\/schema\/person\/image\/","url":"https:\/\/secure.gravatar.com\/avatar\/8af8f40000c24e9eef3034f2be5998a372bb1389e64b1a4a36b3a7979142220d?s=96&d=mm&r=g","contentUrl":"https:\/\/secure.gravatar.com\/avatar\/8af8f40000c24e9eef3034f2be5998a372bb1389e64b1a4a36b3a7979142220d?s=96&d=mm&r=g","caption":"Redacci\u00f3n"},"sameAs":["http:\/\/nuevodigitaldeescobar.com.ar"],"url":"https:\/\/nuevodigitaldeescobar.com.ar\/?author=1"}]}},"featured_image_urls":{"full":["https:\/\/nuevodigitaldeescobar.com.ar\/wp-content\/uploads\/2025\/03\/WhatsApp-Image-2024-06-18-at-15.01.29.jpeg",1600,1200,false],"thumbnail":["https:\/\/nuevodigitaldeescobar.com.ar\/wp-content\/uploads\/2025\/03\/WhatsApp-Image-2024-06-18-at-15.01.29-150x150.jpeg",150,150,true],"medium":["https:\/\/nuevodigitaldeescobar.com.ar\/wp-content\/uploads\/2025\/03\/WhatsApp-Image-2024-06-18-at-15.01.29-300x225.jpeg",300,225,true],"medium_large":["https:\/\/nuevodigitaldeescobar.com.ar\/wp-content\/uploads\/2025\/03\/WhatsApp-Image-2024-06-18-at-15.01.29-768x576.jpeg",640,480,true],"large":["https:\/\/nuevodigitaldeescobar.com.ar\/wp-content\/uploads\/2025\/03\/WhatsApp-Image-2024-06-18-at-15.01.29-1024x768.jpeg",640,480,true],"1536x1536":["https:\/\/nuevodigitaldeescobar.com.ar\/wp-content\/uploads\/2025\/03\/WhatsApp-Image-2024-06-18-at-15.01.29-1536x1152.jpeg",1536,1152,true],"2048x2048":["https:\/\/nuevodigitaldeescobar.com.ar\/wp-content\/uploads\/2025\/03\/WhatsApp-Image-2024-06-18-at-15.01.29.jpeg",1600,1200,false]},"author_info":{"display_name":"Redacci\u00f3n","author_link":"https:\/\/nuevodigitaldeescobar.com.ar\/?author=1"},"category_info":"<a href=\"https:\/\/nuevodigitaldeescobar.com.ar\/?cat=4\" rel=\"category\">Educaci\u00f3n<\/a>","tag_info":"Educaci\u00f3n","comment_count":"0","_links":{"self":[{"href":"https:\/\/nuevodigitaldeescobar.com.ar\/index.php?rest_route=\/wp\/v2\/posts\/12860","targetHints":{"allow":["GET"]}}],"collection":[{"href":"https:\/\/nuevodigitaldeescobar.com.ar\/index.php?rest_route=\/wp\/v2\/posts"}],"about":[{"href":"https:\/\/nuevodigitaldeescobar.com.ar\/index.php?rest_route=\/wp\/v2\/types\/post"}],"author":[{"embeddable":true,"href":"https:\/\/nuevodigitaldeescobar.com.ar\/index.php?rest_route=\/wp\/v2\/users\/1"}],"replies":[{"embeddable":true,"href":"https:\/\/nuevodigitaldeescobar.com.ar\/index.php?rest_route=%2Fwp%2Fv2%2Fcomments&post=12860"}],"version-history":[{"count":2,"href":"https:\/\/nuevodigitaldeescobar.com.ar\/index.php?rest_route=\/wp\/v2\/posts\/12860\/revisions"}],"predecessor-version":[{"id":12864,"href":"https:\/\/nuevodigitaldeescobar.com.ar\/index.php?rest_route=\/wp\/v2\/posts\/12860\/revisions\/12864"}],"wp:featuredmedia":[{"embeddable":true,"href":"https:\/\/nuevodigitaldeescobar.com.ar\/index.php?rest_route=\/wp\/v2\/media\/12861"}],"wp:attachment":[{"href":"https:\/\/nuevodigitaldeescobar.com.ar\/index.php?rest_route=%2Fwp%2Fv2%2Fmedia&parent=12860"}],"wp:term":[{"taxonomy":"category","embeddable":true,"href":"https:\/\/nuevodigitaldeescobar.com.ar\/index.php?rest_route=%2Fwp%2Fv2%2Fcategories&post=12860"},{"taxonomy":"post_tag","embeddable":true,"href":"https:\/\/nuevodigitaldeescobar.com.ar\/index.php?rest_route=%2Fwp%2Fv2%2Ftags&post=12860"}],"curies":[{"name":"wp","href":"https:\/\/api.w.org\/{rel}","templated":true}]}}