{"id":12867,"date":"2025-03-11T18:20:21","date_gmt":"2025-03-11T21:20:21","guid":{"rendered":"https:\/\/nuevodigitaldeescobar.com.ar\/?p=12867"},"modified":"2025-03-11T23:06:00","modified_gmt":"2025-03-12T02:06:00","slug":"asi-murio-maradona-el-fiscal-mostro-una-foto-de-como-estaba-el-cuerpo-de-diego","status":"publish","type":"post","link":"https:\/\/nuevodigitaldeescobar.com.ar\/?p=12867","title":{"rendered":"As\u00ed muri\u00f3 Maradona: el fiscal mostr\u00f3 una foto de como estaba el cuerpo de Diego"},"content":{"rendered":"\n<p>En la primera audiencia del juicio por la muerte de Diego Armando Maradona, <strong>el fiscal Patricio Ferrari present\u00f3 una impactante fotograf\u00eda del \u00abPelusa\u00bb tomada el 25 de noviembre de 2020, d\u00eda de su fallecimiento<\/strong>. La imagen muestra a Maradona,\u00a0con el cuerpo anormalmente hinchado, recostado\u00a0en su cama en la casa de Tigre, evidenciando un notable deterioro f\u00edsico.<\/p>\n<p>\u00ab<em>A lo largo del juicio, demostraremos con pruebas sin fisuras que entre el 11 y el 25 de noviembre de 2020, Diego Armando Maradona fue introducido en el lote 45 del barrio San Andr\u00e9s, en Tigre,\u00a0<strong>sin encontrarse en el uso pleno de sus facultades mentales y sin poder decidir por su salud<\/strong><\/em>\u00ab,\u00a0denunci\u00f3 Ferrari al Tribunal Oral en Criminal N\u00b03 de San Isidro. Tambi\u00e9n mostr\u00f3 una foto de Diego y declar\u00f3: \u00ab<em>As\u00ed muri\u00f3 Maradona<\/em>\u00ab.<\/p>\n<div class=\"inter_image image_horizontal\">\n<div>\n<span class=\"img_footer\">\u00abAs\u00ed muri\u00f3 Maradona\u00bb, dijo el fiscal mientras mostraba la foto de Diego \n<\/div>\n<\/div>\n<p>Ferrari calific\u00f3 la internaci\u00f3n domiciliaria de Maradona como \u00ab<strong>calamitosa<\/strong>\u00bb y al equipo m\u00e9dico responsable de su atenci\u00f3n como \u00ab<strong>improvisados<\/strong>\u00ab. Afirm\u00f3 que fue una \u00a0<strong>internaci\u00f3n \u00abtemeraria, deficiente, sin precedentes\u00bb<\/strong>, <strong>sin controles adecuados durante ese per\u00edodo que culmin\u00f3 con la muerte de Maradona<\/strong>. Sostuvo que <strong>los profesionales a cargo de la salud del exfutbolista no tomaron las medidas necesarias para evitar una tragedia<\/strong> que, seg\u00fan \u00e9l, era completamente evitable.<\/p>\n<p>\u00ab<em>Luego de condenarlo al olvido en esa casa de Tigre, el 25 de noviembre cercano al mediod\u00eda, deliberadamente dejaron que muriera<\/em>\u00ab, afirm\u00f3 Ferrari ante el tribunal.\u00a0<strong>\u00ab<em>Deliberadamente y con crueldad decidieron que muriera<\/em><\/strong>\u00ab, agreg\u00f3, reforzando la acusaci\u00f3n contra los\u00a0siete imputados, entre ellos, el neurocirujano\u00a0Leopoldo Luque\u00a0y la psiquiatra\u00a0Agustina Cosachov.<\/p>\n<p>La presentaci\u00f3n de la fotograf\u00eda provoc\u00f3 una profunda conmoci\u00f3n en la sala. <strong>Dalma y Gianinna Maradona<\/strong>, presentes en la audiencia, <strong>rompieron en llanto<\/strong> al ver la imagen de su padre en sus \u00faltimos momentos. Jana Maradona, tambi\u00e9n presente, intent\u00f3 contener a sus hermanas en medio de la emotiva escena.<\/p>\n<p>Se espera que durante el juicio, que podr\u00eda extenderse por casi cinco meses, <strong>m\u00e1s de 100 testigos sean convocados<\/strong>. Entre ellos se incluyen m\u00e9dicos que intervinieron en la salud de Maradona durante sus \u00faltimos d\u00edas, familiares cercanos y otros profesionales involucrados en su atenci\u00f3n.<\/p>\n","protected":false},"excerpt":{"rendered":"<p>En la primera audiencia del juicio por la muerte de Diego Armando Maradona, el fiscal Patricio Ferrari present\u00f3 una impactante fotograf\u00eda del \u00abPelusa\u00bb tomada el [&hellip;]<\/p>\n","protected":false},"author":1,"featured_media":12868,"comment_status":"open","ping_status":"open","sticky":false,"template":"","format":"standard","meta":{"footnotes":""},"categories":[235],"tags":[],"class_list":["post-12867","post","type-post","status-publish","format-standard","has-post-thumbnail","hentry","category-judiciales"],"better_featured_image":{"id":12868,"alt_text":"","caption":"","description":"","media_type":"image","media_details":{"width":1600,"height":1067,"file":"2025\/03\/juicio-por-la-muerte-de-diego-maradona-1982424_1600_1067-PY9dqi.jpeg","filesize":130167,"sizes":{"medium":{"file":"juicio-por-la-muerte-de-diego-maradona-1982424_1600_1067-PY9dqi-300x200.jpeg","width":300,"height":200,"mime-type":"image\/jpeg","filesize":18664,"source_url":"https:\/\/nuevodigitaldeescobar.com.ar\/wp-content\/uploads\/2025\/03\/juicio-por-la-muerte-de-diego-maradona-1982424_1600_1067-PY9dqi-300x200.jpeg"},"large":{"file":"juicio-por-la-muerte-de-diego-maradona-1982424_1600_1067-PY9dqi-1024x683.jpeg","width":1024,"height":683,"mime-type":"image\/jpeg","filesize":105134,"source_url":"https:\/\/nuevodigitaldeescobar.com.ar\/wp-content\/uploads\/2025\/03\/juicio-por-la-muerte-de-diego-maradona-1982424_1600_1067-PY9dqi-1024x683.jpeg"},"thumbnail":{"file":"juicio-por-la-muerte-de-diego-maradona-1982424_1600_1067-PY9dqi-150x150.jpeg","width":150,"height":150,"mime-type":"image\/jpeg","filesize":8164,"source_url":"https:\/\/nuevodigitaldeescobar.com.ar\/wp-content\/uploads\/2025\/03\/juicio-por-la-muerte-de-diego-maradona-1982424_1600_1067-PY9dqi-150x150.jpeg"},"medium_large":{"file":"juicio-por-la-muerte-de-diego-maradona-1982424_1600_1067-PY9dqi-768x512.jpeg","width":768,"height":512,"mime-type":"image\/jpeg","filesize":70351,"source_url":"https:\/\/nuevodigitaldeescobar.com.ar\/wp-content\/uploads\/2025\/03\/juicio-por-la-muerte-de-diego-maradona-1982424_1600_1067-PY9dqi-768x512.jpeg"},"1536x1536":{"file":"juicio-por-la-muerte-de-diego-maradona-1982424_1600_1067-PY9dqi-1536x1024.jpeg","width":1536,"height":1024,"mime-type":"image\/jpeg","filesize":182741,"source_url":"https:\/\/nuevodigitaldeescobar.com.ar\/wp-content\/uploads\/2025\/03\/juicio-por-la-muerte-de-diego-maradona-1982424_1600_1067-PY9dqi-1536x1024.jpeg"}},"image_meta":{"aperture":"0","credit":"","camera":"","caption":"","created_timestamp":"0","copyright":"","focal_length":"0","iso":"0","shutter_speed":"0","title":"","orientation":"0","keywords":[]}},"post":12867,"source_url":"https:\/\/nuevodigitaldeescobar.com.ar\/wp-content\/uploads\/2025\/03\/juicio-por-la-muerte-de-diego-maradona-1982424_1600_1067-PY9dqi.jpeg"},"yoast_head":"<!-- This site is optimized with the Yoast SEO plugin v26.1.1 - https:\/\/yoast.com\/wordpress\/plugins\/seo\/ -->\n<title>As\u00ed muri\u00f3 Maradona: el fiscal mostr\u00f3 una foto de como estaba el cuerpo de Diego - Nuevo Digital de Escobar<\/title>\n<meta name=\"robots\" content=\"index, follow, max-snippet:-1, max-image-preview:large, max-video-preview:-1\" \/>\n<link rel=\"canonical\" href=\"https:\/\/nuevodigitaldeescobar.com.ar\/?p=12867\" \/>\n<meta property=\"og:locale\" content=\"es_ES\" \/>\n<meta property=\"og:type\" content=\"article\" \/>\n<meta property=\"og:title\" content=\"As\u00ed muri\u00f3 Maradona: el fiscal mostr\u00f3 una foto de como estaba el cuerpo de Diego - Nuevo Digital de Escobar\" \/>\n<meta property=\"og:description\" content=\"En la primera audiencia del juicio por la muerte de Diego Armando Maradona, el fiscal Patricio Ferrari present\u00f3 una impactante fotograf\u00eda del \u00abPelusa\u00bb tomada el [&hellip;]\" \/>\n<meta property=\"og:url\" content=\"https:\/\/nuevodigitaldeescobar.com.ar\/?p=12867\" \/>\n<meta property=\"og:site_name\" content=\"Nuevo Digital de Escobar\" \/>\n<meta property=\"article:publisher\" content=\"https:\/\/www.facebook.com\/NUEVODigitalDeEscobar\" \/>\n<meta property=\"article:published_time\" content=\"2025-03-11T21:20:21+00:00\" \/>\n<meta property=\"article:modified_time\" content=\"2025-03-12T02:06:00+00:00\" \/>\n<meta property=\"og:image\" content=\"https:\/\/nuevodigitaldeescobar.com.ar\/wp-content\/uploads\/2025\/03\/juicio-por-la-muerte-de-diego-maradona-1982424_1600_1067-PY9dqi.jpeg\" \/>\n\t<meta property=\"og:image:width\" content=\"1600\" \/>\n\t<meta property=\"og:image:height\" content=\"1067\" \/>\n\t<meta property=\"og:image:type\" content=\"image\/jpeg\" \/>\n<meta name=\"author\" content=\"Redacci\u00f3n\" \/>\n<meta name=\"twitter:card\" content=\"summary_large_image\" \/>\n<meta name=\"twitter:creator\" content=\"@nuevodigescobar\" \/>\n<meta name=\"twitter:site\" content=\"@nuevodigescobar\" \/>\n<meta name=\"twitter:label1\" content=\"Escrito por\" \/>\n\t<meta name=\"twitter:data1\" content=\"Redacci\u00f3n\" \/>\n\t<meta name=\"twitter:label2\" content=\"Tiempo de lectura\" \/>\n\t<meta name=\"twitter:data2\" content=\"2 minutos\" \/>\n<script type=\"application\/ld+json\" class=\"yoast-schema-graph\">{\"@context\":\"https:\/\/schema.org\",\"@graph\":[{\"@type\":\"Article\",\"@id\":\"https:\/\/nuevodigitaldeescobar.com.ar\/?p=12867#article\",\"isPartOf\":{\"@id\":\"https:\/\/nuevodigitaldeescobar.com.ar\/?p=12867\"},\"author\":{\"name\":\"Redacci\u00f3n\",\"@id\":\"https:\/\/nuevodigitaldeescobar.com.ar\/#\/schema\/person\/035e90a8efe9a80e6eec22656ad6ea4c\"},\"headline\":\"As\u00ed muri\u00f3 Maradona: el fiscal mostr\u00f3 una foto de como estaba el cuerpo de Diego\",\"datePublished\":\"2025-03-11T21:20:21+00:00\",\"dateModified\":\"2025-03-12T02:06:00+00:00\",\"mainEntityOfPage\":{\"@id\":\"https:\/\/nuevodigitaldeescobar.com.ar\/?p=12867\"},\"wordCount\":386,\"commentCount\":0,\"publisher\":{\"@id\":\"https:\/\/nuevodigitaldeescobar.com.ar\/#organization\"},\"image\":{\"@id\":\"https:\/\/nuevodigitaldeescobar.com.ar\/?p=12867#primaryimage\"},\"thumbnailUrl\":\"https:\/\/nuevodigitaldeescobar.com.ar\/wp-content\/uploads\/2025\/03\/juicio-por-la-muerte-de-diego-maradona-1982424_1600_1067-PY9dqi.jpeg\",\"articleSection\":[\"Judiciales\"],\"inLanguage\":\"es\",\"potentialAction\":[{\"@type\":\"CommentAction\",\"name\":\"Comment\",\"target\":[\"https:\/\/nuevodigitaldeescobar.com.ar\/?p=12867#respond\"]}]},{\"@type\":\"WebPage\",\"@id\":\"https:\/\/nuevodigitaldeescobar.com.ar\/?p=12867\",\"url\":\"https:\/\/nuevodigitaldeescobar.com.ar\/?p=12867\",\"name\":\"As\u00ed muri\u00f3 Maradona: el fiscal mostr\u00f3 una foto de como estaba el cuerpo de Diego - Nuevo Digital de Escobar\",\"isPartOf\":{\"@id\":\"https:\/\/nuevodigitaldeescobar.com.ar\/#website\"},\"primaryImageOfPage\":{\"@id\":\"https:\/\/nuevodigitaldeescobar.com.ar\/?p=12867#primaryimage\"},\"image\":{\"@id\":\"https:\/\/nuevodigitaldeescobar.com.ar\/?p=12867#primaryimage\"},\"thumbnailUrl\":\"https:\/\/nuevodigitaldeescobar.com.ar\/wp-content\/uploads\/2025\/03\/juicio-por-la-muerte-de-diego-maradona-1982424_1600_1067-PY9dqi.jpeg\",\"datePublished\":\"2025-03-11T21:20:21+00:00\",\"dateModified\":\"2025-03-12T02:06:00+00:00\",\"breadcrumb\":{\"@id\":\"https:\/\/nuevodigitaldeescobar.com.ar\/?p=12867#breadcrumb\"},\"inLanguage\":\"es\",\"potentialAction\":[{\"@type\":\"ReadAction\",\"target\":[\"https:\/\/nuevodigitaldeescobar.com.ar\/?p=12867\"]}]},{\"@type\":\"ImageObject\",\"inLanguage\":\"es\",\"@id\":\"https:\/\/nuevodigitaldeescobar.com.ar\/?p=12867#primaryimage\",\"url\":\"https:\/\/nuevodigitaldeescobar.com.ar\/wp-content\/uploads\/2025\/03\/juicio-por-la-muerte-de-diego-maradona-1982424_1600_1067-PY9dqi.jpeg\",\"contentUrl\":\"https:\/\/nuevodigitaldeescobar.com.ar\/wp-content\/uploads\/2025\/03\/juicio-por-la-muerte-de-diego-maradona-1982424_1600_1067-PY9dqi.jpeg\",\"width\":1600,\"height\":1067},{\"@type\":\"BreadcrumbList\",\"@id\":\"https:\/\/nuevodigitaldeescobar.com.ar\/?p=12867#breadcrumb\",\"itemListElement\":[{\"@type\":\"ListItem\",\"position\":1,\"name\":\"Portada\",\"item\":\"https:\/\/nuevodigitaldeescobar.com.ar\/\"},{\"@type\":\"ListItem\",\"position\":2,\"name\":\"As\u00ed muri\u00f3 Maradona: el fiscal mostr\u00f3 una foto de como estaba el cuerpo de Diego\"}]},{\"@type\":\"WebSite\",\"@id\":\"https:\/\/nuevodigitaldeescobar.com.ar\/#website\",\"url\":\"https:\/\/nuevodigitaldeescobar.com.ar\/\",\"name\":\"Nuevo Digital de Escobar\",\"description\":\"La vida escobarense. Directora: Rosana Brunner\",\"publisher\":{\"@id\":\"https:\/\/nuevodigitaldeescobar.com.ar\/#organization\"},\"potentialAction\":[{\"@type\":\"SearchAction\",\"target\":{\"@type\":\"EntryPoint\",\"urlTemplate\":\"https:\/\/nuevodigitaldeescobar.com.ar\/?s={search_term_string}\"},\"query-input\":{\"@type\":\"PropertyValueSpecification\",\"valueRequired\":true,\"valueName\":\"search_term_string\"}}],\"inLanguage\":\"es\"},{\"@type\":\"Organization\",\"@id\":\"https:\/\/nuevodigitaldeescobar.com.ar\/#organization\",\"name\":\"Nuevo Digital de Escobar\",\"url\":\"https:\/\/nuevodigitaldeescobar.com.ar\/\",\"logo\":{\"@type\":\"ImageObject\",\"inLanguage\":\"es\",\"@id\":\"https:\/\/nuevodigitaldeescobar.com.ar\/#\/schema\/logo\/image\/\",\"url\":\"https:\/\/nuevodigitaldeescobar.com.ar\/wp-content\/uploads\/2025\/05\/cropped-logo-nuevo2.jpg\",\"contentUrl\":\"https:\/\/nuevodigitaldeescobar.com.ar\/wp-content\/uploads\/2025\/05\/cropped-logo-nuevo2.jpg\",\"width\":305,\"height\":305,\"caption\":\"Nuevo Digital de Escobar\"},\"image\":{\"@id\":\"https:\/\/nuevodigitaldeescobar.com.ar\/#\/schema\/logo\/image\/\"},\"sameAs\":[\"https:\/\/www.facebook.com\/NUEVODigitalDeEscobar\",\"https:\/\/x.com\/nuevodigescobar\",\"https:\/\/www.instagram.com\/nuevodigitaldeescobar\"]},{\"@type\":\"Person\",\"@id\":\"https:\/\/nuevodigitaldeescobar.com.ar\/#\/schema\/person\/035e90a8efe9a80e6eec22656ad6ea4c\",\"name\":\"Redacci\u00f3n\",\"image\":{\"@type\":\"ImageObject\",\"inLanguage\":\"es\",\"@id\":\"https:\/\/nuevodigitaldeescobar.com.ar\/#\/schema\/person\/image\/\",\"url\":\"https:\/\/secure.gravatar.com\/avatar\/8af8f40000c24e9eef3034f2be5998a372bb1389e64b1a4a36b3a7979142220d?s=96&d=mm&r=g\",\"contentUrl\":\"https:\/\/secure.gravatar.com\/avatar\/8af8f40000c24e9eef3034f2be5998a372bb1389e64b1a4a36b3a7979142220d?s=96&d=mm&r=g\",\"caption\":\"Redacci\u00f3n\"},\"sameAs\":[\"http:\/\/nuevodigitaldeescobar.com.ar\"],\"url\":\"https:\/\/nuevodigitaldeescobar.com.ar\/?author=1\"}]}<\/script>\n<!-- \/ Yoast SEO plugin. -->","yoast_head_json":{"title":"As\u00ed muri\u00f3 Maradona: el fiscal mostr\u00f3 una foto de como estaba el cuerpo de Diego - Nuevo Digital de Escobar","robots":{"index":"index","follow":"follow","max-snippet":"max-snippet:-1","max-image-preview":"max-image-preview:large","max-video-preview":"max-video-preview:-1"},"canonical":"https:\/\/nuevodigitaldeescobar.com.ar\/?p=12867","og_locale":"es_ES","og_type":"article","og_title":"As\u00ed muri\u00f3 Maradona: el fiscal mostr\u00f3 una foto de como estaba el cuerpo de Diego - Nuevo Digital de Escobar","og_description":"En la primera audiencia del juicio por la muerte de Diego Armando Maradona, el fiscal Patricio Ferrari present\u00f3 una impactante fotograf\u00eda del \u00abPelusa\u00bb tomada el [&hellip;]","og_url":"https:\/\/nuevodigitaldeescobar.com.ar\/?p=12867","og_site_name":"Nuevo Digital de Escobar","article_publisher":"https:\/\/www.facebook.com\/NUEVODigitalDeEscobar","article_published_time":"2025-03-11T21:20:21+00:00","article_modified_time":"2025-03-12T02:06:00+00:00","og_image":[{"width":1600,"height":1067,"url":"https:\/\/nuevodigitaldeescobar.com.ar\/wp-content\/uploads\/2025\/03\/juicio-por-la-muerte-de-diego-maradona-1982424_1600_1067-PY9dqi.jpeg","type":"image\/jpeg"}],"author":"Redacci\u00f3n","twitter_card":"summary_large_image","twitter_creator":"@nuevodigescobar","twitter_site":"@nuevodigescobar","twitter_misc":{"Escrito por":"Redacci\u00f3n","Tiempo de lectura":"2 minutos"},"schema":{"@context":"https:\/\/schema.org","@graph":[{"@type":"Article","@id":"https:\/\/nuevodigitaldeescobar.com.ar\/?p=12867#article","isPartOf":{"@id":"https:\/\/nuevodigitaldeescobar.com.ar\/?p=12867"},"author":{"name":"Redacci\u00f3n","@id":"https:\/\/nuevodigitaldeescobar.com.ar\/#\/schema\/person\/035e90a8efe9a80e6eec22656ad6ea4c"},"headline":"As\u00ed muri\u00f3 Maradona: el fiscal mostr\u00f3 una foto de como estaba el cuerpo de Diego","datePublished":"2025-03-11T21:20:21+00:00","dateModified":"2025-03-12T02:06:00+00:00","mainEntityOfPage":{"@id":"https:\/\/nuevodigitaldeescobar.com.ar\/?p=12867"},"wordCount":386,"commentCount":0,"publisher":{"@id":"https:\/\/nuevodigitaldeescobar.com.ar\/#organization"},"image":{"@id":"https:\/\/nuevodigitaldeescobar.com.ar\/?p=12867#primaryimage"},"thumbnailUrl":"https:\/\/nuevodigitaldeescobar.com.ar\/wp-content\/uploads\/2025\/03\/juicio-por-la-muerte-de-diego-maradona-1982424_1600_1067-PY9dqi.jpeg","articleSection":["Judiciales"],"inLanguage":"es","potentialAction":[{"@type":"CommentAction","name":"Comment","target":["https:\/\/nuevodigitaldeescobar.com.ar\/?p=12867#respond"]}]},{"@type":"WebPage","@id":"https:\/\/nuevodigitaldeescobar.com.ar\/?p=12867","url":"https:\/\/nuevodigitaldeescobar.com.ar\/?p=12867","name":"As\u00ed muri\u00f3 Maradona: el fiscal mostr\u00f3 una foto de como estaba el cuerpo de Diego - Nuevo Digital de Escobar","isPartOf":{"@id":"https:\/\/nuevodigitaldeescobar.com.ar\/#website"},"primaryImageOfPage":{"@id":"https:\/\/nuevodigitaldeescobar.com.ar\/?p=12867#primaryimage"},"image":{"@id":"https:\/\/nuevodigitaldeescobar.com.ar\/?p=12867#primaryimage"},"thumbnailUrl":"https:\/\/nuevodigitaldeescobar.com.ar\/wp-content\/uploads\/2025\/03\/juicio-por-la-muerte-de-diego-maradona-1982424_1600_1067-PY9dqi.jpeg","datePublished":"2025-03-11T21:20:21+00:00","dateModified":"2025-03-12T02:06:00+00:00","breadcrumb":{"@id":"https:\/\/nuevodigitaldeescobar.com.ar\/?p=12867#breadcrumb"},"inLanguage":"es","potentialAction":[{"@type":"ReadAction","target":["https:\/\/nuevodigitaldeescobar.com.ar\/?p=12867"]}]},{"@type":"ImageObject","inLanguage":"es","@id":"https:\/\/nuevodigitaldeescobar.com.ar\/?p=12867#primaryimage","url":"https:\/\/nuevodigitaldeescobar.com.ar\/wp-content\/uploads\/2025\/03\/juicio-por-la-muerte-de-diego-maradona-1982424_1600_1067-PY9dqi.jpeg","contentUrl":"https:\/\/nuevodigitaldeescobar.com.ar\/wp-content\/uploads\/2025\/03\/juicio-por-la-muerte-de-diego-maradona-1982424_1600_1067-PY9dqi.jpeg","width":1600,"height":1067},{"@type":"BreadcrumbList","@id":"https:\/\/nuevodigitaldeescobar.com.ar\/?p=12867#breadcrumb","itemListElement":[{"@type":"ListItem","position":1,"name":"Portada","item":"https:\/\/nuevodigitaldeescobar.com.ar\/"},{"@type":"ListItem","position":2,"name":"As\u00ed muri\u00f3 Maradona: el fiscal mostr\u00f3 una foto de como estaba el cuerpo de Diego"}]},{"@type":"WebSite","@id":"https:\/\/nuevodigitaldeescobar.com.ar\/#website","url":"https:\/\/nuevodigitaldeescobar.com.ar\/","name":"Nuevo Digital de Escobar","description":"La vida escobarense. Directora: Rosana Brunner","publisher":{"@id":"https:\/\/nuevodigitaldeescobar.com.ar\/#organization"},"potentialAction":[{"@type":"SearchAction","target":{"@type":"EntryPoint","urlTemplate":"https:\/\/nuevodigitaldeescobar.com.ar\/?s={search_term_string}"},"query-input":{"@type":"PropertyValueSpecification","valueRequired":true,"valueName":"search_term_string"}}],"inLanguage":"es"},{"@type":"Organization","@id":"https:\/\/nuevodigitaldeescobar.com.ar\/#organization","name":"Nuevo Digital de Escobar","url":"https:\/\/nuevodigitaldeescobar.com.ar\/","logo":{"@type":"ImageObject","inLanguage":"es","@id":"https:\/\/nuevodigitaldeescobar.com.ar\/#\/schema\/logo\/image\/","url":"https:\/\/nuevodigitaldeescobar.com.ar\/wp-content\/uploads\/2025\/05\/cropped-logo-nuevo2.jpg","contentUrl":"https:\/\/nuevodigitaldeescobar.com.ar\/wp-content\/uploads\/2025\/05\/cropped-logo-nuevo2.jpg","width":305,"height":305,"caption":"Nuevo Digital de Escobar"},"image":{"@id":"https:\/\/nuevodigitaldeescobar.com.ar\/#\/schema\/logo\/image\/"},"sameAs":["https:\/\/www.facebook.com\/NUEVODigitalDeEscobar","https:\/\/x.com\/nuevodigescobar","https:\/\/www.instagram.com\/nuevodigitaldeescobar"]},{"@type":"Person","@id":"https:\/\/nuevodigitaldeescobar.com.ar\/#\/schema\/person\/035e90a8efe9a80e6eec22656ad6ea4c","name":"Redacci\u00f3n","image":{"@type":"ImageObject","inLanguage":"es","@id":"https:\/\/nuevodigitaldeescobar.com.ar\/#\/schema\/person\/image\/","url":"https:\/\/secure.gravatar.com\/avatar\/8af8f40000c24e9eef3034f2be5998a372bb1389e64b1a4a36b3a7979142220d?s=96&d=mm&r=g","contentUrl":"https:\/\/secure.gravatar.com\/avatar\/8af8f40000c24e9eef3034f2be5998a372bb1389e64b1a4a36b3a7979142220d?s=96&d=mm&r=g","caption":"Redacci\u00f3n"},"sameAs":["http:\/\/nuevodigitaldeescobar.com.ar"],"url":"https:\/\/nuevodigitaldeescobar.com.ar\/?author=1"}]}},"featured_image_urls":{"full":["https:\/\/nuevodigitaldeescobar.com.ar\/wp-content\/uploads\/2025\/03\/juicio-por-la-muerte-de-diego-maradona-1982424_1600_1067-PY9dqi.jpeg",1600,1067,false],"thumbnail":["https:\/\/nuevodigitaldeescobar.com.ar\/wp-content\/uploads\/2025\/03\/juicio-por-la-muerte-de-diego-maradona-1982424_1600_1067-PY9dqi-150x150.jpeg",150,150,true],"medium":["https:\/\/nuevodigitaldeescobar.com.ar\/wp-content\/uploads\/2025\/03\/juicio-por-la-muerte-de-diego-maradona-1982424_1600_1067-PY9dqi-300x200.jpeg",300,200,true],"medium_large":["https:\/\/nuevodigitaldeescobar.com.ar\/wp-content\/uploads\/2025\/03\/juicio-por-la-muerte-de-diego-maradona-1982424_1600_1067-PY9dqi-768x512.jpeg",640,427,true],"large":["https:\/\/nuevodigitaldeescobar.com.ar\/wp-content\/uploads\/2025\/03\/juicio-por-la-muerte-de-diego-maradona-1982424_1600_1067-PY9dqi-1024x683.jpeg",640,427,true],"1536x1536":["https:\/\/nuevodigitaldeescobar.com.ar\/wp-content\/uploads\/2025\/03\/juicio-por-la-muerte-de-diego-maradona-1982424_1600_1067-PY9dqi-1536x1024.jpeg",1536,1024,true],"2048x2048":["https:\/\/nuevodigitaldeescobar.com.ar\/wp-content\/uploads\/2025\/03\/juicio-por-la-muerte-de-diego-maradona-1982424_1600_1067-PY9dqi.jpeg",1600,1067,false]},"author_info":{"display_name":"Redacci\u00f3n","author_link":"https:\/\/nuevodigitaldeescobar.com.ar\/?author=1"},"category_info":"<a href=\"https:\/\/nuevodigitaldeescobar.com.ar\/?cat=235\" rel=\"category\">Judiciales<\/a>","tag_info":"Judiciales","comment_count":"0","_links":{"self":[{"href":"https:\/\/nuevodigitaldeescobar.com.ar\/index.php?rest_route=\/wp\/v2\/posts\/12867","targetHints":{"allow":["GET"]}}],"collection":[{"href":"https:\/\/nuevodigitaldeescobar.com.ar\/index.php?rest_route=\/wp\/v2\/posts"}],"about":[{"href":"https:\/\/nuevodigitaldeescobar.com.ar\/index.php?rest_route=\/wp\/v2\/types\/post"}],"author":[{"embeddable":true,"href":"https:\/\/nuevodigitaldeescobar.com.ar\/index.php?rest_route=\/wp\/v2\/users\/1"}],"replies":[{"embeddable":true,"href":"https:\/\/nuevodigitaldeescobar.com.ar\/index.php?rest_route=%2Fwp%2Fv2%2Fcomments&post=12867"}],"version-history":[{"count":1,"href":"https:\/\/nuevodigitaldeescobar.com.ar\/index.php?rest_route=\/wp\/v2\/posts\/12867\/revisions"}],"predecessor-version":[{"id":12873,"href":"https:\/\/nuevodigitaldeescobar.com.ar\/index.php?rest_route=\/wp\/v2\/posts\/12867\/revisions\/12873"}],"wp:featuredmedia":[{"embeddable":true,"href":"https:\/\/nuevodigitaldeescobar.com.ar\/index.php?rest_route=\/wp\/v2\/media\/12868"}],"wp:attachment":[{"href":"https:\/\/nuevodigitaldeescobar.com.ar\/index.php?rest_route=%2Fwp%2Fv2%2Fmedia&parent=12867"}],"wp:term":[{"taxonomy":"category","embeddable":true,"href":"https:\/\/nuevodigitaldeescobar.com.ar\/index.php?rest_route=%2Fwp%2Fv2%2Fcategories&post=12867"},{"taxonomy":"post_tag","embeddable":true,"href":"https:\/\/nuevodigitaldeescobar.com.ar\/index.php?rest_route=%2Fwp%2Fv2%2Ftags&post=12867"}],"curies":[{"name":"wp","href":"https:\/\/api.w.org\/{rel}","templated":true}]}}