{"id":12869,"date":"2025-03-11T19:20:27","date_gmt":"2025-03-11T22:20:27","guid":{"rendered":"https:\/\/nuevodigitaldeescobar.com.ar\/?p=12869"},"modified":"2025-03-11T23:04:43","modified_gmt":"2025-03-12T02:04:43","slug":"el-impactante-cambio-fisico-de-leopoldo-luque-ex-medico-personal-de-diego-maradona","status":"publish","type":"post","link":"https:\/\/nuevodigitaldeescobar.com.ar\/?p=12869","title":{"rendered":"El impactante cambio f\u00edsico de Leopoldo Luque, ex m\u00e9dico personal de Diego Maradona"},"content":{"rendered":"\n<p>En el inicio del juicio por la muerte de Diego Maradona, <strong>el neurocirujano Leopoldo Luque sorprendi\u00f3 a todos con una notable transformaci\u00f3n f\u00edsica<\/strong>. Al presentarse en los Tribunales de San Isidro, Luque exhibi\u00f3 una apariencia m\u00e1s musculosa y robusta, contrastando significativamente con la imagen que se ten\u00eda de \u00e9l en 2020, cuando era el m\u00e9dico personal del astro del f\u00fatbol.<\/p>\n<p>Seg\u00fan trascendi\u00f3, <strong>Luque se habr\u00eda sometido a un intenso r\u00e9gimen de entrenamiento y alimentaci\u00f3n en los \u00faltimos meses<\/strong>, lo que explicar\u00eda su nuevo f\u00edsico parecido al de un fisicoculturista. Incluso, antes de ingresar a la sala de audiencias para el juicio, se lo vio comiendo una vianda casera en un tupper, siguiendo su rutina autoimpuesta.<\/p>\n<p>Esta transformaci\u00f3n llam\u00f3 la atenci\u00f3n de los presentes en el tribunal y de los medios de comunicaci\u00f3n, que destacaron su porte similar al de un fisicoculturista.<\/p>\n<div class=\"inter_image image_horizontal\">\n<div>\n<span class=\"img_footer\">Leopoldo Duque en el juicio por la muerte de Maradona \n<\/div>\n<\/div>\n<p><strong>\u00bfQui\u00e9n es Leopoldo Luque?<\/strong><\/p>\n<p><strong>Leopoldo Luque es uno de los siete imputados en la causa que investiga la muerte de Maradona<\/strong>, ocurrida el 25 de noviembre de 2020. <strong>Fue el neurocirujano de confianza del exjugador\u00a0y sus acciones fueron claves sus \u00faltimos meses de vida<\/strong>, siendo apuntado como uno de los principales responsables del deterioro de su salud,\u00a0por tomar cuestionables decisiones m\u00e9dicas y no darle la suficiente atenci\u00f3n.<\/p>\n<p><strong>Una de las decisiones controversiales que tom\u00f3 fue recomendar una cirug\u00eda de cabeza para el exfutbolista<\/strong>, a pesar de que no era urgente ni mucho menos seguro por el estado en el que se encontraba.<\/p>\n<p>Otra de las razones por la que es criticado es por los \u00a0<strong>chats y audios que se filtraron<\/strong> en los que hablaba despectivamente de Maradona. Estos mostraban un claro desinter\u00e9s por su salud y el estado f\u00edsico y mental que ten\u00eda en ese entonces.<\/p>\n<p>Pese a los cuestionamientos, <strong>Luque siempre defendi\u00f3 su accionar y neg\u00f3 todo tipo de responsabilidad con la muerte de Diego<\/strong>. \u00ab<em><strong>Si de algo soy responsable con Diego es de amarlo, de cuidarlo, de extenderle la vida y de mejor\u00e1rsela hasta lo \u00faltimo<\/strong>. Yo hice lo imposible para eso: consegu\u00ed que pueda acceder al psic\u00f3logo, al psiquiatra\u2026 Consegu\u00ed lo que nadie pod\u00eda<\/em>\u00ab, coment\u00f3 el m\u00e9dico personal.<\/p>\n<p>Tambi\u00e9n habl\u00f3 sobre como le afectan las acusaciones en contra:\u00a0\u00ab<em>En cuanto a las cosas que se dicen, no las puedo ni leer, porque estoy muy mal porque se muri\u00f3 mi amigo. Estuve en el velorio, en el entierro y vi gente que ni hab\u00eda visto nunca, y qu\u00e9 se diga que no estuve con \u00e9l, no lo pude cree<\/em>r\u00bb. Y concluy\u00f3: \u00ab<strong><em>Yo no soy el responsable de todo esto<\/em><\/strong>\u00ab.<\/p>\n","protected":false},"excerpt":{"rendered":"<p>En el inicio del juicio por la muerte de Diego Maradona, el neurocirujano Leopoldo Luque sorprendi\u00f3 a todos con una notable transformaci\u00f3n f\u00edsica. Al presentarse [&hellip;]<\/p>\n","protected":false},"author":1,"featured_media":12870,"comment_status":"open","ping_status":"open","sticky":false,"template":"","format":"standard","meta":{"footnotes":""},"categories":[8],"tags":[],"class_list":["post-12869","post","type-post","status-publish","format-standard","has-post-thumbnail","hentry","category-deportes"],"better_featured_image":{"id":12870,"alt_text":"","caption":"","description":"","media_type":"image","media_details":{"width":1600,"height":1067,"file":"2025\/03\/diseno-sin-titulo-3-1741727742184_1600_1067-YO4Hz1.jpeg","filesize":112180,"sizes":{"medium":{"file":"diseno-sin-titulo-3-1741727742184_1600_1067-YO4Hz1-300x200.jpeg","width":300,"height":200,"mime-type":"image\/jpeg","filesize":15080,"source_url":"https:\/\/nuevodigitaldeescobar.com.ar\/wp-content\/uploads\/2025\/03\/diseno-sin-titulo-3-1741727742184_1600_1067-YO4Hz1-300x200.jpeg"},"large":{"file":"diseno-sin-titulo-3-1741727742184_1600_1067-YO4Hz1-1024x683.jpeg","width":1024,"height":683,"mime-type":"image\/jpeg","filesize":89399,"source_url":"https:\/\/nuevodigitaldeescobar.com.ar\/wp-content\/uploads\/2025\/03\/diseno-sin-titulo-3-1741727742184_1600_1067-YO4Hz1-1024x683.jpeg"},"thumbnail":{"file":"diseno-sin-titulo-3-1741727742184_1600_1067-YO4Hz1-150x150.jpeg","width":150,"height":150,"mime-type":"image\/jpeg","filesize":6787,"source_url":"https:\/\/nuevodigitaldeescobar.com.ar\/wp-content\/uploads\/2025\/03\/diseno-sin-titulo-3-1741727742184_1600_1067-YO4Hz1-150x150.jpeg"},"medium_large":{"file":"diseno-sin-titulo-3-1741727742184_1600_1067-YO4Hz1-768x512.jpeg","width":768,"height":512,"mime-type":"image\/jpeg","filesize":59474,"source_url":"https:\/\/nuevodigitaldeescobar.com.ar\/wp-content\/uploads\/2025\/03\/diseno-sin-titulo-3-1741727742184_1600_1067-YO4Hz1-768x512.jpeg"},"1536x1536":{"file":"diseno-sin-titulo-3-1741727742184_1600_1067-YO4Hz1-1536x1024.jpeg","width":1536,"height":1024,"mime-type":"image\/jpeg","filesize":156072,"source_url":"https:\/\/nuevodigitaldeescobar.com.ar\/wp-content\/uploads\/2025\/03\/diseno-sin-titulo-3-1741727742184_1600_1067-YO4Hz1-1536x1024.jpeg"}},"image_meta":{"aperture":"0","credit":"","camera":"","caption":"","created_timestamp":"0","copyright":"","focal_length":"0","iso":"0","shutter_speed":"0","title":"","orientation":"0","keywords":[]}},"post":12869,"source_url":"https:\/\/nuevodigitaldeescobar.com.ar\/wp-content\/uploads\/2025\/03\/diseno-sin-titulo-3-1741727742184_1600_1067-YO4Hz1.jpeg"},"yoast_head":"<!-- This site is optimized with the Yoast SEO plugin v26.1.1 - https:\/\/yoast.com\/wordpress\/plugins\/seo\/ -->\n<title>El impactante cambio f\u00edsico de Leopoldo Luque, ex m\u00e9dico personal de Diego Maradona - Nuevo Digital de Escobar<\/title>\n<meta name=\"robots\" content=\"index, follow, max-snippet:-1, max-image-preview:large, max-video-preview:-1\" \/>\n<link rel=\"canonical\" href=\"https:\/\/nuevodigitaldeescobar.com.ar\/?p=12869\" \/>\n<meta property=\"og:locale\" content=\"es_ES\" \/>\n<meta property=\"og:type\" content=\"article\" \/>\n<meta property=\"og:title\" content=\"El impactante cambio f\u00edsico de Leopoldo Luque, ex m\u00e9dico personal de Diego Maradona - Nuevo Digital de Escobar\" \/>\n<meta property=\"og:description\" content=\"En el inicio del juicio por la muerte de Diego Maradona, el neurocirujano Leopoldo Luque sorprendi\u00f3 a todos con una notable transformaci\u00f3n f\u00edsica. Al presentarse [&hellip;]\" \/>\n<meta property=\"og:url\" content=\"https:\/\/nuevodigitaldeescobar.com.ar\/?p=12869\" \/>\n<meta property=\"og:site_name\" content=\"Nuevo Digital de Escobar\" \/>\n<meta property=\"article:publisher\" content=\"https:\/\/www.facebook.com\/NUEVODigitalDeEscobar\" \/>\n<meta property=\"article:published_time\" content=\"2025-03-11T22:20:27+00:00\" \/>\n<meta property=\"article:modified_time\" content=\"2025-03-12T02:04:43+00:00\" \/>\n<meta property=\"og:image\" content=\"https:\/\/nuevodigitaldeescobar.com.ar\/wp-content\/uploads\/2025\/03\/diseno-sin-titulo-3-1741727742184_1600_1067-YO4Hz1.jpeg\" \/>\n\t<meta property=\"og:image:width\" content=\"1600\" \/>\n\t<meta property=\"og:image:height\" content=\"1067\" \/>\n\t<meta property=\"og:image:type\" content=\"image\/jpeg\" \/>\n<meta name=\"author\" content=\"Redacci\u00f3n\" \/>\n<meta name=\"twitter:card\" content=\"summary_large_image\" \/>\n<meta name=\"twitter:creator\" content=\"@nuevodigescobar\" \/>\n<meta name=\"twitter:site\" content=\"@nuevodigescobar\" \/>\n<meta name=\"twitter:label1\" content=\"Escrito por\" \/>\n\t<meta name=\"twitter:data1\" content=\"Redacci\u00f3n\" \/>\n\t<meta name=\"twitter:label2\" content=\"Tiempo de lectura\" \/>\n\t<meta name=\"twitter:data2\" content=\"2 minutos\" \/>\n<script type=\"application\/ld+json\" class=\"yoast-schema-graph\">{\"@context\":\"https:\/\/schema.org\",\"@graph\":[{\"@type\":\"Article\",\"@id\":\"https:\/\/nuevodigitaldeescobar.com.ar\/?p=12869#article\",\"isPartOf\":{\"@id\":\"https:\/\/nuevodigitaldeescobar.com.ar\/?p=12869\"},\"author\":{\"name\":\"Redacci\u00f3n\",\"@id\":\"https:\/\/nuevodigitaldeescobar.com.ar\/#\/schema\/person\/035e90a8efe9a80e6eec22656ad6ea4c\"},\"headline\":\"El impactante cambio f\u00edsico de Leopoldo Luque, ex m\u00e9dico personal de Diego Maradona\",\"datePublished\":\"2025-03-11T22:20:27+00:00\",\"dateModified\":\"2025-03-12T02:04:43+00:00\",\"mainEntityOfPage\":{\"@id\":\"https:\/\/nuevodigitaldeescobar.com.ar\/?p=12869\"},\"wordCount\":474,\"commentCount\":0,\"publisher\":{\"@id\":\"https:\/\/nuevodigitaldeescobar.com.ar\/#organization\"},\"image\":{\"@id\":\"https:\/\/nuevodigitaldeescobar.com.ar\/?p=12869#primaryimage\"},\"thumbnailUrl\":\"https:\/\/nuevodigitaldeescobar.com.ar\/wp-content\/uploads\/2025\/03\/diseno-sin-titulo-3-1741727742184_1600_1067-YO4Hz1.jpeg\",\"articleSection\":[\"Deportes\"],\"inLanguage\":\"es\",\"potentialAction\":[{\"@type\":\"CommentAction\",\"name\":\"Comment\",\"target\":[\"https:\/\/nuevodigitaldeescobar.com.ar\/?p=12869#respond\"]}]},{\"@type\":\"WebPage\",\"@id\":\"https:\/\/nuevodigitaldeescobar.com.ar\/?p=12869\",\"url\":\"https:\/\/nuevodigitaldeescobar.com.ar\/?p=12869\",\"name\":\"El impactante cambio f\u00edsico de Leopoldo Luque, ex m\u00e9dico personal de Diego Maradona - Nuevo Digital de Escobar\",\"isPartOf\":{\"@id\":\"https:\/\/nuevodigitaldeescobar.com.ar\/#website\"},\"primaryImageOfPage\":{\"@id\":\"https:\/\/nuevodigitaldeescobar.com.ar\/?p=12869#primaryimage\"},\"image\":{\"@id\":\"https:\/\/nuevodigitaldeescobar.com.ar\/?p=12869#primaryimage\"},\"thumbnailUrl\":\"https:\/\/nuevodigitaldeescobar.com.ar\/wp-content\/uploads\/2025\/03\/diseno-sin-titulo-3-1741727742184_1600_1067-YO4Hz1.jpeg\",\"datePublished\":\"2025-03-11T22:20:27+00:00\",\"dateModified\":\"2025-03-12T02:04:43+00:00\",\"breadcrumb\":{\"@id\":\"https:\/\/nuevodigitaldeescobar.com.ar\/?p=12869#breadcrumb\"},\"inLanguage\":\"es\",\"potentialAction\":[{\"@type\":\"ReadAction\",\"target\":[\"https:\/\/nuevodigitaldeescobar.com.ar\/?p=12869\"]}]},{\"@type\":\"ImageObject\",\"inLanguage\":\"es\",\"@id\":\"https:\/\/nuevodigitaldeescobar.com.ar\/?p=12869#primaryimage\",\"url\":\"https:\/\/nuevodigitaldeescobar.com.ar\/wp-content\/uploads\/2025\/03\/diseno-sin-titulo-3-1741727742184_1600_1067-YO4Hz1.jpeg\",\"contentUrl\":\"https:\/\/nuevodigitaldeescobar.com.ar\/wp-content\/uploads\/2025\/03\/diseno-sin-titulo-3-1741727742184_1600_1067-YO4Hz1.jpeg\",\"width\":1600,\"height\":1067},{\"@type\":\"BreadcrumbList\",\"@id\":\"https:\/\/nuevodigitaldeescobar.com.ar\/?p=12869#breadcrumb\",\"itemListElement\":[{\"@type\":\"ListItem\",\"position\":1,\"name\":\"Portada\",\"item\":\"https:\/\/nuevodigitaldeescobar.com.ar\/\"},{\"@type\":\"ListItem\",\"position\":2,\"name\":\"El impactante cambio f\u00edsico de Leopoldo Luque, ex m\u00e9dico personal de Diego Maradona\"}]},{\"@type\":\"WebSite\",\"@id\":\"https:\/\/nuevodigitaldeescobar.com.ar\/#website\",\"url\":\"https:\/\/nuevodigitaldeescobar.com.ar\/\",\"name\":\"Nuevo Digital de Escobar\",\"description\":\"La vida escobarense. Directora: Rosana Brunner\",\"publisher\":{\"@id\":\"https:\/\/nuevodigitaldeescobar.com.ar\/#organization\"},\"potentialAction\":[{\"@type\":\"SearchAction\",\"target\":{\"@type\":\"EntryPoint\",\"urlTemplate\":\"https:\/\/nuevodigitaldeescobar.com.ar\/?s={search_term_string}\"},\"query-input\":{\"@type\":\"PropertyValueSpecification\",\"valueRequired\":true,\"valueName\":\"search_term_string\"}}],\"inLanguage\":\"es\"},{\"@type\":\"Organization\",\"@id\":\"https:\/\/nuevodigitaldeescobar.com.ar\/#organization\",\"name\":\"Nuevo Digital de Escobar\",\"url\":\"https:\/\/nuevodigitaldeescobar.com.ar\/\",\"logo\":{\"@type\":\"ImageObject\",\"inLanguage\":\"es\",\"@id\":\"https:\/\/nuevodigitaldeescobar.com.ar\/#\/schema\/logo\/image\/\",\"url\":\"https:\/\/nuevodigitaldeescobar.com.ar\/wp-content\/uploads\/2025\/05\/cropped-logo-nuevo2.jpg\",\"contentUrl\":\"https:\/\/nuevodigitaldeescobar.com.ar\/wp-content\/uploads\/2025\/05\/cropped-logo-nuevo2.jpg\",\"width\":305,\"height\":305,\"caption\":\"Nuevo Digital de Escobar\"},\"image\":{\"@id\":\"https:\/\/nuevodigitaldeescobar.com.ar\/#\/schema\/logo\/image\/\"},\"sameAs\":[\"https:\/\/www.facebook.com\/NUEVODigitalDeEscobar\",\"https:\/\/x.com\/nuevodigescobar\",\"https:\/\/www.instagram.com\/nuevodigitaldeescobar\"]},{\"@type\":\"Person\",\"@id\":\"https:\/\/nuevodigitaldeescobar.com.ar\/#\/schema\/person\/035e90a8efe9a80e6eec22656ad6ea4c\",\"name\":\"Redacci\u00f3n\",\"image\":{\"@type\":\"ImageObject\",\"inLanguage\":\"es\",\"@id\":\"https:\/\/nuevodigitaldeescobar.com.ar\/#\/schema\/person\/image\/\",\"url\":\"https:\/\/secure.gravatar.com\/avatar\/8af8f40000c24e9eef3034f2be5998a372bb1389e64b1a4a36b3a7979142220d?s=96&d=mm&r=g\",\"contentUrl\":\"https:\/\/secure.gravatar.com\/avatar\/8af8f40000c24e9eef3034f2be5998a372bb1389e64b1a4a36b3a7979142220d?s=96&d=mm&r=g\",\"caption\":\"Redacci\u00f3n\"},\"sameAs\":[\"http:\/\/nuevodigitaldeescobar.com.ar\"],\"url\":\"https:\/\/nuevodigitaldeescobar.com.ar\/?author=1\"}]}<\/script>\n<!-- \/ Yoast SEO plugin. -->","yoast_head_json":{"title":"El impactante cambio f\u00edsico de Leopoldo Luque, ex m\u00e9dico personal de Diego Maradona - Nuevo Digital de Escobar","robots":{"index":"index","follow":"follow","max-snippet":"max-snippet:-1","max-image-preview":"max-image-preview:large","max-video-preview":"max-video-preview:-1"},"canonical":"https:\/\/nuevodigitaldeescobar.com.ar\/?p=12869","og_locale":"es_ES","og_type":"article","og_title":"El impactante cambio f\u00edsico de Leopoldo Luque, ex m\u00e9dico personal de Diego Maradona - Nuevo Digital de Escobar","og_description":"En el inicio del juicio por la muerte de Diego Maradona, el neurocirujano Leopoldo Luque sorprendi\u00f3 a todos con una notable transformaci\u00f3n f\u00edsica. Al presentarse [&hellip;]","og_url":"https:\/\/nuevodigitaldeescobar.com.ar\/?p=12869","og_site_name":"Nuevo Digital de Escobar","article_publisher":"https:\/\/www.facebook.com\/NUEVODigitalDeEscobar","article_published_time":"2025-03-11T22:20:27+00:00","article_modified_time":"2025-03-12T02:04:43+00:00","og_image":[{"width":1600,"height":1067,"url":"https:\/\/nuevodigitaldeescobar.com.ar\/wp-content\/uploads\/2025\/03\/diseno-sin-titulo-3-1741727742184_1600_1067-YO4Hz1.jpeg","type":"image\/jpeg"}],"author":"Redacci\u00f3n","twitter_card":"summary_large_image","twitter_creator":"@nuevodigescobar","twitter_site":"@nuevodigescobar","twitter_misc":{"Escrito por":"Redacci\u00f3n","Tiempo de lectura":"2 minutos"},"schema":{"@context":"https:\/\/schema.org","@graph":[{"@type":"Article","@id":"https:\/\/nuevodigitaldeescobar.com.ar\/?p=12869#article","isPartOf":{"@id":"https:\/\/nuevodigitaldeescobar.com.ar\/?p=12869"},"author":{"name":"Redacci\u00f3n","@id":"https:\/\/nuevodigitaldeescobar.com.ar\/#\/schema\/person\/035e90a8efe9a80e6eec22656ad6ea4c"},"headline":"El impactante cambio f\u00edsico de Leopoldo Luque, ex m\u00e9dico personal de Diego Maradona","datePublished":"2025-03-11T22:20:27+00:00","dateModified":"2025-03-12T02:04:43+00:00","mainEntityOfPage":{"@id":"https:\/\/nuevodigitaldeescobar.com.ar\/?p=12869"},"wordCount":474,"commentCount":0,"publisher":{"@id":"https:\/\/nuevodigitaldeescobar.com.ar\/#organization"},"image":{"@id":"https:\/\/nuevodigitaldeescobar.com.ar\/?p=12869#primaryimage"},"thumbnailUrl":"https:\/\/nuevodigitaldeescobar.com.ar\/wp-content\/uploads\/2025\/03\/diseno-sin-titulo-3-1741727742184_1600_1067-YO4Hz1.jpeg","articleSection":["Deportes"],"inLanguage":"es","potentialAction":[{"@type":"CommentAction","name":"Comment","target":["https:\/\/nuevodigitaldeescobar.com.ar\/?p=12869#respond"]}]},{"@type":"WebPage","@id":"https:\/\/nuevodigitaldeescobar.com.ar\/?p=12869","url":"https:\/\/nuevodigitaldeescobar.com.ar\/?p=12869","name":"El impactante cambio f\u00edsico de Leopoldo Luque, ex m\u00e9dico personal de Diego Maradona - Nuevo Digital de Escobar","isPartOf":{"@id":"https:\/\/nuevodigitaldeescobar.com.ar\/#website"},"primaryImageOfPage":{"@id":"https:\/\/nuevodigitaldeescobar.com.ar\/?p=12869#primaryimage"},"image":{"@id":"https:\/\/nuevodigitaldeescobar.com.ar\/?p=12869#primaryimage"},"thumbnailUrl":"https:\/\/nuevodigitaldeescobar.com.ar\/wp-content\/uploads\/2025\/03\/diseno-sin-titulo-3-1741727742184_1600_1067-YO4Hz1.jpeg","datePublished":"2025-03-11T22:20:27+00:00","dateModified":"2025-03-12T02:04:43+00:00","breadcrumb":{"@id":"https:\/\/nuevodigitaldeescobar.com.ar\/?p=12869#breadcrumb"},"inLanguage":"es","potentialAction":[{"@type":"ReadAction","target":["https:\/\/nuevodigitaldeescobar.com.ar\/?p=12869"]}]},{"@type":"ImageObject","inLanguage":"es","@id":"https:\/\/nuevodigitaldeescobar.com.ar\/?p=12869#primaryimage","url":"https:\/\/nuevodigitaldeescobar.com.ar\/wp-content\/uploads\/2025\/03\/diseno-sin-titulo-3-1741727742184_1600_1067-YO4Hz1.jpeg","contentUrl":"https:\/\/nuevodigitaldeescobar.com.ar\/wp-content\/uploads\/2025\/03\/diseno-sin-titulo-3-1741727742184_1600_1067-YO4Hz1.jpeg","width":1600,"height":1067},{"@type":"BreadcrumbList","@id":"https:\/\/nuevodigitaldeescobar.com.ar\/?p=12869#breadcrumb","itemListElement":[{"@type":"ListItem","position":1,"name":"Portada","item":"https:\/\/nuevodigitaldeescobar.com.ar\/"},{"@type":"ListItem","position":2,"name":"El impactante cambio f\u00edsico de Leopoldo Luque, ex m\u00e9dico personal de Diego Maradona"}]},{"@type":"WebSite","@id":"https:\/\/nuevodigitaldeescobar.com.ar\/#website","url":"https:\/\/nuevodigitaldeescobar.com.ar\/","name":"Nuevo Digital de Escobar","description":"La vida escobarense. Directora: Rosana Brunner","publisher":{"@id":"https:\/\/nuevodigitaldeescobar.com.ar\/#organization"},"potentialAction":[{"@type":"SearchAction","target":{"@type":"EntryPoint","urlTemplate":"https:\/\/nuevodigitaldeescobar.com.ar\/?s={search_term_string}"},"query-input":{"@type":"PropertyValueSpecification","valueRequired":true,"valueName":"search_term_string"}}],"inLanguage":"es"},{"@type":"Organization","@id":"https:\/\/nuevodigitaldeescobar.com.ar\/#organization","name":"Nuevo Digital de Escobar","url":"https:\/\/nuevodigitaldeescobar.com.ar\/","logo":{"@type":"ImageObject","inLanguage":"es","@id":"https:\/\/nuevodigitaldeescobar.com.ar\/#\/schema\/logo\/image\/","url":"https:\/\/nuevodigitaldeescobar.com.ar\/wp-content\/uploads\/2025\/05\/cropped-logo-nuevo2.jpg","contentUrl":"https:\/\/nuevodigitaldeescobar.com.ar\/wp-content\/uploads\/2025\/05\/cropped-logo-nuevo2.jpg","width":305,"height":305,"caption":"Nuevo Digital de Escobar"},"image":{"@id":"https:\/\/nuevodigitaldeescobar.com.ar\/#\/schema\/logo\/image\/"},"sameAs":["https:\/\/www.facebook.com\/NUEVODigitalDeEscobar","https:\/\/x.com\/nuevodigescobar","https:\/\/www.instagram.com\/nuevodigitaldeescobar"]},{"@type":"Person","@id":"https:\/\/nuevodigitaldeescobar.com.ar\/#\/schema\/person\/035e90a8efe9a80e6eec22656ad6ea4c","name":"Redacci\u00f3n","image":{"@type":"ImageObject","inLanguage":"es","@id":"https:\/\/nuevodigitaldeescobar.com.ar\/#\/schema\/person\/image\/","url":"https:\/\/secure.gravatar.com\/avatar\/8af8f40000c24e9eef3034f2be5998a372bb1389e64b1a4a36b3a7979142220d?s=96&d=mm&r=g","contentUrl":"https:\/\/secure.gravatar.com\/avatar\/8af8f40000c24e9eef3034f2be5998a372bb1389e64b1a4a36b3a7979142220d?s=96&d=mm&r=g","caption":"Redacci\u00f3n"},"sameAs":["http:\/\/nuevodigitaldeescobar.com.ar"],"url":"https:\/\/nuevodigitaldeescobar.com.ar\/?author=1"}]}},"featured_image_urls":{"full":["https:\/\/nuevodigitaldeescobar.com.ar\/wp-content\/uploads\/2025\/03\/diseno-sin-titulo-3-1741727742184_1600_1067-YO4Hz1.jpeg",1600,1067,false],"thumbnail":["https:\/\/nuevodigitaldeescobar.com.ar\/wp-content\/uploads\/2025\/03\/diseno-sin-titulo-3-1741727742184_1600_1067-YO4Hz1-150x150.jpeg",150,150,true],"medium":["https:\/\/nuevodigitaldeescobar.com.ar\/wp-content\/uploads\/2025\/03\/diseno-sin-titulo-3-1741727742184_1600_1067-YO4Hz1-300x200.jpeg",300,200,true],"medium_large":["https:\/\/nuevodigitaldeescobar.com.ar\/wp-content\/uploads\/2025\/03\/diseno-sin-titulo-3-1741727742184_1600_1067-YO4Hz1-768x512.jpeg",640,427,true],"large":["https:\/\/nuevodigitaldeescobar.com.ar\/wp-content\/uploads\/2025\/03\/diseno-sin-titulo-3-1741727742184_1600_1067-YO4Hz1-1024x683.jpeg",640,427,true],"1536x1536":["https:\/\/nuevodigitaldeescobar.com.ar\/wp-content\/uploads\/2025\/03\/diseno-sin-titulo-3-1741727742184_1600_1067-YO4Hz1-1536x1024.jpeg",1536,1024,true],"2048x2048":["https:\/\/nuevodigitaldeescobar.com.ar\/wp-content\/uploads\/2025\/03\/diseno-sin-titulo-3-1741727742184_1600_1067-YO4Hz1.jpeg",1600,1067,false]},"author_info":{"display_name":"Redacci\u00f3n","author_link":"https:\/\/nuevodigitaldeescobar.com.ar\/?author=1"},"category_info":"<a href=\"https:\/\/nuevodigitaldeescobar.com.ar\/?cat=8\" rel=\"category\">Deportes<\/a>","tag_info":"Deportes","comment_count":"0","_links":{"self":[{"href":"https:\/\/nuevodigitaldeescobar.com.ar\/index.php?rest_route=\/wp\/v2\/posts\/12869","targetHints":{"allow":["GET"]}}],"collection":[{"href":"https:\/\/nuevodigitaldeescobar.com.ar\/index.php?rest_route=\/wp\/v2\/posts"}],"about":[{"href":"https:\/\/nuevodigitaldeescobar.com.ar\/index.php?rest_route=\/wp\/v2\/types\/post"}],"author":[{"embeddable":true,"href":"https:\/\/nuevodigitaldeescobar.com.ar\/index.php?rest_route=\/wp\/v2\/users\/1"}],"replies":[{"embeddable":true,"href":"https:\/\/nuevodigitaldeescobar.com.ar\/index.php?rest_route=%2Fwp%2Fv2%2Fcomments&post=12869"}],"version-history":[{"count":1,"href":"https:\/\/nuevodigitaldeescobar.com.ar\/index.php?rest_route=\/wp\/v2\/posts\/12869\/revisions"}],"predecessor-version":[{"id":12872,"href":"https:\/\/nuevodigitaldeescobar.com.ar\/index.php?rest_route=\/wp\/v2\/posts\/12869\/revisions\/12872"}],"wp:featuredmedia":[{"embeddable":true,"href":"https:\/\/nuevodigitaldeescobar.com.ar\/index.php?rest_route=\/wp\/v2\/media\/12870"}],"wp:attachment":[{"href":"https:\/\/nuevodigitaldeescobar.com.ar\/index.php?rest_route=%2Fwp%2Fv2%2Fmedia&parent=12869"}],"wp:term":[{"taxonomy":"category","embeddable":true,"href":"https:\/\/nuevodigitaldeescobar.com.ar\/index.php?rest_route=%2Fwp%2Fv2%2Fcategories&post=12869"},{"taxonomy":"post_tag","embeddable":true,"href":"https:\/\/nuevodigitaldeescobar.com.ar\/index.php?rest_route=%2Fwp%2Fv2%2Ftags&post=12869"}],"curies":[{"name":"wp","href":"https:\/\/api.w.org\/{rel}","templated":true}]}}