{"id":12883,"date":"2025-03-12T01:18:02","date_gmt":"2025-03-12T04:18:02","guid":{"rendered":"https:\/\/nuevodigitaldeescobar.com.ar\/?p=12883"},"modified":"2025-03-12T01:18:06","modified_gmt":"2025-03-12T04:18:06","slug":"temporal-en-cordoba-calles-anegadas-cortes-de-luz-y-rescates-de-emergencia","status":"publish","type":"post","link":"https:\/\/nuevodigitaldeescobar.com.ar\/?p=12883","title":{"rendered":"Temporal en C\u00f3rdoba: calles anegadas, cortes de luz y rescates de emergencia"},"content":{"rendered":"\n<p class=\"has-vivid-cyan-blue-color has-text-color has-link-color wp-elements-1b54ff63b6000de20ed172ddfc37f9e6\"><strong><em>Un fuerte temporal azot\u00f3 la ciudad de C\u00f3rdoba este martes, dejando como saldo calles inundadas, interrupciones en el suministro el\u00e9ctrico y complicaciones en el tr\u00e1nsito. En menos de una hora, se registraron 67 mil\u00edmetros de lluvia, seg\u00fan inform\u00f3 el secretario de Seguridad y Prevenci\u00f3n Comunitaria de la Municipalidad, Claudio Vignetta.<\/em><\/strong><\/p>\n\n\n\n<!--more-->\n\n\n\n<p>Las lluvias comenzaron en la tarde y sorprendieron a los vecinos, generando anegamientos en distintos puntos de la ciudad. Las autoridades recomendaron extremar precauciones y evitar la circulaci\u00f3n, ya que el pron\u00f3stico indica que las precipitaciones continuar\u00e1n en las pr\u00f3ximas horas.<\/p>\n\n\n\n<figure class=\"wp-block-video aligncenter\"><video controls src=\"https:\/\/nuevodigitaldeescobar.com.ar\/wp-content\/uploads\/2025\/03\/tempocordoba239.mp4\"><\/video><\/figure>\n\n\n\n<h3 class=\"wp-block-heading has-text-color has-link-color wp-elements-acda41362738e8c91aef394ebfe9b63d\" style=\"color:#0513b5\"><em>Barrios afectados y operativos de rescate<\/em><\/h3>\n\n\n\n<p>El temporal impact\u00f3 en diversos sectores de la capital provincial, dejando sin servicio el\u00e9ctrico a barrios como Las Palmas, Poeta Lugones y Alta C\u00f3rdoba. La Empresa Provincial de Energ\u00eda de C\u00f3rdoba (EPEC) inform\u00f3 que la reposici\u00f3n del suministro depender\u00e1 de la evoluci\u00f3n de las condiciones clim\u00e1ticas.<\/p>\n\n\n\n<p>En la costanera, el desborde del r\u00edo Suqu\u00eda oblig\u00f3 a cerrar la circulaci\u00f3n en los sectores norte y sur, mientras que en los barrios Alberdi y Tablada Park el agua ingres\u00f3 a varias viviendas. En barrio Villa P\u00e1ez, el Departamento de Unidades de Alto Riesgo (DUAR) realiz\u00f3 inspecciones en inmuebles afectados.<\/p>\n\n\n\n<p>Uno de los incidentes m\u00e1s alarmantes ocurri\u00f3 en barrio Los Gigantes, donde efectivos de la Polic\u00eda Caminera rescataron a un ni\u00f1o que fue arrastrado por la corriente de un canal. El menor fue desplazado unos 100 metros antes de ser puesto a salvo y se encuentra fuera de peligro.<\/p>\n\n\n\n<p>En otro hecho vinculado al temporal, una oficial de la Polic\u00eda Federal Argentina sufri\u00f3 heridas en sus extremidades superiores tras la ca\u00edda de un \u00e1rbol en el barrio Nueva C\u00f3rdoba. El episodio ocurri\u00f3 en la calle Arturo Illia al 260 y la mujer fue atendida por personal m\u00e9dico, encontr\u00e1ndose estable.<\/p>\n\n\n<div class=\"wp-block-image is-style-rounded\">\n<figure class=\"aligncenter size-large\"><img fetchpriority=\"high\" decoding=\"async\" width=\"897\" height=\"1024\" src=\"http:\/\/nuevodigitaldeescobar.com.ar\/wp-content\/uploads\/2025\/03\/tempocordoba236-897x1024.png\" alt=\"\" class=\"wp-image-12885\" srcset=\"https:\/\/nuevodigitaldeescobar.com.ar\/wp-content\/uploads\/2025\/03\/tempocordoba236-897x1024.png 897w, https:\/\/nuevodigitaldeescobar.com.ar\/wp-content\/uploads\/2025\/03\/tempocordoba236-263x300.png 263w, https:\/\/nuevodigitaldeescobar.com.ar\/wp-content\/uploads\/2025\/03\/tempocordoba236-768x877.png 768w, https:\/\/nuevodigitaldeescobar.com.ar\/wp-content\/uploads\/2025\/03\/tempocordoba236.png 1200w\" sizes=\"(max-width: 897px) 100vw, 897px\" \/><\/figure><\/div>\n\n\n<h3 class=\"wp-block-heading has-text-color has-link-color wp-elements-ee777f01e9fa67b7b110ff18c77b4bbd\" style=\"color:#0513b5\"><em>Evacuaciones y recomendaciones<\/em><\/h3>\n\n\n\n<p>Las autoridades informaron sobre la evacuaci\u00f3n de cuatro familias afectadas por el ingreso de agua a sus viviendas. Tres de ellas residen en Chacras de la Merced y la cuarta en Villa P\u00e1ez. Hasta el momento, no se reportaron heridos, aunque se recomienda a la poblaci\u00f3n comunicarse con los n\u00fameros de emergencia 911 (Polic\u00eda) y 103 (Defensa Civil) ante cualquier situaci\u00f3n de riesgo.<\/p>\n\n\n\n<p>Vignetta destac\u00f3 que, pese a la magnitud del temporal, el suministro el\u00e9ctrico en las principales avenidas se mantiene operativo, aunque persisten sem\u00e1foros fuera de servicio y tramos anegados. <em>\u201cSolicitamos que quienes no necesiten estar en la v\u00eda p\u00fablica permanezcan en sus hogares\u201d<\/em>, enfatiz\u00f3.<\/p>\n\n\n\n<h3 class=\"wp-block-heading has-text-color has-link-color wp-elements-d5b9670d6b3fcbf5f9d4d4e0bc0561f8\" style=\"color:#0513b5\"><em>Pron\u00f3stico: contin\u00faa la alerta<\/em><\/h3>\n\n\n\n<p>El Servicio Meteorol\u00f3gico Nacional indic\u00f3 que las lluvias podr\u00edan persistir durante la noche y extenderse a la jornada del mi\u00e9rcoles, con vientos provenientes del suroeste que podr\u00edan agravar la situaci\u00f3n. Se prev\u00e9 que las precipitaciones contin\u00faen toda la semana, con algunas mejoras temporarias entre jueves y viernes.<\/p>\n\n\n\n<p>Las autoridades instaron a la poblaci\u00f3n a seguir las actualizaciones oficiales y tomar las precauciones necesarias para evitar incidentes. <em>\u201cEl n\u00facleo de la tormenta se ha estabilizado sobre la ciudad, lo que nos obliga a mantenernos en alerta\u201d<\/em>, concluy\u00f3 Vignetta.<\/p>\n","protected":false},"excerpt":{"rendered":"<p>Un fuerte temporal azot\u00f3 la ciudad de C\u00f3rdoba este martes, dejando como saldo calles inundadas, interrupciones en el suministro el\u00e9ctrico y complicaciones en el tr\u00e1nsito. [&hellip;]<\/p>\n","protected":false},"author":1,"featured_media":12884,"comment_status":"open","ping_status":"open","sticky":false,"template":"","format":"standard","meta":{"footnotes":""},"categories":[14],"tags":[],"class_list":["post-12883","post","type-post","status-publish","format-standard","has-post-thumbnail","hentry","category-clima-medioambiente-y-sostenibilidad"],"better_featured_image":{"id":12884,"alt_text":"","caption":"","description":"","media_type":"image","media_details":{"width":1200,"height":675,"file":"2025\/03\/tempocordoba232.png","filesize":1396724,"sizes":{"medium":{"file":"tempocordoba232-300x169.png","width":300,"height":169,"mime-type":"image\/png","filesize":80550,"source_url":"https:\/\/nuevodigitaldeescobar.com.ar\/wp-content\/uploads\/2025\/03\/tempocordoba232-300x169.png"},"large":{"file":"tempocordoba232-1024x576.png","width":1024,"height":576,"mime-type":"image\/png","filesize":704978,"source_url":"https:\/\/nuevodigitaldeescobar.com.ar\/wp-content\/uploads\/2025\/03\/tempocordoba232-1024x576.png"},"thumbnail":{"file":"tempocordoba232-150x150.png","width":150,"height":150,"mime-type":"image\/png","filesize":41004,"source_url":"https:\/\/nuevodigitaldeescobar.com.ar\/wp-content\/uploads\/2025\/03\/tempocordoba232-150x150.png"},"medium_large":{"file":"tempocordoba232-768x432.png","width":768,"height":432,"mime-type":"image\/png","filesize":430195,"source_url":"https:\/\/nuevodigitaldeescobar.com.ar\/wp-content\/uploads\/2025\/03\/tempocordoba232-768x432.png"}},"image_meta":{"aperture":"0","credit":"","camera":"","caption":"","created_timestamp":"0","copyright":"","focal_length":"0","iso":"0","shutter_speed":"0","title":"","orientation":"0","keywords":[]}},"post":12883,"source_url":"https:\/\/nuevodigitaldeescobar.com.ar\/wp-content\/uploads\/2025\/03\/tempocordoba232.png"},"yoast_head":"<!-- This site is optimized with the Yoast SEO plugin v26.1.1 - https:\/\/yoast.com\/wordpress\/plugins\/seo\/ -->\n<title>Temporal en C\u00f3rdoba: calles anegadas, cortes de luz y rescates de emergencia - Nuevo Digital de Escobar<\/title>\n<meta name=\"robots\" content=\"index, follow, max-snippet:-1, max-image-preview:large, max-video-preview:-1\" \/>\n<link rel=\"canonical\" href=\"https:\/\/nuevodigitaldeescobar.com.ar\/?p=12883\" \/>\n<meta property=\"og:locale\" content=\"es_ES\" \/>\n<meta property=\"og:type\" content=\"article\" \/>\n<meta property=\"og:title\" content=\"Temporal en C\u00f3rdoba: calles anegadas, cortes de luz y rescates de emergencia - Nuevo Digital de Escobar\" \/>\n<meta property=\"og:description\" content=\"Un fuerte temporal azot\u00f3 la ciudad de C\u00f3rdoba este martes, dejando como saldo calles inundadas, interrupciones en el suministro el\u00e9ctrico y complicaciones en el tr\u00e1nsito. [&hellip;]\" \/>\n<meta property=\"og:url\" content=\"https:\/\/nuevodigitaldeescobar.com.ar\/?p=12883\" \/>\n<meta property=\"og:site_name\" content=\"Nuevo Digital de Escobar\" \/>\n<meta property=\"article:publisher\" content=\"https:\/\/www.facebook.com\/NUEVODigitalDeEscobar\" \/>\n<meta property=\"article:published_time\" content=\"2025-03-12T04:18:02+00:00\" \/>\n<meta property=\"article:modified_time\" content=\"2025-03-12T04:18:06+00:00\" \/>\n<meta property=\"og:image\" content=\"https:\/\/nuevodigitaldeescobar.com.ar\/wp-content\/uploads\/2025\/03\/tempocordoba232.png\" \/>\n\t<meta property=\"og:image:width\" content=\"1200\" \/>\n\t<meta property=\"og:image:height\" content=\"675\" \/>\n\t<meta property=\"og:image:type\" content=\"image\/png\" \/>\n<meta name=\"author\" content=\"Redacci\u00f3n\" \/>\n<meta name=\"twitter:card\" content=\"summary_large_image\" \/>\n<meta name=\"twitter:creator\" content=\"@nuevodigescobar\" \/>\n<meta name=\"twitter:site\" content=\"@nuevodigescobar\" \/>\n<meta name=\"twitter:label1\" content=\"Escrito por\" \/>\n\t<meta name=\"twitter:data1\" content=\"Redacci\u00f3n\" \/>\n\t<meta name=\"twitter:label2\" content=\"Tiempo de lectura\" \/>\n\t<meta name=\"twitter:data2\" content=\"3 minutos\" \/>\n<script type=\"application\/ld+json\" class=\"yoast-schema-graph\">{\"@context\":\"https:\/\/schema.org\",\"@graph\":[{\"@type\":\"Article\",\"@id\":\"https:\/\/nuevodigitaldeescobar.com.ar\/?p=12883#article\",\"isPartOf\":{\"@id\":\"https:\/\/nuevodigitaldeescobar.com.ar\/?p=12883\"},\"author\":{\"name\":\"Redacci\u00f3n\",\"@id\":\"https:\/\/nuevodigitaldeescobar.com.ar\/#\/schema\/person\/035e90a8efe9a80e6eec22656ad6ea4c\"},\"headline\":\"Temporal en C\u00f3rdoba: calles anegadas, cortes de luz y rescates de emergencia\",\"datePublished\":\"2025-03-12T04:18:02+00:00\",\"dateModified\":\"2025-03-12T04:18:06+00:00\",\"mainEntityOfPage\":{\"@id\":\"https:\/\/nuevodigitaldeescobar.com.ar\/?p=12883\"},\"wordCount\":550,\"commentCount\":0,\"publisher\":{\"@id\":\"https:\/\/nuevodigitaldeescobar.com.ar\/#organization\"},\"image\":{\"@id\":\"https:\/\/nuevodigitaldeescobar.com.ar\/?p=12883#primaryimage\"},\"thumbnailUrl\":\"https:\/\/nuevodigitaldeescobar.com.ar\/wp-content\/uploads\/2025\/03\/tempocordoba232.png\",\"articleSection\":[\"Clima, Medioambiente y Sostenibilidad\"],\"inLanguage\":\"es\",\"potentialAction\":[{\"@type\":\"CommentAction\",\"name\":\"Comment\",\"target\":[\"https:\/\/nuevodigitaldeescobar.com.ar\/?p=12883#respond\"]}]},{\"@type\":\"WebPage\",\"@id\":\"https:\/\/nuevodigitaldeescobar.com.ar\/?p=12883\",\"url\":\"https:\/\/nuevodigitaldeescobar.com.ar\/?p=12883\",\"name\":\"Temporal en C\u00f3rdoba: calles anegadas, cortes de luz y rescates de emergencia - Nuevo Digital de Escobar\",\"isPartOf\":{\"@id\":\"https:\/\/nuevodigitaldeescobar.com.ar\/#website\"},\"primaryImageOfPage\":{\"@id\":\"https:\/\/nuevodigitaldeescobar.com.ar\/?p=12883#primaryimage\"},\"image\":{\"@id\":\"https:\/\/nuevodigitaldeescobar.com.ar\/?p=12883#primaryimage\"},\"thumbnailUrl\":\"https:\/\/nuevodigitaldeescobar.com.ar\/wp-content\/uploads\/2025\/03\/tempocordoba232.png\",\"datePublished\":\"2025-03-12T04:18:02+00:00\",\"dateModified\":\"2025-03-12T04:18:06+00:00\",\"breadcrumb\":{\"@id\":\"https:\/\/nuevodigitaldeescobar.com.ar\/?p=12883#breadcrumb\"},\"inLanguage\":\"es\",\"potentialAction\":[{\"@type\":\"ReadAction\",\"target\":[\"https:\/\/nuevodigitaldeescobar.com.ar\/?p=12883\"]}]},{\"@type\":\"ImageObject\",\"inLanguage\":\"es\",\"@id\":\"https:\/\/nuevodigitaldeescobar.com.ar\/?p=12883#primaryimage\",\"url\":\"https:\/\/nuevodigitaldeescobar.com.ar\/wp-content\/uploads\/2025\/03\/tempocordoba232.png\",\"contentUrl\":\"https:\/\/nuevodigitaldeescobar.com.ar\/wp-content\/uploads\/2025\/03\/tempocordoba232.png\",\"width\":1200,\"height\":675},{\"@type\":\"BreadcrumbList\",\"@id\":\"https:\/\/nuevodigitaldeescobar.com.ar\/?p=12883#breadcrumb\",\"itemListElement\":[{\"@type\":\"ListItem\",\"position\":1,\"name\":\"Portada\",\"item\":\"https:\/\/nuevodigitaldeescobar.com.ar\/\"},{\"@type\":\"ListItem\",\"position\":2,\"name\":\"Temporal en C\u00f3rdoba: calles anegadas, cortes de luz y rescates de emergencia\"}]},{\"@type\":\"WebSite\",\"@id\":\"https:\/\/nuevodigitaldeescobar.com.ar\/#website\",\"url\":\"https:\/\/nuevodigitaldeescobar.com.ar\/\",\"name\":\"Nuevo Digital de Escobar\",\"description\":\"La vida escobarense. Directora: Rosana Brunner\",\"publisher\":{\"@id\":\"https:\/\/nuevodigitaldeescobar.com.ar\/#organization\"},\"potentialAction\":[{\"@type\":\"SearchAction\",\"target\":{\"@type\":\"EntryPoint\",\"urlTemplate\":\"https:\/\/nuevodigitaldeescobar.com.ar\/?s={search_term_string}\"},\"query-input\":{\"@type\":\"PropertyValueSpecification\",\"valueRequired\":true,\"valueName\":\"search_term_string\"}}],\"inLanguage\":\"es\"},{\"@type\":\"Organization\",\"@id\":\"https:\/\/nuevodigitaldeescobar.com.ar\/#organization\",\"name\":\"Nuevo Digital de Escobar\",\"url\":\"https:\/\/nuevodigitaldeescobar.com.ar\/\",\"logo\":{\"@type\":\"ImageObject\",\"inLanguage\":\"es\",\"@id\":\"https:\/\/nuevodigitaldeescobar.com.ar\/#\/schema\/logo\/image\/\",\"url\":\"https:\/\/nuevodigitaldeescobar.com.ar\/wp-content\/uploads\/2025\/05\/cropped-logo-nuevo2.jpg\",\"contentUrl\":\"https:\/\/nuevodigitaldeescobar.com.ar\/wp-content\/uploads\/2025\/05\/cropped-logo-nuevo2.jpg\",\"width\":305,\"height\":305,\"caption\":\"Nuevo Digital de Escobar\"},\"image\":{\"@id\":\"https:\/\/nuevodigitaldeescobar.com.ar\/#\/schema\/logo\/image\/\"},\"sameAs\":[\"https:\/\/www.facebook.com\/NUEVODigitalDeEscobar\",\"https:\/\/x.com\/nuevodigescobar\",\"https:\/\/www.instagram.com\/nuevodigitaldeescobar\"]},{\"@type\":\"Person\",\"@id\":\"https:\/\/nuevodigitaldeescobar.com.ar\/#\/schema\/person\/035e90a8efe9a80e6eec22656ad6ea4c\",\"name\":\"Redacci\u00f3n\",\"image\":{\"@type\":\"ImageObject\",\"inLanguage\":\"es\",\"@id\":\"https:\/\/nuevodigitaldeescobar.com.ar\/#\/schema\/person\/image\/\",\"url\":\"https:\/\/secure.gravatar.com\/avatar\/8af8f40000c24e9eef3034f2be5998a372bb1389e64b1a4a36b3a7979142220d?s=96&d=mm&r=g\",\"contentUrl\":\"https:\/\/secure.gravatar.com\/avatar\/8af8f40000c24e9eef3034f2be5998a372bb1389e64b1a4a36b3a7979142220d?s=96&d=mm&r=g\",\"caption\":\"Redacci\u00f3n\"},\"sameAs\":[\"http:\/\/nuevodigitaldeescobar.com.ar\"],\"url\":\"https:\/\/nuevodigitaldeescobar.com.ar\/?author=1\"}]}<\/script>\n<!-- \/ Yoast SEO plugin. -->","yoast_head_json":{"title":"Temporal en C\u00f3rdoba: calles anegadas, cortes de luz y rescates de emergencia - Nuevo Digital de Escobar","robots":{"index":"index","follow":"follow","max-snippet":"max-snippet:-1","max-image-preview":"max-image-preview:large","max-video-preview":"max-video-preview:-1"},"canonical":"https:\/\/nuevodigitaldeescobar.com.ar\/?p=12883","og_locale":"es_ES","og_type":"article","og_title":"Temporal en C\u00f3rdoba: calles anegadas, cortes de luz y rescates de emergencia - Nuevo Digital de Escobar","og_description":"Un fuerte temporal azot\u00f3 la ciudad de C\u00f3rdoba este martes, dejando como saldo calles inundadas, interrupciones en el suministro el\u00e9ctrico y complicaciones en el tr\u00e1nsito. [&hellip;]","og_url":"https:\/\/nuevodigitaldeescobar.com.ar\/?p=12883","og_site_name":"Nuevo Digital de Escobar","article_publisher":"https:\/\/www.facebook.com\/NUEVODigitalDeEscobar","article_published_time":"2025-03-12T04:18:02+00:00","article_modified_time":"2025-03-12T04:18:06+00:00","og_image":[{"width":1200,"height":675,"url":"https:\/\/nuevodigitaldeescobar.com.ar\/wp-content\/uploads\/2025\/03\/tempocordoba232.png","type":"image\/png"}],"author":"Redacci\u00f3n","twitter_card":"summary_large_image","twitter_creator":"@nuevodigescobar","twitter_site":"@nuevodigescobar","twitter_misc":{"Escrito por":"Redacci\u00f3n","Tiempo de lectura":"3 minutos"},"schema":{"@context":"https:\/\/schema.org","@graph":[{"@type":"Article","@id":"https:\/\/nuevodigitaldeescobar.com.ar\/?p=12883#article","isPartOf":{"@id":"https:\/\/nuevodigitaldeescobar.com.ar\/?p=12883"},"author":{"name":"Redacci\u00f3n","@id":"https:\/\/nuevodigitaldeescobar.com.ar\/#\/schema\/person\/035e90a8efe9a80e6eec22656ad6ea4c"},"headline":"Temporal en C\u00f3rdoba: calles anegadas, cortes de luz y rescates de emergencia","datePublished":"2025-03-12T04:18:02+00:00","dateModified":"2025-03-12T04:18:06+00:00","mainEntityOfPage":{"@id":"https:\/\/nuevodigitaldeescobar.com.ar\/?p=12883"},"wordCount":550,"commentCount":0,"publisher":{"@id":"https:\/\/nuevodigitaldeescobar.com.ar\/#organization"},"image":{"@id":"https:\/\/nuevodigitaldeescobar.com.ar\/?p=12883#primaryimage"},"thumbnailUrl":"https:\/\/nuevodigitaldeescobar.com.ar\/wp-content\/uploads\/2025\/03\/tempocordoba232.png","articleSection":["Clima, Medioambiente y Sostenibilidad"],"inLanguage":"es","potentialAction":[{"@type":"CommentAction","name":"Comment","target":["https:\/\/nuevodigitaldeescobar.com.ar\/?p=12883#respond"]}]},{"@type":"WebPage","@id":"https:\/\/nuevodigitaldeescobar.com.ar\/?p=12883","url":"https:\/\/nuevodigitaldeescobar.com.ar\/?p=12883","name":"Temporal en C\u00f3rdoba: calles anegadas, cortes de luz y rescates de emergencia - Nuevo Digital de Escobar","isPartOf":{"@id":"https:\/\/nuevodigitaldeescobar.com.ar\/#website"},"primaryImageOfPage":{"@id":"https:\/\/nuevodigitaldeescobar.com.ar\/?p=12883#primaryimage"},"image":{"@id":"https:\/\/nuevodigitaldeescobar.com.ar\/?p=12883#primaryimage"},"thumbnailUrl":"https:\/\/nuevodigitaldeescobar.com.ar\/wp-content\/uploads\/2025\/03\/tempocordoba232.png","datePublished":"2025-03-12T04:18:02+00:00","dateModified":"2025-03-12T04:18:06+00:00","breadcrumb":{"@id":"https:\/\/nuevodigitaldeescobar.com.ar\/?p=12883#breadcrumb"},"inLanguage":"es","potentialAction":[{"@type":"ReadAction","target":["https:\/\/nuevodigitaldeescobar.com.ar\/?p=12883"]}]},{"@type":"ImageObject","inLanguage":"es","@id":"https:\/\/nuevodigitaldeescobar.com.ar\/?p=12883#primaryimage","url":"https:\/\/nuevodigitaldeescobar.com.ar\/wp-content\/uploads\/2025\/03\/tempocordoba232.png","contentUrl":"https:\/\/nuevodigitaldeescobar.com.ar\/wp-content\/uploads\/2025\/03\/tempocordoba232.png","width":1200,"height":675},{"@type":"BreadcrumbList","@id":"https:\/\/nuevodigitaldeescobar.com.ar\/?p=12883#breadcrumb","itemListElement":[{"@type":"ListItem","position":1,"name":"Portada","item":"https:\/\/nuevodigitaldeescobar.com.ar\/"},{"@type":"ListItem","position":2,"name":"Temporal en C\u00f3rdoba: calles anegadas, cortes de luz y rescates de emergencia"}]},{"@type":"WebSite","@id":"https:\/\/nuevodigitaldeescobar.com.ar\/#website","url":"https:\/\/nuevodigitaldeescobar.com.ar\/","name":"Nuevo Digital de Escobar","description":"La vida escobarense. Directora: Rosana Brunner","publisher":{"@id":"https:\/\/nuevodigitaldeescobar.com.ar\/#organization"},"potentialAction":[{"@type":"SearchAction","target":{"@type":"EntryPoint","urlTemplate":"https:\/\/nuevodigitaldeescobar.com.ar\/?s={search_term_string}"},"query-input":{"@type":"PropertyValueSpecification","valueRequired":true,"valueName":"search_term_string"}}],"inLanguage":"es"},{"@type":"Organization","@id":"https:\/\/nuevodigitaldeescobar.com.ar\/#organization","name":"Nuevo Digital de Escobar","url":"https:\/\/nuevodigitaldeescobar.com.ar\/","logo":{"@type":"ImageObject","inLanguage":"es","@id":"https:\/\/nuevodigitaldeescobar.com.ar\/#\/schema\/logo\/image\/","url":"https:\/\/nuevodigitaldeescobar.com.ar\/wp-content\/uploads\/2025\/05\/cropped-logo-nuevo2.jpg","contentUrl":"https:\/\/nuevodigitaldeescobar.com.ar\/wp-content\/uploads\/2025\/05\/cropped-logo-nuevo2.jpg","width":305,"height":305,"caption":"Nuevo Digital de Escobar"},"image":{"@id":"https:\/\/nuevodigitaldeescobar.com.ar\/#\/schema\/logo\/image\/"},"sameAs":["https:\/\/www.facebook.com\/NUEVODigitalDeEscobar","https:\/\/x.com\/nuevodigescobar","https:\/\/www.instagram.com\/nuevodigitaldeescobar"]},{"@type":"Person","@id":"https:\/\/nuevodigitaldeescobar.com.ar\/#\/schema\/person\/035e90a8efe9a80e6eec22656ad6ea4c","name":"Redacci\u00f3n","image":{"@type":"ImageObject","inLanguage":"es","@id":"https:\/\/nuevodigitaldeescobar.com.ar\/#\/schema\/person\/image\/","url":"https:\/\/secure.gravatar.com\/avatar\/8af8f40000c24e9eef3034f2be5998a372bb1389e64b1a4a36b3a7979142220d?s=96&d=mm&r=g","contentUrl":"https:\/\/secure.gravatar.com\/avatar\/8af8f40000c24e9eef3034f2be5998a372bb1389e64b1a4a36b3a7979142220d?s=96&d=mm&r=g","caption":"Redacci\u00f3n"},"sameAs":["http:\/\/nuevodigitaldeescobar.com.ar"],"url":"https:\/\/nuevodigitaldeescobar.com.ar\/?author=1"}]}},"featured_image_urls":{"full":["https:\/\/nuevodigitaldeescobar.com.ar\/wp-content\/uploads\/2025\/03\/tempocordoba232.png",1200,675,false],"thumbnail":["https:\/\/nuevodigitaldeescobar.com.ar\/wp-content\/uploads\/2025\/03\/tempocordoba232-150x150.png",150,150,true],"medium":["https:\/\/nuevodigitaldeescobar.com.ar\/wp-content\/uploads\/2025\/03\/tempocordoba232-300x169.png",300,169,true],"medium_large":["https:\/\/nuevodigitaldeescobar.com.ar\/wp-content\/uploads\/2025\/03\/tempocordoba232-768x432.png",640,360,true],"large":["https:\/\/nuevodigitaldeescobar.com.ar\/wp-content\/uploads\/2025\/03\/tempocordoba232-1024x576.png",640,360,true],"1536x1536":["https:\/\/nuevodigitaldeescobar.com.ar\/wp-content\/uploads\/2025\/03\/tempocordoba232.png",1200,675,false],"2048x2048":["https:\/\/nuevodigitaldeescobar.com.ar\/wp-content\/uploads\/2025\/03\/tempocordoba232.png",1200,675,false]},"author_info":{"display_name":"Redacci\u00f3n","author_link":"https:\/\/nuevodigitaldeescobar.com.ar\/?author=1"},"category_info":"<a href=\"https:\/\/nuevodigitaldeescobar.com.ar\/?cat=14\" rel=\"category\">Clima, Medioambiente y Sostenibilidad<\/a>","tag_info":"Clima, Medioambiente y Sostenibilidad","comment_count":"0","_links":{"self":[{"href":"https:\/\/nuevodigitaldeescobar.com.ar\/index.php?rest_route=\/wp\/v2\/posts\/12883","targetHints":{"allow":["GET"]}}],"collection":[{"href":"https:\/\/nuevodigitaldeescobar.com.ar\/index.php?rest_route=\/wp\/v2\/posts"}],"about":[{"href":"https:\/\/nuevodigitaldeescobar.com.ar\/index.php?rest_route=\/wp\/v2\/types\/post"}],"author":[{"embeddable":true,"href":"https:\/\/nuevodigitaldeescobar.com.ar\/index.php?rest_route=\/wp\/v2\/users\/1"}],"replies":[{"embeddable":true,"href":"https:\/\/nuevodigitaldeescobar.com.ar\/index.php?rest_route=%2Fwp%2Fv2%2Fcomments&post=12883"}],"version-history":[{"count":1,"href":"https:\/\/nuevodigitaldeescobar.com.ar\/index.php?rest_route=\/wp\/v2\/posts\/12883\/revisions"}],"predecessor-version":[{"id":12887,"href":"https:\/\/nuevodigitaldeescobar.com.ar\/index.php?rest_route=\/wp\/v2\/posts\/12883\/revisions\/12887"}],"wp:featuredmedia":[{"embeddable":true,"href":"https:\/\/nuevodigitaldeescobar.com.ar\/index.php?rest_route=\/wp\/v2\/media\/12884"}],"wp:attachment":[{"href":"https:\/\/nuevodigitaldeescobar.com.ar\/index.php?rest_route=%2Fwp%2Fv2%2Fmedia&parent=12883"}],"wp:term":[{"taxonomy":"category","embeddable":true,"href":"https:\/\/nuevodigitaldeescobar.com.ar\/index.php?rest_route=%2Fwp%2Fv2%2Fcategories&post=12883"},{"taxonomy":"post_tag","embeddable":true,"href":"https:\/\/nuevodigitaldeescobar.com.ar\/index.php?rest_route=%2Fwp%2Fv2%2Ftags&post=12883"}],"curies":[{"name":"wp","href":"https:\/\/api.w.org\/{rel}","templated":true}]}}