{"id":12916,"date":"2025-03-13T00:01:00","date_gmt":"2025-03-13T03:01:00","guid":{"rendered":"https:\/\/nuevodigitaldeescobar.com.ar\/?p=12916"},"modified":"2025-03-12T23:57:11","modified_gmt":"2025-03-13T02:57:11","slug":"el-gobierno-creara-un-fondo-especial-de-200-000-millones-para-asistir-a-los-damnificados-en-bahia-blanca-sin-intermediarios","status":"publish","type":"post","link":"https:\/\/nuevodigitaldeescobar.com.ar\/?p=12916","title":{"rendered":"El Gobierno crear\u00e1 un fondo especial de $200.000 millones para asistir a los damnificados en Bah\u00eda Blanca sin intermediarios"},"content":{"rendered":"\n<p class=\"has-vivid-cyan-blue-color has-text-color has-link-color wp-elements-c4936b0b87e223352ddea647e3e5e1e0\"><em><strong>El Gobierno nacional anunci\u00f3 la creaci\u00f3n de un fondo especial de $200.000 millones destinado a asistir de manera directa a los damnificados por el temporal que golpe\u00f3 a Bah\u00eda Blanca. La decisi\u00f3n fue tomada en medio de la crisis humanitaria generada por la cat\u00e1strofe y sin la intervenci\u00f3n de la administraci\u00f3n bonaerense.<\/strong><\/em><\/p>\n\n\n\n<!--more-->\n\n\n\n<p>Desde la Oficina del Presidente se inform\u00f3 que Javier Milei instruy\u00f3 la conformaci\u00f3n de este fondo con el objetivo de que la ayuda llegue sin intermediarios y de manera proporcional a los afectados. La administraci\u00f3n y distribuci\u00f3n de estos recursos estar\u00e1n a cargo de la Agencia Federal de Emergencias, dependiente del Ministerio de Seguridad Nacional.<\/p>\n\n\n\n<p>A trav\u00e9s de un comunicado oficial, el Ejecutivo subray\u00f3 que <em>\u00abeste fondo de asistencia a los afectados por la cat\u00e1strofe solo es posible gracias al equilibrio fiscal que este gobierno ha defendido hasta las \u00faltimas consecuencias, y seguir\u00e1 defendiendo\u00bb<\/em>. Asimismo, se reafirm\u00f3 el compromiso del Estado en continuar brindando apoyo a las v\u00edctimas del temporal.<\/p>\n\n\n\n<h3 class=\"wp-block-heading has-text-color has-link-color wp-elements-3d7801e46545c2329ce56cdcce3bb3f2\" style=\"color:#0703b3\"><em>Tensi\u00f3n entre Naci\u00f3n y Provincia<\/em><\/h3>\n\n\n\n<p>La medida se da en un contexto de tensiones entre el Gobierno nacional y la administraci\u00f3n bonaerense de Axel Kicillof. El gobernador ha solicitado reiteradamente una reuni\u00f3n con Milei para coordinar la asistencia financiera, pero hasta el momento no ha obtenido respuesta.<\/p>\n\n\n\n<p>Desde la Casa Rosada criticaron duramente al mandatario provincial y se\u00f1alaron que <em>\u00aben los albores de una inminente campa\u00f1a electoral, Kicillof ha decidido utilizar el dolor de los bonaerenses con fines pol\u00edticos\u00bb<\/em>. Adem\u00e1s, destacaron que el fondo dispuesto por la Naci\u00f3n cuadruplica los recursos inicialmente comprometidos por la Provincia.<\/p>\n\n\n<div class=\"wp-block-image is-style-rounded\">\n<figure class=\"aligncenter size-full\"><img fetchpriority=\"high\" decoding=\"async\" width=\"652\" height=\"433\" src=\"https:\/\/nuevodigitaldeescobar.com.ar\/wp-content\/uploads\/2025\/03\/bahiabl22.png\" alt=\"\" class=\"wp-image-12919\" srcset=\"https:\/\/nuevodigitaldeescobar.com.ar\/wp-content\/uploads\/2025\/03\/bahiabl22.png 652w, https:\/\/nuevodigitaldeescobar.com.ar\/wp-content\/uploads\/2025\/03\/bahiabl22-300x199.png 300w\" sizes=\"(max-width: 652px) 100vw, 652px\" \/><\/figure><\/div>\n\n\n<p>A pesar de estas diferencias, el Gobierno nacional ya hab\u00eda enviado una primera asistencia de $10.000 millones a la administraci\u00f3n bonaerense para afrontar las tareas de emergencia en la zona afectada.<\/p>\n\n\n\n<h3 class=\"wp-block-heading has-text-color has-link-color wp-elements-3dae1356a470971fb129b5b574a169fc\" style=\"color:#0703b3\"><em>La reconstrucci\u00f3n de Bah\u00eda Blanca<\/em><\/h3>\n\n\n\n<p>El intendente de Bah\u00eda Blanca, Federico Susbielles, agradeci\u00f3 la asistencia inicial, pero advirti\u00f3 que la reconstrucci\u00f3n total de la ciudad demandar\u00e1 alrededor de $400.000 millones, aunque la cifra podr\u00eda ser a\u00fan mayor a medida que se eval\u00faen los da\u00f1os.<\/p>\n\n\n\n<p>Por su parte, el Gobierno nacional inst\u00f3 a las autoridades locales a precisar con exactitud qu\u00e9 recursos adicionales son necesarios para acelerar la recuperaci\u00f3n. <em>\u00abEstamos analizando una ayuda directa a cada familia que ha perdido sus cosas y cuyas casas deben ser reconstruidas\u00bb<\/em>, afirm\u00f3 un alto funcionario del Gabinete.<\/p>\n\n\n<div class=\"wp-block-image is-style-rounded\">\n<figure class=\"aligncenter size-large\"><img decoding=\"async\" width=\"1024\" height=\"573\" src=\"https:\/\/nuevodigitaldeescobar.com.ar\/wp-content\/uploads\/2025\/03\/bahiabl21-1024x573.png\" alt=\"\" class=\"wp-image-12918\" srcset=\"https:\/\/nuevodigitaldeescobar.com.ar\/wp-content\/uploads\/2025\/03\/bahiabl21-1024x573.png 1024w, https:\/\/nuevodigitaldeescobar.com.ar\/wp-content\/uploads\/2025\/03\/bahiabl21-300x168.png 300w, https:\/\/nuevodigitaldeescobar.com.ar\/wp-content\/uploads\/2025\/03\/bahiabl21-768x430.png 768w, https:\/\/nuevodigitaldeescobar.com.ar\/wp-content\/uploads\/2025\/03\/bahiabl21.png 1200w\" sizes=\"(max-width: 1024px) 100vw, 1024px\" \/><\/figure><\/div>\n\n\n<h3 class=\"wp-block-heading has-text-color has-link-color wp-elements-fbee95328862680e6e2ed54e5a3442fc\" style=\"color:#0703b3\"><em>La visita de Milei a la zona afectada<\/em><\/h3>\n\n\n\n<p>En un viaje mantenido con total hermetismo hasta \u00faltimo momento, el presidente Javier Milei visit\u00f3 Bah\u00eda Blanca junto a su equipo de ministros y recorri\u00f3 los sectores m\u00e1s golpeados por la cat\u00e1strofe. Durante la visita, Milei estuvo acompa\u00f1ado por la secretaria general de la Presidencia, Karina Milei; el jefe de Gabinete, Guillermo Francos; el ministro de Defensa, Luis Petri; y la ministra de Seguridad, Patricia Bullrich.<\/p>\n\n\n\n<p>El momento m\u00e1s emotivo de la jornada se vivi\u00f3 cuando la comitiva presidencial se acerc\u00f3 al punto cero de la b\u00fasqueda de Delfina y Pilar, las dos personas desaparecidas en medio del desastre. <em>\u00abFue un momento de una angustia tremenda\u00bb<\/em>, expres\u00f3 un integrante del equipo de Gobierno presente en la recorrida.<\/p>\n\n\n\n<p>Mientras contin\u00faan los trabajos de emergencia, la administraci\u00f3n nacional reafirm\u00f3 su compromiso de seguir brindando apoyo hasta que cada damnificado pueda recuperar su hogar y su estabilidad.<\/p>\n","protected":false},"excerpt":{"rendered":"<p>El Gobierno nacional anunci\u00f3 la creaci\u00f3n de un fondo especial de $200.000 millones destinado a asistir de manera directa a los damnificados por el temporal [&hellip;]<\/p>\n","protected":false},"author":1,"featured_media":12917,"comment_status":"open","ping_status":"open","sticky":false,"template":"","format":"standard","meta":{"footnotes":""},"categories":[7],"tags":[],"class_list":["post-12916","post","type-post","status-publish","format-standard","has-post-thumbnail","hentry","category-interes-general"],"better_featured_image":{"id":12917,"alt_text":"","caption":"","description":"","media_type":"image","media_details":{"width":1400,"height":933,"file":"2025\/03\/bahiabl20.webp","filesize":94738,"sizes":{"medium":{"file":"bahiabl20-300x200.webp","width":300,"height":200,"mime-type":"image\/webp","filesize":16052,"source_url":"https:\/\/nuevodigitaldeescobar.com.ar\/wp-content\/uploads\/2025\/03\/bahiabl20-300x200.webp"},"large":{"file":"bahiabl20-1024x682.webp","width":1024,"height":682,"mime-type":"image\/webp","filesize":75092,"source_url":"https:\/\/nuevodigitaldeescobar.com.ar\/wp-content\/uploads\/2025\/03\/bahiabl20-1024x682.webp"},"thumbnail":{"file":"bahiabl20-150x150.webp","width":150,"height":150,"mime-type":"image\/webp","filesize":7276,"source_url":"https:\/\/nuevodigitaldeescobar.com.ar\/wp-content\/uploads\/2025\/03\/bahiabl20-150x150.webp"},"medium_large":{"file":"bahiabl20-768x512.webp","width":768,"height":512,"mime-type":"image\/webp","filesize":53240,"source_url":"https:\/\/nuevodigitaldeescobar.com.ar\/wp-content\/uploads\/2025\/03\/bahiabl20-768x512.webp"}},"image_meta":{"aperture":"0","credit":"","camera":"","caption":"","created_timestamp":"0","copyright":"","focal_length":"0","iso":"0","shutter_speed":"0","title":"","orientation":"0","keywords":[]}},"post":12916,"source_url":"https:\/\/nuevodigitaldeescobar.com.ar\/wp-content\/uploads\/2025\/03\/bahiabl20.webp"},"yoast_head":"<!-- This site is optimized with the Yoast SEO plugin v26.1.1 - https:\/\/yoast.com\/wordpress\/plugins\/seo\/ -->\n<title>El Gobierno crear\u00e1 un fondo especial de $200.000 millones para asistir a los damnificados en Bah\u00eda Blanca sin intermediarios - Nuevo Digital de Escobar<\/title>\n<meta name=\"robots\" content=\"index, follow, max-snippet:-1, max-image-preview:large, max-video-preview:-1\" \/>\n<link rel=\"canonical\" href=\"https:\/\/nuevodigitaldeescobar.com.ar\/?p=12916\" \/>\n<meta property=\"og:locale\" content=\"es_ES\" \/>\n<meta property=\"og:type\" content=\"article\" \/>\n<meta property=\"og:title\" content=\"El Gobierno crear\u00e1 un fondo especial de $200.000 millones para asistir a los damnificados en Bah\u00eda Blanca sin intermediarios - Nuevo Digital de Escobar\" \/>\n<meta property=\"og:description\" content=\"El Gobierno nacional anunci\u00f3 la creaci\u00f3n de un fondo especial de $200.000 millones destinado a asistir de manera directa a los damnificados por el temporal [&hellip;]\" \/>\n<meta property=\"og:url\" content=\"https:\/\/nuevodigitaldeescobar.com.ar\/?p=12916\" \/>\n<meta property=\"og:site_name\" content=\"Nuevo Digital de Escobar\" \/>\n<meta property=\"article:publisher\" content=\"https:\/\/www.facebook.com\/NUEVODigitalDeEscobar\" \/>\n<meta property=\"article:published_time\" content=\"2025-03-13T03:01:00+00:00\" \/>\n<meta property=\"og:image\" content=\"https:\/\/nuevodigitaldeescobar.com.ar\/wp-content\/uploads\/2025\/03\/bahiabl20.webp\" \/>\n\t<meta property=\"og:image:width\" content=\"1400\" \/>\n\t<meta property=\"og:image:height\" content=\"933\" \/>\n\t<meta property=\"og:image:type\" content=\"image\/webp\" \/>\n<meta name=\"author\" content=\"Redacci\u00f3n\" \/>\n<meta name=\"twitter:card\" content=\"summary_large_image\" \/>\n<meta name=\"twitter:creator\" content=\"@nuevodigescobar\" \/>\n<meta name=\"twitter:site\" content=\"@nuevodigescobar\" \/>\n<meta name=\"twitter:label1\" content=\"Escrito por\" \/>\n\t<meta name=\"twitter:data1\" content=\"Redacci\u00f3n\" \/>\n\t<meta name=\"twitter:label2\" content=\"Tiempo de lectura\" \/>\n\t<meta name=\"twitter:data2\" content=\"3 minutos\" \/>\n<script type=\"application\/ld+json\" class=\"yoast-schema-graph\">{\"@context\":\"https:\/\/schema.org\",\"@graph\":[{\"@type\":\"Article\",\"@id\":\"https:\/\/nuevodigitaldeescobar.com.ar\/?p=12916#article\",\"isPartOf\":{\"@id\":\"https:\/\/nuevodigitaldeescobar.com.ar\/?p=12916\"},\"author\":{\"name\":\"Redacci\u00f3n\",\"@id\":\"https:\/\/nuevodigitaldeescobar.com.ar\/#\/schema\/person\/035e90a8efe9a80e6eec22656ad6ea4c\"},\"headline\":\"El Gobierno crear\u00e1 un fondo especial de $200.000 millones para asistir a los damnificados en Bah\u00eda Blanca sin intermediarios\",\"datePublished\":\"2025-03-13T03:01:00+00:00\",\"mainEntityOfPage\":{\"@id\":\"https:\/\/nuevodigitaldeescobar.com.ar\/?p=12916\"},\"wordCount\":591,\"commentCount\":0,\"publisher\":{\"@id\":\"https:\/\/nuevodigitaldeescobar.com.ar\/#organization\"},\"image\":{\"@id\":\"https:\/\/nuevodigitaldeescobar.com.ar\/?p=12916#primaryimage\"},\"thumbnailUrl\":\"https:\/\/nuevodigitaldeescobar.com.ar\/wp-content\/uploads\/2025\/03\/bahiabl20.webp\",\"articleSection\":[\"Inter\u00e9s general\"],\"inLanguage\":\"es\",\"potentialAction\":[{\"@type\":\"CommentAction\",\"name\":\"Comment\",\"target\":[\"https:\/\/nuevodigitaldeescobar.com.ar\/?p=12916#respond\"]}]},{\"@type\":\"WebPage\",\"@id\":\"https:\/\/nuevodigitaldeescobar.com.ar\/?p=12916\",\"url\":\"https:\/\/nuevodigitaldeescobar.com.ar\/?p=12916\",\"name\":\"El Gobierno crear\u00e1 un fondo especial de $200.000 millones para asistir a los damnificados en Bah\u00eda Blanca sin intermediarios - Nuevo Digital de Escobar\",\"isPartOf\":{\"@id\":\"https:\/\/nuevodigitaldeescobar.com.ar\/#website\"},\"primaryImageOfPage\":{\"@id\":\"https:\/\/nuevodigitaldeescobar.com.ar\/?p=12916#primaryimage\"},\"image\":{\"@id\":\"https:\/\/nuevodigitaldeescobar.com.ar\/?p=12916#primaryimage\"},\"thumbnailUrl\":\"https:\/\/nuevodigitaldeescobar.com.ar\/wp-content\/uploads\/2025\/03\/bahiabl20.webp\",\"datePublished\":\"2025-03-13T03:01:00+00:00\",\"breadcrumb\":{\"@id\":\"https:\/\/nuevodigitaldeescobar.com.ar\/?p=12916#breadcrumb\"},\"inLanguage\":\"es\",\"potentialAction\":[{\"@type\":\"ReadAction\",\"target\":[\"https:\/\/nuevodigitaldeescobar.com.ar\/?p=12916\"]}]},{\"@type\":\"ImageObject\",\"inLanguage\":\"es\",\"@id\":\"https:\/\/nuevodigitaldeescobar.com.ar\/?p=12916#primaryimage\",\"url\":\"https:\/\/nuevodigitaldeescobar.com.ar\/wp-content\/uploads\/2025\/03\/bahiabl20.webp\",\"contentUrl\":\"https:\/\/nuevodigitaldeescobar.com.ar\/wp-content\/uploads\/2025\/03\/bahiabl20.webp\",\"width\":1400,\"height\":933},{\"@type\":\"BreadcrumbList\",\"@id\":\"https:\/\/nuevodigitaldeescobar.com.ar\/?p=12916#breadcrumb\",\"itemListElement\":[{\"@type\":\"ListItem\",\"position\":1,\"name\":\"Portada\",\"item\":\"https:\/\/nuevodigitaldeescobar.com.ar\/\"},{\"@type\":\"ListItem\",\"position\":2,\"name\":\"El Gobierno crear\u00e1 un fondo especial de $200.000 millones para asistir a los damnificados en Bah\u00eda Blanca sin intermediarios\"}]},{\"@type\":\"WebSite\",\"@id\":\"https:\/\/nuevodigitaldeescobar.com.ar\/#website\",\"url\":\"https:\/\/nuevodigitaldeescobar.com.ar\/\",\"name\":\"Nuevo Digital de Escobar\",\"description\":\"La vida escobarense. Directora: Rosana Brunner\",\"publisher\":{\"@id\":\"https:\/\/nuevodigitaldeescobar.com.ar\/#organization\"},\"potentialAction\":[{\"@type\":\"SearchAction\",\"target\":{\"@type\":\"EntryPoint\",\"urlTemplate\":\"https:\/\/nuevodigitaldeescobar.com.ar\/?s={search_term_string}\"},\"query-input\":{\"@type\":\"PropertyValueSpecification\",\"valueRequired\":true,\"valueName\":\"search_term_string\"}}],\"inLanguage\":\"es\"},{\"@type\":\"Organization\",\"@id\":\"https:\/\/nuevodigitaldeescobar.com.ar\/#organization\",\"name\":\"Nuevo Digital de Escobar\",\"url\":\"https:\/\/nuevodigitaldeescobar.com.ar\/\",\"logo\":{\"@type\":\"ImageObject\",\"inLanguage\":\"es\",\"@id\":\"https:\/\/nuevodigitaldeescobar.com.ar\/#\/schema\/logo\/image\/\",\"url\":\"https:\/\/nuevodigitaldeescobar.com.ar\/wp-content\/uploads\/2025\/05\/cropped-logo-nuevo2.jpg\",\"contentUrl\":\"https:\/\/nuevodigitaldeescobar.com.ar\/wp-content\/uploads\/2025\/05\/cropped-logo-nuevo2.jpg\",\"width\":305,\"height\":305,\"caption\":\"Nuevo Digital de Escobar\"},\"image\":{\"@id\":\"https:\/\/nuevodigitaldeescobar.com.ar\/#\/schema\/logo\/image\/\"},\"sameAs\":[\"https:\/\/www.facebook.com\/NUEVODigitalDeEscobar\",\"https:\/\/x.com\/nuevodigescobar\",\"https:\/\/www.instagram.com\/nuevodigitaldeescobar\"]},{\"@type\":\"Person\",\"@id\":\"https:\/\/nuevodigitaldeescobar.com.ar\/#\/schema\/person\/035e90a8efe9a80e6eec22656ad6ea4c\",\"name\":\"Redacci\u00f3n\",\"image\":{\"@type\":\"ImageObject\",\"inLanguage\":\"es\",\"@id\":\"https:\/\/nuevodigitaldeescobar.com.ar\/#\/schema\/person\/image\/\",\"url\":\"https:\/\/secure.gravatar.com\/avatar\/8af8f40000c24e9eef3034f2be5998a372bb1389e64b1a4a36b3a7979142220d?s=96&d=mm&r=g\",\"contentUrl\":\"https:\/\/secure.gravatar.com\/avatar\/8af8f40000c24e9eef3034f2be5998a372bb1389e64b1a4a36b3a7979142220d?s=96&d=mm&r=g\",\"caption\":\"Redacci\u00f3n\"},\"sameAs\":[\"http:\/\/nuevodigitaldeescobar.com.ar\"],\"url\":\"https:\/\/nuevodigitaldeescobar.com.ar\/?author=1\"}]}<\/script>\n<!-- \/ Yoast SEO plugin. -->","yoast_head_json":{"title":"El Gobierno crear\u00e1 un fondo especial de $200.000 millones para asistir a los damnificados en Bah\u00eda Blanca sin intermediarios - Nuevo Digital de Escobar","robots":{"index":"index","follow":"follow","max-snippet":"max-snippet:-1","max-image-preview":"max-image-preview:large","max-video-preview":"max-video-preview:-1"},"canonical":"https:\/\/nuevodigitaldeescobar.com.ar\/?p=12916","og_locale":"es_ES","og_type":"article","og_title":"El Gobierno crear\u00e1 un fondo especial de $200.000 millones para asistir a los damnificados en Bah\u00eda Blanca sin intermediarios - Nuevo Digital de Escobar","og_description":"El Gobierno nacional anunci\u00f3 la creaci\u00f3n de un fondo especial de $200.000 millones destinado a asistir de manera directa a los damnificados por el temporal [&hellip;]","og_url":"https:\/\/nuevodigitaldeescobar.com.ar\/?p=12916","og_site_name":"Nuevo Digital de Escobar","article_publisher":"https:\/\/www.facebook.com\/NUEVODigitalDeEscobar","article_published_time":"2025-03-13T03:01:00+00:00","og_image":[{"width":1400,"height":933,"url":"https:\/\/nuevodigitaldeescobar.com.ar\/wp-content\/uploads\/2025\/03\/bahiabl20.webp","type":"image\/webp"}],"author":"Redacci\u00f3n","twitter_card":"summary_large_image","twitter_creator":"@nuevodigescobar","twitter_site":"@nuevodigescobar","twitter_misc":{"Escrito por":"Redacci\u00f3n","Tiempo de lectura":"3 minutos"},"schema":{"@context":"https:\/\/schema.org","@graph":[{"@type":"Article","@id":"https:\/\/nuevodigitaldeescobar.com.ar\/?p=12916#article","isPartOf":{"@id":"https:\/\/nuevodigitaldeescobar.com.ar\/?p=12916"},"author":{"name":"Redacci\u00f3n","@id":"https:\/\/nuevodigitaldeescobar.com.ar\/#\/schema\/person\/035e90a8efe9a80e6eec22656ad6ea4c"},"headline":"El Gobierno crear\u00e1 un fondo especial de $200.000 millones para asistir a los damnificados en Bah\u00eda Blanca sin intermediarios","datePublished":"2025-03-13T03:01:00+00:00","mainEntityOfPage":{"@id":"https:\/\/nuevodigitaldeescobar.com.ar\/?p=12916"},"wordCount":591,"commentCount":0,"publisher":{"@id":"https:\/\/nuevodigitaldeescobar.com.ar\/#organization"},"image":{"@id":"https:\/\/nuevodigitaldeescobar.com.ar\/?p=12916#primaryimage"},"thumbnailUrl":"https:\/\/nuevodigitaldeescobar.com.ar\/wp-content\/uploads\/2025\/03\/bahiabl20.webp","articleSection":["Inter\u00e9s general"],"inLanguage":"es","potentialAction":[{"@type":"CommentAction","name":"Comment","target":["https:\/\/nuevodigitaldeescobar.com.ar\/?p=12916#respond"]}]},{"@type":"WebPage","@id":"https:\/\/nuevodigitaldeescobar.com.ar\/?p=12916","url":"https:\/\/nuevodigitaldeescobar.com.ar\/?p=12916","name":"El Gobierno crear\u00e1 un fondo especial de $200.000 millones para asistir a los damnificados en Bah\u00eda Blanca sin intermediarios - Nuevo Digital de Escobar","isPartOf":{"@id":"https:\/\/nuevodigitaldeescobar.com.ar\/#website"},"primaryImageOfPage":{"@id":"https:\/\/nuevodigitaldeescobar.com.ar\/?p=12916#primaryimage"},"image":{"@id":"https:\/\/nuevodigitaldeescobar.com.ar\/?p=12916#primaryimage"},"thumbnailUrl":"https:\/\/nuevodigitaldeescobar.com.ar\/wp-content\/uploads\/2025\/03\/bahiabl20.webp","datePublished":"2025-03-13T03:01:00+00:00","breadcrumb":{"@id":"https:\/\/nuevodigitaldeescobar.com.ar\/?p=12916#breadcrumb"},"inLanguage":"es","potentialAction":[{"@type":"ReadAction","target":["https:\/\/nuevodigitaldeescobar.com.ar\/?p=12916"]}]},{"@type":"ImageObject","inLanguage":"es","@id":"https:\/\/nuevodigitaldeescobar.com.ar\/?p=12916#primaryimage","url":"https:\/\/nuevodigitaldeescobar.com.ar\/wp-content\/uploads\/2025\/03\/bahiabl20.webp","contentUrl":"https:\/\/nuevodigitaldeescobar.com.ar\/wp-content\/uploads\/2025\/03\/bahiabl20.webp","width":1400,"height":933},{"@type":"BreadcrumbList","@id":"https:\/\/nuevodigitaldeescobar.com.ar\/?p=12916#breadcrumb","itemListElement":[{"@type":"ListItem","position":1,"name":"Portada","item":"https:\/\/nuevodigitaldeescobar.com.ar\/"},{"@type":"ListItem","position":2,"name":"El Gobierno crear\u00e1 un fondo especial de $200.000 millones para asistir a los damnificados en Bah\u00eda Blanca sin intermediarios"}]},{"@type":"WebSite","@id":"https:\/\/nuevodigitaldeescobar.com.ar\/#website","url":"https:\/\/nuevodigitaldeescobar.com.ar\/","name":"Nuevo Digital de Escobar","description":"La vida escobarense. Directora: Rosana Brunner","publisher":{"@id":"https:\/\/nuevodigitaldeescobar.com.ar\/#organization"},"potentialAction":[{"@type":"SearchAction","target":{"@type":"EntryPoint","urlTemplate":"https:\/\/nuevodigitaldeescobar.com.ar\/?s={search_term_string}"},"query-input":{"@type":"PropertyValueSpecification","valueRequired":true,"valueName":"search_term_string"}}],"inLanguage":"es"},{"@type":"Organization","@id":"https:\/\/nuevodigitaldeescobar.com.ar\/#organization","name":"Nuevo Digital de Escobar","url":"https:\/\/nuevodigitaldeescobar.com.ar\/","logo":{"@type":"ImageObject","inLanguage":"es","@id":"https:\/\/nuevodigitaldeescobar.com.ar\/#\/schema\/logo\/image\/","url":"https:\/\/nuevodigitaldeescobar.com.ar\/wp-content\/uploads\/2025\/05\/cropped-logo-nuevo2.jpg","contentUrl":"https:\/\/nuevodigitaldeescobar.com.ar\/wp-content\/uploads\/2025\/05\/cropped-logo-nuevo2.jpg","width":305,"height":305,"caption":"Nuevo Digital de Escobar"},"image":{"@id":"https:\/\/nuevodigitaldeescobar.com.ar\/#\/schema\/logo\/image\/"},"sameAs":["https:\/\/www.facebook.com\/NUEVODigitalDeEscobar","https:\/\/x.com\/nuevodigescobar","https:\/\/www.instagram.com\/nuevodigitaldeescobar"]},{"@type":"Person","@id":"https:\/\/nuevodigitaldeescobar.com.ar\/#\/schema\/person\/035e90a8efe9a80e6eec22656ad6ea4c","name":"Redacci\u00f3n","image":{"@type":"ImageObject","inLanguage":"es","@id":"https:\/\/nuevodigitaldeescobar.com.ar\/#\/schema\/person\/image\/","url":"https:\/\/secure.gravatar.com\/avatar\/8af8f40000c24e9eef3034f2be5998a372bb1389e64b1a4a36b3a7979142220d?s=96&d=mm&r=g","contentUrl":"https:\/\/secure.gravatar.com\/avatar\/8af8f40000c24e9eef3034f2be5998a372bb1389e64b1a4a36b3a7979142220d?s=96&d=mm&r=g","caption":"Redacci\u00f3n"},"sameAs":["http:\/\/nuevodigitaldeescobar.com.ar"],"url":"https:\/\/nuevodigitaldeescobar.com.ar\/?author=1"}]}},"featured_image_urls":{"full":["https:\/\/nuevodigitaldeescobar.com.ar\/wp-content\/uploads\/2025\/03\/bahiabl20.webp",1400,933,false],"thumbnail":["https:\/\/nuevodigitaldeescobar.com.ar\/wp-content\/uploads\/2025\/03\/bahiabl20-150x150.webp",150,150,true],"medium":["https:\/\/nuevodigitaldeescobar.com.ar\/wp-content\/uploads\/2025\/03\/bahiabl20-300x200.webp",300,200,true],"medium_large":["https:\/\/nuevodigitaldeescobar.com.ar\/wp-content\/uploads\/2025\/03\/bahiabl20-768x512.webp",640,427,true],"large":["https:\/\/nuevodigitaldeescobar.com.ar\/wp-content\/uploads\/2025\/03\/bahiabl20-1024x682.webp",640,426,true],"1536x1536":["https:\/\/nuevodigitaldeescobar.com.ar\/wp-content\/uploads\/2025\/03\/bahiabl20.webp",1400,933,false],"2048x2048":["https:\/\/nuevodigitaldeescobar.com.ar\/wp-content\/uploads\/2025\/03\/bahiabl20.webp",1400,933,false]},"author_info":{"display_name":"Redacci\u00f3n","author_link":"https:\/\/nuevodigitaldeescobar.com.ar\/?author=1"},"category_info":"<a href=\"https:\/\/nuevodigitaldeescobar.com.ar\/?cat=7\" rel=\"category\">Inter\u00e9s general<\/a>","tag_info":"Inter\u00e9s general","comment_count":"0","_links":{"self":[{"href":"https:\/\/nuevodigitaldeescobar.com.ar\/index.php?rest_route=\/wp\/v2\/posts\/12916","targetHints":{"allow":["GET"]}}],"collection":[{"href":"https:\/\/nuevodigitaldeescobar.com.ar\/index.php?rest_route=\/wp\/v2\/posts"}],"about":[{"href":"https:\/\/nuevodigitaldeescobar.com.ar\/index.php?rest_route=\/wp\/v2\/types\/post"}],"author":[{"embeddable":true,"href":"https:\/\/nuevodigitaldeescobar.com.ar\/index.php?rest_route=\/wp\/v2\/users\/1"}],"replies":[{"embeddable":true,"href":"https:\/\/nuevodigitaldeescobar.com.ar\/index.php?rest_route=%2Fwp%2Fv2%2Fcomments&post=12916"}],"version-history":[{"count":1,"href":"https:\/\/nuevodigitaldeescobar.com.ar\/index.php?rest_route=\/wp\/v2\/posts\/12916\/revisions"}],"predecessor-version":[{"id":12920,"href":"https:\/\/nuevodigitaldeescobar.com.ar\/index.php?rest_route=\/wp\/v2\/posts\/12916\/revisions\/12920"}],"wp:featuredmedia":[{"embeddable":true,"href":"https:\/\/nuevodigitaldeescobar.com.ar\/index.php?rest_route=\/wp\/v2\/media\/12917"}],"wp:attachment":[{"href":"https:\/\/nuevodigitaldeescobar.com.ar\/index.php?rest_route=%2Fwp%2Fv2%2Fmedia&parent=12916"}],"wp:term":[{"taxonomy":"category","embeddable":true,"href":"https:\/\/nuevodigitaldeescobar.com.ar\/index.php?rest_route=%2Fwp%2Fv2%2Fcategories&post=12916"},{"taxonomy":"post_tag","embeddable":true,"href":"https:\/\/nuevodigitaldeescobar.com.ar\/index.php?rest_route=%2Fwp%2Fv2%2Ftags&post=12916"}],"curies":[{"name":"wp","href":"https:\/\/api.w.org\/{rel}","templated":true}]}}