{"id":12921,"date":"2025-03-13T00:08:41","date_gmt":"2025-03-13T03:08:41","guid":{"rendered":"https:\/\/nuevodigitaldeescobar.com.ar\/?p=12921"},"modified":"2025-03-13T00:08:45","modified_gmt":"2025-03-13T03:08:45","slug":"el-juicio-por-la-muerte-de-diego-maradona-medicos-y-enfermeros-enfrentan-cargos-por-homicidio","status":"publish","type":"post","link":"https:\/\/nuevodigitaldeescobar.com.ar\/?p=12921","title":{"rendered":"El juicio por la muerte de Diego Maradona: m\u00e9dicos y enfermeros enfrentan cargos por homicidio"},"content":{"rendered":"\n<p class=\"has-vivid-cyan-blue-color has-text-color has-link-color wp-elements-048b3d9a51fc59959b11a7c391c3d462\"><em><strong>M\u00e1s de cuatro a\u00f1os despu\u00e9s de la muerte de Diego Armando Maradona, comenz\u00f3 en Buenos Aires el juicio que busca determinar la responsabilidad de su equipo m\u00e9dico en el fallecimiento del astro del f\u00fatbol. Ocho profesionales de la salud, entre ellos su m\u00e9dico personal, su psiquiatra y varios enfermeros, enfrentan acusaciones de homicidio simple con dolo eventual, bajo la sospecha de haber actuado con negligencia grave en su atenci\u00f3n.<\/strong><\/em><\/p>\n\n\n\n<!--more-->\n\n\n\n<h3 class=\"wp-block-heading has-text-color has-link-color wp-elements-8480dbf458c4d6beb036a15ae7837f1f\" style=\"color:#020aab\"><em>La acusaci\u00f3n de la fiscal\u00eda: \u00abDecidieron que muriera\u00bb<\/em><\/h3>\n\n\n\n<p>La fiscal\u00eda sostiene que Maradona fue v\u00edctima de una <em>\u00abatenci\u00f3n deficiente y temeraria\u00bb<\/em>, se\u00f1alando que su muerte podr\u00eda haberse evitado con un tratamiento adecuado. Durante el juicio, se present\u00f3 como prueba una imagen del cuerpo del exfutbolista con signos de edema generalizado, lo que para los peritos demostrar\u00eda que fue abandonado en sus \u00faltimos d\u00edas. Los fiscales aseguran que los acusados <em>\u00absab\u00edan que Maradona pod\u00eda morir y no hicieron nada para impedirlo\u00bb<\/em>.<\/p>\n\n\n\n<p>La figura de dolo eventual implica que los imputados no habr\u00edan tenido la intenci\u00f3n directa de matar a Maradona, pero s\u00ed habr\u00edan sido conscientes de que su accionar o inacci\u00f3n pon\u00eda en riesgo su vida y aun as\u00ed continuaron con la misma conducta. En caso de ser hallados culpables, las penas podr\u00edan ir de 8 a 25 a\u00f1os de prisi\u00f3n.<\/p>\n\n\n<div class=\"wp-block-image is-style-rounded\">\n<figure class=\"aligncenter size-full\"><img fetchpriority=\"high\" decoding=\"async\" width=\"767\" height=\"620\" src=\"https:\/\/nuevodigitaldeescobar.com.ar\/wp-content\/uploads\/2025\/03\/maradona22.png\" alt=\"\" class=\"wp-image-12922\" srcset=\"https:\/\/nuevodigitaldeescobar.com.ar\/wp-content\/uploads\/2025\/03\/maradona22.png 767w, https:\/\/nuevodigitaldeescobar.com.ar\/wp-content\/uploads\/2025\/03\/maradona22-300x243.png 300w\" sizes=\"(max-width: 767px) 100vw, 767px\" \/><figcaption class=\"wp-element-caption\"><em>Leopoldo Luque<\/em><\/figcaption><\/figure><\/div>\n\n\n<h3 class=\"wp-block-heading has-text-color has-link-color wp-elements-e79165716dbfad710057ef76bb4f2edf\" style=\"color:#020aab\"><em>Qui\u00e9nes son los acusados<\/em><\/h3>\n\n\n\n<p>Entre los principales imputados se encuentran:<\/p>\n\n\n\n<ul class=\"wp-block-list\">\n<li><strong>Leopoldo Luque<\/strong>: neurocirujano y m\u00e9dico personal de Maradona, acusado de haber descuidado gravemente su estado de salud y de falsificar su firma en documentos m\u00e9dicos.<\/li>\n\n\n\n<li><strong>Agustina Cosachov<\/strong>: psiquiatra del exfutbolista, quien prescribi\u00f3 medicaci\u00f3n sin realizar controles adecuados y tambi\u00e9n habr\u00eda firmado documentos con informaci\u00f3n falsa.<\/li>\n\n\n\n<li><strong>Carlos D\u00edaz<\/strong>: psic\u00f3logo que trataba a Maradona y que, seg\u00fan la acusaci\u00f3n, ten\u00eda conocimiento del deterioro de su estado sin haber intervenido de manera efectiva.<\/li>\n\n\n\n<li><strong>Dahiana Madrid y Ricardo Almir\u00f3n<\/strong>: enfermeros que estaban a cargo de su cuidado y que habr\u00edan omitido reportar cambios en su estado cr\u00edtico.<\/li>\n\n\n\n<li><strong>Otros coordinadores m\u00e9dicos<\/strong>: tambi\u00e9n enfrentan cargos por negligencia y falsificaci\u00f3n de documentaci\u00f3n.<\/li>\n<\/ul>\n\n\n<div class=\"wp-block-image is-style-rounded\">\n<figure class=\"aligncenter size-full\"><img decoding=\"async\" width=\"807\" height=\"611\" src=\"https:\/\/nuevodigitaldeescobar.com.ar\/wp-content\/uploads\/2025\/03\/maradona23.png\" alt=\"\" class=\"wp-image-12923\" srcset=\"https:\/\/nuevodigitaldeescobar.com.ar\/wp-content\/uploads\/2025\/03\/maradona23.png 807w, https:\/\/nuevodigitaldeescobar.com.ar\/wp-content\/uploads\/2025\/03\/maradona23-300x227.png 300w, https:\/\/nuevodigitaldeescobar.com.ar\/wp-content\/uploads\/2025\/03\/maradona23-768x581.png 768w\" sizes=\"(max-width: 807px) 100vw, 807px\" \/><figcaption class=\"wp-element-caption\"><em>Agustina Cosachov<\/em><\/figcaption><\/figure><\/div>\n\n\n<h3 class=\"wp-block-heading has-text-color has-link-color wp-elements-2bdba58f29e7650195cb7622274b84f7\" style=\"color:#020aab\"><em>El desarrollo del juicio<\/em><\/h3>\n\n\n\n<p>Se espera que el proceso judicial se extienda durante varios meses, dado que hay alrededor de 200 testigos convocados y una gran cantidad de pruebas a analizar. Las defensas argumentan que Maradona padec\u00eda una cardiopat\u00eda avanzada que hac\u00eda inevitable su fallecimiento y que los m\u00e9dicos no pudieron prever un desenlace tan abrupto. Algunos acusados con roles menores intentan desligarse de responsabilidades directas, mientras que los principales apuntados buscan demostrar que no hubo intenci\u00f3n de abandono.<\/p>\n\n\n\n<p>El juicio ha generado un fuerte impacto medi\u00e1tico y social. En Argentina y en el mundo, la muerte de Maradona sigue siendo un tema de inter\u00e9s y controversia. Mientras avanza el proceso, las miradas est\u00e1n puestas en la posibilidad de que se establezca un precedente en la responsabilidad de los profesionales de la salud ante pacientes de alto perfil.<\/p>\n\n\n<div class=\"wp-block-image is-style-rounded\">\n<figure class=\"aligncenter size-full\"><img decoding=\"async\" width=\"750\" height=\"608\" src=\"https:\/\/nuevodigitaldeescobar.com.ar\/wp-content\/uploads\/2025\/03\/maradona24.png\" alt=\"\" class=\"wp-image-12924\" srcset=\"https:\/\/nuevodigitaldeescobar.com.ar\/wp-content\/uploads\/2025\/03\/maradona24.png 750w, https:\/\/nuevodigitaldeescobar.com.ar\/wp-content\/uploads\/2025\/03\/maradona24-300x243.png 300w\" sizes=\"(max-width: 750px) 100vw, 750px\" \/><figcaption class=\"wp-element-caption\"><em>Carlos D\u00edaz<\/em><\/figcaption><\/figure><\/div>\n\n\n<h3 class=\"wp-block-heading has-text-color has-link-color wp-elements-12dced8776400a68f0d23b9fda12653c\" style=\"color:#020aab\"><em>Repercusiones y expectativas<\/em><\/h3>\n\n\n\n<p>El inicio del juicio ha sido seguido con gran atenci\u00f3n tanto por los fan\u00e1ticos de Maradona como por el \u00e1mbito judicial y m\u00e9dico. La defensa de los acusados insiste en que el estado de salud del exfutbolista era irreversible y que el desenlace fatal era inevitable, mientras que la fiscal\u00eda busca probar que su muerte se debi\u00f3 a negligencia y abandono de persona.<\/p>\n\n\n\n<p>M\u00e1s all\u00e1 del veredicto final, este juicio podr\u00eda sentar un precedente en la manera en que se eval\u00faa la responsabilidad de los m\u00e9dicos en casos de pacientes con alto grado de exposici\u00f3n p\u00fablica. La imagen de Diego Maradona sigue presente en la memoria de millones de personas, y la justicia tiene en sus manos la tarea de esclarecer si su muerte fue consecuencia de errores m\u00e9dicos evitables.<\/p>\n","protected":false},"excerpt":{"rendered":"<p>M\u00e1s de cuatro a\u00f1os despu\u00e9s de la muerte de Diego Armando Maradona, comenz\u00f3 en Buenos Aires el juicio que busca determinar la responsabilidad de su [&hellip;]<\/p>\n","protected":false},"author":1,"featured_media":12925,"comment_status":"open","ping_status":"open","sticky":false,"template":"","format":"standard","meta":{"footnotes":""},"categories":[235],"tags":[],"class_list":["post-12921","post","type-post","status-publish","format-standard","has-post-thumbnail","hentry","category-judiciales"],"better_featured_image":{"id":12925,"alt_text":"","caption":"","description":"","media_type":"image","media_details":{"width":842,"height":493,"file":"2025\/03\/maradona21.png","filesize":1007880,"sizes":{"medium":{"file":"maradona21-300x176.png","width":300,"height":176,"mime-type":"image\/png","filesize":87601,"source_url":"https:\/\/nuevodigitaldeescobar.com.ar\/wp-content\/uploads\/2025\/03\/maradona21-300x176.png"},"thumbnail":{"file":"maradona21-150x150.png","width":150,"height":150,"mime-type":"image\/png","filesize":39713,"source_url":"https:\/\/nuevodigitaldeescobar.com.ar\/wp-content\/uploads\/2025\/03\/maradona21-150x150.png"},"medium_large":{"file":"maradona21-768x450.png","width":768,"height":450,"mime-type":"image\/png","filesize":499803,"source_url":"https:\/\/nuevodigitaldeescobar.com.ar\/wp-content\/uploads\/2025\/03\/maradona21-768x450.png"}},"image_meta":{"aperture":"0","credit":"","camera":"","caption":"","created_timestamp":"0","copyright":"","focal_length":"0","iso":"0","shutter_speed":"0","title":"","orientation":"0","keywords":[]}},"post":12921,"source_url":"https:\/\/nuevodigitaldeescobar.com.ar\/wp-content\/uploads\/2025\/03\/maradona21.png"},"yoast_head":"<!-- This site is optimized with the Yoast SEO plugin v26.1.1 - https:\/\/yoast.com\/wordpress\/plugins\/seo\/ -->\n<title>El juicio por la muerte de Diego Maradona: m\u00e9dicos y enfermeros enfrentan cargos por homicidio - Nuevo Digital de Escobar<\/title>\n<meta name=\"robots\" content=\"index, follow, max-snippet:-1, max-image-preview:large, max-video-preview:-1\" \/>\n<link rel=\"canonical\" href=\"https:\/\/nuevodigitaldeescobar.com.ar\/?p=12921\" \/>\n<meta property=\"og:locale\" content=\"es_ES\" \/>\n<meta property=\"og:type\" content=\"article\" \/>\n<meta property=\"og:title\" content=\"El juicio por la muerte de Diego Maradona: m\u00e9dicos y enfermeros enfrentan cargos por homicidio - Nuevo Digital de Escobar\" \/>\n<meta property=\"og:description\" content=\"M\u00e1s de cuatro a\u00f1os despu\u00e9s de la muerte de Diego Armando Maradona, comenz\u00f3 en Buenos Aires el juicio que busca determinar la responsabilidad de su [&hellip;]\" \/>\n<meta property=\"og:url\" content=\"https:\/\/nuevodigitaldeescobar.com.ar\/?p=12921\" \/>\n<meta property=\"og:site_name\" content=\"Nuevo Digital de Escobar\" \/>\n<meta property=\"article:publisher\" content=\"https:\/\/www.facebook.com\/NUEVODigitalDeEscobar\" \/>\n<meta property=\"article:published_time\" content=\"2025-03-13T03:08:41+00:00\" \/>\n<meta property=\"article:modified_time\" content=\"2025-03-13T03:08:45+00:00\" \/>\n<meta property=\"og:image\" content=\"https:\/\/nuevodigitaldeescobar.com.ar\/wp-content\/uploads\/2025\/03\/maradona21.png\" \/>\n\t<meta property=\"og:image:width\" content=\"842\" \/>\n\t<meta property=\"og:image:height\" content=\"493\" \/>\n\t<meta property=\"og:image:type\" content=\"image\/png\" \/>\n<meta name=\"author\" content=\"Redacci\u00f3n\" \/>\n<meta name=\"twitter:card\" content=\"summary_large_image\" \/>\n<meta name=\"twitter:creator\" content=\"@nuevodigescobar\" \/>\n<meta name=\"twitter:site\" content=\"@nuevodigescobar\" \/>\n<meta name=\"twitter:label1\" content=\"Escrito por\" \/>\n\t<meta name=\"twitter:data1\" content=\"Redacci\u00f3n\" \/>\n\t<meta name=\"twitter:label2\" content=\"Tiempo de lectura\" \/>\n\t<meta name=\"twitter:data2\" content=\"3 minutos\" \/>\n<script type=\"application\/ld+json\" class=\"yoast-schema-graph\">{\"@context\":\"https:\/\/schema.org\",\"@graph\":[{\"@type\":\"Article\",\"@id\":\"https:\/\/nuevodigitaldeescobar.com.ar\/?p=12921#article\",\"isPartOf\":{\"@id\":\"https:\/\/nuevodigitaldeescobar.com.ar\/?p=12921\"},\"author\":{\"name\":\"Redacci\u00f3n\",\"@id\":\"https:\/\/nuevodigitaldeescobar.com.ar\/#\/schema\/person\/035e90a8efe9a80e6eec22656ad6ea4c\"},\"headline\":\"El juicio por la muerte de Diego Maradona: m\u00e9dicos y enfermeros enfrentan cargos por homicidio\",\"datePublished\":\"2025-03-13T03:08:41+00:00\",\"dateModified\":\"2025-03-13T03:08:45+00:00\",\"mainEntityOfPage\":{\"@id\":\"https:\/\/nuevodigitaldeescobar.com.ar\/?p=12921\"},\"wordCount\":679,\"commentCount\":0,\"publisher\":{\"@id\":\"https:\/\/nuevodigitaldeescobar.com.ar\/#organization\"},\"image\":{\"@id\":\"https:\/\/nuevodigitaldeescobar.com.ar\/?p=12921#primaryimage\"},\"thumbnailUrl\":\"https:\/\/nuevodigitaldeescobar.com.ar\/wp-content\/uploads\/2025\/03\/maradona21.png\",\"articleSection\":[\"Judiciales\"],\"inLanguage\":\"es\",\"potentialAction\":[{\"@type\":\"CommentAction\",\"name\":\"Comment\",\"target\":[\"https:\/\/nuevodigitaldeescobar.com.ar\/?p=12921#respond\"]}]},{\"@type\":\"WebPage\",\"@id\":\"https:\/\/nuevodigitaldeescobar.com.ar\/?p=12921\",\"url\":\"https:\/\/nuevodigitaldeescobar.com.ar\/?p=12921\",\"name\":\"El juicio por la muerte de Diego Maradona: m\u00e9dicos y enfermeros enfrentan cargos por homicidio - Nuevo Digital de Escobar\",\"isPartOf\":{\"@id\":\"https:\/\/nuevodigitaldeescobar.com.ar\/#website\"},\"primaryImageOfPage\":{\"@id\":\"https:\/\/nuevodigitaldeescobar.com.ar\/?p=12921#primaryimage\"},\"image\":{\"@id\":\"https:\/\/nuevodigitaldeescobar.com.ar\/?p=12921#primaryimage\"},\"thumbnailUrl\":\"https:\/\/nuevodigitaldeescobar.com.ar\/wp-content\/uploads\/2025\/03\/maradona21.png\",\"datePublished\":\"2025-03-13T03:08:41+00:00\",\"dateModified\":\"2025-03-13T03:08:45+00:00\",\"breadcrumb\":{\"@id\":\"https:\/\/nuevodigitaldeescobar.com.ar\/?p=12921#breadcrumb\"},\"inLanguage\":\"es\",\"potentialAction\":[{\"@type\":\"ReadAction\",\"target\":[\"https:\/\/nuevodigitaldeescobar.com.ar\/?p=12921\"]}]},{\"@type\":\"ImageObject\",\"inLanguage\":\"es\",\"@id\":\"https:\/\/nuevodigitaldeescobar.com.ar\/?p=12921#primaryimage\",\"url\":\"https:\/\/nuevodigitaldeescobar.com.ar\/wp-content\/uploads\/2025\/03\/maradona21.png\",\"contentUrl\":\"https:\/\/nuevodigitaldeescobar.com.ar\/wp-content\/uploads\/2025\/03\/maradona21.png\",\"width\":842,\"height\":493},{\"@type\":\"BreadcrumbList\",\"@id\":\"https:\/\/nuevodigitaldeescobar.com.ar\/?p=12921#breadcrumb\",\"itemListElement\":[{\"@type\":\"ListItem\",\"position\":1,\"name\":\"Portada\",\"item\":\"https:\/\/nuevodigitaldeescobar.com.ar\/\"},{\"@type\":\"ListItem\",\"position\":2,\"name\":\"El juicio por la muerte de Diego Maradona: m\u00e9dicos y enfermeros enfrentan cargos por homicidio\"}]},{\"@type\":\"WebSite\",\"@id\":\"https:\/\/nuevodigitaldeescobar.com.ar\/#website\",\"url\":\"https:\/\/nuevodigitaldeescobar.com.ar\/\",\"name\":\"Nuevo Digital de Escobar\",\"description\":\"La vida escobarense. Directora: Rosana Brunner\",\"publisher\":{\"@id\":\"https:\/\/nuevodigitaldeescobar.com.ar\/#organization\"},\"potentialAction\":[{\"@type\":\"SearchAction\",\"target\":{\"@type\":\"EntryPoint\",\"urlTemplate\":\"https:\/\/nuevodigitaldeescobar.com.ar\/?s={search_term_string}\"},\"query-input\":{\"@type\":\"PropertyValueSpecification\",\"valueRequired\":true,\"valueName\":\"search_term_string\"}}],\"inLanguage\":\"es\"},{\"@type\":\"Organization\",\"@id\":\"https:\/\/nuevodigitaldeescobar.com.ar\/#organization\",\"name\":\"Nuevo Digital de Escobar\",\"url\":\"https:\/\/nuevodigitaldeescobar.com.ar\/\",\"logo\":{\"@type\":\"ImageObject\",\"inLanguage\":\"es\",\"@id\":\"https:\/\/nuevodigitaldeescobar.com.ar\/#\/schema\/logo\/image\/\",\"url\":\"https:\/\/nuevodigitaldeescobar.com.ar\/wp-content\/uploads\/2025\/05\/cropped-logo-nuevo2.jpg\",\"contentUrl\":\"https:\/\/nuevodigitaldeescobar.com.ar\/wp-content\/uploads\/2025\/05\/cropped-logo-nuevo2.jpg\",\"width\":305,\"height\":305,\"caption\":\"Nuevo Digital de Escobar\"},\"image\":{\"@id\":\"https:\/\/nuevodigitaldeescobar.com.ar\/#\/schema\/logo\/image\/\"},\"sameAs\":[\"https:\/\/www.facebook.com\/NUEVODigitalDeEscobar\",\"https:\/\/x.com\/nuevodigescobar\",\"https:\/\/www.instagram.com\/nuevodigitaldeescobar\"]},{\"@type\":\"Person\",\"@id\":\"https:\/\/nuevodigitaldeescobar.com.ar\/#\/schema\/person\/035e90a8efe9a80e6eec22656ad6ea4c\",\"name\":\"Redacci\u00f3n\",\"image\":{\"@type\":\"ImageObject\",\"inLanguage\":\"es\",\"@id\":\"https:\/\/nuevodigitaldeescobar.com.ar\/#\/schema\/person\/image\/\",\"url\":\"https:\/\/secure.gravatar.com\/avatar\/8af8f40000c24e9eef3034f2be5998a372bb1389e64b1a4a36b3a7979142220d?s=96&d=mm&r=g\",\"contentUrl\":\"https:\/\/secure.gravatar.com\/avatar\/8af8f40000c24e9eef3034f2be5998a372bb1389e64b1a4a36b3a7979142220d?s=96&d=mm&r=g\",\"caption\":\"Redacci\u00f3n\"},\"sameAs\":[\"http:\/\/nuevodigitaldeescobar.com.ar\"],\"url\":\"https:\/\/nuevodigitaldeescobar.com.ar\/?author=1\"}]}<\/script>\n<!-- \/ Yoast SEO plugin. -->","yoast_head_json":{"title":"El juicio por la muerte de Diego Maradona: m\u00e9dicos y enfermeros enfrentan cargos por homicidio - Nuevo Digital de Escobar","robots":{"index":"index","follow":"follow","max-snippet":"max-snippet:-1","max-image-preview":"max-image-preview:large","max-video-preview":"max-video-preview:-1"},"canonical":"https:\/\/nuevodigitaldeescobar.com.ar\/?p=12921","og_locale":"es_ES","og_type":"article","og_title":"El juicio por la muerte de Diego Maradona: m\u00e9dicos y enfermeros enfrentan cargos por homicidio - Nuevo Digital de Escobar","og_description":"M\u00e1s de cuatro a\u00f1os despu\u00e9s de la muerte de Diego Armando Maradona, comenz\u00f3 en Buenos Aires el juicio que busca determinar la responsabilidad de su [&hellip;]","og_url":"https:\/\/nuevodigitaldeescobar.com.ar\/?p=12921","og_site_name":"Nuevo Digital de Escobar","article_publisher":"https:\/\/www.facebook.com\/NUEVODigitalDeEscobar","article_published_time":"2025-03-13T03:08:41+00:00","article_modified_time":"2025-03-13T03:08:45+00:00","og_image":[{"width":842,"height":493,"url":"https:\/\/nuevodigitaldeescobar.com.ar\/wp-content\/uploads\/2025\/03\/maradona21.png","type":"image\/png"}],"author":"Redacci\u00f3n","twitter_card":"summary_large_image","twitter_creator":"@nuevodigescobar","twitter_site":"@nuevodigescobar","twitter_misc":{"Escrito por":"Redacci\u00f3n","Tiempo de lectura":"3 minutos"},"schema":{"@context":"https:\/\/schema.org","@graph":[{"@type":"Article","@id":"https:\/\/nuevodigitaldeescobar.com.ar\/?p=12921#article","isPartOf":{"@id":"https:\/\/nuevodigitaldeescobar.com.ar\/?p=12921"},"author":{"name":"Redacci\u00f3n","@id":"https:\/\/nuevodigitaldeescobar.com.ar\/#\/schema\/person\/035e90a8efe9a80e6eec22656ad6ea4c"},"headline":"El juicio por la muerte de Diego Maradona: m\u00e9dicos y enfermeros enfrentan cargos por homicidio","datePublished":"2025-03-13T03:08:41+00:00","dateModified":"2025-03-13T03:08:45+00:00","mainEntityOfPage":{"@id":"https:\/\/nuevodigitaldeescobar.com.ar\/?p=12921"},"wordCount":679,"commentCount":0,"publisher":{"@id":"https:\/\/nuevodigitaldeescobar.com.ar\/#organization"},"image":{"@id":"https:\/\/nuevodigitaldeescobar.com.ar\/?p=12921#primaryimage"},"thumbnailUrl":"https:\/\/nuevodigitaldeescobar.com.ar\/wp-content\/uploads\/2025\/03\/maradona21.png","articleSection":["Judiciales"],"inLanguage":"es","potentialAction":[{"@type":"CommentAction","name":"Comment","target":["https:\/\/nuevodigitaldeescobar.com.ar\/?p=12921#respond"]}]},{"@type":"WebPage","@id":"https:\/\/nuevodigitaldeescobar.com.ar\/?p=12921","url":"https:\/\/nuevodigitaldeescobar.com.ar\/?p=12921","name":"El juicio por la muerte de Diego Maradona: m\u00e9dicos y enfermeros enfrentan cargos por homicidio - Nuevo Digital de Escobar","isPartOf":{"@id":"https:\/\/nuevodigitaldeescobar.com.ar\/#website"},"primaryImageOfPage":{"@id":"https:\/\/nuevodigitaldeescobar.com.ar\/?p=12921#primaryimage"},"image":{"@id":"https:\/\/nuevodigitaldeescobar.com.ar\/?p=12921#primaryimage"},"thumbnailUrl":"https:\/\/nuevodigitaldeescobar.com.ar\/wp-content\/uploads\/2025\/03\/maradona21.png","datePublished":"2025-03-13T03:08:41+00:00","dateModified":"2025-03-13T03:08:45+00:00","breadcrumb":{"@id":"https:\/\/nuevodigitaldeescobar.com.ar\/?p=12921#breadcrumb"},"inLanguage":"es","potentialAction":[{"@type":"ReadAction","target":["https:\/\/nuevodigitaldeescobar.com.ar\/?p=12921"]}]},{"@type":"ImageObject","inLanguage":"es","@id":"https:\/\/nuevodigitaldeescobar.com.ar\/?p=12921#primaryimage","url":"https:\/\/nuevodigitaldeescobar.com.ar\/wp-content\/uploads\/2025\/03\/maradona21.png","contentUrl":"https:\/\/nuevodigitaldeescobar.com.ar\/wp-content\/uploads\/2025\/03\/maradona21.png","width":842,"height":493},{"@type":"BreadcrumbList","@id":"https:\/\/nuevodigitaldeescobar.com.ar\/?p=12921#breadcrumb","itemListElement":[{"@type":"ListItem","position":1,"name":"Portada","item":"https:\/\/nuevodigitaldeescobar.com.ar\/"},{"@type":"ListItem","position":2,"name":"El juicio por la muerte de Diego Maradona: m\u00e9dicos y enfermeros enfrentan cargos por homicidio"}]},{"@type":"WebSite","@id":"https:\/\/nuevodigitaldeescobar.com.ar\/#website","url":"https:\/\/nuevodigitaldeescobar.com.ar\/","name":"Nuevo Digital de Escobar","description":"La vida escobarense. Directora: Rosana Brunner","publisher":{"@id":"https:\/\/nuevodigitaldeescobar.com.ar\/#organization"},"potentialAction":[{"@type":"SearchAction","target":{"@type":"EntryPoint","urlTemplate":"https:\/\/nuevodigitaldeescobar.com.ar\/?s={search_term_string}"},"query-input":{"@type":"PropertyValueSpecification","valueRequired":true,"valueName":"search_term_string"}}],"inLanguage":"es"},{"@type":"Organization","@id":"https:\/\/nuevodigitaldeescobar.com.ar\/#organization","name":"Nuevo Digital de Escobar","url":"https:\/\/nuevodigitaldeescobar.com.ar\/","logo":{"@type":"ImageObject","inLanguage":"es","@id":"https:\/\/nuevodigitaldeescobar.com.ar\/#\/schema\/logo\/image\/","url":"https:\/\/nuevodigitaldeescobar.com.ar\/wp-content\/uploads\/2025\/05\/cropped-logo-nuevo2.jpg","contentUrl":"https:\/\/nuevodigitaldeescobar.com.ar\/wp-content\/uploads\/2025\/05\/cropped-logo-nuevo2.jpg","width":305,"height":305,"caption":"Nuevo Digital de Escobar"},"image":{"@id":"https:\/\/nuevodigitaldeescobar.com.ar\/#\/schema\/logo\/image\/"},"sameAs":["https:\/\/www.facebook.com\/NUEVODigitalDeEscobar","https:\/\/x.com\/nuevodigescobar","https:\/\/www.instagram.com\/nuevodigitaldeescobar"]},{"@type":"Person","@id":"https:\/\/nuevodigitaldeescobar.com.ar\/#\/schema\/person\/035e90a8efe9a80e6eec22656ad6ea4c","name":"Redacci\u00f3n","image":{"@type":"ImageObject","inLanguage":"es","@id":"https:\/\/nuevodigitaldeescobar.com.ar\/#\/schema\/person\/image\/","url":"https:\/\/secure.gravatar.com\/avatar\/8af8f40000c24e9eef3034f2be5998a372bb1389e64b1a4a36b3a7979142220d?s=96&d=mm&r=g","contentUrl":"https:\/\/secure.gravatar.com\/avatar\/8af8f40000c24e9eef3034f2be5998a372bb1389e64b1a4a36b3a7979142220d?s=96&d=mm&r=g","caption":"Redacci\u00f3n"},"sameAs":["http:\/\/nuevodigitaldeescobar.com.ar"],"url":"https:\/\/nuevodigitaldeescobar.com.ar\/?author=1"}]}},"featured_image_urls":{"full":["https:\/\/nuevodigitaldeescobar.com.ar\/wp-content\/uploads\/2025\/03\/maradona21.png",842,493,false],"thumbnail":["https:\/\/nuevodigitaldeescobar.com.ar\/wp-content\/uploads\/2025\/03\/maradona21-150x150.png",150,150,true],"medium":["https:\/\/nuevodigitaldeescobar.com.ar\/wp-content\/uploads\/2025\/03\/maradona21-300x176.png",300,176,true],"medium_large":["https:\/\/nuevodigitaldeescobar.com.ar\/wp-content\/uploads\/2025\/03\/maradona21-768x450.png",640,375,true],"large":["https:\/\/nuevodigitaldeescobar.com.ar\/wp-content\/uploads\/2025\/03\/maradona21.png",640,375,false],"1536x1536":["https:\/\/nuevodigitaldeescobar.com.ar\/wp-content\/uploads\/2025\/03\/maradona21.png",842,493,false],"2048x2048":["https:\/\/nuevodigitaldeescobar.com.ar\/wp-content\/uploads\/2025\/03\/maradona21.png",842,493,false]},"author_info":{"display_name":"Redacci\u00f3n","author_link":"https:\/\/nuevodigitaldeescobar.com.ar\/?author=1"},"category_info":"<a href=\"https:\/\/nuevodigitaldeescobar.com.ar\/?cat=235\" rel=\"category\">Judiciales<\/a>","tag_info":"Judiciales","comment_count":"0","_links":{"self":[{"href":"https:\/\/nuevodigitaldeescobar.com.ar\/index.php?rest_route=\/wp\/v2\/posts\/12921","targetHints":{"allow":["GET"]}}],"collection":[{"href":"https:\/\/nuevodigitaldeescobar.com.ar\/index.php?rest_route=\/wp\/v2\/posts"}],"about":[{"href":"https:\/\/nuevodigitaldeescobar.com.ar\/index.php?rest_route=\/wp\/v2\/types\/post"}],"author":[{"embeddable":true,"href":"https:\/\/nuevodigitaldeescobar.com.ar\/index.php?rest_route=\/wp\/v2\/users\/1"}],"replies":[{"embeddable":true,"href":"https:\/\/nuevodigitaldeescobar.com.ar\/index.php?rest_route=%2Fwp%2Fv2%2Fcomments&post=12921"}],"version-history":[{"count":1,"href":"https:\/\/nuevodigitaldeescobar.com.ar\/index.php?rest_route=\/wp\/v2\/posts\/12921\/revisions"}],"predecessor-version":[{"id":12926,"href":"https:\/\/nuevodigitaldeescobar.com.ar\/index.php?rest_route=\/wp\/v2\/posts\/12921\/revisions\/12926"}],"wp:featuredmedia":[{"embeddable":true,"href":"https:\/\/nuevodigitaldeescobar.com.ar\/index.php?rest_route=\/wp\/v2\/media\/12925"}],"wp:attachment":[{"href":"https:\/\/nuevodigitaldeescobar.com.ar\/index.php?rest_route=%2Fwp%2Fv2%2Fmedia&parent=12921"}],"wp:term":[{"taxonomy":"category","embeddable":true,"href":"https:\/\/nuevodigitaldeescobar.com.ar\/index.php?rest_route=%2Fwp%2Fv2%2Fcategories&post=12921"},{"taxonomy":"post_tag","embeddable":true,"href":"https:\/\/nuevodigitaldeescobar.com.ar\/index.php?rest_route=%2Fwp%2Fv2%2Ftags&post=12921"}],"curies":[{"name":"wp","href":"https:\/\/api.w.org\/{rel}","templated":true}]}}