{"id":13035,"date":"2025-03-17T00:30:00","date_gmt":"2025-03-17T03:30:00","guid":{"rendered":"https:\/\/nuevodigitaldeescobar.com.ar\/?p=13035"},"modified":"2025-03-16T18:51:31","modified_gmt":"2025-03-16T21:51:31","slug":"el-metodo-bukele-el-salvador-un-modelo-de-seguridad-en-el-hemisferio-occidental","status":"publish","type":"post","link":"https:\/\/nuevodigitaldeescobar.com.ar\/?p=13035","title":{"rendered":"El \u201cM\u00e9todo Bukele\u201d: El Salvador, un modelo de seguridad en el hemisferio occidental"},"content":{"rendered":"\n<p class=\"has-vivid-cyan-blue-color has-text-color has-link-color wp-elements-df8680f9a61f20306cdcc54c15f28751\"><em><strong>En los \u00faltimos a\u00f1os, El Salvador ha experimentado una transformaci\u00f3n radical en su seguridad, convirti\u00e9ndose en un referente en la lucha contra la criminalidad en Am\u00e9rica Latina. Cuando Nayib Bukele asumi\u00f3 la presidencia en 2019, la naci\u00f3n se encontraba en una de las situaciones m\u00e1s cr\u00edticas en t\u00e9rminos de seguridad, con m\u00e1s de 2.390 homicidios registrados ese a\u00f1o. Sin embargo, hoy, en 2024, la cifra de asesinatos se redujo a tan solo 114, destacando a El Salvador como el pa\u00eds m\u00e1s seguro de la regi\u00f3n.<\/strong><\/em><\/p>\n\n\n\n<!--more-->\n\n\n\n<h3 class=\"wp-block-heading has-text-color has-link-color wp-elements-387d93aee17dc70826229a0642931108\" style=\"color:#071cbd\"><em>Una dr\u00e1stica reducci\u00f3n de homicidios<\/em><\/h3>\n\n\n\n<p>En 2023, El Salvador report\u00f3 tan solo 154 homicidios, un descenso notable respecto a los m\u00e1s de 2.300 asesinatos de 2019. Estos avances en seguridad, avalados por datos oficiales de la ONU, se deben en gran medida al r\u00e9gimen de excepci\u00f3n implementado por Bukele, dirigido principalmente contra las pandillas que hist\u00f3ricamente hab\u00edan controlado amplias zonas del pa\u00eds. El presidente no solo destac\u00f3 esta cifra, sino que en enero de 2024 revel\u00f3 que El Salvador hab\u00eda cerrado el a\u00f1o con una tasa de homicidios de 1,9 por cada 100.000 habitantes, posicion\u00e1ndose como el pa\u00eds m\u00e1s seguro del hemisferio occidental.<\/p>\n\n\n\n<h3 class=\"wp-block-heading has-text-color has-link-color wp-elements-81083ca9ec06d359f50169e1518ebf3c\" style=\"color:#071cbd\"><em>El impacto del Plan de Control Territorial y el r\u00e9gimen de excepci\u00f3n<\/em><\/h3>\n\n\n\n<p>La clave de este \u00e9xito radica en el <em>\u201cPlan de Control Territorial\u201d<\/em>, lanzado en 2019, y la implementaci\u00f3n de un r\u00e9gimen de excepci\u00f3n desde marzo de 2022. Esta estrategia, que ha incluido la detenci\u00f3n masiva de pandilleros y la suspensi\u00f3n de ciertos derechos constitucionales, ha sido respaldada por una gran parte de la poblaci\u00f3n, aunque tambi\u00e9n ha suscitado cr\u00edticas desde sectores internacionales de derechos humanos. Pese a las controversias, los resultados son evidentes: las tasas de criminalidad han ca\u00eddo dr\u00e1sticamente, y el gobierno ha logrado recuperar el control en \u00e1reas clave del pa\u00eds.<\/p>\n\n\n<div class=\"wp-block-image is-style-default\">\n<figure class=\"aligncenter size-large\"><img fetchpriority=\"high\" decoding=\"async\" width=\"1024\" height=\"393\" src=\"https:\/\/nuevodigitaldeescobar.com.ar\/wp-content\/uploads\/2025\/03\/bukele243-1024x393.png\" alt=\"\" class=\"wp-image-13037\" srcset=\"https:\/\/nuevodigitaldeescobar.com.ar\/wp-content\/uploads\/2025\/03\/bukele243-1024x393.png 1024w, https:\/\/nuevodigitaldeescobar.com.ar\/wp-content\/uploads\/2025\/03\/bukele243-300x115.png 300w, https:\/\/nuevodigitaldeescobar.com.ar\/wp-content\/uploads\/2025\/03\/bukele243-768x295.png 768w, https:\/\/nuevodigitaldeescobar.com.ar\/wp-content\/uploads\/2025\/03\/bukele243.png 1227w\" sizes=\"(max-width: 1024px) 100vw, 1024px\" \/><figcaption class=\"wp-element-caption\"><strong><em>Un ejemplo al mundo de como tratar a los criminales<\/em><\/strong><\/figcaption><\/figure><\/div>\n\n\n<p>Adem\u00e1s, en diciembre de 2024, El Salvador alcanz\u00f3 un hito hist\u00f3rico: un mes sin homicidios, lo que Bukele destac\u00f3 como un resultado in\u00e9dito que, de mantenerse durante todo el a\u00f1o, podr\u00eda llevar al pa\u00eds a competir por el t\u00edtulo de <em>\u00abm\u00e1s seguro del mundo\u00bb<\/em>. Este resultado se consolid\u00f3 gracias al enfoque militar y policial, sumado al fortalecimiento de la justicia, que ha resuelto el 98,2% de los homicidios registrados en 2024.<\/p>\n\n\n\n<h3 class=\"wp-block-heading has-text-color has-link-color wp-elements-6ace3cc7e469f008a24863d65d9e2a3f\" style=\"color:#071cbd\"><em>Un cambio que impacta a la pol\u00edtica interna<\/em><\/h3>\n\n\n\n<p>La eficacia de las pol\u00edticas de seguridad ha consolidado el liderazgo de Bukele, quien en 2023 logr\u00f3 la reelecci\u00f3n, convirti\u00e9ndose en el primer presidente de El Salvador en obtener un segundo mandato consecutivo. Este logro, respaldado por una decisi\u00f3n de la Corte Constitucional, rompi\u00f3 con una tradici\u00f3n pol\u00edtica establecida tras el fin de la guerra civil, subrayando la popularidad de su gesti\u00f3n.<\/p>\n\n\n\n<h3 class=\"wp-block-heading has-text-color has-link-color wp-elements-8f096f6d42633035fac7f2ec2013f2a9\" style=\"color:#071cbd\"><em>El Salvador, un modelo de cooperaci\u00f3n internacional<\/em><\/h3>\n\n\n\n<p>En el \u00e1mbito internacional, Bukele ha consolidado una relaci\u00f3n cercana con Estados Unidos, especialmente en el combate contra el crimen organizado. En 2024, el gobierno salvadore\u00f1o recibi\u00f3 a m\u00e1s de 250 miembros de organizaciones criminales, como el Tren de Aragua y la Mara Salvatrucha (MS-13), enviados por Washington para ser encarcelados en el Centro de Reclusi\u00f3n para Terroristas (CECOT), una de las prisiones m\u00e1s modernas y seguras de la regi\u00f3n, construida bajo la administraci\u00f3n de Bukele.<\/p>\n\n\n<div class=\"wp-block-image is-style-rounded\">\n<figure class=\"aligncenter size-full\"><img decoding=\"async\" width=\"892\" height=\"582\" src=\"https:\/\/nuevodigitaldeescobar.com.ar\/wp-content\/uploads\/2025\/03\/bukele228.png\" alt=\"\" class=\"wp-image-13038\" srcset=\"https:\/\/nuevodigitaldeescobar.com.ar\/wp-content\/uploads\/2025\/03\/bukele228.png 892w, https:\/\/nuevodigitaldeescobar.com.ar\/wp-content\/uploads\/2025\/03\/bukele228-300x196.png 300w, https:\/\/nuevodigitaldeescobar.com.ar\/wp-content\/uploads\/2025\/03\/bukele228-768x501.png 768w\" sizes=\"(max-width: 892px) 100vw, 892px\" \/><figcaption class=\"wp-element-caption\"><em><strong>Estados Unidos envi\u00f3 a m\u00e1s de 250 criminales para ser encarcelados en El Salvador<\/strong><\/em><\/figcaption><\/figure><\/div>\n\n\n<p>El CECOT, con capacidad para albergar a 40.000 reclusos, es un pilar central en la pol\u00edtica de seguridad del gobierno, destinado a contener a los criminales m\u00e1s peligrosos del pa\u00eds. Con tecnolog\u00eda avanzada y una infraestructura de m\u00e1xima seguridad, este centro ha sido fundamental en la lucha contra las pandillas, consolidando el esfuerzo por erradicar el crimen organizado.<\/p>\n\n\n\n<h3 class=\"wp-block-heading has-text-color has-link-color wp-elements-babc02b976fe215d21360ac9dcc28291\" style=\"color:#071cbd\"><em>El Salvador, un nuevo paradigma en la lucha contra el crimen<\/em><\/h3>\n\n\n\n<p>A trav\u00e9s del \u00abM\u00e9todo Bukele\u00bb, El Salvador ha logrado una transformaci\u00f3n que parece haber desafiado todas las expectativas. En menos de cinco a\u00f1os, el pa\u00eds ha pasado de ser uno de los m\u00e1s violentos del mundo a convertirse en un ejemplo de eficacia en la lucha contra el crimen. Si bien las cr\u00edticas a las pol\u00edticas implementadas no han cesado, los resultados en t\u00e9rminos de seguridad han sido incuestionables. A medida que otros pa\u00edses observan de cerca este modelo, El Salvador sigue demostrando que un enfoque audaz y decidido puede marcar la diferencia en la construcci\u00f3n de una naci\u00f3n m\u00e1s segura.<\/p>\n","protected":false},"excerpt":{"rendered":"<p>En los \u00faltimos a\u00f1os, El Salvador ha experimentado una transformaci\u00f3n radical en su seguridad, convirti\u00e9ndose en un referente en la lucha contra la criminalidad en [&hellip;]<\/p>\n","protected":false},"author":1,"featured_media":13036,"comment_status":"open","ping_status":"open","sticky":false,"template":"","format":"standard","meta":{"footnotes":""},"categories":[285],"tags":[],"class_list":["post-13035","post","type-post","status-publish","format-standard","has-post-thumbnail","hentry","category-internacionales"],"better_featured_image":{"id":13036,"alt_text":"","caption":"","description":"","media_type":"image","media_details":{"width":650,"height":434,"file":"2025\/03\/bukele221.jpg","filesize":22920,"sizes":{"medium":{"file":"bukele221-300x200.jpg","width":300,"height":200,"mime-type":"image\/jpeg","filesize":8688,"source_url":"https:\/\/nuevodigitaldeescobar.com.ar\/wp-content\/uploads\/2025\/03\/bukele221-300x200.jpg"},"thumbnail":{"file":"bukele221-150x150.jpg","width":150,"height":150,"mime-type":"image\/jpeg","filesize":4421,"source_url":"https:\/\/nuevodigitaldeescobar.com.ar\/wp-content\/uploads\/2025\/03\/bukele221-150x150.jpg"}},"image_meta":{"aperture":"0","credit":"","camera":"","caption":"","created_timestamp":"0","copyright":"","focal_length":"0","iso":"0","shutter_speed":"0","title":"","orientation":"0","keywords":[]}},"post":13035,"source_url":"https:\/\/nuevodigitaldeescobar.com.ar\/wp-content\/uploads\/2025\/03\/bukele221.jpg"},"yoast_head":"<!-- This site is optimized with the Yoast SEO plugin v26.1.1 - https:\/\/yoast.com\/wordpress\/plugins\/seo\/ -->\n<title>El \u201cM\u00e9todo Bukele\u201d: El Salvador, un modelo de seguridad en el hemisferio occidental - Nuevo Digital de Escobar<\/title>\n<meta name=\"robots\" content=\"index, follow, max-snippet:-1, max-image-preview:large, max-video-preview:-1\" \/>\n<link rel=\"canonical\" href=\"https:\/\/nuevodigitaldeescobar.com.ar\/?p=13035\" \/>\n<meta property=\"og:locale\" content=\"es_ES\" \/>\n<meta property=\"og:type\" content=\"article\" \/>\n<meta property=\"og:title\" content=\"El \u201cM\u00e9todo Bukele\u201d: El Salvador, un modelo de seguridad en el hemisferio occidental - Nuevo Digital de Escobar\" \/>\n<meta property=\"og:description\" content=\"En los \u00faltimos a\u00f1os, El Salvador ha experimentado una transformaci\u00f3n radical en su seguridad, convirti\u00e9ndose en un referente en la lucha contra la criminalidad en [&hellip;]\" \/>\n<meta property=\"og:url\" content=\"https:\/\/nuevodigitaldeescobar.com.ar\/?p=13035\" \/>\n<meta property=\"og:site_name\" content=\"Nuevo Digital de Escobar\" \/>\n<meta property=\"article:publisher\" content=\"https:\/\/www.facebook.com\/NUEVODigitalDeEscobar\" \/>\n<meta property=\"article:published_time\" content=\"2025-03-17T03:30:00+00:00\" \/>\n<meta property=\"og:image\" content=\"https:\/\/nuevodigitaldeescobar.com.ar\/wp-content\/uploads\/2025\/03\/bukele221.jpg\" \/>\n\t<meta property=\"og:image:width\" content=\"650\" \/>\n\t<meta property=\"og:image:height\" content=\"434\" \/>\n\t<meta property=\"og:image:type\" content=\"image\/jpeg\" \/>\n<meta name=\"author\" content=\"Redacci\u00f3n\" \/>\n<meta name=\"twitter:card\" content=\"summary_large_image\" \/>\n<meta name=\"twitter:creator\" content=\"@nuevodigescobar\" \/>\n<meta name=\"twitter:site\" content=\"@nuevodigescobar\" \/>\n<meta name=\"twitter:label1\" content=\"Escrito por\" \/>\n\t<meta name=\"twitter:data1\" content=\"Redacci\u00f3n\" \/>\n\t<meta name=\"twitter:label2\" content=\"Tiempo de lectura\" \/>\n\t<meta name=\"twitter:data2\" content=\"4 minutos\" \/>\n<script type=\"application\/ld+json\" class=\"yoast-schema-graph\">{\"@context\":\"https:\/\/schema.org\",\"@graph\":[{\"@type\":\"Article\",\"@id\":\"https:\/\/nuevodigitaldeescobar.com.ar\/?p=13035#article\",\"isPartOf\":{\"@id\":\"https:\/\/nuevodigitaldeescobar.com.ar\/?p=13035\"},\"author\":{\"name\":\"Redacci\u00f3n\",\"@id\":\"https:\/\/nuevodigitaldeescobar.com.ar\/#\/schema\/person\/035e90a8efe9a80e6eec22656ad6ea4c\"},\"headline\":\"El \u201cM\u00e9todo Bukele\u201d: El Salvador, un modelo de seguridad en el hemisferio occidental\",\"datePublished\":\"2025-03-17T03:30:00+00:00\",\"mainEntityOfPage\":{\"@id\":\"https:\/\/nuevodigitaldeescobar.com.ar\/?p=13035\"},\"wordCount\":786,\"commentCount\":0,\"publisher\":{\"@id\":\"https:\/\/nuevodigitaldeescobar.com.ar\/#organization\"},\"image\":{\"@id\":\"https:\/\/nuevodigitaldeescobar.com.ar\/?p=13035#primaryimage\"},\"thumbnailUrl\":\"https:\/\/nuevodigitaldeescobar.com.ar\/wp-content\/uploads\/2025\/03\/bukele221.jpg\",\"articleSection\":[\"Internacionales\"],\"inLanguage\":\"es\",\"potentialAction\":[{\"@type\":\"CommentAction\",\"name\":\"Comment\",\"target\":[\"https:\/\/nuevodigitaldeescobar.com.ar\/?p=13035#respond\"]}]},{\"@type\":\"WebPage\",\"@id\":\"https:\/\/nuevodigitaldeescobar.com.ar\/?p=13035\",\"url\":\"https:\/\/nuevodigitaldeescobar.com.ar\/?p=13035\",\"name\":\"El \u201cM\u00e9todo Bukele\u201d: El Salvador, un modelo de seguridad en el hemisferio occidental - Nuevo Digital de Escobar\",\"isPartOf\":{\"@id\":\"https:\/\/nuevodigitaldeescobar.com.ar\/#website\"},\"primaryImageOfPage\":{\"@id\":\"https:\/\/nuevodigitaldeescobar.com.ar\/?p=13035#primaryimage\"},\"image\":{\"@id\":\"https:\/\/nuevodigitaldeescobar.com.ar\/?p=13035#primaryimage\"},\"thumbnailUrl\":\"https:\/\/nuevodigitaldeescobar.com.ar\/wp-content\/uploads\/2025\/03\/bukele221.jpg\",\"datePublished\":\"2025-03-17T03:30:00+00:00\",\"breadcrumb\":{\"@id\":\"https:\/\/nuevodigitaldeescobar.com.ar\/?p=13035#breadcrumb\"},\"inLanguage\":\"es\",\"potentialAction\":[{\"@type\":\"ReadAction\",\"target\":[\"https:\/\/nuevodigitaldeescobar.com.ar\/?p=13035\"]}]},{\"@type\":\"ImageObject\",\"inLanguage\":\"es\",\"@id\":\"https:\/\/nuevodigitaldeescobar.com.ar\/?p=13035#primaryimage\",\"url\":\"https:\/\/nuevodigitaldeescobar.com.ar\/wp-content\/uploads\/2025\/03\/bukele221.jpg\",\"contentUrl\":\"https:\/\/nuevodigitaldeescobar.com.ar\/wp-content\/uploads\/2025\/03\/bukele221.jpg\",\"width\":650,\"height\":434},{\"@type\":\"BreadcrumbList\",\"@id\":\"https:\/\/nuevodigitaldeescobar.com.ar\/?p=13035#breadcrumb\",\"itemListElement\":[{\"@type\":\"ListItem\",\"position\":1,\"name\":\"Portada\",\"item\":\"https:\/\/nuevodigitaldeescobar.com.ar\/\"},{\"@type\":\"ListItem\",\"position\":2,\"name\":\"El \u201cM\u00e9todo Bukele\u201d: El Salvador, un modelo de seguridad en el hemisferio occidental\"}]},{\"@type\":\"WebSite\",\"@id\":\"https:\/\/nuevodigitaldeescobar.com.ar\/#website\",\"url\":\"https:\/\/nuevodigitaldeescobar.com.ar\/\",\"name\":\"Nuevo Digital de Escobar\",\"description\":\"La vida escobarense. Directora: Rosana Brunner\",\"publisher\":{\"@id\":\"https:\/\/nuevodigitaldeescobar.com.ar\/#organization\"},\"potentialAction\":[{\"@type\":\"SearchAction\",\"target\":{\"@type\":\"EntryPoint\",\"urlTemplate\":\"https:\/\/nuevodigitaldeescobar.com.ar\/?s={search_term_string}\"},\"query-input\":{\"@type\":\"PropertyValueSpecification\",\"valueRequired\":true,\"valueName\":\"search_term_string\"}}],\"inLanguage\":\"es\"},{\"@type\":\"Organization\",\"@id\":\"https:\/\/nuevodigitaldeescobar.com.ar\/#organization\",\"name\":\"Nuevo Digital de Escobar\",\"url\":\"https:\/\/nuevodigitaldeescobar.com.ar\/\",\"logo\":{\"@type\":\"ImageObject\",\"inLanguage\":\"es\",\"@id\":\"https:\/\/nuevodigitaldeescobar.com.ar\/#\/schema\/logo\/image\/\",\"url\":\"https:\/\/nuevodigitaldeescobar.com.ar\/wp-content\/uploads\/2025\/05\/cropped-logo-nuevo2.jpg\",\"contentUrl\":\"https:\/\/nuevodigitaldeescobar.com.ar\/wp-content\/uploads\/2025\/05\/cropped-logo-nuevo2.jpg\",\"width\":305,\"height\":305,\"caption\":\"Nuevo Digital de Escobar\"},\"image\":{\"@id\":\"https:\/\/nuevodigitaldeescobar.com.ar\/#\/schema\/logo\/image\/\"},\"sameAs\":[\"https:\/\/www.facebook.com\/NUEVODigitalDeEscobar\",\"https:\/\/x.com\/nuevodigescobar\",\"https:\/\/www.instagram.com\/nuevodigitaldeescobar\"]},{\"@type\":\"Person\",\"@id\":\"https:\/\/nuevodigitaldeescobar.com.ar\/#\/schema\/person\/035e90a8efe9a80e6eec22656ad6ea4c\",\"name\":\"Redacci\u00f3n\",\"image\":{\"@type\":\"ImageObject\",\"inLanguage\":\"es\",\"@id\":\"https:\/\/nuevodigitaldeescobar.com.ar\/#\/schema\/person\/image\/\",\"url\":\"https:\/\/secure.gravatar.com\/avatar\/8af8f40000c24e9eef3034f2be5998a372bb1389e64b1a4a36b3a7979142220d?s=96&d=mm&r=g\",\"contentUrl\":\"https:\/\/secure.gravatar.com\/avatar\/8af8f40000c24e9eef3034f2be5998a372bb1389e64b1a4a36b3a7979142220d?s=96&d=mm&r=g\",\"caption\":\"Redacci\u00f3n\"},\"sameAs\":[\"http:\/\/nuevodigitaldeescobar.com.ar\"],\"url\":\"https:\/\/nuevodigitaldeescobar.com.ar\/?author=1\"}]}<\/script>\n<!-- \/ Yoast SEO plugin. -->","yoast_head_json":{"title":"El \u201cM\u00e9todo Bukele\u201d: El Salvador, un modelo de seguridad en el hemisferio occidental - Nuevo Digital de Escobar","robots":{"index":"index","follow":"follow","max-snippet":"max-snippet:-1","max-image-preview":"max-image-preview:large","max-video-preview":"max-video-preview:-1"},"canonical":"https:\/\/nuevodigitaldeescobar.com.ar\/?p=13035","og_locale":"es_ES","og_type":"article","og_title":"El \u201cM\u00e9todo Bukele\u201d: El Salvador, un modelo de seguridad en el hemisferio occidental - Nuevo Digital de Escobar","og_description":"En los \u00faltimos a\u00f1os, El Salvador ha experimentado una transformaci\u00f3n radical en su seguridad, convirti\u00e9ndose en un referente en la lucha contra la criminalidad en [&hellip;]","og_url":"https:\/\/nuevodigitaldeescobar.com.ar\/?p=13035","og_site_name":"Nuevo Digital de Escobar","article_publisher":"https:\/\/www.facebook.com\/NUEVODigitalDeEscobar","article_published_time":"2025-03-17T03:30:00+00:00","og_image":[{"width":650,"height":434,"url":"https:\/\/nuevodigitaldeescobar.com.ar\/wp-content\/uploads\/2025\/03\/bukele221.jpg","type":"image\/jpeg"}],"author":"Redacci\u00f3n","twitter_card":"summary_large_image","twitter_creator":"@nuevodigescobar","twitter_site":"@nuevodigescobar","twitter_misc":{"Escrito por":"Redacci\u00f3n","Tiempo de lectura":"4 minutos"},"schema":{"@context":"https:\/\/schema.org","@graph":[{"@type":"Article","@id":"https:\/\/nuevodigitaldeescobar.com.ar\/?p=13035#article","isPartOf":{"@id":"https:\/\/nuevodigitaldeescobar.com.ar\/?p=13035"},"author":{"name":"Redacci\u00f3n","@id":"https:\/\/nuevodigitaldeescobar.com.ar\/#\/schema\/person\/035e90a8efe9a80e6eec22656ad6ea4c"},"headline":"El \u201cM\u00e9todo Bukele\u201d: El Salvador, un modelo de seguridad en el hemisferio occidental","datePublished":"2025-03-17T03:30:00+00:00","mainEntityOfPage":{"@id":"https:\/\/nuevodigitaldeescobar.com.ar\/?p=13035"},"wordCount":786,"commentCount":0,"publisher":{"@id":"https:\/\/nuevodigitaldeescobar.com.ar\/#organization"},"image":{"@id":"https:\/\/nuevodigitaldeescobar.com.ar\/?p=13035#primaryimage"},"thumbnailUrl":"https:\/\/nuevodigitaldeescobar.com.ar\/wp-content\/uploads\/2025\/03\/bukele221.jpg","articleSection":["Internacionales"],"inLanguage":"es","potentialAction":[{"@type":"CommentAction","name":"Comment","target":["https:\/\/nuevodigitaldeescobar.com.ar\/?p=13035#respond"]}]},{"@type":"WebPage","@id":"https:\/\/nuevodigitaldeescobar.com.ar\/?p=13035","url":"https:\/\/nuevodigitaldeescobar.com.ar\/?p=13035","name":"El \u201cM\u00e9todo Bukele\u201d: El Salvador, un modelo de seguridad en el hemisferio occidental - Nuevo Digital de Escobar","isPartOf":{"@id":"https:\/\/nuevodigitaldeescobar.com.ar\/#website"},"primaryImageOfPage":{"@id":"https:\/\/nuevodigitaldeescobar.com.ar\/?p=13035#primaryimage"},"image":{"@id":"https:\/\/nuevodigitaldeescobar.com.ar\/?p=13035#primaryimage"},"thumbnailUrl":"https:\/\/nuevodigitaldeescobar.com.ar\/wp-content\/uploads\/2025\/03\/bukele221.jpg","datePublished":"2025-03-17T03:30:00+00:00","breadcrumb":{"@id":"https:\/\/nuevodigitaldeescobar.com.ar\/?p=13035#breadcrumb"},"inLanguage":"es","potentialAction":[{"@type":"ReadAction","target":["https:\/\/nuevodigitaldeescobar.com.ar\/?p=13035"]}]},{"@type":"ImageObject","inLanguage":"es","@id":"https:\/\/nuevodigitaldeescobar.com.ar\/?p=13035#primaryimage","url":"https:\/\/nuevodigitaldeescobar.com.ar\/wp-content\/uploads\/2025\/03\/bukele221.jpg","contentUrl":"https:\/\/nuevodigitaldeescobar.com.ar\/wp-content\/uploads\/2025\/03\/bukele221.jpg","width":650,"height":434},{"@type":"BreadcrumbList","@id":"https:\/\/nuevodigitaldeescobar.com.ar\/?p=13035#breadcrumb","itemListElement":[{"@type":"ListItem","position":1,"name":"Portada","item":"https:\/\/nuevodigitaldeescobar.com.ar\/"},{"@type":"ListItem","position":2,"name":"El \u201cM\u00e9todo Bukele\u201d: El Salvador, un modelo de seguridad en el hemisferio occidental"}]},{"@type":"WebSite","@id":"https:\/\/nuevodigitaldeescobar.com.ar\/#website","url":"https:\/\/nuevodigitaldeescobar.com.ar\/","name":"Nuevo Digital de Escobar","description":"La vida escobarense. Directora: Rosana Brunner","publisher":{"@id":"https:\/\/nuevodigitaldeescobar.com.ar\/#organization"},"potentialAction":[{"@type":"SearchAction","target":{"@type":"EntryPoint","urlTemplate":"https:\/\/nuevodigitaldeescobar.com.ar\/?s={search_term_string}"},"query-input":{"@type":"PropertyValueSpecification","valueRequired":true,"valueName":"search_term_string"}}],"inLanguage":"es"},{"@type":"Organization","@id":"https:\/\/nuevodigitaldeescobar.com.ar\/#organization","name":"Nuevo Digital de Escobar","url":"https:\/\/nuevodigitaldeescobar.com.ar\/","logo":{"@type":"ImageObject","inLanguage":"es","@id":"https:\/\/nuevodigitaldeescobar.com.ar\/#\/schema\/logo\/image\/","url":"https:\/\/nuevodigitaldeescobar.com.ar\/wp-content\/uploads\/2025\/05\/cropped-logo-nuevo2.jpg","contentUrl":"https:\/\/nuevodigitaldeescobar.com.ar\/wp-content\/uploads\/2025\/05\/cropped-logo-nuevo2.jpg","width":305,"height":305,"caption":"Nuevo Digital de Escobar"},"image":{"@id":"https:\/\/nuevodigitaldeescobar.com.ar\/#\/schema\/logo\/image\/"},"sameAs":["https:\/\/www.facebook.com\/NUEVODigitalDeEscobar","https:\/\/x.com\/nuevodigescobar","https:\/\/www.instagram.com\/nuevodigitaldeescobar"]},{"@type":"Person","@id":"https:\/\/nuevodigitaldeescobar.com.ar\/#\/schema\/person\/035e90a8efe9a80e6eec22656ad6ea4c","name":"Redacci\u00f3n","image":{"@type":"ImageObject","inLanguage":"es","@id":"https:\/\/nuevodigitaldeescobar.com.ar\/#\/schema\/person\/image\/","url":"https:\/\/secure.gravatar.com\/avatar\/8af8f40000c24e9eef3034f2be5998a372bb1389e64b1a4a36b3a7979142220d?s=96&d=mm&r=g","contentUrl":"https:\/\/secure.gravatar.com\/avatar\/8af8f40000c24e9eef3034f2be5998a372bb1389e64b1a4a36b3a7979142220d?s=96&d=mm&r=g","caption":"Redacci\u00f3n"},"sameAs":["http:\/\/nuevodigitaldeescobar.com.ar"],"url":"https:\/\/nuevodigitaldeescobar.com.ar\/?author=1"}]}},"featured_image_urls":{"full":["https:\/\/nuevodigitaldeescobar.com.ar\/wp-content\/uploads\/2025\/03\/bukele221.jpg",650,434,false],"thumbnail":["https:\/\/nuevodigitaldeescobar.com.ar\/wp-content\/uploads\/2025\/03\/bukele221-150x150.jpg",150,150,true],"medium":["https:\/\/nuevodigitaldeescobar.com.ar\/wp-content\/uploads\/2025\/03\/bukele221-300x200.jpg",300,200,true],"medium_large":["https:\/\/nuevodigitaldeescobar.com.ar\/wp-content\/uploads\/2025\/03\/bukele221.jpg",640,427,false],"large":["https:\/\/nuevodigitaldeescobar.com.ar\/wp-content\/uploads\/2025\/03\/bukele221.jpg",640,427,false],"1536x1536":["https:\/\/nuevodigitaldeescobar.com.ar\/wp-content\/uploads\/2025\/03\/bukele221.jpg",650,434,false],"2048x2048":["https:\/\/nuevodigitaldeescobar.com.ar\/wp-content\/uploads\/2025\/03\/bukele221.jpg",650,434,false]},"author_info":{"display_name":"Redacci\u00f3n","author_link":"https:\/\/nuevodigitaldeescobar.com.ar\/?author=1"},"category_info":"<a href=\"https:\/\/nuevodigitaldeescobar.com.ar\/?cat=285\" rel=\"category\">Internacionales<\/a>","tag_info":"Internacionales","comment_count":"0","_links":{"self":[{"href":"https:\/\/nuevodigitaldeescobar.com.ar\/index.php?rest_route=\/wp\/v2\/posts\/13035","targetHints":{"allow":["GET"]}}],"collection":[{"href":"https:\/\/nuevodigitaldeescobar.com.ar\/index.php?rest_route=\/wp\/v2\/posts"}],"about":[{"href":"https:\/\/nuevodigitaldeescobar.com.ar\/index.php?rest_route=\/wp\/v2\/types\/post"}],"author":[{"embeddable":true,"href":"https:\/\/nuevodigitaldeescobar.com.ar\/index.php?rest_route=\/wp\/v2\/users\/1"}],"replies":[{"embeddable":true,"href":"https:\/\/nuevodigitaldeescobar.com.ar\/index.php?rest_route=%2Fwp%2Fv2%2Fcomments&post=13035"}],"version-history":[{"count":1,"href":"https:\/\/nuevodigitaldeescobar.com.ar\/index.php?rest_route=\/wp\/v2\/posts\/13035\/revisions"}],"predecessor-version":[{"id":13039,"href":"https:\/\/nuevodigitaldeescobar.com.ar\/index.php?rest_route=\/wp\/v2\/posts\/13035\/revisions\/13039"}],"wp:featuredmedia":[{"embeddable":true,"href":"https:\/\/nuevodigitaldeescobar.com.ar\/index.php?rest_route=\/wp\/v2\/media\/13036"}],"wp:attachment":[{"href":"https:\/\/nuevodigitaldeescobar.com.ar\/index.php?rest_route=%2Fwp%2Fv2%2Fmedia&parent=13035"}],"wp:term":[{"taxonomy":"category","embeddable":true,"href":"https:\/\/nuevodigitaldeescobar.com.ar\/index.php?rest_route=%2Fwp%2Fv2%2Fcategories&post=13035"},{"taxonomy":"post_tag","embeddable":true,"href":"https:\/\/nuevodigitaldeescobar.com.ar\/index.php?rest_route=%2Fwp%2Fv2%2Ftags&post=13035"}],"curies":[{"name":"wp","href":"https:\/\/api.w.org\/{rel}","templated":true}]}}