{"id":1307,"date":"2023-11-29T09:45:25","date_gmt":"2023-11-29T12:45:25","guid":{"rendered":"https:\/\/nuevodigitaldeescobar.com.ar\/?p=1307"},"modified":"2023-11-29T09:49:14","modified_gmt":"2023-11-29T12:49:14","slug":"la-herencia-economica-explicada-en-un-hilo-de-x","status":"publish","type":"post","link":"https:\/\/nuevodigitaldeescobar.com.ar\/?p=1307","title":{"rendered":"La herencia econ\u00f3mica explicada en un hilo de X"},"content":{"rendered":"<p><span style=\"color: #003366;\"><strong><em>La popular cuenta de \u201cX\u201d de Osvaldo \u201cBeto\u201d Mendeiev detall\u00f3 los desequilibrios econ\u00f3micos y financieros que el ministro de Econom\u00eda Sergio Massa deja irresueltos para la pr\u00f3xima gesti\u00f3n.<\/em><\/strong><\/span><\/p>\n<p><!--more--><\/p>\n<p>Un usuario de la red social <em>\u201cX\u201d<\/em> (ex Twitter) que escribe bajo el pseud\u00f3nimo de <em>\u201cOsvaldo \u2018Beto\u2019 Mendeleiev\u201d<\/em> public\u00f3 un hilo en el que describe la gravosa herencia que deja el ministro de Econom\u00eda Sergio Massa al pr\u00f3ximo Presidente de la Naci\u00f3n, Javier Milei, contra quien compiti\u00f3 en las elecciones de este a\u00f1o.<\/p>\n<p>Fue el propio l\u00edder libertario quien le dio entidad al mensaje y lo recomend\u00f3 a sus seguidores. En detalle, Beto Mendeiev cuestion\u00f3 <em>\u201cla gran herencia Massista: A todo o nada para ganar una elecci\u00f3n\u201d<\/em>.<\/p>\n<p><img fetchpriority=\"high\" decoding=\"async\" class=\"alignnone size-full wp-image-1308\" src=\"http:\/\/nuevodigitaldeescobar.com.ar\/wp-content\/uploads\/2023\/11\/economia-1.jpg\" alt=\"\" width=\"720\" height=\"316\" srcset=\"https:\/\/nuevodigitaldeescobar.com.ar\/wp-content\/uploads\/2023\/11\/economia-1.jpg 720w, https:\/\/nuevodigitaldeescobar.com.ar\/wp-content\/uploads\/2023\/11\/economia-1-300x132.jpg 300w\" sizes=\"(max-width: 720px) 100vw, 720px\" \/><\/p>\n<p>Entre otros puntos, el reconocido usuario de <em>\u201cX\u201d<\/em> hizo \u00e9nfasis en el atraso cambiario que deja el todav\u00eda ministro de Econom\u00eda. <em>\u201cMassa neg\u00e1ndose a devaluar, deja un d\u00f3lar atrasado similar al de Macri en 2017. Es decir, a pesar de que el d\u00f3lar nominalmente pas\u00f3 de $16 a $360, la competitividad de nuestra moneda es exactamente la misma\u201d<\/em>.<\/p>\n<p><img decoding=\"async\" class=\"alignnone size-full wp-image-1309\" src=\"http:\/\/nuevodigitaldeescobar.com.ar\/wp-content\/uploads\/2023\/11\/economia-2.jpg\" alt=\"\" width=\"720\" height=\"397\" srcset=\"https:\/\/nuevodigitaldeescobar.com.ar\/wp-content\/uploads\/2023\/11\/economia-2.jpg 720w, https:\/\/nuevodigitaldeescobar.com.ar\/wp-content\/uploads\/2023\/11\/economia-2-300x165.jpg 300w\" sizes=\"(max-width: 720px) 100vw, 720px\" \/><\/p>\n<p>En materia de reservas brutas en las arcas del Banco Central. Beto record\u00f3 que <em>\u201cen su gesti\u00f3n de a\u00f1o y medio, Massa dilapid\u00f3 16.300 millones de d\u00f3lares de sus reservas con pagos netos al FMI menores a 3.000 millones. El cepo, la mala praxis y el curro de las SIRAs fueron una combinaci\u00f3n letal\u201d<\/em>.<\/p>\n<p><img decoding=\"async\" class=\"alignnone size-full wp-image-1310\" src=\"http:\/\/nuevodigitaldeescobar.com.ar\/wp-content\/uploads\/2023\/11\/economia-3.jpg\" alt=\"\" width=\"720\" height=\"319\" srcset=\"https:\/\/nuevodigitaldeescobar.com.ar\/wp-content\/uploads\/2023\/11\/economia-3.jpg 720w, https:\/\/nuevodigitaldeescobar.com.ar\/wp-content\/uploads\/2023\/11\/economia-3-300x133.jpg 300w\" sizes=\"(max-width: 720px) 100vw, 720px\" \/><\/p>\n<p>El hilo critic\u00f3 al <em>\u201cPlan Platita\u201d<\/em>, que signific\u00f3 una gran inyecci\u00f3n de pesos a los bolsillos en medio de la campa\u00f1a electoral: <em>\u201cSin contar la modificaci\u00f3n de Ganancias, el costo fiscal de esta jodita para ganar las elecciones fue de 1,1% del PBI (2,1 billones de pesos). A esto no se le suma el costo de la campa\u00f1a del miedo, que quien sabe cu\u00e1nto se patinaron en eso\u201d<\/em>.<\/p>\n<p>A su vez, Massa amplific\u00f3 el preocupante d\u00e9ficit fiscal: <em>\u201cEl resultado de lo anterior es haber hecho caer nuevamente el acuerdo con el FMI, dado que se tuvo un desv\u00edo mayor al 1,3% (del PBI) respecto a la meta de d\u00e9ficit fiscal. Despu\u00e9s nos preguntamos \u00bfpor qu\u00e9 sigue subiendo la inflaci\u00f3n?\u201d<\/em>, puntualiz\u00f3 Mendeiev.<\/p>\n<p><img loading=\"lazy\" decoding=\"async\" class=\"alignnone size-full wp-image-1311\" src=\"http:\/\/nuevodigitaldeescobar.com.ar\/wp-content\/uploads\/2023\/11\/economia-4.jpg\" alt=\"\" width=\"720\" height=\"440\" srcset=\"https:\/\/nuevodigitaldeescobar.com.ar\/wp-content\/uploads\/2023\/11\/economia-4.jpg 720w, https:\/\/nuevodigitaldeescobar.com.ar\/wp-content\/uploads\/2023\/11\/economia-4-300x183.jpg 300w\" sizes=\"(max-width: 720px) 100vw, 720px\" \/><\/p>\n<p>Otra herencia muy pesada que deja Massa a su sucesor es la inflaci\u00f3n de tres d\u00edgitos. <em>\u201cEn la gesti\u00f3n de Massa la inflaci\u00f3n (sin contar noviembre) aument\u00f3 un 193%, el rubro alimentos que es el que m\u00e1s les pega a los pobres un 208%, mientras que el rubro de servicios p\u00fablicos aument\u00f3 un 171% debido a que se pisaron las tarifas como parte del Plan Platita\u201d<\/em>, record\u00f3 el personaje tuitero.<\/p>\n<p><img loading=\"lazy\" decoding=\"async\" class=\"alignnone size-full wp-image-1312\" src=\"http:\/\/nuevodigitaldeescobar.com.ar\/wp-content\/uploads\/2023\/11\/economia-5.jpg\" alt=\"\" width=\"720\" height=\"319\" srcset=\"https:\/\/nuevodigitaldeescobar.com.ar\/wp-content\/uploads\/2023\/11\/economia-5.jpg 720w, https:\/\/nuevodigitaldeescobar.com.ar\/wp-content\/uploads\/2023\/11\/economia-5-300x133.jpg 300w\" sizes=\"(max-width: 720px) 100vw, 720px\" \/><\/p>\n<p><em>\u201cEn fin, la mala praxis era cantada, siendo que es abogado, pero lamentablemente y como siempre, estos tipos se rifan el futuro de la Argentina por su inter\u00e9s particular en pos del inter\u00e9s general y, por ende, dej\u00e1ndole el ajuste de las variables econ\u00f3micas al siguiente gobierno\u201d<\/em>, opin\u00f3 Mendeiev en su extenso hilo. <em>\u201cMilei y Toto Caputo la van a tener complicada, la herencia Massista es literalmente un campo minado donde de pisar mal volamos por el aire, pero conf\u00edo en su capacidad, vamos a salir adelante. Vendr\u00e1n unos 6 meses dif\u00edciles, pero al final habr\u00e1 premio: el fin de la inflaci\u00f3n\u201d<\/em>, agreg\u00f3.<\/p>\n<p>Aunque es competencia del Banco Central y no del Ministerio de Econom\u00eda, Mendeiev le dedic\u00f3 un p\u00e1rrafo a la <em>\u201cbomba\u201d<\/em> de Letras de Liquidez (Leliq) y Pases pasivos que emite la entidad a alta tasa de inter\u00e9s y cuyo crecimiento explosivo amenaza con desestabilizar la econom\u00eda.<\/p>\n<p><img loading=\"lazy\" decoding=\"async\" class=\"alignnone size-full wp-image-1313\" src=\"http:\/\/nuevodigitaldeescobar.com.ar\/wp-content\/uploads\/2023\/11\/economia-6.jpg\" alt=\"\" width=\"720\" height=\"319\" srcset=\"https:\/\/nuevodigitaldeescobar.com.ar\/wp-content\/uploads\/2023\/11\/economia-6.jpg 720w, https:\/\/nuevodigitaldeescobar.com.ar\/wp-content\/uploads\/2023\/11\/economia-6-300x133.jpg 300w\" sizes=\"(max-width: 720px) 100vw, 720px\" \/><\/p>\n<p><em>\u201cMassa asume con 6,8 billones de pesos remunerando al 60% de TNA (Tasa Nominal Anual) -80% de TEA (Tasa Efectiva Anual)-, se ir\u00e1 con m\u00e1s de 25,3 billones remunerando al 133% TNA (255% TEA), esto es un crecimiento del stock del 290% en menos de un a\u00f1o y medio. Una bomba de pesos (inflaci\u00f3n futura)\u201d<\/em>, subray\u00f3 Mendeiev.<\/p>\n<p>En 2022 la cuenta tuitera de Beto Mendeiev increment\u00f3 su fama y hasta lleg\u00f3 a organizar foros virtuales en Twitter para analizar el fen\u00f3meno de las estafas piramidales cuando estall\u00f3 el esc\u00e1ndalo de Generaci\u00f3n Zoe de Leonardo Cositorto, su directivo hoy detenido.<\/p>\n<blockquote class=\"twitter-tweet\" data-width=\"550\" data-dnt=\"true\">\n<p lang=\"es\" dir=\"ltr\">La gran herencia Massista: A todo o nada para ganar una elecci\u00f3n.<\/p>\n<p>[Abro hilo]<\/p>\n<p>&mdash; Osvaldo &#39;Beto&#39; Mendeleiev (@BetoMendeleiev_) <a href=\"https:\/\/twitter.com\/BetoMendeleiev_\/status\/1729498684365185065?ref_src=twsrc%5Etfw\">November 28, 2023<\/a><\/p><\/blockquote>\n<p><script async src=\"https:\/\/platform.twitter.com\/widgets.js\" charset=\"utf-8\"><\/script><\/p>\n<p>Osvaldo <em>\u2018Beto\u2019<\/em> Mendeleiev es un recordado personaje televisivo creado por los humoristas Diego Capusotto y Pedro Saborido que ahora sirve de inspiraci\u00f3n a una de las cuentas con m\u00e1s predicamento en las redes sociales frecuentadas por los analistas financieros, inversores y ahorristas.<\/p>\n<p><em>(Infobae)<\/em><\/p>\n","protected":false},"excerpt":{"rendered":"<p>La popular cuenta de \u201cX\u201d de Osvaldo \u201cBeto\u201d Mendeiev detall\u00f3 los desequilibrios econ\u00f3micos y financieros que el ministro de Econom\u00eda Sergio Massa deja irresueltos para [&hellip;]<\/p>\n","protected":false},"author":1,"featured_media":1314,"comment_status":"open","ping_status":"closed","sticky":false,"template":"","format":"standard","meta":{"footnotes":""},"categories":[10],"tags":[],"class_list":["post-1307","post","type-post","status-publish","format-standard","has-post-thumbnail","hentry","category-economia"],"better_featured_image":{"id":1314,"alt_text":"","caption":"","description":"","media_type":"image","media_details":{"width":720,"height":460,"file":"2023\/11\/javier-milei-1-1.jpg","filesize":36225,"sizes":{"medium":{"file":"javier-milei-1-1-300x192.jpg","width":300,"height":192,"mime-type":"image\/jpeg","filesize":12887,"source_url":"https:\/\/nuevodigitaldeescobar.com.ar\/wp-content\/uploads\/2023\/11\/javier-milei-1-1-300x192.jpg"},"thumbnail":{"file":"javier-milei-1-1-150x150.jpg","width":150,"height":150,"mime-type":"image\/jpeg","filesize":8060,"source_url":"https:\/\/nuevodigitaldeescobar.com.ar\/wp-content\/uploads\/2023\/11\/javier-milei-1-1-150x150.jpg"},"covernews-medium":{"file":"javier-milei-1-1-540x340.jpg","width":540,"height":340,"mime-type":"image\/jpeg","filesize":25538,"source_url":"https:\/\/nuevodigitaldeescobar.com.ar\/wp-content\/uploads\/2023\/11\/javier-milei-1-1-540x340.jpg"},"covernews-medium-square":{"file":"javier-milei-1-1-400x250.jpg","width":400,"height":250,"mime-type":"image\/jpeg","filesize":17447,"source_url":"https:\/\/nuevodigitaldeescobar.com.ar\/wp-content\/uploads\/2023\/11\/javier-milei-1-1-400x250.jpg"}},"image_meta":{"aperture":"0","credit":"","camera":"","caption":"","created_timestamp":"0","copyright":"","focal_length":"0","iso":"0","shutter_speed":"0","title":"","orientation":"0","keywords":[]}},"post":1307,"source_url":"https:\/\/nuevodigitaldeescobar.com.ar\/wp-content\/uploads\/2023\/11\/javier-milei-1-1.jpg"},"yoast_head":"<!-- This site is optimized with the Yoast SEO plugin v26.1.1 - https:\/\/yoast.com\/wordpress\/plugins\/seo\/ -->\n<title>La herencia econ\u00f3mica explicada en un hilo de X - Nuevo Digital de Escobar<\/title>\n<meta name=\"robots\" content=\"index, follow, max-snippet:-1, max-image-preview:large, max-video-preview:-1\" \/>\n<link rel=\"canonical\" href=\"https:\/\/nuevodigitaldeescobar.com.ar\/?p=1307\" \/>\n<meta property=\"og:locale\" content=\"es_ES\" \/>\n<meta property=\"og:type\" content=\"article\" \/>\n<meta property=\"og:title\" content=\"La herencia econ\u00f3mica explicada en un hilo de X - Nuevo Digital de Escobar\" \/>\n<meta property=\"og:description\" content=\"La popular cuenta de \u201cX\u201d de Osvaldo \u201cBeto\u201d Mendeiev detall\u00f3 los desequilibrios econ\u00f3micos y financieros que el ministro de Econom\u00eda Sergio Massa deja irresueltos para [&hellip;]\" \/>\n<meta property=\"og:url\" content=\"https:\/\/nuevodigitaldeescobar.com.ar\/?p=1307\" \/>\n<meta property=\"og:site_name\" content=\"Nuevo Digital de Escobar\" \/>\n<meta property=\"article:publisher\" content=\"https:\/\/www.facebook.com\/NUEVODigitalDeEscobar\" \/>\n<meta property=\"article:published_time\" content=\"2023-11-29T12:45:25+00:00\" \/>\n<meta property=\"article:modified_time\" content=\"2023-11-29T12:49:14+00:00\" \/>\n<meta property=\"og:image\" content=\"https:\/\/nuevodigitaldeescobar.com.ar\/wp-content\/uploads\/2023\/11\/javier-milei-1-1.jpg\" \/>\n\t<meta property=\"og:image:width\" content=\"720\" \/>\n\t<meta property=\"og:image:height\" content=\"460\" \/>\n\t<meta property=\"og:image:type\" content=\"image\/jpeg\" \/>\n<meta name=\"author\" content=\"Redacci\u00f3n\" \/>\n<meta name=\"twitter:card\" content=\"summary_large_image\" \/>\n<meta name=\"twitter:creator\" content=\"@nuevodigescobar\" \/>\n<meta name=\"twitter:site\" content=\"@nuevodigescobar\" \/>\n<meta name=\"twitter:label1\" content=\"Escrito por\" \/>\n\t<meta name=\"twitter:data1\" content=\"Redacci\u00f3n\" \/>\n\t<meta name=\"twitter:label2\" content=\"Tiempo de lectura\" \/>\n\t<meta name=\"twitter:data2\" content=\"4 minutos\" \/>\n<script type=\"application\/ld+json\" class=\"yoast-schema-graph\">{\"@context\":\"https:\/\/schema.org\",\"@graph\":[{\"@type\":\"Article\",\"@id\":\"https:\/\/nuevodigitaldeescobar.com.ar\/?p=1307#article\",\"isPartOf\":{\"@id\":\"https:\/\/nuevodigitaldeescobar.com.ar\/?p=1307\"},\"author\":{\"name\":\"Redacci\u00f3n\",\"@id\":\"https:\/\/nuevodigitaldeescobar.com.ar\/#\/schema\/person\/035e90a8efe9a80e6eec22656ad6ea4c\"},\"headline\":\"La herencia econ\u00f3mica explicada en un hilo de X\",\"datePublished\":\"2023-11-29T12:45:25+00:00\",\"dateModified\":\"2023-11-29T12:49:14+00:00\",\"mainEntityOfPage\":{\"@id\":\"https:\/\/nuevodigitaldeescobar.com.ar\/?p=1307\"},\"wordCount\":762,\"commentCount\":0,\"publisher\":{\"@id\":\"https:\/\/nuevodigitaldeescobar.com.ar\/#organization\"},\"image\":{\"@id\":\"https:\/\/nuevodigitaldeescobar.com.ar\/?p=1307#primaryimage\"},\"thumbnailUrl\":\"https:\/\/nuevodigitaldeescobar.com.ar\/wp-content\/uploads\/2023\/11\/javier-milei-1-1.jpg\",\"articleSection\":[\"Econom\u00eda\"],\"inLanguage\":\"es\",\"potentialAction\":[{\"@type\":\"CommentAction\",\"name\":\"Comment\",\"target\":[\"https:\/\/nuevodigitaldeescobar.com.ar\/?p=1307#respond\"]}]},{\"@type\":\"WebPage\",\"@id\":\"https:\/\/nuevodigitaldeescobar.com.ar\/?p=1307\",\"url\":\"https:\/\/nuevodigitaldeescobar.com.ar\/?p=1307\",\"name\":\"La herencia econ\u00f3mica explicada en un hilo de X - Nuevo Digital de Escobar\",\"isPartOf\":{\"@id\":\"https:\/\/nuevodigitaldeescobar.com.ar\/#website\"},\"primaryImageOfPage\":{\"@id\":\"https:\/\/nuevodigitaldeescobar.com.ar\/?p=1307#primaryimage\"},\"image\":{\"@id\":\"https:\/\/nuevodigitaldeescobar.com.ar\/?p=1307#primaryimage\"},\"thumbnailUrl\":\"https:\/\/nuevodigitaldeescobar.com.ar\/wp-content\/uploads\/2023\/11\/javier-milei-1-1.jpg\",\"datePublished\":\"2023-11-29T12:45:25+00:00\",\"dateModified\":\"2023-11-29T12:49:14+00:00\",\"breadcrumb\":{\"@id\":\"https:\/\/nuevodigitaldeescobar.com.ar\/?p=1307#breadcrumb\"},\"inLanguage\":\"es\",\"potentialAction\":[{\"@type\":\"ReadAction\",\"target\":[\"https:\/\/nuevodigitaldeescobar.com.ar\/?p=1307\"]}]},{\"@type\":\"ImageObject\",\"inLanguage\":\"es\",\"@id\":\"https:\/\/nuevodigitaldeescobar.com.ar\/?p=1307#primaryimage\",\"url\":\"https:\/\/nuevodigitaldeescobar.com.ar\/wp-content\/uploads\/2023\/11\/javier-milei-1-1.jpg\",\"contentUrl\":\"https:\/\/nuevodigitaldeescobar.com.ar\/wp-content\/uploads\/2023\/11\/javier-milei-1-1.jpg\",\"width\":720,\"height\":460},{\"@type\":\"BreadcrumbList\",\"@id\":\"https:\/\/nuevodigitaldeescobar.com.ar\/?p=1307#breadcrumb\",\"itemListElement\":[{\"@type\":\"ListItem\",\"position\":1,\"name\":\"Portada\",\"item\":\"https:\/\/nuevodigitaldeescobar.com.ar\/\"},{\"@type\":\"ListItem\",\"position\":2,\"name\":\"La herencia econ\u00f3mica explicada en un hilo de X\"}]},{\"@type\":\"WebSite\",\"@id\":\"https:\/\/nuevodigitaldeescobar.com.ar\/#website\",\"url\":\"https:\/\/nuevodigitaldeescobar.com.ar\/\",\"name\":\"Nuevo Digital de Escobar\",\"description\":\"La vida escobarense. Directora: Rosana Brunner\",\"publisher\":{\"@id\":\"https:\/\/nuevodigitaldeescobar.com.ar\/#organization\"},\"potentialAction\":[{\"@type\":\"SearchAction\",\"target\":{\"@type\":\"EntryPoint\",\"urlTemplate\":\"https:\/\/nuevodigitaldeescobar.com.ar\/?s={search_term_string}\"},\"query-input\":{\"@type\":\"PropertyValueSpecification\",\"valueRequired\":true,\"valueName\":\"search_term_string\"}}],\"inLanguage\":\"es\"},{\"@type\":\"Organization\",\"@id\":\"https:\/\/nuevodigitaldeescobar.com.ar\/#organization\",\"name\":\"Nuevo Digital de Escobar\",\"url\":\"https:\/\/nuevodigitaldeescobar.com.ar\/\",\"logo\":{\"@type\":\"ImageObject\",\"inLanguage\":\"es\",\"@id\":\"https:\/\/nuevodigitaldeescobar.com.ar\/#\/schema\/logo\/image\/\",\"url\":\"https:\/\/nuevodigitaldeescobar.com.ar\/wp-content\/uploads\/2025\/05\/cropped-logo-nuevo2.jpg\",\"contentUrl\":\"https:\/\/nuevodigitaldeescobar.com.ar\/wp-content\/uploads\/2025\/05\/cropped-logo-nuevo2.jpg\",\"width\":305,\"height\":305,\"caption\":\"Nuevo Digital de Escobar\"},\"image\":{\"@id\":\"https:\/\/nuevodigitaldeescobar.com.ar\/#\/schema\/logo\/image\/\"},\"sameAs\":[\"https:\/\/www.facebook.com\/NUEVODigitalDeEscobar\",\"https:\/\/x.com\/nuevodigescobar\",\"https:\/\/www.instagram.com\/nuevodigitaldeescobar\"]},{\"@type\":\"Person\",\"@id\":\"https:\/\/nuevodigitaldeescobar.com.ar\/#\/schema\/person\/035e90a8efe9a80e6eec22656ad6ea4c\",\"name\":\"Redacci\u00f3n\",\"image\":{\"@type\":\"ImageObject\",\"inLanguage\":\"es\",\"@id\":\"https:\/\/nuevodigitaldeescobar.com.ar\/#\/schema\/person\/image\/\",\"url\":\"https:\/\/secure.gravatar.com\/avatar\/8af8f40000c24e9eef3034f2be5998a372bb1389e64b1a4a36b3a7979142220d?s=96&d=mm&r=g\",\"contentUrl\":\"https:\/\/secure.gravatar.com\/avatar\/8af8f40000c24e9eef3034f2be5998a372bb1389e64b1a4a36b3a7979142220d?s=96&d=mm&r=g\",\"caption\":\"Redacci\u00f3n\"},\"sameAs\":[\"http:\/\/nuevodigitaldeescobar.com.ar\"],\"url\":\"https:\/\/nuevodigitaldeescobar.com.ar\/?author=1\"}]}<\/script>\n<!-- \/ Yoast SEO plugin. -->","yoast_head_json":{"title":"La herencia econ\u00f3mica explicada en un hilo de X - Nuevo Digital de Escobar","robots":{"index":"index","follow":"follow","max-snippet":"max-snippet:-1","max-image-preview":"max-image-preview:large","max-video-preview":"max-video-preview:-1"},"canonical":"https:\/\/nuevodigitaldeescobar.com.ar\/?p=1307","og_locale":"es_ES","og_type":"article","og_title":"La herencia econ\u00f3mica explicada en un hilo de X - Nuevo Digital de Escobar","og_description":"La popular cuenta de \u201cX\u201d de Osvaldo \u201cBeto\u201d Mendeiev detall\u00f3 los desequilibrios econ\u00f3micos y financieros que el ministro de Econom\u00eda Sergio Massa deja irresueltos para [&hellip;]","og_url":"https:\/\/nuevodigitaldeescobar.com.ar\/?p=1307","og_site_name":"Nuevo Digital de Escobar","article_publisher":"https:\/\/www.facebook.com\/NUEVODigitalDeEscobar","article_published_time":"2023-11-29T12:45:25+00:00","article_modified_time":"2023-11-29T12:49:14+00:00","og_image":[{"width":720,"height":460,"url":"https:\/\/nuevodigitaldeescobar.com.ar\/wp-content\/uploads\/2023\/11\/javier-milei-1-1.jpg","type":"image\/jpeg"}],"author":"Redacci\u00f3n","twitter_card":"summary_large_image","twitter_creator":"@nuevodigescobar","twitter_site":"@nuevodigescobar","twitter_misc":{"Escrito por":"Redacci\u00f3n","Tiempo de lectura":"4 minutos"},"schema":{"@context":"https:\/\/schema.org","@graph":[{"@type":"Article","@id":"https:\/\/nuevodigitaldeescobar.com.ar\/?p=1307#article","isPartOf":{"@id":"https:\/\/nuevodigitaldeescobar.com.ar\/?p=1307"},"author":{"name":"Redacci\u00f3n","@id":"https:\/\/nuevodigitaldeescobar.com.ar\/#\/schema\/person\/035e90a8efe9a80e6eec22656ad6ea4c"},"headline":"La herencia econ\u00f3mica explicada en un hilo de X","datePublished":"2023-11-29T12:45:25+00:00","dateModified":"2023-11-29T12:49:14+00:00","mainEntityOfPage":{"@id":"https:\/\/nuevodigitaldeescobar.com.ar\/?p=1307"},"wordCount":762,"commentCount":0,"publisher":{"@id":"https:\/\/nuevodigitaldeescobar.com.ar\/#organization"},"image":{"@id":"https:\/\/nuevodigitaldeescobar.com.ar\/?p=1307#primaryimage"},"thumbnailUrl":"https:\/\/nuevodigitaldeescobar.com.ar\/wp-content\/uploads\/2023\/11\/javier-milei-1-1.jpg","articleSection":["Econom\u00eda"],"inLanguage":"es","potentialAction":[{"@type":"CommentAction","name":"Comment","target":["https:\/\/nuevodigitaldeescobar.com.ar\/?p=1307#respond"]}]},{"@type":"WebPage","@id":"https:\/\/nuevodigitaldeescobar.com.ar\/?p=1307","url":"https:\/\/nuevodigitaldeescobar.com.ar\/?p=1307","name":"La herencia econ\u00f3mica explicada en un hilo de X - Nuevo Digital de Escobar","isPartOf":{"@id":"https:\/\/nuevodigitaldeescobar.com.ar\/#website"},"primaryImageOfPage":{"@id":"https:\/\/nuevodigitaldeescobar.com.ar\/?p=1307#primaryimage"},"image":{"@id":"https:\/\/nuevodigitaldeescobar.com.ar\/?p=1307#primaryimage"},"thumbnailUrl":"https:\/\/nuevodigitaldeescobar.com.ar\/wp-content\/uploads\/2023\/11\/javier-milei-1-1.jpg","datePublished":"2023-11-29T12:45:25+00:00","dateModified":"2023-11-29T12:49:14+00:00","breadcrumb":{"@id":"https:\/\/nuevodigitaldeescobar.com.ar\/?p=1307#breadcrumb"},"inLanguage":"es","potentialAction":[{"@type":"ReadAction","target":["https:\/\/nuevodigitaldeescobar.com.ar\/?p=1307"]}]},{"@type":"ImageObject","inLanguage":"es","@id":"https:\/\/nuevodigitaldeescobar.com.ar\/?p=1307#primaryimage","url":"https:\/\/nuevodigitaldeescobar.com.ar\/wp-content\/uploads\/2023\/11\/javier-milei-1-1.jpg","contentUrl":"https:\/\/nuevodigitaldeescobar.com.ar\/wp-content\/uploads\/2023\/11\/javier-milei-1-1.jpg","width":720,"height":460},{"@type":"BreadcrumbList","@id":"https:\/\/nuevodigitaldeescobar.com.ar\/?p=1307#breadcrumb","itemListElement":[{"@type":"ListItem","position":1,"name":"Portada","item":"https:\/\/nuevodigitaldeescobar.com.ar\/"},{"@type":"ListItem","position":2,"name":"La herencia econ\u00f3mica explicada en un hilo de X"}]},{"@type":"WebSite","@id":"https:\/\/nuevodigitaldeescobar.com.ar\/#website","url":"https:\/\/nuevodigitaldeescobar.com.ar\/","name":"Nuevo Digital de Escobar","description":"La vida escobarense. Directora: Rosana Brunner","publisher":{"@id":"https:\/\/nuevodigitaldeescobar.com.ar\/#organization"},"potentialAction":[{"@type":"SearchAction","target":{"@type":"EntryPoint","urlTemplate":"https:\/\/nuevodigitaldeescobar.com.ar\/?s={search_term_string}"},"query-input":{"@type":"PropertyValueSpecification","valueRequired":true,"valueName":"search_term_string"}}],"inLanguage":"es"},{"@type":"Organization","@id":"https:\/\/nuevodigitaldeescobar.com.ar\/#organization","name":"Nuevo Digital de Escobar","url":"https:\/\/nuevodigitaldeescobar.com.ar\/","logo":{"@type":"ImageObject","inLanguage":"es","@id":"https:\/\/nuevodigitaldeescobar.com.ar\/#\/schema\/logo\/image\/","url":"https:\/\/nuevodigitaldeescobar.com.ar\/wp-content\/uploads\/2025\/05\/cropped-logo-nuevo2.jpg","contentUrl":"https:\/\/nuevodigitaldeescobar.com.ar\/wp-content\/uploads\/2025\/05\/cropped-logo-nuevo2.jpg","width":305,"height":305,"caption":"Nuevo Digital de Escobar"},"image":{"@id":"https:\/\/nuevodigitaldeescobar.com.ar\/#\/schema\/logo\/image\/"},"sameAs":["https:\/\/www.facebook.com\/NUEVODigitalDeEscobar","https:\/\/x.com\/nuevodigescobar","https:\/\/www.instagram.com\/nuevodigitaldeescobar"]},{"@type":"Person","@id":"https:\/\/nuevodigitaldeescobar.com.ar\/#\/schema\/person\/035e90a8efe9a80e6eec22656ad6ea4c","name":"Redacci\u00f3n","image":{"@type":"ImageObject","inLanguage":"es","@id":"https:\/\/nuevodigitaldeescobar.com.ar\/#\/schema\/person\/image\/","url":"https:\/\/secure.gravatar.com\/avatar\/8af8f40000c24e9eef3034f2be5998a372bb1389e64b1a4a36b3a7979142220d?s=96&d=mm&r=g","contentUrl":"https:\/\/secure.gravatar.com\/avatar\/8af8f40000c24e9eef3034f2be5998a372bb1389e64b1a4a36b3a7979142220d?s=96&d=mm&r=g","caption":"Redacci\u00f3n"},"sameAs":["http:\/\/nuevodigitaldeescobar.com.ar"],"url":"https:\/\/nuevodigitaldeescobar.com.ar\/?author=1"}]}},"featured_image_urls":{"full":["https:\/\/nuevodigitaldeescobar.com.ar\/wp-content\/uploads\/2023\/11\/javier-milei-1-1.jpg",720,460,false],"thumbnail":["https:\/\/nuevodigitaldeescobar.com.ar\/wp-content\/uploads\/2023\/11\/javier-milei-1-1-150x150.jpg",150,150,true],"medium":["https:\/\/nuevodigitaldeescobar.com.ar\/wp-content\/uploads\/2023\/11\/javier-milei-1-1-300x192.jpg",300,192,true],"medium_large":["https:\/\/nuevodigitaldeescobar.com.ar\/wp-content\/uploads\/2023\/11\/javier-milei-1-1.jpg",640,409,false],"large":["https:\/\/nuevodigitaldeescobar.com.ar\/wp-content\/uploads\/2023\/11\/javier-milei-1-1.jpg",640,409,false],"1536x1536":["https:\/\/nuevodigitaldeescobar.com.ar\/wp-content\/uploads\/2023\/11\/javier-milei-1-1.jpg",720,460,false],"2048x2048":["https:\/\/nuevodigitaldeescobar.com.ar\/wp-content\/uploads\/2023\/11\/javier-milei-1-1.jpg",720,460,false]},"author_info":{"display_name":"Redacci\u00f3n","author_link":"https:\/\/nuevodigitaldeescobar.com.ar\/?author=1"},"category_info":"<a href=\"https:\/\/nuevodigitaldeescobar.com.ar\/?cat=10\" rel=\"category\">Econom\u00eda<\/a>","tag_info":"Econom\u00eda","comment_count":"0","_links":{"self":[{"href":"https:\/\/nuevodigitaldeescobar.com.ar\/index.php?rest_route=\/wp\/v2\/posts\/1307","targetHints":{"allow":["GET"]}}],"collection":[{"href":"https:\/\/nuevodigitaldeescobar.com.ar\/index.php?rest_route=\/wp\/v2\/posts"}],"about":[{"href":"https:\/\/nuevodigitaldeescobar.com.ar\/index.php?rest_route=\/wp\/v2\/types\/post"}],"author":[{"embeddable":true,"href":"https:\/\/nuevodigitaldeescobar.com.ar\/index.php?rest_route=\/wp\/v2\/users\/1"}],"replies":[{"embeddable":true,"href":"https:\/\/nuevodigitaldeescobar.com.ar\/index.php?rest_route=%2Fwp%2Fv2%2Fcomments&post=1307"}],"version-history":[{"count":2,"href":"https:\/\/nuevodigitaldeescobar.com.ar\/index.php?rest_route=\/wp\/v2\/posts\/1307\/revisions"}],"predecessor-version":[{"id":1316,"href":"https:\/\/nuevodigitaldeescobar.com.ar\/index.php?rest_route=\/wp\/v2\/posts\/1307\/revisions\/1316"}],"wp:featuredmedia":[{"embeddable":true,"href":"https:\/\/nuevodigitaldeescobar.com.ar\/index.php?rest_route=\/wp\/v2\/media\/1314"}],"wp:attachment":[{"href":"https:\/\/nuevodigitaldeescobar.com.ar\/index.php?rest_route=%2Fwp%2Fv2%2Fmedia&parent=1307"}],"wp:term":[{"taxonomy":"category","embeddable":true,"href":"https:\/\/nuevodigitaldeescobar.com.ar\/index.php?rest_route=%2Fwp%2Fv2%2Fcategories&post=1307"},{"taxonomy":"post_tag","embeddable":true,"href":"https:\/\/nuevodigitaldeescobar.com.ar\/index.php?rest_route=%2Fwp%2Fv2%2Ftags&post=1307"}],"curies":[{"name":"wp","href":"https:\/\/api.w.org\/{rel}","templated":true}]}}