{"id":13286,"date":"2025-03-25T00:28:27","date_gmt":"2025-03-25T03:28:27","guid":{"rendered":"https:\/\/nuevodigitaldeescobar.com.ar\/?p=13286"},"modified":"2025-03-25T00:28:30","modified_gmt":"2025-03-25T03:28:30","slug":"memoria-archivos-desclasificados-y-la-polemica-sobre-los-desaparecidos-el-24-de-marzo-en-argentina","status":"publish","type":"post","link":"https:\/\/nuevodigitaldeescobar.com.ar\/?p=13286","title":{"rendered":"Memoria, archivos desclasificados y la pol\u00e9mica sobre los desaparecidos: el 24 de marzo en Argentina"},"content":{"rendered":"\n<p class=\"has-vivid-cyan-blue-color has-text-color has-link-color wp-elements-caf57db00cb693c975307296aa82752c\"><em><strong>El D\u00eda de la Memoria, la Verdad y la Justicia volvi\u00f3 a estar marcado por un fuerte debate en torno a la interpretaci\u00f3n de los hechos ocurridos en los a\u00f1os 70. La jornada estuvo atravesada por la difusi\u00f3n de un video oficial que cuestion\u00f3 la cifra de 30.000 desaparecidos y reivindic\u00f3 la necesidad de una memoria completa basada en los datos documentados. Adem\u00e1s, el Gobierno anunci\u00f3 la desclasificaci\u00f3n de archivos de inteligencia y el reconocimiento del asesinato del capit\u00e1n Viola y su hija por parte del ERP como un crimen de lesa humanidad. En paralelo, Plaza de Mayo fue escenario de una masiva marcha opositora con cr\u00edticas a la administraci\u00f3n de Javier Milei.<\/strong><\/em><\/p>\n\n\n\n<!--more-->\n\n\n\n<h3 class=\"wp-block-heading has-text-color has-link-color wp-elements-b6fb705ab04732a750abdcc3a9913991\" style=\"color:#052bb6\"><em>Un video que reaviv\u00f3 el debate sobre la memoria hist\u00f3rica<\/em><\/h3>\n\n\n\n<p>Desde las primeras horas del 24 de marzo, la cuenta oficial de Casa Rosada public\u00f3 un video de 19 minutos en el que el escritor y asesor gubernamental Agust\u00edn Laje expuso la postura oficial sobre los a\u00f1os 70. En su mensaje, el Gobierno insisti\u00f3 en la necesidad de una <em>\u00abmemoria completa\u00bb<\/em>, cuestion\u00f3 la cifra de los desaparecidos y puso \u00e9nfasis en los cr\u00edmenes cometidos por grupos armados como Montoneros y el ERP.<\/p>\n\n\n\n<p>El video remarc\u00f3 que el informe de la Comisi\u00f3n Nacional sobre la Desaparici\u00f3n de Personas (CONADEP) document\u00f3 8.961 casos de desapariciones forzadas, un n\u00famero muy inferior a la cifra de 30.000 que es sostenida por organismos de derechos humanos.<\/p>\n\n\n\n<p><em>\u201cNac\u00ed en 1989. Soy parte de una generaci\u00f3n que vivi\u00f3 toda su vida en democracia. Los violentos a\u00f1os 70 no llegaron a m\u00ed m\u00e1s que como un ejercicio de memoria hist\u00f3rica que se convirti\u00f3 en pol\u00edtica estatal. En la pr\u00e1ctica, esta pol\u00edtica funcion\u00f3 como un proceso de destrucci\u00f3n de la verdad hist\u00f3rica, con fines partidarios, ideol\u00f3gicos y econ\u00f3micos<\/em>\u201d, sostuvo Laje en el video.<\/p>\n\n\n\n<p>El presidente Javier Milei replic\u00f3 la publicaci\u00f3n con un escueto mensaje: <em>\u201cMemoria, Verdad y Justicia. Completa\u201d.<\/em><\/p>\n\n\n\n<hr class=\"wp-block-separator has-alpha-channel-opacity\"\/>\n\n\n\n<h3 class=\"wp-block-heading has-text-color has-link-color wp-elements-16ef7dcfa06c86d50f64144c5b7cd1ee\" style=\"color:#052bb6\"><em>Desclasificaci\u00f3n de archivos y el caso Viola<\/em><\/h3>\n\n\n\n<p>M\u00e1s tarde, el Gobierno anunci\u00f3 la desclasificaci\u00f3n de los archivos de la ex Secretar\u00eda de Inteligencia del Estado (SIDE) sobre la dictadura militar. <em>\u201cEsta decisi\u00f3n responde al cumplimiento del decreto 4 del a\u00f1o 2010, que si bien se dict\u00f3 hace 15 a\u00f1os, nunca fue implementado completamente\u201d<\/em>, explic\u00f3 el vocero presidencial, Manuel Adorni, en conferencia de prensa.<\/p>\n\n\n\n<p>En paralelo, el Ejecutivo declar\u00f3 como crimen de lesa humanidad el asesinato del capit\u00e1n Humberto Viola y su hija de tres a\u00f1os, Mar\u00eda Cristina, ocurrido en 1974 en Tucum\u00e1n a manos del ERP. La hija sobreviviente de Viola, Mar\u00eda Fernanda, celebr\u00f3 la medida y record\u00f3 que la familia hab\u00eda llevado el caso hasta la Corte Interamericana de Derechos Humanos en busca de justicia.<\/p>\n\n\n\n<p><em>\u201cEl atentado sufrido por el Capit\u00e1n Viola y su familia se produjo en el marco de un conflicto armado interno que fue clara y p\u00fablicamente reconocido por el ERP, constituyendo un crimen de lesa humanidad\u201d<\/em>, afirm\u00f3 en una carta p\u00fablica.<\/p>\n\n\n<div class=\"wp-block-image is-style-rounded\">\n<figure class=\"aligncenter size-large\"><img fetchpriority=\"high\" decoding=\"async\" width=\"1024\" height=\"564\" src=\"https:\/\/nuevodigitaldeescobar.com.ar\/wp-content\/uploads\/2025\/03\/viola23-1024x564.png\" alt=\"\" class=\"wp-image-13288\" srcset=\"https:\/\/nuevodigitaldeescobar.com.ar\/wp-content\/uploads\/2025\/03\/viola23-1024x564.png 1024w, https:\/\/nuevodigitaldeescobar.com.ar\/wp-content\/uploads\/2025\/03\/viola23-300x165.png 300w, https:\/\/nuevodigitaldeescobar.com.ar\/wp-content\/uploads\/2025\/03\/viola23-768x423.png 768w, https:\/\/nuevodigitaldeescobar.com.ar\/wp-content\/uploads\/2025\/03\/viola23.png 1175w\" sizes=\"(max-width: 1024px) 100vw, 1024px\" \/><figcaption class=\"wp-element-caption\">El capit\u00e1n Viola junto a su hija de 3 a\u00f1os<\/figcaption><\/figure><\/div>\n\n\n<p>El Gobierno, adem\u00e1s, adelant\u00f3 que enviar\u00e1 al Congreso un proyecto de ley para declarar la imprescriptibilidad de los delitos cometidos por organizaciones terroristas.<\/p>\n\n\n\n<hr class=\"wp-block-separator has-alpha-channel-opacity\"\/>\n\n\n\n<h3 class=\"wp-block-heading has-text-color has-link-color wp-elements-a00fa9b9d841520dc30488e365fb11a6\" style=\"color:#052bb6\"><em>Marcha en Plaza de Mayo<\/em><\/h3>\n\n\n\n<p>Mientras el Gobierno avanzaba con sus anuncios, miles de personas se movilizaron en el centro porte\u00f1o y en distintos puntos del pa\u00eds en conmemoraci\u00f3n del D\u00eda de la Memoria. En la Ciudad de Buenos Aires, Plaza de Mayo volvi\u00f3 a ser el epicentro de la manifestaci\u00f3n, que cont\u00f3 con la presencia de referentes del peronismo, la izquierda y organizaciones de derechos humanos.<\/p>\n\n\n\n<p><em>\u201cEl Gobierno sali\u00f3 a decir en su video que quiere la historia completa. Nosotros tambi\u00e9n queremos la historia completa: que nos digan d\u00f3nde est\u00e1n los desaparecidos. \u00bfC\u00f3mo puede ser que una madre o un padre se hayan muerto sin poder despedir el cuerpo de su hijo?\u201d<\/em>, expres\u00f3 Ricardo, uno de los manifestantes presentes en la marcha.<\/p>\n\n\n\n<p>Entre los dirigentes que participaron se encontraban el gobernador bonaerense Axel Kicillof, el diputado M\u00e1ximo Kirchner y referentes del Frente Renovador de Sergio Massa. En sus discursos, remarcaron su rechazo a la postura oficial sobre los cr\u00edmenes de la dictadura y sostuvieron la cifra de 30.000 desaparecidos.<\/p>\n\n\n\n<hr class=\"wp-block-separator has-alpha-channel-opacity\"\/>\n\n\n\n<h3 class=\"wp-block-heading has-text-color has-link-color wp-elements-5c6a83d3a3803fdd4d035336c07c055f\" style=\"color:#052bb6\"><em>El asesinato del capit\u00e1n Viola y su hija<\/em><\/h3>\n\n\n\n<p>El 1 de diciembre de 1974, en San Miguel de Tucum\u00e1n, el capit\u00e1n del Ej\u00e9rcito Humberto Antonio Viola fue asesinado junto a su hija Mar\u00eda Cristina en un atentado del ERP. El ataque ocurri\u00f3 cuando la familia llegaba a la casa de los padres de Viola para almorzar. Su esposa, Mar\u00eda Cristina Pic\u00f3n, embarazada de cinco meses, y su otra hija, Mar\u00eda Fernanda, de cinco a\u00f1os, tambi\u00e9n fueron v\u00edctimas del ataque. Mar\u00eda Fernanda result\u00f3 gravemente herida con un disparo en la cabeza.<\/p>\n\n\n\n<p>El ERP reconoci\u00f3 la muerte de la ni\u00f1a como <em>\u201cun exceso injustificable\u201d<\/em>. Los responsables fueron capturados y condenados a reclusi\u00f3n perpetua en 1976, aunque fueron liberados hacia finales de los a\u00f1os 80 bajo libertad condicional.<\/p>\n\n\n\n<hr class=\"wp-block-separator has-alpha-channel-opacity\"\/>\n\n\n\n<h3 class=\"wp-block-heading has-text-color has-link-color wp-elements-367df3bedf46ac5282bac15eced487b6\" style=\"color:#052bb6\"><em>Una jornada atravesada por la grieta<\/em><\/h3>\n\n\n\n<p>El 24 de marzo de 2024 dej\u00f3 en evidencia la profunda divisi\u00f3n que persiste en la sociedad argentina respecto a la memoria hist\u00f3rica. Mientras el Gobierno insiste en revisar la versi\u00f3n oficial de los hechos ocurridos en los a\u00f1os 70 y resaltar los cr\u00edmenes cometidos por organizaciones armadas, los organismos de derechos humanos y sectores opositores mantienen su postura sobre los cr\u00edmenes de la dictadura y sostienen la cifra de 30.000 desaparecidos.<\/p>\n\n\n\n<p>Con la desclasificaci\u00f3n de archivos en marcha y el debate sobre la memoria completa instalado, el pr\u00f3ximo cap\u00edtulo de esta historia parece lejos de cerrarse.<\/p>\n\n\n\n<p><\/p>\n","protected":false},"excerpt":{"rendered":"<p>El D\u00eda de la Memoria, la Verdad y la Justicia volvi\u00f3 a estar marcado por un fuerte debate en torno a la interpretaci\u00f3n de los [&hellip;]<\/p>\n","protected":false},"author":1,"featured_media":13287,"comment_status":"open","ping_status":"open","sticky":false,"template":"","format":"standard","meta":{"footnotes":""},"categories":[6],"tags":[],"class_list":["post-13286","post","type-post","status-publish","format-standard","has-post-thumbnail","hentry","category-politica"],"better_featured_image":{"id":13287,"alt_text":"","caption":"","description":"","media_type":"image","media_details":{"width":1167,"height":653,"file":"2025\/03\/24m222.png","filesize":2456382,"sizes":{"medium":{"file":"24m222-300x168.png","width":300,"height":168,"mime-type":"image\/png","filesize":141766,"source_url":"https:\/\/nuevodigitaldeescobar.com.ar\/wp-content\/uploads\/2025\/03\/24m222-300x168.png"},"large":{"file":"24m222-1024x573.png","width":1024,"height":573,"mime-type":"image\/png","filesize":1670454,"source_url":"https:\/\/nuevodigitaldeescobar.com.ar\/wp-content\/uploads\/2025\/03\/24m222-1024x573.png"},"thumbnail":{"file":"24m222-150x150.png","width":150,"height":150,"mime-type":"image\/png","filesize":63311,"source_url":"https:\/\/nuevodigitaldeescobar.com.ar\/wp-content\/uploads\/2025\/03\/24m222-150x150.png"},"medium_large":{"file":"24m222-768x430.png","width":768,"height":430,"mime-type":"image\/png","filesize":939221,"source_url":"https:\/\/nuevodigitaldeescobar.com.ar\/wp-content\/uploads\/2025\/03\/24m222-768x430.png"}},"image_meta":{"aperture":"0","credit":"","camera":"","caption":"","created_timestamp":"0","copyright":"","focal_length":"0","iso":"0","shutter_speed":"0","title":"","orientation":"0","keywords":[]}},"post":13286,"source_url":"https:\/\/nuevodigitaldeescobar.com.ar\/wp-content\/uploads\/2025\/03\/24m222.png"},"yoast_head":"<!-- This site is optimized with the Yoast SEO plugin v26.1.1 - https:\/\/yoast.com\/wordpress\/plugins\/seo\/ -->\n<title>Memoria, archivos desclasificados y la pol\u00e9mica sobre los desaparecidos: el 24 de marzo en Argentina - Nuevo Digital de Escobar<\/title>\n<meta name=\"robots\" content=\"index, follow, max-snippet:-1, max-image-preview:large, max-video-preview:-1\" \/>\n<link rel=\"canonical\" href=\"https:\/\/nuevodigitaldeescobar.com.ar\/?p=13286\" \/>\n<meta property=\"og:locale\" content=\"es_ES\" \/>\n<meta property=\"og:type\" content=\"article\" \/>\n<meta property=\"og:title\" content=\"Memoria, archivos desclasificados y la pol\u00e9mica sobre los desaparecidos: el 24 de marzo en Argentina - Nuevo Digital de Escobar\" \/>\n<meta property=\"og:description\" content=\"El D\u00eda de la Memoria, la Verdad y la Justicia volvi\u00f3 a estar marcado por un fuerte debate en torno a la interpretaci\u00f3n de los [&hellip;]\" \/>\n<meta property=\"og:url\" content=\"https:\/\/nuevodigitaldeescobar.com.ar\/?p=13286\" \/>\n<meta property=\"og:site_name\" content=\"Nuevo Digital de Escobar\" \/>\n<meta property=\"article:publisher\" content=\"https:\/\/www.facebook.com\/NUEVODigitalDeEscobar\" \/>\n<meta property=\"article:published_time\" content=\"2025-03-25T03:28:27+00:00\" \/>\n<meta property=\"article:modified_time\" content=\"2025-03-25T03:28:30+00:00\" \/>\n<meta property=\"og:image\" content=\"https:\/\/nuevodigitaldeescobar.com.ar\/wp-content\/uploads\/2025\/03\/24m222-1024x573.png\" \/>\n\t<meta property=\"og:image:width\" content=\"1024\" \/>\n\t<meta property=\"og:image:height\" content=\"573\" \/>\n\t<meta property=\"og:image:type\" content=\"image\/png\" \/>\n<meta name=\"author\" content=\"Redacci\u00f3n\" \/>\n<meta name=\"twitter:card\" content=\"summary_large_image\" \/>\n<meta name=\"twitter:creator\" content=\"@nuevodigescobar\" \/>\n<meta name=\"twitter:site\" content=\"@nuevodigescobar\" \/>\n<meta name=\"twitter:label1\" content=\"Escrito por\" \/>\n\t<meta name=\"twitter:data1\" content=\"Redacci\u00f3n\" \/>\n\t<meta name=\"twitter:label2\" content=\"Tiempo de lectura\" \/>\n\t<meta name=\"twitter:data2\" content=\"5 minutos\" \/>\n<script type=\"application\/ld+json\" class=\"yoast-schema-graph\">{\"@context\":\"https:\/\/schema.org\",\"@graph\":[{\"@type\":\"Article\",\"@id\":\"https:\/\/nuevodigitaldeescobar.com.ar\/?p=13286#article\",\"isPartOf\":{\"@id\":\"https:\/\/nuevodigitaldeescobar.com.ar\/?p=13286\"},\"author\":{\"name\":\"Redacci\u00f3n\",\"@id\":\"https:\/\/nuevodigitaldeescobar.com.ar\/#\/schema\/person\/035e90a8efe9a80e6eec22656ad6ea4c\"},\"headline\":\"Memoria, archivos desclasificados y la pol\u00e9mica sobre los desaparecidos: el 24 de marzo en Argentina\",\"datePublished\":\"2025-03-25T03:28:27+00:00\",\"dateModified\":\"2025-03-25T03:28:30+00:00\",\"mainEntityOfPage\":{\"@id\":\"https:\/\/nuevodigitaldeescobar.com.ar\/?p=13286\"},\"wordCount\":984,\"commentCount\":0,\"publisher\":{\"@id\":\"https:\/\/nuevodigitaldeescobar.com.ar\/#organization\"},\"image\":{\"@id\":\"https:\/\/nuevodigitaldeescobar.com.ar\/?p=13286#primaryimage\"},\"thumbnailUrl\":\"https:\/\/nuevodigitaldeescobar.com.ar\/wp-content\/uploads\/2025\/03\/24m222.png\",\"articleSection\":[\"Pol\u00edtica\"],\"inLanguage\":\"es\",\"potentialAction\":[{\"@type\":\"CommentAction\",\"name\":\"Comment\",\"target\":[\"https:\/\/nuevodigitaldeescobar.com.ar\/?p=13286#respond\"]}]},{\"@type\":\"WebPage\",\"@id\":\"https:\/\/nuevodigitaldeescobar.com.ar\/?p=13286\",\"url\":\"https:\/\/nuevodigitaldeescobar.com.ar\/?p=13286\",\"name\":\"Memoria, archivos desclasificados y la pol\u00e9mica sobre los desaparecidos: el 24 de marzo en Argentina - Nuevo Digital de Escobar\",\"isPartOf\":{\"@id\":\"https:\/\/nuevodigitaldeescobar.com.ar\/#website\"},\"primaryImageOfPage\":{\"@id\":\"https:\/\/nuevodigitaldeescobar.com.ar\/?p=13286#primaryimage\"},\"image\":{\"@id\":\"https:\/\/nuevodigitaldeescobar.com.ar\/?p=13286#primaryimage\"},\"thumbnailUrl\":\"https:\/\/nuevodigitaldeescobar.com.ar\/wp-content\/uploads\/2025\/03\/24m222.png\",\"datePublished\":\"2025-03-25T03:28:27+00:00\",\"dateModified\":\"2025-03-25T03:28:30+00:00\",\"breadcrumb\":{\"@id\":\"https:\/\/nuevodigitaldeescobar.com.ar\/?p=13286#breadcrumb\"},\"inLanguage\":\"es\",\"potentialAction\":[{\"@type\":\"ReadAction\",\"target\":[\"https:\/\/nuevodigitaldeescobar.com.ar\/?p=13286\"]}]},{\"@type\":\"ImageObject\",\"inLanguage\":\"es\",\"@id\":\"https:\/\/nuevodigitaldeescobar.com.ar\/?p=13286#primaryimage\",\"url\":\"https:\/\/nuevodigitaldeescobar.com.ar\/wp-content\/uploads\/2025\/03\/24m222.png\",\"contentUrl\":\"https:\/\/nuevodigitaldeescobar.com.ar\/wp-content\/uploads\/2025\/03\/24m222.png\",\"width\":1167,\"height\":653},{\"@type\":\"BreadcrumbList\",\"@id\":\"https:\/\/nuevodigitaldeescobar.com.ar\/?p=13286#breadcrumb\",\"itemListElement\":[{\"@type\":\"ListItem\",\"position\":1,\"name\":\"Portada\",\"item\":\"https:\/\/nuevodigitaldeescobar.com.ar\/\"},{\"@type\":\"ListItem\",\"position\":2,\"name\":\"Memoria, archivos desclasificados y la pol\u00e9mica sobre los desaparecidos: el 24 de marzo en Argentina\"}]},{\"@type\":\"WebSite\",\"@id\":\"https:\/\/nuevodigitaldeescobar.com.ar\/#website\",\"url\":\"https:\/\/nuevodigitaldeescobar.com.ar\/\",\"name\":\"Nuevo Digital de Escobar\",\"description\":\"La vida escobarense. Directora: Rosana Brunner\",\"publisher\":{\"@id\":\"https:\/\/nuevodigitaldeescobar.com.ar\/#organization\"},\"potentialAction\":[{\"@type\":\"SearchAction\",\"target\":{\"@type\":\"EntryPoint\",\"urlTemplate\":\"https:\/\/nuevodigitaldeescobar.com.ar\/?s={search_term_string}\"},\"query-input\":{\"@type\":\"PropertyValueSpecification\",\"valueRequired\":true,\"valueName\":\"search_term_string\"}}],\"inLanguage\":\"es\"},{\"@type\":\"Organization\",\"@id\":\"https:\/\/nuevodigitaldeescobar.com.ar\/#organization\",\"name\":\"Nuevo Digital de Escobar\",\"url\":\"https:\/\/nuevodigitaldeescobar.com.ar\/\",\"logo\":{\"@type\":\"ImageObject\",\"inLanguage\":\"es\",\"@id\":\"https:\/\/nuevodigitaldeescobar.com.ar\/#\/schema\/logo\/image\/\",\"url\":\"https:\/\/nuevodigitaldeescobar.com.ar\/wp-content\/uploads\/2025\/05\/cropped-logo-nuevo2.jpg\",\"contentUrl\":\"https:\/\/nuevodigitaldeescobar.com.ar\/wp-content\/uploads\/2025\/05\/cropped-logo-nuevo2.jpg\",\"width\":305,\"height\":305,\"caption\":\"Nuevo Digital de Escobar\"},\"image\":{\"@id\":\"https:\/\/nuevodigitaldeescobar.com.ar\/#\/schema\/logo\/image\/\"},\"sameAs\":[\"https:\/\/www.facebook.com\/NUEVODigitalDeEscobar\",\"https:\/\/x.com\/nuevodigescobar\",\"https:\/\/www.instagram.com\/nuevodigitaldeescobar\"]},{\"@type\":\"Person\",\"@id\":\"https:\/\/nuevodigitaldeescobar.com.ar\/#\/schema\/person\/035e90a8efe9a80e6eec22656ad6ea4c\",\"name\":\"Redacci\u00f3n\",\"image\":{\"@type\":\"ImageObject\",\"inLanguage\":\"es\",\"@id\":\"https:\/\/nuevodigitaldeescobar.com.ar\/#\/schema\/person\/image\/\",\"url\":\"https:\/\/secure.gravatar.com\/avatar\/8af8f40000c24e9eef3034f2be5998a372bb1389e64b1a4a36b3a7979142220d?s=96&d=mm&r=g\",\"contentUrl\":\"https:\/\/secure.gravatar.com\/avatar\/8af8f40000c24e9eef3034f2be5998a372bb1389e64b1a4a36b3a7979142220d?s=96&d=mm&r=g\",\"caption\":\"Redacci\u00f3n\"},\"sameAs\":[\"http:\/\/nuevodigitaldeescobar.com.ar\"],\"url\":\"https:\/\/nuevodigitaldeescobar.com.ar\/?author=1\"}]}<\/script>\n<!-- \/ Yoast SEO plugin. -->","yoast_head_json":{"title":"Memoria, archivos desclasificados y la pol\u00e9mica sobre los desaparecidos: el 24 de marzo en Argentina - Nuevo Digital de Escobar","robots":{"index":"index","follow":"follow","max-snippet":"max-snippet:-1","max-image-preview":"max-image-preview:large","max-video-preview":"max-video-preview:-1"},"canonical":"https:\/\/nuevodigitaldeescobar.com.ar\/?p=13286","og_locale":"es_ES","og_type":"article","og_title":"Memoria, archivos desclasificados y la pol\u00e9mica sobre los desaparecidos: el 24 de marzo en Argentina - Nuevo Digital de Escobar","og_description":"El D\u00eda de la Memoria, la Verdad y la Justicia volvi\u00f3 a estar marcado por un fuerte debate en torno a la interpretaci\u00f3n de los [&hellip;]","og_url":"https:\/\/nuevodigitaldeescobar.com.ar\/?p=13286","og_site_name":"Nuevo Digital de Escobar","article_publisher":"https:\/\/www.facebook.com\/NUEVODigitalDeEscobar","article_published_time":"2025-03-25T03:28:27+00:00","article_modified_time":"2025-03-25T03:28:30+00:00","og_image":[{"width":1024,"height":573,"url":"https:\/\/nuevodigitaldeescobar.com.ar\/wp-content\/uploads\/2025\/03\/24m222-1024x573.png","type":"image\/png"}],"author":"Redacci\u00f3n","twitter_card":"summary_large_image","twitter_creator":"@nuevodigescobar","twitter_site":"@nuevodigescobar","twitter_misc":{"Escrito por":"Redacci\u00f3n","Tiempo de lectura":"5 minutos"},"schema":{"@context":"https:\/\/schema.org","@graph":[{"@type":"Article","@id":"https:\/\/nuevodigitaldeescobar.com.ar\/?p=13286#article","isPartOf":{"@id":"https:\/\/nuevodigitaldeescobar.com.ar\/?p=13286"},"author":{"name":"Redacci\u00f3n","@id":"https:\/\/nuevodigitaldeescobar.com.ar\/#\/schema\/person\/035e90a8efe9a80e6eec22656ad6ea4c"},"headline":"Memoria, archivos desclasificados y la pol\u00e9mica sobre los desaparecidos: el 24 de marzo en Argentina","datePublished":"2025-03-25T03:28:27+00:00","dateModified":"2025-03-25T03:28:30+00:00","mainEntityOfPage":{"@id":"https:\/\/nuevodigitaldeescobar.com.ar\/?p=13286"},"wordCount":984,"commentCount":0,"publisher":{"@id":"https:\/\/nuevodigitaldeescobar.com.ar\/#organization"},"image":{"@id":"https:\/\/nuevodigitaldeescobar.com.ar\/?p=13286#primaryimage"},"thumbnailUrl":"https:\/\/nuevodigitaldeescobar.com.ar\/wp-content\/uploads\/2025\/03\/24m222.png","articleSection":["Pol\u00edtica"],"inLanguage":"es","potentialAction":[{"@type":"CommentAction","name":"Comment","target":["https:\/\/nuevodigitaldeescobar.com.ar\/?p=13286#respond"]}]},{"@type":"WebPage","@id":"https:\/\/nuevodigitaldeescobar.com.ar\/?p=13286","url":"https:\/\/nuevodigitaldeescobar.com.ar\/?p=13286","name":"Memoria, archivos desclasificados y la pol\u00e9mica sobre los desaparecidos: el 24 de marzo en Argentina - Nuevo Digital de Escobar","isPartOf":{"@id":"https:\/\/nuevodigitaldeescobar.com.ar\/#website"},"primaryImageOfPage":{"@id":"https:\/\/nuevodigitaldeescobar.com.ar\/?p=13286#primaryimage"},"image":{"@id":"https:\/\/nuevodigitaldeescobar.com.ar\/?p=13286#primaryimage"},"thumbnailUrl":"https:\/\/nuevodigitaldeescobar.com.ar\/wp-content\/uploads\/2025\/03\/24m222.png","datePublished":"2025-03-25T03:28:27+00:00","dateModified":"2025-03-25T03:28:30+00:00","breadcrumb":{"@id":"https:\/\/nuevodigitaldeescobar.com.ar\/?p=13286#breadcrumb"},"inLanguage":"es","potentialAction":[{"@type":"ReadAction","target":["https:\/\/nuevodigitaldeescobar.com.ar\/?p=13286"]}]},{"@type":"ImageObject","inLanguage":"es","@id":"https:\/\/nuevodigitaldeescobar.com.ar\/?p=13286#primaryimage","url":"https:\/\/nuevodigitaldeescobar.com.ar\/wp-content\/uploads\/2025\/03\/24m222.png","contentUrl":"https:\/\/nuevodigitaldeescobar.com.ar\/wp-content\/uploads\/2025\/03\/24m222.png","width":1167,"height":653},{"@type":"BreadcrumbList","@id":"https:\/\/nuevodigitaldeescobar.com.ar\/?p=13286#breadcrumb","itemListElement":[{"@type":"ListItem","position":1,"name":"Portada","item":"https:\/\/nuevodigitaldeescobar.com.ar\/"},{"@type":"ListItem","position":2,"name":"Memoria, archivos desclasificados y la pol\u00e9mica sobre los desaparecidos: el 24 de marzo en Argentina"}]},{"@type":"WebSite","@id":"https:\/\/nuevodigitaldeescobar.com.ar\/#website","url":"https:\/\/nuevodigitaldeescobar.com.ar\/","name":"Nuevo Digital de Escobar","description":"La vida escobarense. Directora: Rosana Brunner","publisher":{"@id":"https:\/\/nuevodigitaldeescobar.com.ar\/#organization"},"potentialAction":[{"@type":"SearchAction","target":{"@type":"EntryPoint","urlTemplate":"https:\/\/nuevodigitaldeescobar.com.ar\/?s={search_term_string}"},"query-input":{"@type":"PropertyValueSpecification","valueRequired":true,"valueName":"search_term_string"}}],"inLanguage":"es"},{"@type":"Organization","@id":"https:\/\/nuevodigitaldeescobar.com.ar\/#organization","name":"Nuevo Digital de Escobar","url":"https:\/\/nuevodigitaldeescobar.com.ar\/","logo":{"@type":"ImageObject","inLanguage":"es","@id":"https:\/\/nuevodigitaldeescobar.com.ar\/#\/schema\/logo\/image\/","url":"https:\/\/nuevodigitaldeescobar.com.ar\/wp-content\/uploads\/2025\/05\/cropped-logo-nuevo2.jpg","contentUrl":"https:\/\/nuevodigitaldeescobar.com.ar\/wp-content\/uploads\/2025\/05\/cropped-logo-nuevo2.jpg","width":305,"height":305,"caption":"Nuevo Digital de Escobar"},"image":{"@id":"https:\/\/nuevodigitaldeescobar.com.ar\/#\/schema\/logo\/image\/"},"sameAs":["https:\/\/www.facebook.com\/NUEVODigitalDeEscobar","https:\/\/x.com\/nuevodigescobar","https:\/\/www.instagram.com\/nuevodigitaldeescobar"]},{"@type":"Person","@id":"https:\/\/nuevodigitaldeescobar.com.ar\/#\/schema\/person\/035e90a8efe9a80e6eec22656ad6ea4c","name":"Redacci\u00f3n","image":{"@type":"ImageObject","inLanguage":"es","@id":"https:\/\/nuevodigitaldeescobar.com.ar\/#\/schema\/person\/image\/","url":"https:\/\/secure.gravatar.com\/avatar\/8af8f40000c24e9eef3034f2be5998a372bb1389e64b1a4a36b3a7979142220d?s=96&d=mm&r=g","contentUrl":"https:\/\/secure.gravatar.com\/avatar\/8af8f40000c24e9eef3034f2be5998a372bb1389e64b1a4a36b3a7979142220d?s=96&d=mm&r=g","caption":"Redacci\u00f3n"},"sameAs":["http:\/\/nuevodigitaldeescobar.com.ar"],"url":"https:\/\/nuevodigitaldeescobar.com.ar\/?author=1"}]}},"featured_image_urls":{"full":["https:\/\/nuevodigitaldeescobar.com.ar\/wp-content\/uploads\/2025\/03\/24m222.png",1167,653,false],"thumbnail":["https:\/\/nuevodigitaldeescobar.com.ar\/wp-content\/uploads\/2025\/03\/24m222-150x150.png",150,150,true],"medium":["https:\/\/nuevodigitaldeescobar.com.ar\/wp-content\/uploads\/2025\/03\/24m222-300x168.png",300,168,true],"medium_large":["https:\/\/nuevodigitaldeescobar.com.ar\/wp-content\/uploads\/2025\/03\/24m222-768x430.png",640,358,true],"large":["https:\/\/nuevodigitaldeescobar.com.ar\/wp-content\/uploads\/2025\/03\/24m222-1024x573.png",640,358,true],"1536x1536":["https:\/\/nuevodigitaldeescobar.com.ar\/wp-content\/uploads\/2025\/03\/24m222.png",1167,653,false],"2048x2048":["https:\/\/nuevodigitaldeescobar.com.ar\/wp-content\/uploads\/2025\/03\/24m222.png",1167,653,false]},"author_info":{"display_name":"Redacci\u00f3n","author_link":"https:\/\/nuevodigitaldeescobar.com.ar\/?author=1"},"category_info":"<a href=\"https:\/\/nuevodigitaldeescobar.com.ar\/?cat=6\" rel=\"category\">Pol\u00edtica<\/a>","tag_info":"Pol\u00edtica","comment_count":"0","_links":{"self":[{"href":"https:\/\/nuevodigitaldeescobar.com.ar\/index.php?rest_route=\/wp\/v2\/posts\/13286","targetHints":{"allow":["GET"]}}],"collection":[{"href":"https:\/\/nuevodigitaldeescobar.com.ar\/index.php?rest_route=\/wp\/v2\/posts"}],"about":[{"href":"https:\/\/nuevodigitaldeescobar.com.ar\/index.php?rest_route=\/wp\/v2\/types\/post"}],"author":[{"embeddable":true,"href":"https:\/\/nuevodigitaldeescobar.com.ar\/index.php?rest_route=\/wp\/v2\/users\/1"}],"replies":[{"embeddable":true,"href":"https:\/\/nuevodigitaldeescobar.com.ar\/index.php?rest_route=%2Fwp%2Fv2%2Fcomments&post=13286"}],"version-history":[{"count":1,"href":"https:\/\/nuevodigitaldeescobar.com.ar\/index.php?rest_route=\/wp\/v2\/posts\/13286\/revisions"}],"predecessor-version":[{"id":13289,"href":"https:\/\/nuevodigitaldeescobar.com.ar\/index.php?rest_route=\/wp\/v2\/posts\/13286\/revisions\/13289"}],"wp:featuredmedia":[{"embeddable":true,"href":"https:\/\/nuevodigitaldeescobar.com.ar\/index.php?rest_route=\/wp\/v2\/media\/13287"}],"wp:attachment":[{"href":"https:\/\/nuevodigitaldeescobar.com.ar\/index.php?rest_route=%2Fwp%2Fv2%2Fmedia&parent=13286"}],"wp:term":[{"taxonomy":"category","embeddable":true,"href":"https:\/\/nuevodigitaldeescobar.com.ar\/index.php?rest_route=%2Fwp%2Fv2%2Fcategories&post=13286"},{"taxonomy":"post_tag","embeddable":true,"href":"https:\/\/nuevodigitaldeescobar.com.ar\/index.php?rest_route=%2Fwp%2Fv2%2Ftags&post=13286"}],"curies":[{"name":"wp","href":"https:\/\/api.w.org\/{rel}","templated":true}]}}