{"id":13337,"date":"2025-03-26T13:20:28","date_gmt":"2025-03-26T16:20:28","guid":{"rendered":"https:\/\/nuevodigitaldeescobar.com.ar\/?p=13337"},"modified":"2025-03-26T15:15:44","modified_gmt":"2025-03-26T18:15:44","slug":"como-reaccionaron-los-medios-internacionales-a-la-goleada-de-argentina-a-brasil","status":"publish","type":"post","link":"https:\/\/nuevodigitaldeescobar.com.ar\/?p=13337","title":{"rendered":"C\u00f3mo reaccionaron los medios internacionales a la goleada de Argentina a Brasil"},"content":{"rendered":"\n<p>La Albiceleste\u00a0se dio un fest\u00edn ante la Canarinha en el Monumental y qued\u00f3 m\u00e1s que clasificado al Mundial de 2026 a disputarse en Estados Unidos, M\u00e9xico y Canad\u00e1. Mientras que en Argentina todo es celebraci\u00f3n y alegr\u00eda, <strong>el mundo se hizo eco de la espectacular noche de la Selecci\u00f3n frente a una Brasil que fue duramente criticada por sus medios deportivos<\/strong>.<\/p>\n<h2><strong>Las reacciones de Brasil luego de la goleada<\/strong><\/h2>\n<p>\u200bLa hist\u00f3rica derrota de Brasil por 4-1 ante Argentina en el Estadio Monumental ha generado una ola de cr\u00edticas y reflexiones en los medios brasile\u00f1os. <strong>La prensa del pa\u00eds vecino no escatim\u00f3 en calificativos para describir la actuaci\u00f3n de su selecci\u00f3n, resaltando la magnitud del rev\u00e9s sufrido<\/strong>.\u200b<\/p>\n<div class=\"inter_image image_horizontal\">\n<div>\n<span class=\"img_footer\">En Brasil arremeten contra su selecci\u00f3n luego del papel\u00f3n ante Argentina <\/span>| \n<p>El diario Lance! titul\u00f3: \u00ab<em><strong>Sin Messi, Argentina le propin\u00f3 a Brasil su peor derrota desde el 7-1<\/strong><\/em>\u00ab, en referencia a la recordada ca\u00edda ante Alemania en el Mundial 2014. El medio destac\u00f3 la \u00ab<strong><em>vergonzosa y triste actuaci\u00f3n<\/em><\/strong>\u00bb del equipo dirigido por Dorival J\u00fanior.\u00a0<\/p>\n<p>O Globo enfatiz\u00f3 la frustraci\u00f3n de los aficionados brasile\u00f1os, se\u00f1alando que \u00ab<strong><em>la selecci\u00f3n brasile\u00f1a no solo perdi\u00f3, fue dominada y humillada con los c\u00e1nticos de &#8216;ol\u00e9&#8217; retumbando en Buenos Aires<\/em><\/strong>\u00ab. Por su parte, Globo Esporte tambi\u00e9n fue contundente al afirmar: \u00ab<strong><em>Brasil es arrollado por Argentina y sufre la peor derrota ante sus rivales en 41 a\u00f1os<\/em><\/strong>\u00ab.<\/p>\n<p>El medio Meia Hora reflej\u00f3 el sentimiento de los hinchas con el titular: \u00ab<strong><em>\u00a1Qu\u00e9 verg\u00fcenza!<\/em><\/strong>\u00ab. A\u00f1adi\u00f3 que \u00ab<strong><em>es la primera vez en la historia de las eliminatorias mundialistas que la selecci\u00f3n recibe cuatro goles en un partido<\/em><\/strong>\u00ab.\u00a0<\/p>\n<p>Adem\u00e1s de las cr\u00edticas al rendimiento colectivo, jugadores espec\u00edficos tambi\u00e9n fueron objeto de se\u00f1alamientos. ZeroHora apunt\u00f3 contra Raphinha, indicando que \u00ab<strong><em>habl\u00f3 mucho y jug\u00f3 poco. Ni una sombra de sus \u00faltimas actuaciones con la selecci\u00f3n y el Barcelona<\/em><\/strong>\u00ab. Ante el adverso resultado, el capit\u00e1n de la selecci\u00f3n brasile\u00f1a, Marquinhos, pidi\u00f3 disculpas a los aficionados tras la derrota, calific\u00e1ndola de \u00ab<strong><em>vergonzosa<\/em><\/strong>\u00ab. Reconoci\u00f3 la necesidad de una mejora inmediata y asumi\u00f3 la responsabilidad junto a sus compa\u00f1eros.\u00a0<\/p>\n<p>Esta derrota ha intensificado las cr\u00edticas hacia el entrenador Dorival J\u00fanior, cuya continuidad al frente de la selecci\u00f3n est\u00e1 siendo cuestionada. La Confederaci\u00f3n Brasile\u00f1a de F\u00fatbol (CBF) est\u00e1 considerando posibles cambios en el cuerpo t\u00e9cnico.<\/p>\n<h2>\u00bfC\u00f3mo reaccionaron en Uruguay a la goleada de Argentina a Brasil?<\/h2>\n<h2><strong>\u00bfC\u00f3mo reaccionaron en Chile a la goleada de Argentina a Brasil?<\/strong><\/h2>\n<h2><strong>\u00bfC\u00f3mo reaccionaron en Colombia a la goleada de Argentina a Brasil?<\/strong><\/h2>\n<h2><strong>\u00bfC\u00f3mo reaccionaron en Europa a la goleada de Argentina a Brasil?<\/strong><\/h2>\n<h2><strong>\u00bfC\u00f3mo reaccionaron en Estados Unidos a la goleada de Argentina a Brasil?<\/strong><\/h2>\n<h2><strong>\u00bfC\u00f3mo reaccionaron en M\u00e9xico a la goleada de Argentina a Brasil?<\/strong><\/h2>\n","protected":false},"excerpt":{"rendered":"<p>La Albiceleste\u00a0se dio un fest\u00edn ante la Canarinha en el Monumental y qued\u00f3 m\u00e1s que clasificado al Mundial de 2026 a disputarse en Estados Unidos, [&hellip;]<\/p>\n","protected":false},"author":1,"featured_media":13338,"comment_status":"open","ping_status":"open","sticky":false,"template":"","format":"standard","meta":{"footnotes":""},"categories":[8],"tags":[],"class_list":["post-13337","post","type-post","status-publish","format-standard","has-post-thumbnail","hentry","category-deportes"],"better_featured_image":{"id":13338,"alt_text":"","caption":"","description":"","media_type":"image","media_details":{"width":1600,"height":1067,"file":"2025\/03\/hu-250325-deportes-qhl-argentina-v-brasil_1600_1067-8MvqYg.jpeg","filesize":150134,"sizes":{"medium":{"file":"hu-250325-deportes-qhl-argentina-v-brasil_1600_1067-8MvqYg-300x200.jpeg","width":300,"height":200,"mime-type":"image\/jpeg","filesize":19809,"source_url":"https:\/\/nuevodigitaldeescobar.com.ar\/wp-content\/uploads\/2025\/03\/hu-250325-deportes-qhl-argentina-v-brasil_1600_1067-8MvqYg-300x200.jpeg"},"large":{"file":"hu-250325-deportes-qhl-argentina-v-brasil_1600_1067-8MvqYg-1024x683.jpeg","width":1024,"height":683,"mime-type":"image\/jpeg","filesize":119401,"source_url":"https:\/\/nuevodigitaldeescobar.com.ar\/wp-content\/uploads\/2025\/03\/hu-250325-deportes-qhl-argentina-v-brasil_1600_1067-8MvqYg-1024x683.jpeg"},"thumbnail":{"file":"hu-250325-deportes-qhl-argentina-v-brasil_1600_1067-8MvqYg-150x150.jpeg","width":150,"height":150,"mime-type":"image\/jpeg","filesize":9349,"source_url":"https:\/\/nuevodigitaldeescobar.com.ar\/wp-content\/uploads\/2025\/03\/hu-250325-deportes-qhl-argentina-v-brasil_1600_1067-8MvqYg-150x150.jpeg"},"medium_large":{"file":"hu-250325-deportes-qhl-argentina-v-brasil_1600_1067-8MvqYg-768x512.jpeg","width":768,"height":512,"mime-type":"image\/jpeg","filesize":78817,"source_url":"https:\/\/nuevodigitaldeescobar.com.ar\/wp-content\/uploads\/2025\/03\/hu-250325-deportes-qhl-argentina-v-brasil_1600_1067-8MvqYg-768x512.jpeg"},"1536x1536":{"file":"hu-250325-deportes-qhl-argentina-v-brasil_1600_1067-8MvqYg-1536x1024.jpeg","width":1536,"height":1024,"mime-type":"image\/jpeg","filesize":209766,"source_url":"https:\/\/nuevodigitaldeescobar.com.ar\/wp-content\/uploads\/2025\/03\/hu-250325-deportes-qhl-argentina-v-brasil_1600_1067-8MvqYg-1536x1024.jpeg"}},"image_meta":{"aperture":"0","credit":"","camera":"","caption":"","created_timestamp":"0","copyright":"","focal_length":"0","iso":"0","shutter_speed":"0","title":"","orientation":"0","keywords":[]}},"post":13337,"source_url":"https:\/\/nuevodigitaldeescobar.com.ar\/wp-content\/uploads\/2025\/03\/hu-250325-deportes-qhl-argentina-v-brasil_1600_1067-8MvqYg.jpeg"},"yoast_head":"<!-- This site is optimized with the Yoast SEO plugin v26.1.1 - https:\/\/yoast.com\/wordpress\/plugins\/seo\/ -->\n<title>C\u00f3mo reaccionaron los medios internacionales a la goleada de Argentina a Brasil - Nuevo Digital de Escobar<\/title>\n<meta name=\"robots\" content=\"index, follow, max-snippet:-1, max-image-preview:large, max-video-preview:-1\" \/>\n<link rel=\"canonical\" href=\"https:\/\/nuevodigitaldeescobar.com.ar\/?p=13337\" \/>\n<meta property=\"og:locale\" content=\"es_ES\" \/>\n<meta property=\"og:type\" content=\"article\" \/>\n<meta property=\"og:title\" content=\"C\u00f3mo reaccionaron los medios internacionales a la goleada de Argentina a Brasil - Nuevo Digital de Escobar\" \/>\n<meta property=\"og:description\" content=\"La Albiceleste\u00a0se dio un fest\u00edn ante la Canarinha en el Monumental y qued\u00f3 m\u00e1s que clasificado al Mundial de 2026 a disputarse en Estados Unidos, [&hellip;]\" \/>\n<meta property=\"og:url\" content=\"https:\/\/nuevodigitaldeescobar.com.ar\/?p=13337\" \/>\n<meta property=\"og:site_name\" content=\"Nuevo Digital de Escobar\" \/>\n<meta property=\"article:publisher\" content=\"https:\/\/www.facebook.com\/NUEVODigitalDeEscobar\" \/>\n<meta property=\"article:published_time\" content=\"2025-03-26T16:20:28+00:00\" \/>\n<meta property=\"article:modified_time\" content=\"2025-03-26T18:15:44+00:00\" \/>\n<meta property=\"og:image\" content=\"https:\/\/nuevodigitaldeescobar.com.ar\/wp-content\/uploads\/2025\/03\/hu-250325-deportes-qhl-argentina-v-brasil_1600_1067-8MvqYg.jpeg\" \/>\n\t<meta property=\"og:image:width\" content=\"1600\" \/>\n\t<meta property=\"og:image:height\" content=\"1067\" \/>\n\t<meta property=\"og:image:type\" content=\"image\/jpeg\" \/>\n<meta name=\"author\" content=\"Redacci\u00f3n\" \/>\n<meta name=\"twitter:card\" content=\"summary_large_image\" \/>\n<meta name=\"twitter:creator\" content=\"@nuevodigescobar\" \/>\n<meta name=\"twitter:site\" content=\"@nuevodigescobar\" \/>\n<meta name=\"twitter:label1\" content=\"Escrito por\" \/>\n\t<meta name=\"twitter:data1\" content=\"Redacci\u00f3n\" \/>\n\t<meta name=\"twitter:label2\" content=\"Tiempo de lectura\" \/>\n\t<meta name=\"twitter:data2\" content=\"2 minutos\" \/>\n<script type=\"application\/ld+json\" class=\"yoast-schema-graph\">{\"@context\":\"https:\/\/schema.org\",\"@graph\":[{\"@type\":\"Article\",\"@id\":\"https:\/\/nuevodigitaldeescobar.com.ar\/?p=13337#article\",\"isPartOf\":{\"@id\":\"https:\/\/nuevodigitaldeescobar.com.ar\/?p=13337\"},\"author\":{\"name\":\"Redacci\u00f3n\",\"@id\":\"https:\/\/nuevodigitaldeescobar.com.ar\/#\/schema\/person\/035e90a8efe9a80e6eec22656ad6ea4c\"},\"headline\":\"C\u00f3mo reaccionaron los medios internacionales a la goleada de Argentina a Brasil\",\"datePublished\":\"2025-03-26T16:20:28+00:00\",\"dateModified\":\"2025-03-26T18:15:44+00:00\",\"mainEntityOfPage\":{\"@id\":\"https:\/\/nuevodigitaldeescobar.com.ar\/?p=13337\"},\"wordCount\":506,\"commentCount\":0,\"publisher\":{\"@id\":\"https:\/\/nuevodigitaldeescobar.com.ar\/#organization\"},\"image\":{\"@id\":\"https:\/\/nuevodigitaldeescobar.com.ar\/?p=13337#primaryimage\"},\"thumbnailUrl\":\"https:\/\/nuevodigitaldeescobar.com.ar\/wp-content\/uploads\/2025\/03\/hu-250325-deportes-qhl-argentina-v-brasil_1600_1067-8MvqYg.jpeg\",\"articleSection\":[\"Deportes\"],\"inLanguage\":\"es\",\"potentialAction\":[{\"@type\":\"CommentAction\",\"name\":\"Comment\",\"target\":[\"https:\/\/nuevodigitaldeescobar.com.ar\/?p=13337#respond\"]}]},{\"@type\":\"WebPage\",\"@id\":\"https:\/\/nuevodigitaldeescobar.com.ar\/?p=13337\",\"url\":\"https:\/\/nuevodigitaldeescobar.com.ar\/?p=13337\",\"name\":\"C\u00f3mo reaccionaron los medios internacionales a la goleada de Argentina a Brasil - Nuevo Digital de Escobar\",\"isPartOf\":{\"@id\":\"https:\/\/nuevodigitaldeescobar.com.ar\/#website\"},\"primaryImageOfPage\":{\"@id\":\"https:\/\/nuevodigitaldeescobar.com.ar\/?p=13337#primaryimage\"},\"image\":{\"@id\":\"https:\/\/nuevodigitaldeescobar.com.ar\/?p=13337#primaryimage\"},\"thumbnailUrl\":\"https:\/\/nuevodigitaldeescobar.com.ar\/wp-content\/uploads\/2025\/03\/hu-250325-deportes-qhl-argentina-v-brasil_1600_1067-8MvqYg.jpeg\",\"datePublished\":\"2025-03-26T16:20:28+00:00\",\"dateModified\":\"2025-03-26T18:15:44+00:00\",\"breadcrumb\":{\"@id\":\"https:\/\/nuevodigitaldeescobar.com.ar\/?p=13337#breadcrumb\"},\"inLanguage\":\"es\",\"potentialAction\":[{\"@type\":\"ReadAction\",\"target\":[\"https:\/\/nuevodigitaldeescobar.com.ar\/?p=13337\"]}]},{\"@type\":\"ImageObject\",\"inLanguage\":\"es\",\"@id\":\"https:\/\/nuevodigitaldeescobar.com.ar\/?p=13337#primaryimage\",\"url\":\"https:\/\/nuevodigitaldeescobar.com.ar\/wp-content\/uploads\/2025\/03\/hu-250325-deportes-qhl-argentina-v-brasil_1600_1067-8MvqYg.jpeg\",\"contentUrl\":\"https:\/\/nuevodigitaldeescobar.com.ar\/wp-content\/uploads\/2025\/03\/hu-250325-deportes-qhl-argentina-v-brasil_1600_1067-8MvqYg.jpeg\",\"width\":1600,\"height\":1067},{\"@type\":\"BreadcrumbList\",\"@id\":\"https:\/\/nuevodigitaldeescobar.com.ar\/?p=13337#breadcrumb\",\"itemListElement\":[{\"@type\":\"ListItem\",\"position\":1,\"name\":\"Portada\",\"item\":\"https:\/\/nuevodigitaldeescobar.com.ar\/\"},{\"@type\":\"ListItem\",\"position\":2,\"name\":\"C\u00f3mo reaccionaron los medios internacionales a la goleada de Argentina a Brasil\"}]},{\"@type\":\"WebSite\",\"@id\":\"https:\/\/nuevodigitaldeescobar.com.ar\/#website\",\"url\":\"https:\/\/nuevodigitaldeescobar.com.ar\/\",\"name\":\"Nuevo Digital de Escobar\",\"description\":\"La vida escobarense. Directora: Rosana Brunner\",\"publisher\":{\"@id\":\"https:\/\/nuevodigitaldeescobar.com.ar\/#organization\"},\"potentialAction\":[{\"@type\":\"SearchAction\",\"target\":{\"@type\":\"EntryPoint\",\"urlTemplate\":\"https:\/\/nuevodigitaldeescobar.com.ar\/?s={search_term_string}\"},\"query-input\":{\"@type\":\"PropertyValueSpecification\",\"valueRequired\":true,\"valueName\":\"search_term_string\"}}],\"inLanguage\":\"es\"},{\"@type\":\"Organization\",\"@id\":\"https:\/\/nuevodigitaldeescobar.com.ar\/#organization\",\"name\":\"Nuevo Digital de Escobar\",\"url\":\"https:\/\/nuevodigitaldeescobar.com.ar\/\",\"logo\":{\"@type\":\"ImageObject\",\"inLanguage\":\"es\",\"@id\":\"https:\/\/nuevodigitaldeescobar.com.ar\/#\/schema\/logo\/image\/\",\"url\":\"https:\/\/nuevodigitaldeescobar.com.ar\/wp-content\/uploads\/2025\/05\/cropped-logo-nuevo2.jpg\",\"contentUrl\":\"https:\/\/nuevodigitaldeescobar.com.ar\/wp-content\/uploads\/2025\/05\/cropped-logo-nuevo2.jpg\",\"width\":305,\"height\":305,\"caption\":\"Nuevo Digital de Escobar\"},\"image\":{\"@id\":\"https:\/\/nuevodigitaldeescobar.com.ar\/#\/schema\/logo\/image\/\"},\"sameAs\":[\"https:\/\/www.facebook.com\/NUEVODigitalDeEscobar\",\"https:\/\/x.com\/nuevodigescobar\",\"https:\/\/www.instagram.com\/nuevodigitaldeescobar\"]},{\"@type\":\"Person\",\"@id\":\"https:\/\/nuevodigitaldeescobar.com.ar\/#\/schema\/person\/035e90a8efe9a80e6eec22656ad6ea4c\",\"name\":\"Redacci\u00f3n\",\"image\":{\"@type\":\"ImageObject\",\"inLanguage\":\"es\",\"@id\":\"https:\/\/nuevodigitaldeescobar.com.ar\/#\/schema\/person\/image\/\",\"url\":\"https:\/\/secure.gravatar.com\/avatar\/8af8f40000c24e9eef3034f2be5998a372bb1389e64b1a4a36b3a7979142220d?s=96&d=mm&r=g\",\"contentUrl\":\"https:\/\/secure.gravatar.com\/avatar\/8af8f40000c24e9eef3034f2be5998a372bb1389e64b1a4a36b3a7979142220d?s=96&d=mm&r=g\",\"caption\":\"Redacci\u00f3n\"},\"sameAs\":[\"http:\/\/nuevodigitaldeescobar.com.ar\"],\"url\":\"https:\/\/nuevodigitaldeescobar.com.ar\/?author=1\"}]}<\/script>\n<!-- \/ Yoast SEO plugin. -->","yoast_head_json":{"title":"C\u00f3mo reaccionaron los medios internacionales a la goleada de Argentina a Brasil - Nuevo Digital de Escobar","robots":{"index":"index","follow":"follow","max-snippet":"max-snippet:-1","max-image-preview":"max-image-preview:large","max-video-preview":"max-video-preview:-1"},"canonical":"https:\/\/nuevodigitaldeescobar.com.ar\/?p=13337","og_locale":"es_ES","og_type":"article","og_title":"C\u00f3mo reaccionaron los medios internacionales a la goleada de Argentina a Brasil - Nuevo Digital de Escobar","og_description":"La Albiceleste\u00a0se dio un fest\u00edn ante la Canarinha en el Monumental y qued\u00f3 m\u00e1s que clasificado al Mundial de 2026 a disputarse en Estados Unidos, [&hellip;]","og_url":"https:\/\/nuevodigitaldeescobar.com.ar\/?p=13337","og_site_name":"Nuevo Digital de Escobar","article_publisher":"https:\/\/www.facebook.com\/NUEVODigitalDeEscobar","article_published_time":"2025-03-26T16:20:28+00:00","article_modified_time":"2025-03-26T18:15:44+00:00","og_image":[{"width":1600,"height":1067,"url":"https:\/\/nuevodigitaldeescobar.com.ar\/wp-content\/uploads\/2025\/03\/hu-250325-deportes-qhl-argentina-v-brasil_1600_1067-8MvqYg.jpeg","type":"image\/jpeg"}],"author":"Redacci\u00f3n","twitter_card":"summary_large_image","twitter_creator":"@nuevodigescobar","twitter_site":"@nuevodigescobar","twitter_misc":{"Escrito por":"Redacci\u00f3n","Tiempo de lectura":"2 minutos"},"schema":{"@context":"https:\/\/schema.org","@graph":[{"@type":"Article","@id":"https:\/\/nuevodigitaldeescobar.com.ar\/?p=13337#article","isPartOf":{"@id":"https:\/\/nuevodigitaldeescobar.com.ar\/?p=13337"},"author":{"name":"Redacci\u00f3n","@id":"https:\/\/nuevodigitaldeescobar.com.ar\/#\/schema\/person\/035e90a8efe9a80e6eec22656ad6ea4c"},"headline":"C\u00f3mo reaccionaron los medios internacionales a la goleada de Argentina a Brasil","datePublished":"2025-03-26T16:20:28+00:00","dateModified":"2025-03-26T18:15:44+00:00","mainEntityOfPage":{"@id":"https:\/\/nuevodigitaldeescobar.com.ar\/?p=13337"},"wordCount":506,"commentCount":0,"publisher":{"@id":"https:\/\/nuevodigitaldeescobar.com.ar\/#organization"},"image":{"@id":"https:\/\/nuevodigitaldeescobar.com.ar\/?p=13337#primaryimage"},"thumbnailUrl":"https:\/\/nuevodigitaldeescobar.com.ar\/wp-content\/uploads\/2025\/03\/hu-250325-deportes-qhl-argentina-v-brasil_1600_1067-8MvqYg.jpeg","articleSection":["Deportes"],"inLanguage":"es","potentialAction":[{"@type":"CommentAction","name":"Comment","target":["https:\/\/nuevodigitaldeescobar.com.ar\/?p=13337#respond"]}]},{"@type":"WebPage","@id":"https:\/\/nuevodigitaldeescobar.com.ar\/?p=13337","url":"https:\/\/nuevodigitaldeescobar.com.ar\/?p=13337","name":"C\u00f3mo reaccionaron los medios internacionales a la goleada de Argentina a Brasil - Nuevo Digital de Escobar","isPartOf":{"@id":"https:\/\/nuevodigitaldeescobar.com.ar\/#website"},"primaryImageOfPage":{"@id":"https:\/\/nuevodigitaldeescobar.com.ar\/?p=13337#primaryimage"},"image":{"@id":"https:\/\/nuevodigitaldeescobar.com.ar\/?p=13337#primaryimage"},"thumbnailUrl":"https:\/\/nuevodigitaldeescobar.com.ar\/wp-content\/uploads\/2025\/03\/hu-250325-deportes-qhl-argentina-v-brasil_1600_1067-8MvqYg.jpeg","datePublished":"2025-03-26T16:20:28+00:00","dateModified":"2025-03-26T18:15:44+00:00","breadcrumb":{"@id":"https:\/\/nuevodigitaldeescobar.com.ar\/?p=13337#breadcrumb"},"inLanguage":"es","potentialAction":[{"@type":"ReadAction","target":["https:\/\/nuevodigitaldeescobar.com.ar\/?p=13337"]}]},{"@type":"ImageObject","inLanguage":"es","@id":"https:\/\/nuevodigitaldeescobar.com.ar\/?p=13337#primaryimage","url":"https:\/\/nuevodigitaldeescobar.com.ar\/wp-content\/uploads\/2025\/03\/hu-250325-deportes-qhl-argentina-v-brasil_1600_1067-8MvqYg.jpeg","contentUrl":"https:\/\/nuevodigitaldeescobar.com.ar\/wp-content\/uploads\/2025\/03\/hu-250325-deportes-qhl-argentina-v-brasil_1600_1067-8MvqYg.jpeg","width":1600,"height":1067},{"@type":"BreadcrumbList","@id":"https:\/\/nuevodigitaldeescobar.com.ar\/?p=13337#breadcrumb","itemListElement":[{"@type":"ListItem","position":1,"name":"Portada","item":"https:\/\/nuevodigitaldeescobar.com.ar\/"},{"@type":"ListItem","position":2,"name":"C\u00f3mo reaccionaron los medios internacionales a la goleada de Argentina a Brasil"}]},{"@type":"WebSite","@id":"https:\/\/nuevodigitaldeescobar.com.ar\/#website","url":"https:\/\/nuevodigitaldeescobar.com.ar\/","name":"Nuevo Digital de Escobar","description":"La vida escobarense. Directora: Rosana Brunner","publisher":{"@id":"https:\/\/nuevodigitaldeescobar.com.ar\/#organization"},"potentialAction":[{"@type":"SearchAction","target":{"@type":"EntryPoint","urlTemplate":"https:\/\/nuevodigitaldeescobar.com.ar\/?s={search_term_string}"},"query-input":{"@type":"PropertyValueSpecification","valueRequired":true,"valueName":"search_term_string"}}],"inLanguage":"es"},{"@type":"Organization","@id":"https:\/\/nuevodigitaldeescobar.com.ar\/#organization","name":"Nuevo Digital de Escobar","url":"https:\/\/nuevodigitaldeescobar.com.ar\/","logo":{"@type":"ImageObject","inLanguage":"es","@id":"https:\/\/nuevodigitaldeescobar.com.ar\/#\/schema\/logo\/image\/","url":"https:\/\/nuevodigitaldeescobar.com.ar\/wp-content\/uploads\/2025\/05\/cropped-logo-nuevo2.jpg","contentUrl":"https:\/\/nuevodigitaldeescobar.com.ar\/wp-content\/uploads\/2025\/05\/cropped-logo-nuevo2.jpg","width":305,"height":305,"caption":"Nuevo Digital de Escobar"},"image":{"@id":"https:\/\/nuevodigitaldeescobar.com.ar\/#\/schema\/logo\/image\/"},"sameAs":["https:\/\/www.facebook.com\/NUEVODigitalDeEscobar","https:\/\/x.com\/nuevodigescobar","https:\/\/www.instagram.com\/nuevodigitaldeescobar"]},{"@type":"Person","@id":"https:\/\/nuevodigitaldeescobar.com.ar\/#\/schema\/person\/035e90a8efe9a80e6eec22656ad6ea4c","name":"Redacci\u00f3n","image":{"@type":"ImageObject","inLanguage":"es","@id":"https:\/\/nuevodigitaldeescobar.com.ar\/#\/schema\/person\/image\/","url":"https:\/\/secure.gravatar.com\/avatar\/8af8f40000c24e9eef3034f2be5998a372bb1389e64b1a4a36b3a7979142220d?s=96&d=mm&r=g","contentUrl":"https:\/\/secure.gravatar.com\/avatar\/8af8f40000c24e9eef3034f2be5998a372bb1389e64b1a4a36b3a7979142220d?s=96&d=mm&r=g","caption":"Redacci\u00f3n"},"sameAs":["http:\/\/nuevodigitaldeescobar.com.ar"],"url":"https:\/\/nuevodigitaldeescobar.com.ar\/?author=1"}]}},"featured_image_urls":{"full":["https:\/\/nuevodigitaldeescobar.com.ar\/wp-content\/uploads\/2025\/03\/hu-250325-deportes-qhl-argentina-v-brasil_1600_1067-8MvqYg.jpeg",1600,1067,false],"thumbnail":["https:\/\/nuevodigitaldeescobar.com.ar\/wp-content\/uploads\/2025\/03\/hu-250325-deportes-qhl-argentina-v-brasil_1600_1067-8MvqYg-150x150.jpeg",150,150,true],"medium":["https:\/\/nuevodigitaldeescobar.com.ar\/wp-content\/uploads\/2025\/03\/hu-250325-deportes-qhl-argentina-v-brasil_1600_1067-8MvqYg-300x200.jpeg",300,200,true],"medium_large":["https:\/\/nuevodigitaldeescobar.com.ar\/wp-content\/uploads\/2025\/03\/hu-250325-deportes-qhl-argentina-v-brasil_1600_1067-8MvqYg-768x512.jpeg",640,427,true],"large":["https:\/\/nuevodigitaldeescobar.com.ar\/wp-content\/uploads\/2025\/03\/hu-250325-deportes-qhl-argentina-v-brasil_1600_1067-8MvqYg-1024x683.jpeg",640,427,true],"1536x1536":["https:\/\/nuevodigitaldeescobar.com.ar\/wp-content\/uploads\/2025\/03\/hu-250325-deportes-qhl-argentina-v-brasil_1600_1067-8MvqYg-1536x1024.jpeg",1536,1024,true],"2048x2048":["https:\/\/nuevodigitaldeescobar.com.ar\/wp-content\/uploads\/2025\/03\/hu-250325-deportes-qhl-argentina-v-brasil_1600_1067-8MvqYg.jpeg",1600,1067,false]},"author_info":{"display_name":"Redacci\u00f3n","author_link":"https:\/\/nuevodigitaldeescobar.com.ar\/?author=1"},"category_info":"<a href=\"https:\/\/nuevodigitaldeescobar.com.ar\/?cat=8\" rel=\"category\">Deportes<\/a>","tag_info":"Deportes","comment_count":"0","_links":{"self":[{"href":"https:\/\/nuevodigitaldeescobar.com.ar\/index.php?rest_route=\/wp\/v2\/posts\/13337","targetHints":{"allow":["GET"]}}],"collection":[{"href":"https:\/\/nuevodigitaldeescobar.com.ar\/index.php?rest_route=\/wp\/v2\/posts"}],"about":[{"href":"https:\/\/nuevodigitaldeescobar.com.ar\/index.php?rest_route=\/wp\/v2\/types\/post"}],"author":[{"embeddable":true,"href":"https:\/\/nuevodigitaldeescobar.com.ar\/index.php?rest_route=\/wp\/v2\/users\/1"}],"replies":[{"embeddable":true,"href":"https:\/\/nuevodigitaldeescobar.com.ar\/index.php?rest_route=%2Fwp%2Fv2%2Fcomments&post=13337"}],"version-history":[{"count":1,"href":"https:\/\/nuevodigitaldeescobar.com.ar\/index.php?rest_route=\/wp\/v2\/posts\/13337\/revisions"}],"predecessor-version":[{"id":13339,"href":"https:\/\/nuevodigitaldeescobar.com.ar\/index.php?rest_route=\/wp\/v2\/posts\/13337\/revisions\/13339"}],"wp:featuredmedia":[{"embeddable":true,"href":"https:\/\/nuevodigitaldeescobar.com.ar\/index.php?rest_route=\/wp\/v2\/media\/13338"}],"wp:attachment":[{"href":"https:\/\/nuevodigitaldeescobar.com.ar\/index.php?rest_route=%2Fwp%2Fv2%2Fmedia&parent=13337"}],"wp:term":[{"taxonomy":"category","embeddable":true,"href":"https:\/\/nuevodigitaldeescobar.com.ar\/index.php?rest_route=%2Fwp%2Fv2%2Fcategories&post=13337"},{"taxonomy":"post_tag","embeddable":true,"href":"https:\/\/nuevodigitaldeescobar.com.ar\/index.php?rest_route=%2Fwp%2Fv2%2Ftags&post=13337"}],"curies":[{"name":"wp","href":"https:\/\/api.w.org\/{rel}","templated":true}]}}