{"id":13470,"date":"2025-03-31T02:15:00","date_gmt":"2025-03-31T05:15:00","guid":{"rendered":"https:\/\/nuevodigitaldeescobar.com.ar\/?p=13470"},"modified":"2025-03-30T22:22:53","modified_gmt":"2025-03-31T01:22:53","slug":"dulce-natural-con-nuevas-fechas-para-actuar-en-vivo","status":"publish","type":"post","link":"https:\/\/nuevodigitaldeescobar.com.ar\/?p=13470","title":{"rendered":"Dulce Natural, con nuevas fechas para actuar en vivo"},"content":{"rendered":"\n<p>El quinteto rockero originario de zona norte de Gran Buenos Aires,\u00a0<strong><em>Dulce Natural<\/em><\/strong>, estar\u00e1 publicando a la brevedad sus nuevas canciones que formar\u00e1n parte de un nuevo EP pr\u00f3ximo a editarse, sucesor de \u201c<strong><em>Marcar el Camino<\/em><\/strong>\u201d (2023). <\/p>\n\n\n\n<!--more-->\n\n\n\n<p>El s<strong><em>\u00e1bado 12 de abril, a las 21 Dulce Natural estar\u00e1 present\u00e1ndose en Museo Bar (Bol\u00edvar y La Plata, Ing. Maschwitz)<\/em><\/strong> con e<strong><em>ntrada libre y gratuita<\/em><\/strong>.<\/p>\n\n\n\n<p>Fundada el 29 de noviembre de 2001, la banda est\u00e1 actualmente integrada por&nbsp;<strong><em>Diego Carrizo<\/em><\/strong>&nbsp;en voz,&nbsp;<strong><em>Juan \u00c1lvarez<\/em><\/strong>&nbsp;en bajo,&nbsp;<strong><em>C\u00e9sar Aguilera<\/em><\/strong>&nbsp;en guitarra y coros,&nbsp;<strong><em>Santiago Biagioni<\/em><\/strong>&nbsp;en guitarra y coros, y&nbsp;<strong><em>Lucas Carrizo<\/em><\/strong>&nbsp;en bater\u00eda.<\/p>\n\n\n\n<p>La historia discogr\u00e1fica del grupo comenz\u00f3 en febrero de 2004 con su demo hom\u00f3nimo \u00ab<strong><em>Dulce natural<\/em><\/strong>\u00ab, grabada de manera casera. Al a\u00f1o siguiente, la banda dio un salto importante con el lanzamiento a nivel nacional de \u00ab<strong><em>Remar<\/em><\/strong>\u00ab, su primer CD, editado por la&nbsp;<strong><em>Uni\u00f3n de M\u00fasicos Independientes<\/em><\/strong>&nbsp;y distribuido por&nbsp;<strong><em>dada distribuci\u00f3n<\/em><\/strong>.<\/p>\n\n\n\n<p>Este primer \u00e1lbum fue acompa\u00f1ado por una extensa gira que los llev\u00f3 por Ciudad de Buenos Aires y gran parte de zona norte del conurbano bonaerense. Durante esta etapa, lanzaron su primer videoclip del tema \u201c<strong><em>Lamento tanto<\/em><\/strong>\u201d, que logr\u00f3 rotaci\u00f3n en diversos canales de m\u00fasica.<\/p>\n\n\n\n<p>El 2006 fue un a\u00f1o significativo para la banda, present\u00e1ndose en el&nbsp;<strong><em>Baradero Rock<\/em><\/strong>&nbsp;y realizando la Gira Bonaerense que los llev\u00f3 por distintos partidos de la provincia. El 2007 los encontr\u00f3 participando del&nbsp;<strong><em>Z\u00e1rate Rock<\/em><\/strong>&nbsp;y expandiendo su territorio hacia Entre R\u00edos. Ese mismo a\u00f1o, que se convirti\u00f3 en el m\u00e1s prol\u00edfico en cantidad de shows, la banda logr\u00f3 presentarse en el escenario alternativo del festival nacional&nbsp;<strong><em>Bs As Reggae<\/em><\/strong>&nbsp;y form\u00f3 parte de la&nbsp;<strong><em>Fiesta del Carajo<\/em><\/strong>.<\/p>\n\n\n\n<p>Su segunda producci\u00f3n discogr\u00e1fica, \u00ab<strong><em>Reflexiones<\/em><\/strong>\u00ab, fue grabada y mezclada entre septiembre de 2008 y febrero de 2009, con el trabajo t\u00e9cnico de Hern\u00e1n Blanco y Fernando Bucci, mientras que la producci\u00f3n art\u00edstica qued\u00f3 en manos del grupo. Este material fue editado por la&nbsp;<strong><em>UMI&nbsp;<\/em><\/strong>y distribuido por&nbsp;<strong><em>Other History Records<\/em><\/strong>.<\/p>\n\n\n\n<p>El reconocimiento lleg\u00f3 en 2010 cuando fueron galardonados como Mejor banda\/artista del a\u00f1o en los&nbsp;<strong><em>Premios de Medios Independientes<\/em><\/strong>&nbsp;organizado por la&nbsp;<strong><em>A.M.I. (Agrupaci\u00f3n de Medios Independientes)<\/em><\/strong>.<\/p>\n\n\n\n<p>2013 marc\u00f3 otro hito importante con su primera gira por la costa bonaerense y el regreso a Entre R\u00edos, manteniendo su presencia en el circuito capitalino y bonaerense. Durante ese a\u00f1o, la banda tambi\u00e9n form\u00f3 parte de los compilados \u00ab<strong><em>Mixtura Vol. VI<\/em><\/strong>\u00bb (<strong><em>Per\u00fa<\/em><\/strong>) y \u00ab<strong><em>Rompe el control Vol.1<\/em><\/strong>\u00bb (Argentina).<\/p>\n\n\n\n<p>En 2014 lleg\u00f3 su tercer disco, \u00ab<strong><em>Luz<\/em><\/strong>\u00ab, lanzado en formato f\u00edsico y digital. La grabaci\u00f3n cont\u00f3 nuevamente con Hern\u00e1n Blanco como t\u00e9cnico, Claudio Salas como Drum Dr. y el mastering de Toto Strapporava. Este \u00e1lbum fue acompa\u00f1ado por el videoclip de la canci\u00f3n \u201c<strong><em>Nadie<\/em><\/strong>\u201d, que tuvo rotaci\u00f3n en diferentes canales de m\u00fasica.<\/p>\n\n\n\n<p>El 2015 trajo un nuevo reconocimiento en los&nbsp;<strong><em>Premios de Medios Independientes<\/em><\/strong>&nbsp;de la A.M.I., esta vez en la categor\u00eda Mejor Disco por \u201cLuz\u201d.<\/p>\n\n\n\n<p>Durante la pandemia, la banda mantuvo el v\u00ednculo con su p\u00fablico realizando actividades desde sus redes sociales, compartiendo versiones ac\u00fasticas de sus canciones. En 2022, Dulce Natural retom\u00f3 la actividad presencial, participando del&nbsp;<strong><em>Festival Escobar Rock<\/em><\/strong>&nbsp;y volviendo a recorrer los escenarios rockeros.<\/p>\n\n\n\n<p>En 2023 publican \u201c<strong><em>Marcar el camino<\/em><\/strong>\u201d, su \u00faltimo EP. El tracklist del disco est\u00e1 conformado por \u201cEstrella\u201d, \u201cDarte todo\u201d, \u201cLluvia\u201d y \u201cAyer\u201d. Fue grabado y mezclado en El Cubo Estudio y se masteriz\u00f3 en estudio 3 Faders.\u00a0 \u201cEstrella\u201d, su single adelanto, se estren\u00f3 junto al m\u00e1s reciente material audiovisual de la banda. El videoclip cont\u00f3 con la direcci\u00f3n de Gaby Smiths (Lion Films).<\/p>\n\n\n\n<p><\/p>\n\n\n\n<p><strong><em>Agenda de mayo<\/em><\/strong><\/p>\n\n\n\n<p>El quinto mes del a\u00f1o lo abren con un recital en Bel\u00e9n de Escobar. Ser\u00e1 el s\u00e1bado 3 de mayo en La Kalimba.<\/p>\n","protected":false},"excerpt":{"rendered":"<p>El quinteto rockero originario de zona norte de Gran Buenos Aires,\u00a0Dulce Natural, estar\u00e1 publicando a la brevedad sus nuevas canciones que formar\u00e1n parte de un [&hellip;]<\/p>\n","protected":false},"author":1,"featured_media":13471,"comment_status":"open","ping_status":"open","sticky":false,"template":"","format":"standard","meta":{"footnotes":""},"categories":[11],"tags":[343],"class_list":["post-13470","post","type-post","status-publish","format-standard","has-post-thumbnail","hentry","category-cultura-arte-y-espectaculos","tag-dulce-natural"],"better_featured_image":{"id":13471,"alt_text":"","caption":"","description":"","media_type":"image","media_details":{"width":536,"height":544,"file":"2025\/03\/image001-e1743384158792.jpg","filesize":87196,"sizes":{"medium":{"file":"image001-e1743384158792-296x300.jpg","width":296,"height":300,"mime-type":"image\/jpeg","filesize":30909,"source_url":"https:\/\/nuevodigitaldeescobar.com.ar\/wp-content\/uploads\/2025\/03\/image001-e1743384158792-296x300.jpg"},"thumbnail":{"file":"image001-e1743384158792-150x150.jpg","width":150,"height":150,"mime-type":"image\/jpeg","filesize":9717,"source_url":"https:\/\/nuevodigitaldeescobar.com.ar\/wp-content\/uploads\/2025\/03\/image001-e1743384158792-150x150.jpg"}},"image_meta":{"aperture":"0","credit":"","camera":"","caption":"","created_timestamp":"0","copyright":"","focal_length":"0","iso":"0","shutter_speed":"0","title":"","orientation":"0","keywords":[]}},"post":13470,"source_url":"https:\/\/nuevodigitaldeescobar.com.ar\/wp-content\/uploads\/2025\/03\/image001-e1743384158792.jpg"},"yoast_head":"<!-- This site is optimized with the Yoast SEO plugin v26.1.1 - https:\/\/yoast.com\/wordpress\/plugins\/seo\/ -->\n<title>Dulce Natural, con nuevas fechas para actuar en vivo - Nuevo Digital de Escobar<\/title>\n<meta name=\"robots\" content=\"index, follow, max-snippet:-1, max-image-preview:large, max-video-preview:-1\" \/>\n<link rel=\"canonical\" href=\"https:\/\/nuevodigitaldeescobar.com.ar\/?p=13470\" \/>\n<meta property=\"og:locale\" content=\"es_ES\" \/>\n<meta property=\"og:type\" content=\"article\" \/>\n<meta property=\"og:title\" content=\"Dulce Natural, con nuevas fechas para actuar en vivo - Nuevo Digital de Escobar\" \/>\n<meta property=\"og:description\" content=\"El quinteto rockero originario de zona norte de Gran Buenos Aires,\u00a0Dulce Natural, estar\u00e1 publicando a la brevedad sus nuevas canciones que formar\u00e1n parte de un [&hellip;]\" \/>\n<meta property=\"og:url\" content=\"https:\/\/nuevodigitaldeescobar.com.ar\/?p=13470\" \/>\n<meta property=\"og:site_name\" content=\"Nuevo Digital de Escobar\" \/>\n<meta property=\"article:publisher\" content=\"https:\/\/www.facebook.com\/NUEVODigitalDeEscobar\" \/>\n<meta property=\"article:published_time\" content=\"2025-03-31T05:15:00+00:00\" \/>\n<meta property=\"og:image\" content=\"https:\/\/nuevodigitaldeescobar.com.ar\/wp-content\/uploads\/2025\/03\/image001-e1743384158792.jpg\" \/>\n\t<meta property=\"og:image:width\" content=\"536\" \/>\n\t<meta property=\"og:image:height\" content=\"544\" \/>\n\t<meta property=\"og:image:type\" content=\"image\/jpeg\" \/>\n<meta name=\"author\" content=\"Redacci\u00f3n\" \/>\n<meta name=\"twitter:card\" content=\"summary_large_image\" \/>\n<meta name=\"twitter:creator\" content=\"@nuevodigescobar\" \/>\n<meta name=\"twitter:site\" content=\"@nuevodigescobar\" \/>\n<meta name=\"twitter:label1\" content=\"Escrito por\" \/>\n\t<meta name=\"twitter:data1\" content=\"Redacci\u00f3n\" \/>\n\t<meta name=\"twitter:label2\" content=\"Tiempo de lectura\" \/>\n\t<meta name=\"twitter:data2\" content=\"3 minutos\" \/>\n<script type=\"application\/ld+json\" class=\"yoast-schema-graph\">{\"@context\":\"https:\/\/schema.org\",\"@graph\":[{\"@type\":\"Article\",\"@id\":\"https:\/\/nuevodigitaldeescobar.com.ar\/?p=13470#article\",\"isPartOf\":{\"@id\":\"https:\/\/nuevodigitaldeescobar.com.ar\/?p=13470\"},\"author\":{\"name\":\"Redacci\u00f3n\",\"@id\":\"https:\/\/nuevodigitaldeescobar.com.ar\/#\/schema\/person\/035e90a8efe9a80e6eec22656ad6ea4c\"},\"headline\":\"Dulce Natural, con nuevas fechas para actuar en vivo\",\"datePublished\":\"2025-03-31T05:15:00+00:00\",\"mainEntityOfPage\":{\"@id\":\"https:\/\/nuevodigitaldeescobar.com.ar\/?p=13470\"},\"wordCount\":689,\"commentCount\":0,\"publisher\":{\"@id\":\"https:\/\/nuevodigitaldeescobar.com.ar\/#organization\"},\"image\":{\"@id\":\"https:\/\/nuevodigitaldeescobar.com.ar\/?p=13470#primaryimage\"},\"thumbnailUrl\":\"https:\/\/nuevodigitaldeescobar.com.ar\/wp-content\/uploads\/2025\/03\/image001-e1743384158792.jpg\",\"keywords\":[\"Dulce Natural\"],\"articleSection\":[\"Cultura, Arte y Espect\u00e1culos\"],\"inLanguage\":\"es\",\"potentialAction\":[{\"@type\":\"CommentAction\",\"name\":\"Comment\",\"target\":[\"https:\/\/nuevodigitaldeescobar.com.ar\/?p=13470#respond\"]}]},{\"@type\":\"WebPage\",\"@id\":\"https:\/\/nuevodigitaldeescobar.com.ar\/?p=13470\",\"url\":\"https:\/\/nuevodigitaldeescobar.com.ar\/?p=13470\",\"name\":\"Dulce Natural, con nuevas fechas para actuar en vivo - Nuevo Digital de Escobar\",\"isPartOf\":{\"@id\":\"https:\/\/nuevodigitaldeescobar.com.ar\/#website\"},\"primaryImageOfPage\":{\"@id\":\"https:\/\/nuevodigitaldeescobar.com.ar\/?p=13470#primaryimage\"},\"image\":{\"@id\":\"https:\/\/nuevodigitaldeescobar.com.ar\/?p=13470#primaryimage\"},\"thumbnailUrl\":\"https:\/\/nuevodigitaldeescobar.com.ar\/wp-content\/uploads\/2025\/03\/image001-e1743384158792.jpg\",\"datePublished\":\"2025-03-31T05:15:00+00:00\",\"breadcrumb\":{\"@id\":\"https:\/\/nuevodigitaldeescobar.com.ar\/?p=13470#breadcrumb\"},\"inLanguage\":\"es\",\"potentialAction\":[{\"@type\":\"ReadAction\",\"target\":[\"https:\/\/nuevodigitaldeescobar.com.ar\/?p=13470\"]}]},{\"@type\":\"ImageObject\",\"inLanguage\":\"es\",\"@id\":\"https:\/\/nuevodigitaldeescobar.com.ar\/?p=13470#primaryimage\",\"url\":\"https:\/\/nuevodigitaldeescobar.com.ar\/wp-content\/uploads\/2025\/03\/image001-e1743384158792.jpg\",\"contentUrl\":\"https:\/\/nuevodigitaldeescobar.com.ar\/wp-content\/uploads\/2025\/03\/image001-e1743384158792.jpg\",\"width\":536,\"height\":544},{\"@type\":\"BreadcrumbList\",\"@id\":\"https:\/\/nuevodigitaldeescobar.com.ar\/?p=13470#breadcrumb\",\"itemListElement\":[{\"@type\":\"ListItem\",\"position\":1,\"name\":\"Portada\",\"item\":\"https:\/\/nuevodigitaldeescobar.com.ar\/\"},{\"@type\":\"ListItem\",\"position\":2,\"name\":\"Dulce Natural, con nuevas fechas para actuar en vivo\"}]},{\"@type\":\"WebSite\",\"@id\":\"https:\/\/nuevodigitaldeescobar.com.ar\/#website\",\"url\":\"https:\/\/nuevodigitaldeescobar.com.ar\/\",\"name\":\"Nuevo Digital de Escobar\",\"description\":\"La vida escobarense. Directora: Rosana Brunner\",\"publisher\":{\"@id\":\"https:\/\/nuevodigitaldeescobar.com.ar\/#organization\"},\"potentialAction\":[{\"@type\":\"SearchAction\",\"target\":{\"@type\":\"EntryPoint\",\"urlTemplate\":\"https:\/\/nuevodigitaldeescobar.com.ar\/?s={search_term_string}\"},\"query-input\":{\"@type\":\"PropertyValueSpecification\",\"valueRequired\":true,\"valueName\":\"search_term_string\"}}],\"inLanguage\":\"es\"},{\"@type\":\"Organization\",\"@id\":\"https:\/\/nuevodigitaldeescobar.com.ar\/#organization\",\"name\":\"Nuevo Digital de Escobar\",\"url\":\"https:\/\/nuevodigitaldeescobar.com.ar\/\",\"logo\":{\"@type\":\"ImageObject\",\"inLanguage\":\"es\",\"@id\":\"https:\/\/nuevodigitaldeescobar.com.ar\/#\/schema\/logo\/image\/\",\"url\":\"https:\/\/nuevodigitaldeescobar.com.ar\/wp-content\/uploads\/2025\/05\/cropped-logo-nuevo2.jpg\",\"contentUrl\":\"https:\/\/nuevodigitaldeescobar.com.ar\/wp-content\/uploads\/2025\/05\/cropped-logo-nuevo2.jpg\",\"width\":305,\"height\":305,\"caption\":\"Nuevo Digital de Escobar\"},\"image\":{\"@id\":\"https:\/\/nuevodigitaldeescobar.com.ar\/#\/schema\/logo\/image\/\"},\"sameAs\":[\"https:\/\/www.facebook.com\/NUEVODigitalDeEscobar\",\"https:\/\/x.com\/nuevodigescobar\",\"https:\/\/www.instagram.com\/nuevodigitaldeescobar\"]},{\"@type\":\"Person\",\"@id\":\"https:\/\/nuevodigitaldeescobar.com.ar\/#\/schema\/person\/035e90a8efe9a80e6eec22656ad6ea4c\",\"name\":\"Redacci\u00f3n\",\"image\":{\"@type\":\"ImageObject\",\"inLanguage\":\"es\",\"@id\":\"https:\/\/nuevodigitaldeescobar.com.ar\/#\/schema\/person\/image\/\",\"url\":\"https:\/\/secure.gravatar.com\/avatar\/8af8f40000c24e9eef3034f2be5998a372bb1389e64b1a4a36b3a7979142220d?s=96&d=mm&r=g\",\"contentUrl\":\"https:\/\/secure.gravatar.com\/avatar\/8af8f40000c24e9eef3034f2be5998a372bb1389e64b1a4a36b3a7979142220d?s=96&d=mm&r=g\",\"caption\":\"Redacci\u00f3n\"},\"sameAs\":[\"http:\/\/nuevodigitaldeescobar.com.ar\"],\"url\":\"https:\/\/nuevodigitaldeescobar.com.ar\/?author=1\"}]}<\/script>\n<!-- \/ Yoast SEO plugin. -->","yoast_head_json":{"title":"Dulce Natural, con nuevas fechas para actuar en vivo - Nuevo Digital de Escobar","robots":{"index":"index","follow":"follow","max-snippet":"max-snippet:-1","max-image-preview":"max-image-preview:large","max-video-preview":"max-video-preview:-1"},"canonical":"https:\/\/nuevodigitaldeescobar.com.ar\/?p=13470","og_locale":"es_ES","og_type":"article","og_title":"Dulce Natural, con nuevas fechas para actuar en vivo - Nuevo Digital de Escobar","og_description":"El quinteto rockero originario de zona norte de Gran Buenos Aires,\u00a0Dulce Natural, estar\u00e1 publicando a la brevedad sus nuevas canciones que formar\u00e1n parte de un [&hellip;]","og_url":"https:\/\/nuevodigitaldeescobar.com.ar\/?p=13470","og_site_name":"Nuevo Digital de Escobar","article_publisher":"https:\/\/www.facebook.com\/NUEVODigitalDeEscobar","article_published_time":"2025-03-31T05:15:00+00:00","og_image":[{"width":536,"height":544,"url":"https:\/\/nuevodigitaldeescobar.com.ar\/wp-content\/uploads\/2025\/03\/image001-e1743384158792.jpg","type":"image\/jpeg"}],"author":"Redacci\u00f3n","twitter_card":"summary_large_image","twitter_creator":"@nuevodigescobar","twitter_site":"@nuevodigescobar","twitter_misc":{"Escrito por":"Redacci\u00f3n","Tiempo de lectura":"3 minutos"},"schema":{"@context":"https:\/\/schema.org","@graph":[{"@type":"Article","@id":"https:\/\/nuevodigitaldeescobar.com.ar\/?p=13470#article","isPartOf":{"@id":"https:\/\/nuevodigitaldeescobar.com.ar\/?p=13470"},"author":{"name":"Redacci\u00f3n","@id":"https:\/\/nuevodigitaldeescobar.com.ar\/#\/schema\/person\/035e90a8efe9a80e6eec22656ad6ea4c"},"headline":"Dulce Natural, con nuevas fechas para actuar en vivo","datePublished":"2025-03-31T05:15:00+00:00","mainEntityOfPage":{"@id":"https:\/\/nuevodigitaldeescobar.com.ar\/?p=13470"},"wordCount":689,"commentCount":0,"publisher":{"@id":"https:\/\/nuevodigitaldeescobar.com.ar\/#organization"},"image":{"@id":"https:\/\/nuevodigitaldeescobar.com.ar\/?p=13470#primaryimage"},"thumbnailUrl":"https:\/\/nuevodigitaldeescobar.com.ar\/wp-content\/uploads\/2025\/03\/image001-e1743384158792.jpg","keywords":["Dulce Natural"],"articleSection":["Cultura, Arte y Espect\u00e1culos"],"inLanguage":"es","potentialAction":[{"@type":"CommentAction","name":"Comment","target":["https:\/\/nuevodigitaldeescobar.com.ar\/?p=13470#respond"]}]},{"@type":"WebPage","@id":"https:\/\/nuevodigitaldeescobar.com.ar\/?p=13470","url":"https:\/\/nuevodigitaldeescobar.com.ar\/?p=13470","name":"Dulce Natural, con nuevas fechas para actuar en vivo - Nuevo Digital de Escobar","isPartOf":{"@id":"https:\/\/nuevodigitaldeescobar.com.ar\/#website"},"primaryImageOfPage":{"@id":"https:\/\/nuevodigitaldeescobar.com.ar\/?p=13470#primaryimage"},"image":{"@id":"https:\/\/nuevodigitaldeescobar.com.ar\/?p=13470#primaryimage"},"thumbnailUrl":"https:\/\/nuevodigitaldeescobar.com.ar\/wp-content\/uploads\/2025\/03\/image001-e1743384158792.jpg","datePublished":"2025-03-31T05:15:00+00:00","breadcrumb":{"@id":"https:\/\/nuevodigitaldeescobar.com.ar\/?p=13470#breadcrumb"},"inLanguage":"es","potentialAction":[{"@type":"ReadAction","target":["https:\/\/nuevodigitaldeescobar.com.ar\/?p=13470"]}]},{"@type":"ImageObject","inLanguage":"es","@id":"https:\/\/nuevodigitaldeescobar.com.ar\/?p=13470#primaryimage","url":"https:\/\/nuevodigitaldeescobar.com.ar\/wp-content\/uploads\/2025\/03\/image001-e1743384158792.jpg","contentUrl":"https:\/\/nuevodigitaldeescobar.com.ar\/wp-content\/uploads\/2025\/03\/image001-e1743384158792.jpg","width":536,"height":544},{"@type":"BreadcrumbList","@id":"https:\/\/nuevodigitaldeescobar.com.ar\/?p=13470#breadcrumb","itemListElement":[{"@type":"ListItem","position":1,"name":"Portada","item":"https:\/\/nuevodigitaldeescobar.com.ar\/"},{"@type":"ListItem","position":2,"name":"Dulce Natural, con nuevas fechas para actuar en vivo"}]},{"@type":"WebSite","@id":"https:\/\/nuevodigitaldeescobar.com.ar\/#website","url":"https:\/\/nuevodigitaldeescobar.com.ar\/","name":"Nuevo Digital de Escobar","description":"La vida escobarense. Directora: Rosana Brunner","publisher":{"@id":"https:\/\/nuevodigitaldeescobar.com.ar\/#organization"},"potentialAction":[{"@type":"SearchAction","target":{"@type":"EntryPoint","urlTemplate":"https:\/\/nuevodigitaldeescobar.com.ar\/?s={search_term_string}"},"query-input":{"@type":"PropertyValueSpecification","valueRequired":true,"valueName":"search_term_string"}}],"inLanguage":"es"},{"@type":"Organization","@id":"https:\/\/nuevodigitaldeescobar.com.ar\/#organization","name":"Nuevo Digital de Escobar","url":"https:\/\/nuevodigitaldeescobar.com.ar\/","logo":{"@type":"ImageObject","inLanguage":"es","@id":"https:\/\/nuevodigitaldeescobar.com.ar\/#\/schema\/logo\/image\/","url":"https:\/\/nuevodigitaldeescobar.com.ar\/wp-content\/uploads\/2025\/05\/cropped-logo-nuevo2.jpg","contentUrl":"https:\/\/nuevodigitaldeescobar.com.ar\/wp-content\/uploads\/2025\/05\/cropped-logo-nuevo2.jpg","width":305,"height":305,"caption":"Nuevo Digital de Escobar"},"image":{"@id":"https:\/\/nuevodigitaldeescobar.com.ar\/#\/schema\/logo\/image\/"},"sameAs":["https:\/\/www.facebook.com\/NUEVODigitalDeEscobar","https:\/\/x.com\/nuevodigescobar","https:\/\/www.instagram.com\/nuevodigitaldeescobar"]},{"@type":"Person","@id":"https:\/\/nuevodigitaldeescobar.com.ar\/#\/schema\/person\/035e90a8efe9a80e6eec22656ad6ea4c","name":"Redacci\u00f3n","image":{"@type":"ImageObject","inLanguage":"es","@id":"https:\/\/nuevodigitaldeescobar.com.ar\/#\/schema\/person\/image\/","url":"https:\/\/secure.gravatar.com\/avatar\/8af8f40000c24e9eef3034f2be5998a372bb1389e64b1a4a36b3a7979142220d?s=96&d=mm&r=g","contentUrl":"https:\/\/secure.gravatar.com\/avatar\/8af8f40000c24e9eef3034f2be5998a372bb1389e64b1a4a36b3a7979142220d?s=96&d=mm&r=g","caption":"Redacci\u00f3n"},"sameAs":["http:\/\/nuevodigitaldeescobar.com.ar"],"url":"https:\/\/nuevodigitaldeescobar.com.ar\/?author=1"}]}},"featured_image_urls":{"full":["https:\/\/nuevodigitaldeescobar.com.ar\/wp-content\/uploads\/2025\/03\/image001-e1743384158792.jpg",536,544,false],"thumbnail":["https:\/\/nuevodigitaldeescobar.com.ar\/wp-content\/uploads\/2025\/03\/image001-e1743384158792-150x150.jpg",150,150,true],"medium":["https:\/\/nuevodigitaldeescobar.com.ar\/wp-content\/uploads\/2025\/03\/image001-e1743384158792-296x300.jpg",296,300,true],"medium_large":["https:\/\/nuevodigitaldeescobar.com.ar\/wp-content\/uploads\/2025\/03\/image001-e1743384158792.jpg",536,544,false],"large":["https:\/\/nuevodigitaldeescobar.com.ar\/wp-content\/uploads\/2025\/03\/image001-e1743384158792.jpg",536,544,false],"1536x1536":["https:\/\/nuevodigitaldeescobar.com.ar\/wp-content\/uploads\/2025\/03\/image001-e1743384158792.jpg",536,544,false],"2048x2048":["https:\/\/nuevodigitaldeescobar.com.ar\/wp-content\/uploads\/2025\/03\/image001-e1743384158792.jpg",536,544,false]},"author_info":{"display_name":"Redacci\u00f3n","author_link":"https:\/\/nuevodigitaldeescobar.com.ar\/?author=1"},"category_info":"<a href=\"https:\/\/nuevodigitaldeescobar.com.ar\/?cat=11\" rel=\"category\">Cultura, Arte y Espect\u00e1culos<\/a>","tag_info":"Cultura, Arte y Espect\u00e1culos","comment_count":"0","_links":{"self":[{"href":"https:\/\/nuevodigitaldeescobar.com.ar\/index.php?rest_route=\/wp\/v2\/posts\/13470","targetHints":{"allow":["GET"]}}],"collection":[{"href":"https:\/\/nuevodigitaldeescobar.com.ar\/index.php?rest_route=\/wp\/v2\/posts"}],"about":[{"href":"https:\/\/nuevodigitaldeescobar.com.ar\/index.php?rest_route=\/wp\/v2\/types\/post"}],"author":[{"embeddable":true,"href":"https:\/\/nuevodigitaldeescobar.com.ar\/index.php?rest_route=\/wp\/v2\/users\/1"}],"replies":[{"embeddable":true,"href":"https:\/\/nuevodigitaldeescobar.com.ar\/index.php?rest_route=%2Fwp%2Fv2%2Fcomments&post=13470"}],"version-history":[{"count":1,"href":"https:\/\/nuevodigitaldeescobar.com.ar\/index.php?rest_route=\/wp\/v2\/posts\/13470\/revisions"}],"predecessor-version":[{"id":13472,"href":"https:\/\/nuevodigitaldeescobar.com.ar\/index.php?rest_route=\/wp\/v2\/posts\/13470\/revisions\/13472"}],"wp:featuredmedia":[{"embeddable":true,"href":"https:\/\/nuevodigitaldeescobar.com.ar\/index.php?rest_route=\/wp\/v2\/media\/13471"}],"wp:attachment":[{"href":"https:\/\/nuevodigitaldeescobar.com.ar\/index.php?rest_route=%2Fwp%2Fv2%2Fmedia&parent=13470"}],"wp:term":[{"taxonomy":"category","embeddable":true,"href":"https:\/\/nuevodigitaldeescobar.com.ar\/index.php?rest_route=%2Fwp%2Fv2%2Fcategories&post=13470"},{"taxonomy":"post_tag","embeddable":true,"href":"https:\/\/nuevodigitaldeescobar.com.ar\/index.php?rest_route=%2Fwp%2Fv2%2Ftags&post=13470"}],"curies":[{"name":"wp","href":"https:\/\/api.w.org\/{rel}","templated":true}]}}