{"id":13505,"date":"2025-04-01T12:20:22","date_gmt":"2025-04-01T15:20:22","guid":{"rendered":"https:\/\/nuevodigitaldeescobar.com.ar\/?p=13505"},"modified":"2025-04-01T20:16:51","modified_gmt":"2025-04-01T23:16:51","slug":"racing-debuta-en-la-copa-libertadores-ante-fortaleza-en-brasil-hora-tv-y-formaciones","status":"publish","type":"post","link":"https:\/\/nuevodigitaldeescobar.com.ar\/?p=13505","title":{"rendered":"Racing debuta en la Copa Libertadores ante Fortaleza en Brasil: hora, TV y formaciones"},"content":{"rendered":"\n<p>Desde las <strong>21:30<\/strong>, en el Est\u00e1dio Castel\u00e3o, <strong>Racing enfrentar\u00e1 a Fortaleza por la primera jornada del Grupo E en la Copa Libertadores 2025,<\/strong>\u00a0 junto con Fortaleza, Colo-Colo y Bucaramanga.. La Academia, actual campeona de la Copa Sudamericana y la Recopa, inicia su camino en el certamen con el objetivo de completar la trilog\u00eda y conquistar el torneo m\u00e1s prestigioso del continente.<\/p>\n<p><strong>C\u00f3mo llegan Fortaleza y Racing al duelo de Libertadores<\/strong>:<\/p>\n<p><strong>El conjunto brasile\u00f1o,\u00a0dirigido\u00a0por Juan Pablo Vojvoda,\u00a0viene de vencer 2-0 a Fluminense en la primera jornada del Brasileirao<\/strong>, con goles de Juan Mart\u00edn Lucero y Tinga. Sin embargo, en el \u00e1mbito estadual, sufri\u00f3 un duro golpe tras <strong>perder la final del Campeonato Cearense ante Cear\u00e1<\/strong>, cayendo 1-0 en la ida y empatando 1-1 en la vuelta, ambos encuentros disputados en el Castel\u00e3o.<\/p>\n<div class=\"inter_image image_horizontal\">\n<div>\n<span class=\"img_footer\">Fortaleza arranc\u00f3 bien el Brasileirao <\/span>| \n<\/div>\n<\/div>\n<p>Por su parte, <strong>Racing busca mejorar su rendimiento en el Torneo Apertura, donde ha mostrado altibajos tras su consagraci\u00f3n en la Sudamericana y la Recopa<\/strong>. El equipo de Gustavo Costas llega golpeado tras una derrota 2-1 frente a Independiente Rivadavia en Mendoza y una actuaci\u00f3n discreta en el triunfo ante Uni\u00f3n.<\/p>\n<p><strong>Posibles formaciones de Fortaleza y Racing<\/strong>:<\/p>\n<p>Fortaleza:<\/p>\n<p>\tArquero:\u00a0Jo\u00e3o Ricardo\tDefensas:\u00a0Tinga, Benjamin Kuscevic, Titi y Diogo Barbosa\tMediocampistas:\u00a0Pol Fern\u00e1ndez, Emmanuel Mart\u00ednez, Lucas Sasha\tDelanteros: Yago Pikachu, Juan Mart\u00edn Lucero y Marinho\tDT: Juan Pablo Vojvoda<\/p>\n<p>Racing:<\/p>\n<p>\tArquero:\u00a0Gabriel Arias\tDefensas: Nazareno Colombo, Santiago Sosa y Marco Di Cesare\tMediocampistas:\u00a0Gast\u00f3n Martirena, Juan Nardoni, Agust\u00edn Almendra y\u00a0Gabriel Rojas\tDelanteros:\u00a0Luciano Vietto, Adri\u00e1n Mart\u00ednez y Maximiliano Salas\tDT: Gustavo Costas<a \n<p><strong>Fortaleza vs. Racing: datos del partido y d\u00f3nde verlo<\/strong><\/p>\n<p>\ud83d\udccd Hora: 21.30<br \/>\ud83d\udccd TV: Fox Sports<br \/>\ud83d\udccd \u00c1rbitro: Juan Ben\u00edtez (PAR)<br \/>\ud83d\udccd VAR: Ulises Mereles (PAR)<br \/>\ud83d\udccd Estadio: Est\u00e1dio Castel\u00e3o, Fortaleza<\/p>\n","protected":false},"excerpt":{"rendered":"<p>Desde las 21:30, en el Est\u00e1dio Castel\u00e3o, Racing enfrentar\u00e1 a Fortaleza por la primera jornada del Grupo E en la Copa Libertadores 2025,\u00a0 junto con [&hellip;]<\/p>\n","protected":false},"author":1,"featured_media":13506,"comment_status":"open","ping_status":"open","sticky":false,"template":"","format":"standard","meta":{"footnotes":""},"categories":[8],"tags":[],"class_list":["post-13505","post","type-post","status-publish","format-standard","has-post-thumbnail","hentry","category-deportes"],"better_featured_image":{"id":13506,"alt_text":"","caption":"","description":"","media_type":"image","media_details":{"width":1600,"height":1067,"file":"2025\/04\/3-3-1743517751427_1600_1067-cxJhYA.jpeg","filesize":83582,"sizes":{"medium":{"file":"3-3-1743517751427_1600_1067-cxJhYA-300x200.jpeg","width":300,"height":200,"mime-type":"image\/jpeg","filesize":12168,"source_url":"https:\/\/nuevodigitaldeescobar.com.ar\/wp-content\/uploads\/2025\/04\/3-3-1743517751427_1600_1067-cxJhYA-300x200.jpeg"},"large":{"file":"3-3-1743517751427_1600_1067-cxJhYA-1024x683.jpeg","width":1024,"height":683,"mime-type":"image\/jpeg","filesize":65309,"source_url":"https:\/\/nuevodigitaldeescobar.com.ar\/wp-content\/uploads\/2025\/04\/3-3-1743517751427_1600_1067-cxJhYA-1024x683.jpeg"},"thumbnail":{"file":"3-3-1743517751427_1600_1067-cxJhYA-150x150.jpeg","width":150,"height":150,"mime-type":"image\/jpeg","filesize":5579,"source_url":"https:\/\/nuevodigitaldeescobar.com.ar\/wp-content\/uploads\/2025\/04\/3-3-1743517751427_1600_1067-cxJhYA-150x150.jpeg"},"medium_large":{"file":"3-3-1743517751427_1600_1067-cxJhYA-768x512.jpeg","width":768,"height":512,"mime-type":"image\/jpeg","filesize":44510,"source_url":"https:\/\/nuevodigitaldeescobar.com.ar\/wp-content\/uploads\/2025\/04\/3-3-1743517751427_1600_1067-cxJhYA-768x512.jpeg"},"1536x1536":{"file":"3-3-1743517751427_1600_1067-cxJhYA-1536x1024.jpeg","width":1536,"height":1024,"mime-type":"image\/jpeg","filesize":113310,"source_url":"https:\/\/nuevodigitaldeescobar.com.ar\/wp-content\/uploads\/2025\/04\/3-3-1743517751427_1600_1067-cxJhYA-1536x1024.jpeg"}},"image_meta":{"aperture":"0","credit":"","camera":"","caption":"","created_timestamp":"0","copyright":"","focal_length":"0","iso":"0","shutter_speed":"0","title":"","orientation":"0","keywords":[]}},"post":13505,"source_url":"https:\/\/nuevodigitaldeescobar.com.ar\/wp-content\/uploads\/2025\/04\/3-3-1743517751427_1600_1067-cxJhYA.jpeg"},"yoast_head":"<!-- This site is optimized with the Yoast SEO plugin v26.1.1 - https:\/\/yoast.com\/wordpress\/plugins\/seo\/ -->\n<title>Racing debuta en la Copa Libertadores ante Fortaleza en Brasil: hora, TV y formaciones - Nuevo Digital de Escobar<\/title>\n<meta name=\"robots\" content=\"index, follow, max-snippet:-1, max-image-preview:large, max-video-preview:-1\" \/>\n<link rel=\"canonical\" href=\"https:\/\/nuevodigitaldeescobar.com.ar\/?p=13505\" \/>\n<meta property=\"og:locale\" content=\"es_ES\" \/>\n<meta property=\"og:type\" content=\"article\" \/>\n<meta property=\"og:title\" content=\"Racing debuta en la Copa Libertadores ante Fortaleza en Brasil: hora, TV y formaciones - Nuevo Digital de Escobar\" \/>\n<meta property=\"og:description\" content=\"Desde las 21:30, en el Est\u00e1dio Castel\u00e3o, Racing enfrentar\u00e1 a Fortaleza por la primera jornada del Grupo E en la Copa Libertadores 2025,\u00a0 junto con [&hellip;]\" \/>\n<meta property=\"og:url\" content=\"https:\/\/nuevodigitaldeescobar.com.ar\/?p=13505\" \/>\n<meta property=\"og:site_name\" content=\"Nuevo Digital de Escobar\" \/>\n<meta property=\"article:publisher\" content=\"https:\/\/www.facebook.com\/NUEVODigitalDeEscobar\" \/>\n<meta property=\"article:published_time\" content=\"2025-04-01T15:20:22+00:00\" \/>\n<meta property=\"article:modified_time\" content=\"2025-04-01T23:16:51+00:00\" \/>\n<meta property=\"og:image\" content=\"https:\/\/nuevodigitaldeescobar.com.ar\/wp-content\/uploads\/2025\/04\/3-3-1743517751427_1600_1067-cxJhYA.jpeg\" \/>\n\t<meta property=\"og:image:width\" content=\"1600\" \/>\n\t<meta property=\"og:image:height\" content=\"1067\" \/>\n\t<meta property=\"og:image:type\" content=\"image\/jpeg\" \/>\n<meta name=\"author\" content=\"Redacci\u00f3n\" \/>\n<meta name=\"twitter:card\" content=\"summary_large_image\" \/>\n<meta name=\"twitter:creator\" content=\"@nuevodigescobar\" \/>\n<meta name=\"twitter:site\" content=\"@nuevodigescobar\" \/>\n<meta name=\"twitter:label1\" content=\"Escrito por\" \/>\n\t<meta name=\"twitter:data1\" content=\"Redacci\u00f3n\" \/>\n\t<meta name=\"twitter:label2\" content=\"Tiempo de lectura\" \/>\n\t<meta name=\"twitter:data2\" content=\"1 minuto\" \/>\n<script type=\"application\/ld+json\" class=\"yoast-schema-graph\">{\"@context\":\"https:\/\/schema.org\",\"@graph\":[{\"@type\":\"Article\",\"@id\":\"https:\/\/nuevodigitaldeescobar.com.ar\/?p=13505#article\",\"isPartOf\":{\"@id\":\"https:\/\/nuevodigitaldeescobar.com.ar\/?p=13505\"},\"author\":{\"name\":\"Redacci\u00f3n\",\"@id\":\"https:\/\/nuevodigitaldeescobar.com.ar\/#\/schema\/person\/035e90a8efe9a80e6eec22656ad6ea4c\"},\"headline\":\"Racing debuta en la Copa Libertadores ante Fortaleza en Brasil: hora, TV y formaciones\",\"datePublished\":\"2025-04-01T15:20:22+00:00\",\"dateModified\":\"2025-04-01T23:16:51+00:00\",\"mainEntityOfPage\":{\"@id\":\"https:\/\/nuevodigitaldeescobar.com.ar\/?p=13505\"},\"wordCount\":292,\"commentCount\":0,\"publisher\":{\"@id\":\"https:\/\/nuevodigitaldeescobar.com.ar\/#organization\"},\"image\":{\"@id\":\"https:\/\/nuevodigitaldeescobar.com.ar\/?p=13505#primaryimage\"},\"thumbnailUrl\":\"https:\/\/nuevodigitaldeescobar.com.ar\/wp-content\/uploads\/2025\/04\/3-3-1743517751427_1600_1067-cxJhYA.jpeg\",\"articleSection\":[\"Deportes\"],\"inLanguage\":\"es\",\"potentialAction\":[{\"@type\":\"CommentAction\",\"name\":\"Comment\",\"target\":[\"https:\/\/nuevodigitaldeescobar.com.ar\/?p=13505#respond\"]}]},{\"@type\":\"WebPage\",\"@id\":\"https:\/\/nuevodigitaldeescobar.com.ar\/?p=13505\",\"url\":\"https:\/\/nuevodigitaldeescobar.com.ar\/?p=13505\",\"name\":\"Racing debuta en la Copa Libertadores ante Fortaleza en Brasil: hora, TV y formaciones - Nuevo Digital de Escobar\",\"isPartOf\":{\"@id\":\"https:\/\/nuevodigitaldeescobar.com.ar\/#website\"},\"primaryImageOfPage\":{\"@id\":\"https:\/\/nuevodigitaldeescobar.com.ar\/?p=13505#primaryimage\"},\"image\":{\"@id\":\"https:\/\/nuevodigitaldeescobar.com.ar\/?p=13505#primaryimage\"},\"thumbnailUrl\":\"https:\/\/nuevodigitaldeescobar.com.ar\/wp-content\/uploads\/2025\/04\/3-3-1743517751427_1600_1067-cxJhYA.jpeg\",\"datePublished\":\"2025-04-01T15:20:22+00:00\",\"dateModified\":\"2025-04-01T23:16:51+00:00\",\"breadcrumb\":{\"@id\":\"https:\/\/nuevodigitaldeescobar.com.ar\/?p=13505#breadcrumb\"},\"inLanguage\":\"es\",\"potentialAction\":[{\"@type\":\"ReadAction\",\"target\":[\"https:\/\/nuevodigitaldeescobar.com.ar\/?p=13505\"]}]},{\"@type\":\"ImageObject\",\"inLanguage\":\"es\",\"@id\":\"https:\/\/nuevodigitaldeescobar.com.ar\/?p=13505#primaryimage\",\"url\":\"https:\/\/nuevodigitaldeescobar.com.ar\/wp-content\/uploads\/2025\/04\/3-3-1743517751427_1600_1067-cxJhYA.jpeg\",\"contentUrl\":\"https:\/\/nuevodigitaldeescobar.com.ar\/wp-content\/uploads\/2025\/04\/3-3-1743517751427_1600_1067-cxJhYA.jpeg\",\"width\":1600,\"height\":1067},{\"@type\":\"BreadcrumbList\",\"@id\":\"https:\/\/nuevodigitaldeescobar.com.ar\/?p=13505#breadcrumb\",\"itemListElement\":[{\"@type\":\"ListItem\",\"position\":1,\"name\":\"Portada\",\"item\":\"https:\/\/nuevodigitaldeescobar.com.ar\/\"},{\"@type\":\"ListItem\",\"position\":2,\"name\":\"Racing debuta en la Copa Libertadores ante Fortaleza en Brasil: hora, TV y formaciones\"}]},{\"@type\":\"WebSite\",\"@id\":\"https:\/\/nuevodigitaldeescobar.com.ar\/#website\",\"url\":\"https:\/\/nuevodigitaldeescobar.com.ar\/\",\"name\":\"Nuevo Digital de Escobar\",\"description\":\"La vida escobarense. Directora: Rosana Brunner\",\"publisher\":{\"@id\":\"https:\/\/nuevodigitaldeescobar.com.ar\/#organization\"},\"potentialAction\":[{\"@type\":\"SearchAction\",\"target\":{\"@type\":\"EntryPoint\",\"urlTemplate\":\"https:\/\/nuevodigitaldeescobar.com.ar\/?s={search_term_string}\"},\"query-input\":{\"@type\":\"PropertyValueSpecification\",\"valueRequired\":true,\"valueName\":\"search_term_string\"}}],\"inLanguage\":\"es\"},{\"@type\":\"Organization\",\"@id\":\"https:\/\/nuevodigitaldeescobar.com.ar\/#organization\",\"name\":\"Nuevo Digital de Escobar\",\"url\":\"https:\/\/nuevodigitaldeescobar.com.ar\/\",\"logo\":{\"@type\":\"ImageObject\",\"inLanguage\":\"es\",\"@id\":\"https:\/\/nuevodigitaldeescobar.com.ar\/#\/schema\/logo\/image\/\",\"url\":\"https:\/\/nuevodigitaldeescobar.com.ar\/wp-content\/uploads\/2025\/05\/cropped-logo-nuevo2.jpg\",\"contentUrl\":\"https:\/\/nuevodigitaldeescobar.com.ar\/wp-content\/uploads\/2025\/05\/cropped-logo-nuevo2.jpg\",\"width\":305,\"height\":305,\"caption\":\"Nuevo Digital de Escobar\"},\"image\":{\"@id\":\"https:\/\/nuevodigitaldeescobar.com.ar\/#\/schema\/logo\/image\/\"},\"sameAs\":[\"https:\/\/www.facebook.com\/NUEVODigitalDeEscobar\",\"https:\/\/x.com\/nuevodigescobar\",\"https:\/\/www.instagram.com\/nuevodigitaldeescobar\"]},{\"@type\":\"Person\",\"@id\":\"https:\/\/nuevodigitaldeescobar.com.ar\/#\/schema\/person\/035e90a8efe9a80e6eec22656ad6ea4c\",\"name\":\"Redacci\u00f3n\",\"image\":{\"@type\":\"ImageObject\",\"inLanguage\":\"es\",\"@id\":\"https:\/\/nuevodigitaldeescobar.com.ar\/#\/schema\/person\/image\/\",\"url\":\"https:\/\/secure.gravatar.com\/avatar\/8af8f40000c24e9eef3034f2be5998a372bb1389e64b1a4a36b3a7979142220d?s=96&d=mm&r=g\",\"contentUrl\":\"https:\/\/secure.gravatar.com\/avatar\/8af8f40000c24e9eef3034f2be5998a372bb1389e64b1a4a36b3a7979142220d?s=96&d=mm&r=g\",\"caption\":\"Redacci\u00f3n\"},\"sameAs\":[\"http:\/\/nuevodigitaldeescobar.com.ar\"],\"url\":\"https:\/\/nuevodigitaldeescobar.com.ar\/?author=1\"}]}<\/script>\n<!-- \/ Yoast SEO plugin. -->","yoast_head_json":{"title":"Racing debuta en la Copa Libertadores ante Fortaleza en Brasil: hora, TV y formaciones - Nuevo Digital de Escobar","robots":{"index":"index","follow":"follow","max-snippet":"max-snippet:-1","max-image-preview":"max-image-preview:large","max-video-preview":"max-video-preview:-1"},"canonical":"https:\/\/nuevodigitaldeescobar.com.ar\/?p=13505","og_locale":"es_ES","og_type":"article","og_title":"Racing debuta en la Copa Libertadores ante Fortaleza en Brasil: hora, TV y formaciones - Nuevo Digital de Escobar","og_description":"Desde las 21:30, en el Est\u00e1dio Castel\u00e3o, Racing enfrentar\u00e1 a Fortaleza por la primera jornada del Grupo E en la Copa Libertadores 2025,\u00a0 junto con [&hellip;]","og_url":"https:\/\/nuevodigitaldeescobar.com.ar\/?p=13505","og_site_name":"Nuevo Digital de Escobar","article_publisher":"https:\/\/www.facebook.com\/NUEVODigitalDeEscobar","article_published_time":"2025-04-01T15:20:22+00:00","article_modified_time":"2025-04-01T23:16:51+00:00","og_image":[{"width":1600,"height":1067,"url":"https:\/\/nuevodigitaldeescobar.com.ar\/wp-content\/uploads\/2025\/04\/3-3-1743517751427_1600_1067-cxJhYA.jpeg","type":"image\/jpeg"}],"author":"Redacci\u00f3n","twitter_card":"summary_large_image","twitter_creator":"@nuevodigescobar","twitter_site":"@nuevodigescobar","twitter_misc":{"Escrito por":"Redacci\u00f3n","Tiempo de lectura":"1 minuto"},"schema":{"@context":"https:\/\/schema.org","@graph":[{"@type":"Article","@id":"https:\/\/nuevodigitaldeescobar.com.ar\/?p=13505#article","isPartOf":{"@id":"https:\/\/nuevodigitaldeescobar.com.ar\/?p=13505"},"author":{"name":"Redacci\u00f3n","@id":"https:\/\/nuevodigitaldeescobar.com.ar\/#\/schema\/person\/035e90a8efe9a80e6eec22656ad6ea4c"},"headline":"Racing debuta en la Copa Libertadores ante Fortaleza en Brasil: hora, TV y formaciones","datePublished":"2025-04-01T15:20:22+00:00","dateModified":"2025-04-01T23:16:51+00:00","mainEntityOfPage":{"@id":"https:\/\/nuevodigitaldeescobar.com.ar\/?p=13505"},"wordCount":292,"commentCount":0,"publisher":{"@id":"https:\/\/nuevodigitaldeescobar.com.ar\/#organization"},"image":{"@id":"https:\/\/nuevodigitaldeescobar.com.ar\/?p=13505#primaryimage"},"thumbnailUrl":"https:\/\/nuevodigitaldeescobar.com.ar\/wp-content\/uploads\/2025\/04\/3-3-1743517751427_1600_1067-cxJhYA.jpeg","articleSection":["Deportes"],"inLanguage":"es","potentialAction":[{"@type":"CommentAction","name":"Comment","target":["https:\/\/nuevodigitaldeescobar.com.ar\/?p=13505#respond"]}]},{"@type":"WebPage","@id":"https:\/\/nuevodigitaldeescobar.com.ar\/?p=13505","url":"https:\/\/nuevodigitaldeescobar.com.ar\/?p=13505","name":"Racing debuta en la Copa Libertadores ante Fortaleza en Brasil: hora, TV y formaciones - Nuevo Digital de Escobar","isPartOf":{"@id":"https:\/\/nuevodigitaldeescobar.com.ar\/#website"},"primaryImageOfPage":{"@id":"https:\/\/nuevodigitaldeescobar.com.ar\/?p=13505#primaryimage"},"image":{"@id":"https:\/\/nuevodigitaldeescobar.com.ar\/?p=13505#primaryimage"},"thumbnailUrl":"https:\/\/nuevodigitaldeescobar.com.ar\/wp-content\/uploads\/2025\/04\/3-3-1743517751427_1600_1067-cxJhYA.jpeg","datePublished":"2025-04-01T15:20:22+00:00","dateModified":"2025-04-01T23:16:51+00:00","breadcrumb":{"@id":"https:\/\/nuevodigitaldeescobar.com.ar\/?p=13505#breadcrumb"},"inLanguage":"es","potentialAction":[{"@type":"ReadAction","target":["https:\/\/nuevodigitaldeescobar.com.ar\/?p=13505"]}]},{"@type":"ImageObject","inLanguage":"es","@id":"https:\/\/nuevodigitaldeescobar.com.ar\/?p=13505#primaryimage","url":"https:\/\/nuevodigitaldeescobar.com.ar\/wp-content\/uploads\/2025\/04\/3-3-1743517751427_1600_1067-cxJhYA.jpeg","contentUrl":"https:\/\/nuevodigitaldeescobar.com.ar\/wp-content\/uploads\/2025\/04\/3-3-1743517751427_1600_1067-cxJhYA.jpeg","width":1600,"height":1067},{"@type":"BreadcrumbList","@id":"https:\/\/nuevodigitaldeescobar.com.ar\/?p=13505#breadcrumb","itemListElement":[{"@type":"ListItem","position":1,"name":"Portada","item":"https:\/\/nuevodigitaldeescobar.com.ar\/"},{"@type":"ListItem","position":2,"name":"Racing debuta en la Copa Libertadores ante Fortaleza en Brasil: hora, TV y formaciones"}]},{"@type":"WebSite","@id":"https:\/\/nuevodigitaldeescobar.com.ar\/#website","url":"https:\/\/nuevodigitaldeescobar.com.ar\/","name":"Nuevo Digital de Escobar","description":"La vida escobarense. Directora: Rosana Brunner","publisher":{"@id":"https:\/\/nuevodigitaldeescobar.com.ar\/#organization"},"potentialAction":[{"@type":"SearchAction","target":{"@type":"EntryPoint","urlTemplate":"https:\/\/nuevodigitaldeescobar.com.ar\/?s={search_term_string}"},"query-input":{"@type":"PropertyValueSpecification","valueRequired":true,"valueName":"search_term_string"}}],"inLanguage":"es"},{"@type":"Organization","@id":"https:\/\/nuevodigitaldeescobar.com.ar\/#organization","name":"Nuevo Digital de Escobar","url":"https:\/\/nuevodigitaldeescobar.com.ar\/","logo":{"@type":"ImageObject","inLanguage":"es","@id":"https:\/\/nuevodigitaldeescobar.com.ar\/#\/schema\/logo\/image\/","url":"https:\/\/nuevodigitaldeescobar.com.ar\/wp-content\/uploads\/2025\/05\/cropped-logo-nuevo2.jpg","contentUrl":"https:\/\/nuevodigitaldeescobar.com.ar\/wp-content\/uploads\/2025\/05\/cropped-logo-nuevo2.jpg","width":305,"height":305,"caption":"Nuevo Digital de Escobar"},"image":{"@id":"https:\/\/nuevodigitaldeescobar.com.ar\/#\/schema\/logo\/image\/"},"sameAs":["https:\/\/www.facebook.com\/NUEVODigitalDeEscobar","https:\/\/x.com\/nuevodigescobar","https:\/\/www.instagram.com\/nuevodigitaldeescobar"]},{"@type":"Person","@id":"https:\/\/nuevodigitaldeescobar.com.ar\/#\/schema\/person\/035e90a8efe9a80e6eec22656ad6ea4c","name":"Redacci\u00f3n","image":{"@type":"ImageObject","inLanguage":"es","@id":"https:\/\/nuevodigitaldeescobar.com.ar\/#\/schema\/person\/image\/","url":"https:\/\/secure.gravatar.com\/avatar\/8af8f40000c24e9eef3034f2be5998a372bb1389e64b1a4a36b3a7979142220d?s=96&d=mm&r=g","contentUrl":"https:\/\/secure.gravatar.com\/avatar\/8af8f40000c24e9eef3034f2be5998a372bb1389e64b1a4a36b3a7979142220d?s=96&d=mm&r=g","caption":"Redacci\u00f3n"},"sameAs":["http:\/\/nuevodigitaldeescobar.com.ar"],"url":"https:\/\/nuevodigitaldeescobar.com.ar\/?author=1"}]}},"featured_image_urls":{"full":["https:\/\/nuevodigitaldeescobar.com.ar\/wp-content\/uploads\/2025\/04\/3-3-1743517751427_1600_1067-cxJhYA.jpeg",1600,1067,false],"thumbnail":["https:\/\/nuevodigitaldeescobar.com.ar\/wp-content\/uploads\/2025\/04\/3-3-1743517751427_1600_1067-cxJhYA-150x150.jpeg",150,150,true],"medium":["https:\/\/nuevodigitaldeescobar.com.ar\/wp-content\/uploads\/2025\/04\/3-3-1743517751427_1600_1067-cxJhYA-300x200.jpeg",300,200,true],"medium_large":["https:\/\/nuevodigitaldeescobar.com.ar\/wp-content\/uploads\/2025\/04\/3-3-1743517751427_1600_1067-cxJhYA-768x512.jpeg",640,427,true],"large":["https:\/\/nuevodigitaldeescobar.com.ar\/wp-content\/uploads\/2025\/04\/3-3-1743517751427_1600_1067-cxJhYA-1024x683.jpeg",640,427,true],"1536x1536":["https:\/\/nuevodigitaldeescobar.com.ar\/wp-content\/uploads\/2025\/04\/3-3-1743517751427_1600_1067-cxJhYA-1536x1024.jpeg",1536,1024,true],"2048x2048":["https:\/\/nuevodigitaldeescobar.com.ar\/wp-content\/uploads\/2025\/04\/3-3-1743517751427_1600_1067-cxJhYA.jpeg",1600,1067,false]},"author_info":{"display_name":"Redacci\u00f3n","author_link":"https:\/\/nuevodigitaldeescobar.com.ar\/?author=1"},"category_info":"<a href=\"https:\/\/nuevodigitaldeescobar.com.ar\/?cat=8\" rel=\"category\">Deportes<\/a>","tag_info":"Deportes","comment_count":"0","_links":{"self":[{"href":"https:\/\/nuevodigitaldeescobar.com.ar\/index.php?rest_route=\/wp\/v2\/posts\/13505","targetHints":{"allow":["GET"]}}],"collection":[{"href":"https:\/\/nuevodigitaldeescobar.com.ar\/index.php?rest_route=\/wp\/v2\/posts"}],"about":[{"href":"https:\/\/nuevodigitaldeescobar.com.ar\/index.php?rest_route=\/wp\/v2\/types\/post"}],"author":[{"embeddable":true,"href":"https:\/\/nuevodigitaldeescobar.com.ar\/index.php?rest_route=\/wp\/v2\/users\/1"}],"replies":[{"embeddable":true,"href":"https:\/\/nuevodigitaldeescobar.com.ar\/index.php?rest_route=%2Fwp%2Fv2%2Fcomments&post=13505"}],"version-history":[{"count":1,"href":"https:\/\/nuevodigitaldeescobar.com.ar\/index.php?rest_route=\/wp\/v2\/posts\/13505\/revisions"}],"predecessor-version":[{"id":13514,"href":"https:\/\/nuevodigitaldeescobar.com.ar\/index.php?rest_route=\/wp\/v2\/posts\/13505\/revisions\/13514"}],"wp:featuredmedia":[{"embeddable":true,"href":"https:\/\/nuevodigitaldeescobar.com.ar\/index.php?rest_route=\/wp\/v2\/media\/13506"}],"wp:attachment":[{"href":"https:\/\/nuevodigitaldeescobar.com.ar\/index.php?rest_route=%2Fwp%2Fv2%2Fmedia&parent=13505"}],"wp:term":[{"taxonomy":"category","embeddable":true,"href":"https:\/\/nuevodigitaldeescobar.com.ar\/index.php?rest_route=%2Fwp%2Fv2%2Fcategories&post=13505"},{"taxonomy":"post_tag","embeddable":true,"href":"https:\/\/nuevodigitaldeescobar.com.ar\/index.php?rest_route=%2Fwp%2Fv2%2Ftags&post=13505"}],"curies":[{"name":"wp","href":"https:\/\/api.w.org\/{rel}","templated":true}]}}