{"id":13541,"date":"2025-04-03T09:24:32","date_gmt":"2025-04-03T12:24:32","guid":{"rendered":"https:\/\/nuevodigitaldeescobar.com.ar\/?p=13541"},"modified":"2025-04-03T09:24:34","modified_gmt":"2025-04-03T12:24:34","slug":"heroes-de-malvinas-se-anuncio-un-nuevo-viaje-de-excombatientes-a-las-islas","status":"publish","type":"post","link":"https:\/\/nuevodigitaldeescobar.com.ar\/?p=13541","title":{"rendered":"H\u00e9roes de Malvinas: se anunci\u00f3 un nuevo viaje de excombatientes a las Islas"},"content":{"rendered":"\n<p>En el D\u00eda del Veterano de Guerra y de los Ca\u00eddos en Malvinas, el intendente Ariel Sujarchuk encabez\u00f3 el acto conmemorativo en la Plaza de Los Combatientes de Bel\u00e9n de Escobar y entreg\u00f3 vouchers a cuatro veteranos escobarenses para que puedan regresar a las islas, en el marco del programa municipal \u201cNo Las Hemos de Olvidar\u201d.<\/p>\n\n\n\n<!--more-->\n\n\n\n<p>Como todos los a\u00f1os, se record\u00f3 con profundo respeto a los cuatro escobarenses ca\u00eddos en combate: Jorge Inchauspe, Rodolfo de la Colina, Orlando Dechiara y Jorge Sosa. Adem\u00e1s, el emotivo acto cont\u00f3 con la bendici\u00f3n del Padre Ariel P\u00e9rez y las sentidas palabras de Juan Carlos \u201cTano\u201d Monti, presidente de la Delegaci\u00f3n Escobar de Veteranos, quien deja el puesto que ocup\u00f3 tras 25 a\u00f1os en diversos per\u00edodos, y ser\u00e1 reemplazado a trav\u00e9s de elecciones. Tambi\u00e9n hablaron Sol Sanabria, hija de un excombatiente, y Franco Botta, integrante de la agrupaci\u00f3n Herencia Malvinas.<\/p>\n\n\n\n<p>\u201cEn Escobar est\u00e1 prohibido olvidar. Los veteranos de Escobar llevan con orgullo la lucha por volver a reinstalar lo que signific\u00f3 dar la vida por la Patria, no ceder soberan\u00eda, ni en el suelo ni en el aire, en ning\u00fan lugar del planeta. Han demostrado a lo largo del tiempo ser padres de muchas batallas y forjadores de ejemplos por no bajar las banderas. Son docentes en las escuelas yendo a malvinizar en cada aula, son buenos vecinos ayudando a cuidar este legado y son una familia que dio origen a una agrupaci\u00f3n de la que ya forman parte sus propios hijos y nietos. Pero principalmente son muy buenos argentinos. Por eso, despu\u00e9s de venir caminando juntos por ese camino, invito a toda la comunidad del partido de Escobar a continuar con el mismo tes\u00f3n, amor y respeto por la Patria, y a los m\u00e1s j\u00f3venes a encontrar en esta gesta una esperanza\u201d, expres\u00f3 Sujarchuk.<\/p>\n\n\n<div class=\"wp-block-image\">\n<figure class=\"aligncenter size-large\"><img fetchpriority=\"high\" decoding=\"async\" width=\"1024\" height=\"683\" src=\"http:\/\/nuevodigitaldeescobar.com.ar\/wp-content\/uploads\/2025\/04\/whatsapp_image_2025_04_02_at_12_45_49__1_-1024x683.jpeg\" alt=\"\" class=\"wp-image-13542\" srcset=\"https:\/\/nuevodigitaldeescobar.com.ar\/wp-content\/uploads\/2025\/04\/whatsapp_image_2025_04_02_at_12_45_49__1_-1024x683.jpeg 1024w, https:\/\/nuevodigitaldeescobar.com.ar\/wp-content\/uploads\/2025\/04\/whatsapp_image_2025_04_02_at_12_45_49__1_-300x200.jpeg 300w, https:\/\/nuevodigitaldeescobar.com.ar\/wp-content\/uploads\/2025\/04\/whatsapp_image_2025_04_02_at_12_45_49__1_-768x512.jpeg 768w, https:\/\/nuevodigitaldeescobar.com.ar\/wp-content\/uploads\/2025\/04\/whatsapp_image_2025_04_02_at_12_45_49__1_.jpeg 1032w\" sizes=\"(max-width: 1024px) 100vw, 1024px\" \/><\/figure><\/div>\n\n\n<p>El intendente tambi\u00e9n dedic\u00f3 unas palabras a Juan Carlos Monti: \u201cQuiero destacar la tarea que ha tenido al frente del Centro de Veteranos. Hoy deja su cargo, pero no la lucha, al contrario. Lo que hace es impulsar a otros a seguir en ese lugar. En estos a\u00f1os construimos una amistad que por supuesto tiene como eje la causa Malvinas, por eso nos encontrar\u00e1n juntos en esta tarea de defender siempre a nuestra soberan\u00eda\u201d.<\/p>\n\n\n<div class=\"wp-block-image\">\n<figure class=\"aligncenter size-large\"><img decoding=\"async\" width=\"1024\" height=\"683\" src=\"http:\/\/nuevodigitaldeescobar.com.ar\/wp-content\/uploads\/2025\/04\/whatsapp_image_2025_04_02_at_12_51_07-1024x683.jpeg\" alt=\"\" class=\"wp-image-13544\" srcset=\"https:\/\/nuevodigitaldeescobar.com.ar\/wp-content\/uploads\/2025\/04\/whatsapp_image_2025_04_02_at_12_51_07-1024x683.jpeg 1024w, https:\/\/nuevodigitaldeescobar.com.ar\/wp-content\/uploads\/2025\/04\/whatsapp_image_2025_04_02_at_12_51_07-300x200.jpeg 300w, https:\/\/nuevodigitaldeescobar.com.ar\/wp-content\/uploads\/2025\/04\/whatsapp_image_2025_04_02_at_12_51_07-768x512.jpeg 768w, https:\/\/nuevodigitaldeescobar.com.ar\/wp-content\/uploads\/2025\/04\/whatsapp_image_2025_04_02_at_12_51_07-1536x1024.jpeg 1536w, https:\/\/nuevodigitaldeescobar.com.ar\/wp-content\/uploads\/2025\/04\/whatsapp_image_2025_04_02_at_12_51_07.jpeg 1920w\" sizes=\"(max-width: 1024px) 100vw, 1024px\" \/><\/figure><\/div>\n\n\n<p>Como cada 2 de abril, los Veteranos de Malvinas estuvieron acompa\u00f1ados por centenares de vecinos, entre ellos estudiantes de m\u00e1s de 40 instituciones educativas de todas las localidades, desde peque\u00f1os de jardines de infantes hasta adolescentes de institutos terciarios.<\/p>\n\n\n<div class=\"wp-block-image\">\n<figure class=\"aligncenter size-large\"><img decoding=\"async\" width=\"1024\" height=\"683\" src=\"http:\/\/nuevodigitaldeescobar.com.ar\/wp-content\/uploads\/2025\/04\/whatsapp_image_2025_04_02_at_12_52_09-1024x683.jpeg\" alt=\"\" class=\"wp-image-13545\" srcset=\"https:\/\/nuevodigitaldeescobar.com.ar\/wp-content\/uploads\/2025\/04\/whatsapp_image_2025_04_02_at_12_52_09-1024x683.jpeg 1024w, https:\/\/nuevodigitaldeescobar.com.ar\/wp-content\/uploads\/2025\/04\/whatsapp_image_2025_04_02_at_12_52_09-300x200.jpeg 300w, https:\/\/nuevodigitaldeescobar.com.ar\/wp-content\/uploads\/2025\/04\/whatsapp_image_2025_04_02_at_12_52_09-768x512.jpeg 768w, https:\/\/nuevodigitaldeescobar.com.ar\/wp-content\/uploads\/2025\/04\/whatsapp_image_2025_04_02_at_12_52_09-1536x1024.jpeg 1536w, https:\/\/nuevodigitaldeescobar.com.ar\/wp-content\/uploads\/2025\/04\/whatsapp_image_2025_04_02_at_12_52_09.jpeg 1920w\" sizes=\"(max-width: 1024px) 100vw, 1024px\" \/><\/figure><\/div>\n\n\n<p>Por \u00faltimo, en el marco del programa \u201cNo las Hemos de Olvidar\u201d, financiado \u00edntegramente con fondos municipales, Sujarchuk salud\u00f3 a los excombatientes Alejandro Alberto Ceballos, Marcelo Claudio De Le\u00f3n, Jos\u00e9 Ra\u00fal Ib\u00e1\u00f1ez y Claudio Reinaldo S\u00e1nchez, quienes viajar\u00e1n a Malvinas el viernes 11 de abril y regresar\u00e1n el s\u00e1bado 19. Desde la creaci\u00f3n del programa, en 2018, ya son 16 los Veteranos locales que pudieron regresar a las Islas.<\/p>\n","protected":false},"excerpt":{"rendered":"<p>En el D\u00eda del Veterano de Guerra y de los Ca\u00eddos en Malvinas, el intendente Ariel Sujarchuk encabez\u00f3 el acto conmemorativo en la Plaza de [&hellip;]<\/p>\n","protected":false},"author":1,"featured_media":13543,"comment_status":"open","ping_status":"open","sticky":false,"template":"","format":"standard","meta":{"footnotes":""},"categories":[7],"tags":[373,374],"class_list":["post-13541","post","type-post","status-publish","format-standard","has-post-thumbnail","hentry","category-interes-general","tag-malvinas","tag-veteranos-de-guerra"],"better_featured_image":{"id":13543,"alt_text":"","caption":"","description":"","media_type":"image","media_details":{"width":1280,"height":853,"file":"2025\/04\/whatsapp_image_2025_04_02_at_12_45_50__1_.jpeg","filesize":185268,"sizes":{"medium":{"file":"whatsapp_image_2025_04_02_at_12_45_50__1_-300x200.jpeg","width":300,"height":200,"mime-type":"image\/jpeg","filesize":14087,"source_url":"https:\/\/nuevodigitaldeescobar.com.ar\/wp-content\/uploads\/2025\/04\/whatsapp_image_2025_04_02_at_12_45_50__1_-300x200.jpeg"},"large":{"file":"whatsapp_image_2025_04_02_at_12_45_50__1_-1024x682.jpeg","width":1024,"height":682,"mime-type":"image\/jpeg","filesize":137202,"source_url":"https:\/\/nuevodigitaldeescobar.com.ar\/wp-content\/uploads\/2025\/04\/whatsapp_image_2025_04_02_at_12_45_50__1_-1024x682.jpeg"},"thumbnail":{"file":"whatsapp_image_2025_04_02_at_12_45_50__1_-150x150.jpeg","width":150,"height":150,"mime-type":"image\/jpeg","filesize":5504,"source_url":"https:\/\/nuevodigitaldeescobar.com.ar\/wp-content\/uploads\/2025\/04\/whatsapp_image_2025_04_02_at_12_45_50__1_-150x150.jpeg"},"medium_large":{"file":"whatsapp_image_2025_04_02_at_12_45_50__1_-768x512.jpeg","width":768,"height":512,"mime-type":"image\/jpeg","filesize":80667,"source_url":"https:\/\/nuevodigitaldeescobar.com.ar\/wp-content\/uploads\/2025\/04\/whatsapp_image_2025_04_02_at_12_45_50__1_-768x512.jpeg"}},"image_meta":{"aperture":"0","credit":"","camera":"","caption":"","created_timestamp":"0","copyright":"","focal_length":"0","iso":"0","shutter_speed":"0","title":"","orientation":"0","keywords":[]}},"post":13541,"source_url":"https:\/\/nuevodigitaldeescobar.com.ar\/wp-content\/uploads\/2025\/04\/whatsapp_image_2025_04_02_at_12_45_50__1_.jpeg"},"yoast_head":"<!-- This site is optimized with the Yoast SEO plugin v26.1.1 - https:\/\/yoast.com\/wordpress\/plugins\/seo\/ -->\n<title>H\u00e9roes de Malvinas: se anunci\u00f3 un nuevo viaje de excombatientes a las Islas - Nuevo Digital de Escobar<\/title>\n<meta name=\"robots\" content=\"index, follow, max-snippet:-1, max-image-preview:large, max-video-preview:-1\" \/>\n<link rel=\"canonical\" href=\"https:\/\/nuevodigitaldeescobar.com.ar\/?p=13541\" \/>\n<meta property=\"og:locale\" content=\"es_ES\" \/>\n<meta property=\"og:type\" content=\"article\" \/>\n<meta property=\"og:title\" content=\"H\u00e9roes de Malvinas: se anunci\u00f3 un nuevo viaje de excombatientes a las Islas - Nuevo Digital de Escobar\" \/>\n<meta property=\"og:description\" content=\"En el D\u00eda del Veterano de Guerra y de los Ca\u00eddos en Malvinas, el intendente Ariel Sujarchuk encabez\u00f3 el acto conmemorativo en la Plaza de [&hellip;]\" \/>\n<meta property=\"og:url\" content=\"https:\/\/nuevodigitaldeescobar.com.ar\/?p=13541\" \/>\n<meta property=\"og:site_name\" content=\"Nuevo Digital de Escobar\" \/>\n<meta property=\"article:publisher\" content=\"https:\/\/www.facebook.com\/NUEVODigitalDeEscobar\" \/>\n<meta property=\"article:published_time\" content=\"2025-04-03T12:24:32+00:00\" \/>\n<meta property=\"article:modified_time\" content=\"2025-04-03T12:24:34+00:00\" \/>\n<meta property=\"og:image\" content=\"https:\/\/nuevodigitaldeescobar.com.ar\/wp-content\/uploads\/2025\/04\/whatsapp_image_2025_04_02_at_12_45_50__1_.jpeg\" \/>\n\t<meta property=\"og:image:width\" content=\"1280\" \/>\n\t<meta property=\"og:image:height\" content=\"853\" \/>\n\t<meta property=\"og:image:type\" content=\"image\/jpeg\" \/>\n<meta name=\"author\" content=\"Redacci\u00f3n\" \/>\n<meta name=\"twitter:card\" content=\"summary_large_image\" \/>\n<meta name=\"twitter:creator\" content=\"@nuevodigescobar\" \/>\n<meta name=\"twitter:site\" content=\"@nuevodigescobar\" \/>\n<meta name=\"twitter:label1\" content=\"Escrito por\" \/>\n\t<meta name=\"twitter:data1\" content=\"Redacci\u00f3n\" \/>\n\t<meta name=\"twitter:label2\" content=\"Tiempo de lectura\" \/>\n\t<meta name=\"twitter:data2\" content=\"3 minutos\" \/>\n<script type=\"application\/ld+json\" class=\"yoast-schema-graph\">{\"@context\":\"https:\/\/schema.org\",\"@graph\":[{\"@type\":\"Article\",\"@id\":\"https:\/\/nuevodigitaldeescobar.com.ar\/?p=13541#article\",\"isPartOf\":{\"@id\":\"https:\/\/nuevodigitaldeescobar.com.ar\/?p=13541\"},\"author\":{\"name\":\"Redacci\u00f3n\",\"@id\":\"https:\/\/nuevodigitaldeescobar.com.ar\/#\/schema\/person\/035e90a8efe9a80e6eec22656ad6ea4c\"},\"headline\":\"H\u00e9roes de Malvinas: se anunci\u00f3 un nuevo viaje de excombatientes a las Islas\",\"datePublished\":\"2025-04-03T12:24:32+00:00\",\"dateModified\":\"2025-04-03T12:24:34+00:00\",\"mainEntityOfPage\":{\"@id\":\"https:\/\/nuevodigitaldeescobar.com.ar\/?p=13541\"},\"wordCount\":527,\"commentCount\":0,\"publisher\":{\"@id\":\"https:\/\/nuevodigitaldeescobar.com.ar\/#organization\"},\"image\":{\"@id\":\"https:\/\/nuevodigitaldeescobar.com.ar\/?p=13541#primaryimage\"},\"thumbnailUrl\":\"https:\/\/nuevodigitaldeescobar.com.ar\/wp-content\/uploads\/2025\/04\/whatsapp_image_2025_04_02_at_12_45_50__1_.jpeg\",\"keywords\":[\"Malvinas\",\"Veteranos de Guerra\"],\"articleSection\":[\"Inter\u00e9s general\"],\"inLanguage\":\"es\",\"potentialAction\":[{\"@type\":\"CommentAction\",\"name\":\"Comment\",\"target\":[\"https:\/\/nuevodigitaldeescobar.com.ar\/?p=13541#respond\"]}]},{\"@type\":\"WebPage\",\"@id\":\"https:\/\/nuevodigitaldeescobar.com.ar\/?p=13541\",\"url\":\"https:\/\/nuevodigitaldeescobar.com.ar\/?p=13541\",\"name\":\"H\u00e9roes de Malvinas: se anunci\u00f3 un nuevo viaje de excombatientes a las Islas - Nuevo Digital de Escobar\",\"isPartOf\":{\"@id\":\"https:\/\/nuevodigitaldeescobar.com.ar\/#website\"},\"primaryImageOfPage\":{\"@id\":\"https:\/\/nuevodigitaldeescobar.com.ar\/?p=13541#primaryimage\"},\"image\":{\"@id\":\"https:\/\/nuevodigitaldeescobar.com.ar\/?p=13541#primaryimage\"},\"thumbnailUrl\":\"https:\/\/nuevodigitaldeescobar.com.ar\/wp-content\/uploads\/2025\/04\/whatsapp_image_2025_04_02_at_12_45_50__1_.jpeg\",\"datePublished\":\"2025-04-03T12:24:32+00:00\",\"dateModified\":\"2025-04-03T12:24:34+00:00\",\"breadcrumb\":{\"@id\":\"https:\/\/nuevodigitaldeescobar.com.ar\/?p=13541#breadcrumb\"},\"inLanguage\":\"es\",\"potentialAction\":[{\"@type\":\"ReadAction\",\"target\":[\"https:\/\/nuevodigitaldeescobar.com.ar\/?p=13541\"]}]},{\"@type\":\"ImageObject\",\"inLanguage\":\"es\",\"@id\":\"https:\/\/nuevodigitaldeescobar.com.ar\/?p=13541#primaryimage\",\"url\":\"https:\/\/nuevodigitaldeescobar.com.ar\/wp-content\/uploads\/2025\/04\/whatsapp_image_2025_04_02_at_12_45_50__1_.jpeg\",\"contentUrl\":\"https:\/\/nuevodigitaldeescobar.com.ar\/wp-content\/uploads\/2025\/04\/whatsapp_image_2025_04_02_at_12_45_50__1_.jpeg\",\"width\":1280,\"height\":853},{\"@type\":\"BreadcrumbList\",\"@id\":\"https:\/\/nuevodigitaldeescobar.com.ar\/?p=13541#breadcrumb\",\"itemListElement\":[{\"@type\":\"ListItem\",\"position\":1,\"name\":\"Portada\",\"item\":\"https:\/\/nuevodigitaldeescobar.com.ar\/\"},{\"@type\":\"ListItem\",\"position\":2,\"name\":\"H\u00e9roes de Malvinas: se anunci\u00f3 un nuevo viaje de excombatientes a las Islas\"}]},{\"@type\":\"WebSite\",\"@id\":\"https:\/\/nuevodigitaldeescobar.com.ar\/#website\",\"url\":\"https:\/\/nuevodigitaldeescobar.com.ar\/\",\"name\":\"Nuevo Digital de Escobar\",\"description\":\"La vida escobarense. Directora: Rosana Brunner\",\"publisher\":{\"@id\":\"https:\/\/nuevodigitaldeescobar.com.ar\/#organization\"},\"potentialAction\":[{\"@type\":\"SearchAction\",\"target\":{\"@type\":\"EntryPoint\",\"urlTemplate\":\"https:\/\/nuevodigitaldeescobar.com.ar\/?s={search_term_string}\"},\"query-input\":{\"@type\":\"PropertyValueSpecification\",\"valueRequired\":true,\"valueName\":\"search_term_string\"}}],\"inLanguage\":\"es\"},{\"@type\":\"Organization\",\"@id\":\"https:\/\/nuevodigitaldeescobar.com.ar\/#organization\",\"name\":\"Nuevo Digital de Escobar\",\"url\":\"https:\/\/nuevodigitaldeescobar.com.ar\/\",\"logo\":{\"@type\":\"ImageObject\",\"inLanguage\":\"es\",\"@id\":\"https:\/\/nuevodigitaldeescobar.com.ar\/#\/schema\/logo\/image\/\",\"url\":\"https:\/\/nuevodigitaldeescobar.com.ar\/wp-content\/uploads\/2025\/05\/cropped-logo-nuevo2.jpg\",\"contentUrl\":\"https:\/\/nuevodigitaldeescobar.com.ar\/wp-content\/uploads\/2025\/05\/cropped-logo-nuevo2.jpg\",\"width\":305,\"height\":305,\"caption\":\"Nuevo Digital de Escobar\"},\"image\":{\"@id\":\"https:\/\/nuevodigitaldeescobar.com.ar\/#\/schema\/logo\/image\/\"},\"sameAs\":[\"https:\/\/www.facebook.com\/NUEVODigitalDeEscobar\",\"https:\/\/x.com\/nuevodigescobar\",\"https:\/\/www.instagram.com\/nuevodigitaldeescobar\"]},{\"@type\":\"Person\",\"@id\":\"https:\/\/nuevodigitaldeescobar.com.ar\/#\/schema\/person\/035e90a8efe9a80e6eec22656ad6ea4c\",\"name\":\"Redacci\u00f3n\",\"image\":{\"@type\":\"ImageObject\",\"inLanguage\":\"es\",\"@id\":\"https:\/\/nuevodigitaldeescobar.com.ar\/#\/schema\/person\/image\/\",\"url\":\"https:\/\/secure.gravatar.com\/avatar\/8af8f40000c24e9eef3034f2be5998a372bb1389e64b1a4a36b3a7979142220d?s=96&d=mm&r=g\",\"contentUrl\":\"https:\/\/secure.gravatar.com\/avatar\/8af8f40000c24e9eef3034f2be5998a372bb1389e64b1a4a36b3a7979142220d?s=96&d=mm&r=g\",\"caption\":\"Redacci\u00f3n\"},\"sameAs\":[\"http:\/\/nuevodigitaldeescobar.com.ar\"],\"url\":\"https:\/\/nuevodigitaldeescobar.com.ar\/?author=1\"}]}<\/script>\n<!-- \/ Yoast SEO plugin. -->","yoast_head_json":{"title":"H\u00e9roes de Malvinas: se anunci\u00f3 un nuevo viaje de excombatientes a las Islas - Nuevo Digital de Escobar","robots":{"index":"index","follow":"follow","max-snippet":"max-snippet:-1","max-image-preview":"max-image-preview:large","max-video-preview":"max-video-preview:-1"},"canonical":"https:\/\/nuevodigitaldeescobar.com.ar\/?p=13541","og_locale":"es_ES","og_type":"article","og_title":"H\u00e9roes de Malvinas: se anunci\u00f3 un nuevo viaje de excombatientes a las Islas - Nuevo Digital de Escobar","og_description":"En el D\u00eda del Veterano de Guerra y de los Ca\u00eddos en Malvinas, el intendente Ariel Sujarchuk encabez\u00f3 el acto conmemorativo en la Plaza de [&hellip;]","og_url":"https:\/\/nuevodigitaldeescobar.com.ar\/?p=13541","og_site_name":"Nuevo Digital de Escobar","article_publisher":"https:\/\/www.facebook.com\/NUEVODigitalDeEscobar","article_published_time":"2025-04-03T12:24:32+00:00","article_modified_time":"2025-04-03T12:24:34+00:00","og_image":[{"width":1280,"height":853,"url":"https:\/\/nuevodigitaldeescobar.com.ar\/wp-content\/uploads\/2025\/04\/whatsapp_image_2025_04_02_at_12_45_50__1_.jpeg","type":"image\/jpeg"}],"author":"Redacci\u00f3n","twitter_card":"summary_large_image","twitter_creator":"@nuevodigescobar","twitter_site":"@nuevodigescobar","twitter_misc":{"Escrito por":"Redacci\u00f3n","Tiempo de lectura":"3 minutos"},"schema":{"@context":"https:\/\/schema.org","@graph":[{"@type":"Article","@id":"https:\/\/nuevodigitaldeescobar.com.ar\/?p=13541#article","isPartOf":{"@id":"https:\/\/nuevodigitaldeescobar.com.ar\/?p=13541"},"author":{"name":"Redacci\u00f3n","@id":"https:\/\/nuevodigitaldeescobar.com.ar\/#\/schema\/person\/035e90a8efe9a80e6eec22656ad6ea4c"},"headline":"H\u00e9roes de Malvinas: se anunci\u00f3 un nuevo viaje de excombatientes a las Islas","datePublished":"2025-04-03T12:24:32+00:00","dateModified":"2025-04-03T12:24:34+00:00","mainEntityOfPage":{"@id":"https:\/\/nuevodigitaldeescobar.com.ar\/?p=13541"},"wordCount":527,"commentCount":0,"publisher":{"@id":"https:\/\/nuevodigitaldeescobar.com.ar\/#organization"},"image":{"@id":"https:\/\/nuevodigitaldeescobar.com.ar\/?p=13541#primaryimage"},"thumbnailUrl":"https:\/\/nuevodigitaldeescobar.com.ar\/wp-content\/uploads\/2025\/04\/whatsapp_image_2025_04_02_at_12_45_50__1_.jpeg","keywords":["Malvinas","Veteranos de Guerra"],"articleSection":["Inter\u00e9s general"],"inLanguage":"es","potentialAction":[{"@type":"CommentAction","name":"Comment","target":["https:\/\/nuevodigitaldeescobar.com.ar\/?p=13541#respond"]}]},{"@type":"WebPage","@id":"https:\/\/nuevodigitaldeescobar.com.ar\/?p=13541","url":"https:\/\/nuevodigitaldeescobar.com.ar\/?p=13541","name":"H\u00e9roes de Malvinas: se anunci\u00f3 un nuevo viaje de excombatientes a las Islas - Nuevo Digital de Escobar","isPartOf":{"@id":"https:\/\/nuevodigitaldeescobar.com.ar\/#website"},"primaryImageOfPage":{"@id":"https:\/\/nuevodigitaldeescobar.com.ar\/?p=13541#primaryimage"},"image":{"@id":"https:\/\/nuevodigitaldeescobar.com.ar\/?p=13541#primaryimage"},"thumbnailUrl":"https:\/\/nuevodigitaldeescobar.com.ar\/wp-content\/uploads\/2025\/04\/whatsapp_image_2025_04_02_at_12_45_50__1_.jpeg","datePublished":"2025-04-03T12:24:32+00:00","dateModified":"2025-04-03T12:24:34+00:00","breadcrumb":{"@id":"https:\/\/nuevodigitaldeescobar.com.ar\/?p=13541#breadcrumb"},"inLanguage":"es","potentialAction":[{"@type":"ReadAction","target":["https:\/\/nuevodigitaldeescobar.com.ar\/?p=13541"]}]},{"@type":"ImageObject","inLanguage":"es","@id":"https:\/\/nuevodigitaldeescobar.com.ar\/?p=13541#primaryimage","url":"https:\/\/nuevodigitaldeescobar.com.ar\/wp-content\/uploads\/2025\/04\/whatsapp_image_2025_04_02_at_12_45_50__1_.jpeg","contentUrl":"https:\/\/nuevodigitaldeescobar.com.ar\/wp-content\/uploads\/2025\/04\/whatsapp_image_2025_04_02_at_12_45_50__1_.jpeg","width":1280,"height":853},{"@type":"BreadcrumbList","@id":"https:\/\/nuevodigitaldeescobar.com.ar\/?p=13541#breadcrumb","itemListElement":[{"@type":"ListItem","position":1,"name":"Portada","item":"https:\/\/nuevodigitaldeescobar.com.ar\/"},{"@type":"ListItem","position":2,"name":"H\u00e9roes de Malvinas: se anunci\u00f3 un nuevo viaje de excombatientes a las Islas"}]},{"@type":"WebSite","@id":"https:\/\/nuevodigitaldeescobar.com.ar\/#website","url":"https:\/\/nuevodigitaldeescobar.com.ar\/","name":"Nuevo Digital de Escobar","description":"La vida escobarense. Directora: Rosana Brunner","publisher":{"@id":"https:\/\/nuevodigitaldeescobar.com.ar\/#organization"},"potentialAction":[{"@type":"SearchAction","target":{"@type":"EntryPoint","urlTemplate":"https:\/\/nuevodigitaldeescobar.com.ar\/?s={search_term_string}"},"query-input":{"@type":"PropertyValueSpecification","valueRequired":true,"valueName":"search_term_string"}}],"inLanguage":"es"},{"@type":"Organization","@id":"https:\/\/nuevodigitaldeescobar.com.ar\/#organization","name":"Nuevo Digital de Escobar","url":"https:\/\/nuevodigitaldeescobar.com.ar\/","logo":{"@type":"ImageObject","inLanguage":"es","@id":"https:\/\/nuevodigitaldeescobar.com.ar\/#\/schema\/logo\/image\/","url":"https:\/\/nuevodigitaldeescobar.com.ar\/wp-content\/uploads\/2025\/05\/cropped-logo-nuevo2.jpg","contentUrl":"https:\/\/nuevodigitaldeescobar.com.ar\/wp-content\/uploads\/2025\/05\/cropped-logo-nuevo2.jpg","width":305,"height":305,"caption":"Nuevo Digital de Escobar"},"image":{"@id":"https:\/\/nuevodigitaldeescobar.com.ar\/#\/schema\/logo\/image\/"},"sameAs":["https:\/\/www.facebook.com\/NUEVODigitalDeEscobar","https:\/\/x.com\/nuevodigescobar","https:\/\/www.instagram.com\/nuevodigitaldeescobar"]},{"@type":"Person","@id":"https:\/\/nuevodigitaldeescobar.com.ar\/#\/schema\/person\/035e90a8efe9a80e6eec22656ad6ea4c","name":"Redacci\u00f3n","image":{"@type":"ImageObject","inLanguage":"es","@id":"https:\/\/nuevodigitaldeescobar.com.ar\/#\/schema\/person\/image\/","url":"https:\/\/secure.gravatar.com\/avatar\/8af8f40000c24e9eef3034f2be5998a372bb1389e64b1a4a36b3a7979142220d?s=96&d=mm&r=g","contentUrl":"https:\/\/secure.gravatar.com\/avatar\/8af8f40000c24e9eef3034f2be5998a372bb1389e64b1a4a36b3a7979142220d?s=96&d=mm&r=g","caption":"Redacci\u00f3n"},"sameAs":["http:\/\/nuevodigitaldeescobar.com.ar"],"url":"https:\/\/nuevodigitaldeescobar.com.ar\/?author=1"}]}},"featured_image_urls":{"full":["https:\/\/nuevodigitaldeescobar.com.ar\/wp-content\/uploads\/2025\/04\/whatsapp_image_2025_04_02_at_12_45_50__1_.jpeg",1280,853,false],"thumbnail":["https:\/\/nuevodigitaldeescobar.com.ar\/wp-content\/uploads\/2025\/04\/whatsapp_image_2025_04_02_at_12_45_50__1_-150x150.jpeg",150,150,true],"medium":["https:\/\/nuevodigitaldeescobar.com.ar\/wp-content\/uploads\/2025\/04\/whatsapp_image_2025_04_02_at_12_45_50__1_-300x200.jpeg",300,200,true],"medium_large":["https:\/\/nuevodigitaldeescobar.com.ar\/wp-content\/uploads\/2025\/04\/whatsapp_image_2025_04_02_at_12_45_50__1_-768x512.jpeg",640,427,true],"large":["https:\/\/nuevodigitaldeescobar.com.ar\/wp-content\/uploads\/2025\/04\/whatsapp_image_2025_04_02_at_12_45_50__1_-1024x682.jpeg",640,426,true],"1536x1536":["https:\/\/nuevodigitaldeescobar.com.ar\/wp-content\/uploads\/2025\/04\/whatsapp_image_2025_04_02_at_12_45_50__1_.jpeg",1280,853,false],"2048x2048":["https:\/\/nuevodigitaldeescobar.com.ar\/wp-content\/uploads\/2025\/04\/whatsapp_image_2025_04_02_at_12_45_50__1_.jpeg",1280,853,false]},"author_info":{"display_name":"Redacci\u00f3n","author_link":"https:\/\/nuevodigitaldeescobar.com.ar\/?author=1"},"category_info":"<a href=\"https:\/\/nuevodigitaldeescobar.com.ar\/?cat=7\" rel=\"category\">Inter\u00e9s general<\/a>","tag_info":"Inter\u00e9s general","comment_count":"0","_links":{"self":[{"href":"https:\/\/nuevodigitaldeescobar.com.ar\/index.php?rest_route=\/wp\/v2\/posts\/13541","targetHints":{"allow":["GET"]}}],"collection":[{"href":"https:\/\/nuevodigitaldeescobar.com.ar\/index.php?rest_route=\/wp\/v2\/posts"}],"about":[{"href":"https:\/\/nuevodigitaldeescobar.com.ar\/index.php?rest_route=\/wp\/v2\/types\/post"}],"author":[{"embeddable":true,"href":"https:\/\/nuevodigitaldeescobar.com.ar\/index.php?rest_route=\/wp\/v2\/users\/1"}],"replies":[{"embeddable":true,"href":"https:\/\/nuevodigitaldeescobar.com.ar\/index.php?rest_route=%2Fwp%2Fv2%2Fcomments&post=13541"}],"version-history":[{"count":1,"href":"https:\/\/nuevodigitaldeescobar.com.ar\/index.php?rest_route=\/wp\/v2\/posts\/13541\/revisions"}],"predecessor-version":[{"id":13546,"href":"https:\/\/nuevodigitaldeescobar.com.ar\/index.php?rest_route=\/wp\/v2\/posts\/13541\/revisions\/13546"}],"wp:featuredmedia":[{"embeddable":true,"href":"https:\/\/nuevodigitaldeescobar.com.ar\/index.php?rest_route=\/wp\/v2\/media\/13543"}],"wp:attachment":[{"href":"https:\/\/nuevodigitaldeescobar.com.ar\/index.php?rest_route=%2Fwp%2Fv2%2Fmedia&parent=13541"}],"wp:term":[{"taxonomy":"category","embeddable":true,"href":"https:\/\/nuevodigitaldeescobar.com.ar\/index.php?rest_route=%2Fwp%2Fv2%2Fcategories&post=13541"},{"taxonomy":"post_tag","embeddable":true,"href":"https:\/\/nuevodigitaldeescobar.com.ar\/index.php?rest_route=%2Fwp%2Fv2%2Ftags&post=13541"}],"curies":[{"name":"wp","href":"https:\/\/api.w.org\/{rel}","templated":true}]}}