{"id":13590,"date":"2025-04-04T00:15:00","date_gmt":"2025-04-04T03:15:00","guid":{"rendered":"https:\/\/nuevodigitaldeescobar.com.ar\/?p=13590"},"modified":"2025-04-03T22:54:47","modified_gmt":"2025-04-04T01:54:47","slug":"san-francisco-solano-un-nene-de-12-anos-mato-a-su-padrastro-para-defender-a-su-mama-de-una-brutal-golpiza","status":"publish","type":"post","link":"https:\/\/nuevodigitaldeescobar.com.ar\/?p=13590","title":{"rendered":"San Francisco Solano: un nene de 12 a\u00f1os mat\u00f3 a su padrastro para defender a su mam\u00e1 de una brutal golpiza"},"content":{"rendered":"\n<p class=\"has-vivid-cyan-blue-color has-text-color has-link-color wp-elements-e13b0f54730a359b05471e3e1f9e567c\"><em><strong>Un violento episodio de violencia de g\u00e9nero termin\u00f3 con un hombre muerto en la localidad bonaerense de San Francisco Solano, partido de Quilmes. El agresor, identificado como Rub\u00e9n Cardozo, de 37 a\u00f1os, fue apu\u00f1alado por su hijastro de 12, quien lo sorprendi\u00f3 atacando ferozmente a su madre. Seg\u00fan confirmaron fuentes judiciales, el menor actu\u00f3 en defensa propia y de su familia, y ya se encuentra nuevamente en su casa.<\/strong><\/em><\/p>\n\n\n\n<!--more-->\n\n\n\n<p><em>\u201cMi hermano hizo lo que ten\u00eda que hacer. Si yo hubiese estado ah\u00ed, tambi\u00e9n lo hubiera hecho\u201d<\/em>, asegur\u00f3 Candela, hermana del chico, en di\u00e1logo con Radio Mitre. La joven relat\u00f3 el horror que vivieron ese mi\u00e9rcoles por la ma\u00f1ana, cuando Cardozo irrumpi\u00f3 en la casa en evidente estado de ebriedad y se abalanz\u00f3 sobre su pareja, Mar\u00eda del Pino, quien dorm\u00eda.<\/p>\n\n\n\n<p><em>\u201cLe dio una pi\u00f1a de una, sin mediar palabra. Mi mam\u00e1 tiene un chich\u00f3n enorme en la frente. La empez\u00f3 a golpear sin parar, la estaba ahorcando, se estaba muriendo\u201d<\/em>, cont\u00f3. Fue entonces cuando su hermano menor, que hab\u00eda escuchado los gritos, se levant\u00f3 y se encontr\u00f3 con la escena.<\/p>\n\n\n\n<p>Seg\u00fan la reconstrucci\u00f3n judicial, el chico corri\u00f3 hacia la cocina, tom\u00f3 un cuchillo y se abalanz\u00f3 sobre el agresor para detener el ataque. Le asest\u00f3 al menos tres pu\u00f1aladas, una de ellas fatal. El padrastro solt\u00f3 a la mujer, se desplaz\u00f3 unos metros hasta el frente de la vivienda y se desplom\u00f3 desangrado.<\/p>\n\n\n\n<p>Aunque el hombre ten\u00eda antecedentes por violencia familiar, y la madre del chico hab\u00eda denunciado agresiones en 2023, no exist\u00eda ninguna restricci\u00f3n de acercamiento ni medida de protecci\u00f3n vigente.<\/p>\n\n\n\n<p><em>\u201cMi hermano est\u00e1 destruido. Llor\u00f3 hasta quedarse dormido. Se siente culpable, aunque salv\u00f3 la vida de nuestra mam\u00e1\u201d<\/em>, agreg\u00f3 Candela. <em>\u201cEl da\u00f1o ya est\u00e1 hecho, y fue el \u00fanico que tuvo el coraje de intervenir\u201d<\/em>.<\/p>\n\n\n\n<p>La causa est\u00e1 a cargo de la Fiscal\u00eda N\u00b01 de Menores de Quilmes, que en principio entendi\u00f3 que se trat\u00f3 de un caso claro de leg\u00edtima defensa. El arma utilizada fue hallada en la cocina, con rastros de sangre.<\/p>\n\n\n\n<p>En la casa estaban tambi\u00e9n otros tres menores, adem\u00e1s del ni\u00f1o que actu\u00f3. Todos presenciaron de alguna forma el violento episodio. El acusado compart\u00eda hijos con la mujer agredida, y era conocido por su comportamiento violento.<\/p>\n\n\n\n<p>Las autoridades contin\u00faan investigando para determinar todos los detalles de lo ocurrido, aunque no se descarta que la causa quede archivada por la inimputabilidad del menor y el contexto de leg\u00edtima defensa.<\/p>\n","protected":false},"excerpt":{"rendered":"<p>Un violento episodio de violencia de g\u00e9nero termin\u00f3 con un hombre muerto en la localidad bonaerense de San Francisco Solano, partido de Quilmes. El agresor, [&hellip;]<\/p>\n","protected":false},"author":1,"featured_media":13591,"comment_status":"open","ping_status":"open","sticky":false,"template":"","format":"standard","meta":{"footnotes":""},"categories":[13],"tags":[],"class_list":["post-13590","post","type-post","status-publish","format-standard","has-post-thumbnail","hentry","category-policiales"],"better_featured_image":{"id":13591,"alt_text":"","caption":"","description":"","media_type":"image","media_details":{"width":961,"height":603,"file":"2025\/04\/sanfransolano23.png","filesize":1310479,"sizes":{"medium":{"file":"sanfransolano23-300x188.png","width":300,"height":188,"mime-type":"image\/png","filesize":103222,"source_url":"https:\/\/nuevodigitaldeescobar.com.ar\/wp-content\/uploads\/2025\/04\/sanfransolano23-300x188.png"},"thumbnail":{"file":"sanfransolano23-150x150.png","width":150,"height":150,"mime-type":"image\/png","filesize":42270,"source_url":"https:\/\/nuevodigitaldeescobar.com.ar\/wp-content\/uploads\/2025\/04\/sanfransolano23-150x150.png"},"medium_large":{"file":"sanfransolano23-768x482.png","width":768,"height":482,"mime-type":"image\/png","filesize":592353,"source_url":"https:\/\/nuevodigitaldeescobar.com.ar\/wp-content\/uploads\/2025\/04\/sanfransolano23-768x482.png"}},"image_meta":{"aperture":"0","credit":"","camera":"","caption":"","created_timestamp":"0","copyright":"","focal_length":"0","iso":"0","shutter_speed":"0","title":"","orientation":"0","keywords":[]}},"post":13590,"source_url":"https:\/\/nuevodigitaldeescobar.com.ar\/wp-content\/uploads\/2025\/04\/sanfransolano23.png"},"yoast_head":"<!-- This site is optimized with the Yoast SEO plugin v26.1.1 - https:\/\/yoast.com\/wordpress\/plugins\/seo\/ -->\n<title>San Francisco Solano: un nene de 12 a\u00f1os mat\u00f3 a su padrastro para defender a su mam\u00e1 de una brutal golpiza - Nuevo Digital de Escobar<\/title>\n<meta name=\"robots\" content=\"index, follow, max-snippet:-1, max-image-preview:large, max-video-preview:-1\" \/>\n<link rel=\"canonical\" href=\"https:\/\/nuevodigitaldeescobar.com.ar\/?p=13590\" \/>\n<meta property=\"og:locale\" content=\"es_ES\" \/>\n<meta property=\"og:type\" content=\"article\" \/>\n<meta property=\"og:title\" content=\"San Francisco Solano: un nene de 12 a\u00f1os mat\u00f3 a su padrastro para defender a su mam\u00e1 de una brutal golpiza - Nuevo Digital de Escobar\" \/>\n<meta property=\"og:description\" content=\"Un violento episodio de violencia de g\u00e9nero termin\u00f3 con un hombre muerto en la localidad bonaerense de San Francisco Solano, partido de Quilmes. El agresor, [&hellip;]\" \/>\n<meta property=\"og:url\" content=\"https:\/\/nuevodigitaldeescobar.com.ar\/?p=13590\" \/>\n<meta property=\"og:site_name\" content=\"Nuevo Digital de Escobar\" \/>\n<meta property=\"article:publisher\" content=\"https:\/\/www.facebook.com\/NUEVODigitalDeEscobar\" \/>\n<meta property=\"article:published_time\" content=\"2025-04-04T03:15:00+00:00\" \/>\n<meta property=\"og:image\" content=\"https:\/\/nuevodigitaldeescobar.com.ar\/wp-content\/uploads\/2025\/04\/sanfransolano23.png\" \/>\n\t<meta property=\"og:image:width\" content=\"961\" \/>\n\t<meta property=\"og:image:height\" content=\"603\" \/>\n\t<meta property=\"og:image:type\" content=\"image\/png\" \/>\n<meta name=\"author\" content=\"Redacci\u00f3n\" \/>\n<meta name=\"twitter:card\" content=\"summary_large_image\" \/>\n<meta name=\"twitter:creator\" content=\"@nuevodigescobar\" \/>\n<meta name=\"twitter:site\" content=\"@nuevodigescobar\" \/>\n<meta name=\"twitter:label1\" content=\"Escrito por\" \/>\n\t<meta name=\"twitter:data1\" content=\"Redacci\u00f3n\" \/>\n\t<meta name=\"twitter:label2\" content=\"Tiempo de lectura\" \/>\n\t<meta name=\"twitter:data2\" content=\"2 minutos\" \/>\n<script type=\"application\/ld+json\" class=\"yoast-schema-graph\">{\"@context\":\"https:\/\/schema.org\",\"@graph\":[{\"@type\":\"Article\",\"@id\":\"https:\/\/nuevodigitaldeescobar.com.ar\/?p=13590#article\",\"isPartOf\":{\"@id\":\"https:\/\/nuevodigitaldeescobar.com.ar\/?p=13590\"},\"author\":{\"name\":\"Redacci\u00f3n\",\"@id\":\"https:\/\/nuevodigitaldeescobar.com.ar\/#\/schema\/person\/035e90a8efe9a80e6eec22656ad6ea4c\"},\"headline\":\"San Francisco Solano: un nene de 12 a\u00f1os mat\u00f3 a su padrastro para defender a su mam\u00e1 de una brutal golpiza\",\"datePublished\":\"2025-04-04T03:15:00+00:00\",\"mainEntityOfPage\":{\"@id\":\"https:\/\/nuevodigitaldeescobar.com.ar\/?p=13590\"},\"wordCount\":454,\"commentCount\":0,\"publisher\":{\"@id\":\"https:\/\/nuevodigitaldeescobar.com.ar\/#organization\"},\"image\":{\"@id\":\"https:\/\/nuevodigitaldeescobar.com.ar\/?p=13590#primaryimage\"},\"thumbnailUrl\":\"https:\/\/nuevodigitaldeescobar.com.ar\/wp-content\/uploads\/2025\/04\/sanfransolano23.png\",\"articleSection\":[\"Policiales\"],\"inLanguage\":\"es\",\"potentialAction\":[{\"@type\":\"CommentAction\",\"name\":\"Comment\",\"target\":[\"https:\/\/nuevodigitaldeescobar.com.ar\/?p=13590#respond\"]}]},{\"@type\":\"WebPage\",\"@id\":\"https:\/\/nuevodigitaldeescobar.com.ar\/?p=13590\",\"url\":\"https:\/\/nuevodigitaldeescobar.com.ar\/?p=13590\",\"name\":\"San Francisco Solano: un nene de 12 a\u00f1os mat\u00f3 a su padrastro para defender a su mam\u00e1 de una brutal golpiza - Nuevo Digital de Escobar\",\"isPartOf\":{\"@id\":\"https:\/\/nuevodigitaldeescobar.com.ar\/#website\"},\"primaryImageOfPage\":{\"@id\":\"https:\/\/nuevodigitaldeescobar.com.ar\/?p=13590#primaryimage\"},\"image\":{\"@id\":\"https:\/\/nuevodigitaldeescobar.com.ar\/?p=13590#primaryimage\"},\"thumbnailUrl\":\"https:\/\/nuevodigitaldeescobar.com.ar\/wp-content\/uploads\/2025\/04\/sanfransolano23.png\",\"datePublished\":\"2025-04-04T03:15:00+00:00\",\"breadcrumb\":{\"@id\":\"https:\/\/nuevodigitaldeescobar.com.ar\/?p=13590#breadcrumb\"},\"inLanguage\":\"es\",\"potentialAction\":[{\"@type\":\"ReadAction\",\"target\":[\"https:\/\/nuevodigitaldeescobar.com.ar\/?p=13590\"]}]},{\"@type\":\"ImageObject\",\"inLanguage\":\"es\",\"@id\":\"https:\/\/nuevodigitaldeescobar.com.ar\/?p=13590#primaryimage\",\"url\":\"https:\/\/nuevodigitaldeescobar.com.ar\/wp-content\/uploads\/2025\/04\/sanfransolano23.png\",\"contentUrl\":\"https:\/\/nuevodigitaldeescobar.com.ar\/wp-content\/uploads\/2025\/04\/sanfransolano23.png\",\"width\":961,\"height\":603},{\"@type\":\"BreadcrumbList\",\"@id\":\"https:\/\/nuevodigitaldeescobar.com.ar\/?p=13590#breadcrumb\",\"itemListElement\":[{\"@type\":\"ListItem\",\"position\":1,\"name\":\"Portada\",\"item\":\"https:\/\/nuevodigitaldeescobar.com.ar\/\"},{\"@type\":\"ListItem\",\"position\":2,\"name\":\"San Francisco Solano: un nene de 12 a\u00f1os mat\u00f3 a su padrastro para defender a su mam\u00e1 de una brutal golpiza\"}]},{\"@type\":\"WebSite\",\"@id\":\"https:\/\/nuevodigitaldeescobar.com.ar\/#website\",\"url\":\"https:\/\/nuevodigitaldeescobar.com.ar\/\",\"name\":\"Nuevo Digital de Escobar\",\"description\":\"La vida escobarense. Directora: Rosana Brunner\",\"publisher\":{\"@id\":\"https:\/\/nuevodigitaldeescobar.com.ar\/#organization\"},\"potentialAction\":[{\"@type\":\"SearchAction\",\"target\":{\"@type\":\"EntryPoint\",\"urlTemplate\":\"https:\/\/nuevodigitaldeescobar.com.ar\/?s={search_term_string}\"},\"query-input\":{\"@type\":\"PropertyValueSpecification\",\"valueRequired\":true,\"valueName\":\"search_term_string\"}}],\"inLanguage\":\"es\"},{\"@type\":\"Organization\",\"@id\":\"https:\/\/nuevodigitaldeescobar.com.ar\/#organization\",\"name\":\"Nuevo Digital de Escobar\",\"url\":\"https:\/\/nuevodigitaldeescobar.com.ar\/\",\"logo\":{\"@type\":\"ImageObject\",\"inLanguage\":\"es\",\"@id\":\"https:\/\/nuevodigitaldeescobar.com.ar\/#\/schema\/logo\/image\/\",\"url\":\"https:\/\/nuevodigitaldeescobar.com.ar\/wp-content\/uploads\/2025\/05\/cropped-logo-nuevo2.jpg\",\"contentUrl\":\"https:\/\/nuevodigitaldeescobar.com.ar\/wp-content\/uploads\/2025\/05\/cropped-logo-nuevo2.jpg\",\"width\":305,\"height\":305,\"caption\":\"Nuevo Digital de Escobar\"},\"image\":{\"@id\":\"https:\/\/nuevodigitaldeescobar.com.ar\/#\/schema\/logo\/image\/\"},\"sameAs\":[\"https:\/\/www.facebook.com\/NUEVODigitalDeEscobar\",\"https:\/\/x.com\/nuevodigescobar\",\"https:\/\/www.instagram.com\/nuevodigitaldeescobar\"]},{\"@type\":\"Person\",\"@id\":\"https:\/\/nuevodigitaldeescobar.com.ar\/#\/schema\/person\/035e90a8efe9a80e6eec22656ad6ea4c\",\"name\":\"Redacci\u00f3n\",\"image\":{\"@type\":\"ImageObject\",\"inLanguage\":\"es\",\"@id\":\"https:\/\/nuevodigitaldeescobar.com.ar\/#\/schema\/person\/image\/\",\"url\":\"https:\/\/secure.gravatar.com\/avatar\/8af8f40000c24e9eef3034f2be5998a372bb1389e64b1a4a36b3a7979142220d?s=96&d=mm&r=g\",\"contentUrl\":\"https:\/\/secure.gravatar.com\/avatar\/8af8f40000c24e9eef3034f2be5998a372bb1389e64b1a4a36b3a7979142220d?s=96&d=mm&r=g\",\"caption\":\"Redacci\u00f3n\"},\"sameAs\":[\"http:\/\/nuevodigitaldeescobar.com.ar\"],\"url\":\"https:\/\/nuevodigitaldeescobar.com.ar\/?author=1\"}]}<\/script>\n<!-- \/ Yoast SEO plugin. -->","yoast_head_json":{"title":"San Francisco Solano: un nene de 12 a\u00f1os mat\u00f3 a su padrastro para defender a su mam\u00e1 de una brutal golpiza - Nuevo Digital de Escobar","robots":{"index":"index","follow":"follow","max-snippet":"max-snippet:-1","max-image-preview":"max-image-preview:large","max-video-preview":"max-video-preview:-1"},"canonical":"https:\/\/nuevodigitaldeescobar.com.ar\/?p=13590","og_locale":"es_ES","og_type":"article","og_title":"San Francisco Solano: un nene de 12 a\u00f1os mat\u00f3 a su padrastro para defender a su mam\u00e1 de una brutal golpiza - Nuevo Digital de Escobar","og_description":"Un violento episodio de violencia de g\u00e9nero termin\u00f3 con un hombre muerto en la localidad bonaerense de San Francisco Solano, partido de Quilmes. El agresor, [&hellip;]","og_url":"https:\/\/nuevodigitaldeescobar.com.ar\/?p=13590","og_site_name":"Nuevo Digital de Escobar","article_publisher":"https:\/\/www.facebook.com\/NUEVODigitalDeEscobar","article_published_time":"2025-04-04T03:15:00+00:00","og_image":[{"width":961,"height":603,"url":"https:\/\/nuevodigitaldeescobar.com.ar\/wp-content\/uploads\/2025\/04\/sanfransolano23.png","type":"image\/png"}],"author":"Redacci\u00f3n","twitter_card":"summary_large_image","twitter_creator":"@nuevodigescobar","twitter_site":"@nuevodigescobar","twitter_misc":{"Escrito por":"Redacci\u00f3n","Tiempo de lectura":"2 minutos"},"schema":{"@context":"https:\/\/schema.org","@graph":[{"@type":"Article","@id":"https:\/\/nuevodigitaldeescobar.com.ar\/?p=13590#article","isPartOf":{"@id":"https:\/\/nuevodigitaldeescobar.com.ar\/?p=13590"},"author":{"name":"Redacci\u00f3n","@id":"https:\/\/nuevodigitaldeescobar.com.ar\/#\/schema\/person\/035e90a8efe9a80e6eec22656ad6ea4c"},"headline":"San Francisco Solano: un nene de 12 a\u00f1os mat\u00f3 a su padrastro para defender a su mam\u00e1 de una brutal golpiza","datePublished":"2025-04-04T03:15:00+00:00","mainEntityOfPage":{"@id":"https:\/\/nuevodigitaldeescobar.com.ar\/?p=13590"},"wordCount":454,"commentCount":0,"publisher":{"@id":"https:\/\/nuevodigitaldeescobar.com.ar\/#organization"},"image":{"@id":"https:\/\/nuevodigitaldeescobar.com.ar\/?p=13590#primaryimage"},"thumbnailUrl":"https:\/\/nuevodigitaldeescobar.com.ar\/wp-content\/uploads\/2025\/04\/sanfransolano23.png","articleSection":["Policiales"],"inLanguage":"es","potentialAction":[{"@type":"CommentAction","name":"Comment","target":["https:\/\/nuevodigitaldeescobar.com.ar\/?p=13590#respond"]}]},{"@type":"WebPage","@id":"https:\/\/nuevodigitaldeescobar.com.ar\/?p=13590","url":"https:\/\/nuevodigitaldeescobar.com.ar\/?p=13590","name":"San Francisco Solano: un nene de 12 a\u00f1os mat\u00f3 a su padrastro para defender a su mam\u00e1 de una brutal golpiza - Nuevo Digital de Escobar","isPartOf":{"@id":"https:\/\/nuevodigitaldeescobar.com.ar\/#website"},"primaryImageOfPage":{"@id":"https:\/\/nuevodigitaldeescobar.com.ar\/?p=13590#primaryimage"},"image":{"@id":"https:\/\/nuevodigitaldeescobar.com.ar\/?p=13590#primaryimage"},"thumbnailUrl":"https:\/\/nuevodigitaldeescobar.com.ar\/wp-content\/uploads\/2025\/04\/sanfransolano23.png","datePublished":"2025-04-04T03:15:00+00:00","breadcrumb":{"@id":"https:\/\/nuevodigitaldeescobar.com.ar\/?p=13590#breadcrumb"},"inLanguage":"es","potentialAction":[{"@type":"ReadAction","target":["https:\/\/nuevodigitaldeescobar.com.ar\/?p=13590"]}]},{"@type":"ImageObject","inLanguage":"es","@id":"https:\/\/nuevodigitaldeescobar.com.ar\/?p=13590#primaryimage","url":"https:\/\/nuevodigitaldeescobar.com.ar\/wp-content\/uploads\/2025\/04\/sanfransolano23.png","contentUrl":"https:\/\/nuevodigitaldeescobar.com.ar\/wp-content\/uploads\/2025\/04\/sanfransolano23.png","width":961,"height":603},{"@type":"BreadcrumbList","@id":"https:\/\/nuevodigitaldeescobar.com.ar\/?p=13590#breadcrumb","itemListElement":[{"@type":"ListItem","position":1,"name":"Portada","item":"https:\/\/nuevodigitaldeescobar.com.ar\/"},{"@type":"ListItem","position":2,"name":"San Francisco Solano: un nene de 12 a\u00f1os mat\u00f3 a su padrastro para defender a su mam\u00e1 de una brutal golpiza"}]},{"@type":"WebSite","@id":"https:\/\/nuevodigitaldeescobar.com.ar\/#website","url":"https:\/\/nuevodigitaldeescobar.com.ar\/","name":"Nuevo Digital de Escobar","description":"La vida escobarense. Directora: Rosana Brunner","publisher":{"@id":"https:\/\/nuevodigitaldeescobar.com.ar\/#organization"},"potentialAction":[{"@type":"SearchAction","target":{"@type":"EntryPoint","urlTemplate":"https:\/\/nuevodigitaldeescobar.com.ar\/?s={search_term_string}"},"query-input":{"@type":"PropertyValueSpecification","valueRequired":true,"valueName":"search_term_string"}}],"inLanguage":"es"},{"@type":"Organization","@id":"https:\/\/nuevodigitaldeescobar.com.ar\/#organization","name":"Nuevo Digital de Escobar","url":"https:\/\/nuevodigitaldeescobar.com.ar\/","logo":{"@type":"ImageObject","inLanguage":"es","@id":"https:\/\/nuevodigitaldeescobar.com.ar\/#\/schema\/logo\/image\/","url":"https:\/\/nuevodigitaldeescobar.com.ar\/wp-content\/uploads\/2025\/05\/cropped-logo-nuevo2.jpg","contentUrl":"https:\/\/nuevodigitaldeescobar.com.ar\/wp-content\/uploads\/2025\/05\/cropped-logo-nuevo2.jpg","width":305,"height":305,"caption":"Nuevo Digital de Escobar"},"image":{"@id":"https:\/\/nuevodigitaldeescobar.com.ar\/#\/schema\/logo\/image\/"},"sameAs":["https:\/\/www.facebook.com\/NUEVODigitalDeEscobar","https:\/\/x.com\/nuevodigescobar","https:\/\/www.instagram.com\/nuevodigitaldeescobar"]},{"@type":"Person","@id":"https:\/\/nuevodigitaldeescobar.com.ar\/#\/schema\/person\/035e90a8efe9a80e6eec22656ad6ea4c","name":"Redacci\u00f3n","image":{"@type":"ImageObject","inLanguage":"es","@id":"https:\/\/nuevodigitaldeescobar.com.ar\/#\/schema\/person\/image\/","url":"https:\/\/secure.gravatar.com\/avatar\/8af8f40000c24e9eef3034f2be5998a372bb1389e64b1a4a36b3a7979142220d?s=96&d=mm&r=g","contentUrl":"https:\/\/secure.gravatar.com\/avatar\/8af8f40000c24e9eef3034f2be5998a372bb1389e64b1a4a36b3a7979142220d?s=96&d=mm&r=g","caption":"Redacci\u00f3n"},"sameAs":["http:\/\/nuevodigitaldeescobar.com.ar"],"url":"https:\/\/nuevodigitaldeescobar.com.ar\/?author=1"}]}},"featured_image_urls":{"full":["https:\/\/nuevodigitaldeescobar.com.ar\/wp-content\/uploads\/2025\/04\/sanfransolano23.png",961,603,false],"thumbnail":["https:\/\/nuevodigitaldeescobar.com.ar\/wp-content\/uploads\/2025\/04\/sanfransolano23-150x150.png",150,150,true],"medium":["https:\/\/nuevodigitaldeescobar.com.ar\/wp-content\/uploads\/2025\/04\/sanfransolano23-300x188.png",300,188,true],"medium_large":["https:\/\/nuevodigitaldeescobar.com.ar\/wp-content\/uploads\/2025\/04\/sanfransolano23-768x482.png",640,402,true],"large":["https:\/\/nuevodigitaldeescobar.com.ar\/wp-content\/uploads\/2025\/04\/sanfransolano23.png",640,402,false],"1536x1536":["https:\/\/nuevodigitaldeescobar.com.ar\/wp-content\/uploads\/2025\/04\/sanfransolano23.png",961,603,false],"2048x2048":["https:\/\/nuevodigitaldeescobar.com.ar\/wp-content\/uploads\/2025\/04\/sanfransolano23.png",961,603,false]},"author_info":{"display_name":"Redacci\u00f3n","author_link":"https:\/\/nuevodigitaldeescobar.com.ar\/?author=1"},"category_info":"<a href=\"https:\/\/nuevodigitaldeescobar.com.ar\/?cat=13\" rel=\"category\">Policiales<\/a>","tag_info":"Policiales","comment_count":"0","_links":{"self":[{"href":"https:\/\/nuevodigitaldeescobar.com.ar\/index.php?rest_route=\/wp\/v2\/posts\/13590","targetHints":{"allow":["GET"]}}],"collection":[{"href":"https:\/\/nuevodigitaldeescobar.com.ar\/index.php?rest_route=\/wp\/v2\/posts"}],"about":[{"href":"https:\/\/nuevodigitaldeescobar.com.ar\/index.php?rest_route=\/wp\/v2\/types\/post"}],"author":[{"embeddable":true,"href":"https:\/\/nuevodigitaldeescobar.com.ar\/index.php?rest_route=\/wp\/v2\/users\/1"}],"replies":[{"embeddable":true,"href":"https:\/\/nuevodigitaldeescobar.com.ar\/index.php?rest_route=%2Fwp%2Fv2%2Fcomments&post=13590"}],"version-history":[{"count":1,"href":"https:\/\/nuevodigitaldeescobar.com.ar\/index.php?rest_route=\/wp\/v2\/posts\/13590\/revisions"}],"predecessor-version":[{"id":13592,"href":"https:\/\/nuevodigitaldeescobar.com.ar\/index.php?rest_route=\/wp\/v2\/posts\/13590\/revisions\/13592"}],"wp:featuredmedia":[{"embeddable":true,"href":"https:\/\/nuevodigitaldeescobar.com.ar\/index.php?rest_route=\/wp\/v2\/media\/13591"}],"wp:attachment":[{"href":"https:\/\/nuevodigitaldeescobar.com.ar\/index.php?rest_route=%2Fwp%2Fv2%2Fmedia&parent=13590"}],"wp:term":[{"taxonomy":"category","embeddable":true,"href":"https:\/\/nuevodigitaldeescobar.com.ar\/index.php?rest_route=%2Fwp%2Fv2%2Fcategories&post=13590"},{"taxonomy":"post_tag","embeddable":true,"href":"https:\/\/nuevodigitaldeescobar.com.ar\/index.php?rest_route=%2Fwp%2Fv2%2Ftags&post=13590"}],"curies":[{"name":"wp","href":"https:\/\/api.w.org\/{rel}","templated":true}]}}