{"id":13622,"date":"2025-04-06T00:29:00","date_gmt":"2025-04-06T03:29:00","guid":{"rendered":"https:\/\/nuevodigitaldeescobar.com.ar\/?p=13622"},"modified":"2025-04-05T20:34:08","modified_gmt":"2025-04-05T23:34:08","slug":"cordoba-manejaba-borracho-atropello-a-una-familia-y-su-propio-padre-lo-entrego-a-la-policia","status":"publish","type":"post","link":"https:\/\/nuevodigitaldeescobar.com.ar\/?p=13622","title":{"rendered":"C\u00f3rdoba: manejaba borracho, atropell\u00f3 a una familia y su propio padre lo entreg\u00f3 a la Polic\u00eda"},"content":{"rendered":"\n<p class=\"has-vivid-cyan-blue-color has-text-color has-link-color wp-elements-c136eb10bc4f7d7075a9b4e1b6c4cfc0\"><strong><em>Un joven de 20 a\u00f1os fue detenido en la ciudad de C\u00f3rdoba tras protagonizar un brutal siniestro vial en el que atropell\u00f3 a una familia que circulaba en moto. El conductor, que se encontraba alcoholizado, escap\u00f3 del lugar sin asistir a las v\u00edctimas, pero horas m\u00e1s tarde su propio padre lo entreg\u00f3 a la Polic\u00eda.<\/em><\/strong><\/p>\n\n\n\n<!--more-->\n\n\n\n<p>El hecho ocurri\u00f3 alrededor de las 6:30 del viernes, en la intersecci\u00f3n de las avenidas Col\u00f3n y Pedro Zanni, en el barrio Alberdi. Seg\u00fan qued\u00f3 registrado en las c\u00e1maras de seguridad de la zona, el acusado manejaba un Volkswagen Gol gris a alta velocidad y cruz\u00f3 un sem\u00e1foro en rojo antes de embestir a la moto en la que viajaban un hombre, una mujer y su hijo de cinco a\u00f1os.<\/p>\n\n\n\n<p>El impacto fue violento: los tres ocupantes salieron despedidos, y la motocicleta termin\u00f3 incrustada contra un Ford Ka que estaba estacionado. A los pocos segundos, el conductor del Gol huy\u00f3 de la escena y dej\u00f3 el auto abandonado varias cuadras m\u00e1s adelante, para luego escapar corriendo hacia su casa.<\/p>\n\n\n\n<figure class=\"wp-block-video\"><video controls src=\"https:\/\/nuevodigitaldeescobar.com.ar\/wp-content\/uploads\/2025\/04\/acccordoba29.mp4\"><\/video><\/figure>\n\n\n\n<p>Mientras tanto, las v\u00edctimas fueron asistidas por el servicio de emergencias. El ni\u00f1o fue derivado en grave estado al Hospital de Ni\u00f1os, mientras que sus padres fueron trasladados al Hospital de Urgencias con politraumatismos. <em>\u201cFueron trasladados con lesiones varias y sin testigos en el lugar. Se est\u00e1n analizando las c\u00e1maras de seguridad y la investigaci\u00f3n qued\u00f3 en manos de la Fiscal\u00eda\u201d<\/em>, indic\u00f3 el comisario Villagra en declaraciones televisivas.<\/p>\n\n\n\n<p>La historia dio un giro inesperado cuando el joven, al llegar a su domicilio, confes\u00f3 lo sucedido a su padre. Este, lejos de encubrirlo, decidi\u00f3 llevarlo personalmente a entregarse ante la Polic\u00eda. <em>\u201cEl padre relat\u00f3 que su hijo lleg\u00f3 en estado de shock, le cont\u00f3 lo que hab\u00eda pasado y \u00e9l mismo lo trajo de regreso al lugar del hecho\u201d<\/em>, confirm\u00f3 el comisario.<\/p>\n\n\n\n<p>Una vez detenido, el joven fue sometido a una prueba de alcoholemia que dio positivo. Por orden judicial, qued\u00f3 arrestado y se abri\u00f3 una causa para determinar las circunstancias exactas del accidente.<\/p>\n\n\n\n<p>Un taxista que circulaba por la zona dijo haber visto al joven escapar y aport\u00f3 datos claves a la investigaci\u00f3n. <em>\u201cVi que dej\u00f3 el auto en plena avenida y cruz\u00f3 corriendo. Casi lo atropello yo. Lo segu\u00ed por unas cuadras, pero se me escap\u00f3\u201d<\/em>, relat\u00f3 el testigo.<\/p>\n\n\n\n<p>Adem\u00e1s, denunci\u00f3 que los accidentes son frecuentes en esa zona: <em>\u201cTodos los fines de semana hay veh\u00edculos chocados. El problema no es la Municipalidad, es la gente que maneja sin conciencia. Es una avenida ancha, no se entiende c\u00f3mo alguien puede provocar un desastre as\u00ed\u201d<\/em>.<\/p>\n\n\n\n<p>El caso sigue bajo investigaci\u00f3n judicial. Mientras tanto, el ni\u00f1o de cinco a\u00f1os contin\u00faa internado con pron\u00f3stico reservado.<\/p>\n","protected":false},"excerpt":{"rendered":"<p>Un joven de 20 a\u00f1os fue detenido en la ciudad de C\u00f3rdoba tras protagonizar un brutal siniestro vial en el que atropell\u00f3 a una familia [&hellip;]<\/p>\n","protected":false},"author":1,"featured_media":13624,"comment_status":"open","ping_status":"open","sticky":false,"template":"","format":"standard","meta":{"footnotes":""},"categories":[13],"tags":[],"class_list":["post-13622","post","type-post","status-publish","format-standard","has-post-thumbnail","hentry","category-policiales"],"better_featured_image":{"id":13624,"alt_text":"","caption":"","description":"","media_type":"image","media_details":{"width":1200,"height":675,"file":"2025\/04\/acccordo23.png","filesize":1442353,"sizes":{"medium":{"file":"acccordo23-300x169.png","width":300,"height":169,"mime-type":"image\/png","filesize":83192,"source_url":"https:\/\/nuevodigitaldeescobar.com.ar\/wp-content\/uploads\/2025\/04\/acccordo23-300x169.png"},"large":{"file":"acccordo23-1024x576.png","width":1024,"height":576,"mime-type":"image\/png","filesize":646022,"source_url":"https:\/\/nuevodigitaldeescobar.com.ar\/wp-content\/uploads\/2025\/04\/acccordo23-1024x576.png"},"thumbnail":{"file":"acccordo23-150x150.png","width":150,"height":150,"mime-type":"image\/png","filesize":41645,"source_url":"https:\/\/nuevodigitaldeescobar.com.ar\/wp-content\/uploads\/2025\/04\/acccordo23-150x150.png"},"medium_large":{"file":"acccordo23-768x432.png","width":768,"height":432,"mime-type":"image\/png","filesize":407586,"source_url":"https:\/\/nuevodigitaldeescobar.com.ar\/wp-content\/uploads\/2025\/04\/acccordo23-768x432.png"}},"image_meta":{"aperture":"0","credit":"","camera":"","caption":"","created_timestamp":"0","copyright":"","focal_length":"0","iso":"0","shutter_speed":"0","title":"","orientation":"0","keywords":[]}},"post":13622,"source_url":"https:\/\/nuevodigitaldeescobar.com.ar\/wp-content\/uploads\/2025\/04\/acccordo23.png"},"yoast_head":"<!-- This site is optimized with the Yoast SEO plugin v26.1.1 - https:\/\/yoast.com\/wordpress\/plugins\/seo\/ -->\n<title>C\u00f3rdoba: manejaba borracho, atropell\u00f3 a una familia y su propio padre lo entreg\u00f3 a la Polic\u00eda - Nuevo Digital de Escobar<\/title>\n<meta name=\"robots\" content=\"index, follow, max-snippet:-1, max-image-preview:large, max-video-preview:-1\" \/>\n<link rel=\"canonical\" href=\"https:\/\/nuevodigitaldeescobar.com.ar\/?p=13622\" \/>\n<meta property=\"og:locale\" content=\"es_ES\" \/>\n<meta property=\"og:type\" content=\"article\" \/>\n<meta property=\"og:title\" content=\"C\u00f3rdoba: manejaba borracho, atropell\u00f3 a una familia y su propio padre lo entreg\u00f3 a la Polic\u00eda - Nuevo Digital de Escobar\" \/>\n<meta property=\"og:description\" content=\"Un joven de 20 a\u00f1os fue detenido en la ciudad de C\u00f3rdoba tras protagonizar un brutal siniestro vial en el que atropell\u00f3 a una familia [&hellip;]\" \/>\n<meta property=\"og:url\" content=\"https:\/\/nuevodigitaldeescobar.com.ar\/?p=13622\" \/>\n<meta property=\"og:site_name\" content=\"Nuevo Digital de Escobar\" \/>\n<meta property=\"article:publisher\" content=\"https:\/\/www.facebook.com\/NUEVODigitalDeEscobar\" \/>\n<meta property=\"article:published_time\" content=\"2025-04-06T03:29:00+00:00\" \/>\n<meta property=\"og:image\" content=\"https:\/\/nuevodigitaldeescobar.com.ar\/wp-content\/uploads\/2025\/04\/acccordo23.png\" \/>\n\t<meta property=\"og:image:width\" content=\"1200\" \/>\n\t<meta property=\"og:image:height\" content=\"675\" \/>\n\t<meta property=\"og:image:type\" content=\"image\/png\" \/>\n<meta name=\"author\" content=\"Redacci\u00f3n\" \/>\n<meta name=\"twitter:card\" content=\"summary_large_image\" \/>\n<meta name=\"twitter:creator\" content=\"@nuevodigescobar\" \/>\n<meta name=\"twitter:site\" content=\"@nuevodigescobar\" \/>\n<meta name=\"twitter:label1\" content=\"Escrito por\" \/>\n\t<meta name=\"twitter:data1\" content=\"Redacci\u00f3n\" \/>\n\t<meta name=\"twitter:label2\" content=\"Tiempo de lectura\" \/>\n\t<meta name=\"twitter:data2\" content=\"2 minutos\" \/>\n<script type=\"application\/ld+json\" class=\"yoast-schema-graph\">{\"@context\":\"https:\/\/schema.org\",\"@graph\":[{\"@type\":\"Article\",\"@id\":\"https:\/\/nuevodigitaldeescobar.com.ar\/?p=13622#article\",\"isPartOf\":{\"@id\":\"https:\/\/nuevodigitaldeescobar.com.ar\/?p=13622\"},\"author\":{\"name\":\"Redacci\u00f3n\",\"@id\":\"https:\/\/nuevodigitaldeescobar.com.ar\/#\/schema\/person\/035e90a8efe9a80e6eec22656ad6ea4c\"},\"headline\":\"C\u00f3rdoba: manejaba borracho, atropell\u00f3 a una familia y su propio padre lo entreg\u00f3 a la Polic\u00eda\",\"datePublished\":\"2025-04-06T03:29:00+00:00\",\"mainEntityOfPage\":{\"@id\":\"https:\/\/nuevodigitaldeescobar.com.ar\/?p=13622\"},\"wordCount\":493,\"commentCount\":0,\"publisher\":{\"@id\":\"https:\/\/nuevodigitaldeescobar.com.ar\/#organization\"},\"image\":{\"@id\":\"https:\/\/nuevodigitaldeescobar.com.ar\/?p=13622#primaryimage\"},\"thumbnailUrl\":\"https:\/\/nuevodigitaldeescobar.com.ar\/wp-content\/uploads\/2025\/04\/acccordo23.png\",\"articleSection\":[\"Policiales\"],\"inLanguage\":\"es\",\"potentialAction\":[{\"@type\":\"CommentAction\",\"name\":\"Comment\",\"target\":[\"https:\/\/nuevodigitaldeescobar.com.ar\/?p=13622#respond\"]}]},{\"@type\":\"WebPage\",\"@id\":\"https:\/\/nuevodigitaldeescobar.com.ar\/?p=13622\",\"url\":\"https:\/\/nuevodigitaldeescobar.com.ar\/?p=13622\",\"name\":\"C\u00f3rdoba: manejaba borracho, atropell\u00f3 a una familia y su propio padre lo entreg\u00f3 a la Polic\u00eda - Nuevo Digital de Escobar\",\"isPartOf\":{\"@id\":\"https:\/\/nuevodigitaldeescobar.com.ar\/#website\"},\"primaryImageOfPage\":{\"@id\":\"https:\/\/nuevodigitaldeescobar.com.ar\/?p=13622#primaryimage\"},\"image\":{\"@id\":\"https:\/\/nuevodigitaldeescobar.com.ar\/?p=13622#primaryimage\"},\"thumbnailUrl\":\"https:\/\/nuevodigitaldeescobar.com.ar\/wp-content\/uploads\/2025\/04\/acccordo23.png\",\"datePublished\":\"2025-04-06T03:29:00+00:00\",\"breadcrumb\":{\"@id\":\"https:\/\/nuevodigitaldeescobar.com.ar\/?p=13622#breadcrumb\"},\"inLanguage\":\"es\",\"potentialAction\":[{\"@type\":\"ReadAction\",\"target\":[\"https:\/\/nuevodigitaldeescobar.com.ar\/?p=13622\"]}]},{\"@type\":\"ImageObject\",\"inLanguage\":\"es\",\"@id\":\"https:\/\/nuevodigitaldeescobar.com.ar\/?p=13622#primaryimage\",\"url\":\"https:\/\/nuevodigitaldeescobar.com.ar\/wp-content\/uploads\/2025\/04\/acccordo23.png\",\"contentUrl\":\"https:\/\/nuevodigitaldeescobar.com.ar\/wp-content\/uploads\/2025\/04\/acccordo23.png\",\"width\":1200,\"height\":675},{\"@type\":\"BreadcrumbList\",\"@id\":\"https:\/\/nuevodigitaldeescobar.com.ar\/?p=13622#breadcrumb\",\"itemListElement\":[{\"@type\":\"ListItem\",\"position\":1,\"name\":\"Portada\",\"item\":\"https:\/\/nuevodigitaldeescobar.com.ar\/\"},{\"@type\":\"ListItem\",\"position\":2,\"name\":\"C\u00f3rdoba: manejaba borracho, atropell\u00f3 a una familia y su propio padre lo entreg\u00f3 a la Polic\u00eda\"}]},{\"@type\":\"WebSite\",\"@id\":\"https:\/\/nuevodigitaldeescobar.com.ar\/#website\",\"url\":\"https:\/\/nuevodigitaldeescobar.com.ar\/\",\"name\":\"Nuevo Digital de Escobar\",\"description\":\"La vida escobarense. Directora: Rosana Brunner\",\"publisher\":{\"@id\":\"https:\/\/nuevodigitaldeescobar.com.ar\/#organization\"},\"potentialAction\":[{\"@type\":\"SearchAction\",\"target\":{\"@type\":\"EntryPoint\",\"urlTemplate\":\"https:\/\/nuevodigitaldeescobar.com.ar\/?s={search_term_string}\"},\"query-input\":{\"@type\":\"PropertyValueSpecification\",\"valueRequired\":true,\"valueName\":\"search_term_string\"}}],\"inLanguage\":\"es\"},{\"@type\":\"Organization\",\"@id\":\"https:\/\/nuevodigitaldeescobar.com.ar\/#organization\",\"name\":\"Nuevo Digital de Escobar\",\"url\":\"https:\/\/nuevodigitaldeescobar.com.ar\/\",\"logo\":{\"@type\":\"ImageObject\",\"inLanguage\":\"es\",\"@id\":\"https:\/\/nuevodigitaldeescobar.com.ar\/#\/schema\/logo\/image\/\",\"url\":\"https:\/\/nuevodigitaldeescobar.com.ar\/wp-content\/uploads\/2025\/05\/cropped-logo-nuevo2.jpg\",\"contentUrl\":\"https:\/\/nuevodigitaldeescobar.com.ar\/wp-content\/uploads\/2025\/05\/cropped-logo-nuevo2.jpg\",\"width\":305,\"height\":305,\"caption\":\"Nuevo Digital de Escobar\"},\"image\":{\"@id\":\"https:\/\/nuevodigitaldeescobar.com.ar\/#\/schema\/logo\/image\/\"},\"sameAs\":[\"https:\/\/www.facebook.com\/NUEVODigitalDeEscobar\",\"https:\/\/x.com\/nuevodigescobar\",\"https:\/\/www.instagram.com\/nuevodigitaldeescobar\"]},{\"@type\":\"Person\",\"@id\":\"https:\/\/nuevodigitaldeescobar.com.ar\/#\/schema\/person\/035e90a8efe9a80e6eec22656ad6ea4c\",\"name\":\"Redacci\u00f3n\",\"image\":{\"@type\":\"ImageObject\",\"inLanguage\":\"es\",\"@id\":\"https:\/\/nuevodigitaldeescobar.com.ar\/#\/schema\/person\/image\/\",\"url\":\"https:\/\/secure.gravatar.com\/avatar\/8af8f40000c24e9eef3034f2be5998a372bb1389e64b1a4a36b3a7979142220d?s=96&d=mm&r=g\",\"contentUrl\":\"https:\/\/secure.gravatar.com\/avatar\/8af8f40000c24e9eef3034f2be5998a372bb1389e64b1a4a36b3a7979142220d?s=96&d=mm&r=g\",\"caption\":\"Redacci\u00f3n\"},\"sameAs\":[\"http:\/\/nuevodigitaldeescobar.com.ar\"],\"url\":\"https:\/\/nuevodigitaldeescobar.com.ar\/?author=1\"}]}<\/script>\n<!-- \/ Yoast SEO plugin. -->","yoast_head_json":{"title":"C\u00f3rdoba: manejaba borracho, atropell\u00f3 a una familia y su propio padre lo entreg\u00f3 a la Polic\u00eda - Nuevo Digital de Escobar","robots":{"index":"index","follow":"follow","max-snippet":"max-snippet:-1","max-image-preview":"max-image-preview:large","max-video-preview":"max-video-preview:-1"},"canonical":"https:\/\/nuevodigitaldeescobar.com.ar\/?p=13622","og_locale":"es_ES","og_type":"article","og_title":"C\u00f3rdoba: manejaba borracho, atropell\u00f3 a una familia y su propio padre lo entreg\u00f3 a la Polic\u00eda - Nuevo Digital de Escobar","og_description":"Un joven de 20 a\u00f1os fue detenido en la ciudad de C\u00f3rdoba tras protagonizar un brutal siniestro vial en el que atropell\u00f3 a una familia [&hellip;]","og_url":"https:\/\/nuevodigitaldeescobar.com.ar\/?p=13622","og_site_name":"Nuevo Digital de Escobar","article_publisher":"https:\/\/www.facebook.com\/NUEVODigitalDeEscobar","article_published_time":"2025-04-06T03:29:00+00:00","og_image":[{"width":1200,"height":675,"url":"https:\/\/nuevodigitaldeescobar.com.ar\/wp-content\/uploads\/2025\/04\/acccordo23.png","type":"image\/png"}],"author":"Redacci\u00f3n","twitter_card":"summary_large_image","twitter_creator":"@nuevodigescobar","twitter_site":"@nuevodigescobar","twitter_misc":{"Escrito por":"Redacci\u00f3n","Tiempo de lectura":"2 minutos"},"schema":{"@context":"https:\/\/schema.org","@graph":[{"@type":"Article","@id":"https:\/\/nuevodigitaldeescobar.com.ar\/?p=13622#article","isPartOf":{"@id":"https:\/\/nuevodigitaldeescobar.com.ar\/?p=13622"},"author":{"name":"Redacci\u00f3n","@id":"https:\/\/nuevodigitaldeescobar.com.ar\/#\/schema\/person\/035e90a8efe9a80e6eec22656ad6ea4c"},"headline":"C\u00f3rdoba: manejaba borracho, atropell\u00f3 a una familia y su propio padre lo entreg\u00f3 a la Polic\u00eda","datePublished":"2025-04-06T03:29:00+00:00","mainEntityOfPage":{"@id":"https:\/\/nuevodigitaldeescobar.com.ar\/?p=13622"},"wordCount":493,"commentCount":0,"publisher":{"@id":"https:\/\/nuevodigitaldeescobar.com.ar\/#organization"},"image":{"@id":"https:\/\/nuevodigitaldeescobar.com.ar\/?p=13622#primaryimage"},"thumbnailUrl":"https:\/\/nuevodigitaldeescobar.com.ar\/wp-content\/uploads\/2025\/04\/acccordo23.png","articleSection":["Policiales"],"inLanguage":"es","potentialAction":[{"@type":"CommentAction","name":"Comment","target":["https:\/\/nuevodigitaldeescobar.com.ar\/?p=13622#respond"]}]},{"@type":"WebPage","@id":"https:\/\/nuevodigitaldeescobar.com.ar\/?p=13622","url":"https:\/\/nuevodigitaldeescobar.com.ar\/?p=13622","name":"C\u00f3rdoba: manejaba borracho, atropell\u00f3 a una familia y su propio padre lo entreg\u00f3 a la Polic\u00eda - Nuevo Digital de Escobar","isPartOf":{"@id":"https:\/\/nuevodigitaldeescobar.com.ar\/#website"},"primaryImageOfPage":{"@id":"https:\/\/nuevodigitaldeescobar.com.ar\/?p=13622#primaryimage"},"image":{"@id":"https:\/\/nuevodigitaldeescobar.com.ar\/?p=13622#primaryimage"},"thumbnailUrl":"https:\/\/nuevodigitaldeescobar.com.ar\/wp-content\/uploads\/2025\/04\/acccordo23.png","datePublished":"2025-04-06T03:29:00+00:00","breadcrumb":{"@id":"https:\/\/nuevodigitaldeescobar.com.ar\/?p=13622#breadcrumb"},"inLanguage":"es","potentialAction":[{"@type":"ReadAction","target":["https:\/\/nuevodigitaldeescobar.com.ar\/?p=13622"]}]},{"@type":"ImageObject","inLanguage":"es","@id":"https:\/\/nuevodigitaldeescobar.com.ar\/?p=13622#primaryimage","url":"https:\/\/nuevodigitaldeescobar.com.ar\/wp-content\/uploads\/2025\/04\/acccordo23.png","contentUrl":"https:\/\/nuevodigitaldeescobar.com.ar\/wp-content\/uploads\/2025\/04\/acccordo23.png","width":1200,"height":675},{"@type":"BreadcrumbList","@id":"https:\/\/nuevodigitaldeescobar.com.ar\/?p=13622#breadcrumb","itemListElement":[{"@type":"ListItem","position":1,"name":"Portada","item":"https:\/\/nuevodigitaldeescobar.com.ar\/"},{"@type":"ListItem","position":2,"name":"C\u00f3rdoba: manejaba borracho, atropell\u00f3 a una familia y su propio padre lo entreg\u00f3 a la Polic\u00eda"}]},{"@type":"WebSite","@id":"https:\/\/nuevodigitaldeescobar.com.ar\/#website","url":"https:\/\/nuevodigitaldeescobar.com.ar\/","name":"Nuevo Digital de Escobar","description":"La vida escobarense. Directora: Rosana Brunner","publisher":{"@id":"https:\/\/nuevodigitaldeescobar.com.ar\/#organization"},"potentialAction":[{"@type":"SearchAction","target":{"@type":"EntryPoint","urlTemplate":"https:\/\/nuevodigitaldeescobar.com.ar\/?s={search_term_string}"},"query-input":{"@type":"PropertyValueSpecification","valueRequired":true,"valueName":"search_term_string"}}],"inLanguage":"es"},{"@type":"Organization","@id":"https:\/\/nuevodigitaldeescobar.com.ar\/#organization","name":"Nuevo Digital de Escobar","url":"https:\/\/nuevodigitaldeescobar.com.ar\/","logo":{"@type":"ImageObject","inLanguage":"es","@id":"https:\/\/nuevodigitaldeescobar.com.ar\/#\/schema\/logo\/image\/","url":"https:\/\/nuevodigitaldeescobar.com.ar\/wp-content\/uploads\/2025\/05\/cropped-logo-nuevo2.jpg","contentUrl":"https:\/\/nuevodigitaldeescobar.com.ar\/wp-content\/uploads\/2025\/05\/cropped-logo-nuevo2.jpg","width":305,"height":305,"caption":"Nuevo Digital de Escobar"},"image":{"@id":"https:\/\/nuevodigitaldeescobar.com.ar\/#\/schema\/logo\/image\/"},"sameAs":["https:\/\/www.facebook.com\/NUEVODigitalDeEscobar","https:\/\/x.com\/nuevodigescobar","https:\/\/www.instagram.com\/nuevodigitaldeescobar"]},{"@type":"Person","@id":"https:\/\/nuevodigitaldeescobar.com.ar\/#\/schema\/person\/035e90a8efe9a80e6eec22656ad6ea4c","name":"Redacci\u00f3n","image":{"@type":"ImageObject","inLanguage":"es","@id":"https:\/\/nuevodigitaldeescobar.com.ar\/#\/schema\/person\/image\/","url":"https:\/\/secure.gravatar.com\/avatar\/8af8f40000c24e9eef3034f2be5998a372bb1389e64b1a4a36b3a7979142220d?s=96&d=mm&r=g","contentUrl":"https:\/\/secure.gravatar.com\/avatar\/8af8f40000c24e9eef3034f2be5998a372bb1389e64b1a4a36b3a7979142220d?s=96&d=mm&r=g","caption":"Redacci\u00f3n"},"sameAs":["http:\/\/nuevodigitaldeescobar.com.ar"],"url":"https:\/\/nuevodigitaldeescobar.com.ar\/?author=1"}]}},"featured_image_urls":{"full":["https:\/\/nuevodigitaldeescobar.com.ar\/wp-content\/uploads\/2025\/04\/acccordo23.png",1200,675,false],"thumbnail":["https:\/\/nuevodigitaldeescobar.com.ar\/wp-content\/uploads\/2025\/04\/acccordo23-150x150.png",150,150,true],"medium":["https:\/\/nuevodigitaldeescobar.com.ar\/wp-content\/uploads\/2025\/04\/acccordo23-300x169.png",300,169,true],"medium_large":["https:\/\/nuevodigitaldeescobar.com.ar\/wp-content\/uploads\/2025\/04\/acccordo23-768x432.png",640,360,true],"large":["https:\/\/nuevodigitaldeescobar.com.ar\/wp-content\/uploads\/2025\/04\/acccordo23-1024x576.png",640,360,true],"1536x1536":["https:\/\/nuevodigitaldeescobar.com.ar\/wp-content\/uploads\/2025\/04\/acccordo23.png",1200,675,false],"2048x2048":["https:\/\/nuevodigitaldeescobar.com.ar\/wp-content\/uploads\/2025\/04\/acccordo23.png",1200,675,false]},"author_info":{"display_name":"Redacci\u00f3n","author_link":"https:\/\/nuevodigitaldeescobar.com.ar\/?author=1"},"category_info":"<a href=\"https:\/\/nuevodigitaldeescobar.com.ar\/?cat=13\" rel=\"category\">Policiales<\/a>","tag_info":"Policiales","comment_count":"0","_links":{"self":[{"href":"https:\/\/nuevodigitaldeescobar.com.ar\/index.php?rest_route=\/wp\/v2\/posts\/13622","targetHints":{"allow":["GET"]}}],"collection":[{"href":"https:\/\/nuevodigitaldeescobar.com.ar\/index.php?rest_route=\/wp\/v2\/posts"}],"about":[{"href":"https:\/\/nuevodigitaldeescobar.com.ar\/index.php?rest_route=\/wp\/v2\/types\/post"}],"author":[{"embeddable":true,"href":"https:\/\/nuevodigitaldeescobar.com.ar\/index.php?rest_route=\/wp\/v2\/users\/1"}],"replies":[{"embeddable":true,"href":"https:\/\/nuevodigitaldeescobar.com.ar\/index.php?rest_route=%2Fwp%2Fv2%2Fcomments&post=13622"}],"version-history":[{"count":1,"href":"https:\/\/nuevodigitaldeescobar.com.ar\/index.php?rest_route=\/wp\/v2\/posts\/13622\/revisions"}],"predecessor-version":[{"id":13625,"href":"https:\/\/nuevodigitaldeescobar.com.ar\/index.php?rest_route=\/wp\/v2\/posts\/13622\/revisions\/13625"}],"wp:featuredmedia":[{"embeddable":true,"href":"https:\/\/nuevodigitaldeescobar.com.ar\/index.php?rest_route=\/wp\/v2\/media\/13624"}],"wp:attachment":[{"href":"https:\/\/nuevodigitaldeescobar.com.ar\/index.php?rest_route=%2Fwp%2Fv2%2Fmedia&parent=13622"}],"wp:term":[{"taxonomy":"category","embeddable":true,"href":"https:\/\/nuevodigitaldeescobar.com.ar\/index.php?rest_route=%2Fwp%2Fv2%2Fcategories&post=13622"},{"taxonomy":"post_tag","embeddable":true,"href":"https:\/\/nuevodigitaldeescobar.com.ar\/index.php?rest_route=%2Fwp%2Fv2%2Ftags&post=13622"}],"curies":[{"name":"wp","href":"https:\/\/api.w.org\/{rel}","templated":true}]}}