{"id":13669,"date":"2025-04-08T00:06:00","date_gmt":"2025-04-08T03:06:00","guid":{"rendered":"https:\/\/nuevodigitaldeescobar.com.ar\/?p=13669"},"modified":"2025-04-07T20:11:38","modified_gmt":"2025-04-07T23:11:38","slug":"procesaron-a-la-diputada-vanina-biasi-por-expresiones-en-redes-sociales-vinculadas-al-conflicto-en-medio-oriente","status":"publish","type":"post","link":"https:\/\/nuevodigitaldeescobar.com.ar\/?p=13669","title":{"rendered":"Procesaron a la diputada Vanina Biasi por expresiones en redes sociales vinculadas al conflicto en Medio Oriente"},"content":{"rendered":"\n<p class=\"has-vivid-cyan-blue-color has-text-color has-link-color wp-elements-f6c5edf56987c96749d9f1ac52d73017\"><strong><em>La diputada nacional Vanina Biasi, del Frente de Izquierda y de los Trabajadores-Unidad (FIT-U), fue procesada por el juez federal Daniel Rafecas en el marco de una causa por violaci\u00f3n a la Ley Antidiscriminatoria N\u00b0 23.592, a ra\u00edz de una serie de publicaciones que realiz\u00f3 en la red social X (ex Twitter). El magistrado tambi\u00e9n orden\u00f3 un embargo por 10 millones de pesos sobre sus bienes.<\/em><\/strong><\/p>\n\n\n\n<!--more-->\n\n\n\n<p>La investigaci\u00f3n se centra en ocho mensajes publicados por la legisladora, en los que compar\u00f3 al Estado de Israel con el r\u00e9gimen nazi y calific\u00f3 su accionar como <em>\u201cgenocida\u201d<\/em>. En su fallo, Rafecas consider\u00f3 que los dichos <em>\u201ctraspasan los l\u00edmites de la libertad de expresi\u00f3n\u201d<\/em> y podr\u00edan ser interpretados como incitaci\u00f3n al odio, especialmente hacia la comunidad jud\u00eda.<\/p>\n\n\n\n<p>Entre las expresiones citadas en la causa se encuentran frases como: <em>\u201cSionismo es genocidio\u201d<\/em> o <em>\u201cel Estado sionista es nazi por sus pr\u00e1cticas y su ideolog\u00eda\u201d<\/em>, adem\u00e1s de otras en las que cuestion\u00f3 la legitimidad del accionar del Estado de Israel en el conflicto con Palestina.<\/p>\n\n\n\n<p>Seg\u00fan la resoluci\u00f3n judicial, el contenido de las publicaciones no puede ser interpretado \u00fanicamente como una cr\u00edtica a un gobierno o sus pol\u00edticas, sino que apunta directamente a la identidad del Estado y a una comunidad, lo que, para Rafecas, <em>\u201clesiona los principios de igualdad y trato no discriminatorio\u201d<\/em>.<\/p>\n\n\n\n<p>Biasi hab\u00eda sido indagada en 2023 y ahora qued\u00f3 formalmente procesada. Si la C\u00e1mara Federal confirma la medida, la diputada enfrentar\u00e1 un juicio oral y p\u00fablico.<\/p>\n\n\n\n<p>El juez tambi\u00e9n subray\u00f3 que, al tratarse de una funcionaria p\u00fablica y representante electa, las palabras de Biasi adquieren un mayor nivel de responsabilidad e impacto, dada su capacidad de influencia sobre la opini\u00f3n p\u00fablica.<\/p>\n\n\n\n<p>La legisladora, por su parte, no emiti\u00f3 declaraciones tras conocerse el fallo.<\/p>\n","protected":false},"excerpt":{"rendered":"<p>La diputada nacional Vanina Biasi, del Frente de Izquierda y de los Trabajadores-Unidad (FIT-U), fue procesada por el juez federal Daniel Rafecas en el marco [&hellip;]<\/p>\n","protected":false},"author":1,"featured_media":13670,"comment_status":"open","ping_status":"open","sticky":false,"template":"","format":"standard","meta":{"footnotes":""},"categories":[235],"tags":[],"class_list":["post-13669","post","type-post","status-publish","format-standard","has-post-thumbnail","hentry","category-judiciales"],"better_featured_image":{"id":13670,"alt_text":"","caption":"","description":"","media_type":"image","media_details":{"width":665,"height":692,"file":"2025\/04\/vanina231.png","filesize":1280794,"sizes":{"medium":{"file":"vanina231-288x300.png","width":288,"height":300,"mime-type":"image\/png","filesize":169408,"source_url":"https:\/\/nuevodigitaldeescobar.com.ar\/wp-content\/uploads\/2025\/04\/vanina231-288x300.png"},"thumbnail":{"file":"vanina231-150x150.png","width":150,"height":150,"mime-type":"image\/png","filesize":49773,"source_url":"https:\/\/nuevodigitaldeescobar.com.ar\/wp-content\/uploads\/2025\/04\/vanina231-150x150.png"}},"image_meta":{"aperture":"0","credit":"","camera":"","caption":"","created_timestamp":"0","copyright":"","focal_length":"0","iso":"0","shutter_speed":"0","title":"","orientation":"0","keywords":[]}},"post":13669,"source_url":"https:\/\/nuevodigitaldeescobar.com.ar\/wp-content\/uploads\/2025\/04\/vanina231.png"},"yoast_head":"<!-- This site is optimized with the Yoast SEO plugin v26.1.1 - https:\/\/yoast.com\/wordpress\/plugins\/seo\/ -->\n<title>Procesaron a la diputada Vanina Biasi por expresiones en redes sociales vinculadas al conflicto en Medio Oriente - Nuevo Digital de Escobar<\/title>\n<meta name=\"robots\" content=\"index, follow, max-snippet:-1, max-image-preview:large, max-video-preview:-1\" \/>\n<link rel=\"canonical\" href=\"https:\/\/nuevodigitaldeescobar.com.ar\/?p=13669\" \/>\n<meta property=\"og:locale\" content=\"es_ES\" \/>\n<meta property=\"og:type\" content=\"article\" \/>\n<meta property=\"og:title\" content=\"Procesaron a la diputada Vanina Biasi por expresiones en redes sociales vinculadas al conflicto en Medio Oriente - Nuevo Digital de Escobar\" \/>\n<meta property=\"og:description\" content=\"La diputada nacional Vanina Biasi, del Frente de Izquierda y de los Trabajadores-Unidad (FIT-U), fue procesada por el juez federal Daniel Rafecas en el marco [&hellip;]\" \/>\n<meta property=\"og:url\" content=\"https:\/\/nuevodigitaldeescobar.com.ar\/?p=13669\" \/>\n<meta property=\"og:site_name\" content=\"Nuevo Digital de Escobar\" \/>\n<meta property=\"article:publisher\" content=\"https:\/\/www.facebook.com\/NUEVODigitalDeEscobar\" \/>\n<meta property=\"article:published_time\" content=\"2025-04-08T03:06:00+00:00\" \/>\n<meta property=\"og:image\" content=\"https:\/\/nuevodigitaldeescobar.com.ar\/wp-content\/uploads\/2025\/04\/vanina231.png\" \/>\n\t<meta property=\"og:image:width\" content=\"665\" \/>\n\t<meta property=\"og:image:height\" content=\"692\" \/>\n\t<meta property=\"og:image:type\" content=\"image\/png\" \/>\n<meta name=\"author\" content=\"Redacci\u00f3n\" \/>\n<meta name=\"twitter:card\" content=\"summary_large_image\" \/>\n<meta name=\"twitter:creator\" content=\"@nuevodigescobar\" \/>\n<meta name=\"twitter:site\" content=\"@nuevodigescobar\" \/>\n<meta name=\"twitter:label1\" content=\"Escrito por\" \/>\n\t<meta name=\"twitter:data1\" content=\"Redacci\u00f3n\" \/>\n\t<meta name=\"twitter:label2\" content=\"Tiempo de lectura\" \/>\n\t<meta name=\"twitter:data2\" content=\"2 minutos\" \/>\n<script type=\"application\/ld+json\" class=\"yoast-schema-graph\">{\"@context\":\"https:\/\/schema.org\",\"@graph\":[{\"@type\":\"Article\",\"@id\":\"https:\/\/nuevodigitaldeescobar.com.ar\/?p=13669#article\",\"isPartOf\":{\"@id\":\"https:\/\/nuevodigitaldeescobar.com.ar\/?p=13669\"},\"author\":{\"name\":\"Redacci\u00f3n\",\"@id\":\"https:\/\/nuevodigitaldeescobar.com.ar\/#\/schema\/person\/035e90a8efe9a80e6eec22656ad6ea4c\"},\"headline\":\"Procesaron a la diputada Vanina Biasi por expresiones en redes sociales vinculadas al conflicto en Medio Oriente\",\"datePublished\":\"2025-04-08T03:06:00+00:00\",\"mainEntityOfPage\":{\"@id\":\"https:\/\/nuevodigitaldeescobar.com.ar\/?p=13669\"},\"wordCount\":330,\"commentCount\":0,\"publisher\":{\"@id\":\"https:\/\/nuevodigitaldeescobar.com.ar\/#organization\"},\"image\":{\"@id\":\"https:\/\/nuevodigitaldeescobar.com.ar\/?p=13669#primaryimage\"},\"thumbnailUrl\":\"https:\/\/nuevodigitaldeescobar.com.ar\/wp-content\/uploads\/2025\/04\/vanina231.png\",\"articleSection\":[\"Judiciales\"],\"inLanguage\":\"es\",\"potentialAction\":[{\"@type\":\"CommentAction\",\"name\":\"Comment\",\"target\":[\"https:\/\/nuevodigitaldeescobar.com.ar\/?p=13669#respond\"]}]},{\"@type\":\"WebPage\",\"@id\":\"https:\/\/nuevodigitaldeescobar.com.ar\/?p=13669\",\"url\":\"https:\/\/nuevodigitaldeescobar.com.ar\/?p=13669\",\"name\":\"Procesaron a la diputada Vanina Biasi por expresiones en redes sociales vinculadas al conflicto en Medio Oriente - Nuevo Digital de Escobar\",\"isPartOf\":{\"@id\":\"https:\/\/nuevodigitaldeescobar.com.ar\/#website\"},\"primaryImageOfPage\":{\"@id\":\"https:\/\/nuevodigitaldeescobar.com.ar\/?p=13669#primaryimage\"},\"image\":{\"@id\":\"https:\/\/nuevodigitaldeescobar.com.ar\/?p=13669#primaryimage\"},\"thumbnailUrl\":\"https:\/\/nuevodigitaldeescobar.com.ar\/wp-content\/uploads\/2025\/04\/vanina231.png\",\"datePublished\":\"2025-04-08T03:06:00+00:00\",\"breadcrumb\":{\"@id\":\"https:\/\/nuevodigitaldeescobar.com.ar\/?p=13669#breadcrumb\"},\"inLanguage\":\"es\",\"potentialAction\":[{\"@type\":\"ReadAction\",\"target\":[\"https:\/\/nuevodigitaldeescobar.com.ar\/?p=13669\"]}]},{\"@type\":\"ImageObject\",\"inLanguage\":\"es\",\"@id\":\"https:\/\/nuevodigitaldeescobar.com.ar\/?p=13669#primaryimage\",\"url\":\"https:\/\/nuevodigitaldeescobar.com.ar\/wp-content\/uploads\/2025\/04\/vanina231.png\",\"contentUrl\":\"https:\/\/nuevodigitaldeescobar.com.ar\/wp-content\/uploads\/2025\/04\/vanina231.png\",\"width\":665,\"height\":692},{\"@type\":\"BreadcrumbList\",\"@id\":\"https:\/\/nuevodigitaldeescobar.com.ar\/?p=13669#breadcrumb\",\"itemListElement\":[{\"@type\":\"ListItem\",\"position\":1,\"name\":\"Portada\",\"item\":\"https:\/\/nuevodigitaldeescobar.com.ar\/\"},{\"@type\":\"ListItem\",\"position\":2,\"name\":\"Procesaron a la diputada Vanina Biasi por expresiones en redes sociales vinculadas al conflicto en Medio Oriente\"}]},{\"@type\":\"WebSite\",\"@id\":\"https:\/\/nuevodigitaldeescobar.com.ar\/#website\",\"url\":\"https:\/\/nuevodigitaldeescobar.com.ar\/\",\"name\":\"Nuevo Digital de Escobar\",\"description\":\"La vida escobarense. Directora: Rosana Brunner\",\"publisher\":{\"@id\":\"https:\/\/nuevodigitaldeescobar.com.ar\/#organization\"},\"potentialAction\":[{\"@type\":\"SearchAction\",\"target\":{\"@type\":\"EntryPoint\",\"urlTemplate\":\"https:\/\/nuevodigitaldeescobar.com.ar\/?s={search_term_string}\"},\"query-input\":{\"@type\":\"PropertyValueSpecification\",\"valueRequired\":true,\"valueName\":\"search_term_string\"}}],\"inLanguage\":\"es\"},{\"@type\":\"Organization\",\"@id\":\"https:\/\/nuevodigitaldeescobar.com.ar\/#organization\",\"name\":\"Nuevo Digital de Escobar\",\"url\":\"https:\/\/nuevodigitaldeescobar.com.ar\/\",\"logo\":{\"@type\":\"ImageObject\",\"inLanguage\":\"es\",\"@id\":\"https:\/\/nuevodigitaldeescobar.com.ar\/#\/schema\/logo\/image\/\",\"url\":\"https:\/\/nuevodigitaldeescobar.com.ar\/wp-content\/uploads\/2025\/05\/cropped-logo-nuevo2.jpg\",\"contentUrl\":\"https:\/\/nuevodigitaldeescobar.com.ar\/wp-content\/uploads\/2025\/05\/cropped-logo-nuevo2.jpg\",\"width\":305,\"height\":305,\"caption\":\"Nuevo Digital de Escobar\"},\"image\":{\"@id\":\"https:\/\/nuevodigitaldeescobar.com.ar\/#\/schema\/logo\/image\/\"},\"sameAs\":[\"https:\/\/www.facebook.com\/NUEVODigitalDeEscobar\",\"https:\/\/x.com\/nuevodigescobar\",\"https:\/\/www.instagram.com\/nuevodigitaldeescobar\"]},{\"@type\":\"Person\",\"@id\":\"https:\/\/nuevodigitaldeescobar.com.ar\/#\/schema\/person\/035e90a8efe9a80e6eec22656ad6ea4c\",\"name\":\"Redacci\u00f3n\",\"image\":{\"@type\":\"ImageObject\",\"inLanguage\":\"es\",\"@id\":\"https:\/\/nuevodigitaldeescobar.com.ar\/#\/schema\/person\/image\/\",\"url\":\"https:\/\/secure.gravatar.com\/avatar\/8af8f40000c24e9eef3034f2be5998a372bb1389e64b1a4a36b3a7979142220d?s=96&d=mm&r=g\",\"contentUrl\":\"https:\/\/secure.gravatar.com\/avatar\/8af8f40000c24e9eef3034f2be5998a372bb1389e64b1a4a36b3a7979142220d?s=96&d=mm&r=g\",\"caption\":\"Redacci\u00f3n\"},\"sameAs\":[\"http:\/\/nuevodigitaldeescobar.com.ar\"],\"url\":\"https:\/\/nuevodigitaldeescobar.com.ar\/?author=1\"}]}<\/script>\n<!-- \/ Yoast SEO plugin. -->","yoast_head_json":{"title":"Procesaron a la diputada Vanina Biasi por expresiones en redes sociales vinculadas al conflicto en Medio Oriente - Nuevo Digital de Escobar","robots":{"index":"index","follow":"follow","max-snippet":"max-snippet:-1","max-image-preview":"max-image-preview:large","max-video-preview":"max-video-preview:-1"},"canonical":"https:\/\/nuevodigitaldeescobar.com.ar\/?p=13669","og_locale":"es_ES","og_type":"article","og_title":"Procesaron a la diputada Vanina Biasi por expresiones en redes sociales vinculadas al conflicto en Medio Oriente - Nuevo Digital de Escobar","og_description":"La diputada nacional Vanina Biasi, del Frente de Izquierda y de los Trabajadores-Unidad (FIT-U), fue procesada por el juez federal Daniel Rafecas en el marco [&hellip;]","og_url":"https:\/\/nuevodigitaldeescobar.com.ar\/?p=13669","og_site_name":"Nuevo Digital de Escobar","article_publisher":"https:\/\/www.facebook.com\/NUEVODigitalDeEscobar","article_published_time":"2025-04-08T03:06:00+00:00","og_image":[{"width":665,"height":692,"url":"https:\/\/nuevodigitaldeescobar.com.ar\/wp-content\/uploads\/2025\/04\/vanina231.png","type":"image\/png"}],"author":"Redacci\u00f3n","twitter_card":"summary_large_image","twitter_creator":"@nuevodigescobar","twitter_site":"@nuevodigescobar","twitter_misc":{"Escrito por":"Redacci\u00f3n","Tiempo de lectura":"2 minutos"},"schema":{"@context":"https:\/\/schema.org","@graph":[{"@type":"Article","@id":"https:\/\/nuevodigitaldeescobar.com.ar\/?p=13669#article","isPartOf":{"@id":"https:\/\/nuevodigitaldeescobar.com.ar\/?p=13669"},"author":{"name":"Redacci\u00f3n","@id":"https:\/\/nuevodigitaldeescobar.com.ar\/#\/schema\/person\/035e90a8efe9a80e6eec22656ad6ea4c"},"headline":"Procesaron a la diputada Vanina Biasi por expresiones en redes sociales vinculadas al conflicto en Medio Oriente","datePublished":"2025-04-08T03:06:00+00:00","mainEntityOfPage":{"@id":"https:\/\/nuevodigitaldeescobar.com.ar\/?p=13669"},"wordCount":330,"commentCount":0,"publisher":{"@id":"https:\/\/nuevodigitaldeescobar.com.ar\/#organization"},"image":{"@id":"https:\/\/nuevodigitaldeescobar.com.ar\/?p=13669#primaryimage"},"thumbnailUrl":"https:\/\/nuevodigitaldeescobar.com.ar\/wp-content\/uploads\/2025\/04\/vanina231.png","articleSection":["Judiciales"],"inLanguage":"es","potentialAction":[{"@type":"CommentAction","name":"Comment","target":["https:\/\/nuevodigitaldeescobar.com.ar\/?p=13669#respond"]}]},{"@type":"WebPage","@id":"https:\/\/nuevodigitaldeescobar.com.ar\/?p=13669","url":"https:\/\/nuevodigitaldeescobar.com.ar\/?p=13669","name":"Procesaron a la diputada Vanina Biasi por expresiones en redes sociales vinculadas al conflicto en Medio Oriente - Nuevo Digital de Escobar","isPartOf":{"@id":"https:\/\/nuevodigitaldeescobar.com.ar\/#website"},"primaryImageOfPage":{"@id":"https:\/\/nuevodigitaldeescobar.com.ar\/?p=13669#primaryimage"},"image":{"@id":"https:\/\/nuevodigitaldeescobar.com.ar\/?p=13669#primaryimage"},"thumbnailUrl":"https:\/\/nuevodigitaldeescobar.com.ar\/wp-content\/uploads\/2025\/04\/vanina231.png","datePublished":"2025-04-08T03:06:00+00:00","breadcrumb":{"@id":"https:\/\/nuevodigitaldeescobar.com.ar\/?p=13669#breadcrumb"},"inLanguage":"es","potentialAction":[{"@type":"ReadAction","target":["https:\/\/nuevodigitaldeescobar.com.ar\/?p=13669"]}]},{"@type":"ImageObject","inLanguage":"es","@id":"https:\/\/nuevodigitaldeescobar.com.ar\/?p=13669#primaryimage","url":"https:\/\/nuevodigitaldeescobar.com.ar\/wp-content\/uploads\/2025\/04\/vanina231.png","contentUrl":"https:\/\/nuevodigitaldeescobar.com.ar\/wp-content\/uploads\/2025\/04\/vanina231.png","width":665,"height":692},{"@type":"BreadcrumbList","@id":"https:\/\/nuevodigitaldeescobar.com.ar\/?p=13669#breadcrumb","itemListElement":[{"@type":"ListItem","position":1,"name":"Portada","item":"https:\/\/nuevodigitaldeescobar.com.ar\/"},{"@type":"ListItem","position":2,"name":"Procesaron a la diputada Vanina Biasi por expresiones en redes sociales vinculadas al conflicto en Medio Oriente"}]},{"@type":"WebSite","@id":"https:\/\/nuevodigitaldeescobar.com.ar\/#website","url":"https:\/\/nuevodigitaldeescobar.com.ar\/","name":"Nuevo Digital de Escobar","description":"La vida escobarense. Directora: Rosana Brunner","publisher":{"@id":"https:\/\/nuevodigitaldeescobar.com.ar\/#organization"},"potentialAction":[{"@type":"SearchAction","target":{"@type":"EntryPoint","urlTemplate":"https:\/\/nuevodigitaldeescobar.com.ar\/?s={search_term_string}"},"query-input":{"@type":"PropertyValueSpecification","valueRequired":true,"valueName":"search_term_string"}}],"inLanguage":"es"},{"@type":"Organization","@id":"https:\/\/nuevodigitaldeescobar.com.ar\/#organization","name":"Nuevo Digital de Escobar","url":"https:\/\/nuevodigitaldeescobar.com.ar\/","logo":{"@type":"ImageObject","inLanguage":"es","@id":"https:\/\/nuevodigitaldeescobar.com.ar\/#\/schema\/logo\/image\/","url":"https:\/\/nuevodigitaldeescobar.com.ar\/wp-content\/uploads\/2025\/05\/cropped-logo-nuevo2.jpg","contentUrl":"https:\/\/nuevodigitaldeescobar.com.ar\/wp-content\/uploads\/2025\/05\/cropped-logo-nuevo2.jpg","width":305,"height":305,"caption":"Nuevo Digital de Escobar"},"image":{"@id":"https:\/\/nuevodigitaldeescobar.com.ar\/#\/schema\/logo\/image\/"},"sameAs":["https:\/\/www.facebook.com\/NUEVODigitalDeEscobar","https:\/\/x.com\/nuevodigescobar","https:\/\/www.instagram.com\/nuevodigitaldeescobar"]},{"@type":"Person","@id":"https:\/\/nuevodigitaldeescobar.com.ar\/#\/schema\/person\/035e90a8efe9a80e6eec22656ad6ea4c","name":"Redacci\u00f3n","image":{"@type":"ImageObject","inLanguage":"es","@id":"https:\/\/nuevodigitaldeescobar.com.ar\/#\/schema\/person\/image\/","url":"https:\/\/secure.gravatar.com\/avatar\/8af8f40000c24e9eef3034f2be5998a372bb1389e64b1a4a36b3a7979142220d?s=96&d=mm&r=g","contentUrl":"https:\/\/secure.gravatar.com\/avatar\/8af8f40000c24e9eef3034f2be5998a372bb1389e64b1a4a36b3a7979142220d?s=96&d=mm&r=g","caption":"Redacci\u00f3n"},"sameAs":["http:\/\/nuevodigitaldeescobar.com.ar"],"url":"https:\/\/nuevodigitaldeescobar.com.ar\/?author=1"}]}},"featured_image_urls":{"full":["https:\/\/nuevodigitaldeescobar.com.ar\/wp-content\/uploads\/2025\/04\/vanina231.png",665,692,false],"thumbnail":["https:\/\/nuevodigitaldeescobar.com.ar\/wp-content\/uploads\/2025\/04\/vanina231-150x150.png",150,150,true],"medium":["https:\/\/nuevodigitaldeescobar.com.ar\/wp-content\/uploads\/2025\/04\/vanina231-288x300.png",288,300,true],"medium_large":["https:\/\/nuevodigitaldeescobar.com.ar\/wp-content\/uploads\/2025\/04\/vanina231.png",640,666,false],"large":["https:\/\/nuevodigitaldeescobar.com.ar\/wp-content\/uploads\/2025\/04\/vanina231.png",640,666,false],"1536x1536":["https:\/\/nuevodigitaldeescobar.com.ar\/wp-content\/uploads\/2025\/04\/vanina231.png",665,692,false],"2048x2048":["https:\/\/nuevodigitaldeescobar.com.ar\/wp-content\/uploads\/2025\/04\/vanina231.png",665,692,false]},"author_info":{"display_name":"Redacci\u00f3n","author_link":"https:\/\/nuevodigitaldeescobar.com.ar\/?author=1"},"category_info":"<a href=\"https:\/\/nuevodigitaldeescobar.com.ar\/?cat=235\" rel=\"category\">Judiciales<\/a>","tag_info":"Judiciales","comment_count":"0","_links":{"self":[{"href":"https:\/\/nuevodigitaldeescobar.com.ar\/index.php?rest_route=\/wp\/v2\/posts\/13669","targetHints":{"allow":["GET"]}}],"collection":[{"href":"https:\/\/nuevodigitaldeescobar.com.ar\/index.php?rest_route=\/wp\/v2\/posts"}],"about":[{"href":"https:\/\/nuevodigitaldeescobar.com.ar\/index.php?rest_route=\/wp\/v2\/types\/post"}],"author":[{"embeddable":true,"href":"https:\/\/nuevodigitaldeescobar.com.ar\/index.php?rest_route=\/wp\/v2\/users\/1"}],"replies":[{"embeddable":true,"href":"https:\/\/nuevodigitaldeescobar.com.ar\/index.php?rest_route=%2Fwp%2Fv2%2Fcomments&post=13669"}],"version-history":[{"count":1,"href":"https:\/\/nuevodigitaldeescobar.com.ar\/index.php?rest_route=\/wp\/v2\/posts\/13669\/revisions"}],"predecessor-version":[{"id":13671,"href":"https:\/\/nuevodigitaldeescobar.com.ar\/index.php?rest_route=\/wp\/v2\/posts\/13669\/revisions\/13671"}],"wp:featuredmedia":[{"embeddable":true,"href":"https:\/\/nuevodigitaldeescobar.com.ar\/index.php?rest_route=\/wp\/v2\/media\/13670"}],"wp:attachment":[{"href":"https:\/\/nuevodigitaldeescobar.com.ar\/index.php?rest_route=%2Fwp%2Fv2%2Fmedia&parent=13669"}],"wp:term":[{"taxonomy":"category","embeddable":true,"href":"https:\/\/nuevodigitaldeescobar.com.ar\/index.php?rest_route=%2Fwp%2Fv2%2Fcategories&post=13669"},{"taxonomy":"post_tag","embeddable":true,"href":"https:\/\/nuevodigitaldeescobar.com.ar\/index.php?rest_route=%2Fwp%2Fv2%2Ftags&post=13669"}],"curies":[{"name":"wp","href":"https:\/\/api.w.org\/{rel}","templated":true}]}}