{"id":13721,"date":"2025-04-09T14:20:21","date_gmt":"2025-04-09T17:20:21","guid":{"rendered":"https:\/\/nuevodigitaldeescobar.com.ar\/?p=13721"},"modified":"2025-04-09T18:11:12","modified_gmt":"2025-04-09T21:11:12","slug":"la-sub-17-clasifico-al-mundial-de-qatar-2025-que-paises-participan-y-cuantos-faltan","status":"publish","type":"post","link":"https:\/\/nuevodigitaldeescobar.com.ar\/?p=13721","title":{"rendered":"La Sub-17 clasific\u00f3 al Mundial de Qatar 2025: qu\u00e9 pa\u00edses participan y cu\u00e1ntos faltan"},"content":{"rendered":"\n<p>La Selecci\u00f3n Sub-17 aplast\u00f3 3 a 0 a Bolivia en los playoffs del Sudamericano de Colombia y clasific\u00f3 al Mundial de la categor\u00eda, que se realizar\u00e1 entre el 5 y 27 de noviembre en Qatar.<\/p>\n<p>Argentina domin\u00f3 el partido, pero le cost\u00f3 abrir el marcador. Los \u00abPibes de Placente\u00bb se pusieron en ventaja reci\u00e9n sobre el cierre del <strong>primer tiempo<\/strong>, con gol de cabeza de <strong>Thomas De Martis<\/strong> a los <strong>44 minutos<\/strong> de juego. Ya\u00a0en el <strong>segundo tiempo<\/strong>, a los trece minutos, <strong>el delantero de Lan\u00fas defini\u00f3 en un mano a mano con el arquero tras una gran habilitaci\u00f3n<\/strong> de Eli\u00e1n Ojeda. Finalmente, con el tiempo cumplido, <strong>Tom\u00e1s Parmo<\/strong> convertir\u00eda el tercero tras un remate que se estrell\u00f3 en el palo, sellando el partido y la clasificaci\u00f3n de la Albiceleste a la pr\u00f3xima Copa del Mundo.<\/p>\n<div class=\"inter_image image_horizontal\">\n<div>\n<span class=\"img_footer\">De Martis volvi\u00f3 a brillar con la Sub-17 <\/span>| \n<\/div>\n<\/div>\n<p>A pesar de estar clasificada, <strong>el conjunto nacional tendr\u00e1 un \u00faltimo compromiso en el Sudamericano<\/strong>, ya que se medir\u00e1\u00a0este viernes frente a <strong>Paraguay<\/strong>\u00a0por el quinto puesto del torneo. Ese mismo d\u00eda, <strong>Bolivia jugar\u00e1 contra Ecuador para definir el s\u00e9ptimo puesto y el \u00faltimo clasificado de Conmebol al Mundial<\/strong>.<\/p>\n<p>Por otro lado, hoy se juegan las semifinales del certamen. En primer turno\u00a0se enfrentar\u00e1n <strong>Brasil<\/strong>\u00a0 y <strong>Chile<\/strong>, y horas despu\u00e9s el cl\u00e1sico de la arepa entre <strong>Colombia<\/strong>\u00a0 y <strong>Venezuela<\/strong>. El Sudamericano concluir\u00e1 el s\u00e1bado con el partido\u00a0de tercer puesto y la gran final.<\/p>\n<h2><strong>Clasificados al Mundial Sub-17<\/strong><\/h2>\n<p>Con la goleada frente a los bolivianos, Argentina se suma a la lista de 40 clasificados para la Copa del Mundo juvenil. A\u00fan restan definir 8 boletos m\u00e1s, repartidos entre algunas de las confederaciones participantes.<\/p>\n<p><strong>CONMEBOL<\/strong>\u00a0 [Sud\u00e1merica](6 clasificados y <strong>1 pendiente<\/strong>)<\/p>\n<p>\t<strong>ARGENTINA<\/strong>\tBrasil\tChile\tColombia\tParaguay\tVenezuela<\/p>\n<p>El s\u00e9ptimo clasificado saldr\u00e1\u00a0del ganador entre Bolivia y Ecuador (<strong>11 de abril<\/strong>).<\/p>\n<p><strong>UEFA<\/strong>[Europa](11 clasificados)<\/p>\n<p>\tAlemania\tB\u00e9lgica\tCroacia\tFrancia\tInglaterra\tIrlanda\tItalia\tPortugal\tRep\u00fablica Checa\tSuiza<\/p>\n<p><strong>CAF<\/strong>[\u00c1frica](8 clasificados y <strong>2 pendientes<\/strong>)<\/p>\n<p>\tBurkina Faso\tCosta de Marfil\tMali\tMarruecos\tSenegal\tSud\u00e1frica\tT\u00fanez\tZambia<\/p>\n<p>Los \u00faltimos 2 clasificados saldr\u00e1n de los ganadores de los siguientes duelos (ambos el <strong>12 de abril<\/strong>):<\/p>\n<p>\tUganda vs. Gambia\tEgipto vs. Angola<\/p>\n<p><strong>CONCACAF<\/strong>\u00a0 [Norteam\u00e9rica, Centroam\u00e9rica y Caribe]\u00a0(8 clasificados)<\/p>\n<p>\tCanad\u00e1\tCosta Rica\tEl Salvador\tEstados Unidos\tHait\u00ed\tHonduras\tM\u00e9xico\tPanam\u00e1<\/p>\n<p><strong>AFC<\/strong>\u00a0 [Asia](4 clasificados y <strong>5 pendientes<\/strong>)<\/p>\n<p>\tQatar (anfitri\u00f3n)\tUzbekist\u00e1n\tArabia Saudita\tIndonesia<\/p>\n<p>Entre el <strong>10 y 11 de abril<\/strong> se definen los \u00faltimos clasificados.<\/p>\n<\n<p><strong>OFC<\/strong>\u00a0 [Ocean\u00eda](3 clasificados)<\/p>\n<p>\tFiji\tNueva Cadelonia\tNueva Zelanda<\/p>\n","protected":false},"excerpt":{"rendered":"<p>La Selecci\u00f3n Sub-17 aplast\u00f3 3 a 0 a Bolivia en los playoffs del Sudamericano de Colombia y clasific\u00f3 al Mundial de la categor\u00eda, que se [&hellip;]<\/p>\n","protected":false},"author":1,"featured_media":13722,"comment_status":"open","ping_status":"open","sticky":false,"template":"","format":"standard","meta":{"footnotes":""},"categories":[8],"tags":[],"class_list":["post-13721","post","type-post","status-publish","format-standard","has-post-thumbnail","hentry","category-deportes"],"better_featured_image":{"id":13722,"alt_text":"","caption":"","description":"","media_type":"image","media_details":{"width":1600,"height":1067,"file":"2025\/04\/argentina-sub-17-al-mundial-1024x682_1600_1067-JzEtUk.jpeg","filesize":161833,"sizes":{"medium":{"file":"argentina-sub-17-al-mundial-1024x682_1600_1067-JzEtUk-300x200.jpeg","width":300,"height":200,"mime-type":"image\/jpeg","filesize":17542,"source_url":"https:\/\/nuevodigitaldeescobar.com.ar\/wp-content\/uploads\/2025\/04\/argentina-sub-17-al-mundial-1024x682_1600_1067-JzEtUk-300x200.jpeg"},"large":{"file":"argentina-sub-17-al-mundial-1024x682_1600_1067-JzEtUk-1024x683.jpeg","width":1024,"height":683,"mime-type":"image\/jpeg","filesize":119566,"source_url":"https:\/\/nuevodigitaldeescobar.com.ar\/wp-content\/uploads\/2025\/04\/argentina-sub-17-al-mundial-1024x682_1600_1067-JzEtUk-1024x683.jpeg"},"thumbnail":{"file":"argentina-sub-17-al-mundial-1024x682_1600_1067-JzEtUk-150x150.jpeg","width":150,"height":150,"mime-type":"image\/jpeg","filesize":7749,"source_url":"https:\/\/nuevodigitaldeescobar.com.ar\/wp-content\/uploads\/2025\/04\/argentina-sub-17-al-mundial-1024x682_1600_1067-JzEtUk-150x150.jpeg"},"medium_large":{"file":"argentina-sub-17-al-mundial-1024x682_1600_1067-JzEtUk-768x512.jpeg","width":768,"height":512,"mime-type":"image\/jpeg","filesize":77346,"source_url":"https:\/\/nuevodigitaldeescobar.com.ar\/wp-content\/uploads\/2025\/04\/argentina-sub-17-al-mundial-1024x682_1600_1067-JzEtUk-768x512.jpeg"},"1536x1536":{"file":"argentina-sub-17-al-mundial-1024x682_1600_1067-JzEtUk-1536x1024.jpeg","width":1536,"height":1024,"mime-type":"image\/jpeg","filesize":209691,"source_url":"https:\/\/nuevodigitaldeescobar.com.ar\/wp-content\/uploads\/2025\/04\/argentina-sub-17-al-mundial-1024x682_1600_1067-JzEtUk-1536x1024.jpeg"}},"image_meta":{"aperture":"0","credit":"","camera":"","caption":"","created_timestamp":"0","copyright":"","focal_length":"0","iso":"0","shutter_speed":"0","title":"","orientation":"0","keywords":[]}},"post":13721,"source_url":"https:\/\/nuevodigitaldeescobar.com.ar\/wp-content\/uploads\/2025\/04\/argentina-sub-17-al-mundial-1024x682_1600_1067-JzEtUk.jpeg"},"yoast_head":"<!-- This site is optimized with the Yoast SEO plugin v26.1.1 - https:\/\/yoast.com\/wordpress\/plugins\/seo\/ -->\n<title>La Sub-17 clasific\u00f3 al Mundial de Qatar 2025: qu\u00e9 pa\u00edses participan y cu\u00e1ntos faltan - Nuevo Digital de Escobar<\/title>\n<meta name=\"robots\" content=\"index, follow, max-snippet:-1, max-image-preview:large, max-video-preview:-1\" \/>\n<link rel=\"canonical\" href=\"https:\/\/nuevodigitaldeescobar.com.ar\/?p=13721\" \/>\n<meta property=\"og:locale\" content=\"es_ES\" \/>\n<meta property=\"og:type\" content=\"article\" \/>\n<meta property=\"og:title\" content=\"La Sub-17 clasific\u00f3 al Mundial de Qatar 2025: qu\u00e9 pa\u00edses participan y cu\u00e1ntos faltan - Nuevo Digital de Escobar\" \/>\n<meta property=\"og:description\" content=\"La Selecci\u00f3n Sub-17 aplast\u00f3 3 a 0 a Bolivia en los playoffs del Sudamericano de Colombia y clasific\u00f3 al Mundial de la categor\u00eda, que se [&hellip;]\" \/>\n<meta property=\"og:url\" content=\"https:\/\/nuevodigitaldeescobar.com.ar\/?p=13721\" \/>\n<meta property=\"og:site_name\" content=\"Nuevo Digital de Escobar\" \/>\n<meta property=\"article:publisher\" content=\"https:\/\/www.facebook.com\/NUEVODigitalDeEscobar\" \/>\n<meta property=\"article:published_time\" content=\"2025-04-09T17:20:21+00:00\" \/>\n<meta property=\"article:modified_time\" content=\"2025-04-09T21:11:12+00:00\" \/>\n<meta property=\"og:image\" content=\"https:\/\/nuevodigitaldeescobar.com.ar\/wp-content\/uploads\/2025\/04\/argentina-sub-17-al-mundial-1024x682_1600_1067-JzEtUk.jpeg\" \/>\n\t<meta property=\"og:image:width\" content=\"1600\" \/>\n\t<meta property=\"og:image:height\" content=\"1067\" \/>\n\t<meta property=\"og:image:type\" content=\"image\/jpeg\" \/>\n<meta name=\"author\" content=\"Redacci\u00f3n\" \/>\n<meta name=\"twitter:card\" content=\"summary_large_image\" \/>\n<meta name=\"twitter:creator\" content=\"@nuevodigescobar\" \/>\n<meta name=\"twitter:site\" content=\"@nuevodigescobar\" \/>\n<meta name=\"twitter:label1\" content=\"Escrito por\" \/>\n\t<meta name=\"twitter:data1\" content=\"Redacci\u00f3n\" \/>\n\t<meta name=\"twitter:label2\" content=\"Tiempo de lectura\" \/>\n\t<meta name=\"twitter:data2\" content=\"2 minutos\" \/>\n<script type=\"application\/ld+json\" class=\"yoast-schema-graph\">{\"@context\":\"https:\/\/schema.org\",\"@graph\":[{\"@type\":\"Article\",\"@id\":\"https:\/\/nuevodigitaldeescobar.com.ar\/?p=13721#article\",\"isPartOf\":{\"@id\":\"https:\/\/nuevodigitaldeescobar.com.ar\/?p=13721\"},\"author\":{\"name\":\"Redacci\u00f3n\",\"@id\":\"https:\/\/nuevodigitaldeescobar.com.ar\/#\/schema\/person\/035e90a8efe9a80e6eec22656ad6ea4c\"},\"headline\":\"La Sub-17 clasific\u00f3 al Mundial de Qatar 2025: qu\u00e9 pa\u00edses participan y cu\u00e1ntos faltan\",\"datePublished\":\"2025-04-09T17:20:21+00:00\",\"dateModified\":\"2025-04-09T21:11:12+00:00\",\"mainEntityOfPage\":{\"@id\":\"https:\/\/nuevodigitaldeescobar.com.ar\/?p=13721\"},\"wordCount\":438,\"commentCount\":0,\"publisher\":{\"@id\":\"https:\/\/nuevodigitaldeescobar.com.ar\/#organization\"},\"image\":{\"@id\":\"https:\/\/nuevodigitaldeescobar.com.ar\/?p=13721#primaryimage\"},\"thumbnailUrl\":\"https:\/\/nuevodigitaldeescobar.com.ar\/wp-content\/uploads\/2025\/04\/argentina-sub-17-al-mundial-1024x682_1600_1067-JzEtUk.jpeg\",\"articleSection\":[\"Deportes\"],\"inLanguage\":\"es\",\"potentialAction\":[{\"@type\":\"CommentAction\",\"name\":\"Comment\",\"target\":[\"https:\/\/nuevodigitaldeescobar.com.ar\/?p=13721#respond\"]}]},{\"@type\":\"WebPage\",\"@id\":\"https:\/\/nuevodigitaldeescobar.com.ar\/?p=13721\",\"url\":\"https:\/\/nuevodigitaldeescobar.com.ar\/?p=13721\",\"name\":\"La Sub-17 clasific\u00f3 al Mundial de Qatar 2025: qu\u00e9 pa\u00edses participan y cu\u00e1ntos faltan - Nuevo Digital de Escobar\",\"isPartOf\":{\"@id\":\"https:\/\/nuevodigitaldeescobar.com.ar\/#website\"},\"primaryImageOfPage\":{\"@id\":\"https:\/\/nuevodigitaldeescobar.com.ar\/?p=13721#primaryimage\"},\"image\":{\"@id\":\"https:\/\/nuevodigitaldeescobar.com.ar\/?p=13721#primaryimage\"},\"thumbnailUrl\":\"https:\/\/nuevodigitaldeescobar.com.ar\/wp-content\/uploads\/2025\/04\/argentina-sub-17-al-mundial-1024x682_1600_1067-JzEtUk.jpeg\",\"datePublished\":\"2025-04-09T17:20:21+00:00\",\"dateModified\":\"2025-04-09T21:11:12+00:00\",\"breadcrumb\":{\"@id\":\"https:\/\/nuevodigitaldeescobar.com.ar\/?p=13721#breadcrumb\"},\"inLanguage\":\"es\",\"potentialAction\":[{\"@type\":\"ReadAction\",\"target\":[\"https:\/\/nuevodigitaldeescobar.com.ar\/?p=13721\"]}]},{\"@type\":\"ImageObject\",\"inLanguage\":\"es\",\"@id\":\"https:\/\/nuevodigitaldeescobar.com.ar\/?p=13721#primaryimage\",\"url\":\"https:\/\/nuevodigitaldeescobar.com.ar\/wp-content\/uploads\/2025\/04\/argentina-sub-17-al-mundial-1024x682_1600_1067-JzEtUk.jpeg\",\"contentUrl\":\"https:\/\/nuevodigitaldeescobar.com.ar\/wp-content\/uploads\/2025\/04\/argentina-sub-17-al-mundial-1024x682_1600_1067-JzEtUk.jpeg\",\"width\":1600,\"height\":1067},{\"@type\":\"BreadcrumbList\",\"@id\":\"https:\/\/nuevodigitaldeescobar.com.ar\/?p=13721#breadcrumb\",\"itemListElement\":[{\"@type\":\"ListItem\",\"position\":1,\"name\":\"Portada\",\"item\":\"https:\/\/nuevodigitaldeescobar.com.ar\/\"},{\"@type\":\"ListItem\",\"position\":2,\"name\":\"La Sub-17 clasific\u00f3 al Mundial de Qatar 2025: qu\u00e9 pa\u00edses participan y cu\u00e1ntos faltan\"}]},{\"@type\":\"WebSite\",\"@id\":\"https:\/\/nuevodigitaldeescobar.com.ar\/#website\",\"url\":\"https:\/\/nuevodigitaldeescobar.com.ar\/\",\"name\":\"Nuevo Digital de Escobar\",\"description\":\"La vida escobarense. Directora: Rosana Brunner\",\"publisher\":{\"@id\":\"https:\/\/nuevodigitaldeescobar.com.ar\/#organization\"},\"potentialAction\":[{\"@type\":\"SearchAction\",\"target\":{\"@type\":\"EntryPoint\",\"urlTemplate\":\"https:\/\/nuevodigitaldeescobar.com.ar\/?s={search_term_string}\"},\"query-input\":{\"@type\":\"PropertyValueSpecification\",\"valueRequired\":true,\"valueName\":\"search_term_string\"}}],\"inLanguage\":\"es\"},{\"@type\":\"Organization\",\"@id\":\"https:\/\/nuevodigitaldeescobar.com.ar\/#organization\",\"name\":\"Nuevo Digital de Escobar\",\"url\":\"https:\/\/nuevodigitaldeescobar.com.ar\/\",\"logo\":{\"@type\":\"ImageObject\",\"inLanguage\":\"es\",\"@id\":\"https:\/\/nuevodigitaldeescobar.com.ar\/#\/schema\/logo\/image\/\",\"url\":\"https:\/\/nuevodigitaldeescobar.com.ar\/wp-content\/uploads\/2025\/05\/cropped-logo-nuevo2.jpg\",\"contentUrl\":\"https:\/\/nuevodigitaldeescobar.com.ar\/wp-content\/uploads\/2025\/05\/cropped-logo-nuevo2.jpg\",\"width\":305,\"height\":305,\"caption\":\"Nuevo Digital de Escobar\"},\"image\":{\"@id\":\"https:\/\/nuevodigitaldeescobar.com.ar\/#\/schema\/logo\/image\/\"},\"sameAs\":[\"https:\/\/www.facebook.com\/NUEVODigitalDeEscobar\",\"https:\/\/x.com\/nuevodigescobar\",\"https:\/\/www.instagram.com\/nuevodigitaldeescobar\"]},{\"@type\":\"Person\",\"@id\":\"https:\/\/nuevodigitaldeescobar.com.ar\/#\/schema\/person\/035e90a8efe9a80e6eec22656ad6ea4c\",\"name\":\"Redacci\u00f3n\",\"image\":{\"@type\":\"ImageObject\",\"inLanguage\":\"es\",\"@id\":\"https:\/\/nuevodigitaldeescobar.com.ar\/#\/schema\/person\/image\/\",\"url\":\"https:\/\/secure.gravatar.com\/avatar\/8af8f40000c24e9eef3034f2be5998a372bb1389e64b1a4a36b3a7979142220d?s=96&d=mm&r=g\",\"contentUrl\":\"https:\/\/secure.gravatar.com\/avatar\/8af8f40000c24e9eef3034f2be5998a372bb1389e64b1a4a36b3a7979142220d?s=96&d=mm&r=g\",\"caption\":\"Redacci\u00f3n\"},\"sameAs\":[\"http:\/\/nuevodigitaldeescobar.com.ar\"],\"url\":\"https:\/\/nuevodigitaldeescobar.com.ar\/?author=1\"}]}<\/script>\n<!-- \/ Yoast SEO plugin. -->","yoast_head_json":{"title":"La Sub-17 clasific\u00f3 al Mundial de Qatar 2025: qu\u00e9 pa\u00edses participan y cu\u00e1ntos faltan - Nuevo Digital de Escobar","robots":{"index":"index","follow":"follow","max-snippet":"max-snippet:-1","max-image-preview":"max-image-preview:large","max-video-preview":"max-video-preview:-1"},"canonical":"https:\/\/nuevodigitaldeescobar.com.ar\/?p=13721","og_locale":"es_ES","og_type":"article","og_title":"La Sub-17 clasific\u00f3 al Mundial de Qatar 2025: qu\u00e9 pa\u00edses participan y cu\u00e1ntos faltan - Nuevo Digital de Escobar","og_description":"La Selecci\u00f3n Sub-17 aplast\u00f3 3 a 0 a Bolivia en los playoffs del Sudamericano de Colombia y clasific\u00f3 al Mundial de la categor\u00eda, que se [&hellip;]","og_url":"https:\/\/nuevodigitaldeescobar.com.ar\/?p=13721","og_site_name":"Nuevo Digital de Escobar","article_publisher":"https:\/\/www.facebook.com\/NUEVODigitalDeEscobar","article_published_time":"2025-04-09T17:20:21+00:00","article_modified_time":"2025-04-09T21:11:12+00:00","og_image":[{"width":1600,"height":1067,"url":"https:\/\/nuevodigitaldeescobar.com.ar\/wp-content\/uploads\/2025\/04\/argentina-sub-17-al-mundial-1024x682_1600_1067-JzEtUk.jpeg","type":"image\/jpeg"}],"author":"Redacci\u00f3n","twitter_card":"summary_large_image","twitter_creator":"@nuevodigescobar","twitter_site":"@nuevodigescobar","twitter_misc":{"Escrito por":"Redacci\u00f3n","Tiempo de lectura":"2 minutos"},"schema":{"@context":"https:\/\/schema.org","@graph":[{"@type":"Article","@id":"https:\/\/nuevodigitaldeescobar.com.ar\/?p=13721#article","isPartOf":{"@id":"https:\/\/nuevodigitaldeescobar.com.ar\/?p=13721"},"author":{"name":"Redacci\u00f3n","@id":"https:\/\/nuevodigitaldeescobar.com.ar\/#\/schema\/person\/035e90a8efe9a80e6eec22656ad6ea4c"},"headline":"La Sub-17 clasific\u00f3 al Mundial de Qatar 2025: qu\u00e9 pa\u00edses participan y cu\u00e1ntos faltan","datePublished":"2025-04-09T17:20:21+00:00","dateModified":"2025-04-09T21:11:12+00:00","mainEntityOfPage":{"@id":"https:\/\/nuevodigitaldeescobar.com.ar\/?p=13721"},"wordCount":438,"commentCount":0,"publisher":{"@id":"https:\/\/nuevodigitaldeescobar.com.ar\/#organization"},"image":{"@id":"https:\/\/nuevodigitaldeescobar.com.ar\/?p=13721#primaryimage"},"thumbnailUrl":"https:\/\/nuevodigitaldeescobar.com.ar\/wp-content\/uploads\/2025\/04\/argentina-sub-17-al-mundial-1024x682_1600_1067-JzEtUk.jpeg","articleSection":["Deportes"],"inLanguage":"es","potentialAction":[{"@type":"CommentAction","name":"Comment","target":["https:\/\/nuevodigitaldeescobar.com.ar\/?p=13721#respond"]}]},{"@type":"WebPage","@id":"https:\/\/nuevodigitaldeescobar.com.ar\/?p=13721","url":"https:\/\/nuevodigitaldeescobar.com.ar\/?p=13721","name":"La Sub-17 clasific\u00f3 al Mundial de Qatar 2025: qu\u00e9 pa\u00edses participan y cu\u00e1ntos faltan - Nuevo Digital de Escobar","isPartOf":{"@id":"https:\/\/nuevodigitaldeescobar.com.ar\/#website"},"primaryImageOfPage":{"@id":"https:\/\/nuevodigitaldeescobar.com.ar\/?p=13721#primaryimage"},"image":{"@id":"https:\/\/nuevodigitaldeescobar.com.ar\/?p=13721#primaryimage"},"thumbnailUrl":"https:\/\/nuevodigitaldeescobar.com.ar\/wp-content\/uploads\/2025\/04\/argentina-sub-17-al-mundial-1024x682_1600_1067-JzEtUk.jpeg","datePublished":"2025-04-09T17:20:21+00:00","dateModified":"2025-04-09T21:11:12+00:00","breadcrumb":{"@id":"https:\/\/nuevodigitaldeescobar.com.ar\/?p=13721#breadcrumb"},"inLanguage":"es","potentialAction":[{"@type":"ReadAction","target":["https:\/\/nuevodigitaldeescobar.com.ar\/?p=13721"]}]},{"@type":"ImageObject","inLanguage":"es","@id":"https:\/\/nuevodigitaldeescobar.com.ar\/?p=13721#primaryimage","url":"https:\/\/nuevodigitaldeescobar.com.ar\/wp-content\/uploads\/2025\/04\/argentina-sub-17-al-mundial-1024x682_1600_1067-JzEtUk.jpeg","contentUrl":"https:\/\/nuevodigitaldeescobar.com.ar\/wp-content\/uploads\/2025\/04\/argentina-sub-17-al-mundial-1024x682_1600_1067-JzEtUk.jpeg","width":1600,"height":1067},{"@type":"BreadcrumbList","@id":"https:\/\/nuevodigitaldeescobar.com.ar\/?p=13721#breadcrumb","itemListElement":[{"@type":"ListItem","position":1,"name":"Portada","item":"https:\/\/nuevodigitaldeescobar.com.ar\/"},{"@type":"ListItem","position":2,"name":"La Sub-17 clasific\u00f3 al Mundial de Qatar 2025: qu\u00e9 pa\u00edses participan y cu\u00e1ntos faltan"}]},{"@type":"WebSite","@id":"https:\/\/nuevodigitaldeescobar.com.ar\/#website","url":"https:\/\/nuevodigitaldeescobar.com.ar\/","name":"Nuevo Digital de Escobar","description":"La vida escobarense. Directora: Rosana Brunner","publisher":{"@id":"https:\/\/nuevodigitaldeescobar.com.ar\/#organization"},"potentialAction":[{"@type":"SearchAction","target":{"@type":"EntryPoint","urlTemplate":"https:\/\/nuevodigitaldeescobar.com.ar\/?s={search_term_string}"},"query-input":{"@type":"PropertyValueSpecification","valueRequired":true,"valueName":"search_term_string"}}],"inLanguage":"es"},{"@type":"Organization","@id":"https:\/\/nuevodigitaldeescobar.com.ar\/#organization","name":"Nuevo Digital de Escobar","url":"https:\/\/nuevodigitaldeescobar.com.ar\/","logo":{"@type":"ImageObject","inLanguage":"es","@id":"https:\/\/nuevodigitaldeescobar.com.ar\/#\/schema\/logo\/image\/","url":"https:\/\/nuevodigitaldeescobar.com.ar\/wp-content\/uploads\/2025\/05\/cropped-logo-nuevo2.jpg","contentUrl":"https:\/\/nuevodigitaldeescobar.com.ar\/wp-content\/uploads\/2025\/05\/cropped-logo-nuevo2.jpg","width":305,"height":305,"caption":"Nuevo Digital de Escobar"},"image":{"@id":"https:\/\/nuevodigitaldeescobar.com.ar\/#\/schema\/logo\/image\/"},"sameAs":["https:\/\/www.facebook.com\/NUEVODigitalDeEscobar","https:\/\/x.com\/nuevodigescobar","https:\/\/www.instagram.com\/nuevodigitaldeescobar"]},{"@type":"Person","@id":"https:\/\/nuevodigitaldeescobar.com.ar\/#\/schema\/person\/035e90a8efe9a80e6eec22656ad6ea4c","name":"Redacci\u00f3n","image":{"@type":"ImageObject","inLanguage":"es","@id":"https:\/\/nuevodigitaldeescobar.com.ar\/#\/schema\/person\/image\/","url":"https:\/\/secure.gravatar.com\/avatar\/8af8f40000c24e9eef3034f2be5998a372bb1389e64b1a4a36b3a7979142220d?s=96&d=mm&r=g","contentUrl":"https:\/\/secure.gravatar.com\/avatar\/8af8f40000c24e9eef3034f2be5998a372bb1389e64b1a4a36b3a7979142220d?s=96&d=mm&r=g","caption":"Redacci\u00f3n"},"sameAs":["http:\/\/nuevodigitaldeescobar.com.ar"],"url":"https:\/\/nuevodigitaldeescobar.com.ar\/?author=1"}]}},"featured_image_urls":{"full":["https:\/\/nuevodigitaldeescobar.com.ar\/wp-content\/uploads\/2025\/04\/argentina-sub-17-al-mundial-1024x682_1600_1067-JzEtUk.jpeg",1600,1067,false],"thumbnail":["https:\/\/nuevodigitaldeescobar.com.ar\/wp-content\/uploads\/2025\/04\/argentina-sub-17-al-mundial-1024x682_1600_1067-JzEtUk-150x150.jpeg",150,150,true],"medium":["https:\/\/nuevodigitaldeescobar.com.ar\/wp-content\/uploads\/2025\/04\/argentina-sub-17-al-mundial-1024x682_1600_1067-JzEtUk-300x200.jpeg",300,200,true],"medium_large":["https:\/\/nuevodigitaldeescobar.com.ar\/wp-content\/uploads\/2025\/04\/argentina-sub-17-al-mundial-1024x682_1600_1067-JzEtUk-768x512.jpeg",640,427,true],"large":["https:\/\/nuevodigitaldeescobar.com.ar\/wp-content\/uploads\/2025\/04\/argentina-sub-17-al-mundial-1024x682_1600_1067-JzEtUk-1024x683.jpeg",640,427,true],"1536x1536":["https:\/\/nuevodigitaldeescobar.com.ar\/wp-content\/uploads\/2025\/04\/argentina-sub-17-al-mundial-1024x682_1600_1067-JzEtUk-1536x1024.jpeg",1536,1024,true],"2048x2048":["https:\/\/nuevodigitaldeescobar.com.ar\/wp-content\/uploads\/2025\/04\/argentina-sub-17-al-mundial-1024x682_1600_1067-JzEtUk.jpeg",1600,1067,false]},"author_info":{"display_name":"Redacci\u00f3n","author_link":"https:\/\/nuevodigitaldeescobar.com.ar\/?author=1"},"category_info":"<a href=\"https:\/\/nuevodigitaldeescobar.com.ar\/?cat=8\" rel=\"category\">Deportes<\/a>","tag_info":"Deportes","comment_count":"0","_links":{"self":[{"href":"https:\/\/nuevodigitaldeescobar.com.ar\/index.php?rest_route=\/wp\/v2\/posts\/13721","targetHints":{"allow":["GET"]}}],"collection":[{"href":"https:\/\/nuevodigitaldeescobar.com.ar\/index.php?rest_route=\/wp\/v2\/posts"}],"about":[{"href":"https:\/\/nuevodigitaldeescobar.com.ar\/index.php?rest_route=\/wp\/v2\/types\/post"}],"author":[{"embeddable":true,"href":"https:\/\/nuevodigitaldeescobar.com.ar\/index.php?rest_route=\/wp\/v2\/users\/1"}],"replies":[{"embeddable":true,"href":"https:\/\/nuevodigitaldeescobar.com.ar\/index.php?rest_route=%2Fwp%2Fv2%2Fcomments&post=13721"}],"version-history":[{"count":1,"href":"https:\/\/nuevodigitaldeescobar.com.ar\/index.php?rest_route=\/wp\/v2\/posts\/13721\/revisions"}],"predecessor-version":[{"id":13726,"href":"https:\/\/nuevodigitaldeescobar.com.ar\/index.php?rest_route=\/wp\/v2\/posts\/13721\/revisions\/13726"}],"wp:featuredmedia":[{"embeddable":true,"href":"https:\/\/nuevodigitaldeescobar.com.ar\/index.php?rest_route=\/wp\/v2\/media\/13722"}],"wp:attachment":[{"href":"https:\/\/nuevodigitaldeescobar.com.ar\/index.php?rest_route=%2Fwp%2Fv2%2Fmedia&parent=13721"}],"wp:term":[{"taxonomy":"category","embeddable":true,"href":"https:\/\/nuevodigitaldeescobar.com.ar\/index.php?rest_route=%2Fwp%2Fv2%2Fcategories&post=13721"},{"taxonomy":"post_tag","embeddable":true,"href":"https:\/\/nuevodigitaldeescobar.com.ar\/index.php?rest_route=%2Fwp%2Fv2%2Ftags&post=13721"}],"curies":[{"name":"wp","href":"https:\/\/api.w.org\/{rel}","templated":true}]}}