{"id":13775,"date":"2025-04-11T10:44:50","date_gmt":"2025-04-11T13:44:50","guid":{"rendered":"https:\/\/nuevodigitaldeescobar.com.ar\/?p=13775"},"modified":"2025-04-11T10:44:51","modified_gmt":"2025-04-11T13:44:51","slug":"alerta-en-adolescentes-crecen-un-30-las-consultas-por-depresion-y-ansiedad","status":"publish","type":"post","link":"https:\/\/nuevodigitaldeescobar.com.ar\/?p=13775","title":{"rendered":"Alerta en adolescentes: crecen un 30% las consultas por depresi\u00f3n y ansiedad"},"content":{"rendered":"\n<p class=\"has-vivid-cyan-blue-color has-text-color has-link-color wp-elements-610d4bf382d5faf761fdfd8f54c5cd16\"><em><strong>La salud mental de ni\u00f1os y adolescentes se ha convertido en una preocupaci\u00f3n creciente entre profesionales m\u00e9dicos y familias por igual. Seg\u00fan un reciente informe del Hospital de Cl\u00ednicas \u00abJos\u00e9 de San Mart\u00edn\u00bb de la Universidad de Buenos Aires, las consultas por depresi\u00f3n y ansiedad en adolescentes aumentaron un 30% en el \u00faltimo a\u00f1o.<\/strong><\/em><\/p>\n\n\n\n<!--more-->\n\n\n\n<p>Los especialistas coinciden en que los s\u00edntomas en j\u00f3venes no siempre se presentan como en los adultos. En lugar de la tristeza o el desgano que suelen observarse en personas mayores, los adolescentes pueden mostrarse irritables, retra\u00eddos, con alteraciones en los h\u00e1bitos de sue\u00f1o o alimentaci\u00f3n, o tener un rendimiento escolar inestable. A menudo, estas se\u00f1ales pasan desapercibidas o son atribuidas a \u00abmal car\u00e1cter\u00bb o a simples actitudes rebeldes propias de la edad.<\/p>\n\n\n\n<p>El informe fue difundido en el marco del D\u00eda Mundial de la Salud y advierte que los casos graves tambi\u00e9n van en aumento. En los \u00faltimos cinco a\u00f1os, se registr\u00f3 un crecimiento sostenido en los diagn\u00f3sticos y en episodios como los intentos de suicidio entre adolescentes y j\u00f3venes adultos. La Organizaci\u00f3n Mundial de la Salud (OMS), por su parte, alerta que el suicidio es la tercera causa de muerte en el grupo de entre 15 y 29 a\u00f1os.<\/p>\n\n\n\n<h3 class=\"wp-block-heading has-text-color has-link-color wp-elements-39925cbc1d866f7fafb83a0f6085e3bd\" style=\"color:#041bcf\"><em>S\u00edntomas que pueden pasar desapercibidos<\/em><\/h3>\n\n\n\n<p><em>\u201cLa depresi\u00f3n en adolescentes no siempre se presenta con tristeza. A veces se manifiesta como irritabilidad, aislamiento, impulsividad o conductas desafiantes\u201d<\/em>, explica la doctora Silvia Ongini, psiquiatra infanto-juvenil del Hospital de Cl\u00ednicas. En ni\u00f1os m\u00e1s peque\u00f1os, los cambios pueden incluir berrinches constantes, alteraciones en el sue\u00f1o o la alimentaci\u00f3n, y una baja tolerancia a la frustraci\u00f3n.<\/p>\n\n\n\n<p>Los especialistas insisten en que el acompa\u00f1amiento familiar y escolar es clave. La detecci\u00f3n temprana y el acceso a un tratamiento adecuado pueden evitar consecuencias m\u00e1s graves y mejorar el bienestar integral del menor.<\/p>\n\n\n\n<h3 class=\"wp-block-heading has-text-color has-link-color wp-elements-434374f8bf78c545062a92944f1c9859\" style=\"color:#041bcf\"><em>Un combo de causas que potencia el malestar<\/em><\/h3>\n\n\n\n<p>El impacto de la pandemia sigue pesando. Muchos chicos que dejaron de ir al jard\u00edn o de jugar con sus amigos durante el aislamiento hoy enfrentan dificultades emocionales importantes. A eso se suman otras causas estructurales, como el bullying (presencial o virtual), la presi\u00f3n social, situaciones de violencia familiar o problemas econ\u00f3micos.<\/p>\n\n\n\n<p>En este contexto, la licenciada en psicolog\u00eda Sonia Almada, especializada en infancia y adolescencia, advierte que los problemas de salud mental en ni\u00f1os siguen siendo tab\u00fa: <em>\u201cSe subdiagnostican porque sus s\u00edntomas no siempre se interpretan correctamente. A veces, un ni\u00f1o que busca ser castigado o se porta mal, en realidad est\u00e1 pidiendo ayuda\u201d<\/em>.<\/p>\n\n\n\n<h3 class=\"wp-block-heading has-text-color has-link-color wp-elements-af82620d92617e458a4944aa5c009156\" style=\"color:#041bcf\"><em>Redes sociales y autoestima: el nuevo frente de batalla<\/em><\/h3>\n\n\n\n<p>Otro factor determinante es el uso intensivo de redes sociales. La doctora Geraldine Peronace, m\u00e9dica psiquiatra, sostiene que muchos adolescentes vinculan su autoestima con la cantidad de \u2018likes\u2019 o reproducciones que obtienen en plataformas como Instagram y TikTok. Esa dependencia de la validaci\u00f3n externa puede afectar de manera profunda la salud emocional.<\/p>\n\n\n\n<p><em>\u201cLa exposici\u00f3n excesiva a las redes puede generar ansiedad, baja autoestima y una percepci\u00f3n distorsionada del propio valor. Por eso es fundamental que los adultos acompa\u00f1en ese uso y promuevan una relaci\u00f3n m\u00e1s saludable con la tecnolog\u00eda\u201d<\/em>, enfatiza Peronace.<\/p>\n\n\n\n<p>La OMS advierte que los problemas de salud mental no tratados en la adolescencia pueden extenderse a lo largo de la vida, afectando tanto la salud f\u00edsica como emocional. Frente a esta realidad, el mensaje de los profesionales es claro: padres, docentes y adultos a cargo deben estar atentos, hablar con los chicos y buscar apoyo profesional ante cualquier cambio llamativo en el comportamiento.<\/p>\n\n\n\n<p><em>(Infobae)<\/em><\/p>\n","protected":false},"excerpt":{"rendered":"<p>La salud mental de ni\u00f1os y adolescentes se ha convertido en una preocupaci\u00f3n creciente entre profesionales m\u00e9dicos y familias por igual. Seg\u00fan un reciente informe [&hellip;]<\/p>\n","protected":false},"author":1,"featured_media":11303,"comment_status":"open","ping_status":"open","sticky":false,"template":"","format":"standard","meta":{"footnotes":""},"categories":[3],"tags":[],"class_list":["post-13775","post","type-post","status-publish","format-standard","has-post-thumbnail","hentry","category-nutricion"],"better_featured_image":{"id":11303,"alt_text":"","caption":"","description":"","media_type":"image","media_details":{"width":1248,"height":698,"file":"2025\/01\/depre123.webp","filesize":25346,"sizes":{"medium":{"file":"depre123-300x168.webp","width":300,"height":168,"mime-type":"image\/webp","filesize":2964,"source_url":"https:\/\/nuevodigitaldeescobar.com.ar\/wp-content\/uploads\/2025\/01\/depre123-300x168.webp"},"large":{"file":"depre123-1024x573.webp","width":1024,"height":573,"mime-type":"image\/webp","filesize":15272,"source_url":"https:\/\/nuevodigitaldeescobar.com.ar\/wp-content\/uploads\/2025\/01\/depre123-1024x573.webp"},"thumbnail":{"file":"depre123-150x150.webp","width":150,"height":150,"mime-type":"image\/webp","filesize":1486,"source_url":"https:\/\/nuevodigitaldeescobar.com.ar\/wp-content\/uploads\/2025\/01\/depre123-150x150.webp"},"medium_large":{"file":"depre123-768x430.webp","width":768,"height":430,"mime-type":"image\/webp","filesize":9672,"source_url":"https:\/\/nuevodigitaldeescobar.com.ar\/wp-content\/uploads\/2025\/01\/depre123-768x430.webp"}},"image_meta":{"aperture":"0","credit":"","camera":"","caption":"","created_timestamp":"0","copyright":"","focal_length":"0","iso":"0","shutter_speed":"0","title":"","orientation":"0","keywords":[]}},"post":11293,"source_url":"https:\/\/nuevodigitaldeescobar.com.ar\/wp-content\/uploads\/2025\/01\/depre123.webp"},"yoast_head":"<!-- This site is optimized with the Yoast SEO plugin v26.1.1 - https:\/\/yoast.com\/wordpress\/plugins\/seo\/ -->\n<title>Alerta en adolescentes: crecen un 30% las consultas por depresi\u00f3n y ansiedad - Nuevo Digital de Escobar<\/title>\n<meta name=\"robots\" content=\"index, follow, max-snippet:-1, max-image-preview:large, max-video-preview:-1\" \/>\n<link rel=\"canonical\" href=\"https:\/\/nuevodigitaldeescobar.com.ar\/?p=13775\" \/>\n<meta property=\"og:locale\" content=\"es_ES\" \/>\n<meta property=\"og:type\" content=\"article\" \/>\n<meta property=\"og:title\" content=\"Alerta en adolescentes: crecen un 30% las consultas por depresi\u00f3n y ansiedad - Nuevo Digital de Escobar\" \/>\n<meta property=\"og:description\" content=\"La salud mental de ni\u00f1os y adolescentes se ha convertido en una preocupaci\u00f3n creciente entre profesionales m\u00e9dicos y familias por igual. Seg\u00fan un reciente informe [&hellip;]\" \/>\n<meta property=\"og:url\" content=\"https:\/\/nuevodigitaldeescobar.com.ar\/?p=13775\" \/>\n<meta property=\"og:site_name\" content=\"Nuevo Digital de Escobar\" \/>\n<meta property=\"article:publisher\" content=\"https:\/\/www.facebook.com\/NUEVODigitalDeEscobar\" \/>\n<meta property=\"article:published_time\" content=\"2025-04-11T13:44:50+00:00\" \/>\n<meta property=\"article:modified_time\" content=\"2025-04-11T13:44:51+00:00\" \/>\n<meta property=\"og:image\" content=\"https:\/\/nuevodigitaldeescobar.com.ar\/wp-content\/uploads\/2025\/01\/depre123.webp\" \/>\n\t<meta property=\"og:image:width\" content=\"1248\" \/>\n\t<meta property=\"og:image:height\" content=\"698\" \/>\n\t<meta property=\"og:image:type\" content=\"image\/webp\" \/>\n<meta name=\"author\" content=\"Redacci\u00f3n\" \/>\n<meta name=\"twitter:card\" content=\"summary_large_image\" \/>\n<meta name=\"twitter:creator\" content=\"@nuevodigescobar\" \/>\n<meta name=\"twitter:site\" content=\"@nuevodigescobar\" \/>\n<meta name=\"twitter:label1\" content=\"Escrito por\" \/>\n\t<meta name=\"twitter:data1\" content=\"Redacci\u00f3n\" \/>\n\t<meta name=\"twitter:label2\" content=\"Tiempo de lectura\" \/>\n\t<meta name=\"twitter:data2\" content=\"3 minutos\" \/>\n<script type=\"application\/ld+json\" class=\"yoast-schema-graph\">{\"@context\":\"https:\/\/schema.org\",\"@graph\":[{\"@type\":\"Article\",\"@id\":\"https:\/\/nuevodigitaldeescobar.com.ar\/?p=13775#article\",\"isPartOf\":{\"@id\":\"https:\/\/nuevodigitaldeescobar.com.ar\/?p=13775\"},\"author\":{\"name\":\"Redacci\u00f3n\",\"@id\":\"https:\/\/nuevodigitaldeescobar.com.ar\/#\/schema\/person\/035e90a8efe9a80e6eec22656ad6ea4c\"},\"headline\":\"Alerta en adolescentes: crecen un 30% las consultas por depresi\u00f3n y ansiedad\",\"datePublished\":\"2025-04-11T13:44:50+00:00\",\"dateModified\":\"2025-04-11T13:44:51+00:00\",\"mainEntityOfPage\":{\"@id\":\"https:\/\/nuevodigitaldeescobar.com.ar\/?p=13775\"},\"wordCount\":638,\"commentCount\":0,\"publisher\":{\"@id\":\"https:\/\/nuevodigitaldeescobar.com.ar\/#organization\"},\"image\":{\"@id\":\"https:\/\/nuevodigitaldeescobar.com.ar\/?p=13775#primaryimage\"},\"thumbnailUrl\":\"https:\/\/nuevodigitaldeescobar.com.ar\/wp-content\/uploads\/2025\/01\/depre123.webp\",\"articleSection\":[\"Salud y Nutrici\u00f3n\"],\"inLanguage\":\"es\",\"potentialAction\":[{\"@type\":\"CommentAction\",\"name\":\"Comment\",\"target\":[\"https:\/\/nuevodigitaldeescobar.com.ar\/?p=13775#respond\"]}]},{\"@type\":\"WebPage\",\"@id\":\"https:\/\/nuevodigitaldeescobar.com.ar\/?p=13775\",\"url\":\"https:\/\/nuevodigitaldeescobar.com.ar\/?p=13775\",\"name\":\"Alerta en adolescentes: crecen un 30% las consultas por depresi\u00f3n y ansiedad - Nuevo Digital de Escobar\",\"isPartOf\":{\"@id\":\"https:\/\/nuevodigitaldeescobar.com.ar\/#website\"},\"primaryImageOfPage\":{\"@id\":\"https:\/\/nuevodigitaldeescobar.com.ar\/?p=13775#primaryimage\"},\"image\":{\"@id\":\"https:\/\/nuevodigitaldeescobar.com.ar\/?p=13775#primaryimage\"},\"thumbnailUrl\":\"https:\/\/nuevodigitaldeescobar.com.ar\/wp-content\/uploads\/2025\/01\/depre123.webp\",\"datePublished\":\"2025-04-11T13:44:50+00:00\",\"dateModified\":\"2025-04-11T13:44:51+00:00\",\"breadcrumb\":{\"@id\":\"https:\/\/nuevodigitaldeescobar.com.ar\/?p=13775#breadcrumb\"},\"inLanguage\":\"es\",\"potentialAction\":[{\"@type\":\"ReadAction\",\"target\":[\"https:\/\/nuevodigitaldeescobar.com.ar\/?p=13775\"]}]},{\"@type\":\"ImageObject\",\"inLanguage\":\"es\",\"@id\":\"https:\/\/nuevodigitaldeescobar.com.ar\/?p=13775#primaryimage\",\"url\":\"https:\/\/nuevodigitaldeescobar.com.ar\/wp-content\/uploads\/2025\/01\/depre123.webp\",\"contentUrl\":\"https:\/\/nuevodigitaldeescobar.com.ar\/wp-content\/uploads\/2025\/01\/depre123.webp\",\"width\":1248,\"height\":698},{\"@type\":\"BreadcrumbList\",\"@id\":\"https:\/\/nuevodigitaldeescobar.com.ar\/?p=13775#breadcrumb\",\"itemListElement\":[{\"@type\":\"ListItem\",\"position\":1,\"name\":\"Portada\",\"item\":\"https:\/\/nuevodigitaldeescobar.com.ar\/\"},{\"@type\":\"ListItem\",\"position\":2,\"name\":\"Alerta en adolescentes: crecen un 30% las consultas por depresi\u00f3n y ansiedad\"}]},{\"@type\":\"WebSite\",\"@id\":\"https:\/\/nuevodigitaldeescobar.com.ar\/#website\",\"url\":\"https:\/\/nuevodigitaldeescobar.com.ar\/\",\"name\":\"Nuevo Digital de Escobar\",\"description\":\"La vida escobarense. Directora: Rosana Brunner\",\"publisher\":{\"@id\":\"https:\/\/nuevodigitaldeescobar.com.ar\/#organization\"},\"potentialAction\":[{\"@type\":\"SearchAction\",\"target\":{\"@type\":\"EntryPoint\",\"urlTemplate\":\"https:\/\/nuevodigitaldeescobar.com.ar\/?s={search_term_string}\"},\"query-input\":{\"@type\":\"PropertyValueSpecification\",\"valueRequired\":true,\"valueName\":\"search_term_string\"}}],\"inLanguage\":\"es\"},{\"@type\":\"Organization\",\"@id\":\"https:\/\/nuevodigitaldeescobar.com.ar\/#organization\",\"name\":\"Nuevo Digital de Escobar\",\"url\":\"https:\/\/nuevodigitaldeescobar.com.ar\/\",\"logo\":{\"@type\":\"ImageObject\",\"inLanguage\":\"es\",\"@id\":\"https:\/\/nuevodigitaldeescobar.com.ar\/#\/schema\/logo\/image\/\",\"url\":\"https:\/\/nuevodigitaldeescobar.com.ar\/wp-content\/uploads\/2025\/05\/cropped-logo-nuevo2.jpg\",\"contentUrl\":\"https:\/\/nuevodigitaldeescobar.com.ar\/wp-content\/uploads\/2025\/05\/cropped-logo-nuevo2.jpg\",\"width\":305,\"height\":305,\"caption\":\"Nuevo Digital de Escobar\"},\"image\":{\"@id\":\"https:\/\/nuevodigitaldeescobar.com.ar\/#\/schema\/logo\/image\/\"},\"sameAs\":[\"https:\/\/www.facebook.com\/NUEVODigitalDeEscobar\",\"https:\/\/x.com\/nuevodigescobar\",\"https:\/\/www.instagram.com\/nuevodigitaldeescobar\"]},{\"@type\":\"Person\",\"@id\":\"https:\/\/nuevodigitaldeescobar.com.ar\/#\/schema\/person\/035e90a8efe9a80e6eec22656ad6ea4c\",\"name\":\"Redacci\u00f3n\",\"image\":{\"@type\":\"ImageObject\",\"inLanguage\":\"es\",\"@id\":\"https:\/\/nuevodigitaldeescobar.com.ar\/#\/schema\/person\/image\/\",\"url\":\"https:\/\/secure.gravatar.com\/avatar\/8af8f40000c24e9eef3034f2be5998a372bb1389e64b1a4a36b3a7979142220d?s=96&d=mm&r=g\",\"contentUrl\":\"https:\/\/secure.gravatar.com\/avatar\/8af8f40000c24e9eef3034f2be5998a372bb1389e64b1a4a36b3a7979142220d?s=96&d=mm&r=g\",\"caption\":\"Redacci\u00f3n\"},\"sameAs\":[\"http:\/\/nuevodigitaldeescobar.com.ar\"],\"url\":\"https:\/\/nuevodigitaldeescobar.com.ar\/?author=1\"}]}<\/script>\n<!-- \/ Yoast SEO plugin. -->","yoast_head_json":{"title":"Alerta en adolescentes: crecen un 30% las consultas por depresi\u00f3n y ansiedad - Nuevo Digital de Escobar","robots":{"index":"index","follow":"follow","max-snippet":"max-snippet:-1","max-image-preview":"max-image-preview:large","max-video-preview":"max-video-preview:-1"},"canonical":"https:\/\/nuevodigitaldeescobar.com.ar\/?p=13775","og_locale":"es_ES","og_type":"article","og_title":"Alerta en adolescentes: crecen un 30% las consultas por depresi\u00f3n y ansiedad - Nuevo Digital de Escobar","og_description":"La salud mental de ni\u00f1os y adolescentes se ha convertido en una preocupaci\u00f3n creciente entre profesionales m\u00e9dicos y familias por igual. Seg\u00fan un reciente informe [&hellip;]","og_url":"https:\/\/nuevodigitaldeescobar.com.ar\/?p=13775","og_site_name":"Nuevo Digital de Escobar","article_publisher":"https:\/\/www.facebook.com\/NUEVODigitalDeEscobar","article_published_time":"2025-04-11T13:44:50+00:00","article_modified_time":"2025-04-11T13:44:51+00:00","og_image":[{"width":1248,"height":698,"url":"https:\/\/nuevodigitaldeescobar.com.ar\/wp-content\/uploads\/2025\/01\/depre123.webp","type":"image\/webp"}],"author":"Redacci\u00f3n","twitter_card":"summary_large_image","twitter_creator":"@nuevodigescobar","twitter_site":"@nuevodigescobar","twitter_misc":{"Escrito por":"Redacci\u00f3n","Tiempo de lectura":"3 minutos"},"schema":{"@context":"https:\/\/schema.org","@graph":[{"@type":"Article","@id":"https:\/\/nuevodigitaldeescobar.com.ar\/?p=13775#article","isPartOf":{"@id":"https:\/\/nuevodigitaldeescobar.com.ar\/?p=13775"},"author":{"name":"Redacci\u00f3n","@id":"https:\/\/nuevodigitaldeescobar.com.ar\/#\/schema\/person\/035e90a8efe9a80e6eec22656ad6ea4c"},"headline":"Alerta en adolescentes: crecen un 30% las consultas por depresi\u00f3n y ansiedad","datePublished":"2025-04-11T13:44:50+00:00","dateModified":"2025-04-11T13:44:51+00:00","mainEntityOfPage":{"@id":"https:\/\/nuevodigitaldeescobar.com.ar\/?p=13775"},"wordCount":638,"commentCount":0,"publisher":{"@id":"https:\/\/nuevodigitaldeescobar.com.ar\/#organization"},"image":{"@id":"https:\/\/nuevodigitaldeescobar.com.ar\/?p=13775#primaryimage"},"thumbnailUrl":"https:\/\/nuevodigitaldeescobar.com.ar\/wp-content\/uploads\/2025\/01\/depre123.webp","articleSection":["Salud y Nutrici\u00f3n"],"inLanguage":"es","potentialAction":[{"@type":"CommentAction","name":"Comment","target":["https:\/\/nuevodigitaldeescobar.com.ar\/?p=13775#respond"]}]},{"@type":"WebPage","@id":"https:\/\/nuevodigitaldeescobar.com.ar\/?p=13775","url":"https:\/\/nuevodigitaldeescobar.com.ar\/?p=13775","name":"Alerta en adolescentes: crecen un 30% las consultas por depresi\u00f3n y ansiedad - Nuevo Digital de Escobar","isPartOf":{"@id":"https:\/\/nuevodigitaldeescobar.com.ar\/#website"},"primaryImageOfPage":{"@id":"https:\/\/nuevodigitaldeescobar.com.ar\/?p=13775#primaryimage"},"image":{"@id":"https:\/\/nuevodigitaldeescobar.com.ar\/?p=13775#primaryimage"},"thumbnailUrl":"https:\/\/nuevodigitaldeescobar.com.ar\/wp-content\/uploads\/2025\/01\/depre123.webp","datePublished":"2025-04-11T13:44:50+00:00","dateModified":"2025-04-11T13:44:51+00:00","breadcrumb":{"@id":"https:\/\/nuevodigitaldeescobar.com.ar\/?p=13775#breadcrumb"},"inLanguage":"es","potentialAction":[{"@type":"ReadAction","target":["https:\/\/nuevodigitaldeescobar.com.ar\/?p=13775"]}]},{"@type":"ImageObject","inLanguage":"es","@id":"https:\/\/nuevodigitaldeescobar.com.ar\/?p=13775#primaryimage","url":"https:\/\/nuevodigitaldeescobar.com.ar\/wp-content\/uploads\/2025\/01\/depre123.webp","contentUrl":"https:\/\/nuevodigitaldeescobar.com.ar\/wp-content\/uploads\/2025\/01\/depre123.webp","width":1248,"height":698},{"@type":"BreadcrumbList","@id":"https:\/\/nuevodigitaldeescobar.com.ar\/?p=13775#breadcrumb","itemListElement":[{"@type":"ListItem","position":1,"name":"Portada","item":"https:\/\/nuevodigitaldeescobar.com.ar\/"},{"@type":"ListItem","position":2,"name":"Alerta en adolescentes: crecen un 30% las consultas por depresi\u00f3n y ansiedad"}]},{"@type":"WebSite","@id":"https:\/\/nuevodigitaldeescobar.com.ar\/#website","url":"https:\/\/nuevodigitaldeescobar.com.ar\/","name":"Nuevo Digital de Escobar","description":"La vida escobarense. Directora: Rosana Brunner","publisher":{"@id":"https:\/\/nuevodigitaldeescobar.com.ar\/#organization"},"potentialAction":[{"@type":"SearchAction","target":{"@type":"EntryPoint","urlTemplate":"https:\/\/nuevodigitaldeescobar.com.ar\/?s={search_term_string}"},"query-input":{"@type":"PropertyValueSpecification","valueRequired":true,"valueName":"search_term_string"}}],"inLanguage":"es"},{"@type":"Organization","@id":"https:\/\/nuevodigitaldeescobar.com.ar\/#organization","name":"Nuevo Digital de Escobar","url":"https:\/\/nuevodigitaldeescobar.com.ar\/","logo":{"@type":"ImageObject","inLanguage":"es","@id":"https:\/\/nuevodigitaldeescobar.com.ar\/#\/schema\/logo\/image\/","url":"https:\/\/nuevodigitaldeescobar.com.ar\/wp-content\/uploads\/2025\/05\/cropped-logo-nuevo2.jpg","contentUrl":"https:\/\/nuevodigitaldeescobar.com.ar\/wp-content\/uploads\/2025\/05\/cropped-logo-nuevo2.jpg","width":305,"height":305,"caption":"Nuevo Digital de Escobar"},"image":{"@id":"https:\/\/nuevodigitaldeescobar.com.ar\/#\/schema\/logo\/image\/"},"sameAs":["https:\/\/www.facebook.com\/NUEVODigitalDeEscobar","https:\/\/x.com\/nuevodigescobar","https:\/\/www.instagram.com\/nuevodigitaldeescobar"]},{"@type":"Person","@id":"https:\/\/nuevodigitaldeescobar.com.ar\/#\/schema\/person\/035e90a8efe9a80e6eec22656ad6ea4c","name":"Redacci\u00f3n","image":{"@type":"ImageObject","inLanguage":"es","@id":"https:\/\/nuevodigitaldeescobar.com.ar\/#\/schema\/person\/image\/","url":"https:\/\/secure.gravatar.com\/avatar\/8af8f40000c24e9eef3034f2be5998a372bb1389e64b1a4a36b3a7979142220d?s=96&d=mm&r=g","contentUrl":"https:\/\/secure.gravatar.com\/avatar\/8af8f40000c24e9eef3034f2be5998a372bb1389e64b1a4a36b3a7979142220d?s=96&d=mm&r=g","caption":"Redacci\u00f3n"},"sameAs":["http:\/\/nuevodigitaldeescobar.com.ar"],"url":"https:\/\/nuevodigitaldeescobar.com.ar\/?author=1"}]}},"featured_image_urls":{"full":["https:\/\/nuevodigitaldeescobar.com.ar\/wp-content\/uploads\/2025\/01\/depre123.webp",1248,698,false],"thumbnail":["https:\/\/nuevodigitaldeescobar.com.ar\/wp-content\/uploads\/2025\/01\/depre123-150x150.webp",150,150,true],"medium":["https:\/\/nuevodigitaldeescobar.com.ar\/wp-content\/uploads\/2025\/01\/depre123-300x168.webp",300,168,true],"medium_large":["https:\/\/nuevodigitaldeescobar.com.ar\/wp-content\/uploads\/2025\/01\/depre123-768x430.webp",640,358,true],"large":["https:\/\/nuevodigitaldeescobar.com.ar\/wp-content\/uploads\/2025\/01\/depre123-1024x573.webp",640,358,true],"1536x1536":["https:\/\/nuevodigitaldeescobar.com.ar\/wp-content\/uploads\/2025\/01\/depre123.webp",1248,698,false],"2048x2048":["https:\/\/nuevodigitaldeescobar.com.ar\/wp-content\/uploads\/2025\/01\/depre123.webp",1248,698,false]},"author_info":{"display_name":"Redacci\u00f3n","author_link":"https:\/\/nuevodigitaldeescobar.com.ar\/?author=1"},"category_info":"<a href=\"https:\/\/nuevodigitaldeescobar.com.ar\/?cat=3\" rel=\"category\">Salud y Nutrici\u00f3n<\/a>","tag_info":"Salud y Nutrici\u00f3n","comment_count":"0","_links":{"self":[{"href":"https:\/\/nuevodigitaldeescobar.com.ar\/index.php?rest_route=\/wp\/v2\/posts\/13775","targetHints":{"allow":["GET"]}}],"collection":[{"href":"https:\/\/nuevodigitaldeescobar.com.ar\/index.php?rest_route=\/wp\/v2\/posts"}],"about":[{"href":"https:\/\/nuevodigitaldeescobar.com.ar\/index.php?rest_route=\/wp\/v2\/types\/post"}],"author":[{"embeddable":true,"href":"https:\/\/nuevodigitaldeescobar.com.ar\/index.php?rest_route=\/wp\/v2\/users\/1"}],"replies":[{"embeddable":true,"href":"https:\/\/nuevodigitaldeescobar.com.ar\/index.php?rest_route=%2Fwp%2Fv2%2Fcomments&post=13775"}],"version-history":[{"count":1,"href":"https:\/\/nuevodigitaldeescobar.com.ar\/index.php?rest_route=\/wp\/v2\/posts\/13775\/revisions"}],"predecessor-version":[{"id":13776,"href":"https:\/\/nuevodigitaldeescobar.com.ar\/index.php?rest_route=\/wp\/v2\/posts\/13775\/revisions\/13776"}],"wp:featuredmedia":[{"embeddable":true,"href":"https:\/\/nuevodigitaldeescobar.com.ar\/index.php?rest_route=\/wp\/v2\/media\/11303"}],"wp:attachment":[{"href":"https:\/\/nuevodigitaldeescobar.com.ar\/index.php?rest_route=%2Fwp%2Fv2%2Fmedia&parent=13775"}],"wp:term":[{"taxonomy":"category","embeddable":true,"href":"https:\/\/nuevodigitaldeescobar.com.ar\/index.php?rest_route=%2Fwp%2Fv2%2Fcategories&post=13775"},{"taxonomy":"post_tag","embeddable":true,"href":"https:\/\/nuevodigitaldeescobar.com.ar\/index.php?rest_route=%2Fwp%2Fv2%2Ftags&post=13775"}],"curies":[{"name":"wp","href":"https:\/\/api.w.org\/{rel}","templated":true}]}}