{"id":13795,"date":"2025-04-12T00:47:00","date_gmt":"2025-04-12T03:47:00","guid":{"rendered":"https:\/\/nuevodigitaldeescobar.com.ar\/?p=13795"},"modified":"2025-04-11T22:48:39","modified_gmt":"2025-04-12T01:48:39","slug":"la-inflacion-de-marzo-fue-del-37-y-acumulo-un-559-interanual-fuerte-impacto-en-educacion-y-alimentos","status":"publish","type":"post","link":"https:\/\/nuevodigitaldeescobar.com.ar\/?p=13795","title":{"rendered":"La inflaci\u00f3n de marzo fue del 3,7% y acumul\u00f3 un 55,9% interanual: fuerte impacto en educaci\u00f3n y alimentos"},"content":{"rendered":"\n<p class=\"has-vivid-cyan-blue-color has-text-color has-link-color wp-elements-ade5b411894be578108ac37b3abc8187\"><strong><em>El Instituto Nacional de Estad\u00edstica y Censos (INDEC) inform\u00f3 que el \u00cdndice de Precios al Consumidor (IPC) de marzo registr\u00f3 una suba del 3,7%, marcando un repunte respecto al 2,4% de febrero. En los \u00faltimos doce meses, la inflaci\u00f3n alcanz\u00f3 el 55,9%, mientras que el acumulado del primer trimestre del a\u00f1o trep\u00f3 al 8,6%.<\/em><\/strong><\/p>\n\n\n\n<!--more-->\n\n\n\n<p>El dato se dio a conocer en medio de un escenario econ\u00f3mico complejo, con tensiones en el frente cambiario, expectativas de devaluaci\u00f3n y la inminente aprobaci\u00f3n de un nuevo acuerdo con el Fondo Monetario Internacional (FMI). En ese contexto, la inflaci\u00f3n volvi\u00f3 a acelerarse, impulsada por el aumento de precios en alimentos, educaci\u00f3n e indumentaria.<\/p>\n\n\n\n<p>Seg\u00fan el INDEC, la divisi\u00f3n que m\u00e1s aument\u00f3 fue <strong>Educaci\u00f3n<\/strong>, que se dispar\u00f3 un 21,6% debido al inicio del ciclo lectivo. Sin embargo, <strong>Alimentos y bebidas no alcoh\u00f3licas<\/strong> fue la categor\u00eda con mayor incidencia en el \u00edndice general, con una suba del 5,9%. Las verduras, tub\u00e9rculos y legumbres fueron los productos que m\u00e1s aumentaron, con alzas que en el Gran Buenos Aires alcanzaron el 39,5%. Tambi\u00e9n subieron con fuerza las carnes y sus derivados.<\/p>\n\n\n\n<p>Otras divisiones que registraron incrementos por encima del promedio general fueron <strong>Prendas de vestir y calzado<\/strong> (4,6%) y <strong>Restaurantes y hoteles<\/strong> (3,9%). En tanto, los servicios p\u00fablicos \u2014como agua, gas y electricidad\u2014 mostraron una suba m\u00e1s moderada del 2,9%.<\/p>\n\n\n\n<p>El <strong>IPC N\u00facleo<\/strong>, que excluye componentes regulados y estacionales, se ubic\u00f3 en 3,2%, mientras que los <strong>precios estacionales<\/strong> saltaron un 8,4%, marcando la diferencia en el \u00edndice general. Por su parte, los precios de <strong>bienes<\/strong> subieron 3,6% y los de <strong>servicios<\/strong>, un 4%.<\/p>\n\n\n\n<p>En la Ciudad Aut\u00f3noma de Buenos Aires, el \u00edndice de inflaci\u00f3n fue del 3,2%, impulsado especialmente por el rubro <strong>alimentos y bebidas no alcoh\u00f3licas<\/strong>, que aument\u00f3 un 4,7%. Las verduras y las carnes fueron los productos que m\u00e1s impactaron en ese segmento. Tambi\u00e9n hubo un fuerte aumento en educaci\u00f3n.<\/p>\n\n\n\n<p>El dato oficial fue m\u00e1s alto que el pronosticado por la mayor\u00eda de las consultoras privadas. El Relevamiento de Expectativas de Mercado (REM), elaborado por el Banco Central, preve\u00eda una inflaci\u00f3n del 2,6%. Otras firmas como Analytica, C&amp;T y Ferreres estimaban un alza entre el 2,5% y el 2,9%, con alimentos, educaci\u00f3n e indumentaria como los principales motores.<\/p>\n\n\n\n<p>El \u00edndice de marzo se conoce mientras el Gobierno avanza con un nuevo entendimiento con el FMI por USD 20.000 millones, que implicar\u00e1 cambios en el r\u00e9gimen cambiario y monetario. Analistas consideran que las definiciones que se tomen en ese marco podr\u00edan influir en la din\u00e1mica inflacionaria de los pr\u00f3ximos meses.<\/p>\n","protected":false},"excerpt":{"rendered":"<p>El Instituto Nacional de Estad\u00edstica y Censos (INDEC) inform\u00f3 que el \u00cdndice de Precios al Consumidor (IPC) de marzo registr\u00f3 una suba del 3,7%, marcando [&hellip;]<\/p>\n","protected":false},"author":1,"featured_media":2508,"comment_status":"open","ping_status":"open","sticky":false,"template":"","format":"standard","meta":{"footnotes":""},"categories":[10],"tags":[],"class_list":["post-13795","post","type-post","status-publish","format-standard","has-post-thumbnail","hentry","category-economia"],"better_featured_image":{"id":2508,"alt_text":"","caption":"","description":"","media_type":"image","media_details":{"width":720,"height":405,"file":"2024\/01\/inflacion-supermercado-e1705018573724.jpg","filesize":218190,"sizes":{"medium":{"file":"inflacion-supermercado-300x169.jpg","width":300,"height":169,"mime-type":"image\/jpeg","filesize":18039,"source_url":"https:\/\/nuevodigitaldeescobar.com.ar\/wp-content\/uploads\/2024\/01\/inflacion-supermercado-300x169.jpg"},"thumbnail":{"file":"inflacion-supermercado-150x150.jpg","width":150,"height":150,"mime-type":"image\/jpeg","filesize":7522,"source_url":"https:\/\/nuevodigitaldeescobar.com.ar\/wp-content\/uploads\/2024\/01\/inflacion-supermercado-150x150.jpg"},"medium_large":{"file":"inflacion-supermercado-768x432.jpg","width":768,"height":432,"mime-type":"image\/jpeg","filesize":91915,"source_url":"https:\/\/nuevodigitaldeescobar.com.ar\/wp-content\/uploads\/2024\/01\/inflacion-supermercado-768x432.jpg"},"covernews-slider-center":{"file":"inflacion-supermercado-800x500.jpg","width":800,"height":500,"mime-type":"image\/jpeg","filesize":105065,"source_url":"https:\/\/nuevodigitaldeescobar.com.ar\/wp-content\/uploads\/2024\/01\/inflacion-supermercado-800x500.jpg"},"covernews-medium":{"file":"inflacion-supermercado-540x340.jpg","width":540,"height":340,"mime-type":"image\/jpeg","filesize":54569,"source_url":"https:\/\/nuevodigitaldeescobar.com.ar\/wp-content\/uploads\/2024\/01\/inflacion-supermercado-540x340.jpg"},"covernews-medium-square":{"file":"inflacion-supermercado-400x250.jpg","width":400,"height":250,"mime-type":"image\/jpeg","filesize":31885,"source_url":"https:\/\/nuevodigitaldeescobar.com.ar\/wp-content\/uploads\/2024\/01\/inflacion-supermercado-400x250.jpg"}},"image_meta":{"aperture":"0","credit":"","camera":"","caption":"","created_timestamp":"0","copyright":"","focal_length":"0","iso":"0","shutter_speed":"0","title":"","orientation":"0","keywords":[]}},"post":2507,"source_url":"https:\/\/nuevodigitaldeescobar.com.ar\/wp-content\/uploads\/2024\/01\/inflacion-supermercado-e1705018573724.jpg"},"yoast_head":"<!-- This site is optimized with the Yoast SEO plugin v26.1.1 - https:\/\/yoast.com\/wordpress\/plugins\/seo\/ -->\n<title>La inflaci\u00f3n de marzo fue del 3,7% y acumul\u00f3 un 55,9% interanual: fuerte impacto en educaci\u00f3n y alimentos - Nuevo Digital de Escobar<\/title>\n<meta name=\"robots\" content=\"index, follow, max-snippet:-1, max-image-preview:large, max-video-preview:-1\" \/>\n<link rel=\"canonical\" href=\"https:\/\/nuevodigitaldeescobar.com.ar\/?p=13795\" \/>\n<meta property=\"og:locale\" content=\"es_ES\" \/>\n<meta property=\"og:type\" content=\"article\" \/>\n<meta property=\"og:title\" content=\"La inflaci\u00f3n de marzo fue del 3,7% y acumul\u00f3 un 55,9% interanual: fuerte impacto en educaci\u00f3n y alimentos - Nuevo Digital de Escobar\" \/>\n<meta property=\"og:description\" content=\"El Instituto Nacional de Estad\u00edstica y Censos (INDEC) inform\u00f3 que el \u00cdndice de Precios al Consumidor (IPC) de marzo registr\u00f3 una suba del 3,7%, marcando [&hellip;]\" \/>\n<meta property=\"og:url\" content=\"https:\/\/nuevodigitaldeescobar.com.ar\/?p=13795\" \/>\n<meta property=\"og:site_name\" content=\"Nuevo Digital de Escobar\" \/>\n<meta property=\"article:publisher\" content=\"https:\/\/www.facebook.com\/NUEVODigitalDeEscobar\" \/>\n<meta property=\"article:published_time\" content=\"2025-04-12T03:47:00+00:00\" \/>\n<meta property=\"og:image\" content=\"https:\/\/nuevodigitaldeescobar.com.ar\/wp-content\/uploads\/2024\/01\/inflacion-supermercado-e1705018573724.jpg\" \/>\n\t<meta property=\"og:image:width\" content=\"720\" \/>\n\t<meta property=\"og:image:height\" content=\"405\" \/>\n\t<meta property=\"og:image:type\" content=\"image\/jpeg\" \/>\n<meta name=\"author\" content=\"Redacci\u00f3n\" \/>\n<meta name=\"twitter:card\" content=\"summary_large_image\" \/>\n<meta name=\"twitter:creator\" content=\"@nuevodigescobar\" \/>\n<meta name=\"twitter:site\" content=\"@nuevodigescobar\" \/>\n<meta name=\"twitter:label1\" content=\"Escrito por\" \/>\n\t<meta name=\"twitter:data1\" content=\"Redacci\u00f3n\" \/>\n\t<meta name=\"twitter:label2\" content=\"Tiempo de lectura\" \/>\n\t<meta name=\"twitter:data2\" content=\"2 minutos\" \/>\n<script type=\"application\/ld+json\" class=\"yoast-schema-graph\">{\"@context\":\"https:\/\/schema.org\",\"@graph\":[{\"@type\":\"Article\",\"@id\":\"https:\/\/nuevodigitaldeescobar.com.ar\/?p=13795#article\",\"isPartOf\":{\"@id\":\"https:\/\/nuevodigitaldeescobar.com.ar\/?p=13795\"},\"author\":{\"name\":\"Redacci\u00f3n\",\"@id\":\"https:\/\/nuevodigitaldeescobar.com.ar\/#\/schema\/person\/035e90a8efe9a80e6eec22656ad6ea4c\"},\"headline\":\"La inflaci\u00f3n de marzo fue del 3,7% y acumul\u00f3 un 55,9% interanual: fuerte impacto en educaci\u00f3n y alimentos\",\"datePublished\":\"2025-04-12T03:47:00+00:00\",\"mainEntityOfPage\":{\"@id\":\"https:\/\/nuevodigitaldeescobar.com.ar\/?p=13795\"},\"wordCount\":458,\"commentCount\":0,\"publisher\":{\"@id\":\"https:\/\/nuevodigitaldeescobar.com.ar\/#organization\"},\"image\":{\"@id\":\"https:\/\/nuevodigitaldeescobar.com.ar\/?p=13795#primaryimage\"},\"thumbnailUrl\":\"https:\/\/nuevodigitaldeescobar.com.ar\/wp-content\/uploads\/2024\/01\/inflacion-supermercado-e1705018573724.jpg\",\"articleSection\":[\"Econom\u00eda\"],\"inLanguage\":\"es\",\"potentialAction\":[{\"@type\":\"CommentAction\",\"name\":\"Comment\",\"target\":[\"https:\/\/nuevodigitaldeescobar.com.ar\/?p=13795#respond\"]}]},{\"@type\":\"WebPage\",\"@id\":\"https:\/\/nuevodigitaldeescobar.com.ar\/?p=13795\",\"url\":\"https:\/\/nuevodigitaldeescobar.com.ar\/?p=13795\",\"name\":\"La inflaci\u00f3n de marzo fue del 3,7% y acumul\u00f3 un 55,9% interanual: fuerte impacto en educaci\u00f3n y alimentos - Nuevo Digital de Escobar\",\"isPartOf\":{\"@id\":\"https:\/\/nuevodigitaldeescobar.com.ar\/#website\"},\"primaryImageOfPage\":{\"@id\":\"https:\/\/nuevodigitaldeescobar.com.ar\/?p=13795#primaryimage\"},\"image\":{\"@id\":\"https:\/\/nuevodigitaldeescobar.com.ar\/?p=13795#primaryimage\"},\"thumbnailUrl\":\"https:\/\/nuevodigitaldeescobar.com.ar\/wp-content\/uploads\/2024\/01\/inflacion-supermercado-e1705018573724.jpg\",\"datePublished\":\"2025-04-12T03:47:00+00:00\",\"breadcrumb\":{\"@id\":\"https:\/\/nuevodigitaldeescobar.com.ar\/?p=13795#breadcrumb\"},\"inLanguage\":\"es\",\"potentialAction\":[{\"@type\":\"ReadAction\",\"target\":[\"https:\/\/nuevodigitaldeescobar.com.ar\/?p=13795\"]}]},{\"@type\":\"ImageObject\",\"inLanguage\":\"es\",\"@id\":\"https:\/\/nuevodigitaldeescobar.com.ar\/?p=13795#primaryimage\",\"url\":\"https:\/\/nuevodigitaldeescobar.com.ar\/wp-content\/uploads\/2024\/01\/inflacion-supermercado-e1705018573724.jpg\",\"contentUrl\":\"https:\/\/nuevodigitaldeescobar.com.ar\/wp-content\/uploads\/2024\/01\/inflacion-supermercado-e1705018573724.jpg\",\"width\":720,\"height\":405},{\"@type\":\"BreadcrumbList\",\"@id\":\"https:\/\/nuevodigitaldeescobar.com.ar\/?p=13795#breadcrumb\",\"itemListElement\":[{\"@type\":\"ListItem\",\"position\":1,\"name\":\"Portada\",\"item\":\"https:\/\/nuevodigitaldeescobar.com.ar\/\"},{\"@type\":\"ListItem\",\"position\":2,\"name\":\"La inflaci\u00f3n de marzo fue del 3,7% y acumul\u00f3 un 55,9% interanual: fuerte impacto en educaci\u00f3n y alimentos\"}]},{\"@type\":\"WebSite\",\"@id\":\"https:\/\/nuevodigitaldeescobar.com.ar\/#website\",\"url\":\"https:\/\/nuevodigitaldeescobar.com.ar\/\",\"name\":\"Nuevo Digital de Escobar\",\"description\":\"La vida escobarense. Directora: Rosana Brunner\",\"publisher\":{\"@id\":\"https:\/\/nuevodigitaldeescobar.com.ar\/#organization\"},\"potentialAction\":[{\"@type\":\"SearchAction\",\"target\":{\"@type\":\"EntryPoint\",\"urlTemplate\":\"https:\/\/nuevodigitaldeescobar.com.ar\/?s={search_term_string}\"},\"query-input\":{\"@type\":\"PropertyValueSpecification\",\"valueRequired\":true,\"valueName\":\"search_term_string\"}}],\"inLanguage\":\"es\"},{\"@type\":\"Organization\",\"@id\":\"https:\/\/nuevodigitaldeescobar.com.ar\/#organization\",\"name\":\"Nuevo Digital de Escobar\",\"url\":\"https:\/\/nuevodigitaldeescobar.com.ar\/\",\"logo\":{\"@type\":\"ImageObject\",\"inLanguage\":\"es\",\"@id\":\"https:\/\/nuevodigitaldeescobar.com.ar\/#\/schema\/logo\/image\/\",\"url\":\"https:\/\/nuevodigitaldeescobar.com.ar\/wp-content\/uploads\/2025\/05\/cropped-logo-nuevo2.jpg\",\"contentUrl\":\"https:\/\/nuevodigitaldeescobar.com.ar\/wp-content\/uploads\/2025\/05\/cropped-logo-nuevo2.jpg\",\"width\":305,\"height\":305,\"caption\":\"Nuevo Digital de Escobar\"},\"image\":{\"@id\":\"https:\/\/nuevodigitaldeescobar.com.ar\/#\/schema\/logo\/image\/\"},\"sameAs\":[\"https:\/\/www.facebook.com\/NUEVODigitalDeEscobar\",\"https:\/\/x.com\/nuevodigescobar\",\"https:\/\/www.instagram.com\/nuevodigitaldeescobar\"]},{\"@type\":\"Person\",\"@id\":\"https:\/\/nuevodigitaldeescobar.com.ar\/#\/schema\/person\/035e90a8efe9a80e6eec22656ad6ea4c\",\"name\":\"Redacci\u00f3n\",\"image\":{\"@type\":\"ImageObject\",\"inLanguage\":\"es\",\"@id\":\"https:\/\/nuevodigitaldeescobar.com.ar\/#\/schema\/person\/image\/\",\"url\":\"https:\/\/secure.gravatar.com\/avatar\/8af8f40000c24e9eef3034f2be5998a372bb1389e64b1a4a36b3a7979142220d?s=96&d=mm&r=g\",\"contentUrl\":\"https:\/\/secure.gravatar.com\/avatar\/8af8f40000c24e9eef3034f2be5998a372bb1389e64b1a4a36b3a7979142220d?s=96&d=mm&r=g\",\"caption\":\"Redacci\u00f3n\"},\"sameAs\":[\"http:\/\/nuevodigitaldeescobar.com.ar\"],\"url\":\"https:\/\/nuevodigitaldeescobar.com.ar\/?author=1\"}]}<\/script>\n<!-- \/ Yoast SEO plugin. -->","yoast_head_json":{"title":"La inflaci\u00f3n de marzo fue del 3,7% y acumul\u00f3 un 55,9% interanual: fuerte impacto en educaci\u00f3n y alimentos - Nuevo Digital de Escobar","robots":{"index":"index","follow":"follow","max-snippet":"max-snippet:-1","max-image-preview":"max-image-preview:large","max-video-preview":"max-video-preview:-1"},"canonical":"https:\/\/nuevodigitaldeescobar.com.ar\/?p=13795","og_locale":"es_ES","og_type":"article","og_title":"La inflaci\u00f3n de marzo fue del 3,7% y acumul\u00f3 un 55,9% interanual: fuerte impacto en educaci\u00f3n y alimentos - Nuevo Digital de Escobar","og_description":"El Instituto Nacional de Estad\u00edstica y Censos (INDEC) inform\u00f3 que el \u00cdndice de Precios al Consumidor (IPC) de marzo registr\u00f3 una suba del 3,7%, marcando [&hellip;]","og_url":"https:\/\/nuevodigitaldeescobar.com.ar\/?p=13795","og_site_name":"Nuevo Digital de Escobar","article_publisher":"https:\/\/www.facebook.com\/NUEVODigitalDeEscobar","article_published_time":"2025-04-12T03:47:00+00:00","og_image":[{"width":720,"height":405,"url":"https:\/\/nuevodigitaldeescobar.com.ar\/wp-content\/uploads\/2024\/01\/inflacion-supermercado-e1705018573724.jpg","type":"image\/jpeg"}],"author":"Redacci\u00f3n","twitter_card":"summary_large_image","twitter_creator":"@nuevodigescobar","twitter_site":"@nuevodigescobar","twitter_misc":{"Escrito por":"Redacci\u00f3n","Tiempo de lectura":"2 minutos"},"schema":{"@context":"https:\/\/schema.org","@graph":[{"@type":"Article","@id":"https:\/\/nuevodigitaldeescobar.com.ar\/?p=13795#article","isPartOf":{"@id":"https:\/\/nuevodigitaldeescobar.com.ar\/?p=13795"},"author":{"name":"Redacci\u00f3n","@id":"https:\/\/nuevodigitaldeescobar.com.ar\/#\/schema\/person\/035e90a8efe9a80e6eec22656ad6ea4c"},"headline":"La inflaci\u00f3n de marzo fue del 3,7% y acumul\u00f3 un 55,9% interanual: fuerte impacto en educaci\u00f3n y alimentos","datePublished":"2025-04-12T03:47:00+00:00","mainEntityOfPage":{"@id":"https:\/\/nuevodigitaldeescobar.com.ar\/?p=13795"},"wordCount":458,"commentCount":0,"publisher":{"@id":"https:\/\/nuevodigitaldeescobar.com.ar\/#organization"},"image":{"@id":"https:\/\/nuevodigitaldeescobar.com.ar\/?p=13795#primaryimage"},"thumbnailUrl":"https:\/\/nuevodigitaldeescobar.com.ar\/wp-content\/uploads\/2024\/01\/inflacion-supermercado-e1705018573724.jpg","articleSection":["Econom\u00eda"],"inLanguage":"es","potentialAction":[{"@type":"CommentAction","name":"Comment","target":["https:\/\/nuevodigitaldeescobar.com.ar\/?p=13795#respond"]}]},{"@type":"WebPage","@id":"https:\/\/nuevodigitaldeescobar.com.ar\/?p=13795","url":"https:\/\/nuevodigitaldeescobar.com.ar\/?p=13795","name":"La inflaci\u00f3n de marzo fue del 3,7% y acumul\u00f3 un 55,9% interanual: fuerte impacto en educaci\u00f3n y alimentos - Nuevo Digital de Escobar","isPartOf":{"@id":"https:\/\/nuevodigitaldeescobar.com.ar\/#website"},"primaryImageOfPage":{"@id":"https:\/\/nuevodigitaldeescobar.com.ar\/?p=13795#primaryimage"},"image":{"@id":"https:\/\/nuevodigitaldeescobar.com.ar\/?p=13795#primaryimage"},"thumbnailUrl":"https:\/\/nuevodigitaldeescobar.com.ar\/wp-content\/uploads\/2024\/01\/inflacion-supermercado-e1705018573724.jpg","datePublished":"2025-04-12T03:47:00+00:00","breadcrumb":{"@id":"https:\/\/nuevodigitaldeescobar.com.ar\/?p=13795#breadcrumb"},"inLanguage":"es","potentialAction":[{"@type":"ReadAction","target":["https:\/\/nuevodigitaldeescobar.com.ar\/?p=13795"]}]},{"@type":"ImageObject","inLanguage":"es","@id":"https:\/\/nuevodigitaldeescobar.com.ar\/?p=13795#primaryimage","url":"https:\/\/nuevodigitaldeescobar.com.ar\/wp-content\/uploads\/2024\/01\/inflacion-supermercado-e1705018573724.jpg","contentUrl":"https:\/\/nuevodigitaldeescobar.com.ar\/wp-content\/uploads\/2024\/01\/inflacion-supermercado-e1705018573724.jpg","width":720,"height":405},{"@type":"BreadcrumbList","@id":"https:\/\/nuevodigitaldeescobar.com.ar\/?p=13795#breadcrumb","itemListElement":[{"@type":"ListItem","position":1,"name":"Portada","item":"https:\/\/nuevodigitaldeescobar.com.ar\/"},{"@type":"ListItem","position":2,"name":"La inflaci\u00f3n de marzo fue del 3,7% y acumul\u00f3 un 55,9% interanual: fuerte impacto en educaci\u00f3n y alimentos"}]},{"@type":"WebSite","@id":"https:\/\/nuevodigitaldeescobar.com.ar\/#website","url":"https:\/\/nuevodigitaldeescobar.com.ar\/","name":"Nuevo Digital de Escobar","description":"La vida escobarense. Directora: Rosana Brunner","publisher":{"@id":"https:\/\/nuevodigitaldeescobar.com.ar\/#organization"},"potentialAction":[{"@type":"SearchAction","target":{"@type":"EntryPoint","urlTemplate":"https:\/\/nuevodigitaldeescobar.com.ar\/?s={search_term_string}"},"query-input":{"@type":"PropertyValueSpecification","valueRequired":true,"valueName":"search_term_string"}}],"inLanguage":"es"},{"@type":"Organization","@id":"https:\/\/nuevodigitaldeescobar.com.ar\/#organization","name":"Nuevo Digital de Escobar","url":"https:\/\/nuevodigitaldeescobar.com.ar\/","logo":{"@type":"ImageObject","inLanguage":"es","@id":"https:\/\/nuevodigitaldeescobar.com.ar\/#\/schema\/logo\/image\/","url":"https:\/\/nuevodigitaldeescobar.com.ar\/wp-content\/uploads\/2025\/05\/cropped-logo-nuevo2.jpg","contentUrl":"https:\/\/nuevodigitaldeescobar.com.ar\/wp-content\/uploads\/2025\/05\/cropped-logo-nuevo2.jpg","width":305,"height":305,"caption":"Nuevo Digital de Escobar"},"image":{"@id":"https:\/\/nuevodigitaldeescobar.com.ar\/#\/schema\/logo\/image\/"},"sameAs":["https:\/\/www.facebook.com\/NUEVODigitalDeEscobar","https:\/\/x.com\/nuevodigescobar","https:\/\/www.instagram.com\/nuevodigitaldeescobar"]},{"@type":"Person","@id":"https:\/\/nuevodigitaldeescobar.com.ar\/#\/schema\/person\/035e90a8efe9a80e6eec22656ad6ea4c","name":"Redacci\u00f3n","image":{"@type":"ImageObject","inLanguage":"es","@id":"https:\/\/nuevodigitaldeescobar.com.ar\/#\/schema\/person\/image\/","url":"https:\/\/secure.gravatar.com\/avatar\/8af8f40000c24e9eef3034f2be5998a372bb1389e64b1a4a36b3a7979142220d?s=96&d=mm&r=g","contentUrl":"https:\/\/secure.gravatar.com\/avatar\/8af8f40000c24e9eef3034f2be5998a372bb1389e64b1a4a36b3a7979142220d?s=96&d=mm&r=g","caption":"Redacci\u00f3n"},"sameAs":["http:\/\/nuevodigitaldeescobar.com.ar"],"url":"https:\/\/nuevodigitaldeescobar.com.ar\/?author=1"}]}},"featured_image_urls":{"full":["https:\/\/nuevodigitaldeescobar.com.ar\/wp-content\/uploads\/2024\/01\/inflacion-supermercado-e1705018573724.jpg",720,405,false],"thumbnail":["https:\/\/nuevodigitaldeescobar.com.ar\/wp-content\/uploads\/2024\/01\/inflacion-supermercado-150x150.jpg",150,150,true],"medium":["https:\/\/nuevodigitaldeescobar.com.ar\/wp-content\/uploads\/2024\/01\/inflacion-supermercado-300x169.jpg",300,169,true],"medium_large":["https:\/\/nuevodigitaldeescobar.com.ar\/wp-content\/uploads\/2024\/01\/inflacion-supermercado-768x432.jpg",640,360,true],"large":["https:\/\/nuevodigitaldeescobar.com.ar\/wp-content\/uploads\/2024\/01\/inflacion-supermercado-e1705018573724.jpg",640,360,false],"1536x1536":["https:\/\/nuevodigitaldeescobar.com.ar\/wp-content\/uploads\/2024\/01\/inflacion-supermercado-e1705018573724.jpg",720,405,false],"2048x2048":["https:\/\/nuevodigitaldeescobar.com.ar\/wp-content\/uploads\/2024\/01\/inflacion-supermercado-e1705018573724.jpg",720,405,false]},"author_info":{"display_name":"Redacci\u00f3n","author_link":"https:\/\/nuevodigitaldeescobar.com.ar\/?author=1"},"category_info":"<a href=\"https:\/\/nuevodigitaldeescobar.com.ar\/?cat=10\" rel=\"category\">Econom\u00eda<\/a>","tag_info":"Econom\u00eda","comment_count":"0","_links":{"self":[{"href":"https:\/\/nuevodigitaldeescobar.com.ar\/index.php?rest_route=\/wp\/v2\/posts\/13795","targetHints":{"allow":["GET"]}}],"collection":[{"href":"https:\/\/nuevodigitaldeescobar.com.ar\/index.php?rest_route=\/wp\/v2\/posts"}],"about":[{"href":"https:\/\/nuevodigitaldeescobar.com.ar\/index.php?rest_route=\/wp\/v2\/types\/post"}],"author":[{"embeddable":true,"href":"https:\/\/nuevodigitaldeescobar.com.ar\/index.php?rest_route=\/wp\/v2\/users\/1"}],"replies":[{"embeddable":true,"href":"https:\/\/nuevodigitaldeescobar.com.ar\/index.php?rest_route=%2Fwp%2Fv2%2Fcomments&post=13795"}],"version-history":[{"count":1,"href":"https:\/\/nuevodigitaldeescobar.com.ar\/index.php?rest_route=\/wp\/v2\/posts\/13795\/revisions"}],"predecessor-version":[{"id":13796,"href":"https:\/\/nuevodigitaldeescobar.com.ar\/index.php?rest_route=\/wp\/v2\/posts\/13795\/revisions\/13796"}],"wp:featuredmedia":[{"embeddable":true,"href":"https:\/\/nuevodigitaldeescobar.com.ar\/index.php?rest_route=\/wp\/v2\/media\/2508"}],"wp:attachment":[{"href":"https:\/\/nuevodigitaldeescobar.com.ar\/index.php?rest_route=%2Fwp%2Fv2%2Fmedia&parent=13795"}],"wp:term":[{"taxonomy":"category","embeddable":true,"href":"https:\/\/nuevodigitaldeescobar.com.ar\/index.php?rest_route=%2Fwp%2Fv2%2Fcategories&post=13795"},{"taxonomy":"post_tag","embeddable":true,"href":"https:\/\/nuevodigitaldeescobar.com.ar\/index.php?rest_route=%2Fwp%2Fv2%2Ftags&post=13795"}],"curies":[{"name":"wp","href":"https:\/\/api.w.org\/{rel}","templated":true}]}}