{"id":13897,"date":"2025-04-16T00:10:00","date_gmt":"2025-04-16T03:10:00","guid":{"rendered":"https:\/\/nuevodigitaldeescobar.com.ar\/?p=13897"},"modified":"2025-04-16T00:10:04","modified_gmt":"2025-04-16T03:10:04","slug":"confirmaron-el-procesamiento-de-alberto-fernandez-por-violencia-de-genero-contra-fabiola-yanez","status":"publish","type":"post","link":"https:\/\/nuevodigitaldeescobar.com.ar\/?p=13897","title":{"rendered":"Confirmaron el procesamiento de Alberto Fern\u00e1ndez por violencia de g\u00e9nero contra Fabiola Ya\u00f1ez"},"content":{"rendered":"\n<p class=\"has-vivid-cyan-blue-color has-text-color has-link-color wp-elements-70e9ebbfd26047e3895d50df1367cb3f\"><em><strong>La C\u00e1mara Federal porte\u00f1a confirm\u00f3 el procesamiento del ex presidente Alberto Fern\u00e1ndez en el marco de la causa por violencia de g\u00e9nero contra su ex pareja y ex primera dama, Fabiola Ya\u00f1ez. Con esta resoluci\u00f3n, el ex mandatario qued\u00f3 formalmente en condiciones de afrontar un juicio oral.<\/strong><\/em><\/p>\n\n\n\n<!--more-->\n\n\n\n<p>La decisi\u00f3n fue adoptada por mayor\u00eda por los jueces Mart\u00edn Irurzun y Eduardo Farah, integrantes de la Sala II del tribunal de Comodoro Py. Ambos ratificaron la calificaci\u00f3n de los delitos de lesiones leves y graves agravadas por haberse cometido en un contexto de violencia de g\u00e9nero, adem\u00e1s de amenazas coactivas. En disidencia, el camarista Roberto Boico se pronunci\u00f3 por la falta de m\u00e9rito, al considerar que a\u00fan restan producirse pruebas claves.<\/p>\n\n\n\n<p>Los jueces que votaron a favor del procesamiento sostuvieron que existen elementos suficientes para acreditar que Fern\u00e1ndez agredi\u00f3 f\u00edsicamente a Ya\u00f1ez en al menos dos ocasiones, provoc\u00e1ndole hematomas visibles en un brazo y en el ojo derecho. Tambi\u00e9n concluyeron que el ex jefe de Estado habr\u00eda ejercido presiones para evitar que su ex pareja formalizara una denuncia penal en su contra.<\/p>\n\n\n\n<p><em>\u201cTodo demuestra que la damnificada estaba en una situaci\u00f3n de notoria desigualdad de poder respecto a su agresor, tanto dentro de la pareja como en el \u00e1mbito institucional\u201d<\/em>, expres\u00f3 Irurzun en su voto, al que adhiri\u00f3 Farah. Ambos coincidieron en se\u00f1alar que el aislamiento que sufri\u00f3 Ya\u00f1ez en la Quinta de Olivos habr\u00eda agravado su estado emocional y f\u00edsico.<\/p>\n\n\n\n<p>Por su parte, el juez Boico argument\u00f3 que a\u00fan quedan dudas por esclarecer. Cuestion\u00f3, por ejemplo, que no se haya determinado con exactitud cu\u00e1ndo fueron tomadas las fotos ni cu\u00e1ndo se grab\u00f3 el video en el que se observa a Ya\u00f1ez con las lesiones. Tambi\u00e9n remarc\u00f3 que no se recogieron testimonios de personas que la acompa\u00f1aron en un vuelo oficial a Misiones, donde el moret\u00f3n en el ojo habr\u00eda sido visible.<\/p>\n\n\n\n<p><em>\u201cLa reconstrucci\u00f3n del caso se bas\u00f3 m\u00e1s en percepciones subjetivas que en una prueba completa y debidamente analizada\u201d<\/em>, sostuvo Boico, quien adem\u00e1s advirti\u00f3 sobre contradicciones y omisiones en los testimonios recopilados.<\/p>\n\n\n\n<p>El expediente se desprende de otra causa judicial en la que Fern\u00e1ndez est\u00e1 imputado por supuestas irregularidades en contrataciones de seguros. Durante esa investigaci\u00f3n, los peritajes al celular de su ex secretaria revelaron mensajes enviados por Ya\u00f1ez en los que mencionaba agresiones f\u00edsicas y compart\u00eda im\u00e1genes con signos de violencia.<\/p>\n\n\n\n<p>Inicialmente, Ya\u00f1ez se neg\u00f3 a presentar una denuncia formal, pero tras la filtraci\u00f3n del caso y la exposici\u00f3n p\u00fablica, decidi\u00f3 hacerlo. Desde entonces, la causa avanz\u00f3 hasta llegar al procesamiento ratificado ahora por la C\u00e1mara.<\/p>\n\n\n\n<p>El juez federal Juli\u00e1n Ercolini y el fiscal Ramiro Gonz\u00e1lez deber\u00e1n definir si la investigaci\u00f3n est\u00e1 concluida y corresponde elevar el caso a juicio oral.<\/p>\n","protected":false},"excerpt":{"rendered":"<p>La C\u00e1mara Federal porte\u00f1a confirm\u00f3 el procesamiento del ex presidente Alberto Fern\u00e1ndez en el marco de la causa por violencia de g\u00e9nero contra su ex [&hellip;]<\/p>\n","protected":false},"author":1,"featured_media":7229,"comment_status":"open","ping_status":"open","sticky":false,"template":"","format":"standard","meta":{"footnotes":""},"categories":[235],"tags":[],"class_list":["post-13897","post","type-post","status-publish","format-standard","has-post-thumbnail","hentry","category-judiciales"],"better_featured_image":{"id":7229,"alt_text":"","caption":"Fabiola Ya\u00f1ez denunci\u00f3 este martes a Alberto Fern\u00e1ndez. (Foto: EFE)","description":"","media_type":"image","media_details":{"width":767,"height":430,"file":"2024\/08\/fernandez-yanez.jpg","filesize":68100,"sizes":{"medium":{"file":"fernandez-yanez-300x168.jpg","width":300,"height":168,"mime-type":"image\/jpeg","filesize":11710,"source_url":"https:\/\/nuevodigitaldeescobar.com.ar\/wp-content\/uploads\/2024\/08\/fernandez-yanez-300x168.jpg"},"thumbnail":{"file":"fernandez-yanez-150x150.jpg","width":150,"height":150,"mime-type":"image\/jpeg","filesize":6215,"source_url":"https:\/\/nuevodigitaldeescobar.com.ar\/wp-content\/uploads\/2024\/08\/fernandez-yanez-150x150.jpg"}},"image_meta":{"aperture":"0","credit":"","camera":"","caption":"","created_timestamp":"0","copyright":"","focal_length":"0","iso":"0","shutter_speed":"0","title":"","orientation":"0","keywords":[]}},"post":7226,"source_url":"https:\/\/nuevodigitaldeescobar.com.ar\/wp-content\/uploads\/2024\/08\/fernandez-yanez.jpg"},"yoast_head":"<!-- This site is optimized with the Yoast SEO plugin v26.1.1 - https:\/\/yoast.com\/wordpress\/plugins\/seo\/ -->\n<title>Confirmaron el procesamiento de Alberto Fern\u00e1ndez por violencia de g\u00e9nero contra Fabiola Ya\u00f1ez - Nuevo Digital de Escobar<\/title>\n<meta name=\"robots\" content=\"index, follow, max-snippet:-1, max-image-preview:large, max-video-preview:-1\" \/>\n<link rel=\"canonical\" href=\"https:\/\/nuevodigitaldeescobar.com.ar\/?p=13897\" \/>\n<meta property=\"og:locale\" content=\"es_ES\" \/>\n<meta property=\"og:type\" content=\"article\" \/>\n<meta property=\"og:title\" content=\"Confirmaron el procesamiento de Alberto Fern\u00e1ndez por violencia de g\u00e9nero contra Fabiola Ya\u00f1ez - Nuevo Digital de Escobar\" \/>\n<meta property=\"og:description\" content=\"La C\u00e1mara Federal porte\u00f1a confirm\u00f3 el procesamiento del ex presidente Alberto Fern\u00e1ndez en el marco de la causa por violencia de g\u00e9nero contra su ex [&hellip;]\" \/>\n<meta property=\"og:url\" content=\"https:\/\/nuevodigitaldeescobar.com.ar\/?p=13897\" \/>\n<meta property=\"og:site_name\" content=\"Nuevo Digital de Escobar\" \/>\n<meta property=\"article:publisher\" content=\"https:\/\/www.facebook.com\/NUEVODigitalDeEscobar\" \/>\n<meta property=\"article:published_time\" content=\"2025-04-16T03:10:00+00:00\" \/>\n<meta property=\"article:modified_time\" content=\"2025-04-16T03:10:04+00:00\" \/>\n<meta property=\"og:image\" content=\"https:\/\/nuevodigitaldeescobar.com.ar\/wp-content\/uploads\/2024\/08\/fernandez-yanez.jpg\" \/>\n\t<meta property=\"og:image:width\" content=\"767\" \/>\n\t<meta property=\"og:image:height\" content=\"430\" \/>\n\t<meta property=\"og:image:type\" content=\"image\/jpeg\" \/>\n<meta name=\"author\" content=\"Redacci\u00f3n\" \/>\n<meta name=\"twitter:card\" content=\"summary_large_image\" \/>\n<meta name=\"twitter:creator\" content=\"@nuevodigescobar\" \/>\n<meta name=\"twitter:site\" content=\"@nuevodigescobar\" \/>\n<meta name=\"twitter:label1\" content=\"Escrito por\" \/>\n\t<meta name=\"twitter:data1\" content=\"Redacci\u00f3n\" \/>\n\t<meta name=\"twitter:label2\" content=\"Tiempo de lectura\" \/>\n\t<meta name=\"twitter:data2\" content=\"3 minutos\" \/>\n<script type=\"application\/ld+json\" class=\"yoast-schema-graph\">{\"@context\":\"https:\/\/schema.org\",\"@graph\":[{\"@type\":\"Article\",\"@id\":\"https:\/\/nuevodigitaldeescobar.com.ar\/?p=13897#article\",\"isPartOf\":{\"@id\":\"https:\/\/nuevodigitaldeescobar.com.ar\/?p=13897\"},\"author\":{\"name\":\"Redacci\u00f3n\",\"@id\":\"https:\/\/nuevodigitaldeescobar.com.ar\/#\/schema\/person\/035e90a8efe9a80e6eec22656ad6ea4c\"},\"headline\":\"Confirmaron el procesamiento de Alberto Fern\u00e1ndez por violencia de g\u00e9nero contra Fabiola Ya\u00f1ez\",\"datePublished\":\"2025-04-16T03:10:00+00:00\",\"dateModified\":\"2025-04-16T03:10:04+00:00\",\"mainEntityOfPage\":{\"@id\":\"https:\/\/nuevodigitaldeescobar.com.ar\/?p=13897\"},\"wordCount\":518,\"commentCount\":0,\"publisher\":{\"@id\":\"https:\/\/nuevodigitaldeescobar.com.ar\/#organization\"},\"image\":{\"@id\":\"https:\/\/nuevodigitaldeescobar.com.ar\/?p=13897#primaryimage\"},\"thumbnailUrl\":\"https:\/\/nuevodigitaldeescobar.com.ar\/wp-content\/uploads\/2024\/08\/fernandez-yanez.jpg\",\"articleSection\":[\"Judiciales\"],\"inLanguage\":\"es\",\"potentialAction\":[{\"@type\":\"CommentAction\",\"name\":\"Comment\",\"target\":[\"https:\/\/nuevodigitaldeescobar.com.ar\/?p=13897#respond\"]}]},{\"@type\":\"WebPage\",\"@id\":\"https:\/\/nuevodigitaldeescobar.com.ar\/?p=13897\",\"url\":\"https:\/\/nuevodigitaldeescobar.com.ar\/?p=13897\",\"name\":\"Confirmaron el procesamiento de Alberto Fern\u00e1ndez por violencia de g\u00e9nero contra Fabiola Ya\u00f1ez - Nuevo Digital de Escobar\",\"isPartOf\":{\"@id\":\"https:\/\/nuevodigitaldeescobar.com.ar\/#website\"},\"primaryImageOfPage\":{\"@id\":\"https:\/\/nuevodigitaldeescobar.com.ar\/?p=13897#primaryimage\"},\"image\":{\"@id\":\"https:\/\/nuevodigitaldeescobar.com.ar\/?p=13897#primaryimage\"},\"thumbnailUrl\":\"https:\/\/nuevodigitaldeescobar.com.ar\/wp-content\/uploads\/2024\/08\/fernandez-yanez.jpg\",\"datePublished\":\"2025-04-16T03:10:00+00:00\",\"dateModified\":\"2025-04-16T03:10:04+00:00\",\"breadcrumb\":{\"@id\":\"https:\/\/nuevodigitaldeescobar.com.ar\/?p=13897#breadcrumb\"},\"inLanguage\":\"es\",\"potentialAction\":[{\"@type\":\"ReadAction\",\"target\":[\"https:\/\/nuevodigitaldeescobar.com.ar\/?p=13897\"]}]},{\"@type\":\"ImageObject\",\"inLanguage\":\"es\",\"@id\":\"https:\/\/nuevodigitaldeescobar.com.ar\/?p=13897#primaryimage\",\"url\":\"https:\/\/nuevodigitaldeescobar.com.ar\/wp-content\/uploads\/2024\/08\/fernandez-yanez.jpg\",\"contentUrl\":\"https:\/\/nuevodigitaldeescobar.com.ar\/wp-content\/uploads\/2024\/08\/fernandez-yanez.jpg\",\"width\":767,\"height\":430,\"caption\":\"Fabiola Ya\u00f1ez denunci\u00f3 este martes a Alberto Fern\u00e1ndez. (Foto: EFE)\"},{\"@type\":\"BreadcrumbList\",\"@id\":\"https:\/\/nuevodigitaldeescobar.com.ar\/?p=13897#breadcrumb\",\"itemListElement\":[{\"@type\":\"ListItem\",\"position\":1,\"name\":\"Portada\",\"item\":\"https:\/\/nuevodigitaldeescobar.com.ar\/\"},{\"@type\":\"ListItem\",\"position\":2,\"name\":\"Confirmaron el procesamiento de Alberto Fern\u00e1ndez por violencia de g\u00e9nero contra Fabiola Ya\u00f1ez\"}]},{\"@type\":\"WebSite\",\"@id\":\"https:\/\/nuevodigitaldeescobar.com.ar\/#website\",\"url\":\"https:\/\/nuevodigitaldeescobar.com.ar\/\",\"name\":\"Nuevo Digital de Escobar\",\"description\":\"La vida escobarense. Directora: Rosana Brunner\",\"publisher\":{\"@id\":\"https:\/\/nuevodigitaldeescobar.com.ar\/#organization\"},\"potentialAction\":[{\"@type\":\"SearchAction\",\"target\":{\"@type\":\"EntryPoint\",\"urlTemplate\":\"https:\/\/nuevodigitaldeescobar.com.ar\/?s={search_term_string}\"},\"query-input\":{\"@type\":\"PropertyValueSpecification\",\"valueRequired\":true,\"valueName\":\"search_term_string\"}}],\"inLanguage\":\"es\"},{\"@type\":\"Organization\",\"@id\":\"https:\/\/nuevodigitaldeescobar.com.ar\/#organization\",\"name\":\"Nuevo Digital de Escobar\",\"url\":\"https:\/\/nuevodigitaldeescobar.com.ar\/\",\"logo\":{\"@type\":\"ImageObject\",\"inLanguage\":\"es\",\"@id\":\"https:\/\/nuevodigitaldeescobar.com.ar\/#\/schema\/logo\/image\/\",\"url\":\"https:\/\/nuevodigitaldeescobar.com.ar\/wp-content\/uploads\/2025\/05\/cropped-logo-nuevo2.jpg\",\"contentUrl\":\"https:\/\/nuevodigitaldeescobar.com.ar\/wp-content\/uploads\/2025\/05\/cropped-logo-nuevo2.jpg\",\"width\":305,\"height\":305,\"caption\":\"Nuevo Digital de Escobar\"},\"image\":{\"@id\":\"https:\/\/nuevodigitaldeescobar.com.ar\/#\/schema\/logo\/image\/\"},\"sameAs\":[\"https:\/\/www.facebook.com\/NUEVODigitalDeEscobar\",\"https:\/\/x.com\/nuevodigescobar\",\"https:\/\/www.instagram.com\/nuevodigitaldeescobar\"]},{\"@type\":\"Person\",\"@id\":\"https:\/\/nuevodigitaldeescobar.com.ar\/#\/schema\/person\/035e90a8efe9a80e6eec22656ad6ea4c\",\"name\":\"Redacci\u00f3n\",\"image\":{\"@type\":\"ImageObject\",\"inLanguage\":\"es\",\"@id\":\"https:\/\/nuevodigitaldeescobar.com.ar\/#\/schema\/person\/image\/\",\"url\":\"https:\/\/secure.gravatar.com\/avatar\/8af8f40000c24e9eef3034f2be5998a372bb1389e64b1a4a36b3a7979142220d?s=96&d=mm&r=g\",\"contentUrl\":\"https:\/\/secure.gravatar.com\/avatar\/8af8f40000c24e9eef3034f2be5998a372bb1389e64b1a4a36b3a7979142220d?s=96&d=mm&r=g\",\"caption\":\"Redacci\u00f3n\"},\"sameAs\":[\"http:\/\/nuevodigitaldeescobar.com.ar\"],\"url\":\"https:\/\/nuevodigitaldeescobar.com.ar\/?author=1\"}]}<\/script>\n<!-- \/ Yoast SEO plugin. -->","yoast_head_json":{"title":"Confirmaron el procesamiento de Alberto Fern\u00e1ndez por violencia de g\u00e9nero contra Fabiola Ya\u00f1ez - Nuevo Digital de Escobar","robots":{"index":"index","follow":"follow","max-snippet":"max-snippet:-1","max-image-preview":"max-image-preview:large","max-video-preview":"max-video-preview:-1"},"canonical":"https:\/\/nuevodigitaldeescobar.com.ar\/?p=13897","og_locale":"es_ES","og_type":"article","og_title":"Confirmaron el procesamiento de Alberto Fern\u00e1ndez por violencia de g\u00e9nero contra Fabiola Ya\u00f1ez - Nuevo Digital de Escobar","og_description":"La C\u00e1mara Federal porte\u00f1a confirm\u00f3 el procesamiento del ex presidente Alberto Fern\u00e1ndez en el marco de la causa por violencia de g\u00e9nero contra su ex [&hellip;]","og_url":"https:\/\/nuevodigitaldeescobar.com.ar\/?p=13897","og_site_name":"Nuevo Digital de Escobar","article_publisher":"https:\/\/www.facebook.com\/NUEVODigitalDeEscobar","article_published_time":"2025-04-16T03:10:00+00:00","article_modified_time":"2025-04-16T03:10:04+00:00","og_image":[{"width":767,"height":430,"url":"https:\/\/nuevodigitaldeescobar.com.ar\/wp-content\/uploads\/2024\/08\/fernandez-yanez.jpg","type":"image\/jpeg"}],"author":"Redacci\u00f3n","twitter_card":"summary_large_image","twitter_creator":"@nuevodigescobar","twitter_site":"@nuevodigescobar","twitter_misc":{"Escrito por":"Redacci\u00f3n","Tiempo de lectura":"3 minutos"},"schema":{"@context":"https:\/\/schema.org","@graph":[{"@type":"Article","@id":"https:\/\/nuevodigitaldeescobar.com.ar\/?p=13897#article","isPartOf":{"@id":"https:\/\/nuevodigitaldeescobar.com.ar\/?p=13897"},"author":{"name":"Redacci\u00f3n","@id":"https:\/\/nuevodigitaldeescobar.com.ar\/#\/schema\/person\/035e90a8efe9a80e6eec22656ad6ea4c"},"headline":"Confirmaron el procesamiento de Alberto Fern\u00e1ndez por violencia de g\u00e9nero contra Fabiola Ya\u00f1ez","datePublished":"2025-04-16T03:10:00+00:00","dateModified":"2025-04-16T03:10:04+00:00","mainEntityOfPage":{"@id":"https:\/\/nuevodigitaldeescobar.com.ar\/?p=13897"},"wordCount":518,"commentCount":0,"publisher":{"@id":"https:\/\/nuevodigitaldeescobar.com.ar\/#organization"},"image":{"@id":"https:\/\/nuevodigitaldeescobar.com.ar\/?p=13897#primaryimage"},"thumbnailUrl":"https:\/\/nuevodigitaldeescobar.com.ar\/wp-content\/uploads\/2024\/08\/fernandez-yanez.jpg","articleSection":["Judiciales"],"inLanguage":"es","potentialAction":[{"@type":"CommentAction","name":"Comment","target":["https:\/\/nuevodigitaldeescobar.com.ar\/?p=13897#respond"]}]},{"@type":"WebPage","@id":"https:\/\/nuevodigitaldeescobar.com.ar\/?p=13897","url":"https:\/\/nuevodigitaldeescobar.com.ar\/?p=13897","name":"Confirmaron el procesamiento de Alberto Fern\u00e1ndez por violencia de g\u00e9nero contra Fabiola Ya\u00f1ez - Nuevo Digital de Escobar","isPartOf":{"@id":"https:\/\/nuevodigitaldeescobar.com.ar\/#website"},"primaryImageOfPage":{"@id":"https:\/\/nuevodigitaldeescobar.com.ar\/?p=13897#primaryimage"},"image":{"@id":"https:\/\/nuevodigitaldeescobar.com.ar\/?p=13897#primaryimage"},"thumbnailUrl":"https:\/\/nuevodigitaldeescobar.com.ar\/wp-content\/uploads\/2024\/08\/fernandez-yanez.jpg","datePublished":"2025-04-16T03:10:00+00:00","dateModified":"2025-04-16T03:10:04+00:00","breadcrumb":{"@id":"https:\/\/nuevodigitaldeescobar.com.ar\/?p=13897#breadcrumb"},"inLanguage":"es","potentialAction":[{"@type":"ReadAction","target":["https:\/\/nuevodigitaldeescobar.com.ar\/?p=13897"]}]},{"@type":"ImageObject","inLanguage":"es","@id":"https:\/\/nuevodigitaldeescobar.com.ar\/?p=13897#primaryimage","url":"https:\/\/nuevodigitaldeescobar.com.ar\/wp-content\/uploads\/2024\/08\/fernandez-yanez.jpg","contentUrl":"https:\/\/nuevodigitaldeescobar.com.ar\/wp-content\/uploads\/2024\/08\/fernandez-yanez.jpg","width":767,"height":430,"caption":"Fabiola Ya\u00f1ez denunci\u00f3 este martes a Alberto Fern\u00e1ndez. (Foto: EFE)"},{"@type":"BreadcrumbList","@id":"https:\/\/nuevodigitaldeescobar.com.ar\/?p=13897#breadcrumb","itemListElement":[{"@type":"ListItem","position":1,"name":"Portada","item":"https:\/\/nuevodigitaldeescobar.com.ar\/"},{"@type":"ListItem","position":2,"name":"Confirmaron el procesamiento de Alberto Fern\u00e1ndez por violencia de g\u00e9nero contra Fabiola Ya\u00f1ez"}]},{"@type":"WebSite","@id":"https:\/\/nuevodigitaldeescobar.com.ar\/#website","url":"https:\/\/nuevodigitaldeescobar.com.ar\/","name":"Nuevo Digital de Escobar","description":"La vida escobarense. Directora: Rosana Brunner","publisher":{"@id":"https:\/\/nuevodigitaldeescobar.com.ar\/#organization"},"potentialAction":[{"@type":"SearchAction","target":{"@type":"EntryPoint","urlTemplate":"https:\/\/nuevodigitaldeescobar.com.ar\/?s={search_term_string}"},"query-input":{"@type":"PropertyValueSpecification","valueRequired":true,"valueName":"search_term_string"}}],"inLanguage":"es"},{"@type":"Organization","@id":"https:\/\/nuevodigitaldeescobar.com.ar\/#organization","name":"Nuevo Digital de Escobar","url":"https:\/\/nuevodigitaldeescobar.com.ar\/","logo":{"@type":"ImageObject","inLanguage":"es","@id":"https:\/\/nuevodigitaldeescobar.com.ar\/#\/schema\/logo\/image\/","url":"https:\/\/nuevodigitaldeescobar.com.ar\/wp-content\/uploads\/2025\/05\/cropped-logo-nuevo2.jpg","contentUrl":"https:\/\/nuevodigitaldeescobar.com.ar\/wp-content\/uploads\/2025\/05\/cropped-logo-nuevo2.jpg","width":305,"height":305,"caption":"Nuevo Digital de Escobar"},"image":{"@id":"https:\/\/nuevodigitaldeescobar.com.ar\/#\/schema\/logo\/image\/"},"sameAs":["https:\/\/www.facebook.com\/NUEVODigitalDeEscobar","https:\/\/x.com\/nuevodigescobar","https:\/\/www.instagram.com\/nuevodigitaldeescobar"]},{"@type":"Person","@id":"https:\/\/nuevodigitaldeescobar.com.ar\/#\/schema\/person\/035e90a8efe9a80e6eec22656ad6ea4c","name":"Redacci\u00f3n","image":{"@type":"ImageObject","inLanguage":"es","@id":"https:\/\/nuevodigitaldeescobar.com.ar\/#\/schema\/person\/image\/","url":"https:\/\/secure.gravatar.com\/avatar\/8af8f40000c24e9eef3034f2be5998a372bb1389e64b1a4a36b3a7979142220d?s=96&d=mm&r=g","contentUrl":"https:\/\/secure.gravatar.com\/avatar\/8af8f40000c24e9eef3034f2be5998a372bb1389e64b1a4a36b3a7979142220d?s=96&d=mm&r=g","caption":"Redacci\u00f3n"},"sameAs":["http:\/\/nuevodigitaldeescobar.com.ar"],"url":"https:\/\/nuevodigitaldeescobar.com.ar\/?author=1"}]}},"featured_image_urls":{"full":["https:\/\/nuevodigitaldeescobar.com.ar\/wp-content\/uploads\/2024\/08\/fernandez-yanez.jpg",767,430,false],"thumbnail":["https:\/\/nuevodigitaldeescobar.com.ar\/wp-content\/uploads\/2024\/08\/fernandez-yanez-150x150.jpg",150,150,true],"medium":["https:\/\/nuevodigitaldeescobar.com.ar\/wp-content\/uploads\/2024\/08\/fernandez-yanez-300x168.jpg",300,168,true],"medium_large":["https:\/\/nuevodigitaldeescobar.com.ar\/wp-content\/uploads\/2024\/08\/fernandez-yanez.jpg",640,359,false],"large":["https:\/\/nuevodigitaldeescobar.com.ar\/wp-content\/uploads\/2024\/08\/fernandez-yanez.jpg",640,359,false],"1536x1536":["https:\/\/nuevodigitaldeescobar.com.ar\/wp-content\/uploads\/2024\/08\/fernandez-yanez.jpg",767,430,false],"2048x2048":["https:\/\/nuevodigitaldeescobar.com.ar\/wp-content\/uploads\/2024\/08\/fernandez-yanez.jpg",767,430,false]},"author_info":{"display_name":"Redacci\u00f3n","author_link":"https:\/\/nuevodigitaldeescobar.com.ar\/?author=1"},"category_info":"<a href=\"https:\/\/nuevodigitaldeescobar.com.ar\/?cat=235\" rel=\"category\">Judiciales<\/a>","tag_info":"Judiciales","comment_count":"0","_links":{"self":[{"href":"https:\/\/nuevodigitaldeescobar.com.ar\/index.php?rest_route=\/wp\/v2\/posts\/13897","targetHints":{"allow":["GET"]}}],"collection":[{"href":"https:\/\/nuevodigitaldeescobar.com.ar\/index.php?rest_route=\/wp\/v2\/posts"}],"about":[{"href":"https:\/\/nuevodigitaldeescobar.com.ar\/index.php?rest_route=\/wp\/v2\/types\/post"}],"author":[{"embeddable":true,"href":"https:\/\/nuevodigitaldeescobar.com.ar\/index.php?rest_route=\/wp\/v2\/users\/1"}],"replies":[{"embeddable":true,"href":"https:\/\/nuevodigitaldeescobar.com.ar\/index.php?rest_route=%2Fwp%2Fv2%2Fcomments&post=13897"}],"version-history":[{"count":1,"href":"https:\/\/nuevodigitaldeescobar.com.ar\/index.php?rest_route=\/wp\/v2\/posts\/13897\/revisions"}],"predecessor-version":[{"id":13898,"href":"https:\/\/nuevodigitaldeescobar.com.ar\/index.php?rest_route=\/wp\/v2\/posts\/13897\/revisions\/13898"}],"wp:featuredmedia":[{"embeddable":true,"href":"https:\/\/nuevodigitaldeescobar.com.ar\/index.php?rest_route=\/wp\/v2\/media\/7229"}],"wp:attachment":[{"href":"https:\/\/nuevodigitaldeescobar.com.ar\/index.php?rest_route=%2Fwp%2Fv2%2Fmedia&parent=13897"}],"wp:term":[{"taxonomy":"category","embeddable":true,"href":"https:\/\/nuevodigitaldeescobar.com.ar\/index.php?rest_route=%2Fwp%2Fv2%2Fcategories&post=13897"},{"taxonomy":"post_tag","embeddable":true,"href":"https:\/\/nuevodigitaldeescobar.com.ar\/index.php?rest_route=%2Fwp%2Fv2%2Ftags&post=13897"}],"curies":[{"name":"wp","href":"https:\/\/api.w.org\/{rel}","templated":true}]}}