{"id":13932,"date":"2025-04-17T15:20:19","date_gmt":"2025-04-17T18:20:19","guid":{"rendered":"https:\/\/nuevodigitaldeescobar.com.ar\/?p=13932"},"modified":"2025-04-18T10:09:34","modified_gmt":"2025-04-18T13:09:34","slug":"ancelotti-se-ira-del-real-madrid-luego-de-la-final-de-copa-del-rey-frente-al-barcelona","status":"publish","type":"post","link":"https:\/\/nuevodigitaldeescobar.com.ar\/?p=13932","title":{"rendered":"Ancelotti se ir\u00e1 del Real Madrid luego de la final de Copa del Rey frente al Barcelona"},"content":{"rendered":"\n<p>Despu\u00e9s de la dura eliminaci\u00f3n sufrida a manos del Arsenal, \u00a0<strong>la estad\u00eda de Carlo Ancelotti al frente del Real Madrid parece tener los d\u00edas contados<\/strong>. Seg\u00fan inform\u00f3 <strong>Sky Sports<\/strong>, <strong>el entrenador italiano dejar\u00eda su cargo tras disputar la final de la Copa del Rey ante Barcelona<\/strong>, programada para el pr\u00f3ximo 26 de abril.<\/p>\n<p>Aunque la decisi\u00f3n a\u00fan no fue confirmada de manera oficial, <strong>se habla de una salida inminente que dejar\u00eda al equipo sin t\u00e9cnico para el tramo final de LaLiga<\/strong>, donde pelea cabeza a cabeza con el conjunto catal\u00e1n. Actualmente, la Casa Blanca est\u00e1 segundo, <strong>a\u00a04 puntos de los cul\u00e9s con 21 en juego<\/strong>, y su chance m\u00e1s clara retomar el liderato ser\u00eda justamente en otro cl\u00e1sico que se juega dos semanas despu\u00e9s de la final de la Copa del Rey.<\/p>\n<h2><strong>Primeros nombres en carpeta: Klopp y Xabi Alonso<\/strong><\/h2>\n<p>A la espera de que el club emita un anuncio formal, ya comenzaron a circular nombres para suceder a Ancelotti en el banco merengue. El primero es nada menos que <strong>J\u00fcrgen Klopp<\/strong>, quien tras dejar el <strong>Liverpool<\/strong>\u00a0 ocupa actualmente un <strong>rol ejecutivo en el proyecto global de Red Bull<\/strong>. El alem\u00e1n est\u00e1 abierto a escuchar propuestas tanto de la Selecci\u00f3n de Brasil como del propio Real Madrid.<\/p>\n<div class=\"inter_image image_horizontal\">\n<div>\n<span class=\"img_footer\">Klopp no dirige un club desde que se fue del Liverpool a mediados del a\u00f1o pasado <\/span>|\n<\/div>\n<\/div>\n<p>El segundo candidato que aparece con fuerza es <strong>Xabi Alonso<\/strong>, exjugador blanco y actual <strong>entrenador del Bayer Leverkusen<\/strong>, reciente campe\u00f3n de la Bundesliga. Si bien <strong>tiene contrato vigente<\/strong>, su nombre est\u00e1 sobre la mesa de Florentino P\u00e9rez, especialmente por su conocimiento\u00a0del club y su presente exitoso como DT.<\/p>\n<h2><strong>\u00bfAncelotti podr\u00eda ir a Brasil?<\/strong><\/h2>\n<p>La posible salida de \u00a0<strong>Ancelotti tambi\u00e9n podr\u00eda tener impacto en los planes de la Selecci\u00f3n de Brasil<\/strong>, que lo tiene como principal candidato para reemplazar a Dorival J\u00fanior de cara a la doble fecha de Eliminatorias en junio.<\/p>\n<p>Cabe recordar que hace unas semanas, el propio <strong>Ancelotti<\/strong>\u00a0 hab\u00eda descartado p\u00fablicamente la chance de asumir en la Canarinha, al declarar: \u00ab<strong><em>Le tengo mucho cari\u00f1o a Brasil, a sus jugadores y afici\u00f3n, pero tengo contrato con Real Madrid y no tengo nada que a\u00f1adir al respecto<\/em><\/strong>\u00ab.<\/p>\n<p>Sin embargo, ante este nuevo escenario, la CBF podr\u00eda reactivar su ofensiva por el t\u00e9cnico italiano. Mientras tanto, otro nombre que vuelve a sonar para el banco brasile\u00f1o es el de <strong>Jorge Jes\u00fas<\/strong>, actual <strong>DT del Al Hilal<\/strong>, quien \u00a0<strong>estar\u00eda dispuesto a considerar una propuesta a partir de mayo, una vez que se defina su futuro en Arabia Saudita<\/strong>.<\/p>\n<p>\n","protected":false},"excerpt":{"rendered":"<p>Despu\u00e9s de la dura eliminaci\u00f3n sufrida a manos del Arsenal, \u00a0la estad\u00eda de Carlo Ancelotti al frente del Real Madrid parece tener los d\u00edas contados. [&hellip;]<\/p>\n","protected":false},"author":1,"featured_media":13933,"comment_status":"open","ping_status":"open","sticky":false,"template":"","format":"standard","meta":{"footnotes":""},"categories":[8],"tags":[],"class_list":["post-13932","post","type-post","status-publish","format-standard","has-post-thumbnail","hentry","category-deportes"],"better_featured_image":{"id":13933,"alt_text":"","caption":"","description":"","media_type":"image","media_details":{"width":1600,"height":1067,"file":"2025\/04\/zmzaz3mbqnusw3vzz3bmhq_1600_1067-5pdg9A.jpeg","filesize":69358,"sizes":{"medium":{"file":"zmzaz3mbqnusw3vzz3bmhq_1600_1067-5pdg9A-300x200.jpeg","width":300,"height":200,"mime-type":"image\/jpeg","filesize":5561,"source_url":"https:\/\/nuevodigitaldeescobar.com.ar\/wp-content\/uploads\/2025\/04\/zmzaz3mbqnusw3vzz3bmhq_1600_1067-5pdg9A-300x200.jpeg"},"large":{"file":"zmzaz3mbqnusw3vzz3bmhq_1600_1067-5pdg9A-1024x683.jpeg","width":1024,"height":683,"mime-type":"image\/jpeg","filesize":45759,"source_url":"https:\/\/nuevodigitaldeescobar.com.ar\/wp-content\/uploads\/2025\/04\/zmzaz3mbqnusw3vzz3bmhq_1600_1067-5pdg9A-1024x683.jpeg"},"thumbnail":{"file":"zmzaz3mbqnusw3vzz3bmhq_1600_1067-5pdg9A-150x150.jpeg","width":150,"height":150,"mime-type":"image\/jpeg","filesize":3208,"source_url":"https:\/\/nuevodigitaldeescobar.com.ar\/wp-content\/uploads\/2025\/04\/zmzaz3mbqnusw3vzz3bmhq_1600_1067-5pdg9A-150x150.jpeg"},"medium_large":{"file":"zmzaz3mbqnusw3vzz3bmhq_1600_1067-5pdg9A-768x512.jpeg","width":768,"height":512,"mime-type":"image\/jpeg","filesize":26748,"source_url":"https:\/\/nuevodigitaldeescobar.com.ar\/wp-content\/uploads\/2025\/04\/zmzaz3mbqnusw3vzz3bmhq_1600_1067-5pdg9A-768x512.jpeg"},"1536x1536":{"file":"zmzaz3mbqnusw3vzz3bmhq_1600_1067-5pdg9A-1536x1024.jpeg","width":1536,"height":1024,"mime-type":"image\/jpeg","filesize":87948,"source_url":"https:\/\/nuevodigitaldeescobar.com.ar\/wp-content\/uploads\/2025\/04\/zmzaz3mbqnusw3vzz3bmhq_1600_1067-5pdg9A-1536x1024.jpeg"}},"image_meta":{"aperture":"0","credit":"","camera":"","caption":"","created_timestamp":"0","copyright":"","focal_length":"0","iso":"0","shutter_speed":"0","title":"","orientation":"0","keywords":[]}},"post":13932,"source_url":"https:\/\/nuevodigitaldeescobar.com.ar\/wp-content\/uploads\/2025\/04\/zmzaz3mbqnusw3vzz3bmhq_1600_1067-5pdg9A.jpeg"},"yoast_head":"<!-- This site is optimized with the Yoast SEO plugin v26.1.1 - https:\/\/yoast.com\/wordpress\/plugins\/seo\/ -->\n<title>Ancelotti se ir\u00e1 del Real Madrid luego de la final de Copa del Rey frente al Barcelona - Nuevo Digital de Escobar<\/title>\n<meta name=\"robots\" content=\"index, follow, max-snippet:-1, max-image-preview:large, max-video-preview:-1\" \/>\n<link rel=\"canonical\" href=\"https:\/\/nuevodigitaldeescobar.com.ar\/?p=13932\" \/>\n<meta property=\"og:locale\" content=\"es_ES\" \/>\n<meta property=\"og:type\" content=\"article\" \/>\n<meta property=\"og:title\" content=\"Ancelotti se ir\u00e1 del Real Madrid luego de la final de Copa del Rey frente al Barcelona - Nuevo Digital de Escobar\" \/>\n<meta property=\"og:description\" content=\"Despu\u00e9s de la dura eliminaci\u00f3n sufrida a manos del Arsenal, \u00a0la estad\u00eda de Carlo Ancelotti al frente del Real Madrid parece tener los d\u00edas contados. [&hellip;]\" \/>\n<meta property=\"og:url\" content=\"https:\/\/nuevodigitaldeescobar.com.ar\/?p=13932\" \/>\n<meta property=\"og:site_name\" content=\"Nuevo Digital de Escobar\" \/>\n<meta property=\"article:publisher\" content=\"https:\/\/www.facebook.com\/NUEVODigitalDeEscobar\" \/>\n<meta property=\"article:published_time\" content=\"2025-04-17T18:20:19+00:00\" \/>\n<meta property=\"article:modified_time\" content=\"2025-04-18T13:09:34+00:00\" \/>\n<meta property=\"og:image\" content=\"https:\/\/nuevodigitaldeescobar.com.ar\/wp-content\/uploads\/2025\/04\/zmzaz3mbqnusw3vzz3bmhq_1600_1067-5pdg9A.jpeg\" \/>\n\t<meta property=\"og:image:width\" content=\"1600\" \/>\n\t<meta property=\"og:image:height\" content=\"1067\" \/>\n\t<meta property=\"og:image:type\" content=\"image\/jpeg\" \/>\n<meta name=\"author\" content=\"Redacci\u00f3n\" \/>\n<meta name=\"twitter:card\" content=\"summary_large_image\" \/>\n<meta name=\"twitter:creator\" content=\"@nuevodigescobar\" \/>\n<meta name=\"twitter:site\" content=\"@nuevodigescobar\" \/>\n<meta name=\"twitter:label1\" content=\"Escrito por\" \/>\n\t<meta name=\"twitter:data1\" content=\"Redacci\u00f3n\" \/>\n\t<meta name=\"twitter:label2\" content=\"Tiempo de lectura\" \/>\n\t<meta name=\"twitter:data2\" content=\"2 minutos\" \/>\n<script type=\"application\/ld+json\" class=\"yoast-schema-graph\">{\"@context\":\"https:\/\/schema.org\",\"@graph\":[{\"@type\":\"Article\",\"@id\":\"https:\/\/nuevodigitaldeescobar.com.ar\/?p=13932#article\",\"isPartOf\":{\"@id\":\"https:\/\/nuevodigitaldeescobar.com.ar\/?p=13932\"},\"author\":{\"name\":\"Redacci\u00f3n\",\"@id\":\"https:\/\/nuevodigitaldeescobar.com.ar\/#\/schema\/person\/035e90a8efe9a80e6eec22656ad6ea4c\"},\"headline\":\"Ancelotti se ir\u00e1 del Real Madrid luego de la final de Copa del Rey frente al Barcelona\",\"datePublished\":\"2025-04-17T18:20:19+00:00\",\"dateModified\":\"2025-04-18T13:09:34+00:00\",\"mainEntityOfPage\":{\"@id\":\"https:\/\/nuevodigitaldeescobar.com.ar\/?p=13932\"},\"wordCount\":473,\"commentCount\":0,\"publisher\":{\"@id\":\"https:\/\/nuevodigitaldeescobar.com.ar\/#organization\"},\"image\":{\"@id\":\"https:\/\/nuevodigitaldeescobar.com.ar\/?p=13932#primaryimage\"},\"thumbnailUrl\":\"https:\/\/nuevodigitaldeescobar.com.ar\/wp-content\/uploads\/2025\/04\/zmzaz3mbqnusw3vzz3bmhq_1600_1067-5pdg9A.jpeg\",\"articleSection\":[\"Deportes\"],\"inLanguage\":\"es\",\"potentialAction\":[{\"@type\":\"CommentAction\",\"name\":\"Comment\",\"target\":[\"https:\/\/nuevodigitaldeescobar.com.ar\/?p=13932#respond\"]}]},{\"@type\":\"WebPage\",\"@id\":\"https:\/\/nuevodigitaldeescobar.com.ar\/?p=13932\",\"url\":\"https:\/\/nuevodigitaldeescobar.com.ar\/?p=13932\",\"name\":\"Ancelotti se ir\u00e1 del Real Madrid luego de la final de Copa del Rey frente al Barcelona - Nuevo Digital de Escobar\",\"isPartOf\":{\"@id\":\"https:\/\/nuevodigitaldeescobar.com.ar\/#website\"},\"primaryImageOfPage\":{\"@id\":\"https:\/\/nuevodigitaldeescobar.com.ar\/?p=13932#primaryimage\"},\"image\":{\"@id\":\"https:\/\/nuevodigitaldeescobar.com.ar\/?p=13932#primaryimage\"},\"thumbnailUrl\":\"https:\/\/nuevodigitaldeescobar.com.ar\/wp-content\/uploads\/2025\/04\/zmzaz3mbqnusw3vzz3bmhq_1600_1067-5pdg9A.jpeg\",\"datePublished\":\"2025-04-17T18:20:19+00:00\",\"dateModified\":\"2025-04-18T13:09:34+00:00\",\"breadcrumb\":{\"@id\":\"https:\/\/nuevodigitaldeescobar.com.ar\/?p=13932#breadcrumb\"},\"inLanguage\":\"es\",\"potentialAction\":[{\"@type\":\"ReadAction\",\"target\":[\"https:\/\/nuevodigitaldeescobar.com.ar\/?p=13932\"]}]},{\"@type\":\"ImageObject\",\"inLanguage\":\"es\",\"@id\":\"https:\/\/nuevodigitaldeescobar.com.ar\/?p=13932#primaryimage\",\"url\":\"https:\/\/nuevodigitaldeescobar.com.ar\/wp-content\/uploads\/2025\/04\/zmzaz3mbqnusw3vzz3bmhq_1600_1067-5pdg9A.jpeg\",\"contentUrl\":\"https:\/\/nuevodigitaldeescobar.com.ar\/wp-content\/uploads\/2025\/04\/zmzaz3mbqnusw3vzz3bmhq_1600_1067-5pdg9A.jpeg\",\"width\":1600,\"height\":1067},{\"@type\":\"BreadcrumbList\",\"@id\":\"https:\/\/nuevodigitaldeescobar.com.ar\/?p=13932#breadcrumb\",\"itemListElement\":[{\"@type\":\"ListItem\",\"position\":1,\"name\":\"Portada\",\"item\":\"https:\/\/nuevodigitaldeescobar.com.ar\/\"},{\"@type\":\"ListItem\",\"position\":2,\"name\":\"Ancelotti se ir\u00e1 del Real Madrid luego de la final de Copa del Rey frente al Barcelona\"}]},{\"@type\":\"WebSite\",\"@id\":\"https:\/\/nuevodigitaldeescobar.com.ar\/#website\",\"url\":\"https:\/\/nuevodigitaldeescobar.com.ar\/\",\"name\":\"Nuevo Digital de Escobar\",\"description\":\"La vida escobarense. Directora: Rosana Brunner\",\"publisher\":{\"@id\":\"https:\/\/nuevodigitaldeescobar.com.ar\/#organization\"},\"potentialAction\":[{\"@type\":\"SearchAction\",\"target\":{\"@type\":\"EntryPoint\",\"urlTemplate\":\"https:\/\/nuevodigitaldeescobar.com.ar\/?s={search_term_string}\"},\"query-input\":{\"@type\":\"PropertyValueSpecification\",\"valueRequired\":true,\"valueName\":\"search_term_string\"}}],\"inLanguage\":\"es\"},{\"@type\":\"Organization\",\"@id\":\"https:\/\/nuevodigitaldeescobar.com.ar\/#organization\",\"name\":\"Nuevo Digital de Escobar\",\"url\":\"https:\/\/nuevodigitaldeescobar.com.ar\/\",\"logo\":{\"@type\":\"ImageObject\",\"inLanguage\":\"es\",\"@id\":\"https:\/\/nuevodigitaldeescobar.com.ar\/#\/schema\/logo\/image\/\",\"url\":\"https:\/\/nuevodigitaldeescobar.com.ar\/wp-content\/uploads\/2025\/05\/cropped-logo-nuevo2.jpg\",\"contentUrl\":\"https:\/\/nuevodigitaldeescobar.com.ar\/wp-content\/uploads\/2025\/05\/cropped-logo-nuevo2.jpg\",\"width\":305,\"height\":305,\"caption\":\"Nuevo Digital de Escobar\"},\"image\":{\"@id\":\"https:\/\/nuevodigitaldeescobar.com.ar\/#\/schema\/logo\/image\/\"},\"sameAs\":[\"https:\/\/www.facebook.com\/NUEVODigitalDeEscobar\",\"https:\/\/x.com\/nuevodigescobar\",\"https:\/\/www.instagram.com\/nuevodigitaldeescobar\"]},{\"@type\":\"Person\",\"@id\":\"https:\/\/nuevodigitaldeescobar.com.ar\/#\/schema\/person\/035e90a8efe9a80e6eec22656ad6ea4c\",\"name\":\"Redacci\u00f3n\",\"image\":{\"@type\":\"ImageObject\",\"inLanguage\":\"es\",\"@id\":\"https:\/\/nuevodigitaldeescobar.com.ar\/#\/schema\/person\/image\/\",\"url\":\"https:\/\/secure.gravatar.com\/avatar\/8af8f40000c24e9eef3034f2be5998a372bb1389e64b1a4a36b3a7979142220d?s=96&d=mm&r=g\",\"contentUrl\":\"https:\/\/secure.gravatar.com\/avatar\/8af8f40000c24e9eef3034f2be5998a372bb1389e64b1a4a36b3a7979142220d?s=96&d=mm&r=g\",\"caption\":\"Redacci\u00f3n\"},\"sameAs\":[\"http:\/\/nuevodigitaldeescobar.com.ar\"],\"url\":\"https:\/\/nuevodigitaldeescobar.com.ar\/?author=1\"}]}<\/script>\n<!-- \/ Yoast SEO plugin. -->","yoast_head_json":{"title":"Ancelotti se ir\u00e1 del Real Madrid luego de la final de Copa del Rey frente al Barcelona - Nuevo Digital de Escobar","robots":{"index":"index","follow":"follow","max-snippet":"max-snippet:-1","max-image-preview":"max-image-preview:large","max-video-preview":"max-video-preview:-1"},"canonical":"https:\/\/nuevodigitaldeescobar.com.ar\/?p=13932","og_locale":"es_ES","og_type":"article","og_title":"Ancelotti se ir\u00e1 del Real Madrid luego de la final de Copa del Rey frente al Barcelona - Nuevo Digital de Escobar","og_description":"Despu\u00e9s de la dura eliminaci\u00f3n sufrida a manos del Arsenal, \u00a0la estad\u00eda de Carlo Ancelotti al frente del Real Madrid parece tener los d\u00edas contados. [&hellip;]","og_url":"https:\/\/nuevodigitaldeescobar.com.ar\/?p=13932","og_site_name":"Nuevo Digital de Escobar","article_publisher":"https:\/\/www.facebook.com\/NUEVODigitalDeEscobar","article_published_time":"2025-04-17T18:20:19+00:00","article_modified_time":"2025-04-18T13:09:34+00:00","og_image":[{"width":1600,"height":1067,"url":"https:\/\/nuevodigitaldeescobar.com.ar\/wp-content\/uploads\/2025\/04\/zmzaz3mbqnusw3vzz3bmhq_1600_1067-5pdg9A.jpeg","type":"image\/jpeg"}],"author":"Redacci\u00f3n","twitter_card":"summary_large_image","twitter_creator":"@nuevodigescobar","twitter_site":"@nuevodigescobar","twitter_misc":{"Escrito por":"Redacci\u00f3n","Tiempo de lectura":"2 minutos"},"schema":{"@context":"https:\/\/schema.org","@graph":[{"@type":"Article","@id":"https:\/\/nuevodigitaldeescobar.com.ar\/?p=13932#article","isPartOf":{"@id":"https:\/\/nuevodigitaldeescobar.com.ar\/?p=13932"},"author":{"name":"Redacci\u00f3n","@id":"https:\/\/nuevodigitaldeescobar.com.ar\/#\/schema\/person\/035e90a8efe9a80e6eec22656ad6ea4c"},"headline":"Ancelotti se ir\u00e1 del Real Madrid luego de la final de Copa del Rey frente al Barcelona","datePublished":"2025-04-17T18:20:19+00:00","dateModified":"2025-04-18T13:09:34+00:00","mainEntityOfPage":{"@id":"https:\/\/nuevodigitaldeescobar.com.ar\/?p=13932"},"wordCount":473,"commentCount":0,"publisher":{"@id":"https:\/\/nuevodigitaldeescobar.com.ar\/#organization"},"image":{"@id":"https:\/\/nuevodigitaldeescobar.com.ar\/?p=13932#primaryimage"},"thumbnailUrl":"https:\/\/nuevodigitaldeescobar.com.ar\/wp-content\/uploads\/2025\/04\/zmzaz3mbqnusw3vzz3bmhq_1600_1067-5pdg9A.jpeg","articleSection":["Deportes"],"inLanguage":"es","potentialAction":[{"@type":"CommentAction","name":"Comment","target":["https:\/\/nuevodigitaldeescobar.com.ar\/?p=13932#respond"]}]},{"@type":"WebPage","@id":"https:\/\/nuevodigitaldeescobar.com.ar\/?p=13932","url":"https:\/\/nuevodigitaldeescobar.com.ar\/?p=13932","name":"Ancelotti se ir\u00e1 del Real Madrid luego de la final de Copa del Rey frente al Barcelona - Nuevo Digital de Escobar","isPartOf":{"@id":"https:\/\/nuevodigitaldeescobar.com.ar\/#website"},"primaryImageOfPage":{"@id":"https:\/\/nuevodigitaldeescobar.com.ar\/?p=13932#primaryimage"},"image":{"@id":"https:\/\/nuevodigitaldeescobar.com.ar\/?p=13932#primaryimage"},"thumbnailUrl":"https:\/\/nuevodigitaldeescobar.com.ar\/wp-content\/uploads\/2025\/04\/zmzaz3mbqnusw3vzz3bmhq_1600_1067-5pdg9A.jpeg","datePublished":"2025-04-17T18:20:19+00:00","dateModified":"2025-04-18T13:09:34+00:00","breadcrumb":{"@id":"https:\/\/nuevodigitaldeescobar.com.ar\/?p=13932#breadcrumb"},"inLanguage":"es","potentialAction":[{"@type":"ReadAction","target":["https:\/\/nuevodigitaldeescobar.com.ar\/?p=13932"]}]},{"@type":"ImageObject","inLanguage":"es","@id":"https:\/\/nuevodigitaldeescobar.com.ar\/?p=13932#primaryimage","url":"https:\/\/nuevodigitaldeescobar.com.ar\/wp-content\/uploads\/2025\/04\/zmzaz3mbqnusw3vzz3bmhq_1600_1067-5pdg9A.jpeg","contentUrl":"https:\/\/nuevodigitaldeescobar.com.ar\/wp-content\/uploads\/2025\/04\/zmzaz3mbqnusw3vzz3bmhq_1600_1067-5pdg9A.jpeg","width":1600,"height":1067},{"@type":"BreadcrumbList","@id":"https:\/\/nuevodigitaldeescobar.com.ar\/?p=13932#breadcrumb","itemListElement":[{"@type":"ListItem","position":1,"name":"Portada","item":"https:\/\/nuevodigitaldeescobar.com.ar\/"},{"@type":"ListItem","position":2,"name":"Ancelotti se ir\u00e1 del Real Madrid luego de la final de Copa del Rey frente al Barcelona"}]},{"@type":"WebSite","@id":"https:\/\/nuevodigitaldeescobar.com.ar\/#website","url":"https:\/\/nuevodigitaldeescobar.com.ar\/","name":"Nuevo Digital de Escobar","description":"La vida escobarense. Directora: Rosana Brunner","publisher":{"@id":"https:\/\/nuevodigitaldeescobar.com.ar\/#organization"},"potentialAction":[{"@type":"SearchAction","target":{"@type":"EntryPoint","urlTemplate":"https:\/\/nuevodigitaldeescobar.com.ar\/?s={search_term_string}"},"query-input":{"@type":"PropertyValueSpecification","valueRequired":true,"valueName":"search_term_string"}}],"inLanguage":"es"},{"@type":"Organization","@id":"https:\/\/nuevodigitaldeescobar.com.ar\/#organization","name":"Nuevo Digital de Escobar","url":"https:\/\/nuevodigitaldeescobar.com.ar\/","logo":{"@type":"ImageObject","inLanguage":"es","@id":"https:\/\/nuevodigitaldeescobar.com.ar\/#\/schema\/logo\/image\/","url":"https:\/\/nuevodigitaldeescobar.com.ar\/wp-content\/uploads\/2025\/05\/cropped-logo-nuevo2.jpg","contentUrl":"https:\/\/nuevodigitaldeescobar.com.ar\/wp-content\/uploads\/2025\/05\/cropped-logo-nuevo2.jpg","width":305,"height":305,"caption":"Nuevo Digital de Escobar"},"image":{"@id":"https:\/\/nuevodigitaldeescobar.com.ar\/#\/schema\/logo\/image\/"},"sameAs":["https:\/\/www.facebook.com\/NUEVODigitalDeEscobar","https:\/\/x.com\/nuevodigescobar","https:\/\/www.instagram.com\/nuevodigitaldeescobar"]},{"@type":"Person","@id":"https:\/\/nuevodigitaldeescobar.com.ar\/#\/schema\/person\/035e90a8efe9a80e6eec22656ad6ea4c","name":"Redacci\u00f3n","image":{"@type":"ImageObject","inLanguage":"es","@id":"https:\/\/nuevodigitaldeescobar.com.ar\/#\/schema\/person\/image\/","url":"https:\/\/secure.gravatar.com\/avatar\/8af8f40000c24e9eef3034f2be5998a372bb1389e64b1a4a36b3a7979142220d?s=96&d=mm&r=g","contentUrl":"https:\/\/secure.gravatar.com\/avatar\/8af8f40000c24e9eef3034f2be5998a372bb1389e64b1a4a36b3a7979142220d?s=96&d=mm&r=g","caption":"Redacci\u00f3n"},"sameAs":["http:\/\/nuevodigitaldeescobar.com.ar"],"url":"https:\/\/nuevodigitaldeescobar.com.ar\/?author=1"}]}},"featured_image_urls":{"full":["https:\/\/nuevodigitaldeescobar.com.ar\/wp-content\/uploads\/2025\/04\/zmzaz3mbqnusw3vzz3bmhq_1600_1067-5pdg9A.jpeg",1600,1067,false],"thumbnail":["https:\/\/nuevodigitaldeescobar.com.ar\/wp-content\/uploads\/2025\/04\/zmzaz3mbqnusw3vzz3bmhq_1600_1067-5pdg9A-150x150.jpeg",150,150,true],"medium":["https:\/\/nuevodigitaldeescobar.com.ar\/wp-content\/uploads\/2025\/04\/zmzaz3mbqnusw3vzz3bmhq_1600_1067-5pdg9A-300x200.jpeg",300,200,true],"medium_large":["https:\/\/nuevodigitaldeescobar.com.ar\/wp-content\/uploads\/2025\/04\/zmzaz3mbqnusw3vzz3bmhq_1600_1067-5pdg9A-768x512.jpeg",640,427,true],"large":["https:\/\/nuevodigitaldeescobar.com.ar\/wp-content\/uploads\/2025\/04\/zmzaz3mbqnusw3vzz3bmhq_1600_1067-5pdg9A-1024x683.jpeg",640,427,true],"1536x1536":["https:\/\/nuevodigitaldeescobar.com.ar\/wp-content\/uploads\/2025\/04\/zmzaz3mbqnusw3vzz3bmhq_1600_1067-5pdg9A-1536x1024.jpeg",1536,1024,true],"2048x2048":["https:\/\/nuevodigitaldeescobar.com.ar\/wp-content\/uploads\/2025\/04\/zmzaz3mbqnusw3vzz3bmhq_1600_1067-5pdg9A.jpeg",1600,1067,false]},"author_info":{"display_name":"Redacci\u00f3n","author_link":"https:\/\/nuevodigitaldeescobar.com.ar\/?author=1"},"category_info":"<a href=\"https:\/\/nuevodigitaldeescobar.com.ar\/?cat=8\" rel=\"category\">Deportes<\/a>","tag_info":"Deportes","comment_count":"0","_links":{"self":[{"href":"https:\/\/nuevodigitaldeescobar.com.ar\/index.php?rest_route=\/wp\/v2\/posts\/13932","targetHints":{"allow":["GET"]}}],"collection":[{"href":"https:\/\/nuevodigitaldeescobar.com.ar\/index.php?rest_route=\/wp\/v2\/posts"}],"about":[{"href":"https:\/\/nuevodigitaldeescobar.com.ar\/index.php?rest_route=\/wp\/v2\/types\/post"}],"author":[{"embeddable":true,"href":"https:\/\/nuevodigitaldeescobar.com.ar\/index.php?rest_route=\/wp\/v2\/users\/1"}],"replies":[{"embeddable":true,"href":"https:\/\/nuevodigitaldeescobar.com.ar\/index.php?rest_route=%2Fwp%2Fv2%2Fcomments&post=13932"}],"version-history":[{"count":1,"href":"https:\/\/nuevodigitaldeescobar.com.ar\/index.php?rest_route=\/wp\/v2\/posts\/13932\/revisions"}],"predecessor-version":[{"id":13943,"href":"https:\/\/nuevodigitaldeescobar.com.ar\/index.php?rest_route=\/wp\/v2\/posts\/13932\/revisions\/13943"}],"wp:featuredmedia":[{"embeddable":true,"href":"https:\/\/nuevodigitaldeescobar.com.ar\/index.php?rest_route=\/wp\/v2\/media\/13933"}],"wp:attachment":[{"href":"https:\/\/nuevodigitaldeescobar.com.ar\/index.php?rest_route=%2Fwp%2Fv2%2Fmedia&parent=13932"}],"wp:term":[{"taxonomy":"category","embeddable":true,"href":"https:\/\/nuevodigitaldeescobar.com.ar\/index.php?rest_route=%2Fwp%2Fv2%2Fcategories&post=13932"},{"taxonomy":"post_tag","embeddable":true,"href":"https:\/\/nuevodigitaldeescobar.com.ar\/index.php?rest_route=%2Fwp%2Fv2%2Ftags&post=13932"}],"curies":[{"name":"wp","href":"https:\/\/api.w.org\/{rel}","templated":true}]}}