{"id":14020,"date":"2025-04-21T18:20:42","date_gmt":"2025-04-21T21:20:42","guid":{"rendered":"https:\/\/nuevodigitaldeescobar.com.ar\/?p=14020"},"modified":"2025-04-21T18:51:18","modified_gmt":"2025-04-21T21:51:18","slug":"lionel-messi-se-sumo-a-los-mensajes-de-despedida-del-papa-francisco","status":"publish","type":"post","link":"https:\/\/nuevodigitaldeescobar.com.ar\/?p=14020","title":{"rendered":"Lionel Messi se sum\u00f3 a los mensajes de despedida del Papa Francisco"},"content":{"rendered":"\nEl fallecimiento del Papa Francisco<\/a><\/strong> caus\u00f3 conmoci\u00f3n a nivel global. Entre los mensajes m\u00e1s esperados por los argentinos se encontraba el de <strong>Lionel Messi<\/strong>, quien utiliz\u00f3 sus redes sociales para dedicarle unas emotivas palabras a su compatriota.<\/p>\n<p>Desde su cuenta oficial de Instagram, Messi comparti\u00f3 una imagen junto al Sumo Pont\u00edfice y escribi\u00f3: \u00ab<strong><em>Un Papa distinto, cercano, argentino\u2026 QEPD Papa Francisco. Gracias por hacer del mundo un lugar mejor. Te vamos a extra\u00f1ar<\/em><\/strong>\u00ab.<\/p>\n<p>La publicaci\u00f3n incluy\u00f3 una fotograf\u00eda tomada el 13 de agosto de 2013, cuando la Selecci\u00f3n se reuni\u00f3 con Francisco en el Vaticano, en el contexto de un amistoso entre Argentina e Italia. En esa ocasi\u00f3n, \u00a0<strong>Messi fue el representante del equipo argentino, mientras que Gianluigi Buffon cumpli\u00f3 ese rol por parte del seleccionado italiano<\/strong>.<\/p>\n<div class=\"inter_image image_horizontal\">\n<div>\n<span class=\"img_footer\">El posteo de Messi en Instagram <\/span>| \n<\/div>\n<p>Cabe destacar que <strong>Messi<\/strong>, <strong>pese a estar lesionado y no haber podido disputar el amistoso, viaj\u00f3 especialmente para participar de ese encuentro con Francisco<\/strong>. En declaraciones posteriores, el capit\u00e1n argentino describi\u00f3 la jornada como \u00ab<strong><em>especial e inolvidable<\/em><\/strong>\u00ab, destacando lo significativo que fue conocer al primer Papa argentino de la historia. \u00ab<strong><em>El f\u00fatbol me ha llevado por todo el mundo, pero la de hoy ha sido de verdad una jornada especial<\/em><\/strong>\u00ab, dijo el rosarino.<\/p>\n<p>El delantero tambi\u00e9n se refiri\u00f3 al mensaje del Papa, haciendo hincapi\u00e9 en la importancia de dar un buen ejemplo tanto dentro como fuera del campo. \u00ab<strong><em>Solo con respeto al adversario se puede llegar a ser hombres y mejores futbolistas<\/em><\/strong>\u00ab, expres\u00f3 Messi, antes de que comenzara el amistoso en el que la Selecci\u00f3n Argentina, dirigida por Alejandro Sabella, se impuso por \u00a0<strong>2-1<\/strong>.<\/p>\n<p>Ese hist\u00f3rico encuentro en 2013 entre Francisco y las selecciones de Argentina e Italia <strong>no solo celebr\u00f3 la elecci\u00f3n del primer Papa sudamericano<\/strong>, sino que tambi\u00e9n <strong>evidenci\u00f3 c\u00f3mo el f\u00fatbol puede ser un veh\u00edculo para difundir valores universales<\/strong>. La jornada reflej\u00f3 la conexi\u00f3n entre el <strong>deporte<\/strong>\u00a0 y la <strong>espiritualidad<\/strong>, dejando un legado de paz, unidad y compromiso social que marc\u00f3 a jugadores y fan\u00e1ticos por igual.<\/p>\n<h2><strong>La opini\u00f3n del Papa sobre Maradona, Messi y Pel\u00e9<\/strong><\/h2>\n<p>Otro episodio muy recordado que uni\u00f3 al Papa Francisco y a Messi ocurri\u00f3 en noviembre de 2023. Durante una entrevista concedida a la cadena RAI, el Pont\u00edfice fue consultado sobre los futbolistas m\u00e1s emblem\u00e1ticos de todos los tiempos. Sin titubear, mencion\u00f3 a <strong>Diego Armando<\/strong> <strong>Maradona, Lionel Messi y Pel\u00e9<\/strong>.<\/p>\n\n<p>Francisco elogi\u00f3 el talento de Maradona, aunque lament\u00f3 las dificultades personales que lo rodearon. \u00ab<strong><em>Maradona como jugador fue un grande, pero como hombre fracas\u00f3. El pobrecito tropez\u00f3 con la corte de quienes lo alababan y no le ayudaron<\/em><\/strong>\u00ab, record\u00f3 el Papa, remiti\u00e9ndose a su encuentro con el exfutbolista durante el primer a\u00f1o de su pontificado.<\/p>\n<p>En cuanto a <strong>Messi<\/strong>, destac\u00f3 su <strong>actitud y profesionalismo<\/strong>, describi\u00e9ndolo como \u00ab<strong><em>correct\u00edsimo<\/em><\/strong>\u00bb y \u00ab<em><strong>un se\u00f1or<\/strong><\/em>\u00ab. Sin embargo, al ser interrogado por su jugador predilecto, <strong>Francisco opt\u00f3 por Pel\u00e9<\/strong>, a quien defini\u00f3 como \u00ab<strong><em>el gran se\u00f1or<\/em><\/strong>\u00bb entre los tres.<\/p>\n","protected":false},"excerpt":{"rendered":"<p>El fallecimiento del Papa Francisco caus\u00f3 conmoci\u00f3n a nivel global. Entre los mensajes m\u00e1s esperados por los argentinos se encontraba el de Lionel Messi, quien [&hellip;]<\/p>\n","protected":false},"author":1,"featured_media":14021,"comment_status":"open","ping_status":"open","sticky":false,"template":"","format":"standard","meta":{"footnotes":""},"categories":[8],"tags":[],"class_list":["post-14020","post","type-post","status-publish","format-standard","has-post-thumbnail","hentry","category-deportes"],"better_featured_image":{"id":14021,"alt_text":"","caption":"","description":"","media_type":"image","media_details":{"width":1600,"height":1067,"file":"2025\/04\/3-5-1745263377651_1600_1067-K6LqZd.jpeg","filesize":85792,"sizes":{"medium":{"file":"3-5-1745263377651_1600_1067-K6LqZd-300x200.jpeg","width":300,"height":200,"mime-type":"image\/jpeg","filesize":12496,"source_url":"https:\/\/nuevodigitaldeescobar.com.ar\/wp-content\/uploads\/2025\/04\/3-5-1745263377651_1600_1067-K6LqZd-300x200.jpeg"},"large":{"file":"3-5-1745263377651_1600_1067-K6LqZd-1024x683.jpeg","width":1024,"height":683,"mime-type":"image\/jpeg","filesize":69339,"source_url":"https:\/\/nuevodigitaldeescobar.com.ar\/wp-content\/uploads\/2025\/04\/3-5-1745263377651_1600_1067-K6LqZd-1024x683.jpeg"},"thumbnail":{"file":"3-5-1745263377651_1600_1067-K6LqZd-150x150.jpeg","width":150,"height":150,"mime-type":"image\/jpeg","filesize":6311,"source_url":"https:\/\/nuevodigitaldeescobar.com.ar\/wp-content\/uploads\/2025\/04\/3-5-1745263377651_1600_1067-K6LqZd-150x150.jpeg"},"medium_large":{"file":"3-5-1745263377651_1600_1067-K6LqZd-768x512.jpeg","width":768,"height":512,"mime-type":"image\/jpeg","filesize":46543,"source_url":"https:\/\/nuevodigitaldeescobar.com.ar\/wp-content\/uploads\/2025\/04\/3-5-1745263377651_1600_1067-K6LqZd-768x512.jpeg"},"1536x1536":{"file":"3-5-1745263377651_1600_1067-K6LqZd-1536x1024.jpeg","width":1536,"height":1024,"mime-type":"image\/jpeg","filesize":121391,"source_url":"https:\/\/nuevodigitaldeescobar.com.ar\/wp-content\/uploads\/2025\/04\/3-5-1745263377651_1600_1067-K6LqZd-1536x1024.jpeg"}},"image_meta":{"aperture":"0","credit":"","camera":"","caption":"","created_timestamp":"0","copyright":"","focal_length":"0","iso":"0","shutter_speed":"0","title":"","orientation":"0","keywords":[]}},"post":14020,"source_url":"https:\/\/nuevodigitaldeescobar.com.ar\/wp-content\/uploads\/2025\/04\/3-5-1745263377651_1600_1067-K6LqZd.jpeg"},"yoast_head":"<!-- This site is optimized with the Yoast SEO plugin v26.1.1 - https:\/\/yoast.com\/wordpress\/plugins\/seo\/ -->\n<title>Lionel Messi se sum\u00f3 a los mensajes de despedida del Papa Francisco - Nuevo Digital de Escobar<\/title>\n<meta name=\"robots\" content=\"index, follow, max-snippet:-1, max-image-preview:large, max-video-preview:-1\" \/>\n<link rel=\"canonical\" href=\"https:\/\/nuevodigitaldeescobar.com.ar\/?p=14020\" \/>\n<meta property=\"og:locale\" content=\"es_ES\" \/>\n<meta property=\"og:type\" content=\"article\" \/>\n<meta property=\"og:title\" content=\"Lionel Messi se sum\u00f3 a los mensajes de despedida del Papa Francisco - Nuevo Digital de Escobar\" \/>\n<meta property=\"og:description\" content=\"El fallecimiento del Papa Francisco caus\u00f3 conmoci\u00f3n a nivel global. Entre los mensajes m\u00e1s esperados por los argentinos se encontraba el de Lionel Messi, quien [&hellip;]\" \/>\n<meta property=\"og:url\" content=\"https:\/\/nuevodigitaldeescobar.com.ar\/?p=14020\" \/>\n<meta property=\"og:site_name\" content=\"Nuevo Digital de Escobar\" \/>\n<meta property=\"article:publisher\" content=\"https:\/\/www.facebook.com\/NUEVODigitalDeEscobar\" \/>\n<meta property=\"article:published_time\" content=\"2025-04-21T21:20:42+00:00\" \/>\n<meta property=\"article:modified_time\" content=\"2025-04-21T21:51:18+00:00\" \/>\n<meta property=\"og:image\" content=\"https:\/\/nuevodigitaldeescobar.com.ar\/wp-content\/uploads\/2025\/04\/3-5-1745263377651_1600_1067-K6LqZd.jpeg\" \/>\n\t<meta property=\"og:image:width\" content=\"1600\" \/>\n\t<meta property=\"og:image:height\" content=\"1067\" \/>\n\t<meta property=\"og:image:type\" content=\"image\/jpeg\" \/>\n<meta name=\"author\" content=\"Redacci\u00f3n\" \/>\n<meta name=\"twitter:card\" content=\"summary_large_image\" \/>\n<meta name=\"twitter:creator\" content=\"@nuevodigescobar\" \/>\n<meta name=\"twitter:site\" content=\"@nuevodigescobar\" \/>\n<meta name=\"twitter:label1\" content=\"Escrito por\" \/>\n\t<meta name=\"twitter:data1\" content=\"Redacci\u00f3n\" \/>\n\t<meta name=\"twitter:label2\" content=\"Tiempo de lectura\" \/>\n\t<meta name=\"twitter:data2\" content=\"3 minutos\" \/>\n<script type=\"application\/ld+json\" class=\"yoast-schema-graph\">{\"@context\":\"https:\/\/schema.org\",\"@graph\":[{\"@type\":\"Article\",\"@id\":\"https:\/\/nuevodigitaldeescobar.com.ar\/?p=14020#article\",\"isPartOf\":{\"@id\":\"https:\/\/nuevodigitaldeescobar.com.ar\/?p=14020\"},\"author\":{\"name\":\"Redacci\u00f3n\",\"@id\":\"https:\/\/nuevodigitaldeescobar.com.ar\/#\/schema\/person\/035e90a8efe9a80e6eec22656ad6ea4c\"},\"headline\":\"Lionel Messi se sum\u00f3 a los mensajes de despedida del Papa Francisco\",\"datePublished\":\"2025-04-21T21:20:42+00:00\",\"dateModified\":\"2025-04-21T21:51:18+00:00\",\"mainEntityOfPage\":{\"@id\":\"https:\/\/nuevodigitaldeescobar.com.ar\/?p=14020\"},\"wordCount\":522,\"commentCount\":0,\"publisher\":{\"@id\":\"https:\/\/nuevodigitaldeescobar.com.ar\/#organization\"},\"image\":{\"@id\":\"https:\/\/nuevodigitaldeescobar.com.ar\/?p=14020#primaryimage\"},\"thumbnailUrl\":\"https:\/\/nuevodigitaldeescobar.com.ar\/wp-content\/uploads\/2025\/04\/3-5-1745263377651_1600_1067-K6LqZd.jpeg\",\"articleSection\":[\"Deportes\"],\"inLanguage\":\"es\",\"potentialAction\":[{\"@type\":\"CommentAction\",\"name\":\"Comment\",\"target\":[\"https:\/\/nuevodigitaldeescobar.com.ar\/?p=14020#respond\"]}]},{\"@type\":\"WebPage\",\"@id\":\"https:\/\/nuevodigitaldeescobar.com.ar\/?p=14020\",\"url\":\"https:\/\/nuevodigitaldeescobar.com.ar\/?p=14020\",\"name\":\"Lionel Messi se sum\u00f3 a los mensajes de despedida del Papa Francisco - Nuevo Digital de Escobar\",\"isPartOf\":{\"@id\":\"https:\/\/nuevodigitaldeescobar.com.ar\/#website\"},\"primaryImageOfPage\":{\"@id\":\"https:\/\/nuevodigitaldeescobar.com.ar\/?p=14020#primaryimage\"},\"image\":{\"@id\":\"https:\/\/nuevodigitaldeescobar.com.ar\/?p=14020#primaryimage\"},\"thumbnailUrl\":\"https:\/\/nuevodigitaldeescobar.com.ar\/wp-content\/uploads\/2025\/04\/3-5-1745263377651_1600_1067-K6LqZd.jpeg\",\"datePublished\":\"2025-04-21T21:20:42+00:00\",\"dateModified\":\"2025-04-21T21:51:18+00:00\",\"breadcrumb\":{\"@id\":\"https:\/\/nuevodigitaldeescobar.com.ar\/?p=14020#breadcrumb\"},\"inLanguage\":\"es\",\"potentialAction\":[{\"@type\":\"ReadAction\",\"target\":[\"https:\/\/nuevodigitaldeescobar.com.ar\/?p=14020\"]}]},{\"@type\":\"ImageObject\",\"inLanguage\":\"es\",\"@id\":\"https:\/\/nuevodigitaldeescobar.com.ar\/?p=14020#primaryimage\",\"url\":\"https:\/\/nuevodigitaldeescobar.com.ar\/wp-content\/uploads\/2025\/04\/3-5-1745263377651_1600_1067-K6LqZd.jpeg\",\"contentUrl\":\"https:\/\/nuevodigitaldeescobar.com.ar\/wp-content\/uploads\/2025\/04\/3-5-1745263377651_1600_1067-K6LqZd.jpeg\",\"width\":1600,\"height\":1067},{\"@type\":\"BreadcrumbList\",\"@id\":\"https:\/\/nuevodigitaldeescobar.com.ar\/?p=14020#breadcrumb\",\"itemListElement\":[{\"@type\":\"ListItem\",\"position\":1,\"name\":\"Portada\",\"item\":\"https:\/\/nuevodigitaldeescobar.com.ar\/\"},{\"@type\":\"ListItem\",\"position\":2,\"name\":\"Lionel Messi se sum\u00f3 a los mensajes de despedida del Papa Francisco\"}]},{\"@type\":\"WebSite\",\"@id\":\"https:\/\/nuevodigitaldeescobar.com.ar\/#website\",\"url\":\"https:\/\/nuevodigitaldeescobar.com.ar\/\",\"name\":\"Nuevo Digital de Escobar\",\"description\":\"La vida escobarense. Directora: Rosana Brunner\",\"publisher\":{\"@id\":\"https:\/\/nuevodigitaldeescobar.com.ar\/#organization\"},\"potentialAction\":[{\"@type\":\"SearchAction\",\"target\":{\"@type\":\"EntryPoint\",\"urlTemplate\":\"https:\/\/nuevodigitaldeescobar.com.ar\/?s={search_term_string}\"},\"query-input\":{\"@type\":\"PropertyValueSpecification\",\"valueRequired\":true,\"valueName\":\"search_term_string\"}}],\"inLanguage\":\"es\"},{\"@type\":\"Organization\",\"@id\":\"https:\/\/nuevodigitaldeescobar.com.ar\/#organization\",\"name\":\"Nuevo Digital de Escobar\",\"url\":\"https:\/\/nuevodigitaldeescobar.com.ar\/\",\"logo\":{\"@type\":\"ImageObject\",\"inLanguage\":\"es\",\"@id\":\"https:\/\/nuevodigitaldeescobar.com.ar\/#\/schema\/logo\/image\/\",\"url\":\"https:\/\/nuevodigitaldeescobar.com.ar\/wp-content\/uploads\/2025\/05\/cropped-logo-nuevo2.jpg\",\"contentUrl\":\"https:\/\/nuevodigitaldeescobar.com.ar\/wp-content\/uploads\/2025\/05\/cropped-logo-nuevo2.jpg\",\"width\":305,\"height\":305,\"caption\":\"Nuevo Digital de Escobar\"},\"image\":{\"@id\":\"https:\/\/nuevodigitaldeescobar.com.ar\/#\/schema\/logo\/image\/\"},\"sameAs\":[\"https:\/\/www.facebook.com\/NUEVODigitalDeEscobar\",\"https:\/\/x.com\/nuevodigescobar\",\"https:\/\/www.instagram.com\/nuevodigitaldeescobar\"]},{\"@type\":\"Person\",\"@id\":\"https:\/\/nuevodigitaldeescobar.com.ar\/#\/schema\/person\/035e90a8efe9a80e6eec22656ad6ea4c\",\"name\":\"Redacci\u00f3n\",\"image\":{\"@type\":\"ImageObject\",\"inLanguage\":\"es\",\"@id\":\"https:\/\/nuevodigitaldeescobar.com.ar\/#\/schema\/person\/image\/\",\"url\":\"https:\/\/secure.gravatar.com\/avatar\/8af8f40000c24e9eef3034f2be5998a372bb1389e64b1a4a36b3a7979142220d?s=96&d=mm&r=g\",\"contentUrl\":\"https:\/\/secure.gravatar.com\/avatar\/8af8f40000c24e9eef3034f2be5998a372bb1389e64b1a4a36b3a7979142220d?s=96&d=mm&r=g\",\"caption\":\"Redacci\u00f3n\"},\"sameAs\":[\"http:\/\/nuevodigitaldeescobar.com.ar\"],\"url\":\"https:\/\/nuevodigitaldeescobar.com.ar\/?author=1\"}]}<\/script>\n<!-- \/ Yoast SEO plugin. -->","yoast_head_json":{"title":"Lionel Messi se sum\u00f3 a los mensajes de despedida del Papa Francisco - Nuevo Digital de Escobar","robots":{"index":"index","follow":"follow","max-snippet":"max-snippet:-1","max-image-preview":"max-image-preview:large","max-video-preview":"max-video-preview:-1"},"canonical":"https:\/\/nuevodigitaldeescobar.com.ar\/?p=14020","og_locale":"es_ES","og_type":"article","og_title":"Lionel Messi se sum\u00f3 a los mensajes de despedida del Papa Francisco - Nuevo Digital de Escobar","og_description":"El fallecimiento del Papa Francisco caus\u00f3 conmoci\u00f3n a nivel global. Entre los mensajes m\u00e1s esperados por los argentinos se encontraba el de Lionel Messi, quien [&hellip;]","og_url":"https:\/\/nuevodigitaldeescobar.com.ar\/?p=14020","og_site_name":"Nuevo Digital de Escobar","article_publisher":"https:\/\/www.facebook.com\/NUEVODigitalDeEscobar","article_published_time":"2025-04-21T21:20:42+00:00","article_modified_time":"2025-04-21T21:51:18+00:00","og_image":[{"width":1600,"height":1067,"url":"https:\/\/nuevodigitaldeescobar.com.ar\/wp-content\/uploads\/2025\/04\/3-5-1745263377651_1600_1067-K6LqZd.jpeg","type":"image\/jpeg"}],"author":"Redacci\u00f3n","twitter_card":"summary_large_image","twitter_creator":"@nuevodigescobar","twitter_site":"@nuevodigescobar","twitter_misc":{"Escrito por":"Redacci\u00f3n","Tiempo de lectura":"3 minutos"},"schema":{"@context":"https:\/\/schema.org","@graph":[{"@type":"Article","@id":"https:\/\/nuevodigitaldeescobar.com.ar\/?p=14020#article","isPartOf":{"@id":"https:\/\/nuevodigitaldeescobar.com.ar\/?p=14020"},"author":{"name":"Redacci\u00f3n","@id":"https:\/\/nuevodigitaldeescobar.com.ar\/#\/schema\/person\/035e90a8efe9a80e6eec22656ad6ea4c"},"headline":"Lionel Messi se sum\u00f3 a los mensajes de despedida del Papa Francisco","datePublished":"2025-04-21T21:20:42+00:00","dateModified":"2025-04-21T21:51:18+00:00","mainEntityOfPage":{"@id":"https:\/\/nuevodigitaldeescobar.com.ar\/?p=14020"},"wordCount":522,"commentCount":0,"publisher":{"@id":"https:\/\/nuevodigitaldeescobar.com.ar\/#organization"},"image":{"@id":"https:\/\/nuevodigitaldeescobar.com.ar\/?p=14020#primaryimage"},"thumbnailUrl":"https:\/\/nuevodigitaldeescobar.com.ar\/wp-content\/uploads\/2025\/04\/3-5-1745263377651_1600_1067-K6LqZd.jpeg","articleSection":["Deportes"],"inLanguage":"es","potentialAction":[{"@type":"CommentAction","name":"Comment","target":["https:\/\/nuevodigitaldeescobar.com.ar\/?p=14020#respond"]}]},{"@type":"WebPage","@id":"https:\/\/nuevodigitaldeescobar.com.ar\/?p=14020","url":"https:\/\/nuevodigitaldeescobar.com.ar\/?p=14020","name":"Lionel Messi se sum\u00f3 a los mensajes de despedida del Papa Francisco - Nuevo Digital de Escobar","isPartOf":{"@id":"https:\/\/nuevodigitaldeescobar.com.ar\/#website"},"primaryImageOfPage":{"@id":"https:\/\/nuevodigitaldeescobar.com.ar\/?p=14020#primaryimage"},"image":{"@id":"https:\/\/nuevodigitaldeescobar.com.ar\/?p=14020#primaryimage"},"thumbnailUrl":"https:\/\/nuevodigitaldeescobar.com.ar\/wp-content\/uploads\/2025\/04\/3-5-1745263377651_1600_1067-K6LqZd.jpeg","datePublished":"2025-04-21T21:20:42+00:00","dateModified":"2025-04-21T21:51:18+00:00","breadcrumb":{"@id":"https:\/\/nuevodigitaldeescobar.com.ar\/?p=14020#breadcrumb"},"inLanguage":"es","potentialAction":[{"@type":"ReadAction","target":["https:\/\/nuevodigitaldeescobar.com.ar\/?p=14020"]}]},{"@type":"ImageObject","inLanguage":"es","@id":"https:\/\/nuevodigitaldeescobar.com.ar\/?p=14020#primaryimage","url":"https:\/\/nuevodigitaldeescobar.com.ar\/wp-content\/uploads\/2025\/04\/3-5-1745263377651_1600_1067-K6LqZd.jpeg","contentUrl":"https:\/\/nuevodigitaldeescobar.com.ar\/wp-content\/uploads\/2025\/04\/3-5-1745263377651_1600_1067-K6LqZd.jpeg","width":1600,"height":1067},{"@type":"BreadcrumbList","@id":"https:\/\/nuevodigitaldeescobar.com.ar\/?p=14020#breadcrumb","itemListElement":[{"@type":"ListItem","position":1,"name":"Portada","item":"https:\/\/nuevodigitaldeescobar.com.ar\/"},{"@type":"ListItem","position":2,"name":"Lionel Messi se sum\u00f3 a los mensajes de despedida del Papa Francisco"}]},{"@type":"WebSite","@id":"https:\/\/nuevodigitaldeescobar.com.ar\/#website","url":"https:\/\/nuevodigitaldeescobar.com.ar\/","name":"Nuevo Digital de Escobar","description":"La vida escobarense. Directora: Rosana Brunner","publisher":{"@id":"https:\/\/nuevodigitaldeescobar.com.ar\/#organization"},"potentialAction":[{"@type":"SearchAction","target":{"@type":"EntryPoint","urlTemplate":"https:\/\/nuevodigitaldeescobar.com.ar\/?s={search_term_string}"},"query-input":{"@type":"PropertyValueSpecification","valueRequired":true,"valueName":"search_term_string"}}],"inLanguage":"es"},{"@type":"Organization","@id":"https:\/\/nuevodigitaldeescobar.com.ar\/#organization","name":"Nuevo Digital de Escobar","url":"https:\/\/nuevodigitaldeescobar.com.ar\/","logo":{"@type":"ImageObject","inLanguage":"es","@id":"https:\/\/nuevodigitaldeescobar.com.ar\/#\/schema\/logo\/image\/","url":"https:\/\/nuevodigitaldeescobar.com.ar\/wp-content\/uploads\/2025\/05\/cropped-logo-nuevo2.jpg","contentUrl":"https:\/\/nuevodigitaldeescobar.com.ar\/wp-content\/uploads\/2025\/05\/cropped-logo-nuevo2.jpg","width":305,"height":305,"caption":"Nuevo Digital de Escobar"},"image":{"@id":"https:\/\/nuevodigitaldeescobar.com.ar\/#\/schema\/logo\/image\/"},"sameAs":["https:\/\/www.facebook.com\/NUEVODigitalDeEscobar","https:\/\/x.com\/nuevodigescobar","https:\/\/www.instagram.com\/nuevodigitaldeescobar"]},{"@type":"Person","@id":"https:\/\/nuevodigitaldeescobar.com.ar\/#\/schema\/person\/035e90a8efe9a80e6eec22656ad6ea4c","name":"Redacci\u00f3n","image":{"@type":"ImageObject","inLanguage":"es","@id":"https:\/\/nuevodigitaldeescobar.com.ar\/#\/schema\/person\/image\/","url":"https:\/\/secure.gravatar.com\/avatar\/8af8f40000c24e9eef3034f2be5998a372bb1389e64b1a4a36b3a7979142220d?s=96&d=mm&r=g","contentUrl":"https:\/\/secure.gravatar.com\/avatar\/8af8f40000c24e9eef3034f2be5998a372bb1389e64b1a4a36b3a7979142220d?s=96&d=mm&r=g","caption":"Redacci\u00f3n"},"sameAs":["http:\/\/nuevodigitaldeescobar.com.ar"],"url":"https:\/\/nuevodigitaldeescobar.com.ar\/?author=1"}]}},"featured_image_urls":{"full":["https:\/\/nuevodigitaldeescobar.com.ar\/wp-content\/uploads\/2025\/04\/3-5-1745263377651_1600_1067-K6LqZd.jpeg",1600,1067,false],"thumbnail":["https:\/\/nuevodigitaldeescobar.com.ar\/wp-content\/uploads\/2025\/04\/3-5-1745263377651_1600_1067-K6LqZd-150x150.jpeg",150,150,true],"medium":["https:\/\/nuevodigitaldeescobar.com.ar\/wp-content\/uploads\/2025\/04\/3-5-1745263377651_1600_1067-K6LqZd-300x200.jpeg",300,200,true],"medium_large":["https:\/\/nuevodigitaldeescobar.com.ar\/wp-content\/uploads\/2025\/04\/3-5-1745263377651_1600_1067-K6LqZd-768x512.jpeg",640,427,true],"large":["https:\/\/nuevodigitaldeescobar.com.ar\/wp-content\/uploads\/2025\/04\/3-5-1745263377651_1600_1067-K6LqZd-1024x683.jpeg",640,427,true],"1536x1536":["https:\/\/nuevodigitaldeescobar.com.ar\/wp-content\/uploads\/2025\/04\/3-5-1745263377651_1600_1067-K6LqZd-1536x1024.jpeg",1536,1024,true],"2048x2048":["https:\/\/nuevodigitaldeescobar.com.ar\/wp-content\/uploads\/2025\/04\/3-5-1745263377651_1600_1067-K6LqZd.jpeg",1600,1067,false]},"author_info":{"display_name":"Redacci\u00f3n","author_link":"https:\/\/nuevodigitaldeescobar.com.ar\/?author=1"},"category_info":"<a href=\"https:\/\/nuevodigitaldeescobar.com.ar\/?cat=8\" rel=\"category\">Deportes<\/a>","tag_info":"Deportes","comment_count":"0","_links":{"self":[{"href":"https:\/\/nuevodigitaldeescobar.com.ar\/index.php?rest_route=\/wp\/v2\/posts\/14020","targetHints":{"allow":["GET"]}}],"collection":[{"href":"https:\/\/nuevodigitaldeescobar.com.ar\/index.php?rest_route=\/wp\/v2\/posts"}],"about":[{"href":"https:\/\/nuevodigitaldeescobar.com.ar\/index.php?rest_route=\/wp\/v2\/types\/post"}],"author":[{"embeddable":true,"href":"https:\/\/nuevodigitaldeescobar.com.ar\/index.php?rest_route=\/wp\/v2\/users\/1"}],"replies":[{"embeddable":true,"href":"https:\/\/nuevodigitaldeescobar.com.ar\/index.php?rest_route=%2Fwp%2Fv2%2Fcomments&post=14020"}],"version-history":[{"count":2,"href":"https:\/\/nuevodigitaldeescobar.com.ar\/index.php?rest_route=\/wp\/v2\/posts\/14020\/revisions"}],"predecessor-version":[{"id":14023,"href":"https:\/\/nuevodigitaldeescobar.com.ar\/index.php?rest_route=\/wp\/v2\/posts\/14020\/revisions\/14023"}],"wp:featuredmedia":[{"embeddable":true,"href":"https:\/\/nuevodigitaldeescobar.com.ar\/index.php?rest_route=\/wp\/v2\/media\/14021"}],"wp:attachment":[{"href":"https:\/\/nuevodigitaldeescobar.com.ar\/index.php?rest_route=%2Fwp%2Fv2%2Fmedia&parent=14020"}],"wp:term":[{"taxonomy":"category","embeddable":true,"href":"https:\/\/nuevodigitaldeescobar.com.ar\/index.php?rest_route=%2Fwp%2Fv2%2Fcategories&post=14020"},{"taxonomy":"post_tag","embeddable":true,"href":"https:\/\/nuevodigitaldeescobar.com.ar\/index.php?rest_route=%2Fwp%2Fv2%2Ftags&post=14020"}],"curies":[{"name":"wp","href":"https:\/\/api.w.org\/{rel}","templated":true}]}}