{"id":14031,"date":"2025-04-22T00:29:00","date_gmt":"2025-04-22T03:29:00","guid":{"rendered":"https:\/\/nuevodigitaldeescobar.com.ar\/?p=14031"},"modified":"2025-04-21T22:13:42","modified_gmt":"2025-04-22T01:13:42","slug":"conducia-borracho-choco-tres-autos-y-volco-lo-increparon-y-termino-golpeado-por-otros-automovilistas","status":"publish","type":"post","link":"https:\/\/nuevodigitaldeescobar.com.ar\/?p=14031","title":{"rendered":"Conduc\u00eda borracho, choc\u00f3 tres autos y volc\u00f3: lo increparon y termin\u00f3 golpeado por otros automovilistas"},"content":{"rendered":"\n<p class=\"has-vivid-cyan-blue-color has-text-color has-link-color wp-elements-0819f11005d640d47b91852c0510f54d\"><strong><em>Un conductor de 21 a\u00f1os, que manejaba alcoholizado por la avenida General Paz, protagoniz\u00f3 un violento accidente vial este jueves por la tarde al chocar contra tres veh\u00edculos y volcar su auto a la altura de Ricardo Balb\u00edn, en el barrio porte\u00f1o de Saavedra. Luego del siniestro, fue increpado por otros automovilistas y recibi\u00f3 golpes en plena v\u00eda p\u00fablica. El test de alcoholemia arroj\u00f3 1.41 gramos de alcohol por litro de sangre, casi tres veces m\u00e1s del l\u00edmite permitido.<\/em><\/strong><\/p>\n\n\n\n<!--more-->\n\n\n\n<p>El episodio comenz\u00f3 minutos antes, cuando un conductor advirti\u00f3 que el joven a bordo de un Audi A3 circulaba de forma err\u00e1tica, zigzagueando entre carriles y con una rueda rota tras haber impactado contra una d\u00e1rsena. <em>\u201cMir\u00e1 lo que hace, se va a matar\u201d<\/em>, se lo escucha decir en la grabaci\u00f3n que m\u00e1s tarde se viraliz\u00f3.<\/p>\n\n\n\n<p>Finalmente, el desenlace lleg\u00f3 unos kil\u00f3metros m\u00e1s adelante: el conductor del Audi embisti\u00f3 a una Renault Duster y a un Citro\u00ebn C4, y termin\u00f3 volcando sobre el divisor de hormig\u00f3n que separa ambas manos de la General Paz. El impacto fue tan fuerte que varias personas resultaron heridas y el veh\u00edculo qued\u00f3 completamente destruido.<\/p>\n\n\n\n<figure class=\"wp-block-video aligncenter\"><video controls src=\"https:\/\/nuevodigitaldeescobar.com.ar\/wp-content\/uploads\/2025\/04\/choquegralpaz2_1AubL6ju.mp4\"><\/video><\/figure>\n\n\n\n<p>En el lugar intervinieron efectivos de la Polic\u00eda de la Ciudad, bomberos y personal del SAME, que traslad\u00f3 al joven al Hospital Santojanni con politraumatismos. Iba acompa\u00f1ado por otro joven que tambi\u00e9n sufri\u00f3 heridas menores.<\/p>\n\n\n\n<p>Pero lo que gener\u00f3 indignaci\u00f3n entre los presentes fue que el causante del accidente estaba visiblemente alcoholizado. Apenas sali\u00f3 del auto, varios automovilistas se le acercaron, lo increparon con insultos y uno de ellos lleg\u00f3 a golpearlo. <em>\u201c\u00a1Casi me mat\u00e1s!\u201d<\/em>, le grit\u00f3 entre empujones un hombre, mientras otros intentaban contener la situaci\u00f3n.<\/p>\n\n\n\n<p>El caso qued\u00f3 en manos de la Unidad Fiscal Norte, a cargo del fiscal Norberto Brotto, quien orden\u00f3 la detenci\u00f3n preventiva del joven bajo la imputaci\u00f3n de \u201clesiones\u201d y dispuso su inhabilitaci\u00f3n para conducir por 180 d\u00edas. Adem\u00e1s, deber\u00e1 presentarse cada mes ante la fiscal\u00eda mientras avanza la investigaci\u00f3n.<\/p>\n\n\n\n<p>El veh\u00edculo fue secuestrado, y el test de alcoholemia confirm\u00f3 las sospechas: 1.41 g\/l, muy por encima del l\u00edmite permitido de 0.5 g\/l para conductores particulares en CABA.<\/p>\n\n\n\n<p>En el siniestro resultaron lesionadas otras seis personas, entre ellas menores de edad, que viajaban en los otros autos involucrados. Solo una requiri\u00f3 atenci\u00f3n m\u00e9dica en el lugar, sin necesidad de ser hospitalizada.<\/p>\n\n\n\n<p>La escena, grabada desde distintos \u00e1ngulos por testigos y automovilistas que presenciaron la secuencia, gener\u00f3 un fuerte repudio en redes sociales y volvi\u00f3 a instalar el debate sobre el consumo de alcohol al volante y la seguridad vial.<\/p>\n","protected":false},"excerpt":{"rendered":"<p>Un conductor de 21 a\u00f1os, que manejaba alcoholizado por la avenida General Paz, protagoniz\u00f3 un violento accidente vial este jueves por la tarde al chocar [&hellip;]<\/p>\n","protected":false},"author":1,"featured_media":14033,"comment_status":"open","ping_status":"open","sticky":false,"template":"","format":"standard","meta":{"footnotes":""},"categories":[13],"tags":[],"class_list":["post-14031","post","type-post","status-publish","format-standard","has-post-thumbnail","hentry","category-policiales"],"better_featured_image":{"id":14033,"alt_text":"","caption":"","description":"","media_type":"image","media_details":{"width":1104,"height":534,"file":"2025\/04\/choquegralpaz21.png","filesize":877865,"sizes":{"medium":{"file":"choquegralpaz21-300x145.png","width":300,"height":145,"mime-type":"image\/png","filesize":60207,"source_url":"https:\/\/nuevodigitaldeescobar.com.ar\/wp-content\/uploads\/2025\/04\/choquegralpaz21-300x145.png"},"large":{"file":"choquegralpaz21-1024x495.png","width":1024,"height":495,"mime-type":"image\/png","filesize":403290,"source_url":"https:\/\/nuevodigitaldeescobar.com.ar\/wp-content\/uploads\/2025\/04\/choquegralpaz21-1024x495.png"},"thumbnail":{"file":"choquegralpaz21-150x150.png","width":150,"height":150,"mime-type":"image\/png","filesize":33995,"source_url":"https:\/\/nuevodigitaldeescobar.com.ar\/wp-content\/uploads\/2025\/04\/choquegralpaz21-150x150.png"},"medium_large":{"file":"choquegralpaz21-768x371.png","width":768,"height":371,"mime-type":"image\/png","filesize":262753,"source_url":"https:\/\/nuevodigitaldeescobar.com.ar\/wp-content\/uploads\/2025\/04\/choquegralpaz21-768x371.png"}},"image_meta":{"aperture":"0","credit":"","camera":"","caption":"","created_timestamp":"0","copyright":"","focal_length":"0","iso":"0","shutter_speed":"0","title":"","orientation":"0","keywords":[]}},"post":14031,"source_url":"https:\/\/nuevodigitaldeescobar.com.ar\/wp-content\/uploads\/2025\/04\/choquegralpaz21.png"},"yoast_head":"<!-- This site is optimized with the Yoast SEO plugin v26.1.1 - https:\/\/yoast.com\/wordpress\/plugins\/seo\/ -->\n<title>Conduc\u00eda borracho, choc\u00f3 tres autos y volc\u00f3: lo increparon y termin\u00f3 golpeado por otros automovilistas - Nuevo Digital de Escobar<\/title>\n<meta name=\"robots\" content=\"index, follow, max-snippet:-1, max-image-preview:large, max-video-preview:-1\" \/>\n<link rel=\"canonical\" href=\"https:\/\/nuevodigitaldeescobar.com.ar\/?p=14031\" \/>\n<meta property=\"og:locale\" content=\"es_ES\" \/>\n<meta property=\"og:type\" content=\"article\" \/>\n<meta property=\"og:title\" content=\"Conduc\u00eda borracho, choc\u00f3 tres autos y volc\u00f3: lo increparon y termin\u00f3 golpeado por otros automovilistas - Nuevo Digital de Escobar\" \/>\n<meta property=\"og:description\" content=\"Un conductor de 21 a\u00f1os, que manejaba alcoholizado por la avenida General Paz, protagoniz\u00f3 un violento accidente vial este jueves por la tarde al chocar [&hellip;]\" \/>\n<meta property=\"og:url\" content=\"https:\/\/nuevodigitaldeescobar.com.ar\/?p=14031\" \/>\n<meta property=\"og:site_name\" content=\"Nuevo Digital de Escobar\" \/>\n<meta property=\"article:publisher\" content=\"https:\/\/www.facebook.com\/NUEVODigitalDeEscobar\" \/>\n<meta property=\"article:published_time\" content=\"2025-04-22T03:29:00+00:00\" \/>\n<meta property=\"og:image\" content=\"https:\/\/nuevodigitaldeescobar.com.ar\/wp-content\/uploads\/2025\/04\/choquegralpaz21.png\" \/>\n\t<meta property=\"og:image:width\" content=\"1104\" \/>\n\t<meta property=\"og:image:height\" content=\"534\" \/>\n\t<meta property=\"og:image:type\" content=\"image\/png\" \/>\n<meta name=\"author\" content=\"Redacci\u00f3n\" \/>\n<meta name=\"twitter:card\" content=\"summary_large_image\" \/>\n<meta name=\"twitter:creator\" content=\"@nuevodigescobar\" \/>\n<meta name=\"twitter:site\" content=\"@nuevodigescobar\" \/>\n<meta name=\"twitter:label1\" content=\"Escrito por\" \/>\n\t<meta name=\"twitter:data1\" content=\"Redacci\u00f3n\" \/>\n\t<meta name=\"twitter:label2\" content=\"Tiempo de lectura\" \/>\n\t<meta name=\"twitter:data2\" content=\"2 minutos\" \/>\n<script type=\"application\/ld+json\" class=\"yoast-schema-graph\">{\"@context\":\"https:\/\/schema.org\",\"@graph\":[{\"@type\":\"Article\",\"@id\":\"https:\/\/nuevodigitaldeescobar.com.ar\/?p=14031#article\",\"isPartOf\":{\"@id\":\"https:\/\/nuevodigitaldeescobar.com.ar\/?p=14031\"},\"author\":{\"name\":\"Redacci\u00f3n\",\"@id\":\"https:\/\/nuevodigitaldeescobar.com.ar\/#\/schema\/person\/035e90a8efe9a80e6eec22656ad6ea4c\"},\"headline\":\"Conduc\u00eda borracho, choc\u00f3 tres autos y volc\u00f3: lo increparon y termin\u00f3 golpeado por otros automovilistas\",\"datePublished\":\"2025-04-22T03:29:00+00:00\",\"mainEntityOfPage\":{\"@id\":\"https:\/\/nuevodigitaldeescobar.com.ar\/?p=14031\"},\"wordCount\":471,\"commentCount\":0,\"publisher\":{\"@id\":\"https:\/\/nuevodigitaldeescobar.com.ar\/#organization\"},\"image\":{\"@id\":\"https:\/\/nuevodigitaldeescobar.com.ar\/?p=14031#primaryimage\"},\"thumbnailUrl\":\"https:\/\/nuevodigitaldeescobar.com.ar\/wp-content\/uploads\/2025\/04\/choquegralpaz21.png\",\"articleSection\":[\"Policiales\"],\"inLanguage\":\"es\",\"potentialAction\":[{\"@type\":\"CommentAction\",\"name\":\"Comment\",\"target\":[\"https:\/\/nuevodigitaldeescobar.com.ar\/?p=14031#respond\"]}]},{\"@type\":\"WebPage\",\"@id\":\"https:\/\/nuevodigitaldeescobar.com.ar\/?p=14031\",\"url\":\"https:\/\/nuevodigitaldeescobar.com.ar\/?p=14031\",\"name\":\"Conduc\u00eda borracho, choc\u00f3 tres autos y volc\u00f3: lo increparon y termin\u00f3 golpeado por otros automovilistas - Nuevo Digital de Escobar\",\"isPartOf\":{\"@id\":\"https:\/\/nuevodigitaldeescobar.com.ar\/#website\"},\"primaryImageOfPage\":{\"@id\":\"https:\/\/nuevodigitaldeescobar.com.ar\/?p=14031#primaryimage\"},\"image\":{\"@id\":\"https:\/\/nuevodigitaldeescobar.com.ar\/?p=14031#primaryimage\"},\"thumbnailUrl\":\"https:\/\/nuevodigitaldeescobar.com.ar\/wp-content\/uploads\/2025\/04\/choquegralpaz21.png\",\"datePublished\":\"2025-04-22T03:29:00+00:00\",\"breadcrumb\":{\"@id\":\"https:\/\/nuevodigitaldeescobar.com.ar\/?p=14031#breadcrumb\"},\"inLanguage\":\"es\",\"potentialAction\":[{\"@type\":\"ReadAction\",\"target\":[\"https:\/\/nuevodigitaldeescobar.com.ar\/?p=14031\"]}]},{\"@type\":\"ImageObject\",\"inLanguage\":\"es\",\"@id\":\"https:\/\/nuevodigitaldeescobar.com.ar\/?p=14031#primaryimage\",\"url\":\"https:\/\/nuevodigitaldeescobar.com.ar\/wp-content\/uploads\/2025\/04\/choquegralpaz21.png\",\"contentUrl\":\"https:\/\/nuevodigitaldeescobar.com.ar\/wp-content\/uploads\/2025\/04\/choquegralpaz21.png\",\"width\":1104,\"height\":534},{\"@type\":\"BreadcrumbList\",\"@id\":\"https:\/\/nuevodigitaldeescobar.com.ar\/?p=14031#breadcrumb\",\"itemListElement\":[{\"@type\":\"ListItem\",\"position\":1,\"name\":\"Portada\",\"item\":\"https:\/\/nuevodigitaldeescobar.com.ar\/\"},{\"@type\":\"ListItem\",\"position\":2,\"name\":\"Conduc\u00eda borracho, choc\u00f3 tres autos y volc\u00f3: lo increparon y termin\u00f3 golpeado por otros automovilistas\"}]},{\"@type\":\"WebSite\",\"@id\":\"https:\/\/nuevodigitaldeescobar.com.ar\/#website\",\"url\":\"https:\/\/nuevodigitaldeescobar.com.ar\/\",\"name\":\"Nuevo Digital de Escobar\",\"description\":\"La vida escobarense. Directora: Rosana Brunner\",\"publisher\":{\"@id\":\"https:\/\/nuevodigitaldeescobar.com.ar\/#organization\"},\"potentialAction\":[{\"@type\":\"SearchAction\",\"target\":{\"@type\":\"EntryPoint\",\"urlTemplate\":\"https:\/\/nuevodigitaldeescobar.com.ar\/?s={search_term_string}\"},\"query-input\":{\"@type\":\"PropertyValueSpecification\",\"valueRequired\":true,\"valueName\":\"search_term_string\"}}],\"inLanguage\":\"es\"},{\"@type\":\"Organization\",\"@id\":\"https:\/\/nuevodigitaldeescobar.com.ar\/#organization\",\"name\":\"Nuevo Digital de Escobar\",\"url\":\"https:\/\/nuevodigitaldeescobar.com.ar\/\",\"logo\":{\"@type\":\"ImageObject\",\"inLanguage\":\"es\",\"@id\":\"https:\/\/nuevodigitaldeescobar.com.ar\/#\/schema\/logo\/image\/\",\"url\":\"https:\/\/nuevodigitaldeescobar.com.ar\/wp-content\/uploads\/2025\/05\/cropped-logo-nuevo2.jpg\",\"contentUrl\":\"https:\/\/nuevodigitaldeescobar.com.ar\/wp-content\/uploads\/2025\/05\/cropped-logo-nuevo2.jpg\",\"width\":305,\"height\":305,\"caption\":\"Nuevo Digital de Escobar\"},\"image\":{\"@id\":\"https:\/\/nuevodigitaldeescobar.com.ar\/#\/schema\/logo\/image\/\"},\"sameAs\":[\"https:\/\/www.facebook.com\/NUEVODigitalDeEscobar\",\"https:\/\/x.com\/nuevodigescobar\",\"https:\/\/www.instagram.com\/nuevodigitaldeescobar\"]},{\"@type\":\"Person\",\"@id\":\"https:\/\/nuevodigitaldeescobar.com.ar\/#\/schema\/person\/035e90a8efe9a80e6eec22656ad6ea4c\",\"name\":\"Redacci\u00f3n\",\"image\":{\"@type\":\"ImageObject\",\"inLanguage\":\"es\",\"@id\":\"https:\/\/nuevodigitaldeescobar.com.ar\/#\/schema\/person\/image\/\",\"url\":\"https:\/\/secure.gravatar.com\/avatar\/8af8f40000c24e9eef3034f2be5998a372bb1389e64b1a4a36b3a7979142220d?s=96&d=mm&r=g\",\"contentUrl\":\"https:\/\/secure.gravatar.com\/avatar\/8af8f40000c24e9eef3034f2be5998a372bb1389e64b1a4a36b3a7979142220d?s=96&d=mm&r=g\",\"caption\":\"Redacci\u00f3n\"},\"sameAs\":[\"http:\/\/nuevodigitaldeescobar.com.ar\"],\"url\":\"https:\/\/nuevodigitaldeescobar.com.ar\/?author=1\"}]}<\/script>\n<!-- \/ Yoast SEO plugin. -->","yoast_head_json":{"title":"Conduc\u00eda borracho, choc\u00f3 tres autos y volc\u00f3: lo increparon y termin\u00f3 golpeado por otros automovilistas - Nuevo Digital de Escobar","robots":{"index":"index","follow":"follow","max-snippet":"max-snippet:-1","max-image-preview":"max-image-preview:large","max-video-preview":"max-video-preview:-1"},"canonical":"https:\/\/nuevodigitaldeescobar.com.ar\/?p=14031","og_locale":"es_ES","og_type":"article","og_title":"Conduc\u00eda borracho, choc\u00f3 tres autos y volc\u00f3: lo increparon y termin\u00f3 golpeado por otros automovilistas - Nuevo Digital de Escobar","og_description":"Un conductor de 21 a\u00f1os, que manejaba alcoholizado por la avenida General Paz, protagoniz\u00f3 un violento accidente vial este jueves por la tarde al chocar [&hellip;]","og_url":"https:\/\/nuevodigitaldeescobar.com.ar\/?p=14031","og_site_name":"Nuevo Digital de Escobar","article_publisher":"https:\/\/www.facebook.com\/NUEVODigitalDeEscobar","article_published_time":"2025-04-22T03:29:00+00:00","og_image":[{"width":1104,"height":534,"url":"https:\/\/nuevodigitaldeescobar.com.ar\/wp-content\/uploads\/2025\/04\/choquegralpaz21.png","type":"image\/png"}],"author":"Redacci\u00f3n","twitter_card":"summary_large_image","twitter_creator":"@nuevodigescobar","twitter_site":"@nuevodigescobar","twitter_misc":{"Escrito por":"Redacci\u00f3n","Tiempo de lectura":"2 minutos"},"schema":{"@context":"https:\/\/schema.org","@graph":[{"@type":"Article","@id":"https:\/\/nuevodigitaldeescobar.com.ar\/?p=14031#article","isPartOf":{"@id":"https:\/\/nuevodigitaldeescobar.com.ar\/?p=14031"},"author":{"name":"Redacci\u00f3n","@id":"https:\/\/nuevodigitaldeescobar.com.ar\/#\/schema\/person\/035e90a8efe9a80e6eec22656ad6ea4c"},"headline":"Conduc\u00eda borracho, choc\u00f3 tres autos y volc\u00f3: lo increparon y termin\u00f3 golpeado por otros automovilistas","datePublished":"2025-04-22T03:29:00+00:00","mainEntityOfPage":{"@id":"https:\/\/nuevodigitaldeescobar.com.ar\/?p=14031"},"wordCount":471,"commentCount":0,"publisher":{"@id":"https:\/\/nuevodigitaldeescobar.com.ar\/#organization"},"image":{"@id":"https:\/\/nuevodigitaldeescobar.com.ar\/?p=14031#primaryimage"},"thumbnailUrl":"https:\/\/nuevodigitaldeescobar.com.ar\/wp-content\/uploads\/2025\/04\/choquegralpaz21.png","articleSection":["Policiales"],"inLanguage":"es","potentialAction":[{"@type":"CommentAction","name":"Comment","target":["https:\/\/nuevodigitaldeescobar.com.ar\/?p=14031#respond"]}]},{"@type":"WebPage","@id":"https:\/\/nuevodigitaldeescobar.com.ar\/?p=14031","url":"https:\/\/nuevodigitaldeescobar.com.ar\/?p=14031","name":"Conduc\u00eda borracho, choc\u00f3 tres autos y volc\u00f3: lo increparon y termin\u00f3 golpeado por otros automovilistas - Nuevo Digital de Escobar","isPartOf":{"@id":"https:\/\/nuevodigitaldeescobar.com.ar\/#website"},"primaryImageOfPage":{"@id":"https:\/\/nuevodigitaldeescobar.com.ar\/?p=14031#primaryimage"},"image":{"@id":"https:\/\/nuevodigitaldeescobar.com.ar\/?p=14031#primaryimage"},"thumbnailUrl":"https:\/\/nuevodigitaldeescobar.com.ar\/wp-content\/uploads\/2025\/04\/choquegralpaz21.png","datePublished":"2025-04-22T03:29:00+00:00","breadcrumb":{"@id":"https:\/\/nuevodigitaldeescobar.com.ar\/?p=14031#breadcrumb"},"inLanguage":"es","potentialAction":[{"@type":"ReadAction","target":["https:\/\/nuevodigitaldeescobar.com.ar\/?p=14031"]}]},{"@type":"ImageObject","inLanguage":"es","@id":"https:\/\/nuevodigitaldeescobar.com.ar\/?p=14031#primaryimage","url":"https:\/\/nuevodigitaldeescobar.com.ar\/wp-content\/uploads\/2025\/04\/choquegralpaz21.png","contentUrl":"https:\/\/nuevodigitaldeescobar.com.ar\/wp-content\/uploads\/2025\/04\/choquegralpaz21.png","width":1104,"height":534},{"@type":"BreadcrumbList","@id":"https:\/\/nuevodigitaldeescobar.com.ar\/?p=14031#breadcrumb","itemListElement":[{"@type":"ListItem","position":1,"name":"Portada","item":"https:\/\/nuevodigitaldeescobar.com.ar\/"},{"@type":"ListItem","position":2,"name":"Conduc\u00eda borracho, choc\u00f3 tres autos y volc\u00f3: lo increparon y termin\u00f3 golpeado por otros automovilistas"}]},{"@type":"WebSite","@id":"https:\/\/nuevodigitaldeescobar.com.ar\/#website","url":"https:\/\/nuevodigitaldeescobar.com.ar\/","name":"Nuevo Digital de Escobar","description":"La vida escobarense. Directora: Rosana Brunner","publisher":{"@id":"https:\/\/nuevodigitaldeescobar.com.ar\/#organization"},"potentialAction":[{"@type":"SearchAction","target":{"@type":"EntryPoint","urlTemplate":"https:\/\/nuevodigitaldeescobar.com.ar\/?s={search_term_string}"},"query-input":{"@type":"PropertyValueSpecification","valueRequired":true,"valueName":"search_term_string"}}],"inLanguage":"es"},{"@type":"Organization","@id":"https:\/\/nuevodigitaldeescobar.com.ar\/#organization","name":"Nuevo Digital de Escobar","url":"https:\/\/nuevodigitaldeescobar.com.ar\/","logo":{"@type":"ImageObject","inLanguage":"es","@id":"https:\/\/nuevodigitaldeescobar.com.ar\/#\/schema\/logo\/image\/","url":"https:\/\/nuevodigitaldeescobar.com.ar\/wp-content\/uploads\/2025\/05\/cropped-logo-nuevo2.jpg","contentUrl":"https:\/\/nuevodigitaldeescobar.com.ar\/wp-content\/uploads\/2025\/05\/cropped-logo-nuevo2.jpg","width":305,"height":305,"caption":"Nuevo Digital de Escobar"},"image":{"@id":"https:\/\/nuevodigitaldeescobar.com.ar\/#\/schema\/logo\/image\/"},"sameAs":["https:\/\/www.facebook.com\/NUEVODigitalDeEscobar","https:\/\/x.com\/nuevodigescobar","https:\/\/www.instagram.com\/nuevodigitaldeescobar"]},{"@type":"Person","@id":"https:\/\/nuevodigitaldeescobar.com.ar\/#\/schema\/person\/035e90a8efe9a80e6eec22656ad6ea4c","name":"Redacci\u00f3n","image":{"@type":"ImageObject","inLanguage":"es","@id":"https:\/\/nuevodigitaldeescobar.com.ar\/#\/schema\/person\/image\/","url":"https:\/\/secure.gravatar.com\/avatar\/8af8f40000c24e9eef3034f2be5998a372bb1389e64b1a4a36b3a7979142220d?s=96&d=mm&r=g","contentUrl":"https:\/\/secure.gravatar.com\/avatar\/8af8f40000c24e9eef3034f2be5998a372bb1389e64b1a4a36b3a7979142220d?s=96&d=mm&r=g","caption":"Redacci\u00f3n"},"sameAs":["http:\/\/nuevodigitaldeescobar.com.ar"],"url":"https:\/\/nuevodigitaldeescobar.com.ar\/?author=1"}]}},"featured_image_urls":{"full":["https:\/\/nuevodigitaldeescobar.com.ar\/wp-content\/uploads\/2025\/04\/choquegralpaz21.png",1104,534,false],"thumbnail":["https:\/\/nuevodigitaldeescobar.com.ar\/wp-content\/uploads\/2025\/04\/choquegralpaz21-150x150.png",150,150,true],"medium":["https:\/\/nuevodigitaldeescobar.com.ar\/wp-content\/uploads\/2025\/04\/choquegralpaz21-300x145.png",300,145,true],"medium_large":["https:\/\/nuevodigitaldeescobar.com.ar\/wp-content\/uploads\/2025\/04\/choquegralpaz21-768x371.png",640,309,true],"large":["https:\/\/nuevodigitaldeescobar.com.ar\/wp-content\/uploads\/2025\/04\/choquegralpaz21-1024x495.png",640,309,true],"1536x1536":["https:\/\/nuevodigitaldeescobar.com.ar\/wp-content\/uploads\/2025\/04\/choquegralpaz21.png",1104,534,false],"2048x2048":["https:\/\/nuevodigitaldeescobar.com.ar\/wp-content\/uploads\/2025\/04\/choquegralpaz21.png",1104,534,false]},"author_info":{"display_name":"Redacci\u00f3n","author_link":"https:\/\/nuevodigitaldeescobar.com.ar\/?author=1"},"category_info":"<a href=\"https:\/\/nuevodigitaldeescobar.com.ar\/?cat=13\" rel=\"category\">Policiales<\/a>","tag_info":"Policiales","comment_count":"0","_links":{"self":[{"href":"https:\/\/nuevodigitaldeescobar.com.ar\/index.php?rest_route=\/wp\/v2\/posts\/14031","targetHints":{"allow":["GET"]}}],"collection":[{"href":"https:\/\/nuevodigitaldeescobar.com.ar\/index.php?rest_route=\/wp\/v2\/posts"}],"about":[{"href":"https:\/\/nuevodigitaldeescobar.com.ar\/index.php?rest_route=\/wp\/v2\/types\/post"}],"author":[{"embeddable":true,"href":"https:\/\/nuevodigitaldeescobar.com.ar\/index.php?rest_route=\/wp\/v2\/users\/1"}],"replies":[{"embeddable":true,"href":"https:\/\/nuevodigitaldeescobar.com.ar\/index.php?rest_route=%2Fwp%2Fv2%2Fcomments&post=14031"}],"version-history":[{"count":1,"href":"https:\/\/nuevodigitaldeescobar.com.ar\/index.php?rest_route=\/wp\/v2\/posts\/14031\/revisions"}],"predecessor-version":[{"id":14034,"href":"https:\/\/nuevodigitaldeescobar.com.ar\/index.php?rest_route=\/wp\/v2\/posts\/14031\/revisions\/14034"}],"wp:featuredmedia":[{"embeddable":true,"href":"https:\/\/nuevodigitaldeescobar.com.ar\/index.php?rest_route=\/wp\/v2\/media\/14033"}],"wp:attachment":[{"href":"https:\/\/nuevodigitaldeescobar.com.ar\/index.php?rest_route=%2Fwp%2Fv2%2Fmedia&parent=14031"}],"wp:term":[{"taxonomy":"category","embeddable":true,"href":"https:\/\/nuevodigitaldeescobar.com.ar\/index.php?rest_route=%2Fwp%2Fv2%2Fcategories&post=14031"},{"taxonomy":"post_tag","embeddable":true,"href":"https:\/\/nuevodigitaldeescobar.com.ar\/index.php?rest_route=%2Fwp%2Fv2%2Ftags&post=14031"}],"curies":[{"name":"wp","href":"https:\/\/api.w.org\/{rel}","templated":true}]}}