{"id":14054,"date":"2025-04-22T15:20:40","date_gmt":"2025-04-22T18:20:40","guid":{"rendered":"https:\/\/nuevodigitaldeescobar.com.ar\/?p=14054"},"modified":"2025-04-22T21:08:55","modified_gmt":"2025-04-23T00:08:55","slug":"escandalo-en-san-lorenzo-el-gobierno-despidio-al-funcionario-que-aparecio-en-el-video","status":"publish","type":"post","link":"https:\/\/nuevodigitaldeescobar.com.ar\/?p=14054","title":{"rendered":"Esc\u00e1ndalo en San Lorenzo: el Gobierno despidi\u00f3 al funcionario que apareci\u00f3 en el video"},"content":{"rendered":"\n<p><strong>Francisco S\u00e1nchez Gamino<\/strong>, quien hasta este lunes se desempe\u00f1aba como <strong>director de Estudios para el Desarrollo Nacional<\/strong>, \u00e1rea que depende de la <strong>Jefatura de Gabinete de la Naci\u00f3n<\/strong>,\u00a0<strong>fue apartado de su cargo en las primeras horas del martes<\/strong>.<\/p>\n<p>La decisi\u00f3n fue estar involucrado en el esc\u00e1ndalo por <a href=\"https:\/\/derechadiario.com.ar\/deportes\/esandalo-san-lorenzo-plata-negra-que-recibio-marcelo-moretti-por-fichar-juvenil\" title=\"Esc\u00e1ndalo en San Lorenzo: hacen c\u00e1mara oculta a Marcelo Moretti tomando plata negra\"><strong>presuntas coimas que salpica a Marcelo Moretti<\/strong><\/a>, presidente de San Lorenzo.<\/p>\n<div class=\"inter_image image_horizontal\">\n<div>\n<span class=\"img_footer\">Gamino era parte del Gobierno Nacional <\/span>| \n\n<p>Este abogado, que formaba parte del funcionariado de tercera l\u00ednea, <strong>no ocupaba a\u00fan ese puesto cuando se registr\u00f3 la c\u00e1mara oculta<\/strong>. Sin embargo, <strong>fue desplazado tras la difusi\u00f3n del material que expone la trama, revelado por el programa\u00a0TLNdenuncia de Canal 9<\/strong>.<\/p>\n<p>En las im\u00e1genes difundidas, <strong>S\u00e1nchez Gamino aparece como un tercero en una reuni\u00f3n entre Moretti y la madre de un joven futbolista<\/strong>. En ese encuentro, seg\u00fan lo que se ve en el video, <strong>el dirigente habr\u00eda recibido 25 mil d\u00f3lares en efectivo para asegurar el fichaje del chico en las divisiones inferiores del club<\/strong>.<\/p>\n<p>Su cargo <strong>depend\u00eda directamente de la Subsecretar\u00eda de Articulaci\u00f3n Institucional de Asuntos Estrat\u00e9gicos<\/strong>, liderada por Jos\u00e9 Luis Vila. Apenas se conoci\u00f3 el contenido del video, las autoridades de la <strong>Jefatura de Gabinete<\/strong>, bajo la conducci\u00f3n de <strong>Guillermo Francos<\/strong>, <strong>resolvieron su desvinculaci\u00f3n de forma inmediata<\/strong>.<\/p>\n<p>Desde la Secretaria de Interior, voceros manifestaron\u00a0que \u00ab<strong><em>S\u00e1nchez Gamino no ten\u00eda ninguna relaci\u00f3n formal con el club de Boedo ni desarrollaba tareas vinculadas al Gobierno en ese \u00e1mbito<\/em><\/strong>\u00ab, y agregaron: \u00ab<strong><em>lo recomendaron el a\u00f1o pasado, eso fue todo<\/em><\/strong>\u00ab. Seg\u00fan distintas versiones, <strong>el v\u00ednculo ser\u00eda personal y directo con Moretti<\/strong>.<\/p>\n<h2><strong>La AFA le iniciar\u00e1\u00a0un expediente a Moretti<\/strong><\/h2>\n<p>El <strong>Tribunal de \u00c9tica de la Asociaci\u00f3n del F\u00fatbol Argentino<\/strong> decidi\u00f3 intervenir en el esc\u00e1ndalo\u00a0y abrir\u00e1 un expediente contra <strong>Marcelo Moretti<\/strong>.<\/p>\n<p><strong>El C\u00f3digo de \u00c9tica de la AFA<\/strong>, en su <strong>Art\u00edculo 6<\/strong>, establece como uno de sus pilares fundamentales la \u00ab<em>lucha contra sobornos y corrupci\u00f3n<\/em>\u00ab, e incluye un abanico de sanciones para distintos tipos de infracciones. En los casos m\u00e1s graves, <strong>contempla penas que van desde la expulsi\u00f3n del Comit\u00e9 Ejecutivo hasta la<\/strong>\u00a0 \u00ab<em><strong>prohibici\u00f3n de ejercer cualquier actividad relacionada con el f\u00fatbol<\/strong><\/em>\u00ab.<\/p>\n<p>Adem\u00e1s, el <strong>Art\u00edculo 22<\/strong> del mismo reglamento, bajo el t\u00edtulo &#8216;<strong><em>Cohecho y corrupci\u00f3n<\/em><\/strong>&#8216;, detalla que \u00abl<em>as personas sujetas al presente c\u00f3digo <strong>no deber\u00e1n ofrecer, ni prometer, ni dar o aceptar ning\u00fan beneficio personal o econ\u00f3mico indebido<\/strong>, <strong>ni de cualquier otra \u00edndole, a fin de conseguir o mantener un negocio o cualquier otro beneficio deshonesto de cualquier persona de la AFA o ajena a esta<\/strong><\/em>\u00ab.<\/p>\n<\/strong><\/a><\/p>\n<p>En otro de sus p\u00e1rrafos, el c\u00f3digo subraya: \u00ab<em>Las personas sujetas al presente c\u00f3digo no deber\u00e1n ofrecer, ni prometer, ni dar o aceptar ninguna ventaja econ\u00f3mica indebida ni de cualquier otra \u00edndole <strong>por la ejecuci\u00f3n u omisi\u00f3n de un acto relacionado con sus actividades oficiales y contrario a sus obligaciones o que recaiga en su discreci\u00f3n<\/strong><\/em>\u00ab.<\/p>\n<p>Hasta ahora, <strong>ni el club de Boedo ni su presidente han hecho declaraciones p\u00fablicas sobre lo sucedido<\/strong>, ni se ha difundido una versi\u00f3n oficial que explique lo ocurrido. Mientras tanto, se especula con que \u00a0<strong>el ciclo TLNdenuncia podr\u00eda revelar en breve nuevas im\u00e1genes que agraven a\u00fan m\u00e1s la situaci\u00f3n de Moretti<\/strong>.<\/p>\n","protected":false},"excerpt":{"rendered":"<p>Francisco S\u00e1nchez Gamino, quien hasta este lunes se desempe\u00f1aba como director de Estudios para el Desarrollo Nacional, \u00e1rea que depende de la Jefatura de Gabinete [&hellip;]<\/p>\n","protected":false},"author":1,"featured_media":14055,"comment_status":"open","ping_status":"open","sticky":false,"template":"","format":"standard","meta":{"footnotes":""},"categories":[7],"tags":[],"class_list":["post-14054","post","type-post","status-publish","format-standard","has-post-thumbnail","hentry","category-interes-general"],"better_featured_image":{"id":14055,"alt_text":"","caption":"","description":"","media_type":"image","media_details":{"width":1600,"height":1067,"file":"2025\/04\/gpijme2woaetqsw_1600_1067-gOla7C.jpeg","filesize":74959,"sizes":{"medium":{"file":"gpijme2woaetqsw_1600_1067-gOla7C-300x200.jpeg","width":300,"height":200,"mime-type":"image\/jpeg","filesize":10791,"source_url":"https:\/\/nuevodigitaldeescobar.com.ar\/wp-content\/uploads\/2025\/04\/gpijme2woaetqsw_1600_1067-gOla7C-300x200.jpeg"},"large":{"file":"gpijme2woaetqsw_1600_1067-gOla7C-1024x683.jpeg","width":1024,"height":683,"mime-type":"image\/jpeg","filesize":64723,"source_url":"https:\/\/nuevodigitaldeescobar.com.ar\/wp-content\/uploads\/2025\/04\/gpijme2woaetqsw_1600_1067-gOla7C-1024x683.jpeg"},"thumbnail":{"file":"gpijme2woaetqsw_1600_1067-gOla7C-150x150.jpeg","width":150,"height":150,"mime-type":"image\/jpeg","filesize":4986,"source_url":"https:\/\/nuevodigitaldeescobar.com.ar\/wp-content\/uploads\/2025\/04\/gpijme2woaetqsw_1600_1067-gOla7C-150x150.jpeg"},"medium_large":{"file":"gpijme2woaetqsw_1600_1067-gOla7C-768x512.jpeg","width":768,"height":512,"mime-type":"image\/jpeg","filesize":42309,"source_url":"https:\/\/nuevodigitaldeescobar.com.ar\/wp-content\/uploads\/2025\/04\/gpijme2woaetqsw_1600_1067-gOla7C-768x512.jpeg"},"1536x1536":{"file":"gpijme2woaetqsw_1600_1067-gOla7C-1536x1024.jpeg","width":1536,"height":1024,"mime-type":"image\/jpeg","filesize":113827,"source_url":"https:\/\/nuevodigitaldeescobar.com.ar\/wp-content\/uploads\/2025\/04\/gpijme2woaetqsw_1600_1067-gOla7C-1536x1024.jpeg"}},"image_meta":{"aperture":"0","credit":"","camera":"","caption":"","created_timestamp":"0","copyright":"","focal_length":"0","iso":"0","shutter_speed":"0","title":"","orientation":"0","keywords":[]}},"post":14054,"source_url":"https:\/\/nuevodigitaldeescobar.com.ar\/wp-content\/uploads\/2025\/04\/gpijme2woaetqsw_1600_1067-gOla7C.jpeg"},"yoast_head":"<!-- This site is optimized with the Yoast SEO plugin v26.1.1 - https:\/\/yoast.com\/wordpress\/plugins\/seo\/ -->\n<title>Esc\u00e1ndalo en San Lorenzo: el Gobierno despidi\u00f3 al funcionario que apareci\u00f3 en el video - Nuevo Digital de Escobar<\/title>\n<meta name=\"robots\" content=\"index, follow, max-snippet:-1, max-image-preview:large, max-video-preview:-1\" \/>\n<link rel=\"canonical\" href=\"https:\/\/nuevodigitaldeescobar.com.ar\/?p=14054\" \/>\n<meta property=\"og:locale\" content=\"es_ES\" \/>\n<meta property=\"og:type\" content=\"article\" \/>\n<meta property=\"og:title\" content=\"Esc\u00e1ndalo en San Lorenzo: el Gobierno despidi\u00f3 al funcionario que apareci\u00f3 en el video - Nuevo Digital de Escobar\" \/>\n<meta property=\"og:description\" content=\"Francisco S\u00e1nchez Gamino, quien hasta este lunes se desempe\u00f1aba como director de Estudios para el Desarrollo Nacional, \u00e1rea que depende de la Jefatura de Gabinete [&hellip;]\" \/>\n<meta property=\"og:url\" content=\"https:\/\/nuevodigitaldeescobar.com.ar\/?p=14054\" \/>\n<meta property=\"og:site_name\" content=\"Nuevo Digital de Escobar\" \/>\n<meta property=\"article:publisher\" content=\"https:\/\/www.facebook.com\/NUEVODigitalDeEscobar\" \/>\n<meta property=\"article:published_time\" content=\"2025-04-22T18:20:40+00:00\" \/>\n<meta property=\"article:modified_time\" content=\"2025-04-23T00:08:55+00:00\" \/>\n<meta property=\"og:image\" content=\"https:\/\/nuevodigitaldeescobar.com.ar\/wp-content\/uploads\/2025\/04\/gpijme2woaetqsw_1600_1067-gOla7C.jpeg\" \/>\n\t<meta property=\"og:image:width\" content=\"1600\" \/>\n\t<meta property=\"og:image:height\" content=\"1067\" \/>\n\t<meta property=\"og:image:type\" content=\"image\/jpeg\" \/>\n<meta name=\"author\" content=\"Redacci\u00f3n\" \/>\n<meta name=\"twitter:card\" content=\"summary_large_image\" \/>\n<meta name=\"twitter:creator\" content=\"@nuevodigescobar\" \/>\n<meta name=\"twitter:site\" content=\"@nuevodigescobar\" \/>\n<meta name=\"twitter:label1\" content=\"Escrito por\" \/>\n\t<meta name=\"twitter:data1\" content=\"Redacci\u00f3n\" \/>\n\t<meta name=\"twitter:label2\" content=\"Tiempo de lectura\" \/>\n\t<meta name=\"twitter:data2\" content=\"3 minutos\" \/>\n<script type=\"application\/ld+json\" class=\"yoast-schema-graph\">{\"@context\":\"https:\/\/schema.org\",\"@graph\":[{\"@type\":\"Article\",\"@id\":\"https:\/\/nuevodigitaldeescobar.com.ar\/?p=14054#article\",\"isPartOf\":{\"@id\":\"https:\/\/nuevodigitaldeescobar.com.ar\/?p=14054\"},\"author\":{\"name\":\"Redacci\u00f3n\",\"@id\":\"https:\/\/nuevodigitaldeescobar.com.ar\/#\/schema\/person\/035e90a8efe9a80e6eec22656ad6ea4c\"},\"headline\":\"Esc\u00e1ndalo en San Lorenzo: el Gobierno despidi\u00f3 al funcionario que apareci\u00f3 en el video\",\"datePublished\":\"2025-04-22T18:20:40+00:00\",\"dateModified\":\"2025-04-23T00:08:55+00:00\",\"mainEntityOfPage\":{\"@id\":\"https:\/\/nuevodigitaldeescobar.com.ar\/?p=14054\"},\"wordCount\":591,\"commentCount\":0,\"publisher\":{\"@id\":\"https:\/\/nuevodigitaldeescobar.com.ar\/#organization\"},\"image\":{\"@id\":\"https:\/\/nuevodigitaldeescobar.com.ar\/?p=14054#primaryimage\"},\"thumbnailUrl\":\"https:\/\/nuevodigitaldeescobar.com.ar\/wp-content\/uploads\/2025\/04\/gpijme2woaetqsw_1600_1067-gOla7C.jpeg\",\"articleSection\":[\"Inter\u00e9s general\"],\"inLanguage\":\"es\",\"potentialAction\":[{\"@type\":\"CommentAction\",\"name\":\"Comment\",\"target\":[\"https:\/\/nuevodigitaldeescobar.com.ar\/?p=14054#respond\"]}]},{\"@type\":\"WebPage\",\"@id\":\"https:\/\/nuevodigitaldeescobar.com.ar\/?p=14054\",\"url\":\"https:\/\/nuevodigitaldeescobar.com.ar\/?p=14054\",\"name\":\"Esc\u00e1ndalo en San Lorenzo: el Gobierno despidi\u00f3 al funcionario que apareci\u00f3 en el video - Nuevo Digital de Escobar\",\"isPartOf\":{\"@id\":\"https:\/\/nuevodigitaldeescobar.com.ar\/#website\"},\"primaryImageOfPage\":{\"@id\":\"https:\/\/nuevodigitaldeescobar.com.ar\/?p=14054#primaryimage\"},\"image\":{\"@id\":\"https:\/\/nuevodigitaldeescobar.com.ar\/?p=14054#primaryimage\"},\"thumbnailUrl\":\"https:\/\/nuevodigitaldeescobar.com.ar\/wp-content\/uploads\/2025\/04\/gpijme2woaetqsw_1600_1067-gOla7C.jpeg\",\"datePublished\":\"2025-04-22T18:20:40+00:00\",\"dateModified\":\"2025-04-23T00:08:55+00:00\",\"breadcrumb\":{\"@id\":\"https:\/\/nuevodigitaldeescobar.com.ar\/?p=14054#breadcrumb\"},\"inLanguage\":\"es\",\"potentialAction\":[{\"@type\":\"ReadAction\",\"target\":[\"https:\/\/nuevodigitaldeescobar.com.ar\/?p=14054\"]}]},{\"@type\":\"ImageObject\",\"inLanguage\":\"es\",\"@id\":\"https:\/\/nuevodigitaldeescobar.com.ar\/?p=14054#primaryimage\",\"url\":\"https:\/\/nuevodigitaldeescobar.com.ar\/wp-content\/uploads\/2025\/04\/gpijme2woaetqsw_1600_1067-gOla7C.jpeg\",\"contentUrl\":\"https:\/\/nuevodigitaldeescobar.com.ar\/wp-content\/uploads\/2025\/04\/gpijme2woaetqsw_1600_1067-gOla7C.jpeg\",\"width\":1600,\"height\":1067},{\"@type\":\"BreadcrumbList\",\"@id\":\"https:\/\/nuevodigitaldeescobar.com.ar\/?p=14054#breadcrumb\",\"itemListElement\":[{\"@type\":\"ListItem\",\"position\":1,\"name\":\"Portada\",\"item\":\"https:\/\/nuevodigitaldeescobar.com.ar\/\"},{\"@type\":\"ListItem\",\"position\":2,\"name\":\"Esc\u00e1ndalo en San Lorenzo: el Gobierno despidi\u00f3 al funcionario que apareci\u00f3 en el video\"}]},{\"@type\":\"WebSite\",\"@id\":\"https:\/\/nuevodigitaldeescobar.com.ar\/#website\",\"url\":\"https:\/\/nuevodigitaldeescobar.com.ar\/\",\"name\":\"Nuevo Digital de Escobar\",\"description\":\"La vida escobarense. Directora: Rosana Brunner\",\"publisher\":{\"@id\":\"https:\/\/nuevodigitaldeescobar.com.ar\/#organization\"},\"potentialAction\":[{\"@type\":\"SearchAction\",\"target\":{\"@type\":\"EntryPoint\",\"urlTemplate\":\"https:\/\/nuevodigitaldeescobar.com.ar\/?s={search_term_string}\"},\"query-input\":{\"@type\":\"PropertyValueSpecification\",\"valueRequired\":true,\"valueName\":\"search_term_string\"}}],\"inLanguage\":\"es\"},{\"@type\":\"Organization\",\"@id\":\"https:\/\/nuevodigitaldeescobar.com.ar\/#organization\",\"name\":\"Nuevo Digital de Escobar\",\"url\":\"https:\/\/nuevodigitaldeescobar.com.ar\/\",\"logo\":{\"@type\":\"ImageObject\",\"inLanguage\":\"es\",\"@id\":\"https:\/\/nuevodigitaldeescobar.com.ar\/#\/schema\/logo\/image\/\",\"url\":\"https:\/\/nuevodigitaldeescobar.com.ar\/wp-content\/uploads\/2025\/05\/cropped-logo-nuevo2.jpg\",\"contentUrl\":\"https:\/\/nuevodigitaldeescobar.com.ar\/wp-content\/uploads\/2025\/05\/cropped-logo-nuevo2.jpg\",\"width\":305,\"height\":305,\"caption\":\"Nuevo Digital de Escobar\"},\"image\":{\"@id\":\"https:\/\/nuevodigitaldeescobar.com.ar\/#\/schema\/logo\/image\/\"},\"sameAs\":[\"https:\/\/www.facebook.com\/NUEVODigitalDeEscobar\",\"https:\/\/x.com\/nuevodigescobar\",\"https:\/\/www.instagram.com\/nuevodigitaldeescobar\"]},{\"@type\":\"Person\",\"@id\":\"https:\/\/nuevodigitaldeescobar.com.ar\/#\/schema\/person\/035e90a8efe9a80e6eec22656ad6ea4c\",\"name\":\"Redacci\u00f3n\",\"image\":{\"@type\":\"ImageObject\",\"inLanguage\":\"es\",\"@id\":\"https:\/\/nuevodigitaldeescobar.com.ar\/#\/schema\/person\/image\/\",\"url\":\"https:\/\/secure.gravatar.com\/avatar\/8af8f40000c24e9eef3034f2be5998a372bb1389e64b1a4a36b3a7979142220d?s=96&d=mm&r=g\",\"contentUrl\":\"https:\/\/secure.gravatar.com\/avatar\/8af8f40000c24e9eef3034f2be5998a372bb1389e64b1a4a36b3a7979142220d?s=96&d=mm&r=g\",\"caption\":\"Redacci\u00f3n\"},\"sameAs\":[\"http:\/\/nuevodigitaldeescobar.com.ar\"],\"url\":\"https:\/\/nuevodigitaldeescobar.com.ar\/?author=1\"}]}<\/script>\n<!-- \/ Yoast SEO plugin. -->","yoast_head_json":{"title":"Esc\u00e1ndalo en San Lorenzo: el Gobierno despidi\u00f3 al funcionario que apareci\u00f3 en el video - Nuevo Digital de Escobar","robots":{"index":"index","follow":"follow","max-snippet":"max-snippet:-1","max-image-preview":"max-image-preview:large","max-video-preview":"max-video-preview:-1"},"canonical":"https:\/\/nuevodigitaldeescobar.com.ar\/?p=14054","og_locale":"es_ES","og_type":"article","og_title":"Esc\u00e1ndalo en San Lorenzo: el Gobierno despidi\u00f3 al funcionario que apareci\u00f3 en el video - Nuevo Digital de Escobar","og_description":"Francisco S\u00e1nchez Gamino, quien hasta este lunes se desempe\u00f1aba como director de Estudios para el Desarrollo Nacional, \u00e1rea que depende de la Jefatura de Gabinete [&hellip;]","og_url":"https:\/\/nuevodigitaldeescobar.com.ar\/?p=14054","og_site_name":"Nuevo Digital de Escobar","article_publisher":"https:\/\/www.facebook.com\/NUEVODigitalDeEscobar","article_published_time":"2025-04-22T18:20:40+00:00","article_modified_time":"2025-04-23T00:08:55+00:00","og_image":[{"width":1600,"height":1067,"url":"https:\/\/nuevodigitaldeescobar.com.ar\/wp-content\/uploads\/2025\/04\/gpijme2woaetqsw_1600_1067-gOla7C.jpeg","type":"image\/jpeg"}],"author":"Redacci\u00f3n","twitter_card":"summary_large_image","twitter_creator":"@nuevodigescobar","twitter_site":"@nuevodigescobar","twitter_misc":{"Escrito por":"Redacci\u00f3n","Tiempo de lectura":"3 minutos"},"schema":{"@context":"https:\/\/schema.org","@graph":[{"@type":"Article","@id":"https:\/\/nuevodigitaldeescobar.com.ar\/?p=14054#article","isPartOf":{"@id":"https:\/\/nuevodigitaldeescobar.com.ar\/?p=14054"},"author":{"name":"Redacci\u00f3n","@id":"https:\/\/nuevodigitaldeescobar.com.ar\/#\/schema\/person\/035e90a8efe9a80e6eec22656ad6ea4c"},"headline":"Esc\u00e1ndalo en San Lorenzo: el Gobierno despidi\u00f3 al funcionario que apareci\u00f3 en el video","datePublished":"2025-04-22T18:20:40+00:00","dateModified":"2025-04-23T00:08:55+00:00","mainEntityOfPage":{"@id":"https:\/\/nuevodigitaldeescobar.com.ar\/?p=14054"},"wordCount":591,"commentCount":0,"publisher":{"@id":"https:\/\/nuevodigitaldeescobar.com.ar\/#organization"},"image":{"@id":"https:\/\/nuevodigitaldeescobar.com.ar\/?p=14054#primaryimage"},"thumbnailUrl":"https:\/\/nuevodigitaldeescobar.com.ar\/wp-content\/uploads\/2025\/04\/gpijme2woaetqsw_1600_1067-gOla7C.jpeg","articleSection":["Inter\u00e9s general"],"inLanguage":"es","potentialAction":[{"@type":"CommentAction","name":"Comment","target":["https:\/\/nuevodigitaldeescobar.com.ar\/?p=14054#respond"]}]},{"@type":"WebPage","@id":"https:\/\/nuevodigitaldeescobar.com.ar\/?p=14054","url":"https:\/\/nuevodigitaldeescobar.com.ar\/?p=14054","name":"Esc\u00e1ndalo en San Lorenzo: el Gobierno despidi\u00f3 al funcionario que apareci\u00f3 en el video - Nuevo Digital de Escobar","isPartOf":{"@id":"https:\/\/nuevodigitaldeescobar.com.ar\/#website"},"primaryImageOfPage":{"@id":"https:\/\/nuevodigitaldeescobar.com.ar\/?p=14054#primaryimage"},"image":{"@id":"https:\/\/nuevodigitaldeescobar.com.ar\/?p=14054#primaryimage"},"thumbnailUrl":"https:\/\/nuevodigitaldeescobar.com.ar\/wp-content\/uploads\/2025\/04\/gpijme2woaetqsw_1600_1067-gOla7C.jpeg","datePublished":"2025-04-22T18:20:40+00:00","dateModified":"2025-04-23T00:08:55+00:00","breadcrumb":{"@id":"https:\/\/nuevodigitaldeescobar.com.ar\/?p=14054#breadcrumb"},"inLanguage":"es","potentialAction":[{"@type":"ReadAction","target":["https:\/\/nuevodigitaldeescobar.com.ar\/?p=14054"]}]},{"@type":"ImageObject","inLanguage":"es","@id":"https:\/\/nuevodigitaldeescobar.com.ar\/?p=14054#primaryimage","url":"https:\/\/nuevodigitaldeescobar.com.ar\/wp-content\/uploads\/2025\/04\/gpijme2woaetqsw_1600_1067-gOla7C.jpeg","contentUrl":"https:\/\/nuevodigitaldeescobar.com.ar\/wp-content\/uploads\/2025\/04\/gpijme2woaetqsw_1600_1067-gOla7C.jpeg","width":1600,"height":1067},{"@type":"BreadcrumbList","@id":"https:\/\/nuevodigitaldeescobar.com.ar\/?p=14054#breadcrumb","itemListElement":[{"@type":"ListItem","position":1,"name":"Portada","item":"https:\/\/nuevodigitaldeescobar.com.ar\/"},{"@type":"ListItem","position":2,"name":"Esc\u00e1ndalo en San Lorenzo: el Gobierno despidi\u00f3 al funcionario que apareci\u00f3 en el video"}]},{"@type":"WebSite","@id":"https:\/\/nuevodigitaldeescobar.com.ar\/#website","url":"https:\/\/nuevodigitaldeescobar.com.ar\/","name":"Nuevo Digital de Escobar","description":"La vida escobarense. Directora: Rosana Brunner","publisher":{"@id":"https:\/\/nuevodigitaldeescobar.com.ar\/#organization"},"potentialAction":[{"@type":"SearchAction","target":{"@type":"EntryPoint","urlTemplate":"https:\/\/nuevodigitaldeescobar.com.ar\/?s={search_term_string}"},"query-input":{"@type":"PropertyValueSpecification","valueRequired":true,"valueName":"search_term_string"}}],"inLanguage":"es"},{"@type":"Organization","@id":"https:\/\/nuevodigitaldeescobar.com.ar\/#organization","name":"Nuevo Digital de Escobar","url":"https:\/\/nuevodigitaldeescobar.com.ar\/","logo":{"@type":"ImageObject","inLanguage":"es","@id":"https:\/\/nuevodigitaldeescobar.com.ar\/#\/schema\/logo\/image\/","url":"https:\/\/nuevodigitaldeescobar.com.ar\/wp-content\/uploads\/2025\/05\/cropped-logo-nuevo2.jpg","contentUrl":"https:\/\/nuevodigitaldeescobar.com.ar\/wp-content\/uploads\/2025\/05\/cropped-logo-nuevo2.jpg","width":305,"height":305,"caption":"Nuevo Digital de Escobar"},"image":{"@id":"https:\/\/nuevodigitaldeescobar.com.ar\/#\/schema\/logo\/image\/"},"sameAs":["https:\/\/www.facebook.com\/NUEVODigitalDeEscobar","https:\/\/x.com\/nuevodigescobar","https:\/\/www.instagram.com\/nuevodigitaldeescobar"]},{"@type":"Person","@id":"https:\/\/nuevodigitaldeescobar.com.ar\/#\/schema\/person\/035e90a8efe9a80e6eec22656ad6ea4c","name":"Redacci\u00f3n","image":{"@type":"ImageObject","inLanguage":"es","@id":"https:\/\/nuevodigitaldeescobar.com.ar\/#\/schema\/person\/image\/","url":"https:\/\/secure.gravatar.com\/avatar\/8af8f40000c24e9eef3034f2be5998a372bb1389e64b1a4a36b3a7979142220d?s=96&d=mm&r=g","contentUrl":"https:\/\/secure.gravatar.com\/avatar\/8af8f40000c24e9eef3034f2be5998a372bb1389e64b1a4a36b3a7979142220d?s=96&d=mm&r=g","caption":"Redacci\u00f3n"},"sameAs":["http:\/\/nuevodigitaldeescobar.com.ar"],"url":"https:\/\/nuevodigitaldeescobar.com.ar\/?author=1"}]}},"featured_image_urls":{"full":["https:\/\/nuevodigitaldeescobar.com.ar\/wp-content\/uploads\/2025\/04\/gpijme2woaetqsw_1600_1067-gOla7C.jpeg",1600,1067,false],"thumbnail":["https:\/\/nuevodigitaldeescobar.com.ar\/wp-content\/uploads\/2025\/04\/gpijme2woaetqsw_1600_1067-gOla7C-150x150.jpeg",150,150,true],"medium":["https:\/\/nuevodigitaldeescobar.com.ar\/wp-content\/uploads\/2025\/04\/gpijme2woaetqsw_1600_1067-gOla7C-300x200.jpeg",300,200,true],"medium_large":["https:\/\/nuevodigitaldeescobar.com.ar\/wp-content\/uploads\/2025\/04\/gpijme2woaetqsw_1600_1067-gOla7C-768x512.jpeg",640,427,true],"large":["https:\/\/nuevodigitaldeescobar.com.ar\/wp-content\/uploads\/2025\/04\/gpijme2woaetqsw_1600_1067-gOla7C-1024x683.jpeg",640,427,true],"1536x1536":["https:\/\/nuevodigitaldeescobar.com.ar\/wp-content\/uploads\/2025\/04\/gpijme2woaetqsw_1600_1067-gOla7C-1536x1024.jpeg",1536,1024,true],"2048x2048":["https:\/\/nuevodigitaldeescobar.com.ar\/wp-content\/uploads\/2025\/04\/gpijme2woaetqsw_1600_1067-gOla7C.jpeg",1600,1067,false]},"author_info":{"display_name":"Redacci\u00f3n","author_link":"https:\/\/nuevodigitaldeescobar.com.ar\/?author=1"},"category_info":"<a href=\"https:\/\/nuevodigitaldeescobar.com.ar\/?cat=7\" rel=\"category\">Inter\u00e9s general<\/a>","tag_info":"Inter\u00e9s general","comment_count":"0","_links":{"self":[{"href":"https:\/\/nuevodigitaldeescobar.com.ar\/index.php?rest_route=\/wp\/v2\/posts\/14054","targetHints":{"allow":["GET"]}}],"collection":[{"href":"https:\/\/nuevodigitaldeescobar.com.ar\/index.php?rest_route=\/wp\/v2\/posts"}],"about":[{"href":"https:\/\/nuevodigitaldeescobar.com.ar\/index.php?rest_route=\/wp\/v2\/types\/post"}],"author":[{"embeddable":true,"href":"https:\/\/nuevodigitaldeescobar.com.ar\/index.php?rest_route=\/wp\/v2\/users\/1"}],"replies":[{"embeddable":true,"href":"https:\/\/nuevodigitaldeescobar.com.ar\/index.php?rest_route=%2Fwp%2Fv2%2Fcomments&post=14054"}],"version-history":[{"count":1,"href":"https:\/\/nuevodigitaldeescobar.com.ar\/index.php?rest_route=\/wp\/v2\/posts\/14054\/revisions"}],"predecessor-version":[{"id":14059,"href":"https:\/\/nuevodigitaldeescobar.com.ar\/index.php?rest_route=\/wp\/v2\/posts\/14054\/revisions\/14059"}],"wp:featuredmedia":[{"embeddable":true,"href":"https:\/\/nuevodigitaldeescobar.com.ar\/index.php?rest_route=\/wp\/v2\/media\/14055"}],"wp:attachment":[{"href":"https:\/\/nuevodigitaldeescobar.com.ar\/index.php?rest_route=%2Fwp%2Fv2%2Fmedia&parent=14054"}],"wp:term":[{"taxonomy":"category","embeddable":true,"href":"https:\/\/nuevodigitaldeescobar.com.ar\/index.php?rest_route=%2Fwp%2Fv2%2Fcategories&post=14054"},{"taxonomy":"post_tag","embeddable":true,"href":"https:\/\/nuevodigitaldeescobar.com.ar\/index.php?rest_route=%2Fwp%2Fv2%2Ftags&post=14054"}],"curies":[{"name":"wp","href":"https:\/\/api.w.org\/{rel}","templated":true}]}}