{"id":14087,"date":"2025-04-23T12:20:20","date_gmt":"2025-04-23T15:20:20","guid":{"rendered":"https:\/\/nuevodigitaldeescobar.com.ar\/?p=14087"},"modified":"2025-04-23T21:41:52","modified_gmt":"2025-04-24T00:41:52","slug":"escandalo-en-san-lorenzo-marcelo-moretti-se-tomo-licencia-por-las-presuntas-coimas","status":"publish","type":"post","link":"https:\/\/nuevodigitaldeescobar.com.ar\/?p=14087","title":{"rendered":"Esc\u00e1ndalo en San Lorenzo: Marcelo Moretti se tom\u00f3 licencia por las presuntas coimas"},"content":{"rendered":"\n<p>San Lorenzo qued\u00f3 en el centro de la pol\u00e9mica luego de que Canal 9 difundiera una <a href=\"https:\/\/derechadiario.com.ar\/deportes\/esandalo-san-lorenzo-plata-negra-que-recibio-marcelo-moretti-por-fichar-juvenil\" title=\"Esc\u00e1ndalo en San Lorenzo: hacen c\u00e1mara oculta a Marcelo Moretti tomando plata negra\"><strong>c\u00e1mara oculta<\/strong><\/a> en la que se ve al presidente <strong>Marcelo Moretti recibiendo U$S 25.000<\/strong>, dinero que se habr\u00eda entregado como parte de una <strong>presunta coima para fichar a un jugador juvenil en las divisiones inferiores del club<\/strong>.<\/p>\n<p>Pocas horas despu\u00e9s de haber hablado en TyC Sports, donde defendi\u00f3 su accionar, <strong>Moretti solicit\u00f3 una licencia en su cargo<\/strong>, en medio de la confirmaci\u00f3n de un <a href=\"https:\/\/derechadiario.com.ar\/deportes\/escandalo-san-lorenzo-gobierno-despidio-al-funcionario-que-aparecio-video\" title=\"Esc\u00e1ndalo en San Lorenzo: El Gobierno despidi\u00f3 al funcionario que apareci\u00f3 en el video\"><strong>expediente abierto por AFA<\/strong><\/a> y una denuncia penal en su contra.<\/p>\n<h2><strong>La licencia de Moretti y el comunicado oficial<\/strong><\/h2>\n<p>Cerca de la medianoche, fue el propio Moretti quien comunic\u00f3 la decisi\u00f3n a trav\u00e9s de su cuenta de X, dejando en claro los motivos de su alejamiento temporal.<\/p>\n<p>\u00ab<em>Con el fin de ejercer una leg\u00edtima y libre defensa tanto judicial como medi\u00e1tica y para resguardar a la instituci\u00f3n de los hechos que se me atribuyen, <strong>desde ma\u00f1ana tomar\u00e9 una licencia a mi cargo como presidente del Club Atl\u00e9tico San Lorenzo de Almagro<\/strong><\/em>\u00ab, public\u00f3 el presidente del Cicl\u00f3n.<\/p>\n<p>Luego, agreg\u00f3: \u00ab<em><strong>Me presentar\u00e9 a primera hora tanto en la justicia ordinaria como en el Tribunal de \u00c9tica y disciplina del club para demostrar mi absoluta inocencia<\/strong>. Est\u00e1 licencia la tomo con el fin que la justicia investigue con absoluta tranquilidad y transparencia. San Lorenzo est\u00e1 por encima de todo y de todos<\/em>\u00ab.<\/p>\n<div class=\"inter_image image_horizontal\">\n<div>\n<span class=\"img_footer\">El tweet de Moretti <\/span>\n<\/div>\n<h2><strong>Presiones internas y desde AFA<\/strong><\/h2>\n<p>La decisi\u00f3n se dio en el marco de una jornada agitada para la dirigencia azulgrana, en la que el bloque oficialista se reuni\u00f3 en el estadio para analizar c\u00f3mo proceder. Seg\u00fan trascendi\u00f3, <strong>desde AFA<\/strong>\u00a0<strong>le habr\u00edan pedido formalmente a Moretti que se tome una licencia por 90 d\u00edas<\/strong>, y le dieron plazo hasta el mi\u00e9rcoles para formalizarla, buscando descomprimir la crisis institucional.<\/p>\n<p>En paralelo, <strong>dentro del club tambi\u00e9n se evalu\u00f3 impulsar un pedido similar<\/strong>, aunque decidieron postergar cualquier definici\u00f3n hasta la llegada del vicepresidente N\u00e9stor Navarro, prevista para el jueves.<\/p>\n<h2><strong>Moretti hab\u00eda negado el pedido de\u00a0licencia<\/strong><\/h2>\n<p>La decisi\u00f3n de apartarse temporalmente contrasta con las declaraciones que Moretti hab\u00eda hecho horas antes en televisi\u00f3n, cuando descart\u00f3 absolutamente esa posibilidad.\u00a0\u00ab<strong><em>Yo no tengo nada que ver, yo no hice nada malo. Yo tengo la conciencia totalmente tranquila<\/em><\/strong>\u00ab, aclar\u00f3 el dirigente.<\/p>\n<p>Y fue a\u00fan m\u00e1s enf\u00e1tico al afirmar: \u00ab<em><strong>\u00bfC\u00f3mo me voy a pedir licencia por algo que no hice? \u00bfPor qu\u00e9 me voy a pedir licencia?<\/strong> Yo no s\u00e9 ni hice nada, no hay ning\u00fan tipo de culpabilidad. <strong>No tengo que dar explicaciones a nadie porque no hice nada malo<\/strong><\/em>\u00ab.<\/p>\n<h2><strong>Navarro, el sucesor temporario<\/strong><\/h2>\n<p>Con la licencia de Moretti, <strong>la conducci\u00f3n del club pasar\u00e1 a manos de N\u00e9stor Navarro<\/strong>, quien reci\u00e9n llegar\u00e1 al pa\u00eds el jueves, ya que reside en Punta del Este, Uruguay. A pesar de ser vicepresidente, <strong>no suele estar presente en la vida diaria del club<\/strong>, lo que ha generado cr\u00edticas desde sectores opositores.<\/p>\n<p>En diciembre del a\u00f1o pasado, <strong>Navarro asumi\u00f3 un rol clave al tomar el control del Departamento de F\u00fatbol tras la ruptura entre Moretti y N\u00e9stor Ortigoza<\/strong>, quien m\u00e1s tarde fue denunciado por violencia de g\u00e9nero. Adem\u00e1s, tuvo participaci\u00f3n en el proceso de reorganizaci\u00f3n econ\u00f3mica del club.<\/p>\n<h2><strong>Un dirigente con pasado empresarial<\/strong><\/h2>\n<p>Previo a las elecciones de 2023, <strong>Navarro no contaba con antecedentes dirigenciales en San Lorenzo<\/strong>. Su trayectoria se hab\u00eda desarrollado en el \u00e1mbito privado, especialmente en el sector ganadero. Sin embargo, integr\u00f3 la lista ganadora \u00abBoedo en Acci\u00f3n\u00bb como primer vicepresidente, <strong>acompa\u00f1ando a Moretti en el triunfo que obtuvo el 36% de los votos<\/strong>.<\/p>\n<p><strong>Durante 2024 mantuvo un perfil bajo, aunque colabor\u00f3 econ\u00f3micamente con el club<\/strong>. Al vivir fuera del pa\u00eds, solo particip\u00f3 en una reuni\u00f3n de Comisi\u00f3n Directiva, algo que fue utilizado por la oposici\u00f3n como argumento para cuestionar su nivel de compromiso. A partir de ahora, todo indica que pasar\u00e1 a ocupar un lugar central en la gesti\u00f3n azulgrana.<\/p>\n","protected":false},"excerpt":{"rendered":"<p>San Lorenzo qued\u00f3 en el centro de la pol\u00e9mica luego de que Canal 9 difundiera una c\u00e1mara oculta en la que se ve al presidente [&hellip;]<\/p>\n","protected":false},"author":1,"featured_media":14088,"comment_status":"open","ping_status":"open","sticky":false,"template":"","format":"standard","meta":{"footnotes":""},"categories":[8],"tags":[],"class_list":["post-14087","post","type-post","status-publish","format-standard","has-post-thumbnail","hentry","category-deportes"],"better_featured_image":{"id":14088,"alt_text":"","caption":"","description":"","media_type":"image","media_details":{"width":1600,"height":1067,"file":"2025\/04\/931007-moretti_1600_1067-fLcEJy.jpeg","filesize":81104,"sizes":{"medium":{"file":"931007-moretti_1600_1067-fLcEJy-300x200.jpeg","width":300,"height":200,"mime-type":"image\/jpeg","filesize":11875,"source_url":"https:\/\/nuevodigitaldeescobar.com.ar\/wp-content\/uploads\/2025\/04\/931007-moretti_1600_1067-fLcEJy-300x200.jpeg"},"large":{"file":"931007-moretti_1600_1067-fLcEJy-1024x683.jpeg","width":1024,"height":683,"mime-type":"image\/jpeg","filesize":66000,"source_url":"https:\/\/nuevodigitaldeescobar.com.ar\/wp-content\/uploads\/2025\/04\/931007-moretti_1600_1067-fLcEJy-1024x683.jpeg"},"thumbnail":{"file":"931007-moretti_1600_1067-fLcEJy-150x150.jpeg","width":150,"height":150,"mime-type":"image\/jpeg","filesize":5765,"source_url":"https:\/\/nuevodigitaldeescobar.com.ar\/wp-content\/uploads\/2025\/04\/931007-moretti_1600_1067-fLcEJy-150x150.jpeg"},"medium_large":{"file":"931007-moretti_1600_1067-fLcEJy-768x512.jpeg","width":768,"height":512,"mime-type":"image\/jpeg","filesize":43970,"source_url":"https:\/\/nuevodigitaldeescobar.com.ar\/wp-content\/uploads\/2025\/04\/931007-moretti_1600_1067-fLcEJy-768x512.jpeg"},"1536x1536":{"file":"931007-moretti_1600_1067-fLcEJy-1536x1024.jpeg","width":1536,"height":1024,"mime-type":"image\/jpeg","filesize":116329,"source_url":"https:\/\/nuevodigitaldeescobar.com.ar\/wp-content\/uploads\/2025\/04\/931007-moretti_1600_1067-fLcEJy-1536x1024.jpeg"}},"image_meta":{"aperture":"0","credit":"","camera":"","caption":"","created_timestamp":"0","copyright":"","focal_length":"0","iso":"0","shutter_speed":"0","title":"","orientation":"0","keywords":[]}},"post":14087,"source_url":"https:\/\/nuevodigitaldeescobar.com.ar\/wp-content\/uploads\/2025\/04\/931007-moretti_1600_1067-fLcEJy.jpeg"},"yoast_head":"<!-- This site is optimized with the Yoast SEO plugin v26.1.1 - https:\/\/yoast.com\/wordpress\/plugins\/seo\/ -->\n<title>Esc\u00e1ndalo en San Lorenzo: Marcelo Moretti se tom\u00f3 licencia por las presuntas coimas - Nuevo Digital de Escobar<\/title>\n<meta name=\"robots\" content=\"index, follow, max-snippet:-1, max-image-preview:large, max-video-preview:-1\" \/>\n<link rel=\"canonical\" href=\"https:\/\/nuevodigitaldeescobar.com.ar\/?p=14087\" \/>\n<meta property=\"og:locale\" content=\"es_ES\" \/>\n<meta property=\"og:type\" content=\"article\" \/>\n<meta property=\"og:title\" content=\"Esc\u00e1ndalo en San Lorenzo: Marcelo Moretti se tom\u00f3 licencia por las presuntas coimas - Nuevo Digital de Escobar\" \/>\n<meta property=\"og:description\" content=\"San Lorenzo qued\u00f3 en el centro de la pol\u00e9mica luego de que Canal 9 difundiera una c\u00e1mara oculta en la que se ve al presidente [&hellip;]\" \/>\n<meta property=\"og:url\" content=\"https:\/\/nuevodigitaldeescobar.com.ar\/?p=14087\" \/>\n<meta property=\"og:site_name\" content=\"Nuevo Digital de Escobar\" \/>\n<meta property=\"article:publisher\" content=\"https:\/\/www.facebook.com\/NUEVODigitalDeEscobar\" \/>\n<meta property=\"article:published_time\" content=\"2025-04-23T15:20:20+00:00\" \/>\n<meta property=\"article:modified_time\" content=\"2025-04-24T00:41:52+00:00\" \/>\n<meta property=\"og:image\" content=\"https:\/\/nuevodigitaldeescobar.com.ar\/wp-content\/uploads\/2025\/04\/931007-moretti_1600_1067-fLcEJy.jpeg\" \/>\n\t<meta property=\"og:image:width\" content=\"1600\" \/>\n\t<meta property=\"og:image:height\" content=\"1067\" \/>\n\t<meta property=\"og:image:type\" content=\"image\/jpeg\" \/>\n<meta name=\"author\" content=\"Redacci\u00f3n\" \/>\n<meta name=\"twitter:card\" content=\"summary_large_image\" \/>\n<meta name=\"twitter:creator\" content=\"@nuevodigescobar\" \/>\n<meta name=\"twitter:site\" content=\"@nuevodigescobar\" \/>\n<meta name=\"twitter:label1\" content=\"Escrito por\" \/>\n\t<meta name=\"twitter:data1\" content=\"Redacci\u00f3n\" \/>\n\t<meta name=\"twitter:label2\" content=\"Tiempo de lectura\" \/>\n\t<meta name=\"twitter:data2\" content=\"3 minutos\" \/>\n<script type=\"application\/ld+json\" class=\"yoast-schema-graph\">{\"@context\":\"https:\/\/schema.org\",\"@graph\":[{\"@type\":\"Article\",\"@id\":\"https:\/\/nuevodigitaldeescobar.com.ar\/?p=14087#article\",\"isPartOf\":{\"@id\":\"https:\/\/nuevodigitaldeescobar.com.ar\/?p=14087\"},\"author\":{\"name\":\"Redacci\u00f3n\",\"@id\":\"https:\/\/nuevodigitaldeescobar.com.ar\/#\/schema\/person\/035e90a8efe9a80e6eec22656ad6ea4c\"},\"headline\":\"Esc\u00e1ndalo en San Lorenzo: Marcelo Moretti se tom\u00f3 licencia por las presuntas coimas\",\"datePublished\":\"2025-04-23T15:20:20+00:00\",\"dateModified\":\"2025-04-24T00:41:52+00:00\",\"mainEntityOfPage\":{\"@id\":\"https:\/\/nuevodigitaldeescobar.com.ar\/?p=14087\"},\"wordCount\":708,\"commentCount\":0,\"publisher\":{\"@id\":\"https:\/\/nuevodigitaldeescobar.com.ar\/#organization\"},\"image\":{\"@id\":\"https:\/\/nuevodigitaldeescobar.com.ar\/?p=14087#primaryimage\"},\"thumbnailUrl\":\"https:\/\/nuevodigitaldeescobar.com.ar\/wp-content\/uploads\/2025\/04\/931007-moretti_1600_1067-fLcEJy.jpeg\",\"articleSection\":[\"Deportes\"],\"inLanguage\":\"es\",\"potentialAction\":[{\"@type\":\"CommentAction\",\"name\":\"Comment\",\"target\":[\"https:\/\/nuevodigitaldeescobar.com.ar\/?p=14087#respond\"]}]},{\"@type\":\"WebPage\",\"@id\":\"https:\/\/nuevodigitaldeescobar.com.ar\/?p=14087\",\"url\":\"https:\/\/nuevodigitaldeescobar.com.ar\/?p=14087\",\"name\":\"Esc\u00e1ndalo en San Lorenzo: Marcelo Moretti se tom\u00f3 licencia por las presuntas coimas - Nuevo Digital de Escobar\",\"isPartOf\":{\"@id\":\"https:\/\/nuevodigitaldeescobar.com.ar\/#website\"},\"primaryImageOfPage\":{\"@id\":\"https:\/\/nuevodigitaldeescobar.com.ar\/?p=14087#primaryimage\"},\"image\":{\"@id\":\"https:\/\/nuevodigitaldeescobar.com.ar\/?p=14087#primaryimage\"},\"thumbnailUrl\":\"https:\/\/nuevodigitaldeescobar.com.ar\/wp-content\/uploads\/2025\/04\/931007-moretti_1600_1067-fLcEJy.jpeg\",\"datePublished\":\"2025-04-23T15:20:20+00:00\",\"dateModified\":\"2025-04-24T00:41:52+00:00\",\"breadcrumb\":{\"@id\":\"https:\/\/nuevodigitaldeescobar.com.ar\/?p=14087#breadcrumb\"},\"inLanguage\":\"es\",\"potentialAction\":[{\"@type\":\"ReadAction\",\"target\":[\"https:\/\/nuevodigitaldeescobar.com.ar\/?p=14087\"]}]},{\"@type\":\"ImageObject\",\"inLanguage\":\"es\",\"@id\":\"https:\/\/nuevodigitaldeescobar.com.ar\/?p=14087#primaryimage\",\"url\":\"https:\/\/nuevodigitaldeescobar.com.ar\/wp-content\/uploads\/2025\/04\/931007-moretti_1600_1067-fLcEJy.jpeg\",\"contentUrl\":\"https:\/\/nuevodigitaldeescobar.com.ar\/wp-content\/uploads\/2025\/04\/931007-moretti_1600_1067-fLcEJy.jpeg\",\"width\":1600,\"height\":1067},{\"@type\":\"BreadcrumbList\",\"@id\":\"https:\/\/nuevodigitaldeescobar.com.ar\/?p=14087#breadcrumb\",\"itemListElement\":[{\"@type\":\"ListItem\",\"position\":1,\"name\":\"Portada\",\"item\":\"https:\/\/nuevodigitaldeescobar.com.ar\/\"},{\"@type\":\"ListItem\",\"position\":2,\"name\":\"Esc\u00e1ndalo en San Lorenzo: Marcelo Moretti se tom\u00f3 licencia por las presuntas coimas\"}]},{\"@type\":\"WebSite\",\"@id\":\"https:\/\/nuevodigitaldeescobar.com.ar\/#website\",\"url\":\"https:\/\/nuevodigitaldeescobar.com.ar\/\",\"name\":\"Nuevo Digital de Escobar\",\"description\":\"La vida escobarense. Directora: Rosana Brunner\",\"publisher\":{\"@id\":\"https:\/\/nuevodigitaldeescobar.com.ar\/#organization\"},\"potentialAction\":[{\"@type\":\"SearchAction\",\"target\":{\"@type\":\"EntryPoint\",\"urlTemplate\":\"https:\/\/nuevodigitaldeescobar.com.ar\/?s={search_term_string}\"},\"query-input\":{\"@type\":\"PropertyValueSpecification\",\"valueRequired\":true,\"valueName\":\"search_term_string\"}}],\"inLanguage\":\"es\"},{\"@type\":\"Organization\",\"@id\":\"https:\/\/nuevodigitaldeescobar.com.ar\/#organization\",\"name\":\"Nuevo Digital de Escobar\",\"url\":\"https:\/\/nuevodigitaldeescobar.com.ar\/\",\"logo\":{\"@type\":\"ImageObject\",\"inLanguage\":\"es\",\"@id\":\"https:\/\/nuevodigitaldeescobar.com.ar\/#\/schema\/logo\/image\/\",\"url\":\"https:\/\/nuevodigitaldeescobar.com.ar\/wp-content\/uploads\/2025\/05\/cropped-logo-nuevo2.jpg\",\"contentUrl\":\"https:\/\/nuevodigitaldeescobar.com.ar\/wp-content\/uploads\/2025\/05\/cropped-logo-nuevo2.jpg\",\"width\":305,\"height\":305,\"caption\":\"Nuevo Digital de Escobar\"},\"image\":{\"@id\":\"https:\/\/nuevodigitaldeescobar.com.ar\/#\/schema\/logo\/image\/\"},\"sameAs\":[\"https:\/\/www.facebook.com\/NUEVODigitalDeEscobar\",\"https:\/\/x.com\/nuevodigescobar\",\"https:\/\/www.instagram.com\/nuevodigitaldeescobar\"]},{\"@type\":\"Person\",\"@id\":\"https:\/\/nuevodigitaldeescobar.com.ar\/#\/schema\/person\/035e90a8efe9a80e6eec22656ad6ea4c\",\"name\":\"Redacci\u00f3n\",\"image\":{\"@type\":\"ImageObject\",\"inLanguage\":\"es\",\"@id\":\"https:\/\/nuevodigitaldeescobar.com.ar\/#\/schema\/person\/image\/\",\"url\":\"https:\/\/secure.gravatar.com\/avatar\/8af8f40000c24e9eef3034f2be5998a372bb1389e64b1a4a36b3a7979142220d?s=96&d=mm&r=g\",\"contentUrl\":\"https:\/\/secure.gravatar.com\/avatar\/8af8f40000c24e9eef3034f2be5998a372bb1389e64b1a4a36b3a7979142220d?s=96&d=mm&r=g\",\"caption\":\"Redacci\u00f3n\"},\"sameAs\":[\"http:\/\/nuevodigitaldeescobar.com.ar\"],\"url\":\"https:\/\/nuevodigitaldeescobar.com.ar\/?author=1\"}]}<\/script>\n<!-- \/ Yoast SEO plugin. -->","yoast_head_json":{"title":"Esc\u00e1ndalo en San Lorenzo: Marcelo Moretti se tom\u00f3 licencia por las presuntas coimas - Nuevo Digital de Escobar","robots":{"index":"index","follow":"follow","max-snippet":"max-snippet:-1","max-image-preview":"max-image-preview:large","max-video-preview":"max-video-preview:-1"},"canonical":"https:\/\/nuevodigitaldeescobar.com.ar\/?p=14087","og_locale":"es_ES","og_type":"article","og_title":"Esc\u00e1ndalo en San Lorenzo: Marcelo Moretti se tom\u00f3 licencia por las presuntas coimas - Nuevo Digital de Escobar","og_description":"San Lorenzo qued\u00f3 en el centro de la pol\u00e9mica luego de que Canal 9 difundiera una c\u00e1mara oculta en la que se ve al presidente [&hellip;]","og_url":"https:\/\/nuevodigitaldeescobar.com.ar\/?p=14087","og_site_name":"Nuevo Digital de Escobar","article_publisher":"https:\/\/www.facebook.com\/NUEVODigitalDeEscobar","article_published_time":"2025-04-23T15:20:20+00:00","article_modified_time":"2025-04-24T00:41:52+00:00","og_image":[{"width":1600,"height":1067,"url":"https:\/\/nuevodigitaldeescobar.com.ar\/wp-content\/uploads\/2025\/04\/931007-moretti_1600_1067-fLcEJy.jpeg","type":"image\/jpeg"}],"author":"Redacci\u00f3n","twitter_card":"summary_large_image","twitter_creator":"@nuevodigescobar","twitter_site":"@nuevodigescobar","twitter_misc":{"Escrito por":"Redacci\u00f3n","Tiempo de lectura":"3 minutos"},"schema":{"@context":"https:\/\/schema.org","@graph":[{"@type":"Article","@id":"https:\/\/nuevodigitaldeescobar.com.ar\/?p=14087#article","isPartOf":{"@id":"https:\/\/nuevodigitaldeescobar.com.ar\/?p=14087"},"author":{"name":"Redacci\u00f3n","@id":"https:\/\/nuevodigitaldeescobar.com.ar\/#\/schema\/person\/035e90a8efe9a80e6eec22656ad6ea4c"},"headline":"Esc\u00e1ndalo en San Lorenzo: Marcelo Moretti se tom\u00f3 licencia por las presuntas coimas","datePublished":"2025-04-23T15:20:20+00:00","dateModified":"2025-04-24T00:41:52+00:00","mainEntityOfPage":{"@id":"https:\/\/nuevodigitaldeescobar.com.ar\/?p=14087"},"wordCount":708,"commentCount":0,"publisher":{"@id":"https:\/\/nuevodigitaldeescobar.com.ar\/#organization"},"image":{"@id":"https:\/\/nuevodigitaldeescobar.com.ar\/?p=14087#primaryimage"},"thumbnailUrl":"https:\/\/nuevodigitaldeescobar.com.ar\/wp-content\/uploads\/2025\/04\/931007-moretti_1600_1067-fLcEJy.jpeg","articleSection":["Deportes"],"inLanguage":"es","potentialAction":[{"@type":"CommentAction","name":"Comment","target":["https:\/\/nuevodigitaldeescobar.com.ar\/?p=14087#respond"]}]},{"@type":"WebPage","@id":"https:\/\/nuevodigitaldeescobar.com.ar\/?p=14087","url":"https:\/\/nuevodigitaldeescobar.com.ar\/?p=14087","name":"Esc\u00e1ndalo en San Lorenzo: Marcelo Moretti se tom\u00f3 licencia por las presuntas coimas - Nuevo Digital de Escobar","isPartOf":{"@id":"https:\/\/nuevodigitaldeescobar.com.ar\/#website"},"primaryImageOfPage":{"@id":"https:\/\/nuevodigitaldeescobar.com.ar\/?p=14087#primaryimage"},"image":{"@id":"https:\/\/nuevodigitaldeescobar.com.ar\/?p=14087#primaryimage"},"thumbnailUrl":"https:\/\/nuevodigitaldeescobar.com.ar\/wp-content\/uploads\/2025\/04\/931007-moretti_1600_1067-fLcEJy.jpeg","datePublished":"2025-04-23T15:20:20+00:00","dateModified":"2025-04-24T00:41:52+00:00","breadcrumb":{"@id":"https:\/\/nuevodigitaldeescobar.com.ar\/?p=14087#breadcrumb"},"inLanguage":"es","potentialAction":[{"@type":"ReadAction","target":["https:\/\/nuevodigitaldeescobar.com.ar\/?p=14087"]}]},{"@type":"ImageObject","inLanguage":"es","@id":"https:\/\/nuevodigitaldeescobar.com.ar\/?p=14087#primaryimage","url":"https:\/\/nuevodigitaldeescobar.com.ar\/wp-content\/uploads\/2025\/04\/931007-moretti_1600_1067-fLcEJy.jpeg","contentUrl":"https:\/\/nuevodigitaldeescobar.com.ar\/wp-content\/uploads\/2025\/04\/931007-moretti_1600_1067-fLcEJy.jpeg","width":1600,"height":1067},{"@type":"BreadcrumbList","@id":"https:\/\/nuevodigitaldeescobar.com.ar\/?p=14087#breadcrumb","itemListElement":[{"@type":"ListItem","position":1,"name":"Portada","item":"https:\/\/nuevodigitaldeescobar.com.ar\/"},{"@type":"ListItem","position":2,"name":"Esc\u00e1ndalo en San Lorenzo: Marcelo Moretti se tom\u00f3 licencia por las presuntas coimas"}]},{"@type":"WebSite","@id":"https:\/\/nuevodigitaldeescobar.com.ar\/#website","url":"https:\/\/nuevodigitaldeescobar.com.ar\/","name":"Nuevo Digital de Escobar","description":"La vida escobarense. Directora: Rosana Brunner","publisher":{"@id":"https:\/\/nuevodigitaldeescobar.com.ar\/#organization"},"potentialAction":[{"@type":"SearchAction","target":{"@type":"EntryPoint","urlTemplate":"https:\/\/nuevodigitaldeescobar.com.ar\/?s={search_term_string}"},"query-input":{"@type":"PropertyValueSpecification","valueRequired":true,"valueName":"search_term_string"}}],"inLanguage":"es"},{"@type":"Organization","@id":"https:\/\/nuevodigitaldeescobar.com.ar\/#organization","name":"Nuevo Digital de Escobar","url":"https:\/\/nuevodigitaldeescobar.com.ar\/","logo":{"@type":"ImageObject","inLanguage":"es","@id":"https:\/\/nuevodigitaldeescobar.com.ar\/#\/schema\/logo\/image\/","url":"https:\/\/nuevodigitaldeescobar.com.ar\/wp-content\/uploads\/2025\/05\/cropped-logo-nuevo2.jpg","contentUrl":"https:\/\/nuevodigitaldeescobar.com.ar\/wp-content\/uploads\/2025\/05\/cropped-logo-nuevo2.jpg","width":305,"height":305,"caption":"Nuevo Digital de Escobar"},"image":{"@id":"https:\/\/nuevodigitaldeescobar.com.ar\/#\/schema\/logo\/image\/"},"sameAs":["https:\/\/www.facebook.com\/NUEVODigitalDeEscobar","https:\/\/x.com\/nuevodigescobar","https:\/\/www.instagram.com\/nuevodigitaldeescobar"]},{"@type":"Person","@id":"https:\/\/nuevodigitaldeescobar.com.ar\/#\/schema\/person\/035e90a8efe9a80e6eec22656ad6ea4c","name":"Redacci\u00f3n","image":{"@type":"ImageObject","inLanguage":"es","@id":"https:\/\/nuevodigitaldeescobar.com.ar\/#\/schema\/person\/image\/","url":"https:\/\/secure.gravatar.com\/avatar\/8af8f40000c24e9eef3034f2be5998a372bb1389e64b1a4a36b3a7979142220d?s=96&d=mm&r=g","contentUrl":"https:\/\/secure.gravatar.com\/avatar\/8af8f40000c24e9eef3034f2be5998a372bb1389e64b1a4a36b3a7979142220d?s=96&d=mm&r=g","caption":"Redacci\u00f3n"},"sameAs":["http:\/\/nuevodigitaldeescobar.com.ar"],"url":"https:\/\/nuevodigitaldeescobar.com.ar\/?author=1"}]}},"featured_image_urls":{"full":["https:\/\/nuevodigitaldeescobar.com.ar\/wp-content\/uploads\/2025\/04\/931007-moretti_1600_1067-fLcEJy.jpeg",1600,1067,false],"thumbnail":["https:\/\/nuevodigitaldeescobar.com.ar\/wp-content\/uploads\/2025\/04\/931007-moretti_1600_1067-fLcEJy-150x150.jpeg",150,150,true],"medium":["https:\/\/nuevodigitaldeescobar.com.ar\/wp-content\/uploads\/2025\/04\/931007-moretti_1600_1067-fLcEJy-300x200.jpeg",300,200,true],"medium_large":["https:\/\/nuevodigitaldeescobar.com.ar\/wp-content\/uploads\/2025\/04\/931007-moretti_1600_1067-fLcEJy-768x512.jpeg",640,427,true],"large":["https:\/\/nuevodigitaldeescobar.com.ar\/wp-content\/uploads\/2025\/04\/931007-moretti_1600_1067-fLcEJy-1024x683.jpeg",640,427,true],"1536x1536":["https:\/\/nuevodigitaldeescobar.com.ar\/wp-content\/uploads\/2025\/04\/931007-moretti_1600_1067-fLcEJy-1536x1024.jpeg",1536,1024,true],"2048x2048":["https:\/\/nuevodigitaldeescobar.com.ar\/wp-content\/uploads\/2025\/04\/931007-moretti_1600_1067-fLcEJy.jpeg",1600,1067,false]},"author_info":{"display_name":"Redacci\u00f3n","author_link":"https:\/\/nuevodigitaldeescobar.com.ar\/?author=1"},"category_info":"<a href=\"https:\/\/nuevodigitaldeescobar.com.ar\/?cat=8\" rel=\"category\">Deportes<\/a>","tag_info":"Deportes","comment_count":"0","_links":{"self":[{"href":"https:\/\/nuevodigitaldeescobar.com.ar\/index.php?rest_route=\/wp\/v2\/posts\/14087","targetHints":{"allow":["GET"]}}],"collection":[{"href":"https:\/\/nuevodigitaldeescobar.com.ar\/index.php?rest_route=\/wp\/v2\/posts"}],"about":[{"href":"https:\/\/nuevodigitaldeescobar.com.ar\/index.php?rest_route=\/wp\/v2\/types\/post"}],"author":[{"embeddable":true,"href":"https:\/\/nuevodigitaldeescobar.com.ar\/index.php?rest_route=\/wp\/v2\/users\/1"}],"replies":[{"embeddable":true,"href":"https:\/\/nuevodigitaldeescobar.com.ar\/index.php?rest_route=%2Fwp%2Fv2%2Fcomments&post=14087"}],"version-history":[{"count":1,"href":"https:\/\/nuevodigitaldeescobar.com.ar\/index.php?rest_route=\/wp\/v2\/posts\/14087\/revisions"}],"predecessor-version":[{"id":14100,"href":"https:\/\/nuevodigitaldeescobar.com.ar\/index.php?rest_route=\/wp\/v2\/posts\/14087\/revisions\/14100"}],"wp:featuredmedia":[{"embeddable":true,"href":"https:\/\/nuevodigitaldeescobar.com.ar\/index.php?rest_route=\/wp\/v2\/media\/14088"}],"wp:attachment":[{"href":"https:\/\/nuevodigitaldeescobar.com.ar\/index.php?rest_route=%2Fwp%2Fv2%2Fmedia&parent=14087"}],"wp:term":[{"taxonomy":"category","embeddable":true,"href":"https:\/\/nuevodigitaldeescobar.com.ar\/index.php?rest_route=%2Fwp%2Fv2%2Fcategories&post=14087"},{"taxonomy":"post_tag","embeddable":true,"href":"https:\/\/nuevodigitaldeescobar.com.ar\/index.php?rest_route=%2Fwp%2Fv2%2Ftags&post=14087"}],"curies":[{"name":"wp","href":"https:\/\/api.w.org\/{rel}","templated":true}]}}