{"id":14111,"date":"2025-04-24T13:20:21","date_gmt":"2025-04-24T16:20:21","guid":{"rendered":"https:\/\/nuevodigitaldeescobar.com.ar\/?p=14111"},"modified":"2025-04-24T15:14:30","modified_gmt":"2025-04-24T18:14:30","slug":"escandalo-en-san-lorenzo-aparecen-nuevos-audios-de-las-coimas-de-moretti","status":"publish","type":"post","link":"https:\/\/nuevodigitaldeescobar.com.ar\/?p=14111","title":{"rendered":"Esc\u00e1ndalo en San Lorenzo: aparecen nuevos audios de las coimas de Moretti"},"content":{"rendered":"\n<p>El presidente de San Lorenzo, \u00a0<strong>Marcelo Moretti<\/strong>, ya enfrentaba causas penales y un proceso en el Tribunal de \u00c9tica de la AFA debido a una <strong><a href=\"https:\/\/derechadiario.com.ar\/deportes\/esandalo-san-lorenzo-plata-negra-que-recibio-marcelo-moretti-por-fichar-juvenil\" title=\"Esc\u00e1ndalo en San Lorenzo: hacen c\u00e1mara oculta a Marcelo Moretti tomando plata negra\">c\u00e1mara oculta<\/a><\/strong> que lo mostr\u00f3 <strong>recibiendo 25 mil d\u00f3lares por parte de la madre de un joven jugador<\/strong>. Su situaci\u00f3n se complic\u00f3 a\u00fan m\u00e1s tras la difusi\u00f3n de nuevos audios.<\/p>\n<p>En el primero de los mensajes de voz, se puede o\u00edr a <strong>Mar\u00eda Jos\u00e9 Scottini<\/strong>, la mujer que aparece en el video entreg\u00e1ndole el dinero al dirigente, \u00a0<strong>burl\u00e1ndose del momento en que Moretti toma los billetes y los guarda en el bolsillo interno del saco sin contarlos<\/strong>.<\/p>\n<p>\u00ab<strong><em>Me caus\u00f3 gracia todo. \u00a1Manote\u00f3 la plata y se la meti\u00f3 adentro del traje! \u00bfVos viste la desesperaci\u00f3n? Nada, fue Mundial eso<\/em><\/strong>\u00ab, le comenta a su interlocutor, quien, seg\u00fan el conductor Tom\u00e1s M\u00e9ndez, ser\u00eda uno de sus asistentes.<\/p>\n<div class=\"inter_image image_horizontal\">\n<div>\n<span class=\"img_footer\">El momento en el que Moretti se guarda los 25 mil d\u00f3lares <\/span>| \n<\/div>\n<p>En otro audio, <strong>Scottini le comenta a la persona con la que dialoga que entregar\u00e1 en mano los 5.000 d\u00f3lares restantes del acuerdo directamente a Moretti, sin la intervenci\u00f3n de <a href=\"https:\/\/derechadiario.com.ar\/deportes\/escandalo-san-lorenzo-gobierno-despidio-al-funcionario-que-aparecio-video\" title=\"Esc\u00e1ndalo en San Lorenzo: El Gobierno despidi\u00f3 al funcionario que apareci\u00f3 en el video\">Francisco S\u00e1nchez Gamino<\/a><\/strong>. Este \u00faltimo era director de Estudios para el Desarrollo Nacional, bajo la \u00f3rbita de la Jefatura de Gabinete, y fue apartado de su cargo tras la difusi\u00f3n de las im\u00e1genes.<\/p>\n<p>\u00ab<em><strong>Los voy a cagar con esos 5.000 d\u00f3lares. Ahora que vamos a empezar a ir para all\u00e1, para Boedo, tengo que arreglar la casa, arreglar el estudio de radio, lo voy a ir a ver seguido a Moretti. Le voy a decir: \u2018Tom\u00e1, esto es lo que te deb\u00eda\u2019. \u00bfSab\u00e9s c\u00f3mo se lo va a meter dentro del traje otra vez ese?<\/strong><\/em>\u00ab, remarc\u00f3 Scottini.<\/p>\n\n<h2><strong>La Comisi\u00f3n Directiva acept\u00f3 la licencia de Moretti<\/strong><\/h2>\n<p>La dirigencia de San Lorenzo aprob\u00f3 <a href=\"https:\/\/derechadiario.com.ar\/deportes\/escandalo-san-lorenzo-marcelo-moretti-se-tomo-licencia-por-las-presuntas-coimas\" title=\"Esc\u00e1ndalo en San Lorenzo: Marcelo Moretti se tom\u00f3 licencia por las presuntas coimas\"><strong>el pedido de licencia<\/strong><\/a> solicitado por Marcelo Moretti, quien se encuentra comprometido judicialmente por una denuncia en su contra por presunto cobro de sobornos.<\/p>\n<p>\u00ab<strong><em>Todo se deber\u00e1 esclarecer en la Justicia ordinaria, donde el Club se presentar\u00e1 como querellante en la causa, y tambi\u00e9n en el Tribunal de \u00c9tica<\/em><\/strong>\u00ab, se\u00f1al\u00f3 el comunicado oficial difundido por la entidad azulgrana en sus redes.<\/p>\n<p>Tambi\u00e9n se destac\u00f3 en el mensaje que se buscar\u00e1 \u00ab<strong><em>que todos los sectores pol\u00edticos representados en Comisi\u00f3n Directiva participen en este momento que atraviesa la instituci\u00f3n<\/em><\/strong>\u00ab.<\/p>\n","protected":false},"excerpt":{"rendered":"<p>El presidente de San Lorenzo, \u00a0Marcelo Moretti, ya enfrentaba causas penales y un proceso en el Tribunal de \u00c9tica de la AFA debido a una [&hellip;]<\/p>\n","protected":false},"author":1,"featured_media":14112,"comment_status":"open","ping_status":"open","sticky":false,"template":"","format":"standard","meta":{"footnotes":""},"categories":[8],"tags":[],"class_list":["post-14111","post","type-post","status-publish","format-standard","has-post-thumbnail","hentry","category-deportes"],"better_featured_image":{"id":14112,"alt_text":"","caption":"","description":"","media_type":"image","media_details":{"width":1600,"height":1067,"file":"2025\/04\/marcelo-moretti-san-lorenzojpg_1600_1067-ckmsXN.jpeg","filesize":86566,"sizes":{"medium":{"file":"marcelo-moretti-san-lorenzojpg_1600_1067-ckmsXN-300x200.jpeg","width":300,"height":200,"mime-type":"image\/jpeg","filesize":10712,"source_url":"https:\/\/nuevodigitaldeescobar.com.ar\/wp-content\/uploads\/2025\/04\/marcelo-moretti-san-lorenzojpg_1600_1067-ckmsXN-300x200.jpeg"},"large":{"file":"marcelo-moretti-san-lorenzojpg_1600_1067-ckmsXN-1024x683.jpeg","width":1024,"height":683,"mime-type":"image\/jpeg","filesize":67321,"source_url":"https:\/\/nuevodigitaldeescobar.com.ar\/wp-content\/uploads\/2025\/04\/marcelo-moretti-san-lorenzojpg_1600_1067-ckmsXN-1024x683.jpeg"},"thumbnail":{"file":"marcelo-moretti-san-lorenzojpg_1600_1067-ckmsXN-150x150.jpeg","width":150,"height":150,"mime-type":"image\/jpeg","filesize":6149,"source_url":"https:\/\/nuevodigitaldeescobar.com.ar\/wp-content\/uploads\/2025\/04\/marcelo-moretti-san-lorenzojpg_1600_1067-ckmsXN-150x150.jpeg"},"medium_large":{"file":"marcelo-moretti-san-lorenzojpg_1600_1067-ckmsXN-768x512.jpeg","width":768,"height":512,"mime-type":"image\/jpeg","filesize":43809,"source_url":"https:\/\/nuevodigitaldeescobar.com.ar\/wp-content\/uploads\/2025\/04\/marcelo-moretti-san-lorenzojpg_1600_1067-ckmsXN-768x512.jpeg"},"1536x1536":{"file":"marcelo-moretti-san-lorenzojpg_1600_1067-ckmsXN-1536x1024.jpeg","width":1536,"height":1024,"mime-type":"image\/jpeg","filesize":121316,"source_url":"https:\/\/nuevodigitaldeescobar.com.ar\/wp-content\/uploads\/2025\/04\/marcelo-moretti-san-lorenzojpg_1600_1067-ckmsXN-1536x1024.jpeg"}},"image_meta":{"aperture":"0","credit":"","camera":"","caption":"","created_timestamp":"0","copyright":"","focal_length":"0","iso":"0","shutter_speed":"0","title":"","orientation":"0","keywords":[]}},"post":14111,"source_url":"https:\/\/nuevodigitaldeescobar.com.ar\/wp-content\/uploads\/2025\/04\/marcelo-moretti-san-lorenzojpg_1600_1067-ckmsXN.jpeg"},"yoast_head":"<!-- This site is optimized with the Yoast SEO plugin v26.1.1 - https:\/\/yoast.com\/wordpress\/plugins\/seo\/ -->\n<title>Esc\u00e1ndalo en San Lorenzo: aparecen nuevos audios de las coimas de Moretti - Nuevo Digital de Escobar<\/title>\n<meta name=\"robots\" content=\"index, follow, max-snippet:-1, max-image-preview:large, max-video-preview:-1\" \/>\n<link rel=\"canonical\" href=\"https:\/\/nuevodigitaldeescobar.com.ar\/?p=14111\" \/>\n<meta property=\"og:locale\" content=\"es_ES\" \/>\n<meta property=\"og:type\" content=\"article\" \/>\n<meta property=\"og:title\" content=\"Esc\u00e1ndalo en San Lorenzo: aparecen nuevos audios de las coimas de Moretti - Nuevo Digital de Escobar\" \/>\n<meta property=\"og:description\" content=\"El presidente de San Lorenzo, \u00a0Marcelo Moretti, ya enfrentaba causas penales y un proceso en el Tribunal de \u00c9tica de la AFA debido a una [&hellip;]\" \/>\n<meta property=\"og:url\" content=\"https:\/\/nuevodigitaldeescobar.com.ar\/?p=14111\" \/>\n<meta property=\"og:site_name\" content=\"Nuevo Digital de Escobar\" \/>\n<meta property=\"article:publisher\" content=\"https:\/\/www.facebook.com\/NUEVODigitalDeEscobar\" \/>\n<meta property=\"article:published_time\" content=\"2025-04-24T16:20:21+00:00\" \/>\n<meta property=\"article:modified_time\" content=\"2025-04-24T18:14:30+00:00\" \/>\n<meta property=\"og:image\" content=\"https:\/\/nuevodigitaldeescobar.com.ar\/wp-content\/uploads\/2025\/04\/marcelo-moretti-san-lorenzojpg_1600_1067-ckmsXN.jpeg\" \/>\n\t<meta property=\"og:image:width\" content=\"1600\" \/>\n\t<meta property=\"og:image:height\" content=\"1067\" \/>\n\t<meta property=\"og:image:type\" content=\"image\/jpeg\" \/>\n<meta name=\"author\" content=\"Redacci\u00f3n\" \/>\n<meta name=\"twitter:card\" content=\"summary_large_image\" \/>\n<meta name=\"twitter:creator\" content=\"@nuevodigescobar\" \/>\n<meta name=\"twitter:site\" content=\"@nuevodigescobar\" \/>\n<meta name=\"twitter:label1\" content=\"Escrito por\" \/>\n\t<meta name=\"twitter:data1\" content=\"Redacci\u00f3n\" \/>\n\t<meta name=\"twitter:label2\" content=\"Tiempo de lectura\" \/>\n\t<meta name=\"twitter:data2\" content=\"2 minutos\" \/>\n<script type=\"application\/ld+json\" class=\"yoast-schema-graph\">{\"@context\":\"https:\/\/schema.org\",\"@graph\":[{\"@type\":\"Article\",\"@id\":\"https:\/\/nuevodigitaldeescobar.com.ar\/?p=14111#article\",\"isPartOf\":{\"@id\":\"https:\/\/nuevodigitaldeescobar.com.ar\/?p=14111\"},\"author\":{\"name\":\"Redacci\u00f3n\",\"@id\":\"https:\/\/nuevodigitaldeescobar.com.ar\/#\/schema\/person\/035e90a8efe9a80e6eec22656ad6ea4c\"},\"headline\":\"Esc\u00e1ndalo en San Lorenzo: aparecen nuevos audios de las coimas de Moretti\",\"datePublished\":\"2025-04-24T16:20:21+00:00\",\"dateModified\":\"2025-04-24T18:14:30+00:00\",\"mainEntityOfPage\":{\"@id\":\"https:\/\/nuevodigitaldeescobar.com.ar\/?p=14111\"},\"wordCount\":421,\"commentCount\":0,\"publisher\":{\"@id\":\"https:\/\/nuevodigitaldeescobar.com.ar\/#organization\"},\"image\":{\"@id\":\"https:\/\/nuevodigitaldeescobar.com.ar\/?p=14111#primaryimage\"},\"thumbnailUrl\":\"https:\/\/nuevodigitaldeescobar.com.ar\/wp-content\/uploads\/2025\/04\/marcelo-moretti-san-lorenzojpg_1600_1067-ckmsXN.jpeg\",\"articleSection\":[\"Deportes\"],\"inLanguage\":\"es\",\"potentialAction\":[{\"@type\":\"CommentAction\",\"name\":\"Comment\",\"target\":[\"https:\/\/nuevodigitaldeescobar.com.ar\/?p=14111#respond\"]}]},{\"@type\":\"WebPage\",\"@id\":\"https:\/\/nuevodigitaldeescobar.com.ar\/?p=14111\",\"url\":\"https:\/\/nuevodigitaldeescobar.com.ar\/?p=14111\",\"name\":\"Esc\u00e1ndalo en San Lorenzo: aparecen nuevos audios de las coimas de Moretti - Nuevo Digital de Escobar\",\"isPartOf\":{\"@id\":\"https:\/\/nuevodigitaldeescobar.com.ar\/#website\"},\"primaryImageOfPage\":{\"@id\":\"https:\/\/nuevodigitaldeescobar.com.ar\/?p=14111#primaryimage\"},\"image\":{\"@id\":\"https:\/\/nuevodigitaldeescobar.com.ar\/?p=14111#primaryimage\"},\"thumbnailUrl\":\"https:\/\/nuevodigitaldeescobar.com.ar\/wp-content\/uploads\/2025\/04\/marcelo-moretti-san-lorenzojpg_1600_1067-ckmsXN.jpeg\",\"datePublished\":\"2025-04-24T16:20:21+00:00\",\"dateModified\":\"2025-04-24T18:14:30+00:00\",\"breadcrumb\":{\"@id\":\"https:\/\/nuevodigitaldeescobar.com.ar\/?p=14111#breadcrumb\"},\"inLanguage\":\"es\",\"potentialAction\":[{\"@type\":\"ReadAction\",\"target\":[\"https:\/\/nuevodigitaldeescobar.com.ar\/?p=14111\"]}]},{\"@type\":\"ImageObject\",\"inLanguage\":\"es\",\"@id\":\"https:\/\/nuevodigitaldeescobar.com.ar\/?p=14111#primaryimage\",\"url\":\"https:\/\/nuevodigitaldeescobar.com.ar\/wp-content\/uploads\/2025\/04\/marcelo-moretti-san-lorenzojpg_1600_1067-ckmsXN.jpeg\",\"contentUrl\":\"https:\/\/nuevodigitaldeescobar.com.ar\/wp-content\/uploads\/2025\/04\/marcelo-moretti-san-lorenzojpg_1600_1067-ckmsXN.jpeg\",\"width\":1600,\"height\":1067},{\"@type\":\"BreadcrumbList\",\"@id\":\"https:\/\/nuevodigitaldeescobar.com.ar\/?p=14111#breadcrumb\",\"itemListElement\":[{\"@type\":\"ListItem\",\"position\":1,\"name\":\"Portada\",\"item\":\"https:\/\/nuevodigitaldeescobar.com.ar\/\"},{\"@type\":\"ListItem\",\"position\":2,\"name\":\"Esc\u00e1ndalo en San Lorenzo: aparecen nuevos audios de las coimas de Moretti\"}]},{\"@type\":\"WebSite\",\"@id\":\"https:\/\/nuevodigitaldeescobar.com.ar\/#website\",\"url\":\"https:\/\/nuevodigitaldeescobar.com.ar\/\",\"name\":\"Nuevo Digital de Escobar\",\"description\":\"La vida escobarense. Directora: Rosana Brunner\",\"publisher\":{\"@id\":\"https:\/\/nuevodigitaldeescobar.com.ar\/#organization\"},\"potentialAction\":[{\"@type\":\"SearchAction\",\"target\":{\"@type\":\"EntryPoint\",\"urlTemplate\":\"https:\/\/nuevodigitaldeescobar.com.ar\/?s={search_term_string}\"},\"query-input\":{\"@type\":\"PropertyValueSpecification\",\"valueRequired\":true,\"valueName\":\"search_term_string\"}}],\"inLanguage\":\"es\"},{\"@type\":\"Organization\",\"@id\":\"https:\/\/nuevodigitaldeescobar.com.ar\/#organization\",\"name\":\"Nuevo Digital de Escobar\",\"url\":\"https:\/\/nuevodigitaldeescobar.com.ar\/\",\"logo\":{\"@type\":\"ImageObject\",\"inLanguage\":\"es\",\"@id\":\"https:\/\/nuevodigitaldeescobar.com.ar\/#\/schema\/logo\/image\/\",\"url\":\"https:\/\/nuevodigitaldeescobar.com.ar\/wp-content\/uploads\/2025\/05\/cropped-logo-nuevo2.jpg\",\"contentUrl\":\"https:\/\/nuevodigitaldeescobar.com.ar\/wp-content\/uploads\/2025\/05\/cropped-logo-nuevo2.jpg\",\"width\":305,\"height\":305,\"caption\":\"Nuevo Digital de Escobar\"},\"image\":{\"@id\":\"https:\/\/nuevodigitaldeescobar.com.ar\/#\/schema\/logo\/image\/\"},\"sameAs\":[\"https:\/\/www.facebook.com\/NUEVODigitalDeEscobar\",\"https:\/\/x.com\/nuevodigescobar\",\"https:\/\/www.instagram.com\/nuevodigitaldeescobar\"]},{\"@type\":\"Person\",\"@id\":\"https:\/\/nuevodigitaldeescobar.com.ar\/#\/schema\/person\/035e90a8efe9a80e6eec22656ad6ea4c\",\"name\":\"Redacci\u00f3n\",\"image\":{\"@type\":\"ImageObject\",\"inLanguage\":\"es\",\"@id\":\"https:\/\/nuevodigitaldeescobar.com.ar\/#\/schema\/person\/image\/\",\"url\":\"https:\/\/secure.gravatar.com\/avatar\/8af8f40000c24e9eef3034f2be5998a372bb1389e64b1a4a36b3a7979142220d?s=96&d=mm&r=g\",\"contentUrl\":\"https:\/\/secure.gravatar.com\/avatar\/8af8f40000c24e9eef3034f2be5998a372bb1389e64b1a4a36b3a7979142220d?s=96&d=mm&r=g\",\"caption\":\"Redacci\u00f3n\"},\"sameAs\":[\"http:\/\/nuevodigitaldeescobar.com.ar\"],\"url\":\"https:\/\/nuevodigitaldeescobar.com.ar\/?author=1\"}]}<\/script>\n<!-- \/ Yoast SEO plugin. -->","yoast_head_json":{"title":"Esc\u00e1ndalo en San Lorenzo: aparecen nuevos audios de las coimas de Moretti - Nuevo Digital de Escobar","robots":{"index":"index","follow":"follow","max-snippet":"max-snippet:-1","max-image-preview":"max-image-preview:large","max-video-preview":"max-video-preview:-1"},"canonical":"https:\/\/nuevodigitaldeescobar.com.ar\/?p=14111","og_locale":"es_ES","og_type":"article","og_title":"Esc\u00e1ndalo en San Lorenzo: aparecen nuevos audios de las coimas de Moretti - Nuevo Digital de Escobar","og_description":"El presidente de San Lorenzo, \u00a0Marcelo Moretti, ya enfrentaba causas penales y un proceso en el Tribunal de \u00c9tica de la AFA debido a una [&hellip;]","og_url":"https:\/\/nuevodigitaldeescobar.com.ar\/?p=14111","og_site_name":"Nuevo Digital de Escobar","article_publisher":"https:\/\/www.facebook.com\/NUEVODigitalDeEscobar","article_published_time":"2025-04-24T16:20:21+00:00","article_modified_time":"2025-04-24T18:14:30+00:00","og_image":[{"width":1600,"height":1067,"url":"https:\/\/nuevodigitaldeescobar.com.ar\/wp-content\/uploads\/2025\/04\/marcelo-moretti-san-lorenzojpg_1600_1067-ckmsXN.jpeg","type":"image\/jpeg"}],"author":"Redacci\u00f3n","twitter_card":"summary_large_image","twitter_creator":"@nuevodigescobar","twitter_site":"@nuevodigescobar","twitter_misc":{"Escrito por":"Redacci\u00f3n","Tiempo de lectura":"2 minutos"},"schema":{"@context":"https:\/\/schema.org","@graph":[{"@type":"Article","@id":"https:\/\/nuevodigitaldeescobar.com.ar\/?p=14111#article","isPartOf":{"@id":"https:\/\/nuevodigitaldeescobar.com.ar\/?p=14111"},"author":{"name":"Redacci\u00f3n","@id":"https:\/\/nuevodigitaldeescobar.com.ar\/#\/schema\/person\/035e90a8efe9a80e6eec22656ad6ea4c"},"headline":"Esc\u00e1ndalo en San Lorenzo: aparecen nuevos audios de las coimas de Moretti","datePublished":"2025-04-24T16:20:21+00:00","dateModified":"2025-04-24T18:14:30+00:00","mainEntityOfPage":{"@id":"https:\/\/nuevodigitaldeescobar.com.ar\/?p=14111"},"wordCount":421,"commentCount":0,"publisher":{"@id":"https:\/\/nuevodigitaldeescobar.com.ar\/#organization"},"image":{"@id":"https:\/\/nuevodigitaldeescobar.com.ar\/?p=14111#primaryimage"},"thumbnailUrl":"https:\/\/nuevodigitaldeescobar.com.ar\/wp-content\/uploads\/2025\/04\/marcelo-moretti-san-lorenzojpg_1600_1067-ckmsXN.jpeg","articleSection":["Deportes"],"inLanguage":"es","potentialAction":[{"@type":"CommentAction","name":"Comment","target":["https:\/\/nuevodigitaldeescobar.com.ar\/?p=14111#respond"]}]},{"@type":"WebPage","@id":"https:\/\/nuevodigitaldeescobar.com.ar\/?p=14111","url":"https:\/\/nuevodigitaldeescobar.com.ar\/?p=14111","name":"Esc\u00e1ndalo en San Lorenzo: aparecen nuevos audios de las coimas de Moretti - Nuevo Digital de Escobar","isPartOf":{"@id":"https:\/\/nuevodigitaldeescobar.com.ar\/#website"},"primaryImageOfPage":{"@id":"https:\/\/nuevodigitaldeescobar.com.ar\/?p=14111#primaryimage"},"image":{"@id":"https:\/\/nuevodigitaldeescobar.com.ar\/?p=14111#primaryimage"},"thumbnailUrl":"https:\/\/nuevodigitaldeescobar.com.ar\/wp-content\/uploads\/2025\/04\/marcelo-moretti-san-lorenzojpg_1600_1067-ckmsXN.jpeg","datePublished":"2025-04-24T16:20:21+00:00","dateModified":"2025-04-24T18:14:30+00:00","breadcrumb":{"@id":"https:\/\/nuevodigitaldeescobar.com.ar\/?p=14111#breadcrumb"},"inLanguage":"es","potentialAction":[{"@type":"ReadAction","target":["https:\/\/nuevodigitaldeescobar.com.ar\/?p=14111"]}]},{"@type":"ImageObject","inLanguage":"es","@id":"https:\/\/nuevodigitaldeescobar.com.ar\/?p=14111#primaryimage","url":"https:\/\/nuevodigitaldeescobar.com.ar\/wp-content\/uploads\/2025\/04\/marcelo-moretti-san-lorenzojpg_1600_1067-ckmsXN.jpeg","contentUrl":"https:\/\/nuevodigitaldeescobar.com.ar\/wp-content\/uploads\/2025\/04\/marcelo-moretti-san-lorenzojpg_1600_1067-ckmsXN.jpeg","width":1600,"height":1067},{"@type":"BreadcrumbList","@id":"https:\/\/nuevodigitaldeescobar.com.ar\/?p=14111#breadcrumb","itemListElement":[{"@type":"ListItem","position":1,"name":"Portada","item":"https:\/\/nuevodigitaldeescobar.com.ar\/"},{"@type":"ListItem","position":2,"name":"Esc\u00e1ndalo en San Lorenzo: aparecen nuevos audios de las coimas de Moretti"}]},{"@type":"WebSite","@id":"https:\/\/nuevodigitaldeescobar.com.ar\/#website","url":"https:\/\/nuevodigitaldeescobar.com.ar\/","name":"Nuevo Digital de Escobar","description":"La vida escobarense. Directora: Rosana Brunner","publisher":{"@id":"https:\/\/nuevodigitaldeescobar.com.ar\/#organization"},"potentialAction":[{"@type":"SearchAction","target":{"@type":"EntryPoint","urlTemplate":"https:\/\/nuevodigitaldeescobar.com.ar\/?s={search_term_string}"},"query-input":{"@type":"PropertyValueSpecification","valueRequired":true,"valueName":"search_term_string"}}],"inLanguage":"es"},{"@type":"Organization","@id":"https:\/\/nuevodigitaldeescobar.com.ar\/#organization","name":"Nuevo Digital de Escobar","url":"https:\/\/nuevodigitaldeescobar.com.ar\/","logo":{"@type":"ImageObject","inLanguage":"es","@id":"https:\/\/nuevodigitaldeescobar.com.ar\/#\/schema\/logo\/image\/","url":"https:\/\/nuevodigitaldeescobar.com.ar\/wp-content\/uploads\/2025\/05\/cropped-logo-nuevo2.jpg","contentUrl":"https:\/\/nuevodigitaldeescobar.com.ar\/wp-content\/uploads\/2025\/05\/cropped-logo-nuevo2.jpg","width":305,"height":305,"caption":"Nuevo Digital de Escobar"},"image":{"@id":"https:\/\/nuevodigitaldeescobar.com.ar\/#\/schema\/logo\/image\/"},"sameAs":["https:\/\/www.facebook.com\/NUEVODigitalDeEscobar","https:\/\/x.com\/nuevodigescobar","https:\/\/www.instagram.com\/nuevodigitaldeescobar"]},{"@type":"Person","@id":"https:\/\/nuevodigitaldeescobar.com.ar\/#\/schema\/person\/035e90a8efe9a80e6eec22656ad6ea4c","name":"Redacci\u00f3n","image":{"@type":"ImageObject","inLanguage":"es","@id":"https:\/\/nuevodigitaldeescobar.com.ar\/#\/schema\/person\/image\/","url":"https:\/\/secure.gravatar.com\/avatar\/8af8f40000c24e9eef3034f2be5998a372bb1389e64b1a4a36b3a7979142220d?s=96&d=mm&r=g","contentUrl":"https:\/\/secure.gravatar.com\/avatar\/8af8f40000c24e9eef3034f2be5998a372bb1389e64b1a4a36b3a7979142220d?s=96&d=mm&r=g","caption":"Redacci\u00f3n"},"sameAs":["http:\/\/nuevodigitaldeescobar.com.ar"],"url":"https:\/\/nuevodigitaldeescobar.com.ar\/?author=1"}]}},"featured_image_urls":{"full":["https:\/\/nuevodigitaldeescobar.com.ar\/wp-content\/uploads\/2025\/04\/marcelo-moretti-san-lorenzojpg_1600_1067-ckmsXN.jpeg",1600,1067,false],"thumbnail":["https:\/\/nuevodigitaldeescobar.com.ar\/wp-content\/uploads\/2025\/04\/marcelo-moretti-san-lorenzojpg_1600_1067-ckmsXN-150x150.jpeg",150,150,true],"medium":["https:\/\/nuevodigitaldeescobar.com.ar\/wp-content\/uploads\/2025\/04\/marcelo-moretti-san-lorenzojpg_1600_1067-ckmsXN-300x200.jpeg",300,200,true],"medium_large":["https:\/\/nuevodigitaldeescobar.com.ar\/wp-content\/uploads\/2025\/04\/marcelo-moretti-san-lorenzojpg_1600_1067-ckmsXN-768x512.jpeg",640,427,true],"large":["https:\/\/nuevodigitaldeescobar.com.ar\/wp-content\/uploads\/2025\/04\/marcelo-moretti-san-lorenzojpg_1600_1067-ckmsXN-1024x683.jpeg",640,427,true],"1536x1536":["https:\/\/nuevodigitaldeescobar.com.ar\/wp-content\/uploads\/2025\/04\/marcelo-moretti-san-lorenzojpg_1600_1067-ckmsXN-1536x1024.jpeg",1536,1024,true],"2048x2048":["https:\/\/nuevodigitaldeescobar.com.ar\/wp-content\/uploads\/2025\/04\/marcelo-moretti-san-lorenzojpg_1600_1067-ckmsXN.jpeg",1600,1067,false]},"author_info":{"display_name":"Redacci\u00f3n","author_link":"https:\/\/nuevodigitaldeescobar.com.ar\/?author=1"},"category_info":"<a href=\"https:\/\/nuevodigitaldeescobar.com.ar\/?cat=8\" rel=\"category\">Deportes<\/a>","tag_info":"Deportes","comment_count":"0","_links":{"self":[{"href":"https:\/\/nuevodigitaldeescobar.com.ar\/index.php?rest_route=\/wp\/v2\/posts\/14111","targetHints":{"allow":["GET"]}}],"collection":[{"href":"https:\/\/nuevodigitaldeescobar.com.ar\/index.php?rest_route=\/wp\/v2\/posts"}],"about":[{"href":"https:\/\/nuevodigitaldeescobar.com.ar\/index.php?rest_route=\/wp\/v2\/types\/post"}],"author":[{"embeddable":true,"href":"https:\/\/nuevodigitaldeescobar.com.ar\/index.php?rest_route=\/wp\/v2\/users\/1"}],"replies":[{"embeddable":true,"href":"https:\/\/nuevodigitaldeescobar.com.ar\/index.php?rest_route=%2Fwp%2Fv2%2Fcomments&post=14111"}],"version-history":[{"count":1,"href":"https:\/\/nuevodigitaldeescobar.com.ar\/index.php?rest_route=\/wp\/v2\/posts\/14111\/revisions"}],"predecessor-version":[{"id":14114,"href":"https:\/\/nuevodigitaldeescobar.com.ar\/index.php?rest_route=\/wp\/v2\/posts\/14111\/revisions\/14114"}],"wp:featuredmedia":[{"embeddable":true,"href":"https:\/\/nuevodigitaldeescobar.com.ar\/index.php?rest_route=\/wp\/v2\/media\/14112"}],"wp:attachment":[{"href":"https:\/\/nuevodigitaldeescobar.com.ar\/index.php?rest_route=%2Fwp%2Fv2%2Fmedia&parent=14111"}],"wp:term":[{"taxonomy":"category","embeddable":true,"href":"https:\/\/nuevodigitaldeescobar.com.ar\/index.php?rest_route=%2Fwp%2Fv2%2Fcategories&post=14111"},{"taxonomy":"post_tag","embeddable":true,"href":"https:\/\/nuevodigitaldeescobar.com.ar\/index.php?rest_route=%2Fwp%2Fv2%2Ftags&post=14111"}],"curies":[{"name":"wp","href":"https:\/\/api.w.org\/{rel}","templated":true}]}}