{"id":14173,"date":"2025-04-26T10:15:10","date_gmt":"2025-04-26T13:15:10","guid":{"rendered":"https:\/\/nuevodigitaldeescobar.com.ar\/?p=14173"},"modified":"2025-04-26T10:15:13","modified_gmt":"2025-04-26T13:15:13","slug":"dario-lencina-y-un-nuevo-desafio-con-la-seleccion-en-japon","status":"publish","type":"post","link":"https:\/\/nuevodigitaldeescobar.com.ar\/?p=14173","title":{"rendered":"Dar\u00edo Lencina y un nuevo desaf\u00edo con la selecci\u00f3n en Jap\u00f3n"},"content":{"rendered":"\n<p class=\"has-vivid-cyan-blue-color has-text-color has-link-color wp-elements-319b9cc78385f755f9b932f665495dfd\"><strong><em>El entrenador escobarense tendr\u00e1 su primer desaf\u00edo como entrenador de Los Murci\u00e9lagos que disputar\u00e1n en mayo el Ibiza Men&#8217;s Blind Football. Adem\u00e1s nuestro seleccionado defender\u00e1 el primer puesto en el Ranking Mundial.<\/em><\/strong><\/p>\n\n\n\n<!--more-->\n\n\n\n<p><br>El escobarense Dar\u00edo Lencina, flamante entrenador de Los Murci\u00e9lago,s tendr\u00e1 su primer compromiso internacional. La Selecci\u00f3n Argentina de F\u00fatbol no vidente viajar\u00e1 en unos d\u00edas a Jap\u00f3n para disputar uno de los torneos m\u00e1s importantes despu\u00e9s de los Juegos Ol\u00edmpicos y el Mundial. <\/p>\n\n\n\n<p>Lencina, que fue arquero much\u00edsimos a\u00f1os de la Selecci\u00f3n Argentina y gan\u00f3 varias medallas y un Mundial, hoy tiene el orgullo de estar al frente del equipo como entrenador.<\/p>\n\n\n\n<p>En su primer desaf\u00edo internacional como entrenador de la Selecci\u00f3n de F\u00fatbol para Ciegos de Argentina. hay convocados de distintas provincias del pa\u00eds, como Mendoza, Santiago del Estero, Chaco, Santa Fe, Misiones y Buenos Aires.<\/p>\n\n\n\n<p>El plantel estar\u00e1 integrado por: Maximiliano Espinillo, Federico Accardi, Osvaldo Fernandes, Daniel Iturria, Mario R\u00edos, Froil\u00e1n Padilla, Mat\u00edas Olivera y \u00c1ngel Deldo, con los arqueros Germ\u00e1n Muleck y Guido Consoni. Acompa\u00f1an a Dar\u00edo Lencina en el cuerpo t\u00e9cnico sus colaboradores: Abel Estigarribia, Gustavo Aguirre, Gabriel Scaglione y Juan Casal.<\/p>\n","protected":false},"excerpt":{"rendered":"<p>El entrenador escobarense tendr\u00e1 su primer desaf\u00edo como entrenador de Los Murci\u00e9lagos que disputar\u00e1n en mayo el Ibiza Men&#8217;s Blind Football. Adem\u00e1s nuestro seleccionado defender\u00e1 [&hellip;]<\/p>\n","protected":false},"author":1,"featured_media":14174,"comment_status":"open","ping_status":"open","sticky":false,"template":"","format":"standard","meta":{"footnotes":""},"categories":[8],"tags":[255],"class_list":["post-14173","post","type-post","status-publish","format-standard","has-post-thumbnail","hentry","category-deportes","tag-dario-lencina"],"better_featured_image":{"id":14174,"alt_text":"","caption":"","description":"","media_type":"image","media_details":{"width":780,"height":405,"file":"2025\/04\/IMG-20250129-WA0011-780x405-1.jpg","filesize":34510,"sizes":{"medium":{"file":"IMG-20250129-WA0011-780x405-1-300x156.jpg","width":300,"height":156,"mime-type":"image\/jpeg","filesize":8529,"source_url":"https:\/\/nuevodigitaldeescobar.com.ar\/wp-content\/uploads\/2025\/04\/IMG-20250129-WA0011-780x405-1-300x156.jpg"},"thumbnail":{"file":"IMG-20250129-WA0011-780x405-1-150x150.jpg","width":150,"height":150,"mime-type":"image\/jpeg","filesize":4783,"source_url":"https:\/\/nuevodigitaldeescobar.com.ar\/wp-content\/uploads\/2025\/04\/IMG-20250129-WA0011-780x405-1-150x150.jpg"},"medium_large":{"file":"IMG-20250129-WA0011-780x405-1-768x399.jpg","width":768,"height":399,"mime-type":"image\/jpeg","filesize":31226,"source_url":"https:\/\/nuevodigitaldeescobar.com.ar\/wp-content\/uploads\/2025\/04\/IMG-20250129-WA0011-780x405-1-768x399.jpg"}},"image_meta":{"aperture":"0","credit":"","camera":"","caption":"","created_timestamp":"0","copyright":"","focal_length":"0","iso":"0","shutter_speed":"0","title":"","orientation":"0","keywords":[]}},"post":14173,"source_url":"https:\/\/nuevodigitaldeescobar.com.ar\/wp-content\/uploads\/2025\/04\/IMG-20250129-WA0011-780x405-1.jpg"},"yoast_head":"<!-- This site is optimized with the Yoast SEO plugin v26.1.1 - https:\/\/yoast.com\/wordpress\/plugins\/seo\/ -->\n<title>Dar\u00edo Lencina y un nuevo desaf\u00edo con la selecci\u00f3n en Jap\u00f3n - Nuevo Digital de Escobar<\/title>\n<meta name=\"robots\" content=\"index, follow, max-snippet:-1, max-image-preview:large, max-video-preview:-1\" \/>\n<link rel=\"canonical\" href=\"https:\/\/nuevodigitaldeescobar.com.ar\/?p=14173\" \/>\n<meta property=\"og:locale\" content=\"es_ES\" \/>\n<meta property=\"og:type\" content=\"article\" \/>\n<meta property=\"og:title\" content=\"Dar\u00edo Lencina y un nuevo desaf\u00edo con la selecci\u00f3n en Jap\u00f3n - Nuevo Digital de Escobar\" \/>\n<meta property=\"og:description\" content=\"El entrenador escobarense tendr\u00e1 su primer desaf\u00edo como entrenador de Los Murci\u00e9lagos que disputar\u00e1n en mayo el Ibiza Men&#8217;s Blind Football. Adem\u00e1s nuestro seleccionado defender\u00e1 [&hellip;]\" \/>\n<meta property=\"og:url\" content=\"https:\/\/nuevodigitaldeescobar.com.ar\/?p=14173\" \/>\n<meta property=\"og:site_name\" content=\"Nuevo Digital de Escobar\" \/>\n<meta property=\"article:publisher\" content=\"https:\/\/www.facebook.com\/NUEVODigitalDeEscobar\" \/>\n<meta property=\"article:published_time\" content=\"2025-04-26T13:15:10+00:00\" \/>\n<meta property=\"article:modified_time\" content=\"2025-04-26T13:15:13+00:00\" \/>\n<meta property=\"og:image\" content=\"https:\/\/nuevodigitaldeescobar.com.ar\/wp-content\/uploads\/2025\/04\/IMG-20250129-WA0011-780x405-1.jpg\" \/>\n\t<meta property=\"og:image:width\" content=\"780\" \/>\n\t<meta property=\"og:image:height\" content=\"405\" \/>\n\t<meta property=\"og:image:type\" content=\"image\/jpeg\" \/>\n<meta name=\"author\" content=\"Redacci\u00f3n\" \/>\n<meta name=\"twitter:card\" content=\"summary_large_image\" \/>\n<meta name=\"twitter:creator\" content=\"@nuevodigescobar\" \/>\n<meta name=\"twitter:site\" content=\"@nuevodigescobar\" \/>\n<meta name=\"twitter:label1\" content=\"Escrito por\" \/>\n\t<meta name=\"twitter:data1\" content=\"Redacci\u00f3n\" \/>\n\t<meta name=\"twitter:label2\" content=\"Tiempo de lectura\" \/>\n\t<meta name=\"twitter:data2\" content=\"1 minuto\" \/>\n<script type=\"application\/ld+json\" class=\"yoast-schema-graph\">{\"@context\":\"https:\/\/schema.org\",\"@graph\":[{\"@type\":\"Article\",\"@id\":\"https:\/\/nuevodigitaldeescobar.com.ar\/?p=14173#article\",\"isPartOf\":{\"@id\":\"https:\/\/nuevodigitaldeescobar.com.ar\/?p=14173\"},\"author\":{\"name\":\"Redacci\u00f3n\",\"@id\":\"https:\/\/nuevodigitaldeescobar.com.ar\/#\/schema\/person\/035e90a8efe9a80e6eec22656ad6ea4c\"},\"headline\":\"Dar\u00edo Lencina y un nuevo desaf\u00edo con la selecci\u00f3n en Jap\u00f3n\",\"datePublished\":\"2025-04-26T13:15:10+00:00\",\"dateModified\":\"2025-04-26T13:15:13+00:00\",\"mainEntityOfPage\":{\"@id\":\"https:\/\/nuevodigitaldeescobar.com.ar\/?p=14173\"},\"wordCount\":231,\"commentCount\":0,\"publisher\":{\"@id\":\"https:\/\/nuevodigitaldeescobar.com.ar\/#organization\"},\"image\":{\"@id\":\"https:\/\/nuevodigitaldeescobar.com.ar\/?p=14173#primaryimage\"},\"thumbnailUrl\":\"https:\/\/nuevodigitaldeescobar.com.ar\/wp-content\/uploads\/2025\/04\/IMG-20250129-WA0011-780x405-1.jpg\",\"keywords\":[\"Dar\u00edo Lencina\"],\"articleSection\":[\"Deportes\"],\"inLanguage\":\"es\",\"potentialAction\":[{\"@type\":\"CommentAction\",\"name\":\"Comment\",\"target\":[\"https:\/\/nuevodigitaldeescobar.com.ar\/?p=14173#respond\"]}]},{\"@type\":\"WebPage\",\"@id\":\"https:\/\/nuevodigitaldeescobar.com.ar\/?p=14173\",\"url\":\"https:\/\/nuevodigitaldeescobar.com.ar\/?p=14173\",\"name\":\"Dar\u00edo Lencina y un nuevo desaf\u00edo con la selecci\u00f3n en Jap\u00f3n - Nuevo Digital de Escobar\",\"isPartOf\":{\"@id\":\"https:\/\/nuevodigitaldeescobar.com.ar\/#website\"},\"primaryImageOfPage\":{\"@id\":\"https:\/\/nuevodigitaldeescobar.com.ar\/?p=14173#primaryimage\"},\"image\":{\"@id\":\"https:\/\/nuevodigitaldeescobar.com.ar\/?p=14173#primaryimage\"},\"thumbnailUrl\":\"https:\/\/nuevodigitaldeescobar.com.ar\/wp-content\/uploads\/2025\/04\/IMG-20250129-WA0011-780x405-1.jpg\",\"datePublished\":\"2025-04-26T13:15:10+00:00\",\"dateModified\":\"2025-04-26T13:15:13+00:00\",\"breadcrumb\":{\"@id\":\"https:\/\/nuevodigitaldeescobar.com.ar\/?p=14173#breadcrumb\"},\"inLanguage\":\"es\",\"potentialAction\":[{\"@type\":\"ReadAction\",\"target\":[\"https:\/\/nuevodigitaldeescobar.com.ar\/?p=14173\"]}]},{\"@type\":\"ImageObject\",\"inLanguage\":\"es\",\"@id\":\"https:\/\/nuevodigitaldeescobar.com.ar\/?p=14173#primaryimage\",\"url\":\"https:\/\/nuevodigitaldeescobar.com.ar\/wp-content\/uploads\/2025\/04\/IMG-20250129-WA0011-780x405-1.jpg\",\"contentUrl\":\"https:\/\/nuevodigitaldeescobar.com.ar\/wp-content\/uploads\/2025\/04\/IMG-20250129-WA0011-780x405-1.jpg\",\"width\":780,\"height\":405},{\"@type\":\"BreadcrumbList\",\"@id\":\"https:\/\/nuevodigitaldeescobar.com.ar\/?p=14173#breadcrumb\",\"itemListElement\":[{\"@type\":\"ListItem\",\"position\":1,\"name\":\"Portada\",\"item\":\"https:\/\/nuevodigitaldeescobar.com.ar\/\"},{\"@type\":\"ListItem\",\"position\":2,\"name\":\"Dar\u00edo Lencina y un nuevo desaf\u00edo con la selecci\u00f3n en Jap\u00f3n\"}]},{\"@type\":\"WebSite\",\"@id\":\"https:\/\/nuevodigitaldeescobar.com.ar\/#website\",\"url\":\"https:\/\/nuevodigitaldeescobar.com.ar\/\",\"name\":\"Nuevo Digital de Escobar\",\"description\":\"La vida escobarense. Directora: Rosana Brunner\",\"publisher\":{\"@id\":\"https:\/\/nuevodigitaldeescobar.com.ar\/#organization\"},\"potentialAction\":[{\"@type\":\"SearchAction\",\"target\":{\"@type\":\"EntryPoint\",\"urlTemplate\":\"https:\/\/nuevodigitaldeescobar.com.ar\/?s={search_term_string}\"},\"query-input\":{\"@type\":\"PropertyValueSpecification\",\"valueRequired\":true,\"valueName\":\"search_term_string\"}}],\"inLanguage\":\"es\"},{\"@type\":\"Organization\",\"@id\":\"https:\/\/nuevodigitaldeescobar.com.ar\/#organization\",\"name\":\"Nuevo Digital de Escobar\",\"url\":\"https:\/\/nuevodigitaldeescobar.com.ar\/\",\"logo\":{\"@type\":\"ImageObject\",\"inLanguage\":\"es\",\"@id\":\"https:\/\/nuevodigitaldeescobar.com.ar\/#\/schema\/logo\/image\/\",\"url\":\"https:\/\/nuevodigitaldeescobar.com.ar\/wp-content\/uploads\/2025\/05\/cropped-logo-nuevo2.jpg\",\"contentUrl\":\"https:\/\/nuevodigitaldeescobar.com.ar\/wp-content\/uploads\/2025\/05\/cropped-logo-nuevo2.jpg\",\"width\":305,\"height\":305,\"caption\":\"Nuevo Digital de Escobar\"},\"image\":{\"@id\":\"https:\/\/nuevodigitaldeescobar.com.ar\/#\/schema\/logo\/image\/\"},\"sameAs\":[\"https:\/\/www.facebook.com\/NUEVODigitalDeEscobar\",\"https:\/\/x.com\/nuevodigescobar\",\"https:\/\/www.instagram.com\/nuevodigitaldeescobar\"]},{\"@type\":\"Person\",\"@id\":\"https:\/\/nuevodigitaldeescobar.com.ar\/#\/schema\/person\/035e90a8efe9a80e6eec22656ad6ea4c\",\"name\":\"Redacci\u00f3n\",\"image\":{\"@type\":\"ImageObject\",\"inLanguage\":\"es\",\"@id\":\"https:\/\/nuevodigitaldeescobar.com.ar\/#\/schema\/person\/image\/\",\"url\":\"https:\/\/secure.gravatar.com\/avatar\/8af8f40000c24e9eef3034f2be5998a372bb1389e64b1a4a36b3a7979142220d?s=96&d=mm&r=g\",\"contentUrl\":\"https:\/\/secure.gravatar.com\/avatar\/8af8f40000c24e9eef3034f2be5998a372bb1389e64b1a4a36b3a7979142220d?s=96&d=mm&r=g\",\"caption\":\"Redacci\u00f3n\"},\"sameAs\":[\"http:\/\/nuevodigitaldeescobar.com.ar\"],\"url\":\"https:\/\/nuevodigitaldeescobar.com.ar\/?author=1\"}]}<\/script>\n<!-- \/ Yoast SEO plugin. -->","yoast_head_json":{"title":"Dar\u00edo Lencina y un nuevo desaf\u00edo con la selecci\u00f3n en Jap\u00f3n - Nuevo Digital de Escobar","robots":{"index":"index","follow":"follow","max-snippet":"max-snippet:-1","max-image-preview":"max-image-preview:large","max-video-preview":"max-video-preview:-1"},"canonical":"https:\/\/nuevodigitaldeescobar.com.ar\/?p=14173","og_locale":"es_ES","og_type":"article","og_title":"Dar\u00edo Lencina y un nuevo desaf\u00edo con la selecci\u00f3n en Jap\u00f3n - Nuevo Digital de Escobar","og_description":"El entrenador escobarense tendr\u00e1 su primer desaf\u00edo como entrenador de Los Murci\u00e9lagos que disputar\u00e1n en mayo el Ibiza Men&#8217;s Blind Football. Adem\u00e1s nuestro seleccionado defender\u00e1 [&hellip;]","og_url":"https:\/\/nuevodigitaldeescobar.com.ar\/?p=14173","og_site_name":"Nuevo Digital de Escobar","article_publisher":"https:\/\/www.facebook.com\/NUEVODigitalDeEscobar","article_published_time":"2025-04-26T13:15:10+00:00","article_modified_time":"2025-04-26T13:15:13+00:00","og_image":[{"width":780,"height":405,"url":"https:\/\/nuevodigitaldeescobar.com.ar\/wp-content\/uploads\/2025\/04\/IMG-20250129-WA0011-780x405-1.jpg","type":"image\/jpeg"}],"author":"Redacci\u00f3n","twitter_card":"summary_large_image","twitter_creator":"@nuevodigescobar","twitter_site":"@nuevodigescobar","twitter_misc":{"Escrito por":"Redacci\u00f3n","Tiempo de lectura":"1 minuto"},"schema":{"@context":"https:\/\/schema.org","@graph":[{"@type":"Article","@id":"https:\/\/nuevodigitaldeescobar.com.ar\/?p=14173#article","isPartOf":{"@id":"https:\/\/nuevodigitaldeescobar.com.ar\/?p=14173"},"author":{"name":"Redacci\u00f3n","@id":"https:\/\/nuevodigitaldeescobar.com.ar\/#\/schema\/person\/035e90a8efe9a80e6eec22656ad6ea4c"},"headline":"Dar\u00edo Lencina y un nuevo desaf\u00edo con la selecci\u00f3n en Jap\u00f3n","datePublished":"2025-04-26T13:15:10+00:00","dateModified":"2025-04-26T13:15:13+00:00","mainEntityOfPage":{"@id":"https:\/\/nuevodigitaldeescobar.com.ar\/?p=14173"},"wordCount":231,"commentCount":0,"publisher":{"@id":"https:\/\/nuevodigitaldeescobar.com.ar\/#organization"},"image":{"@id":"https:\/\/nuevodigitaldeescobar.com.ar\/?p=14173#primaryimage"},"thumbnailUrl":"https:\/\/nuevodigitaldeescobar.com.ar\/wp-content\/uploads\/2025\/04\/IMG-20250129-WA0011-780x405-1.jpg","keywords":["Dar\u00edo Lencina"],"articleSection":["Deportes"],"inLanguage":"es","potentialAction":[{"@type":"CommentAction","name":"Comment","target":["https:\/\/nuevodigitaldeescobar.com.ar\/?p=14173#respond"]}]},{"@type":"WebPage","@id":"https:\/\/nuevodigitaldeescobar.com.ar\/?p=14173","url":"https:\/\/nuevodigitaldeescobar.com.ar\/?p=14173","name":"Dar\u00edo Lencina y un nuevo desaf\u00edo con la selecci\u00f3n en Jap\u00f3n - Nuevo Digital de Escobar","isPartOf":{"@id":"https:\/\/nuevodigitaldeescobar.com.ar\/#website"},"primaryImageOfPage":{"@id":"https:\/\/nuevodigitaldeescobar.com.ar\/?p=14173#primaryimage"},"image":{"@id":"https:\/\/nuevodigitaldeescobar.com.ar\/?p=14173#primaryimage"},"thumbnailUrl":"https:\/\/nuevodigitaldeescobar.com.ar\/wp-content\/uploads\/2025\/04\/IMG-20250129-WA0011-780x405-1.jpg","datePublished":"2025-04-26T13:15:10+00:00","dateModified":"2025-04-26T13:15:13+00:00","breadcrumb":{"@id":"https:\/\/nuevodigitaldeescobar.com.ar\/?p=14173#breadcrumb"},"inLanguage":"es","potentialAction":[{"@type":"ReadAction","target":["https:\/\/nuevodigitaldeescobar.com.ar\/?p=14173"]}]},{"@type":"ImageObject","inLanguage":"es","@id":"https:\/\/nuevodigitaldeescobar.com.ar\/?p=14173#primaryimage","url":"https:\/\/nuevodigitaldeescobar.com.ar\/wp-content\/uploads\/2025\/04\/IMG-20250129-WA0011-780x405-1.jpg","contentUrl":"https:\/\/nuevodigitaldeescobar.com.ar\/wp-content\/uploads\/2025\/04\/IMG-20250129-WA0011-780x405-1.jpg","width":780,"height":405},{"@type":"BreadcrumbList","@id":"https:\/\/nuevodigitaldeescobar.com.ar\/?p=14173#breadcrumb","itemListElement":[{"@type":"ListItem","position":1,"name":"Portada","item":"https:\/\/nuevodigitaldeescobar.com.ar\/"},{"@type":"ListItem","position":2,"name":"Dar\u00edo Lencina y un nuevo desaf\u00edo con la selecci\u00f3n en Jap\u00f3n"}]},{"@type":"WebSite","@id":"https:\/\/nuevodigitaldeescobar.com.ar\/#website","url":"https:\/\/nuevodigitaldeescobar.com.ar\/","name":"Nuevo Digital de Escobar","description":"La vida escobarense. Directora: Rosana Brunner","publisher":{"@id":"https:\/\/nuevodigitaldeescobar.com.ar\/#organization"},"potentialAction":[{"@type":"SearchAction","target":{"@type":"EntryPoint","urlTemplate":"https:\/\/nuevodigitaldeescobar.com.ar\/?s={search_term_string}"},"query-input":{"@type":"PropertyValueSpecification","valueRequired":true,"valueName":"search_term_string"}}],"inLanguage":"es"},{"@type":"Organization","@id":"https:\/\/nuevodigitaldeescobar.com.ar\/#organization","name":"Nuevo Digital de Escobar","url":"https:\/\/nuevodigitaldeescobar.com.ar\/","logo":{"@type":"ImageObject","inLanguage":"es","@id":"https:\/\/nuevodigitaldeescobar.com.ar\/#\/schema\/logo\/image\/","url":"https:\/\/nuevodigitaldeescobar.com.ar\/wp-content\/uploads\/2025\/05\/cropped-logo-nuevo2.jpg","contentUrl":"https:\/\/nuevodigitaldeescobar.com.ar\/wp-content\/uploads\/2025\/05\/cropped-logo-nuevo2.jpg","width":305,"height":305,"caption":"Nuevo Digital de Escobar"},"image":{"@id":"https:\/\/nuevodigitaldeescobar.com.ar\/#\/schema\/logo\/image\/"},"sameAs":["https:\/\/www.facebook.com\/NUEVODigitalDeEscobar","https:\/\/x.com\/nuevodigescobar","https:\/\/www.instagram.com\/nuevodigitaldeescobar"]},{"@type":"Person","@id":"https:\/\/nuevodigitaldeescobar.com.ar\/#\/schema\/person\/035e90a8efe9a80e6eec22656ad6ea4c","name":"Redacci\u00f3n","image":{"@type":"ImageObject","inLanguage":"es","@id":"https:\/\/nuevodigitaldeescobar.com.ar\/#\/schema\/person\/image\/","url":"https:\/\/secure.gravatar.com\/avatar\/8af8f40000c24e9eef3034f2be5998a372bb1389e64b1a4a36b3a7979142220d?s=96&d=mm&r=g","contentUrl":"https:\/\/secure.gravatar.com\/avatar\/8af8f40000c24e9eef3034f2be5998a372bb1389e64b1a4a36b3a7979142220d?s=96&d=mm&r=g","caption":"Redacci\u00f3n"},"sameAs":["http:\/\/nuevodigitaldeescobar.com.ar"],"url":"https:\/\/nuevodigitaldeescobar.com.ar\/?author=1"}]}},"featured_image_urls":{"full":["https:\/\/nuevodigitaldeescobar.com.ar\/wp-content\/uploads\/2025\/04\/IMG-20250129-WA0011-780x405-1.jpg",780,405,false],"thumbnail":["https:\/\/nuevodigitaldeescobar.com.ar\/wp-content\/uploads\/2025\/04\/IMG-20250129-WA0011-780x405-1-150x150.jpg",150,150,true],"medium":["https:\/\/nuevodigitaldeescobar.com.ar\/wp-content\/uploads\/2025\/04\/IMG-20250129-WA0011-780x405-1-300x156.jpg",300,156,true],"medium_large":["https:\/\/nuevodigitaldeescobar.com.ar\/wp-content\/uploads\/2025\/04\/IMG-20250129-WA0011-780x405-1-768x399.jpg",640,333,true],"large":["https:\/\/nuevodigitaldeescobar.com.ar\/wp-content\/uploads\/2025\/04\/IMG-20250129-WA0011-780x405-1.jpg",640,332,false],"1536x1536":["https:\/\/nuevodigitaldeescobar.com.ar\/wp-content\/uploads\/2025\/04\/IMG-20250129-WA0011-780x405-1.jpg",780,405,false],"2048x2048":["https:\/\/nuevodigitaldeescobar.com.ar\/wp-content\/uploads\/2025\/04\/IMG-20250129-WA0011-780x405-1.jpg",780,405,false]},"author_info":{"display_name":"Redacci\u00f3n","author_link":"https:\/\/nuevodigitaldeescobar.com.ar\/?author=1"},"category_info":"<a href=\"https:\/\/nuevodigitaldeescobar.com.ar\/?cat=8\" rel=\"category\">Deportes<\/a>","tag_info":"Deportes","comment_count":"0","_links":{"self":[{"href":"https:\/\/nuevodigitaldeescobar.com.ar\/index.php?rest_route=\/wp\/v2\/posts\/14173","targetHints":{"allow":["GET"]}}],"collection":[{"href":"https:\/\/nuevodigitaldeescobar.com.ar\/index.php?rest_route=\/wp\/v2\/posts"}],"about":[{"href":"https:\/\/nuevodigitaldeescobar.com.ar\/index.php?rest_route=\/wp\/v2\/types\/post"}],"author":[{"embeddable":true,"href":"https:\/\/nuevodigitaldeescobar.com.ar\/index.php?rest_route=\/wp\/v2\/users\/1"}],"replies":[{"embeddable":true,"href":"https:\/\/nuevodigitaldeescobar.com.ar\/index.php?rest_route=%2Fwp%2Fv2%2Fcomments&post=14173"}],"version-history":[{"count":1,"href":"https:\/\/nuevodigitaldeescobar.com.ar\/index.php?rest_route=\/wp\/v2\/posts\/14173\/revisions"}],"predecessor-version":[{"id":14175,"href":"https:\/\/nuevodigitaldeescobar.com.ar\/index.php?rest_route=\/wp\/v2\/posts\/14173\/revisions\/14175"}],"wp:featuredmedia":[{"embeddable":true,"href":"https:\/\/nuevodigitaldeescobar.com.ar\/index.php?rest_route=\/wp\/v2\/media\/14174"}],"wp:attachment":[{"href":"https:\/\/nuevodigitaldeescobar.com.ar\/index.php?rest_route=%2Fwp%2Fv2%2Fmedia&parent=14173"}],"wp:term":[{"taxonomy":"category","embeddable":true,"href":"https:\/\/nuevodigitaldeescobar.com.ar\/index.php?rest_route=%2Fwp%2Fv2%2Fcategories&post=14173"},{"taxonomy":"post_tag","embeddable":true,"href":"https:\/\/nuevodigitaldeescobar.com.ar\/index.php?rest_route=%2Fwp%2Fv2%2Ftags&post=14173"}],"curies":[{"name":"wp","href":"https:\/\/api.w.org\/{rel}","templated":true}]}}