{"id":14331,"date":"2025-05-03T10:31:22","date_gmt":"2025-05-03T13:31:22","guid":{"rendered":"https:\/\/nuevodigitaldeescobar.com.ar\/?p=14331"},"modified":"2025-05-03T10:31:34","modified_gmt":"2025-05-03T13:31:34","slug":"el-gobierno-se-prepara-para-impulsar-tres-reformas-estructurales-clave-tras-las-elecciones-legislativas","status":"publish","type":"post","link":"https:\/\/nuevodigitaldeescobar.com.ar\/?p=14331","title":{"rendered":"El Gobierno se prepara para impulsar tres reformas estructurales clave tras las elecciones legislativas"},"content":{"rendered":"\n<p class=\"has-vivid-cyan-blue-color has-text-color has-link-color wp-elements-6583b1b3ecdb537241956d98cfdc3494\"><em><strong>El equipo econ\u00f3mico liderado por el ministro Luis Caputo trabaja en la elaboraci\u00f3n de tres reformas profundas que ser\u00e1n enviadas al Congreso luego de las elecciones de medio t\u00e9rmino: una reforma tributaria, una laboral y otra previsional. La estrategia, respaldada por el Fondo Monetario Internacional (FMI), busca reestructurar el sistema econ\u00f3mico argentino con el objetivo de impulsar el crecimiento, desincentivar la informalidad y mejorar la competitividad.<\/strong><\/em><\/p>\n\n\n\n<!--more-->\n\n\n\n<p>Estas iniciativas forman parte del acuerdo firmado con el FMI y, seg\u00fan anticiparon desde el Ministerio de Econom\u00eda, las reformas impositiva y laboral podr\u00edan presentarse antes de fin de a\u00f1o, mientras que la previsional quedar\u00eda para fines de 2026, dada su complejidad y la necesidad de encadenarse con los cambios en el mercado laboral.<\/p>\n\n\n\n<p><em>\u201cEl desaf\u00edo es consolidar este nivel de crecimiento e incluso incrementarlo\u201d<\/em>, asegur\u00f3 Caputo durante su exposici\u00f3n en ExpoEFI. All\u00ed explic\u00f3 que la econom\u00eda argentina atraviesa una etapa de baja monetizaci\u00f3n y que es necesario inyectar liquidez al sistema para sostener la reactivaci\u00f3n. <em>\u201cTenemos una econom\u00eda que podr\u00eda crecer m\u00e1s del 6%, pero necesita m\u00e1s combustible: remonetizaci\u00f3n\u201d<\/em>, grafic\u00f3 el ministro.<\/p>\n\n\n\n<p>Desde el FMI tambi\u00e9n pusieron n\u00fameros al impacto de estas reformas. Seg\u00fan su \u00faltimo informe t\u00e9cnico, si Argentina logra avanzar en este paquete de transformaciones, el crecimiento anual del PBI podr\u00eda aumentar entre 1,5 y 2,75 puntos porcentuales en promedio durante los pr\u00f3ximos cinco a\u00f1os. Adem\u00e1s, se\u00f1alan que cerrar las brechas estructurales con pa\u00edses como Polonia o Costa Rica podr\u00eda mejorar la productividad a largo plazo.<\/p>\n\n\n\n<p>El organismo multilateral subraya que, para tener \u00e9xito, el plan de reformas deber\u00e1 aplicarse de manera gradual, con una secuenciaci\u00f3n adecuada y con un respaldo pol\u00edtico y social firme. <em>\u201cEl equilibrio entre apertura econ\u00f3mica y protecci\u00f3n a los sectores vulnerables ser\u00e1 clave para evitar resistencias que frenen el proceso\u201d<\/em>, sostuvo el staff del FMI.<\/p>\n\n\n\n<p>La reforma tributaria, ya en desarrollo, buscar\u00eda simplificar el sistema reduciendo la cantidad de impuestos de baja incidencia en la recaudaci\u00f3n. En cuanto a la reforma laboral, se apunta a modernizar las relaciones de trabajo y facilitar la formalizaci\u00f3n. La previsional, en tanto, a\u00fan no tiene detalles p\u00fablicos, aunque se reconoce que depender\u00e1 de c\u00f3mo avance la modernizaci\u00f3n del mercado de trabajo.<\/p>\n\n\n\n<p>La directora del FMI, Kristalina Georgieva, reiter\u00f3 el respaldo al plan del Gobierno: <em>\u201cEl compromiso con el d\u00e9ficit cero y el super\u00e1vit fiscal alcanzado luego de dos d\u00e9cadas son se\u00f1ales claras. El programa apunta a sostener este ancla fiscal con reformas bien estructuradas en los sistemas tributario, de coparticipaci\u00f3n y previsional\u201d<\/em>.<\/p>\n\n\n\n<p>Si bien el contenido final de los proyectos a\u00fan no se conoce, est\u00e1 claro que el oficialismo apuesta a que el 2025 sea un a\u00f1o de consolidaci\u00f3n econ\u00f3mica y que la segunda mitad de mandato se transforme en una etapa de transformaci\u00f3n estructural.<\/p>\n\n\n\n<p><em>(Infobae)<\/em><\/p>\n","protected":false},"excerpt":{"rendered":"<p>El equipo econ\u00f3mico liderado por el ministro Luis Caputo trabaja en la elaboraci\u00f3n de tres reformas profundas que ser\u00e1n enviadas al Congreso luego de las [&hellip;]<\/p>\n","protected":false},"author":1,"featured_media":2971,"comment_status":"open","ping_status":"open","sticky":false,"template":"","format":"standard","meta":{"footnotes":""},"categories":[10],"tags":[],"class_list":["post-14331","post","type-post","status-publish","format-standard","has-post-thumbnail","hentry","category-economia"],"better_featured_image":{"id":2971,"alt_text":"","caption":"","description":"","media_type":"image","media_details":{"width":720,"height":540,"file":"2024\/01\/luis-caputo-2-e1706313615587.jpg","filesize":70170,"sizes":{"medium":{"file":"luis-caputo-2-300x225.jpg","width":300,"height":225,"mime-type":"image\/jpeg","filesize":11147,"source_url":"https:\/\/nuevodigitaldeescobar.com.ar\/wp-content\/uploads\/2024\/01\/luis-caputo-2-300x225.jpg"},"thumbnail":{"file":"luis-caputo-2-150x150.jpg","width":150,"height":150,"mime-type":"image\/jpeg","filesize":5300,"source_url":"https:\/\/nuevodigitaldeescobar.com.ar\/wp-content\/uploads\/2024\/01\/luis-caputo-2-150x150.jpg"},"medium_large":{"file":"luis-caputo-2-768x576.jpg","width":768,"height":576,"mime-type":"image\/jpeg","filesize":45934,"source_url":"https:\/\/nuevodigitaldeescobar.com.ar\/wp-content\/uploads\/2024\/01\/luis-caputo-2-768x576.jpg"}},"image_meta":{"aperture":"0","credit":"","camera":"","caption":"","created_timestamp":"0","copyright":"","focal_length":"0","iso":"0","shutter_speed":"0","title":"","orientation":"0","keywords":[]}},"post":2970,"source_url":"https:\/\/nuevodigitaldeescobar.com.ar\/wp-content\/uploads\/2024\/01\/luis-caputo-2-e1706313615587.jpg"},"yoast_head":"<!-- This site is optimized with the Yoast SEO plugin v26.1.1 - https:\/\/yoast.com\/wordpress\/plugins\/seo\/ -->\n<title>El Gobierno se prepara para impulsar tres reformas estructurales clave tras las elecciones legislativas - Nuevo Digital de Escobar<\/title>\n<meta name=\"robots\" content=\"index, follow, max-snippet:-1, max-image-preview:large, max-video-preview:-1\" \/>\n<link rel=\"canonical\" href=\"https:\/\/nuevodigitaldeescobar.com.ar\/?p=14331\" \/>\n<meta property=\"og:locale\" content=\"es_ES\" \/>\n<meta property=\"og:type\" content=\"article\" \/>\n<meta property=\"og:title\" content=\"El Gobierno se prepara para impulsar tres reformas estructurales clave tras las elecciones legislativas - Nuevo Digital de Escobar\" \/>\n<meta property=\"og:description\" content=\"El equipo econ\u00f3mico liderado por el ministro Luis Caputo trabaja en la elaboraci\u00f3n de tres reformas profundas que ser\u00e1n enviadas al Congreso luego de las [&hellip;]\" \/>\n<meta property=\"og:url\" content=\"https:\/\/nuevodigitaldeescobar.com.ar\/?p=14331\" \/>\n<meta property=\"og:site_name\" content=\"Nuevo Digital de Escobar\" \/>\n<meta property=\"article:publisher\" content=\"https:\/\/www.facebook.com\/NUEVODigitalDeEscobar\" \/>\n<meta property=\"article:published_time\" content=\"2025-05-03T13:31:22+00:00\" \/>\n<meta property=\"article:modified_time\" content=\"2025-05-03T13:31:34+00:00\" \/>\n<meta property=\"og:image\" content=\"https:\/\/nuevodigitaldeescobar.com.ar\/wp-content\/uploads\/2024\/01\/luis-caputo-2-e1706313615587.jpg\" \/>\n\t<meta property=\"og:image:width\" content=\"720\" \/>\n\t<meta property=\"og:image:height\" content=\"540\" \/>\n\t<meta property=\"og:image:type\" content=\"image\/jpeg\" \/>\n<meta name=\"author\" content=\"Redacci\u00f3n\" \/>\n<meta name=\"twitter:card\" content=\"summary_large_image\" \/>\n<meta name=\"twitter:creator\" content=\"@nuevodigescobar\" \/>\n<meta name=\"twitter:site\" content=\"@nuevodigescobar\" \/>\n<meta name=\"twitter:label1\" content=\"Escrito por\" \/>\n\t<meta name=\"twitter:data1\" content=\"Redacci\u00f3n\" \/>\n\t<meta name=\"twitter:label2\" content=\"Tiempo de lectura\" \/>\n\t<meta name=\"twitter:data2\" content=\"3 minutos\" \/>\n<script type=\"application\/ld+json\" class=\"yoast-schema-graph\">{\"@context\":\"https:\/\/schema.org\",\"@graph\":[{\"@type\":\"Article\",\"@id\":\"https:\/\/nuevodigitaldeescobar.com.ar\/?p=14331#article\",\"isPartOf\":{\"@id\":\"https:\/\/nuevodigitaldeescobar.com.ar\/?p=14331\"},\"author\":{\"name\":\"Redacci\u00f3n\",\"@id\":\"https:\/\/nuevodigitaldeescobar.com.ar\/#\/schema\/person\/035e90a8efe9a80e6eec22656ad6ea4c\"},\"headline\":\"El Gobierno se prepara para impulsar tres reformas estructurales clave tras las elecciones legislativas\",\"datePublished\":\"2025-05-03T13:31:22+00:00\",\"dateModified\":\"2025-05-03T13:31:34+00:00\",\"mainEntityOfPage\":{\"@id\":\"https:\/\/nuevodigitaldeescobar.com.ar\/?p=14331\"},\"wordCount\":517,\"commentCount\":0,\"publisher\":{\"@id\":\"https:\/\/nuevodigitaldeescobar.com.ar\/#organization\"},\"image\":{\"@id\":\"https:\/\/nuevodigitaldeescobar.com.ar\/?p=14331#primaryimage\"},\"thumbnailUrl\":\"https:\/\/nuevodigitaldeescobar.com.ar\/wp-content\/uploads\/2024\/01\/luis-caputo-2-e1706313615587.jpg\",\"articleSection\":[\"Econom\u00eda\"],\"inLanguage\":\"es\",\"potentialAction\":[{\"@type\":\"CommentAction\",\"name\":\"Comment\",\"target\":[\"https:\/\/nuevodigitaldeescobar.com.ar\/?p=14331#respond\"]}]},{\"@type\":\"WebPage\",\"@id\":\"https:\/\/nuevodigitaldeescobar.com.ar\/?p=14331\",\"url\":\"https:\/\/nuevodigitaldeescobar.com.ar\/?p=14331\",\"name\":\"El Gobierno se prepara para impulsar tres reformas estructurales clave tras las elecciones legislativas - Nuevo Digital de Escobar\",\"isPartOf\":{\"@id\":\"https:\/\/nuevodigitaldeescobar.com.ar\/#website\"},\"primaryImageOfPage\":{\"@id\":\"https:\/\/nuevodigitaldeescobar.com.ar\/?p=14331#primaryimage\"},\"image\":{\"@id\":\"https:\/\/nuevodigitaldeescobar.com.ar\/?p=14331#primaryimage\"},\"thumbnailUrl\":\"https:\/\/nuevodigitaldeescobar.com.ar\/wp-content\/uploads\/2024\/01\/luis-caputo-2-e1706313615587.jpg\",\"datePublished\":\"2025-05-03T13:31:22+00:00\",\"dateModified\":\"2025-05-03T13:31:34+00:00\",\"breadcrumb\":{\"@id\":\"https:\/\/nuevodigitaldeescobar.com.ar\/?p=14331#breadcrumb\"},\"inLanguage\":\"es\",\"potentialAction\":[{\"@type\":\"ReadAction\",\"target\":[\"https:\/\/nuevodigitaldeescobar.com.ar\/?p=14331\"]}]},{\"@type\":\"ImageObject\",\"inLanguage\":\"es\",\"@id\":\"https:\/\/nuevodigitaldeescobar.com.ar\/?p=14331#primaryimage\",\"url\":\"https:\/\/nuevodigitaldeescobar.com.ar\/wp-content\/uploads\/2024\/01\/luis-caputo-2-e1706313615587.jpg\",\"contentUrl\":\"https:\/\/nuevodigitaldeescobar.com.ar\/wp-content\/uploads\/2024\/01\/luis-caputo-2-e1706313615587.jpg\",\"width\":720,\"height\":540},{\"@type\":\"BreadcrumbList\",\"@id\":\"https:\/\/nuevodigitaldeescobar.com.ar\/?p=14331#breadcrumb\",\"itemListElement\":[{\"@type\":\"ListItem\",\"position\":1,\"name\":\"Portada\",\"item\":\"https:\/\/nuevodigitaldeescobar.com.ar\/\"},{\"@type\":\"ListItem\",\"position\":2,\"name\":\"El Gobierno se prepara para impulsar tres reformas estructurales clave tras las elecciones legislativas\"}]},{\"@type\":\"WebSite\",\"@id\":\"https:\/\/nuevodigitaldeescobar.com.ar\/#website\",\"url\":\"https:\/\/nuevodigitaldeescobar.com.ar\/\",\"name\":\"Nuevo Digital de Escobar\",\"description\":\"La vida escobarense. Directora: Rosana Brunner\",\"publisher\":{\"@id\":\"https:\/\/nuevodigitaldeescobar.com.ar\/#organization\"},\"potentialAction\":[{\"@type\":\"SearchAction\",\"target\":{\"@type\":\"EntryPoint\",\"urlTemplate\":\"https:\/\/nuevodigitaldeescobar.com.ar\/?s={search_term_string}\"},\"query-input\":{\"@type\":\"PropertyValueSpecification\",\"valueRequired\":true,\"valueName\":\"search_term_string\"}}],\"inLanguage\":\"es\"},{\"@type\":\"Organization\",\"@id\":\"https:\/\/nuevodigitaldeescobar.com.ar\/#organization\",\"name\":\"Nuevo Digital de Escobar\",\"url\":\"https:\/\/nuevodigitaldeescobar.com.ar\/\",\"logo\":{\"@type\":\"ImageObject\",\"inLanguage\":\"es\",\"@id\":\"https:\/\/nuevodigitaldeescobar.com.ar\/#\/schema\/logo\/image\/\",\"url\":\"https:\/\/nuevodigitaldeescobar.com.ar\/wp-content\/uploads\/2025\/05\/cropped-logo-nuevo2.jpg\",\"contentUrl\":\"https:\/\/nuevodigitaldeescobar.com.ar\/wp-content\/uploads\/2025\/05\/cropped-logo-nuevo2.jpg\",\"width\":305,\"height\":305,\"caption\":\"Nuevo Digital de Escobar\"},\"image\":{\"@id\":\"https:\/\/nuevodigitaldeescobar.com.ar\/#\/schema\/logo\/image\/\"},\"sameAs\":[\"https:\/\/www.facebook.com\/NUEVODigitalDeEscobar\",\"https:\/\/x.com\/nuevodigescobar\",\"https:\/\/www.instagram.com\/nuevodigitaldeescobar\"]},{\"@type\":\"Person\",\"@id\":\"https:\/\/nuevodigitaldeescobar.com.ar\/#\/schema\/person\/035e90a8efe9a80e6eec22656ad6ea4c\",\"name\":\"Redacci\u00f3n\",\"image\":{\"@type\":\"ImageObject\",\"inLanguage\":\"es\",\"@id\":\"https:\/\/nuevodigitaldeescobar.com.ar\/#\/schema\/person\/image\/\",\"url\":\"https:\/\/secure.gravatar.com\/avatar\/8af8f40000c24e9eef3034f2be5998a372bb1389e64b1a4a36b3a7979142220d?s=96&d=mm&r=g\",\"contentUrl\":\"https:\/\/secure.gravatar.com\/avatar\/8af8f40000c24e9eef3034f2be5998a372bb1389e64b1a4a36b3a7979142220d?s=96&d=mm&r=g\",\"caption\":\"Redacci\u00f3n\"},\"sameAs\":[\"http:\/\/nuevodigitaldeescobar.com.ar\"],\"url\":\"https:\/\/nuevodigitaldeescobar.com.ar\/?author=1\"}]}<\/script>\n<!-- \/ Yoast SEO plugin. -->","yoast_head_json":{"title":"El Gobierno se prepara para impulsar tres reformas estructurales clave tras las elecciones legislativas - Nuevo Digital de Escobar","robots":{"index":"index","follow":"follow","max-snippet":"max-snippet:-1","max-image-preview":"max-image-preview:large","max-video-preview":"max-video-preview:-1"},"canonical":"https:\/\/nuevodigitaldeescobar.com.ar\/?p=14331","og_locale":"es_ES","og_type":"article","og_title":"El Gobierno se prepara para impulsar tres reformas estructurales clave tras las elecciones legislativas - Nuevo Digital de Escobar","og_description":"El equipo econ\u00f3mico liderado por el ministro Luis Caputo trabaja en la elaboraci\u00f3n de tres reformas profundas que ser\u00e1n enviadas al Congreso luego de las [&hellip;]","og_url":"https:\/\/nuevodigitaldeescobar.com.ar\/?p=14331","og_site_name":"Nuevo Digital de Escobar","article_publisher":"https:\/\/www.facebook.com\/NUEVODigitalDeEscobar","article_published_time":"2025-05-03T13:31:22+00:00","article_modified_time":"2025-05-03T13:31:34+00:00","og_image":[{"width":720,"height":540,"url":"https:\/\/nuevodigitaldeescobar.com.ar\/wp-content\/uploads\/2024\/01\/luis-caputo-2-e1706313615587.jpg","type":"image\/jpeg"}],"author":"Redacci\u00f3n","twitter_card":"summary_large_image","twitter_creator":"@nuevodigescobar","twitter_site":"@nuevodigescobar","twitter_misc":{"Escrito por":"Redacci\u00f3n","Tiempo de lectura":"3 minutos"},"schema":{"@context":"https:\/\/schema.org","@graph":[{"@type":"Article","@id":"https:\/\/nuevodigitaldeescobar.com.ar\/?p=14331#article","isPartOf":{"@id":"https:\/\/nuevodigitaldeescobar.com.ar\/?p=14331"},"author":{"name":"Redacci\u00f3n","@id":"https:\/\/nuevodigitaldeescobar.com.ar\/#\/schema\/person\/035e90a8efe9a80e6eec22656ad6ea4c"},"headline":"El Gobierno se prepara para impulsar tres reformas estructurales clave tras las elecciones legislativas","datePublished":"2025-05-03T13:31:22+00:00","dateModified":"2025-05-03T13:31:34+00:00","mainEntityOfPage":{"@id":"https:\/\/nuevodigitaldeescobar.com.ar\/?p=14331"},"wordCount":517,"commentCount":0,"publisher":{"@id":"https:\/\/nuevodigitaldeescobar.com.ar\/#organization"},"image":{"@id":"https:\/\/nuevodigitaldeescobar.com.ar\/?p=14331#primaryimage"},"thumbnailUrl":"https:\/\/nuevodigitaldeescobar.com.ar\/wp-content\/uploads\/2024\/01\/luis-caputo-2-e1706313615587.jpg","articleSection":["Econom\u00eda"],"inLanguage":"es","potentialAction":[{"@type":"CommentAction","name":"Comment","target":["https:\/\/nuevodigitaldeescobar.com.ar\/?p=14331#respond"]}]},{"@type":"WebPage","@id":"https:\/\/nuevodigitaldeescobar.com.ar\/?p=14331","url":"https:\/\/nuevodigitaldeescobar.com.ar\/?p=14331","name":"El Gobierno se prepara para impulsar tres reformas estructurales clave tras las elecciones legislativas - Nuevo Digital de Escobar","isPartOf":{"@id":"https:\/\/nuevodigitaldeescobar.com.ar\/#website"},"primaryImageOfPage":{"@id":"https:\/\/nuevodigitaldeescobar.com.ar\/?p=14331#primaryimage"},"image":{"@id":"https:\/\/nuevodigitaldeescobar.com.ar\/?p=14331#primaryimage"},"thumbnailUrl":"https:\/\/nuevodigitaldeescobar.com.ar\/wp-content\/uploads\/2024\/01\/luis-caputo-2-e1706313615587.jpg","datePublished":"2025-05-03T13:31:22+00:00","dateModified":"2025-05-03T13:31:34+00:00","breadcrumb":{"@id":"https:\/\/nuevodigitaldeescobar.com.ar\/?p=14331#breadcrumb"},"inLanguage":"es","potentialAction":[{"@type":"ReadAction","target":["https:\/\/nuevodigitaldeescobar.com.ar\/?p=14331"]}]},{"@type":"ImageObject","inLanguage":"es","@id":"https:\/\/nuevodigitaldeescobar.com.ar\/?p=14331#primaryimage","url":"https:\/\/nuevodigitaldeescobar.com.ar\/wp-content\/uploads\/2024\/01\/luis-caputo-2-e1706313615587.jpg","contentUrl":"https:\/\/nuevodigitaldeescobar.com.ar\/wp-content\/uploads\/2024\/01\/luis-caputo-2-e1706313615587.jpg","width":720,"height":540},{"@type":"BreadcrumbList","@id":"https:\/\/nuevodigitaldeescobar.com.ar\/?p=14331#breadcrumb","itemListElement":[{"@type":"ListItem","position":1,"name":"Portada","item":"https:\/\/nuevodigitaldeescobar.com.ar\/"},{"@type":"ListItem","position":2,"name":"El Gobierno se prepara para impulsar tres reformas estructurales clave tras las elecciones legislativas"}]},{"@type":"WebSite","@id":"https:\/\/nuevodigitaldeescobar.com.ar\/#website","url":"https:\/\/nuevodigitaldeescobar.com.ar\/","name":"Nuevo Digital de Escobar","description":"La vida escobarense. Directora: Rosana Brunner","publisher":{"@id":"https:\/\/nuevodigitaldeescobar.com.ar\/#organization"},"potentialAction":[{"@type":"SearchAction","target":{"@type":"EntryPoint","urlTemplate":"https:\/\/nuevodigitaldeescobar.com.ar\/?s={search_term_string}"},"query-input":{"@type":"PropertyValueSpecification","valueRequired":true,"valueName":"search_term_string"}}],"inLanguage":"es"},{"@type":"Organization","@id":"https:\/\/nuevodigitaldeescobar.com.ar\/#organization","name":"Nuevo Digital de Escobar","url":"https:\/\/nuevodigitaldeescobar.com.ar\/","logo":{"@type":"ImageObject","inLanguage":"es","@id":"https:\/\/nuevodigitaldeescobar.com.ar\/#\/schema\/logo\/image\/","url":"https:\/\/nuevodigitaldeescobar.com.ar\/wp-content\/uploads\/2025\/05\/cropped-logo-nuevo2.jpg","contentUrl":"https:\/\/nuevodigitaldeescobar.com.ar\/wp-content\/uploads\/2025\/05\/cropped-logo-nuevo2.jpg","width":305,"height":305,"caption":"Nuevo Digital de Escobar"},"image":{"@id":"https:\/\/nuevodigitaldeescobar.com.ar\/#\/schema\/logo\/image\/"},"sameAs":["https:\/\/www.facebook.com\/NUEVODigitalDeEscobar","https:\/\/x.com\/nuevodigescobar","https:\/\/www.instagram.com\/nuevodigitaldeescobar"]},{"@type":"Person","@id":"https:\/\/nuevodigitaldeescobar.com.ar\/#\/schema\/person\/035e90a8efe9a80e6eec22656ad6ea4c","name":"Redacci\u00f3n","image":{"@type":"ImageObject","inLanguage":"es","@id":"https:\/\/nuevodigitaldeescobar.com.ar\/#\/schema\/person\/image\/","url":"https:\/\/secure.gravatar.com\/avatar\/8af8f40000c24e9eef3034f2be5998a372bb1389e64b1a4a36b3a7979142220d?s=96&d=mm&r=g","contentUrl":"https:\/\/secure.gravatar.com\/avatar\/8af8f40000c24e9eef3034f2be5998a372bb1389e64b1a4a36b3a7979142220d?s=96&d=mm&r=g","caption":"Redacci\u00f3n"},"sameAs":["http:\/\/nuevodigitaldeescobar.com.ar"],"url":"https:\/\/nuevodigitaldeescobar.com.ar\/?author=1"}]}},"featured_image_urls":{"full":["https:\/\/nuevodigitaldeescobar.com.ar\/wp-content\/uploads\/2024\/01\/luis-caputo-2-e1706313615587.jpg",720,540,false],"thumbnail":["https:\/\/nuevodigitaldeescobar.com.ar\/wp-content\/uploads\/2024\/01\/luis-caputo-2-150x150.jpg",150,150,true],"medium":["https:\/\/nuevodigitaldeescobar.com.ar\/wp-content\/uploads\/2024\/01\/luis-caputo-2-300x225.jpg",300,225,true],"medium_large":["https:\/\/nuevodigitaldeescobar.com.ar\/wp-content\/uploads\/2024\/01\/luis-caputo-2-768x576.jpg",640,480,true],"large":["https:\/\/nuevodigitaldeescobar.com.ar\/wp-content\/uploads\/2024\/01\/luis-caputo-2-e1706313615587.jpg",640,480,false],"1536x1536":["https:\/\/nuevodigitaldeescobar.com.ar\/wp-content\/uploads\/2024\/01\/luis-caputo-2-e1706313615587.jpg",720,540,false],"2048x2048":["https:\/\/nuevodigitaldeescobar.com.ar\/wp-content\/uploads\/2024\/01\/luis-caputo-2-e1706313615587.jpg",720,540,false]},"author_info":{"display_name":"Redacci\u00f3n","author_link":"https:\/\/nuevodigitaldeescobar.com.ar\/?author=1"},"category_info":"<a href=\"https:\/\/nuevodigitaldeescobar.com.ar\/?cat=10\" rel=\"category\">Econom\u00eda<\/a>","tag_info":"Econom\u00eda","comment_count":"0","_links":{"self":[{"href":"https:\/\/nuevodigitaldeescobar.com.ar\/index.php?rest_route=\/wp\/v2\/posts\/14331","targetHints":{"allow":["GET"]}}],"collection":[{"href":"https:\/\/nuevodigitaldeescobar.com.ar\/index.php?rest_route=\/wp\/v2\/posts"}],"about":[{"href":"https:\/\/nuevodigitaldeescobar.com.ar\/index.php?rest_route=\/wp\/v2\/types\/post"}],"author":[{"embeddable":true,"href":"https:\/\/nuevodigitaldeescobar.com.ar\/index.php?rest_route=\/wp\/v2\/users\/1"}],"replies":[{"embeddable":true,"href":"https:\/\/nuevodigitaldeescobar.com.ar\/index.php?rest_route=%2Fwp%2Fv2%2Fcomments&post=14331"}],"version-history":[{"count":1,"href":"https:\/\/nuevodigitaldeescobar.com.ar\/index.php?rest_route=\/wp\/v2\/posts\/14331\/revisions"}],"predecessor-version":[{"id":14332,"href":"https:\/\/nuevodigitaldeescobar.com.ar\/index.php?rest_route=\/wp\/v2\/posts\/14331\/revisions\/14332"}],"wp:featuredmedia":[{"embeddable":true,"href":"https:\/\/nuevodigitaldeescobar.com.ar\/index.php?rest_route=\/wp\/v2\/media\/2971"}],"wp:attachment":[{"href":"https:\/\/nuevodigitaldeescobar.com.ar\/index.php?rest_route=%2Fwp%2Fv2%2Fmedia&parent=14331"}],"wp:term":[{"taxonomy":"category","embeddable":true,"href":"https:\/\/nuevodigitaldeescobar.com.ar\/index.php?rest_route=%2Fwp%2Fv2%2Fcategories&post=14331"},{"taxonomy":"post_tag","embeddable":true,"href":"https:\/\/nuevodigitaldeescobar.com.ar\/index.php?rest_route=%2Fwp%2Fv2%2Ftags&post=14331"}],"curies":[{"name":"wp","href":"https:\/\/api.w.org\/{rel}","templated":true}]}}