{"id":14403,"date":"2025-05-05T18:20:23","date_gmt":"2025-05-05T21:20:23","guid":{"rendered":"https:\/\/nuevodigitaldeescobar.com.ar\/?p=14403"},"modified":"2025-05-05T18:34:28","modified_gmt":"2025-05-05T21:34:28","slug":"gabriel-milito-podria-rechazar-el-llamado-de-riquelme-para-asumir-como-dt-de-boca","status":"publish","type":"post","link":"https:\/\/nuevodigitaldeescobar.com.ar\/?p=14403","title":{"rendered":"Gabriel Milito podr\u00eda rechazar el llamado de Riquelme para asumir como DT de Boca"},"content":{"rendered":"\n<p>De momento, <strong>Mariano Herr\u00f3n continuar\u00e1\u00a0al frente del plantel profesional en la previa de los playoff del Torneo Apertura<\/strong>, pero <strong>Boca se mantiene en la b\u00fasqueda de un nuevo DT<\/strong>. Juan Rom\u00e1n Riquelme y el Consejo de F\u00fatbol de Boca quieren conseguirlo para que asuma\u00a0antes del debut en el Mundial de Clubes.<\/p>\n<p>En este contexto, el principal candidato que tiene en la mira la dirigencia xeneize es <a href=\"https:\/\/derechadiario.com.ar\/deportes\/gabriel-milito-principal-candidato-para-reemplazar-gago-boca\" title=\"Gabriel Milito es el principal candidato para reemplazar a Gago en Boca\"><strong>Gabriel Milito<\/strong><\/a>, quien est\u00e1 sin equipo desde su reciente salida del Atl\u00e9tico Mineiro de Brasil. A pesar del visto bueno de la c\u00fapula del club, <strong>hasta ahora no hubo contactos formales para conocer su disponibilidad<\/strong>.<\/p>\n<p>Sobre este panorama, la periodista <strong>Luciana Rubinska<\/strong> brind\u00f3 detalles durante la emisi\u00f3n matutina de SportsCenter en ESPN. Si bien confirm\u00f3 el inter\u00e9s de Boca, tambi\u00e9n revel\u00f3 que \u00a0<strong>Milito no estar\u00eda dispuesto a aceptar la propuesta por una raz\u00f3n muy puntual<\/strong>. <strong>La intenci\u00f3n del DT es ocupar un cargo dirigencial en Independiente en un futuro cercano<\/strong>.<\/p>\n<div class=\"inter_image image_horizontal\">\n<div>\n<span class=\"img_footer\">Rubinska afirma que Milito no aceptar\u00eda el llamado de Boca <\/span>| \n<\/div>\n<p>\u00ab<em>Me confirman esto desde su c\u00edrculo \u00edntimo. <strong>El objetivo de Gabriel Milito es ser presidente de Independiente<\/strong>, ya lo dijo alguna vez en alguna entrevista. Lo que \u00e9l siente, y que por eso me parece un punto en com\u00fan, es que <strong>si \u00e9l dirige a Boca, queda inhabilitado para lanzarse como presidente de Independiente porque va a lanzarse a competir con varios puntos menos por dirigir a un rival tiempo atr\u00e1s<\/strong><\/em>\u00ab, explic\u00f3 Rubinska.<\/p>\n\n<p>Luego agreg\u00f3: \u00ab<em>Si vos est\u00e1s tan convencido de algo, que dec\u00eds esto es lo que quiero para mi vida. <strong>Si \u00e9l est\u00e1 tan convencido de que quiere ser presidente de Independiente, la verdad es que si dirige a Boca no va a estar alimentando esa intenci\u00f3n<\/strong>. No es lo mismo si quer\u00e9s ser entrenador o dirigente. Ac\u00e1 la rivalidad te termina condicionando<\/em>\u00ab.<\/p>\n<p>\u00ab<em><strong>Me hablaron de cinco a\u00f1os<\/strong>, que eso es lo que \u00e9l tiene en mente. Despu\u00e9s veremos c\u00f3mo se dan las cosas, <strong>pero Milito quiere ser presidente de Independiente<\/strong><\/em>\u00ab, cerr\u00f3 la periodista.<\/p>\n<h2><strong>La confesi\u00f3n p\u00fablica de Milito sobre su futuro pol\u00edtico en el Rojo<\/strong><\/h2>\n<p>En una <strong>entrevista<\/strong>\u00a0 que concedi\u00f3 en <strong>2024<\/strong>\u00a0 a Dami\u00e1n Iribarren en ESPN, cuando a\u00fan dirig\u00eda al Atl\u00e9tico Mineiro, Milito dej\u00f3 claro cu\u00e1les son sus planes a largo plazo. \u00ab<strong><em>En este momento quiero dirigir un tiempito m\u00e1s, pero la decisi\u00f3n est\u00e1 tomada y en el futuro quiero ser presidente de Independiente<\/em><\/strong>\u00ab, declar\u00f3 en aquella oportunidad.<\/p>\n","protected":false},"excerpt":{"rendered":"<p>De momento, Mariano Herr\u00f3n continuar\u00e1\u00a0al frente del plantel profesional en la previa de los playoff del Torneo Apertura, pero Boca se mantiene en la b\u00fasqueda [&hellip;]<\/p>\n","protected":false},"author":1,"featured_media":14404,"comment_status":"open","ping_status":"open","sticky":false,"template":"","format":"standard","meta":{"footnotes":""},"categories":[8],"tags":[],"class_list":["post-14403","post","type-post","status-publish","format-standard","has-post-thumbnail","hentry","category-deportes"],"better_featured_image":{"id":14404,"alt_text":"","caption":"","description":"","media_type":"image","media_details":{"width":1600,"height":1067,"file":"2025\/05\/3-12-1746479642830_1600_1067-ITmvLO.jpeg","filesize":100621,"sizes":{"medium":{"file":"3-12-1746479642830_1600_1067-ITmvLO-300x200.jpeg","width":300,"height":200,"mime-type":"image\/jpeg","filesize":14052,"source_url":"https:\/\/nuevodigitaldeescobar.com.ar\/wp-content\/uploads\/2025\/05\/3-12-1746479642830_1600_1067-ITmvLO-300x200.jpeg"},"large":{"file":"3-12-1746479642830_1600_1067-ITmvLO-1024x683.jpeg","width":1024,"height":683,"mime-type":"image\/jpeg","filesize":80352,"source_url":"https:\/\/nuevodigitaldeescobar.com.ar\/wp-content\/uploads\/2025\/05\/3-12-1746479642830_1600_1067-ITmvLO-1024x683.jpeg"},"thumbnail":{"file":"3-12-1746479642830_1600_1067-ITmvLO-150x150.jpeg","width":150,"height":150,"mime-type":"image\/jpeg","filesize":6735,"source_url":"https:\/\/nuevodigitaldeescobar.com.ar\/wp-content\/uploads\/2025\/05\/3-12-1746479642830_1600_1067-ITmvLO-150x150.jpeg"},"medium_large":{"file":"3-12-1746479642830_1600_1067-ITmvLO-768x512.jpeg","width":768,"height":512,"mime-type":"image\/jpeg","filesize":53591,"source_url":"https:\/\/nuevodigitaldeescobar.com.ar\/wp-content\/uploads\/2025\/05\/3-12-1746479642830_1600_1067-ITmvLO-768x512.jpeg"},"1536x1536":{"file":"3-12-1746479642830_1600_1067-ITmvLO-1536x1024.jpeg","width":1536,"height":1024,"mime-type":"image\/jpeg","filesize":140774,"source_url":"https:\/\/nuevodigitaldeescobar.com.ar\/wp-content\/uploads\/2025\/05\/3-12-1746479642830_1600_1067-ITmvLO-1536x1024.jpeg"}},"image_meta":{"aperture":"0","credit":"","camera":"","caption":"","created_timestamp":"0","copyright":"","focal_length":"0","iso":"0","shutter_speed":"0","title":"","orientation":"0","keywords":[]}},"post":14403,"source_url":"https:\/\/nuevodigitaldeescobar.com.ar\/wp-content\/uploads\/2025\/05\/3-12-1746479642830_1600_1067-ITmvLO.jpeg"},"yoast_head":"<!-- This site is optimized with the Yoast SEO plugin v26.1.1 - https:\/\/yoast.com\/wordpress\/plugins\/seo\/ -->\n<title>Gabriel Milito podr\u00eda rechazar el llamado de Riquelme para asumir como DT de Boca - Nuevo Digital de Escobar<\/title>\n<meta name=\"robots\" content=\"index, follow, max-snippet:-1, max-image-preview:large, max-video-preview:-1\" \/>\n<link rel=\"canonical\" href=\"https:\/\/nuevodigitaldeescobar.com.ar\/?p=14403\" \/>\n<meta property=\"og:locale\" content=\"es_ES\" \/>\n<meta property=\"og:type\" content=\"article\" \/>\n<meta property=\"og:title\" content=\"Gabriel Milito podr\u00eda rechazar el llamado de Riquelme para asumir como DT de Boca - Nuevo Digital de Escobar\" \/>\n<meta property=\"og:description\" content=\"De momento, Mariano Herr\u00f3n continuar\u00e1\u00a0al frente del plantel profesional en la previa de los playoff del Torneo Apertura, pero Boca se mantiene en la b\u00fasqueda [&hellip;]\" \/>\n<meta property=\"og:url\" content=\"https:\/\/nuevodigitaldeescobar.com.ar\/?p=14403\" \/>\n<meta property=\"og:site_name\" content=\"Nuevo Digital de Escobar\" \/>\n<meta property=\"article:publisher\" content=\"https:\/\/www.facebook.com\/NUEVODigitalDeEscobar\" \/>\n<meta property=\"article:published_time\" content=\"2025-05-05T21:20:23+00:00\" \/>\n<meta property=\"article:modified_time\" content=\"2025-05-05T21:34:28+00:00\" \/>\n<meta property=\"og:image\" content=\"https:\/\/nuevodigitaldeescobar.com.ar\/wp-content\/uploads\/2025\/05\/3-12-1746479642830_1600_1067-ITmvLO.jpeg\" \/>\n\t<meta property=\"og:image:width\" content=\"1600\" \/>\n\t<meta property=\"og:image:height\" content=\"1067\" \/>\n\t<meta property=\"og:image:type\" content=\"image\/jpeg\" \/>\n<meta name=\"author\" content=\"Redacci\u00f3n\" \/>\n<meta name=\"twitter:card\" content=\"summary_large_image\" \/>\n<meta name=\"twitter:creator\" content=\"@nuevodigescobar\" \/>\n<meta name=\"twitter:site\" content=\"@nuevodigescobar\" \/>\n<meta name=\"twitter:label1\" content=\"Escrito por\" \/>\n\t<meta name=\"twitter:data1\" content=\"Redacci\u00f3n\" \/>\n\t<meta name=\"twitter:label2\" content=\"Tiempo de lectura\" \/>\n\t<meta name=\"twitter:data2\" content=\"2 minutos\" \/>\n<script type=\"application\/ld+json\" class=\"yoast-schema-graph\">{\"@context\":\"https:\/\/schema.org\",\"@graph\":[{\"@type\":\"Article\",\"@id\":\"https:\/\/nuevodigitaldeescobar.com.ar\/?p=14403#article\",\"isPartOf\":{\"@id\":\"https:\/\/nuevodigitaldeescobar.com.ar\/?p=14403\"},\"author\":{\"name\":\"Redacci\u00f3n\",\"@id\":\"https:\/\/nuevodigitaldeescobar.com.ar\/#\/schema\/person\/035e90a8efe9a80e6eec22656ad6ea4c\"},\"headline\":\"Gabriel Milito podr\u00eda rechazar el llamado de Riquelme para asumir como DT de Boca\",\"datePublished\":\"2025-05-05T21:20:23+00:00\",\"dateModified\":\"2025-05-05T21:34:28+00:00\",\"mainEntityOfPage\":{\"@id\":\"https:\/\/nuevodigitaldeescobar.com.ar\/?p=14403\"},\"wordCount\":447,\"commentCount\":0,\"publisher\":{\"@id\":\"https:\/\/nuevodigitaldeescobar.com.ar\/#organization\"},\"image\":{\"@id\":\"https:\/\/nuevodigitaldeescobar.com.ar\/?p=14403#primaryimage\"},\"thumbnailUrl\":\"https:\/\/nuevodigitaldeescobar.com.ar\/wp-content\/uploads\/2025\/05\/3-12-1746479642830_1600_1067-ITmvLO.jpeg\",\"articleSection\":[\"Deportes\"],\"inLanguage\":\"es\",\"potentialAction\":[{\"@type\":\"CommentAction\",\"name\":\"Comment\",\"target\":[\"https:\/\/nuevodigitaldeescobar.com.ar\/?p=14403#respond\"]}]},{\"@type\":\"WebPage\",\"@id\":\"https:\/\/nuevodigitaldeescobar.com.ar\/?p=14403\",\"url\":\"https:\/\/nuevodigitaldeescobar.com.ar\/?p=14403\",\"name\":\"Gabriel Milito podr\u00eda rechazar el llamado de Riquelme para asumir como DT de Boca - Nuevo Digital de Escobar\",\"isPartOf\":{\"@id\":\"https:\/\/nuevodigitaldeescobar.com.ar\/#website\"},\"primaryImageOfPage\":{\"@id\":\"https:\/\/nuevodigitaldeescobar.com.ar\/?p=14403#primaryimage\"},\"image\":{\"@id\":\"https:\/\/nuevodigitaldeescobar.com.ar\/?p=14403#primaryimage\"},\"thumbnailUrl\":\"https:\/\/nuevodigitaldeescobar.com.ar\/wp-content\/uploads\/2025\/05\/3-12-1746479642830_1600_1067-ITmvLO.jpeg\",\"datePublished\":\"2025-05-05T21:20:23+00:00\",\"dateModified\":\"2025-05-05T21:34:28+00:00\",\"breadcrumb\":{\"@id\":\"https:\/\/nuevodigitaldeescobar.com.ar\/?p=14403#breadcrumb\"},\"inLanguage\":\"es\",\"potentialAction\":[{\"@type\":\"ReadAction\",\"target\":[\"https:\/\/nuevodigitaldeescobar.com.ar\/?p=14403\"]}]},{\"@type\":\"ImageObject\",\"inLanguage\":\"es\",\"@id\":\"https:\/\/nuevodigitaldeescobar.com.ar\/?p=14403#primaryimage\",\"url\":\"https:\/\/nuevodigitaldeescobar.com.ar\/wp-content\/uploads\/2025\/05\/3-12-1746479642830_1600_1067-ITmvLO.jpeg\",\"contentUrl\":\"https:\/\/nuevodigitaldeescobar.com.ar\/wp-content\/uploads\/2025\/05\/3-12-1746479642830_1600_1067-ITmvLO.jpeg\",\"width\":1600,\"height\":1067},{\"@type\":\"BreadcrumbList\",\"@id\":\"https:\/\/nuevodigitaldeescobar.com.ar\/?p=14403#breadcrumb\",\"itemListElement\":[{\"@type\":\"ListItem\",\"position\":1,\"name\":\"Portada\",\"item\":\"https:\/\/nuevodigitaldeescobar.com.ar\/\"},{\"@type\":\"ListItem\",\"position\":2,\"name\":\"Gabriel Milito podr\u00eda rechazar el llamado de Riquelme para asumir como DT de Boca\"}]},{\"@type\":\"WebSite\",\"@id\":\"https:\/\/nuevodigitaldeescobar.com.ar\/#website\",\"url\":\"https:\/\/nuevodigitaldeescobar.com.ar\/\",\"name\":\"Nuevo Digital de Escobar\",\"description\":\"La vida escobarense. Directora: Rosana Brunner\",\"publisher\":{\"@id\":\"https:\/\/nuevodigitaldeescobar.com.ar\/#organization\"},\"potentialAction\":[{\"@type\":\"SearchAction\",\"target\":{\"@type\":\"EntryPoint\",\"urlTemplate\":\"https:\/\/nuevodigitaldeescobar.com.ar\/?s={search_term_string}\"},\"query-input\":{\"@type\":\"PropertyValueSpecification\",\"valueRequired\":true,\"valueName\":\"search_term_string\"}}],\"inLanguage\":\"es\"},{\"@type\":\"Organization\",\"@id\":\"https:\/\/nuevodigitaldeescobar.com.ar\/#organization\",\"name\":\"Nuevo Digital de Escobar\",\"url\":\"https:\/\/nuevodigitaldeescobar.com.ar\/\",\"logo\":{\"@type\":\"ImageObject\",\"inLanguage\":\"es\",\"@id\":\"https:\/\/nuevodigitaldeescobar.com.ar\/#\/schema\/logo\/image\/\",\"url\":\"https:\/\/nuevodigitaldeescobar.com.ar\/wp-content\/uploads\/2025\/05\/cropped-logo-nuevo2.jpg\",\"contentUrl\":\"https:\/\/nuevodigitaldeescobar.com.ar\/wp-content\/uploads\/2025\/05\/cropped-logo-nuevo2.jpg\",\"width\":305,\"height\":305,\"caption\":\"Nuevo Digital de Escobar\"},\"image\":{\"@id\":\"https:\/\/nuevodigitaldeescobar.com.ar\/#\/schema\/logo\/image\/\"},\"sameAs\":[\"https:\/\/www.facebook.com\/NUEVODigitalDeEscobar\",\"https:\/\/x.com\/nuevodigescobar\",\"https:\/\/www.instagram.com\/nuevodigitaldeescobar\"]},{\"@type\":\"Person\",\"@id\":\"https:\/\/nuevodigitaldeescobar.com.ar\/#\/schema\/person\/035e90a8efe9a80e6eec22656ad6ea4c\",\"name\":\"Redacci\u00f3n\",\"image\":{\"@type\":\"ImageObject\",\"inLanguage\":\"es\",\"@id\":\"https:\/\/nuevodigitaldeescobar.com.ar\/#\/schema\/person\/image\/\",\"url\":\"https:\/\/secure.gravatar.com\/avatar\/8af8f40000c24e9eef3034f2be5998a372bb1389e64b1a4a36b3a7979142220d?s=96&d=mm&r=g\",\"contentUrl\":\"https:\/\/secure.gravatar.com\/avatar\/8af8f40000c24e9eef3034f2be5998a372bb1389e64b1a4a36b3a7979142220d?s=96&d=mm&r=g\",\"caption\":\"Redacci\u00f3n\"},\"sameAs\":[\"http:\/\/nuevodigitaldeescobar.com.ar\"],\"url\":\"https:\/\/nuevodigitaldeescobar.com.ar\/?author=1\"}]}<\/script>\n<!-- \/ Yoast SEO plugin. -->","yoast_head_json":{"title":"Gabriel Milito podr\u00eda rechazar el llamado de Riquelme para asumir como DT de Boca - Nuevo Digital de Escobar","robots":{"index":"index","follow":"follow","max-snippet":"max-snippet:-1","max-image-preview":"max-image-preview:large","max-video-preview":"max-video-preview:-1"},"canonical":"https:\/\/nuevodigitaldeescobar.com.ar\/?p=14403","og_locale":"es_ES","og_type":"article","og_title":"Gabriel Milito podr\u00eda rechazar el llamado de Riquelme para asumir como DT de Boca - Nuevo Digital de Escobar","og_description":"De momento, Mariano Herr\u00f3n continuar\u00e1\u00a0al frente del plantel profesional en la previa de los playoff del Torneo Apertura, pero Boca se mantiene en la b\u00fasqueda [&hellip;]","og_url":"https:\/\/nuevodigitaldeescobar.com.ar\/?p=14403","og_site_name":"Nuevo Digital de Escobar","article_publisher":"https:\/\/www.facebook.com\/NUEVODigitalDeEscobar","article_published_time":"2025-05-05T21:20:23+00:00","article_modified_time":"2025-05-05T21:34:28+00:00","og_image":[{"width":1600,"height":1067,"url":"https:\/\/nuevodigitaldeescobar.com.ar\/wp-content\/uploads\/2025\/05\/3-12-1746479642830_1600_1067-ITmvLO.jpeg","type":"image\/jpeg"}],"author":"Redacci\u00f3n","twitter_card":"summary_large_image","twitter_creator":"@nuevodigescobar","twitter_site":"@nuevodigescobar","twitter_misc":{"Escrito por":"Redacci\u00f3n","Tiempo de lectura":"2 minutos"},"schema":{"@context":"https:\/\/schema.org","@graph":[{"@type":"Article","@id":"https:\/\/nuevodigitaldeescobar.com.ar\/?p=14403#article","isPartOf":{"@id":"https:\/\/nuevodigitaldeescobar.com.ar\/?p=14403"},"author":{"name":"Redacci\u00f3n","@id":"https:\/\/nuevodigitaldeescobar.com.ar\/#\/schema\/person\/035e90a8efe9a80e6eec22656ad6ea4c"},"headline":"Gabriel Milito podr\u00eda rechazar el llamado de Riquelme para asumir como DT de Boca","datePublished":"2025-05-05T21:20:23+00:00","dateModified":"2025-05-05T21:34:28+00:00","mainEntityOfPage":{"@id":"https:\/\/nuevodigitaldeescobar.com.ar\/?p=14403"},"wordCount":447,"commentCount":0,"publisher":{"@id":"https:\/\/nuevodigitaldeescobar.com.ar\/#organization"},"image":{"@id":"https:\/\/nuevodigitaldeescobar.com.ar\/?p=14403#primaryimage"},"thumbnailUrl":"https:\/\/nuevodigitaldeescobar.com.ar\/wp-content\/uploads\/2025\/05\/3-12-1746479642830_1600_1067-ITmvLO.jpeg","articleSection":["Deportes"],"inLanguage":"es","potentialAction":[{"@type":"CommentAction","name":"Comment","target":["https:\/\/nuevodigitaldeescobar.com.ar\/?p=14403#respond"]}]},{"@type":"WebPage","@id":"https:\/\/nuevodigitaldeescobar.com.ar\/?p=14403","url":"https:\/\/nuevodigitaldeescobar.com.ar\/?p=14403","name":"Gabriel Milito podr\u00eda rechazar el llamado de Riquelme para asumir como DT de Boca - Nuevo Digital de Escobar","isPartOf":{"@id":"https:\/\/nuevodigitaldeescobar.com.ar\/#website"},"primaryImageOfPage":{"@id":"https:\/\/nuevodigitaldeescobar.com.ar\/?p=14403#primaryimage"},"image":{"@id":"https:\/\/nuevodigitaldeescobar.com.ar\/?p=14403#primaryimage"},"thumbnailUrl":"https:\/\/nuevodigitaldeescobar.com.ar\/wp-content\/uploads\/2025\/05\/3-12-1746479642830_1600_1067-ITmvLO.jpeg","datePublished":"2025-05-05T21:20:23+00:00","dateModified":"2025-05-05T21:34:28+00:00","breadcrumb":{"@id":"https:\/\/nuevodigitaldeescobar.com.ar\/?p=14403#breadcrumb"},"inLanguage":"es","potentialAction":[{"@type":"ReadAction","target":["https:\/\/nuevodigitaldeescobar.com.ar\/?p=14403"]}]},{"@type":"ImageObject","inLanguage":"es","@id":"https:\/\/nuevodigitaldeescobar.com.ar\/?p=14403#primaryimage","url":"https:\/\/nuevodigitaldeescobar.com.ar\/wp-content\/uploads\/2025\/05\/3-12-1746479642830_1600_1067-ITmvLO.jpeg","contentUrl":"https:\/\/nuevodigitaldeescobar.com.ar\/wp-content\/uploads\/2025\/05\/3-12-1746479642830_1600_1067-ITmvLO.jpeg","width":1600,"height":1067},{"@type":"BreadcrumbList","@id":"https:\/\/nuevodigitaldeescobar.com.ar\/?p=14403#breadcrumb","itemListElement":[{"@type":"ListItem","position":1,"name":"Portada","item":"https:\/\/nuevodigitaldeescobar.com.ar\/"},{"@type":"ListItem","position":2,"name":"Gabriel Milito podr\u00eda rechazar el llamado de Riquelme para asumir como DT de Boca"}]},{"@type":"WebSite","@id":"https:\/\/nuevodigitaldeescobar.com.ar\/#website","url":"https:\/\/nuevodigitaldeescobar.com.ar\/","name":"Nuevo Digital de Escobar","description":"La vida escobarense. Directora: Rosana Brunner","publisher":{"@id":"https:\/\/nuevodigitaldeescobar.com.ar\/#organization"},"potentialAction":[{"@type":"SearchAction","target":{"@type":"EntryPoint","urlTemplate":"https:\/\/nuevodigitaldeescobar.com.ar\/?s={search_term_string}"},"query-input":{"@type":"PropertyValueSpecification","valueRequired":true,"valueName":"search_term_string"}}],"inLanguage":"es"},{"@type":"Organization","@id":"https:\/\/nuevodigitaldeescobar.com.ar\/#organization","name":"Nuevo Digital de Escobar","url":"https:\/\/nuevodigitaldeescobar.com.ar\/","logo":{"@type":"ImageObject","inLanguage":"es","@id":"https:\/\/nuevodigitaldeescobar.com.ar\/#\/schema\/logo\/image\/","url":"https:\/\/nuevodigitaldeescobar.com.ar\/wp-content\/uploads\/2025\/05\/cropped-logo-nuevo2.jpg","contentUrl":"https:\/\/nuevodigitaldeescobar.com.ar\/wp-content\/uploads\/2025\/05\/cropped-logo-nuevo2.jpg","width":305,"height":305,"caption":"Nuevo Digital de Escobar"},"image":{"@id":"https:\/\/nuevodigitaldeescobar.com.ar\/#\/schema\/logo\/image\/"},"sameAs":["https:\/\/www.facebook.com\/NUEVODigitalDeEscobar","https:\/\/x.com\/nuevodigescobar","https:\/\/www.instagram.com\/nuevodigitaldeescobar"]},{"@type":"Person","@id":"https:\/\/nuevodigitaldeescobar.com.ar\/#\/schema\/person\/035e90a8efe9a80e6eec22656ad6ea4c","name":"Redacci\u00f3n","image":{"@type":"ImageObject","inLanguage":"es","@id":"https:\/\/nuevodigitaldeescobar.com.ar\/#\/schema\/person\/image\/","url":"https:\/\/secure.gravatar.com\/avatar\/8af8f40000c24e9eef3034f2be5998a372bb1389e64b1a4a36b3a7979142220d?s=96&d=mm&r=g","contentUrl":"https:\/\/secure.gravatar.com\/avatar\/8af8f40000c24e9eef3034f2be5998a372bb1389e64b1a4a36b3a7979142220d?s=96&d=mm&r=g","caption":"Redacci\u00f3n"},"sameAs":["http:\/\/nuevodigitaldeescobar.com.ar"],"url":"https:\/\/nuevodigitaldeescobar.com.ar\/?author=1"}]}},"featured_image_urls":{"full":["https:\/\/nuevodigitaldeescobar.com.ar\/wp-content\/uploads\/2025\/05\/3-12-1746479642830_1600_1067-ITmvLO.jpeg",1600,1067,false],"thumbnail":["https:\/\/nuevodigitaldeescobar.com.ar\/wp-content\/uploads\/2025\/05\/3-12-1746479642830_1600_1067-ITmvLO-150x150.jpeg",150,150,true],"medium":["https:\/\/nuevodigitaldeescobar.com.ar\/wp-content\/uploads\/2025\/05\/3-12-1746479642830_1600_1067-ITmvLO-300x200.jpeg",300,200,true],"medium_large":["https:\/\/nuevodigitaldeescobar.com.ar\/wp-content\/uploads\/2025\/05\/3-12-1746479642830_1600_1067-ITmvLO-768x512.jpeg",640,427,true],"large":["https:\/\/nuevodigitaldeescobar.com.ar\/wp-content\/uploads\/2025\/05\/3-12-1746479642830_1600_1067-ITmvLO-1024x683.jpeg",640,427,true],"1536x1536":["https:\/\/nuevodigitaldeescobar.com.ar\/wp-content\/uploads\/2025\/05\/3-12-1746479642830_1600_1067-ITmvLO-1536x1024.jpeg",1536,1024,true],"2048x2048":["https:\/\/nuevodigitaldeescobar.com.ar\/wp-content\/uploads\/2025\/05\/3-12-1746479642830_1600_1067-ITmvLO.jpeg",1600,1067,false]},"author_info":{"display_name":"Redacci\u00f3n","author_link":"https:\/\/nuevodigitaldeescobar.com.ar\/?author=1"},"category_info":"<a href=\"https:\/\/nuevodigitaldeescobar.com.ar\/?cat=8\" rel=\"category\">Deportes<\/a>","tag_info":"Deportes","comment_count":"0","_links":{"self":[{"href":"https:\/\/nuevodigitaldeescobar.com.ar\/index.php?rest_route=\/wp\/v2\/posts\/14403","targetHints":{"allow":["GET"]}}],"collection":[{"href":"https:\/\/nuevodigitaldeescobar.com.ar\/index.php?rest_route=\/wp\/v2\/posts"}],"about":[{"href":"https:\/\/nuevodigitaldeescobar.com.ar\/index.php?rest_route=\/wp\/v2\/types\/post"}],"author":[{"embeddable":true,"href":"https:\/\/nuevodigitaldeescobar.com.ar\/index.php?rest_route=\/wp\/v2\/users\/1"}],"replies":[{"embeddable":true,"href":"https:\/\/nuevodigitaldeescobar.com.ar\/index.php?rest_route=%2Fwp%2Fv2%2Fcomments&post=14403"}],"version-history":[{"count":1,"href":"https:\/\/nuevodigitaldeescobar.com.ar\/index.php?rest_route=\/wp\/v2\/posts\/14403\/revisions"}],"predecessor-version":[{"id":14408,"href":"https:\/\/nuevodigitaldeescobar.com.ar\/index.php?rest_route=\/wp\/v2\/posts\/14403\/revisions\/14408"}],"wp:featuredmedia":[{"embeddable":true,"href":"https:\/\/nuevodigitaldeescobar.com.ar\/index.php?rest_route=\/wp\/v2\/media\/14404"}],"wp:attachment":[{"href":"https:\/\/nuevodigitaldeescobar.com.ar\/index.php?rest_route=%2Fwp%2Fv2%2Fmedia&parent=14403"}],"wp:term":[{"taxonomy":"category","embeddable":true,"href":"https:\/\/nuevodigitaldeescobar.com.ar\/index.php?rest_route=%2Fwp%2Fv2%2Fcategories&post=14403"},{"taxonomy":"post_tag","embeddable":true,"href":"https:\/\/nuevodigitaldeescobar.com.ar\/index.php?rest_route=%2Fwp%2Fv2%2Ftags&post=14403"}],"curies":[{"name":"wp","href":"https:\/\/api.w.org\/{rel}","templated":true}]}}