{"id":14427,"date":"2025-05-06T15:20:47","date_gmt":"2025-05-06T18:20:47","guid":{"rendered":"https:\/\/nuevodigitaldeescobar.com.ar\/?p=14427"},"modified":"2025-05-06T16:00:26","modified_gmt":"2025-05-06T19:00:26","slug":"ayrton-costa-no-podria-ir-al-mundial-de-clubes-con-boca-por-un-problema-con-la-visa","status":"publish","type":"post","link":"https:\/\/nuevodigitaldeescobar.com.ar\/?p=14427","title":{"rendered":"Ayrton Costa no podr\u00eda ir al Mundial de Clubes con Boca por un problema con la Visa"},"content":{"rendered":"\n<p>Desde la llegada de <strong>Ayrton Costa<\/strong>, en el club eran conscientes de que podr\u00eda surgir un inconveniente, aunque confiaban en poder resolverlo. Sin embargo, a poco m\u00e1s de un mes para el inicio del <a href=\"https:\/\/derechadiario.com.ar\/deportes\/se-filtro-parche-que-usaran-las-camisetas-boca-y-river-mundial-clubes\" title=\"Se filtr\u00f3 el parche que usar\u00e1n las camisetas de Boca y River en el Mundial de Clubes\"><strong>Mundial de Clubes<\/strong><\/a>, <strong>el jugador a\u00fan no obtuvo la Visa para ingresar a Estados Unidos debido a una probation vigente en la Justicia<\/strong>.<\/p>\n<p>El <a href=\"https:\/\/derechadiario.com.ar\/deportes\/gabriel-milito-podria-rechazar-llamado-riquelme-para-asumir-como-dt-boca\" title=\"Gabriel Milito podr\u00eda rechazar el llamado de Riquelme para asumir como DT de Boca\"><strong>Xeneize<\/strong><\/a>\u00a0ahora deposita sus esperanzas en la intervenci\u00f3n de la FIFA para que el defensor pueda participar del torneo internacional.<\/p>\n<p><strong>En Boca mantienen cierto grado de optimismo<\/strong>, pero entienden que la resoluci\u00f3n escapa a su control. \u00a0<strong>Dependen de la gesti\u00f3n de terceros<\/strong>, ya que\u00a0por un lado est\u00e1 la <strong>capacidad de influencia que pueda tener la entidad dirigida por Gianni Infantino<\/strong>\u00a0y por otro <strong>la decisi\u00f3n final de las autoridades migratorias estadounidenses<\/strong>.<\/p>\n<div class=\"inter_image image_horizontal\">\n<div>\n<span class=\"img_footer\">Boca depende de FIFA y la embajada <\/span>| \n<\/div>\n<p>La causa judicial que complica la situaci\u00f3n del jugador est\u00e1 caratulada como \u00ab<strong><em>robo calificado en poblado y en banda<\/em><\/strong>\u00ab. El episodio ocurri\u00f3 en junio de <strong>2018<\/strong>, cuando <strong>el zaguero, su hermano y otra persona m\u00e1s fueron acusados de ingresar a robar a una vivienda en Bernal Oeste<\/strong>.<\/p>\n<p>Fueron interceptados por la Polic\u00eda sin estar armados y, como los objetos sustra\u00eddos fueron recuperados, no quedaron detenidos. M\u00e1s adelante, el defensor accedi\u00f3 a una probation para evitar llegar a juicio oral.<\/p>\n<p>A fines de <strong>2024<\/strong>, cuando \u00a0<strong>tramit\u00f3 por primera vez la Visa para ingresar a EE.UU.<\/strong>, le fue <strong>rechazada<\/strong>\u00a0 por esta misma raz\u00f3n. <strong>Este a\u00f1o inici\u00f3 un nuevo intento, pero la respuesta volvi\u00f3 a ser negativa<\/strong>, complicando seriamente su disponibilidad para el renovado certamen mundialista que comenzar\u00e1 a mediados de junio.<\/p>\n<p>Sin margen para modificar la decisi\u00f3n de la Embajada norteamericana, <strong>Boca se aferra ahora a una posible intervenci\u00f3n de la FIFA<\/strong>.<\/p>\n<p>La esperanza est\u00e1 puesta en que, al tratarse de un <strong>permiso puntual para un evento espec\u00edfico y de corta duraci\u00f3<\/strong>n, las autoridades estadounidenses puedan considerar una excepci\u00f3n que le permita a Ayrton Costa disputar el Mundial de Clubes.<\/p>\n","protected":false},"excerpt":{"rendered":"<p>Desde la llegada de Ayrton Costa, en el club eran conscientes de que podr\u00eda surgir un inconveniente, aunque confiaban en poder resolverlo. Sin embargo, a [&hellip;]<\/p>\n","protected":false},"author":1,"featured_media":14428,"comment_status":"open","ping_status":"open","sticky":false,"template":"","format":"standard","meta":{"footnotes":""},"categories":[8],"tags":[],"class_list":["post-14427","post","type-post","status-publish","format-standard","has-post-thumbnail","hentry","category-deportes"],"better_featured_image":{"id":14428,"alt_text":"","caption":"","description":"","media_type":"image","media_details":{"width":1600,"height":1067,"file":"2025\/05\/3-3-1746550749291_1600_1067-RdW6mH.jpeg","filesize":83582,"sizes":{"medium":{"file":"3-3-1746550749291_1600_1067-RdW6mH-300x200.jpeg","width":300,"height":200,"mime-type":"image\/jpeg","filesize":13113,"source_url":"https:\/\/nuevodigitaldeescobar.com.ar\/wp-content\/uploads\/2025\/05\/3-3-1746550749291_1600_1067-RdW6mH-300x200.jpeg"},"large":{"file":"3-3-1746550749291_1600_1067-RdW6mH-1024x683.jpeg","width":1024,"height":683,"mime-type":"image\/jpeg","filesize":69577,"source_url":"https:\/\/nuevodigitaldeescobar.com.ar\/wp-content\/uploads\/2025\/05\/3-3-1746550749291_1600_1067-RdW6mH-1024x683.jpeg"},"thumbnail":{"file":"3-3-1746550749291_1600_1067-RdW6mH-150x150.jpeg","width":150,"height":150,"mime-type":"image\/jpeg","filesize":6530,"source_url":"https:\/\/nuevodigitaldeescobar.com.ar\/wp-content\/uploads\/2025\/05\/3-3-1746550749291_1600_1067-RdW6mH-150x150.jpeg"},"medium_large":{"file":"3-3-1746550749291_1600_1067-RdW6mH-768x512.jpeg","width":768,"height":512,"mime-type":"image\/jpeg","filesize":46995,"source_url":"https:\/\/nuevodigitaldeescobar.com.ar\/wp-content\/uploads\/2025\/05\/3-3-1746550749291_1600_1067-RdW6mH-768x512.jpeg"},"1536x1536":{"file":"3-3-1746550749291_1600_1067-RdW6mH-1536x1024.jpeg","width":1536,"height":1024,"mime-type":"image\/jpeg","filesize":120608,"source_url":"https:\/\/nuevodigitaldeescobar.com.ar\/wp-content\/uploads\/2025\/05\/3-3-1746550749291_1600_1067-RdW6mH-1536x1024.jpeg"}},"image_meta":{"aperture":"0","credit":"","camera":"","caption":"","created_timestamp":"0","copyright":"","focal_length":"0","iso":"0","shutter_speed":"0","title":"","orientation":"0","keywords":[]}},"post":14427,"source_url":"https:\/\/nuevodigitaldeescobar.com.ar\/wp-content\/uploads\/2025\/05\/3-3-1746550749291_1600_1067-RdW6mH.jpeg"},"yoast_head":"<!-- This site is optimized with the Yoast SEO plugin v26.1.1 - https:\/\/yoast.com\/wordpress\/plugins\/seo\/ -->\n<title>Ayrton Costa no podr\u00eda ir al Mundial de Clubes con Boca por un problema con la Visa - Nuevo Digital de Escobar<\/title>\n<meta name=\"robots\" content=\"index, follow, max-snippet:-1, max-image-preview:large, max-video-preview:-1\" \/>\n<link rel=\"canonical\" href=\"https:\/\/nuevodigitaldeescobar.com.ar\/?p=14427\" \/>\n<meta property=\"og:locale\" content=\"es_ES\" \/>\n<meta property=\"og:type\" content=\"article\" \/>\n<meta property=\"og:title\" content=\"Ayrton Costa no podr\u00eda ir al Mundial de Clubes con Boca por un problema con la Visa - Nuevo Digital de Escobar\" \/>\n<meta property=\"og:description\" content=\"Desde la llegada de Ayrton Costa, en el club eran conscientes de que podr\u00eda surgir un inconveniente, aunque confiaban en poder resolverlo. Sin embargo, a [&hellip;]\" \/>\n<meta property=\"og:url\" content=\"https:\/\/nuevodigitaldeescobar.com.ar\/?p=14427\" \/>\n<meta property=\"og:site_name\" content=\"Nuevo Digital de Escobar\" \/>\n<meta property=\"article:publisher\" content=\"https:\/\/www.facebook.com\/NUEVODigitalDeEscobar\" \/>\n<meta property=\"article:published_time\" content=\"2025-05-06T18:20:47+00:00\" \/>\n<meta property=\"article:modified_time\" content=\"2025-05-06T19:00:26+00:00\" \/>\n<meta property=\"og:image\" content=\"https:\/\/nuevodigitaldeescobar.com.ar\/wp-content\/uploads\/2025\/05\/3-3-1746550749291_1600_1067-RdW6mH.jpeg\" \/>\n\t<meta property=\"og:image:width\" content=\"1600\" \/>\n\t<meta property=\"og:image:height\" content=\"1067\" \/>\n\t<meta property=\"og:image:type\" content=\"image\/jpeg\" \/>\n<meta name=\"author\" content=\"Redacci\u00f3n\" \/>\n<meta name=\"twitter:card\" content=\"summary_large_image\" \/>\n<meta name=\"twitter:creator\" content=\"@nuevodigescobar\" \/>\n<meta name=\"twitter:site\" content=\"@nuevodigescobar\" \/>\n<meta name=\"twitter:label1\" content=\"Escrito por\" \/>\n\t<meta name=\"twitter:data1\" content=\"Redacci\u00f3n\" \/>\n\t<meta name=\"twitter:label2\" content=\"Tiempo de lectura\" \/>\n\t<meta name=\"twitter:data2\" content=\"2 minutos\" \/>\n<script type=\"application\/ld+json\" class=\"yoast-schema-graph\">{\"@context\":\"https:\/\/schema.org\",\"@graph\":[{\"@type\":\"Article\",\"@id\":\"https:\/\/nuevodigitaldeescobar.com.ar\/?p=14427#article\",\"isPartOf\":{\"@id\":\"https:\/\/nuevodigitaldeescobar.com.ar\/?p=14427\"},\"author\":{\"name\":\"Redacci\u00f3n\",\"@id\":\"https:\/\/nuevodigitaldeescobar.com.ar\/#\/schema\/person\/035e90a8efe9a80e6eec22656ad6ea4c\"},\"headline\":\"Ayrton Costa no podr\u00eda ir al Mundial de Clubes con Boca por un problema con la Visa\",\"datePublished\":\"2025-05-06T18:20:47+00:00\",\"dateModified\":\"2025-05-06T19:00:26+00:00\",\"mainEntityOfPage\":{\"@id\":\"https:\/\/nuevodigitaldeescobar.com.ar\/?p=14427\"},\"wordCount\":361,\"commentCount\":0,\"publisher\":{\"@id\":\"https:\/\/nuevodigitaldeescobar.com.ar\/#organization\"},\"image\":{\"@id\":\"https:\/\/nuevodigitaldeescobar.com.ar\/?p=14427#primaryimage\"},\"thumbnailUrl\":\"https:\/\/nuevodigitaldeescobar.com.ar\/wp-content\/uploads\/2025\/05\/3-3-1746550749291_1600_1067-RdW6mH.jpeg\",\"articleSection\":[\"Deportes\"],\"inLanguage\":\"es\",\"potentialAction\":[{\"@type\":\"CommentAction\",\"name\":\"Comment\",\"target\":[\"https:\/\/nuevodigitaldeescobar.com.ar\/?p=14427#respond\"]}]},{\"@type\":\"WebPage\",\"@id\":\"https:\/\/nuevodigitaldeescobar.com.ar\/?p=14427\",\"url\":\"https:\/\/nuevodigitaldeescobar.com.ar\/?p=14427\",\"name\":\"Ayrton Costa no podr\u00eda ir al Mundial de Clubes con Boca por un problema con la Visa - Nuevo Digital de Escobar\",\"isPartOf\":{\"@id\":\"https:\/\/nuevodigitaldeescobar.com.ar\/#website\"},\"primaryImageOfPage\":{\"@id\":\"https:\/\/nuevodigitaldeescobar.com.ar\/?p=14427#primaryimage\"},\"image\":{\"@id\":\"https:\/\/nuevodigitaldeescobar.com.ar\/?p=14427#primaryimage\"},\"thumbnailUrl\":\"https:\/\/nuevodigitaldeescobar.com.ar\/wp-content\/uploads\/2025\/05\/3-3-1746550749291_1600_1067-RdW6mH.jpeg\",\"datePublished\":\"2025-05-06T18:20:47+00:00\",\"dateModified\":\"2025-05-06T19:00:26+00:00\",\"breadcrumb\":{\"@id\":\"https:\/\/nuevodigitaldeescobar.com.ar\/?p=14427#breadcrumb\"},\"inLanguage\":\"es\",\"potentialAction\":[{\"@type\":\"ReadAction\",\"target\":[\"https:\/\/nuevodigitaldeescobar.com.ar\/?p=14427\"]}]},{\"@type\":\"ImageObject\",\"inLanguage\":\"es\",\"@id\":\"https:\/\/nuevodigitaldeescobar.com.ar\/?p=14427#primaryimage\",\"url\":\"https:\/\/nuevodigitaldeescobar.com.ar\/wp-content\/uploads\/2025\/05\/3-3-1746550749291_1600_1067-RdW6mH.jpeg\",\"contentUrl\":\"https:\/\/nuevodigitaldeescobar.com.ar\/wp-content\/uploads\/2025\/05\/3-3-1746550749291_1600_1067-RdW6mH.jpeg\",\"width\":1600,\"height\":1067},{\"@type\":\"BreadcrumbList\",\"@id\":\"https:\/\/nuevodigitaldeescobar.com.ar\/?p=14427#breadcrumb\",\"itemListElement\":[{\"@type\":\"ListItem\",\"position\":1,\"name\":\"Portada\",\"item\":\"https:\/\/nuevodigitaldeescobar.com.ar\/\"},{\"@type\":\"ListItem\",\"position\":2,\"name\":\"Ayrton Costa no podr\u00eda ir al Mundial de Clubes con Boca por un problema con la Visa\"}]},{\"@type\":\"WebSite\",\"@id\":\"https:\/\/nuevodigitaldeescobar.com.ar\/#website\",\"url\":\"https:\/\/nuevodigitaldeescobar.com.ar\/\",\"name\":\"Nuevo Digital de Escobar\",\"description\":\"La vida escobarense. Directora: Rosana Brunner\",\"publisher\":{\"@id\":\"https:\/\/nuevodigitaldeescobar.com.ar\/#organization\"},\"potentialAction\":[{\"@type\":\"SearchAction\",\"target\":{\"@type\":\"EntryPoint\",\"urlTemplate\":\"https:\/\/nuevodigitaldeescobar.com.ar\/?s={search_term_string}\"},\"query-input\":{\"@type\":\"PropertyValueSpecification\",\"valueRequired\":true,\"valueName\":\"search_term_string\"}}],\"inLanguage\":\"es\"},{\"@type\":\"Organization\",\"@id\":\"https:\/\/nuevodigitaldeescobar.com.ar\/#organization\",\"name\":\"Nuevo Digital de Escobar\",\"url\":\"https:\/\/nuevodigitaldeescobar.com.ar\/\",\"logo\":{\"@type\":\"ImageObject\",\"inLanguage\":\"es\",\"@id\":\"https:\/\/nuevodigitaldeescobar.com.ar\/#\/schema\/logo\/image\/\",\"url\":\"https:\/\/nuevodigitaldeescobar.com.ar\/wp-content\/uploads\/2025\/05\/cropped-logo-nuevo2.jpg\",\"contentUrl\":\"https:\/\/nuevodigitaldeescobar.com.ar\/wp-content\/uploads\/2025\/05\/cropped-logo-nuevo2.jpg\",\"width\":305,\"height\":305,\"caption\":\"Nuevo Digital de Escobar\"},\"image\":{\"@id\":\"https:\/\/nuevodigitaldeescobar.com.ar\/#\/schema\/logo\/image\/\"},\"sameAs\":[\"https:\/\/www.facebook.com\/NUEVODigitalDeEscobar\",\"https:\/\/x.com\/nuevodigescobar\",\"https:\/\/www.instagram.com\/nuevodigitaldeescobar\"]},{\"@type\":\"Person\",\"@id\":\"https:\/\/nuevodigitaldeescobar.com.ar\/#\/schema\/person\/035e90a8efe9a80e6eec22656ad6ea4c\",\"name\":\"Redacci\u00f3n\",\"image\":{\"@type\":\"ImageObject\",\"inLanguage\":\"es\",\"@id\":\"https:\/\/nuevodigitaldeescobar.com.ar\/#\/schema\/person\/image\/\",\"url\":\"https:\/\/secure.gravatar.com\/avatar\/8af8f40000c24e9eef3034f2be5998a372bb1389e64b1a4a36b3a7979142220d?s=96&d=mm&r=g\",\"contentUrl\":\"https:\/\/secure.gravatar.com\/avatar\/8af8f40000c24e9eef3034f2be5998a372bb1389e64b1a4a36b3a7979142220d?s=96&d=mm&r=g\",\"caption\":\"Redacci\u00f3n\"},\"sameAs\":[\"http:\/\/nuevodigitaldeescobar.com.ar\"],\"url\":\"https:\/\/nuevodigitaldeescobar.com.ar\/?author=1\"}]}<\/script>\n<!-- \/ Yoast SEO plugin. -->","yoast_head_json":{"title":"Ayrton Costa no podr\u00eda ir al Mundial de Clubes con Boca por un problema con la Visa - Nuevo Digital de Escobar","robots":{"index":"index","follow":"follow","max-snippet":"max-snippet:-1","max-image-preview":"max-image-preview:large","max-video-preview":"max-video-preview:-1"},"canonical":"https:\/\/nuevodigitaldeescobar.com.ar\/?p=14427","og_locale":"es_ES","og_type":"article","og_title":"Ayrton Costa no podr\u00eda ir al Mundial de Clubes con Boca por un problema con la Visa - Nuevo Digital de Escobar","og_description":"Desde la llegada de Ayrton Costa, en el club eran conscientes de que podr\u00eda surgir un inconveniente, aunque confiaban en poder resolverlo. Sin embargo, a [&hellip;]","og_url":"https:\/\/nuevodigitaldeescobar.com.ar\/?p=14427","og_site_name":"Nuevo Digital de Escobar","article_publisher":"https:\/\/www.facebook.com\/NUEVODigitalDeEscobar","article_published_time":"2025-05-06T18:20:47+00:00","article_modified_time":"2025-05-06T19:00:26+00:00","og_image":[{"width":1600,"height":1067,"url":"https:\/\/nuevodigitaldeescobar.com.ar\/wp-content\/uploads\/2025\/05\/3-3-1746550749291_1600_1067-RdW6mH.jpeg","type":"image\/jpeg"}],"author":"Redacci\u00f3n","twitter_card":"summary_large_image","twitter_creator":"@nuevodigescobar","twitter_site":"@nuevodigescobar","twitter_misc":{"Escrito por":"Redacci\u00f3n","Tiempo de lectura":"2 minutos"},"schema":{"@context":"https:\/\/schema.org","@graph":[{"@type":"Article","@id":"https:\/\/nuevodigitaldeescobar.com.ar\/?p=14427#article","isPartOf":{"@id":"https:\/\/nuevodigitaldeescobar.com.ar\/?p=14427"},"author":{"name":"Redacci\u00f3n","@id":"https:\/\/nuevodigitaldeescobar.com.ar\/#\/schema\/person\/035e90a8efe9a80e6eec22656ad6ea4c"},"headline":"Ayrton Costa no podr\u00eda ir al Mundial de Clubes con Boca por un problema con la Visa","datePublished":"2025-05-06T18:20:47+00:00","dateModified":"2025-05-06T19:00:26+00:00","mainEntityOfPage":{"@id":"https:\/\/nuevodigitaldeescobar.com.ar\/?p=14427"},"wordCount":361,"commentCount":0,"publisher":{"@id":"https:\/\/nuevodigitaldeescobar.com.ar\/#organization"},"image":{"@id":"https:\/\/nuevodigitaldeescobar.com.ar\/?p=14427#primaryimage"},"thumbnailUrl":"https:\/\/nuevodigitaldeescobar.com.ar\/wp-content\/uploads\/2025\/05\/3-3-1746550749291_1600_1067-RdW6mH.jpeg","articleSection":["Deportes"],"inLanguage":"es","potentialAction":[{"@type":"CommentAction","name":"Comment","target":["https:\/\/nuevodigitaldeescobar.com.ar\/?p=14427#respond"]}]},{"@type":"WebPage","@id":"https:\/\/nuevodigitaldeescobar.com.ar\/?p=14427","url":"https:\/\/nuevodigitaldeescobar.com.ar\/?p=14427","name":"Ayrton Costa no podr\u00eda ir al Mundial de Clubes con Boca por un problema con la Visa - Nuevo Digital de Escobar","isPartOf":{"@id":"https:\/\/nuevodigitaldeescobar.com.ar\/#website"},"primaryImageOfPage":{"@id":"https:\/\/nuevodigitaldeescobar.com.ar\/?p=14427#primaryimage"},"image":{"@id":"https:\/\/nuevodigitaldeescobar.com.ar\/?p=14427#primaryimage"},"thumbnailUrl":"https:\/\/nuevodigitaldeescobar.com.ar\/wp-content\/uploads\/2025\/05\/3-3-1746550749291_1600_1067-RdW6mH.jpeg","datePublished":"2025-05-06T18:20:47+00:00","dateModified":"2025-05-06T19:00:26+00:00","breadcrumb":{"@id":"https:\/\/nuevodigitaldeescobar.com.ar\/?p=14427#breadcrumb"},"inLanguage":"es","potentialAction":[{"@type":"ReadAction","target":["https:\/\/nuevodigitaldeescobar.com.ar\/?p=14427"]}]},{"@type":"ImageObject","inLanguage":"es","@id":"https:\/\/nuevodigitaldeescobar.com.ar\/?p=14427#primaryimage","url":"https:\/\/nuevodigitaldeescobar.com.ar\/wp-content\/uploads\/2025\/05\/3-3-1746550749291_1600_1067-RdW6mH.jpeg","contentUrl":"https:\/\/nuevodigitaldeescobar.com.ar\/wp-content\/uploads\/2025\/05\/3-3-1746550749291_1600_1067-RdW6mH.jpeg","width":1600,"height":1067},{"@type":"BreadcrumbList","@id":"https:\/\/nuevodigitaldeescobar.com.ar\/?p=14427#breadcrumb","itemListElement":[{"@type":"ListItem","position":1,"name":"Portada","item":"https:\/\/nuevodigitaldeescobar.com.ar\/"},{"@type":"ListItem","position":2,"name":"Ayrton Costa no podr\u00eda ir al Mundial de Clubes con Boca por un problema con la Visa"}]},{"@type":"WebSite","@id":"https:\/\/nuevodigitaldeescobar.com.ar\/#website","url":"https:\/\/nuevodigitaldeescobar.com.ar\/","name":"Nuevo Digital de Escobar","description":"La vida escobarense. Directora: Rosana Brunner","publisher":{"@id":"https:\/\/nuevodigitaldeescobar.com.ar\/#organization"},"potentialAction":[{"@type":"SearchAction","target":{"@type":"EntryPoint","urlTemplate":"https:\/\/nuevodigitaldeescobar.com.ar\/?s={search_term_string}"},"query-input":{"@type":"PropertyValueSpecification","valueRequired":true,"valueName":"search_term_string"}}],"inLanguage":"es"},{"@type":"Organization","@id":"https:\/\/nuevodigitaldeescobar.com.ar\/#organization","name":"Nuevo Digital de Escobar","url":"https:\/\/nuevodigitaldeescobar.com.ar\/","logo":{"@type":"ImageObject","inLanguage":"es","@id":"https:\/\/nuevodigitaldeescobar.com.ar\/#\/schema\/logo\/image\/","url":"https:\/\/nuevodigitaldeescobar.com.ar\/wp-content\/uploads\/2025\/05\/cropped-logo-nuevo2.jpg","contentUrl":"https:\/\/nuevodigitaldeescobar.com.ar\/wp-content\/uploads\/2025\/05\/cropped-logo-nuevo2.jpg","width":305,"height":305,"caption":"Nuevo Digital de Escobar"},"image":{"@id":"https:\/\/nuevodigitaldeescobar.com.ar\/#\/schema\/logo\/image\/"},"sameAs":["https:\/\/www.facebook.com\/NUEVODigitalDeEscobar","https:\/\/x.com\/nuevodigescobar","https:\/\/www.instagram.com\/nuevodigitaldeescobar"]},{"@type":"Person","@id":"https:\/\/nuevodigitaldeescobar.com.ar\/#\/schema\/person\/035e90a8efe9a80e6eec22656ad6ea4c","name":"Redacci\u00f3n","image":{"@type":"ImageObject","inLanguage":"es","@id":"https:\/\/nuevodigitaldeescobar.com.ar\/#\/schema\/person\/image\/","url":"https:\/\/secure.gravatar.com\/avatar\/8af8f40000c24e9eef3034f2be5998a372bb1389e64b1a4a36b3a7979142220d?s=96&d=mm&r=g","contentUrl":"https:\/\/secure.gravatar.com\/avatar\/8af8f40000c24e9eef3034f2be5998a372bb1389e64b1a4a36b3a7979142220d?s=96&d=mm&r=g","caption":"Redacci\u00f3n"},"sameAs":["http:\/\/nuevodigitaldeescobar.com.ar"],"url":"https:\/\/nuevodigitaldeescobar.com.ar\/?author=1"}]}},"featured_image_urls":{"full":["https:\/\/nuevodigitaldeescobar.com.ar\/wp-content\/uploads\/2025\/05\/3-3-1746550749291_1600_1067-RdW6mH.jpeg",1600,1067,false],"thumbnail":["https:\/\/nuevodigitaldeescobar.com.ar\/wp-content\/uploads\/2025\/05\/3-3-1746550749291_1600_1067-RdW6mH-150x150.jpeg",150,150,true],"medium":["https:\/\/nuevodigitaldeescobar.com.ar\/wp-content\/uploads\/2025\/05\/3-3-1746550749291_1600_1067-RdW6mH-300x200.jpeg",300,200,true],"medium_large":["https:\/\/nuevodigitaldeescobar.com.ar\/wp-content\/uploads\/2025\/05\/3-3-1746550749291_1600_1067-RdW6mH-768x512.jpeg",640,427,true],"large":["https:\/\/nuevodigitaldeescobar.com.ar\/wp-content\/uploads\/2025\/05\/3-3-1746550749291_1600_1067-RdW6mH-1024x683.jpeg",640,427,true],"1536x1536":["https:\/\/nuevodigitaldeescobar.com.ar\/wp-content\/uploads\/2025\/05\/3-3-1746550749291_1600_1067-RdW6mH-1536x1024.jpeg",1536,1024,true],"2048x2048":["https:\/\/nuevodigitaldeescobar.com.ar\/wp-content\/uploads\/2025\/05\/3-3-1746550749291_1600_1067-RdW6mH.jpeg",1600,1067,false]},"author_info":{"display_name":"Redacci\u00f3n","author_link":"https:\/\/nuevodigitaldeescobar.com.ar\/?author=1"},"category_info":"<a href=\"https:\/\/nuevodigitaldeescobar.com.ar\/?cat=8\" rel=\"category\">Deportes<\/a>","tag_info":"Deportes","comment_count":"0","_links":{"self":[{"href":"https:\/\/nuevodigitaldeescobar.com.ar\/index.php?rest_route=\/wp\/v2\/posts\/14427","targetHints":{"allow":["GET"]}}],"collection":[{"href":"https:\/\/nuevodigitaldeescobar.com.ar\/index.php?rest_route=\/wp\/v2\/posts"}],"about":[{"href":"https:\/\/nuevodigitaldeescobar.com.ar\/index.php?rest_route=\/wp\/v2\/types\/post"}],"author":[{"embeddable":true,"href":"https:\/\/nuevodigitaldeescobar.com.ar\/index.php?rest_route=\/wp\/v2\/users\/1"}],"replies":[{"embeddable":true,"href":"https:\/\/nuevodigitaldeescobar.com.ar\/index.php?rest_route=%2Fwp%2Fv2%2Fcomments&post=14427"}],"version-history":[{"count":1,"href":"https:\/\/nuevodigitaldeescobar.com.ar\/index.php?rest_route=\/wp\/v2\/posts\/14427\/revisions"}],"predecessor-version":[{"id":14429,"href":"https:\/\/nuevodigitaldeescobar.com.ar\/index.php?rest_route=\/wp\/v2\/posts\/14427\/revisions\/14429"}],"wp:featuredmedia":[{"embeddable":true,"href":"https:\/\/nuevodigitaldeescobar.com.ar\/index.php?rest_route=\/wp\/v2\/media\/14428"}],"wp:attachment":[{"href":"https:\/\/nuevodigitaldeescobar.com.ar\/index.php?rest_route=%2Fwp%2Fv2%2Fmedia&parent=14427"}],"wp:term":[{"taxonomy":"category","embeddable":true,"href":"https:\/\/nuevodigitaldeescobar.com.ar\/index.php?rest_route=%2Fwp%2Fv2%2Fcategories&post=14427"},{"taxonomy":"post_tag","embeddable":true,"href":"https:\/\/nuevodigitaldeescobar.com.ar\/index.php?rest_route=%2Fwp%2Fv2%2Ftags&post=14427"}],"curies":[{"name":"wp","href":"https:\/\/api.w.org\/{rel}","templated":true}]}}