{"id":14442,"date":"2025-05-07T10:20:19","date_gmt":"2025-05-07T13:20:19","guid":{"rendered":"https:\/\/nuevodigitaldeescobar.com.ar\/?p=14442"},"modified":"2025-05-07T12:02:02","modified_gmt":"2025-05-07T15:02:02","slug":"formula-1-finalmente-franco-colapinto-reemplaza-a-doohan-en-alpine","status":"publish","type":"post","link":"https:\/\/nuevodigitaldeescobar.com.ar\/?p=14442","title":{"rendered":"F\u00f3rmula 1: Finalmente, Franco Colapinto reemplaza a Doohan en Alpine"},"content":{"rendered":"\n<p><a href=\"https:\/\/derechadiario.com.ar\/deportes\/formula-1-segun-rumores-alpine-sacara-doohan-y-colapinto-podria-correr-imola\" title=\"F\u00f3rmula 1: afirman que Alpine sacar\u00e1 a Doohan y Colapinto podr\u00eda correr en Imola\"><strong>Franco Colapinto<\/strong><\/a> est\u00e1 de regreso en la F\u00f3rmula 1. Durante la madrugada de este mi\u00e9rcoles, <strong>la F1, Alpine y el piloto de Pilar oficializaron la noticia<\/strong> de la vuelta del argentino a la m\u00e1xima categor\u00eda del automovilismo.<\/p>\n<p>\u00ab<strong><em>Franco Colapinto correr\u00e1 al menos las pr\u00f3ximas cinco carreras para Alpine en lugar de Jack Doohan<\/em><\/strong>\u00ab, public\u00f3 la cuenta oficial de la \u201cM\u00e1xima\u201d, precisando el periodo establecido por el equipo para el argentino.<\/p>\n<div class=\"inter_image image_horizontal\">\n<div>\n<span class=\"img_footer\">El posteo de la F1 <\/span>| \n<\/div>\n<p>Desde la <strong>escuder\u00eda anglofrancesa<\/strong>, que confi\u00f3 en el oriundo de Pilar\u00a0para esta temporada 2025, tambi\u00e9n compartieron el anuncio con un \u00ab<em>\u00a1Vamos Franco!<\/em>\u00bb\u00a0acompa\u00f1ado de la bandera argentina.<\/p>\n<p><strong>El propio Colapinto no dej\u00f3 pasar la oportunidad<\/strong> para compartir su alegr\u00eda en redes sociales. Con un gui\u00f1o al estilo Batman, public\u00f3 una imagen del auto N\u00b043 sobre una ciudad, saludando con un \u00abbuen d\u00eda\u201d y celebrando su regreso.<\/p>\n<p>\u00ab<strong><em>Se hizo larga la espera! FELIZ! estamos de vuelta<\/em><\/strong>\u00ab, escribi\u00f3 Colapinto en sus plataformas digitales.<\/p>\n<p>El debut del pilarense como piloto titular se producir\u00e1 en el Gran Premio de Emilia-Roma\u00f1a, \u00a0<strong>en el circuito de Imola<\/strong>, durante el fin de semana del 18 de mayo. All\u00ed, el argentino ya cosech\u00f3 dos victorias en categor\u00edas formativas.<\/p>\n<h2><strong>La renuncia de Oakes y el clima tenso en la escuder\u00eda<\/strong><\/h2>\n<p>El anuncio del regreso de Colapinto a la F1\u00a0se produce tras \u00a0<strong>la salida de Oliver Oakes como jefe de equipo de Alpine<\/strong>.<\/p>\n<p>\u00ab<em>BWT Alpine Formula One Team anuncia que <strong>Oliver Oakes ha renunciado a su cargo de director del equipo<\/strong>. El equipo ha aceptado su renuncia con efecto inmediato<\/em>\u00ab, comunic\u00f3 la escuder\u00eda francesa, marcando el fin del respaldo interno que ten\u00eda Jack Doohan.<\/p>\n<p>M\u00e1s adelante, el equipo a\u00f1adi\u00f3: \u00ab<em>A partir de hoy, <strong>Flavio Briatore continuar\u00e1 como asesor ejecutivo y tambi\u00e9n cubrir\u00e1 las funciones que anteriormente desempe\u00f1aba Oliver Oakes<\/strong><\/em>\u00ab.<\/p>\n<p>Durante las seis fechas ya disputadas de la temporada, \u00a0<strong>Oakes fue el principal defensor de Doohan<\/strong> dentro del equipo, pese a que sus resultados no fueron los esperados. Ante consultas sobre Colapinto, el exTeam Principal siempre mantuvo una postura prudente, destacando su papel como piloto de pruebas y reserva.<\/p>\n<p>Sin ir m\u00e1s lejos, durante el pasado fin de semana en el Gran Premio de Miami, <strong>Oakes asegur\u00f3 la presencia de Doohan en Imola<\/strong>: \u00ab<em>S\u00ed, tal y como est\u00e1n las cosas hoy, <strong>Jack es nuestro piloto<\/strong>, junto con <a href=\"https:\/\/derechadiario.com.ar\/deportes\/formula-1-gasly-hablo-luego-del-nuevo-papelon-alpine-y-critico-su-auto\" title=\"F\u00f3rmula 1: Gasly habl\u00f3 luego del nuevo papel\u00f3n de Alpine y critic\u00f3 a su auto\"><strong>Pierre<\/strong><\/a>\u00a0 <\/em>(Gasly)<em>. Creo que hemos sido bastante claros al respecto. Siempre lo evaluamos. Pero s\u00ed, hoy es el caso<\/em>\u00ab, declar\u00f3. No volvi\u00f3 a hablar tras la carrera.<\/p>\n\n<p><strong>El medio <a href=\"https:\/\/derechadiario.com.ar\/deportes\/formula-1-segun-rumores-alpine-sacara-doohan-y-colapinto-podria-correr-imola\" title=\"F\u00f3rmula 1: afirman que Alpine sacar\u00e1 a Doohan y Colapinto podr\u00eda correr en Imola\">The Race<\/a> revel\u00f3 que la salida de Oakes se produjo luego de que Alpine le comunicara a Doohan que no correr\u00eda en Imola<\/strong> el pr\u00f3ximo 18 de mayo.<\/p>\n","protected":false},"excerpt":{"rendered":"<p>Franco Colapinto est\u00e1 de regreso en la F\u00f3rmula 1. Durante la madrugada de este mi\u00e9rcoles, la F1, Alpine y el piloto de Pilar oficializaron la [&hellip;]<\/p>\n","protected":false},"author":1,"featured_media":14443,"comment_status":"open","ping_status":"open","sticky":false,"template":"","format":"standard","meta":{"footnotes":""},"categories":[8],"tags":[],"class_list":["post-14442","post","type-post","status-publish","format-standard","has-post-thumbnail","hentry","category-deportes"],"better_featured_image":{"id":14443,"alt_text":"","caption":"","description":"","media_type":"image","media_details":{"width":1600,"height":1067,"file":"2025\/05\/franco-colapinto-1_1600_1067-rylh9D.jpeg","filesize":78496,"sizes":{"medium":{"file":"franco-colapinto-1_1600_1067-rylh9D-300x200.jpeg","width":300,"height":200,"mime-type":"image\/jpeg","filesize":9387,"source_url":"https:\/\/nuevodigitaldeescobar.com.ar\/wp-content\/uploads\/2025\/05\/franco-colapinto-1_1600_1067-rylh9D-300x200.jpeg"},"large":{"file":"franco-colapinto-1_1600_1067-rylh9D-1024x683.jpeg","width":1024,"height":683,"mime-type":"image\/jpeg","filesize":58813,"source_url":"https:\/\/nuevodigitaldeescobar.com.ar\/wp-content\/uploads\/2025\/05\/franco-colapinto-1_1600_1067-rylh9D-1024x683.jpeg"},"thumbnail":{"file":"franco-colapinto-1_1600_1067-rylh9D-150x150.jpeg","width":150,"height":150,"mime-type":"image\/jpeg","filesize":5110,"source_url":"https:\/\/nuevodigitaldeescobar.com.ar\/wp-content\/uploads\/2025\/05\/franco-colapinto-1_1600_1067-rylh9D-150x150.jpeg"},"medium_large":{"file":"franco-colapinto-1_1600_1067-rylh9D-768x512.jpeg","width":768,"height":512,"mime-type":"image\/jpeg","filesize":37498,"source_url":"https:\/\/nuevodigitaldeescobar.com.ar\/wp-content\/uploads\/2025\/05\/franco-colapinto-1_1600_1067-rylh9D-768x512.jpeg"},"1536x1536":{"file":"franco-colapinto-1_1600_1067-rylh9D-1536x1024.jpeg","width":1536,"height":1024,"mime-type":"image\/jpeg","filesize":107205,"source_url":"https:\/\/nuevodigitaldeescobar.com.ar\/wp-content\/uploads\/2025\/05\/franco-colapinto-1_1600_1067-rylh9D-1536x1024.jpeg"}},"image_meta":{"aperture":"0","credit":"","camera":"","caption":"","created_timestamp":"0","copyright":"","focal_length":"0","iso":"0","shutter_speed":"0","title":"","orientation":"0","keywords":[]}},"post":14442,"source_url":"https:\/\/nuevodigitaldeescobar.com.ar\/wp-content\/uploads\/2025\/05\/franco-colapinto-1_1600_1067-rylh9D.jpeg"},"yoast_head":"<!-- This site is optimized with the Yoast SEO plugin v26.1.1 - https:\/\/yoast.com\/wordpress\/plugins\/seo\/ -->\n<title>F\u00f3rmula 1: Finalmente, Franco Colapinto reemplaza a Doohan en Alpine - Nuevo Digital de Escobar<\/title>\n<meta name=\"robots\" content=\"index, follow, max-snippet:-1, max-image-preview:large, max-video-preview:-1\" \/>\n<link rel=\"canonical\" href=\"https:\/\/nuevodigitaldeescobar.com.ar\/?p=14442\" \/>\n<meta property=\"og:locale\" content=\"es_ES\" \/>\n<meta property=\"og:type\" content=\"article\" \/>\n<meta property=\"og:title\" content=\"F\u00f3rmula 1: Finalmente, Franco Colapinto reemplaza a Doohan en Alpine - Nuevo Digital de Escobar\" \/>\n<meta property=\"og:description\" content=\"Franco Colapinto est\u00e1 de regreso en la F\u00f3rmula 1. Durante la madrugada de este mi\u00e9rcoles, la F1, Alpine y el piloto de Pilar oficializaron la [&hellip;]\" \/>\n<meta property=\"og:url\" content=\"https:\/\/nuevodigitaldeescobar.com.ar\/?p=14442\" \/>\n<meta property=\"og:site_name\" content=\"Nuevo Digital de Escobar\" \/>\n<meta property=\"article:publisher\" content=\"https:\/\/www.facebook.com\/NUEVODigitalDeEscobar\" \/>\n<meta property=\"article:published_time\" content=\"2025-05-07T13:20:19+00:00\" \/>\n<meta property=\"article:modified_time\" content=\"2025-05-07T15:02:02+00:00\" \/>\n<meta property=\"og:image\" content=\"https:\/\/nuevodigitaldeescobar.com.ar\/wp-content\/uploads\/2025\/05\/franco-colapinto-1_1600_1067-rylh9D.jpeg\" \/>\n\t<meta property=\"og:image:width\" content=\"1600\" \/>\n\t<meta property=\"og:image:height\" content=\"1067\" \/>\n\t<meta property=\"og:image:type\" content=\"image\/jpeg\" \/>\n<meta name=\"author\" content=\"Redacci\u00f3n\" \/>\n<meta name=\"twitter:card\" content=\"summary_large_image\" \/>\n<meta name=\"twitter:creator\" content=\"@nuevodigescobar\" \/>\n<meta name=\"twitter:site\" content=\"@nuevodigescobar\" \/>\n<meta name=\"twitter:label1\" content=\"Escrito por\" \/>\n\t<meta name=\"twitter:data1\" content=\"Redacci\u00f3n\" \/>\n\t<meta name=\"twitter:label2\" content=\"Tiempo de lectura\" \/>\n\t<meta name=\"twitter:data2\" content=\"2 minutos\" \/>\n<script type=\"application\/ld+json\" class=\"yoast-schema-graph\">{\"@context\":\"https:\/\/schema.org\",\"@graph\":[{\"@type\":\"Article\",\"@id\":\"https:\/\/nuevodigitaldeescobar.com.ar\/?p=14442#article\",\"isPartOf\":{\"@id\":\"https:\/\/nuevodigitaldeescobar.com.ar\/?p=14442\"},\"author\":{\"name\":\"Redacci\u00f3n\",\"@id\":\"https:\/\/nuevodigitaldeescobar.com.ar\/#\/schema\/person\/035e90a8efe9a80e6eec22656ad6ea4c\"},\"headline\":\"F\u00f3rmula 1: Finalmente, Franco Colapinto reemplaza a Doohan en Alpine\",\"datePublished\":\"2025-05-07T13:20:19+00:00\",\"dateModified\":\"2025-05-07T15:02:02+00:00\",\"mainEntityOfPage\":{\"@id\":\"https:\/\/nuevodigitaldeescobar.com.ar\/?p=14442\"},\"wordCount\":471,\"commentCount\":0,\"publisher\":{\"@id\":\"https:\/\/nuevodigitaldeescobar.com.ar\/#organization\"},\"image\":{\"@id\":\"https:\/\/nuevodigitaldeescobar.com.ar\/?p=14442#primaryimage\"},\"thumbnailUrl\":\"https:\/\/nuevodigitaldeescobar.com.ar\/wp-content\/uploads\/2025\/05\/franco-colapinto-1_1600_1067-rylh9D.jpeg\",\"articleSection\":[\"Deportes\"],\"inLanguage\":\"es\",\"potentialAction\":[{\"@type\":\"CommentAction\",\"name\":\"Comment\",\"target\":[\"https:\/\/nuevodigitaldeescobar.com.ar\/?p=14442#respond\"]}]},{\"@type\":\"WebPage\",\"@id\":\"https:\/\/nuevodigitaldeescobar.com.ar\/?p=14442\",\"url\":\"https:\/\/nuevodigitaldeescobar.com.ar\/?p=14442\",\"name\":\"F\u00f3rmula 1: Finalmente, Franco Colapinto reemplaza a Doohan en Alpine - Nuevo Digital de Escobar\",\"isPartOf\":{\"@id\":\"https:\/\/nuevodigitaldeescobar.com.ar\/#website\"},\"primaryImageOfPage\":{\"@id\":\"https:\/\/nuevodigitaldeescobar.com.ar\/?p=14442#primaryimage\"},\"image\":{\"@id\":\"https:\/\/nuevodigitaldeescobar.com.ar\/?p=14442#primaryimage\"},\"thumbnailUrl\":\"https:\/\/nuevodigitaldeescobar.com.ar\/wp-content\/uploads\/2025\/05\/franco-colapinto-1_1600_1067-rylh9D.jpeg\",\"datePublished\":\"2025-05-07T13:20:19+00:00\",\"dateModified\":\"2025-05-07T15:02:02+00:00\",\"breadcrumb\":{\"@id\":\"https:\/\/nuevodigitaldeescobar.com.ar\/?p=14442#breadcrumb\"},\"inLanguage\":\"es\",\"potentialAction\":[{\"@type\":\"ReadAction\",\"target\":[\"https:\/\/nuevodigitaldeescobar.com.ar\/?p=14442\"]}]},{\"@type\":\"ImageObject\",\"inLanguage\":\"es\",\"@id\":\"https:\/\/nuevodigitaldeescobar.com.ar\/?p=14442#primaryimage\",\"url\":\"https:\/\/nuevodigitaldeescobar.com.ar\/wp-content\/uploads\/2025\/05\/franco-colapinto-1_1600_1067-rylh9D.jpeg\",\"contentUrl\":\"https:\/\/nuevodigitaldeescobar.com.ar\/wp-content\/uploads\/2025\/05\/franco-colapinto-1_1600_1067-rylh9D.jpeg\",\"width\":1600,\"height\":1067},{\"@type\":\"BreadcrumbList\",\"@id\":\"https:\/\/nuevodigitaldeescobar.com.ar\/?p=14442#breadcrumb\",\"itemListElement\":[{\"@type\":\"ListItem\",\"position\":1,\"name\":\"Portada\",\"item\":\"https:\/\/nuevodigitaldeescobar.com.ar\/\"},{\"@type\":\"ListItem\",\"position\":2,\"name\":\"F\u00f3rmula 1: Finalmente, Franco Colapinto reemplaza a Doohan en Alpine\"}]},{\"@type\":\"WebSite\",\"@id\":\"https:\/\/nuevodigitaldeescobar.com.ar\/#website\",\"url\":\"https:\/\/nuevodigitaldeescobar.com.ar\/\",\"name\":\"Nuevo Digital de Escobar\",\"description\":\"La vida escobarense. Directora: Rosana Brunner\",\"publisher\":{\"@id\":\"https:\/\/nuevodigitaldeescobar.com.ar\/#organization\"},\"potentialAction\":[{\"@type\":\"SearchAction\",\"target\":{\"@type\":\"EntryPoint\",\"urlTemplate\":\"https:\/\/nuevodigitaldeescobar.com.ar\/?s={search_term_string}\"},\"query-input\":{\"@type\":\"PropertyValueSpecification\",\"valueRequired\":true,\"valueName\":\"search_term_string\"}}],\"inLanguage\":\"es\"},{\"@type\":\"Organization\",\"@id\":\"https:\/\/nuevodigitaldeescobar.com.ar\/#organization\",\"name\":\"Nuevo Digital de Escobar\",\"url\":\"https:\/\/nuevodigitaldeescobar.com.ar\/\",\"logo\":{\"@type\":\"ImageObject\",\"inLanguage\":\"es\",\"@id\":\"https:\/\/nuevodigitaldeescobar.com.ar\/#\/schema\/logo\/image\/\",\"url\":\"https:\/\/nuevodigitaldeescobar.com.ar\/wp-content\/uploads\/2025\/05\/cropped-logo-nuevo2.jpg\",\"contentUrl\":\"https:\/\/nuevodigitaldeescobar.com.ar\/wp-content\/uploads\/2025\/05\/cropped-logo-nuevo2.jpg\",\"width\":305,\"height\":305,\"caption\":\"Nuevo Digital de Escobar\"},\"image\":{\"@id\":\"https:\/\/nuevodigitaldeescobar.com.ar\/#\/schema\/logo\/image\/\"},\"sameAs\":[\"https:\/\/www.facebook.com\/NUEVODigitalDeEscobar\",\"https:\/\/x.com\/nuevodigescobar\",\"https:\/\/www.instagram.com\/nuevodigitaldeescobar\"]},{\"@type\":\"Person\",\"@id\":\"https:\/\/nuevodigitaldeescobar.com.ar\/#\/schema\/person\/035e90a8efe9a80e6eec22656ad6ea4c\",\"name\":\"Redacci\u00f3n\",\"image\":{\"@type\":\"ImageObject\",\"inLanguage\":\"es\",\"@id\":\"https:\/\/nuevodigitaldeescobar.com.ar\/#\/schema\/person\/image\/\",\"url\":\"https:\/\/secure.gravatar.com\/avatar\/8af8f40000c24e9eef3034f2be5998a372bb1389e64b1a4a36b3a7979142220d?s=96&d=mm&r=g\",\"contentUrl\":\"https:\/\/secure.gravatar.com\/avatar\/8af8f40000c24e9eef3034f2be5998a372bb1389e64b1a4a36b3a7979142220d?s=96&d=mm&r=g\",\"caption\":\"Redacci\u00f3n\"},\"sameAs\":[\"http:\/\/nuevodigitaldeescobar.com.ar\"],\"url\":\"https:\/\/nuevodigitaldeescobar.com.ar\/?author=1\"}]}<\/script>\n<!-- \/ Yoast SEO plugin. -->","yoast_head_json":{"title":"F\u00f3rmula 1: Finalmente, Franco Colapinto reemplaza a Doohan en Alpine - Nuevo Digital de Escobar","robots":{"index":"index","follow":"follow","max-snippet":"max-snippet:-1","max-image-preview":"max-image-preview:large","max-video-preview":"max-video-preview:-1"},"canonical":"https:\/\/nuevodigitaldeescobar.com.ar\/?p=14442","og_locale":"es_ES","og_type":"article","og_title":"F\u00f3rmula 1: Finalmente, Franco Colapinto reemplaza a Doohan en Alpine - Nuevo Digital de Escobar","og_description":"Franco Colapinto est\u00e1 de regreso en la F\u00f3rmula 1. Durante la madrugada de este mi\u00e9rcoles, la F1, Alpine y el piloto de Pilar oficializaron la [&hellip;]","og_url":"https:\/\/nuevodigitaldeescobar.com.ar\/?p=14442","og_site_name":"Nuevo Digital de Escobar","article_publisher":"https:\/\/www.facebook.com\/NUEVODigitalDeEscobar","article_published_time":"2025-05-07T13:20:19+00:00","article_modified_time":"2025-05-07T15:02:02+00:00","og_image":[{"width":1600,"height":1067,"url":"https:\/\/nuevodigitaldeescobar.com.ar\/wp-content\/uploads\/2025\/05\/franco-colapinto-1_1600_1067-rylh9D.jpeg","type":"image\/jpeg"}],"author":"Redacci\u00f3n","twitter_card":"summary_large_image","twitter_creator":"@nuevodigescobar","twitter_site":"@nuevodigescobar","twitter_misc":{"Escrito por":"Redacci\u00f3n","Tiempo de lectura":"2 minutos"},"schema":{"@context":"https:\/\/schema.org","@graph":[{"@type":"Article","@id":"https:\/\/nuevodigitaldeescobar.com.ar\/?p=14442#article","isPartOf":{"@id":"https:\/\/nuevodigitaldeescobar.com.ar\/?p=14442"},"author":{"name":"Redacci\u00f3n","@id":"https:\/\/nuevodigitaldeescobar.com.ar\/#\/schema\/person\/035e90a8efe9a80e6eec22656ad6ea4c"},"headline":"F\u00f3rmula 1: Finalmente, Franco Colapinto reemplaza a Doohan en Alpine","datePublished":"2025-05-07T13:20:19+00:00","dateModified":"2025-05-07T15:02:02+00:00","mainEntityOfPage":{"@id":"https:\/\/nuevodigitaldeescobar.com.ar\/?p=14442"},"wordCount":471,"commentCount":0,"publisher":{"@id":"https:\/\/nuevodigitaldeescobar.com.ar\/#organization"},"image":{"@id":"https:\/\/nuevodigitaldeescobar.com.ar\/?p=14442#primaryimage"},"thumbnailUrl":"https:\/\/nuevodigitaldeescobar.com.ar\/wp-content\/uploads\/2025\/05\/franco-colapinto-1_1600_1067-rylh9D.jpeg","articleSection":["Deportes"],"inLanguage":"es","potentialAction":[{"@type":"CommentAction","name":"Comment","target":["https:\/\/nuevodigitaldeescobar.com.ar\/?p=14442#respond"]}]},{"@type":"WebPage","@id":"https:\/\/nuevodigitaldeescobar.com.ar\/?p=14442","url":"https:\/\/nuevodigitaldeescobar.com.ar\/?p=14442","name":"F\u00f3rmula 1: Finalmente, Franco Colapinto reemplaza a Doohan en Alpine - Nuevo Digital de Escobar","isPartOf":{"@id":"https:\/\/nuevodigitaldeescobar.com.ar\/#website"},"primaryImageOfPage":{"@id":"https:\/\/nuevodigitaldeescobar.com.ar\/?p=14442#primaryimage"},"image":{"@id":"https:\/\/nuevodigitaldeescobar.com.ar\/?p=14442#primaryimage"},"thumbnailUrl":"https:\/\/nuevodigitaldeescobar.com.ar\/wp-content\/uploads\/2025\/05\/franco-colapinto-1_1600_1067-rylh9D.jpeg","datePublished":"2025-05-07T13:20:19+00:00","dateModified":"2025-05-07T15:02:02+00:00","breadcrumb":{"@id":"https:\/\/nuevodigitaldeescobar.com.ar\/?p=14442#breadcrumb"},"inLanguage":"es","potentialAction":[{"@type":"ReadAction","target":["https:\/\/nuevodigitaldeescobar.com.ar\/?p=14442"]}]},{"@type":"ImageObject","inLanguage":"es","@id":"https:\/\/nuevodigitaldeescobar.com.ar\/?p=14442#primaryimage","url":"https:\/\/nuevodigitaldeescobar.com.ar\/wp-content\/uploads\/2025\/05\/franco-colapinto-1_1600_1067-rylh9D.jpeg","contentUrl":"https:\/\/nuevodigitaldeescobar.com.ar\/wp-content\/uploads\/2025\/05\/franco-colapinto-1_1600_1067-rylh9D.jpeg","width":1600,"height":1067},{"@type":"BreadcrumbList","@id":"https:\/\/nuevodigitaldeescobar.com.ar\/?p=14442#breadcrumb","itemListElement":[{"@type":"ListItem","position":1,"name":"Portada","item":"https:\/\/nuevodigitaldeescobar.com.ar\/"},{"@type":"ListItem","position":2,"name":"F\u00f3rmula 1: Finalmente, Franco Colapinto reemplaza a Doohan en Alpine"}]},{"@type":"WebSite","@id":"https:\/\/nuevodigitaldeescobar.com.ar\/#website","url":"https:\/\/nuevodigitaldeescobar.com.ar\/","name":"Nuevo Digital de Escobar","description":"La vida escobarense. Directora: Rosana Brunner","publisher":{"@id":"https:\/\/nuevodigitaldeescobar.com.ar\/#organization"},"potentialAction":[{"@type":"SearchAction","target":{"@type":"EntryPoint","urlTemplate":"https:\/\/nuevodigitaldeescobar.com.ar\/?s={search_term_string}"},"query-input":{"@type":"PropertyValueSpecification","valueRequired":true,"valueName":"search_term_string"}}],"inLanguage":"es"},{"@type":"Organization","@id":"https:\/\/nuevodigitaldeescobar.com.ar\/#organization","name":"Nuevo Digital de Escobar","url":"https:\/\/nuevodigitaldeescobar.com.ar\/","logo":{"@type":"ImageObject","inLanguage":"es","@id":"https:\/\/nuevodigitaldeescobar.com.ar\/#\/schema\/logo\/image\/","url":"https:\/\/nuevodigitaldeescobar.com.ar\/wp-content\/uploads\/2025\/05\/cropped-logo-nuevo2.jpg","contentUrl":"https:\/\/nuevodigitaldeescobar.com.ar\/wp-content\/uploads\/2025\/05\/cropped-logo-nuevo2.jpg","width":305,"height":305,"caption":"Nuevo Digital de Escobar"},"image":{"@id":"https:\/\/nuevodigitaldeescobar.com.ar\/#\/schema\/logo\/image\/"},"sameAs":["https:\/\/www.facebook.com\/NUEVODigitalDeEscobar","https:\/\/x.com\/nuevodigescobar","https:\/\/www.instagram.com\/nuevodigitaldeescobar"]},{"@type":"Person","@id":"https:\/\/nuevodigitaldeescobar.com.ar\/#\/schema\/person\/035e90a8efe9a80e6eec22656ad6ea4c","name":"Redacci\u00f3n","image":{"@type":"ImageObject","inLanguage":"es","@id":"https:\/\/nuevodigitaldeescobar.com.ar\/#\/schema\/person\/image\/","url":"https:\/\/secure.gravatar.com\/avatar\/8af8f40000c24e9eef3034f2be5998a372bb1389e64b1a4a36b3a7979142220d?s=96&d=mm&r=g","contentUrl":"https:\/\/secure.gravatar.com\/avatar\/8af8f40000c24e9eef3034f2be5998a372bb1389e64b1a4a36b3a7979142220d?s=96&d=mm&r=g","caption":"Redacci\u00f3n"},"sameAs":["http:\/\/nuevodigitaldeescobar.com.ar"],"url":"https:\/\/nuevodigitaldeescobar.com.ar\/?author=1"}]}},"featured_image_urls":{"full":["https:\/\/nuevodigitaldeescobar.com.ar\/wp-content\/uploads\/2025\/05\/franco-colapinto-1_1600_1067-rylh9D.jpeg",1600,1067,false],"thumbnail":["https:\/\/nuevodigitaldeescobar.com.ar\/wp-content\/uploads\/2025\/05\/franco-colapinto-1_1600_1067-rylh9D-150x150.jpeg",150,150,true],"medium":["https:\/\/nuevodigitaldeescobar.com.ar\/wp-content\/uploads\/2025\/05\/franco-colapinto-1_1600_1067-rylh9D-300x200.jpeg",300,200,true],"medium_large":["https:\/\/nuevodigitaldeescobar.com.ar\/wp-content\/uploads\/2025\/05\/franco-colapinto-1_1600_1067-rylh9D-768x512.jpeg",640,427,true],"large":["https:\/\/nuevodigitaldeescobar.com.ar\/wp-content\/uploads\/2025\/05\/franco-colapinto-1_1600_1067-rylh9D-1024x683.jpeg",640,427,true],"1536x1536":["https:\/\/nuevodigitaldeescobar.com.ar\/wp-content\/uploads\/2025\/05\/franco-colapinto-1_1600_1067-rylh9D-1536x1024.jpeg",1536,1024,true],"2048x2048":["https:\/\/nuevodigitaldeescobar.com.ar\/wp-content\/uploads\/2025\/05\/franco-colapinto-1_1600_1067-rylh9D.jpeg",1600,1067,false]},"author_info":{"display_name":"Redacci\u00f3n","author_link":"https:\/\/nuevodigitaldeescobar.com.ar\/?author=1"},"category_info":"<a href=\"https:\/\/nuevodigitaldeescobar.com.ar\/?cat=8\" rel=\"category\">Deportes<\/a>","tag_info":"Deportes","comment_count":"0","_links":{"self":[{"href":"https:\/\/nuevodigitaldeescobar.com.ar\/index.php?rest_route=\/wp\/v2\/posts\/14442","targetHints":{"allow":["GET"]}}],"collection":[{"href":"https:\/\/nuevodigitaldeescobar.com.ar\/index.php?rest_route=\/wp\/v2\/posts"}],"about":[{"href":"https:\/\/nuevodigitaldeescobar.com.ar\/index.php?rest_route=\/wp\/v2\/types\/post"}],"author":[{"embeddable":true,"href":"https:\/\/nuevodigitaldeescobar.com.ar\/index.php?rest_route=\/wp\/v2\/users\/1"}],"replies":[{"embeddable":true,"href":"https:\/\/nuevodigitaldeescobar.com.ar\/index.php?rest_route=%2Fwp%2Fv2%2Fcomments&post=14442"}],"version-history":[{"count":1,"href":"https:\/\/nuevodigitaldeescobar.com.ar\/index.php?rest_route=\/wp\/v2\/posts\/14442\/revisions"}],"predecessor-version":[{"id":14449,"href":"https:\/\/nuevodigitaldeescobar.com.ar\/index.php?rest_route=\/wp\/v2\/posts\/14442\/revisions\/14449"}],"wp:featuredmedia":[{"embeddable":true,"href":"https:\/\/nuevodigitaldeescobar.com.ar\/index.php?rest_route=\/wp\/v2\/media\/14443"}],"wp:attachment":[{"href":"https:\/\/nuevodigitaldeescobar.com.ar\/index.php?rest_route=%2Fwp%2Fv2%2Fmedia&parent=14442"}],"wp:term":[{"taxonomy":"category","embeddable":true,"href":"https:\/\/nuevodigitaldeescobar.com.ar\/index.php?rest_route=%2Fwp%2Fv2%2Fcategories&post=14442"},{"taxonomy":"post_tag","embeddable":true,"href":"https:\/\/nuevodigitaldeescobar.com.ar\/index.php?rest_route=%2Fwp%2Fv2%2Ftags&post=14442"}],"curies":[{"name":"wp","href":"https:\/\/api.w.org\/{rel}","templated":true}]}}