{"id":14566,"date":"2025-05-13T11:20:28","date_gmt":"2025-05-13T14:20:28","guid":{"rendered":"https:\/\/nuevodigitaldeescobar.com.ar\/?p=14566"},"modified":"2025-05-13T11:50:54","modified_gmt":"2025-05-13T14:50:54","slug":"psg-contraataca-y-le-reclama-casi-100-millones-de-euros-a-kyliam-mbappe","status":"publish","type":"post","link":"https:\/\/nuevodigitaldeescobar.com.ar\/?p=14566","title":{"rendered":"PSG contraataca y le reclama casi 100 millones de euros a Kyliam Mbapp\u00e9"},"content":{"rendered":"\n<p>El <strong>Paris Saint-Germain present\u00f3 una demanda contra Kylian Mbapp\u00e9<\/strong>, exigi\u00e9ndole el pago de <strong>98 millones de euros<\/strong> al considerar que emple\u00f3 \u00ab<strong><em>t\u00e1cticas dilatorias<\/em><\/strong>\u00bb que habr\u00edan generado perjuicios econ\u00f3micos a la instituci\u00f3n.<\/p>\n<p>Esta acci\u00f3n judicial se produce como respuesta a una \u00a0<strong>demanda previa iniciada por el futbolista franc\u00e9s<\/strong>, quien reclama una cifra millonaria a su exequipo por <strong>sueldos y bonificaciones no abonadas durante el \u00faltimo a\u00f1o de su contrato<\/strong>.<\/p>\n<div class=\"inter_image image_horizontal\">\n<div>\n<span class=\"img_footer\">Mbapp\u00e9 reclama sueldos y bonos impagos <\/span>\n<\/div>\n<\/div>\n<p>En una audiencia realizada este lunes ante el Tribunal Judicial de Par\u00eds, <strong>los abogados que representan al PSG sostuvieron que Mbapp\u00e9 no aport\u00f3 pruebas suficientes que respalden la existencia de dicha deuda<\/strong>. Adem\u00e1s, solicitaron dejar sin efecto una orden de pago emitida previamente por la <a href=\"https:\/\/derechadiario.com.ar\/deportes\/se-agrava-crisis-ligue-1-por-desvinculacion-dazn\" title=\"Se agrava la crisis en la Ligue 1 por la desvinculaci\u00f3n de DAZN\"><strong>Liga Francesa<\/strong><\/a>, que hab\u00eda determinado que el monto deb\u00eda ser abonado.<\/p>\n<p>Por su parte, los abogados del delantero del <a href=\"https:\/\/derechadiario.com.ar\/deportes\/xavi-alonso-sera-nuevo-dt-del-real-madrid-tras-salida-carlo-ancelotti\" title=\"Xavi Alonso ser\u00e1 el nuevo DT del Real Madrid tras la salida de Carlo Ancelotti\"><strong>conjunto Merengue<\/strong><\/a>\u00a0argumentan que \u00a0<strong>no hay ning\u00fan acuerdo legal que anule el derecho de su cliente a cobrar lo reclamado<\/strong>. Esto\u00a0hace referencia a un <strong>supuesto acuerdo verbal alcanzado en 2023 con el presidente del PSG<\/strong>, el cual no fue documentado formalmente. Dado que los organismos deportivos se declararon incompetentes para resolver el conflicto, <strong>el caso podr\u00eda derivar en el Tribunal Prud\u2019hommes<\/strong>.<\/p>\n<p><strong>Desde el PSG remarcan que su contrademanda tiene como objetivo principal desestimar la presentada por Mbapp\u00e9<\/strong>, m\u00e1s que recuperar el monto exigido. El conflicto legal entre ambas partes sigue su curso, y a\u00fan no se ha alcanzado una resoluci\u00f3n definitiva.<\/p>\n<h2><strong>El reclamo judicial de Kylian Mbapp\u00e9 contra el PSG que desencaden\u00f3 la reacci\u00f3n del club parisino<\/strong><\/h2>\n<p><strong>El atacante del Real Madrid inici\u00f3 acciones legales contra el Paris Saint-Germain por aproximadamente 55 millones de euros<\/strong>, en concepto de sueldos y primas pendientes correspondientes a su \u00faltima temporada en el conjunto franc\u00e9s.\n<p>Durante la audiencia celebrada este lunes en el Tribunal Judicial de Par\u00eds, <strong>fue el propio club quien se encarg\u00f3 de impugnar el reclamo<\/strong>, poniendo en duda la validez de las evidencias presentadas por el jugador.<\/p>\n<p>El origen de la disputa se remonta a <strong>abril<\/strong>, cuando \u00a0<strong>los representantes legales de la estrella francesa\u00a0anunciaron que iniciar\u00edan acciones por la v\u00eda penal, civil y laboral<\/strong>. Incluso <strong>elevaron un pedido a la UEFA para que el PSG sea excluido de las competiciones europeas por presuntas infracciones reglamentarias<\/strong>. Asimismo, consiguieron el embargo preventivo del monto reclamado, en espera de una resoluci\u00f3n definitiva que se espera para el pr\u00f3ximo 26 de mayo.<\/p>\n","protected":false},"excerpt":{"rendered":"<p>El Paris Saint-Germain present\u00f3 una demanda contra Kylian Mbapp\u00e9, exigi\u00e9ndole el pago de 98 millones de euros al considerar que emple\u00f3 \u00abt\u00e1cticas dilatorias\u00bb que habr\u00edan [&hellip;]<\/p>\n","protected":false},"author":1,"featured_media":14567,"comment_status":"open","ping_status":"open","sticky":false,"template":"","format":"standard","meta":{"footnotes":""},"categories":[8],"tags":[],"class_list":["post-14566","post","type-post","status-publish","format-standard","has-post-thumbnail","hentry","category-deportes"],"better_featured_image":{"id":14567,"alt_text":"","caption":"","description":"","media_type":"image","media_details":{"width":1600,"height":1067,"file":"2025\/05\/3-1747141633555_1600_1067-Rl8SHJ.jpeg","filesize":87562,"sizes":{"medium":{"file":"3-1747141633555_1600_1067-Rl8SHJ-300x200.jpeg","width":300,"height":200,"mime-type":"image\/jpeg","filesize":11830,"source_url":"https:\/\/nuevodigitaldeescobar.com.ar\/wp-content\/uploads\/2025\/05\/3-1747141633555_1600_1067-Rl8SHJ-300x200.jpeg"},"large":{"file":"3-1747141633555_1600_1067-Rl8SHJ-1024x683.jpeg","width":1024,"height":683,"mime-type":"image\/jpeg","filesize":67023,"source_url":"https:\/\/nuevodigitaldeescobar.com.ar\/wp-content\/uploads\/2025\/05\/3-1747141633555_1600_1067-Rl8SHJ-1024x683.jpeg"},"thumbnail":{"file":"3-1747141633555_1600_1067-Rl8SHJ-150x150.jpeg","width":150,"height":150,"mime-type":"image\/jpeg","filesize":5714,"source_url":"https:\/\/nuevodigitaldeescobar.com.ar\/wp-content\/uploads\/2025\/05\/3-1747141633555_1600_1067-Rl8SHJ-150x150.jpeg"},"medium_large":{"file":"3-1747141633555_1600_1067-Rl8SHJ-768x512.jpeg","width":768,"height":512,"mime-type":"image\/jpeg","filesize":45012,"source_url":"https:\/\/nuevodigitaldeescobar.com.ar\/wp-content\/uploads\/2025\/05\/3-1747141633555_1600_1067-Rl8SHJ-768x512.jpeg"},"1536x1536":{"file":"3-1747141633555_1600_1067-Rl8SHJ-1536x1024.jpeg","width":1536,"height":1024,"mime-type":"image\/jpeg","filesize":117272,"source_url":"https:\/\/nuevodigitaldeescobar.com.ar\/wp-content\/uploads\/2025\/05\/3-1747141633555_1600_1067-Rl8SHJ-1536x1024.jpeg"}},"image_meta":{"aperture":"0","credit":"","camera":"","caption":"","created_timestamp":"0","copyright":"","focal_length":"0","iso":"0","shutter_speed":"0","title":"","orientation":"0","keywords":[]}},"post":14566,"source_url":"https:\/\/nuevodigitaldeescobar.com.ar\/wp-content\/uploads\/2025\/05\/3-1747141633555_1600_1067-Rl8SHJ.jpeg"},"yoast_head":"<!-- This site is optimized with the Yoast SEO plugin v26.1.1 - https:\/\/yoast.com\/wordpress\/plugins\/seo\/ -->\n<title>PSG contraataca y le reclama casi 100 millones de euros a Kyliam Mbapp\u00e9 - Nuevo Digital de Escobar<\/title>\n<meta name=\"robots\" content=\"index, follow, max-snippet:-1, max-image-preview:large, max-video-preview:-1\" \/>\n<link rel=\"canonical\" href=\"https:\/\/nuevodigitaldeescobar.com.ar\/?p=14566\" \/>\n<meta property=\"og:locale\" content=\"es_ES\" \/>\n<meta property=\"og:type\" content=\"article\" \/>\n<meta property=\"og:title\" content=\"PSG contraataca y le reclama casi 100 millones de euros a Kyliam Mbapp\u00e9 - Nuevo Digital de Escobar\" \/>\n<meta property=\"og:description\" content=\"El Paris Saint-Germain present\u00f3 una demanda contra Kylian Mbapp\u00e9, exigi\u00e9ndole el pago de 98 millones de euros al considerar que emple\u00f3 \u00abt\u00e1cticas dilatorias\u00bb que habr\u00edan [&hellip;]\" \/>\n<meta property=\"og:url\" content=\"https:\/\/nuevodigitaldeescobar.com.ar\/?p=14566\" \/>\n<meta property=\"og:site_name\" content=\"Nuevo Digital de Escobar\" \/>\n<meta property=\"article:publisher\" content=\"https:\/\/www.facebook.com\/NUEVODigitalDeEscobar\" \/>\n<meta property=\"article:published_time\" content=\"2025-05-13T14:20:28+00:00\" \/>\n<meta property=\"article:modified_time\" content=\"2025-05-13T14:50:54+00:00\" \/>\n<meta property=\"og:image\" content=\"https:\/\/nuevodigitaldeescobar.com.ar\/wp-content\/uploads\/2025\/05\/3-1747141633555_1600_1067-Rl8SHJ.jpeg\" \/>\n\t<meta property=\"og:image:width\" content=\"1600\" \/>\n\t<meta property=\"og:image:height\" content=\"1067\" \/>\n\t<meta property=\"og:image:type\" content=\"image\/jpeg\" \/>\n<meta name=\"author\" content=\"Redacci\u00f3n\" \/>\n<meta name=\"twitter:card\" content=\"summary_large_image\" \/>\n<meta name=\"twitter:creator\" content=\"@nuevodigescobar\" \/>\n<meta name=\"twitter:site\" content=\"@nuevodigescobar\" \/>\n<meta name=\"twitter:label1\" content=\"Escrito por\" \/>\n\t<meta name=\"twitter:data1\" content=\"Redacci\u00f3n\" \/>\n\t<meta name=\"twitter:label2\" content=\"Tiempo de lectura\" \/>\n\t<meta name=\"twitter:data2\" content=\"2 minutos\" \/>\n<script type=\"application\/ld+json\" class=\"yoast-schema-graph\">{\"@context\":\"https:\/\/schema.org\",\"@graph\":[{\"@type\":\"Article\",\"@id\":\"https:\/\/nuevodigitaldeescobar.com.ar\/?p=14566#article\",\"isPartOf\":{\"@id\":\"https:\/\/nuevodigitaldeescobar.com.ar\/?p=14566\"},\"author\":{\"name\":\"Redacci\u00f3n\",\"@id\":\"https:\/\/nuevodigitaldeescobar.com.ar\/#\/schema\/person\/035e90a8efe9a80e6eec22656ad6ea4c\"},\"headline\":\"PSG contraataca y le reclama casi 100 millones de euros a Kyliam Mbapp\u00e9\",\"datePublished\":\"2025-05-13T14:20:28+00:00\",\"dateModified\":\"2025-05-13T14:50:54+00:00\",\"mainEntityOfPage\":{\"@id\":\"https:\/\/nuevodigitaldeescobar.com.ar\/?p=14566\"},\"wordCount\":430,\"commentCount\":0,\"publisher\":{\"@id\":\"https:\/\/nuevodigitaldeescobar.com.ar\/#organization\"},\"image\":{\"@id\":\"https:\/\/nuevodigitaldeescobar.com.ar\/?p=14566#primaryimage\"},\"thumbnailUrl\":\"https:\/\/nuevodigitaldeescobar.com.ar\/wp-content\/uploads\/2025\/05\/3-1747141633555_1600_1067-Rl8SHJ.jpeg\",\"articleSection\":[\"Deportes\"],\"inLanguage\":\"es\",\"potentialAction\":[{\"@type\":\"CommentAction\",\"name\":\"Comment\",\"target\":[\"https:\/\/nuevodigitaldeescobar.com.ar\/?p=14566#respond\"]}]},{\"@type\":\"WebPage\",\"@id\":\"https:\/\/nuevodigitaldeescobar.com.ar\/?p=14566\",\"url\":\"https:\/\/nuevodigitaldeescobar.com.ar\/?p=14566\",\"name\":\"PSG contraataca y le reclama casi 100 millones de euros a Kyliam Mbapp\u00e9 - Nuevo Digital de Escobar\",\"isPartOf\":{\"@id\":\"https:\/\/nuevodigitaldeescobar.com.ar\/#website\"},\"primaryImageOfPage\":{\"@id\":\"https:\/\/nuevodigitaldeescobar.com.ar\/?p=14566#primaryimage\"},\"image\":{\"@id\":\"https:\/\/nuevodigitaldeescobar.com.ar\/?p=14566#primaryimage\"},\"thumbnailUrl\":\"https:\/\/nuevodigitaldeescobar.com.ar\/wp-content\/uploads\/2025\/05\/3-1747141633555_1600_1067-Rl8SHJ.jpeg\",\"datePublished\":\"2025-05-13T14:20:28+00:00\",\"dateModified\":\"2025-05-13T14:50:54+00:00\",\"breadcrumb\":{\"@id\":\"https:\/\/nuevodigitaldeescobar.com.ar\/?p=14566#breadcrumb\"},\"inLanguage\":\"es\",\"potentialAction\":[{\"@type\":\"ReadAction\",\"target\":[\"https:\/\/nuevodigitaldeescobar.com.ar\/?p=14566\"]}]},{\"@type\":\"ImageObject\",\"inLanguage\":\"es\",\"@id\":\"https:\/\/nuevodigitaldeescobar.com.ar\/?p=14566#primaryimage\",\"url\":\"https:\/\/nuevodigitaldeescobar.com.ar\/wp-content\/uploads\/2025\/05\/3-1747141633555_1600_1067-Rl8SHJ.jpeg\",\"contentUrl\":\"https:\/\/nuevodigitaldeescobar.com.ar\/wp-content\/uploads\/2025\/05\/3-1747141633555_1600_1067-Rl8SHJ.jpeg\",\"width\":1600,\"height\":1067},{\"@type\":\"BreadcrumbList\",\"@id\":\"https:\/\/nuevodigitaldeescobar.com.ar\/?p=14566#breadcrumb\",\"itemListElement\":[{\"@type\":\"ListItem\",\"position\":1,\"name\":\"Portada\",\"item\":\"https:\/\/nuevodigitaldeescobar.com.ar\/\"},{\"@type\":\"ListItem\",\"position\":2,\"name\":\"PSG contraataca y le reclama casi 100 millones de euros a Kyliam Mbapp\u00e9\"}]},{\"@type\":\"WebSite\",\"@id\":\"https:\/\/nuevodigitaldeescobar.com.ar\/#website\",\"url\":\"https:\/\/nuevodigitaldeescobar.com.ar\/\",\"name\":\"Nuevo Digital de Escobar\",\"description\":\"La vida escobarense. Directora: Rosana Brunner\",\"publisher\":{\"@id\":\"https:\/\/nuevodigitaldeescobar.com.ar\/#organization\"},\"potentialAction\":[{\"@type\":\"SearchAction\",\"target\":{\"@type\":\"EntryPoint\",\"urlTemplate\":\"https:\/\/nuevodigitaldeescobar.com.ar\/?s={search_term_string}\"},\"query-input\":{\"@type\":\"PropertyValueSpecification\",\"valueRequired\":true,\"valueName\":\"search_term_string\"}}],\"inLanguage\":\"es\"},{\"@type\":\"Organization\",\"@id\":\"https:\/\/nuevodigitaldeescobar.com.ar\/#organization\",\"name\":\"Nuevo Digital de Escobar\",\"url\":\"https:\/\/nuevodigitaldeescobar.com.ar\/\",\"logo\":{\"@type\":\"ImageObject\",\"inLanguage\":\"es\",\"@id\":\"https:\/\/nuevodigitaldeescobar.com.ar\/#\/schema\/logo\/image\/\",\"url\":\"https:\/\/nuevodigitaldeescobar.com.ar\/wp-content\/uploads\/2025\/05\/cropped-logo-nuevo2.jpg\",\"contentUrl\":\"https:\/\/nuevodigitaldeescobar.com.ar\/wp-content\/uploads\/2025\/05\/cropped-logo-nuevo2.jpg\",\"width\":305,\"height\":305,\"caption\":\"Nuevo Digital de Escobar\"},\"image\":{\"@id\":\"https:\/\/nuevodigitaldeescobar.com.ar\/#\/schema\/logo\/image\/\"},\"sameAs\":[\"https:\/\/www.facebook.com\/NUEVODigitalDeEscobar\",\"https:\/\/x.com\/nuevodigescobar\",\"https:\/\/www.instagram.com\/nuevodigitaldeescobar\"]},{\"@type\":\"Person\",\"@id\":\"https:\/\/nuevodigitaldeescobar.com.ar\/#\/schema\/person\/035e90a8efe9a80e6eec22656ad6ea4c\",\"name\":\"Redacci\u00f3n\",\"image\":{\"@type\":\"ImageObject\",\"inLanguage\":\"es\",\"@id\":\"https:\/\/nuevodigitaldeescobar.com.ar\/#\/schema\/person\/image\/\",\"url\":\"https:\/\/secure.gravatar.com\/avatar\/8af8f40000c24e9eef3034f2be5998a372bb1389e64b1a4a36b3a7979142220d?s=96&d=mm&r=g\",\"contentUrl\":\"https:\/\/secure.gravatar.com\/avatar\/8af8f40000c24e9eef3034f2be5998a372bb1389e64b1a4a36b3a7979142220d?s=96&d=mm&r=g\",\"caption\":\"Redacci\u00f3n\"},\"sameAs\":[\"http:\/\/nuevodigitaldeescobar.com.ar\"],\"url\":\"https:\/\/nuevodigitaldeescobar.com.ar\/?author=1\"}]}<\/script>\n<!-- \/ Yoast SEO plugin. -->","yoast_head_json":{"title":"PSG contraataca y le reclama casi 100 millones de euros a Kyliam Mbapp\u00e9 - Nuevo Digital de Escobar","robots":{"index":"index","follow":"follow","max-snippet":"max-snippet:-1","max-image-preview":"max-image-preview:large","max-video-preview":"max-video-preview:-1"},"canonical":"https:\/\/nuevodigitaldeescobar.com.ar\/?p=14566","og_locale":"es_ES","og_type":"article","og_title":"PSG contraataca y le reclama casi 100 millones de euros a Kyliam Mbapp\u00e9 - Nuevo Digital de Escobar","og_description":"El Paris Saint-Germain present\u00f3 una demanda contra Kylian Mbapp\u00e9, exigi\u00e9ndole el pago de 98 millones de euros al considerar que emple\u00f3 \u00abt\u00e1cticas dilatorias\u00bb que habr\u00edan [&hellip;]","og_url":"https:\/\/nuevodigitaldeescobar.com.ar\/?p=14566","og_site_name":"Nuevo Digital de Escobar","article_publisher":"https:\/\/www.facebook.com\/NUEVODigitalDeEscobar","article_published_time":"2025-05-13T14:20:28+00:00","article_modified_time":"2025-05-13T14:50:54+00:00","og_image":[{"width":1600,"height":1067,"url":"https:\/\/nuevodigitaldeescobar.com.ar\/wp-content\/uploads\/2025\/05\/3-1747141633555_1600_1067-Rl8SHJ.jpeg","type":"image\/jpeg"}],"author":"Redacci\u00f3n","twitter_card":"summary_large_image","twitter_creator":"@nuevodigescobar","twitter_site":"@nuevodigescobar","twitter_misc":{"Escrito por":"Redacci\u00f3n","Tiempo de lectura":"2 minutos"},"schema":{"@context":"https:\/\/schema.org","@graph":[{"@type":"Article","@id":"https:\/\/nuevodigitaldeescobar.com.ar\/?p=14566#article","isPartOf":{"@id":"https:\/\/nuevodigitaldeescobar.com.ar\/?p=14566"},"author":{"name":"Redacci\u00f3n","@id":"https:\/\/nuevodigitaldeescobar.com.ar\/#\/schema\/person\/035e90a8efe9a80e6eec22656ad6ea4c"},"headline":"PSG contraataca y le reclama casi 100 millones de euros a Kyliam Mbapp\u00e9","datePublished":"2025-05-13T14:20:28+00:00","dateModified":"2025-05-13T14:50:54+00:00","mainEntityOfPage":{"@id":"https:\/\/nuevodigitaldeescobar.com.ar\/?p=14566"},"wordCount":430,"commentCount":0,"publisher":{"@id":"https:\/\/nuevodigitaldeescobar.com.ar\/#organization"},"image":{"@id":"https:\/\/nuevodigitaldeescobar.com.ar\/?p=14566#primaryimage"},"thumbnailUrl":"https:\/\/nuevodigitaldeescobar.com.ar\/wp-content\/uploads\/2025\/05\/3-1747141633555_1600_1067-Rl8SHJ.jpeg","articleSection":["Deportes"],"inLanguage":"es","potentialAction":[{"@type":"CommentAction","name":"Comment","target":["https:\/\/nuevodigitaldeescobar.com.ar\/?p=14566#respond"]}]},{"@type":"WebPage","@id":"https:\/\/nuevodigitaldeescobar.com.ar\/?p=14566","url":"https:\/\/nuevodigitaldeescobar.com.ar\/?p=14566","name":"PSG contraataca y le reclama casi 100 millones de euros a Kyliam Mbapp\u00e9 - Nuevo Digital de Escobar","isPartOf":{"@id":"https:\/\/nuevodigitaldeescobar.com.ar\/#website"},"primaryImageOfPage":{"@id":"https:\/\/nuevodigitaldeescobar.com.ar\/?p=14566#primaryimage"},"image":{"@id":"https:\/\/nuevodigitaldeescobar.com.ar\/?p=14566#primaryimage"},"thumbnailUrl":"https:\/\/nuevodigitaldeescobar.com.ar\/wp-content\/uploads\/2025\/05\/3-1747141633555_1600_1067-Rl8SHJ.jpeg","datePublished":"2025-05-13T14:20:28+00:00","dateModified":"2025-05-13T14:50:54+00:00","breadcrumb":{"@id":"https:\/\/nuevodigitaldeescobar.com.ar\/?p=14566#breadcrumb"},"inLanguage":"es","potentialAction":[{"@type":"ReadAction","target":["https:\/\/nuevodigitaldeescobar.com.ar\/?p=14566"]}]},{"@type":"ImageObject","inLanguage":"es","@id":"https:\/\/nuevodigitaldeescobar.com.ar\/?p=14566#primaryimage","url":"https:\/\/nuevodigitaldeescobar.com.ar\/wp-content\/uploads\/2025\/05\/3-1747141633555_1600_1067-Rl8SHJ.jpeg","contentUrl":"https:\/\/nuevodigitaldeescobar.com.ar\/wp-content\/uploads\/2025\/05\/3-1747141633555_1600_1067-Rl8SHJ.jpeg","width":1600,"height":1067},{"@type":"BreadcrumbList","@id":"https:\/\/nuevodigitaldeescobar.com.ar\/?p=14566#breadcrumb","itemListElement":[{"@type":"ListItem","position":1,"name":"Portada","item":"https:\/\/nuevodigitaldeescobar.com.ar\/"},{"@type":"ListItem","position":2,"name":"PSG contraataca y le reclama casi 100 millones de euros a Kyliam Mbapp\u00e9"}]},{"@type":"WebSite","@id":"https:\/\/nuevodigitaldeescobar.com.ar\/#website","url":"https:\/\/nuevodigitaldeescobar.com.ar\/","name":"Nuevo Digital de Escobar","description":"La vida escobarense. Directora: Rosana Brunner","publisher":{"@id":"https:\/\/nuevodigitaldeescobar.com.ar\/#organization"},"potentialAction":[{"@type":"SearchAction","target":{"@type":"EntryPoint","urlTemplate":"https:\/\/nuevodigitaldeescobar.com.ar\/?s={search_term_string}"},"query-input":{"@type":"PropertyValueSpecification","valueRequired":true,"valueName":"search_term_string"}}],"inLanguage":"es"},{"@type":"Organization","@id":"https:\/\/nuevodigitaldeescobar.com.ar\/#organization","name":"Nuevo Digital de Escobar","url":"https:\/\/nuevodigitaldeescobar.com.ar\/","logo":{"@type":"ImageObject","inLanguage":"es","@id":"https:\/\/nuevodigitaldeescobar.com.ar\/#\/schema\/logo\/image\/","url":"https:\/\/nuevodigitaldeescobar.com.ar\/wp-content\/uploads\/2025\/05\/cropped-logo-nuevo2.jpg","contentUrl":"https:\/\/nuevodigitaldeescobar.com.ar\/wp-content\/uploads\/2025\/05\/cropped-logo-nuevo2.jpg","width":305,"height":305,"caption":"Nuevo Digital de Escobar"},"image":{"@id":"https:\/\/nuevodigitaldeescobar.com.ar\/#\/schema\/logo\/image\/"},"sameAs":["https:\/\/www.facebook.com\/NUEVODigitalDeEscobar","https:\/\/x.com\/nuevodigescobar","https:\/\/www.instagram.com\/nuevodigitaldeescobar"]},{"@type":"Person","@id":"https:\/\/nuevodigitaldeescobar.com.ar\/#\/schema\/person\/035e90a8efe9a80e6eec22656ad6ea4c","name":"Redacci\u00f3n","image":{"@type":"ImageObject","inLanguage":"es","@id":"https:\/\/nuevodigitaldeescobar.com.ar\/#\/schema\/person\/image\/","url":"https:\/\/secure.gravatar.com\/avatar\/8af8f40000c24e9eef3034f2be5998a372bb1389e64b1a4a36b3a7979142220d?s=96&d=mm&r=g","contentUrl":"https:\/\/secure.gravatar.com\/avatar\/8af8f40000c24e9eef3034f2be5998a372bb1389e64b1a4a36b3a7979142220d?s=96&d=mm&r=g","caption":"Redacci\u00f3n"},"sameAs":["http:\/\/nuevodigitaldeescobar.com.ar"],"url":"https:\/\/nuevodigitaldeescobar.com.ar\/?author=1"}]}},"featured_image_urls":{"full":["https:\/\/nuevodigitaldeescobar.com.ar\/wp-content\/uploads\/2025\/05\/3-1747141633555_1600_1067-Rl8SHJ.jpeg",1600,1067,false],"thumbnail":["https:\/\/nuevodigitaldeescobar.com.ar\/wp-content\/uploads\/2025\/05\/3-1747141633555_1600_1067-Rl8SHJ-150x150.jpeg",150,150,true],"medium":["https:\/\/nuevodigitaldeescobar.com.ar\/wp-content\/uploads\/2025\/05\/3-1747141633555_1600_1067-Rl8SHJ-300x200.jpeg",300,200,true],"medium_large":["https:\/\/nuevodigitaldeescobar.com.ar\/wp-content\/uploads\/2025\/05\/3-1747141633555_1600_1067-Rl8SHJ-768x512.jpeg",640,427,true],"large":["https:\/\/nuevodigitaldeescobar.com.ar\/wp-content\/uploads\/2025\/05\/3-1747141633555_1600_1067-Rl8SHJ-1024x683.jpeg",640,427,true],"1536x1536":["https:\/\/nuevodigitaldeescobar.com.ar\/wp-content\/uploads\/2025\/05\/3-1747141633555_1600_1067-Rl8SHJ-1536x1024.jpeg",1536,1024,true],"2048x2048":["https:\/\/nuevodigitaldeescobar.com.ar\/wp-content\/uploads\/2025\/05\/3-1747141633555_1600_1067-Rl8SHJ.jpeg",1600,1067,false]},"author_info":{"display_name":"Redacci\u00f3n","author_link":"https:\/\/nuevodigitaldeescobar.com.ar\/?author=1"},"category_info":"<a href=\"https:\/\/nuevodigitaldeescobar.com.ar\/?cat=8\" rel=\"category\">Deportes<\/a>","tag_info":"Deportes","comment_count":"0","_links":{"self":[{"href":"https:\/\/nuevodigitaldeescobar.com.ar\/index.php?rest_route=\/wp\/v2\/posts\/14566","targetHints":{"allow":["GET"]}}],"collection":[{"href":"https:\/\/nuevodigitaldeescobar.com.ar\/index.php?rest_route=\/wp\/v2\/posts"}],"about":[{"href":"https:\/\/nuevodigitaldeescobar.com.ar\/index.php?rest_route=\/wp\/v2\/types\/post"}],"author":[{"embeddable":true,"href":"https:\/\/nuevodigitaldeescobar.com.ar\/index.php?rest_route=\/wp\/v2\/users\/1"}],"replies":[{"embeddable":true,"href":"https:\/\/nuevodigitaldeescobar.com.ar\/index.php?rest_route=%2Fwp%2Fv2%2Fcomments&post=14566"}],"version-history":[{"count":1,"href":"https:\/\/nuevodigitaldeescobar.com.ar\/index.php?rest_route=\/wp\/v2\/posts\/14566\/revisions"}],"predecessor-version":[{"id":14569,"href":"https:\/\/nuevodigitaldeescobar.com.ar\/index.php?rest_route=\/wp\/v2\/posts\/14566\/revisions\/14569"}],"wp:featuredmedia":[{"embeddable":true,"href":"https:\/\/nuevodigitaldeescobar.com.ar\/index.php?rest_route=\/wp\/v2\/media\/14567"}],"wp:attachment":[{"href":"https:\/\/nuevodigitaldeescobar.com.ar\/index.php?rest_route=%2Fwp%2Fv2%2Fmedia&parent=14566"}],"wp:term":[{"taxonomy":"category","embeddable":true,"href":"https:\/\/nuevodigitaldeescobar.com.ar\/index.php?rest_route=%2Fwp%2Fv2%2Fcategories&post=14566"},{"taxonomy":"post_tag","embeddable":true,"href":"https:\/\/nuevodigitaldeescobar.com.ar\/index.php?rest_route=%2Fwp%2Fv2%2Ftags&post=14566"}],"curies":[{"name":"wp","href":"https:\/\/api.w.org\/{rel}","templated":true}]}}