{"id":14664,"date":"2025-05-14T15:55:24","date_gmt":"2025-05-14T18:55:24","guid":{"rendered":"https:\/\/nuevodigitaldeescobar.com.ar\/?p=14664"},"modified":"2025-05-14T15:55:28","modified_gmt":"2025-05-14T18:55:28","slug":"se-inauguro-la-nueva-feria-de-la-familia-en-maquinista-savio","status":"publish","type":"post","link":"https:\/\/nuevodigitaldeescobar.com.ar\/?p=14664","title":{"rendered":"Se inaugur\u00f3 la nueva Feria de la Familia en Maquinista Savio"},"content":{"rendered":"\n<p>Ariel Sujarchuk encabez\u00f3 la inauguraci\u00f3n de la nueva Feria de la Familia, un espacio hist\u00f3rico de Maquinista Savio que ahora cuenta con nueva infraestructura gracias al trabajo articulado entre el gobierno de la provincia de Buenos Aires y la Municipalidad de Escobar.\u00a0<\/p>\n\n\n\n<!--more-->\n\n\n\n<p>\u201cSon tiempos en los que hay que elegir entre el ajuste o apostar por la producci\u00f3n y el trabajo. En vez de retroceder, decidimos avanzar con obras que generen oportunidades reales. Esta feria va a crecer, va a seguir expandi\u00e9ndose y se va a transformar en un gran paseo comercial. Son centenares de familias que, a partir de ahora, van a poder vender m\u00e1s, con dignidad, esfuerzo y trabajo\u201d, afirm\u00f3 Sujarchuk.&nbsp;<\/p>\n\n\n\n<p>\u201cEsta fiesta, como toda lucha, tuvo momentos de ilusi\u00f3n y de dudas. Pero desde que Ariel puso la cabeza y la mirada en Savio, esta localidad cambi\u00f3. Cuando un intendente hace eso, una comunidad tiene presente y futuro. Y si hoy estamos ac\u00e1, es tambi\u00e9n gracias al gobernador Axel Kicillof, que apuesta todos los d\u00edas a la obra p\u00fablica como motor de igualdad\u201d, concluy\u00f3 el ministro de Infraestructura y Servicios P\u00fablicos de la Provincia. Gabriel Katopodis quien estuvo acompa\u00f1ado de la directora Provincial de Infraestructura Social, Mercedes Contreras.\u00a0<\/p>\n\n\n<div class=\"wp-block-image\">\n<figure class=\"aligncenter size-large\"><img fetchpriority=\"high\" decoding=\"async\" width=\"1024\" height=\"682\" src=\"http:\/\/nuevodigitaldeescobar.com.ar\/wp-content\/uploads\/2025\/05\/whatsapp_image_2025_05_14_at_14_59_35-1024x682.jpeg\" alt=\"\" class=\"wp-image-14665\" srcset=\"https:\/\/nuevodigitaldeescobar.com.ar\/wp-content\/uploads\/2025\/05\/whatsapp_image_2025_05_14_at_14_59_35-1024x682.jpeg 1024w, https:\/\/nuevodigitaldeescobar.com.ar\/wp-content\/uploads\/2025\/05\/whatsapp_image_2025_05_14_at_14_59_35-300x200.jpeg 300w, https:\/\/nuevodigitaldeescobar.com.ar\/wp-content\/uploads\/2025\/05\/whatsapp_image_2025_05_14_at_14_59_35-768x512.jpeg 768w, https:\/\/nuevodigitaldeescobar.com.ar\/wp-content\/uploads\/2025\/05\/whatsapp_image_2025_05_14_at_14_59_35-1536x1023.jpeg 1536w, https:\/\/nuevodigitaldeescobar.com.ar\/wp-content\/uploads\/2025\/05\/whatsapp_image_2025_05_14_at_14_59_35.jpeg 1600w\" sizes=\"(max-width: 1024px) 100vw, 1024px\" \/><\/figure><\/div>\n\n\n<p>En esta primera etapa se construyeron 348 puestos de venta, un bloque sanitario, un \u00e1rea administrativa de 55 metros cuadrados y naves met\u00e1licas techadas. Adem\u00e1s, se sumaron veredas, parquizaci\u00f3n, iluminaci\u00f3n, estacionamiento y un cerco perimetral con cinco accesos. La segunda etapa de la obra contempla alcanzar un total de 692 puestos, la construcci\u00f3n de dos bloques sanitarios adicionales, la repavimentaci\u00f3n de la calle Beliera y un nuevo espacio de recreaci\u00f3n.<\/p>\n\n\n\n<p>Durante el acto inaugural se realiz\u00f3 el tradicional corte de cinta en el ingreso de la Feria, seguido por una recorrida por los puestos. Estuvieron presentes autoridades municipales y provinciales, integrantes de la Asociaci\u00f3n Civil Feria La Familia y vecinos y vecinas de la localidad. Al finalizar el acto, los vecinos presentes sorprendieron al jefe comunal en su d\u00eda de cumplea\u00f1os con un saludo especial y una torta para celebrar el aniversario.<\/p>\n\n\n<div class=\"wp-block-image\">\n<figure class=\"aligncenter size-large\"><img decoding=\"async\" width=\"1024\" height=\"682\" src=\"http:\/\/nuevodigitaldeescobar.com.ar\/wp-content\/uploads\/2025\/05\/whatsapp_image_2025_05_14_at_14_59_36__1_-1024x682.jpeg\" alt=\"\" class=\"wp-image-14667\" srcset=\"https:\/\/nuevodigitaldeescobar.com.ar\/wp-content\/uploads\/2025\/05\/whatsapp_image_2025_05_14_at_14_59_36__1_-1024x682.jpeg 1024w, https:\/\/nuevodigitaldeescobar.com.ar\/wp-content\/uploads\/2025\/05\/whatsapp_image_2025_05_14_at_14_59_36__1_-300x200.jpeg 300w, https:\/\/nuevodigitaldeescobar.com.ar\/wp-content\/uploads\/2025\/05\/whatsapp_image_2025_05_14_at_14_59_36__1_-768x512.jpeg 768w, https:\/\/nuevodigitaldeescobar.com.ar\/wp-content\/uploads\/2025\/05\/whatsapp_image_2025_05_14_at_14_59_36__1_-1536x1023.jpeg 1536w, https:\/\/nuevodigitaldeescobar.com.ar\/wp-content\/uploads\/2025\/05\/whatsapp_image_2025_05_14_at_14_59_36__1_.jpeg 1600w\" sizes=\"(max-width: 1024px) 100vw, 1024px\" \/><\/figure><\/div>\n\n\n<p>La Feria de la Familia naci\u00f3 en 1998 como espacio de trueque en un contexto de crisis social. En la actualidad est\u00e1 integrada por m\u00e1s de 670 personas registradas, con m\u00e1s de 500 en actividad, ofreciendo productos de rubros como indumentaria, mercer\u00eda, textil, comestibles, almac\u00e9n, marroquiner\u00eda, bazar y art\u00edculos usados, entre otros. Gracias al impulso de la gesti\u00f3n municipal, la Feria se organiz\u00f3 institucionalmente a trav\u00e9s de una comisi\u00f3n compuesta por 14 integrantes y se avanz\u00f3 en su regularizaci\u00f3n.<\/p>\n","protected":false},"excerpt":{"rendered":"<p>Ariel Sujarchuk encabez\u00f3 la inauguraci\u00f3n de la nueva Feria de la Familia, un espacio hist\u00f3rico de Maquinista Savio que ahora cuenta con nueva infraestructura gracias [&hellip;]<\/p>\n","protected":false},"author":1,"featured_media":14666,"comment_status":"open","ping_status":"open","sticky":false,"template":"","format":"standard","meta":{"footnotes":""},"categories":[7],"tags":[118],"class_list":["post-14664","post","type-post","status-publish","format-standard","has-post-thumbnail","hentry","category-interes-general","tag-maquinista-savio"],"better_featured_image":{"id":14666,"alt_text":"","caption":"","description":"","media_type":"image","media_details":{"width":1600,"height":1066,"file":"2025\/05\/whatsapp_image_2025_05_14_at_14_59_36.jpeg","filesize":412169,"sizes":{"medium":{"file":"whatsapp_image_2025_05_14_at_14_59_36-300x200.jpeg","width":300,"height":200,"mime-type":"image\/jpeg","filesize":18727,"source_url":"https:\/\/nuevodigitaldeescobar.com.ar\/wp-content\/uploads\/2025\/05\/whatsapp_image_2025_05_14_at_14_59_36-300x200.jpeg"},"large":{"file":"whatsapp_image_2025_05_14_at_14_59_36-1024x682.jpeg","width":1024,"height":682,"mime-type":"image\/jpeg","filesize":128593,"source_url":"https:\/\/nuevodigitaldeescobar.com.ar\/wp-content\/uploads\/2025\/05\/whatsapp_image_2025_05_14_at_14_59_36-1024x682.jpeg"},"thumbnail":{"file":"whatsapp_image_2025_05_14_at_14_59_36-150x150.jpeg","width":150,"height":150,"mime-type":"image\/jpeg","filesize":8924,"source_url":"https:\/\/nuevodigitaldeescobar.com.ar\/wp-content\/uploads\/2025\/05\/whatsapp_image_2025_05_14_at_14_59_36-150x150.jpeg"},"medium_large":{"file":"whatsapp_image_2025_05_14_at_14_59_36-768x512.jpeg","width":768,"height":512,"mime-type":"image\/jpeg","filesize":82304,"source_url":"https:\/\/nuevodigitaldeescobar.com.ar\/wp-content\/uploads\/2025\/05\/whatsapp_image_2025_05_14_at_14_59_36-768x512.jpeg"},"1536x1536":{"file":"whatsapp_image_2025_05_14_at_14_59_36-1536x1023.jpeg","width":1536,"height":1023,"mime-type":"image\/jpeg","filesize":237554,"source_url":"https:\/\/nuevodigitaldeescobar.com.ar\/wp-content\/uploads\/2025\/05\/whatsapp_image_2025_05_14_at_14_59_36-1536x1023.jpeg"}},"image_meta":{"aperture":"0","credit":"","camera":"","caption":"","created_timestamp":"0","copyright":"","focal_length":"0","iso":"0","shutter_speed":"0","title":"","orientation":"0","keywords":[]}},"post":14664,"source_url":"https:\/\/nuevodigitaldeescobar.com.ar\/wp-content\/uploads\/2025\/05\/whatsapp_image_2025_05_14_at_14_59_36.jpeg"},"yoast_head":"<!-- This site is optimized with the Yoast SEO plugin v26.1.1 - https:\/\/yoast.com\/wordpress\/plugins\/seo\/ -->\n<title>Se inaugur\u00f3 la nueva Feria de la Familia en Maquinista Savio - Nuevo Digital de Escobar<\/title>\n<meta name=\"robots\" content=\"index, follow, max-snippet:-1, max-image-preview:large, max-video-preview:-1\" \/>\n<link rel=\"canonical\" href=\"https:\/\/nuevodigitaldeescobar.com.ar\/?p=14664\" \/>\n<meta property=\"og:locale\" content=\"es_ES\" \/>\n<meta property=\"og:type\" content=\"article\" \/>\n<meta property=\"og:title\" content=\"Se inaugur\u00f3 la nueva Feria de la Familia en Maquinista Savio - Nuevo Digital de Escobar\" \/>\n<meta property=\"og:description\" content=\"Ariel Sujarchuk encabez\u00f3 la inauguraci\u00f3n de la nueva Feria de la Familia, un espacio hist\u00f3rico de Maquinista Savio que ahora cuenta con nueva infraestructura gracias [&hellip;]\" \/>\n<meta property=\"og:url\" content=\"https:\/\/nuevodigitaldeescobar.com.ar\/?p=14664\" \/>\n<meta property=\"og:site_name\" content=\"Nuevo Digital de Escobar\" \/>\n<meta property=\"article:publisher\" content=\"https:\/\/www.facebook.com\/NUEVODigitalDeEscobar\" \/>\n<meta property=\"article:published_time\" content=\"2025-05-14T18:55:24+00:00\" \/>\n<meta property=\"article:modified_time\" content=\"2025-05-14T18:55:28+00:00\" \/>\n<meta property=\"og:image\" content=\"https:\/\/nuevodigitaldeescobar.com.ar\/wp-content\/uploads\/2025\/05\/whatsapp_image_2025_05_14_at_14_59_36.jpeg\" \/>\n\t<meta property=\"og:image:width\" content=\"1600\" \/>\n\t<meta property=\"og:image:height\" content=\"1066\" \/>\n\t<meta property=\"og:image:type\" content=\"image\/jpeg\" \/>\n<meta name=\"author\" content=\"Redacci\u00f3n\" \/>\n<meta name=\"twitter:card\" content=\"summary_large_image\" \/>\n<meta name=\"twitter:creator\" content=\"@nuevodigescobar\" \/>\n<meta name=\"twitter:site\" content=\"@nuevodigescobar\" \/>\n<meta name=\"twitter:label1\" content=\"Escrito por\" \/>\n\t<meta name=\"twitter:data1\" content=\"Redacci\u00f3n\" \/>\n\t<meta name=\"twitter:label2\" content=\"Tiempo de lectura\" \/>\n\t<meta name=\"twitter:data2\" content=\"2 minutos\" \/>\n<script type=\"application\/ld+json\" class=\"yoast-schema-graph\">{\"@context\":\"https:\/\/schema.org\",\"@graph\":[{\"@type\":\"Article\",\"@id\":\"https:\/\/nuevodigitaldeescobar.com.ar\/?p=14664#article\",\"isPartOf\":{\"@id\":\"https:\/\/nuevodigitaldeescobar.com.ar\/?p=14664\"},\"author\":{\"name\":\"Redacci\u00f3n\",\"@id\":\"https:\/\/nuevodigitaldeescobar.com.ar\/#\/schema\/person\/035e90a8efe9a80e6eec22656ad6ea4c\"},\"headline\":\"Se inaugur\u00f3 la nueva Feria de la Familia en Maquinista Savio\",\"datePublished\":\"2025-05-14T18:55:24+00:00\",\"dateModified\":\"2025-05-14T18:55:28+00:00\",\"mainEntityOfPage\":{\"@id\":\"https:\/\/nuevodigitaldeescobar.com.ar\/?p=14664\"},\"wordCount\":458,\"commentCount\":0,\"publisher\":{\"@id\":\"https:\/\/nuevodigitaldeescobar.com.ar\/#organization\"},\"image\":{\"@id\":\"https:\/\/nuevodigitaldeescobar.com.ar\/?p=14664#primaryimage\"},\"thumbnailUrl\":\"https:\/\/nuevodigitaldeescobar.com.ar\/wp-content\/uploads\/2025\/05\/whatsapp_image_2025_05_14_at_14_59_36.jpeg\",\"keywords\":[\"Maquinista Savio\"],\"articleSection\":[\"Inter\u00e9s general\"],\"inLanguage\":\"es\",\"potentialAction\":[{\"@type\":\"CommentAction\",\"name\":\"Comment\",\"target\":[\"https:\/\/nuevodigitaldeescobar.com.ar\/?p=14664#respond\"]}]},{\"@type\":\"WebPage\",\"@id\":\"https:\/\/nuevodigitaldeescobar.com.ar\/?p=14664\",\"url\":\"https:\/\/nuevodigitaldeescobar.com.ar\/?p=14664\",\"name\":\"Se inaugur\u00f3 la nueva Feria de la Familia en Maquinista Savio - Nuevo Digital de Escobar\",\"isPartOf\":{\"@id\":\"https:\/\/nuevodigitaldeescobar.com.ar\/#website\"},\"primaryImageOfPage\":{\"@id\":\"https:\/\/nuevodigitaldeescobar.com.ar\/?p=14664#primaryimage\"},\"image\":{\"@id\":\"https:\/\/nuevodigitaldeescobar.com.ar\/?p=14664#primaryimage\"},\"thumbnailUrl\":\"https:\/\/nuevodigitaldeescobar.com.ar\/wp-content\/uploads\/2025\/05\/whatsapp_image_2025_05_14_at_14_59_36.jpeg\",\"datePublished\":\"2025-05-14T18:55:24+00:00\",\"dateModified\":\"2025-05-14T18:55:28+00:00\",\"breadcrumb\":{\"@id\":\"https:\/\/nuevodigitaldeescobar.com.ar\/?p=14664#breadcrumb\"},\"inLanguage\":\"es\",\"potentialAction\":[{\"@type\":\"ReadAction\",\"target\":[\"https:\/\/nuevodigitaldeescobar.com.ar\/?p=14664\"]}]},{\"@type\":\"ImageObject\",\"inLanguage\":\"es\",\"@id\":\"https:\/\/nuevodigitaldeescobar.com.ar\/?p=14664#primaryimage\",\"url\":\"https:\/\/nuevodigitaldeescobar.com.ar\/wp-content\/uploads\/2025\/05\/whatsapp_image_2025_05_14_at_14_59_36.jpeg\",\"contentUrl\":\"https:\/\/nuevodigitaldeescobar.com.ar\/wp-content\/uploads\/2025\/05\/whatsapp_image_2025_05_14_at_14_59_36.jpeg\",\"width\":1600,\"height\":1066},{\"@type\":\"BreadcrumbList\",\"@id\":\"https:\/\/nuevodigitaldeescobar.com.ar\/?p=14664#breadcrumb\",\"itemListElement\":[{\"@type\":\"ListItem\",\"position\":1,\"name\":\"Portada\",\"item\":\"https:\/\/nuevodigitaldeescobar.com.ar\/\"},{\"@type\":\"ListItem\",\"position\":2,\"name\":\"Se inaugur\u00f3 la nueva Feria de la Familia en Maquinista Savio\"}]},{\"@type\":\"WebSite\",\"@id\":\"https:\/\/nuevodigitaldeescobar.com.ar\/#website\",\"url\":\"https:\/\/nuevodigitaldeescobar.com.ar\/\",\"name\":\"Nuevo Digital de Escobar\",\"description\":\"La vida escobarense. Directora: Rosana Brunner\",\"publisher\":{\"@id\":\"https:\/\/nuevodigitaldeescobar.com.ar\/#organization\"},\"potentialAction\":[{\"@type\":\"SearchAction\",\"target\":{\"@type\":\"EntryPoint\",\"urlTemplate\":\"https:\/\/nuevodigitaldeescobar.com.ar\/?s={search_term_string}\"},\"query-input\":{\"@type\":\"PropertyValueSpecification\",\"valueRequired\":true,\"valueName\":\"search_term_string\"}}],\"inLanguage\":\"es\"},{\"@type\":\"Organization\",\"@id\":\"https:\/\/nuevodigitaldeescobar.com.ar\/#organization\",\"name\":\"Nuevo Digital de Escobar\",\"url\":\"https:\/\/nuevodigitaldeescobar.com.ar\/\",\"logo\":{\"@type\":\"ImageObject\",\"inLanguage\":\"es\",\"@id\":\"https:\/\/nuevodigitaldeescobar.com.ar\/#\/schema\/logo\/image\/\",\"url\":\"https:\/\/nuevodigitaldeescobar.com.ar\/wp-content\/uploads\/2025\/05\/cropped-logo-nuevo2.jpg\",\"contentUrl\":\"https:\/\/nuevodigitaldeescobar.com.ar\/wp-content\/uploads\/2025\/05\/cropped-logo-nuevo2.jpg\",\"width\":305,\"height\":305,\"caption\":\"Nuevo Digital de Escobar\"},\"image\":{\"@id\":\"https:\/\/nuevodigitaldeescobar.com.ar\/#\/schema\/logo\/image\/\"},\"sameAs\":[\"https:\/\/www.facebook.com\/NUEVODigitalDeEscobar\",\"https:\/\/x.com\/nuevodigescobar\",\"https:\/\/www.instagram.com\/nuevodigitaldeescobar\"]},{\"@type\":\"Person\",\"@id\":\"https:\/\/nuevodigitaldeescobar.com.ar\/#\/schema\/person\/035e90a8efe9a80e6eec22656ad6ea4c\",\"name\":\"Redacci\u00f3n\",\"image\":{\"@type\":\"ImageObject\",\"inLanguage\":\"es\",\"@id\":\"https:\/\/nuevodigitaldeescobar.com.ar\/#\/schema\/person\/image\/\",\"url\":\"https:\/\/secure.gravatar.com\/avatar\/8af8f40000c24e9eef3034f2be5998a372bb1389e64b1a4a36b3a7979142220d?s=96&d=mm&r=g\",\"contentUrl\":\"https:\/\/secure.gravatar.com\/avatar\/8af8f40000c24e9eef3034f2be5998a372bb1389e64b1a4a36b3a7979142220d?s=96&d=mm&r=g\",\"caption\":\"Redacci\u00f3n\"},\"sameAs\":[\"http:\/\/nuevodigitaldeescobar.com.ar\"],\"url\":\"https:\/\/nuevodigitaldeescobar.com.ar\/?author=1\"}]}<\/script>\n<!-- \/ Yoast SEO plugin. -->","yoast_head_json":{"title":"Se inaugur\u00f3 la nueva Feria de la Familia en Maquinista Savio - Nuevo Digital de Escobar","robots":{"index":"index","follow":"follow","max-snippet":"max-snippet:-1","max-image-preview":"max-image-preview:large","max-video-preview":"max-video-preview:-1"},"canonical":"https:\/\/nuevodigitaldeescobar.com.ar\/?p=14664","og_locale":"es_ES","og_type":"article","og_title":"Se inaugur\u00f3 la nueva Feria de la Familia en Maquinista Savio - Nuevo Digital de Escobar","og_description":"Ariel Sujarchuk encabez\u00f3 la inauguraci\u00f3n de la nueva Feria de la Familia, un espacio hist\u00f3rico de Maquinista Savio que ahora cuenta con nueva infraestructura gracias [&hellip;]","og_url":"https:\/\/nuevodigitaldeescobar.com.ar\/?p=14664","og_site_name":"Nuevo Digital de Escobar","article_publisher":"https:\/\/www.facebook.com\/NUEVODigitalDeEscobar","article_published_time":"2025-05-14T18:55:24+00:00","article_modified_time":"2025-05-14T18:55:28+00:00","og_image":[{"width":1600,"height":1066,"url":"https:\/\/nuevodigitaldeescobar.com.ar\/wp-content\/uploads\/2025\/05\/whatsapp_image_2025_05_14_at_14_59_36.jpeg","type":"image\/jpeg"}],"author":"Redacci\u00f3n","twitter_card":"summary_large_image","twitter_creator":"@nuevodigescobar","twitter_site":"@nuevodigescobar","twitter_misc":{"Escrito por":"Redacci\u00f3n","Tiempo de lectura":"2 minutos"},"schema":{"@context":"https:\/\/schema.org","@graph":[{"@type":"Article","@id":"https:\/\/nuevodigitaldeescobar.com.ar\/?p=14664#article","isPartOf":{"@id":"https:\/\/nuevodigitaldeescobar.com.ar\/?p=14664"},"author":{"name":"Redacci\u00f3n","@id":"https:\/\/nuevodigitaldeescobar.com.ar\/#\/schema\/person\/035e90a8efe9a80e6eec22656ad6ea4c"},"headline":"Se inaugur\u00f3 la nueva Feria de la Familia en Maquinista Savio","datePublished":"2025-05-14T18:55:24+00:00","dateModified":"2025-05-14T18:55:28+00:00","mainEntityOfPage":{"@id":"https:\/\/nuevodigitaldeescobar.com.ar\/?p=14664"},"wordCount":458,"commentCount":0,"publisher":{"@id":"https:\/\/nuevodigitaldeescobar.com.ar\/#organization"},"image":{"@id":"https:\/\/nuevodigitaldeescobar.com.ar\/?p=14664#primaryimage"},"thumbnailUrl":"https:\/\/nuevodigitaldeescobar.com.ar\/wp-content\/uploads\/2025\/05\/whatsapp_image_2025_05_14_at_14_59_36.jpeg","keywords":["Maquinista Savio"],"articleSection":["Inter\u00e9s general"],"inLanguage":"es","potentialAction":[{"@type":"CommentAction","name":"Comment","target":["https:\/\/nuevodigitaldeescobar.com.ar\/?p=14664#respond"]}]},{"@type":"WebPage","@id":"https:\/\/nuevodigitaldeescobar.com.ar\/?p=14664","url":"https:\/\/nuevodigitaldeescobar.com.ar\/?p=14664","name":"Se inaugur\u00f3 la nueva Feria de la Familia en Maquinista Savio - Nuevo Digital de Escobar","isPartOf":{"@id":"https:\/\/nuevodigitaldeescobar.com.ar\/#website"},"primaryImageOfPage":{"@id":"https:\/\/nuevodigitaldeescobar.com.ar\/?p=14664#primaryimage"},"image":{"@id":"https:\/\/nuevodigitaldeescobar.com.ar\/?p=14664#primaryimage"},"thumbnailUrl":"https:\/\/nuevodigitaldeescobar.com.ar\/wp-content\/uploads\/2025\/05\/whatsapp_image_2025_05_14_at_14_59_36.jpeg","datePublished":"2025-05-14T18:55:24+00:00","dateModified":"2025-05-14T18:55:28+00:00","breadcrumb":{"@id":"https:\/\/nuevodigitaldeescobar.com.ar\/?p=14664#breadcrumb"},"inLanguage":"es","potentialAction":[{"@type":"ReadAction","target":["https:\/\/nuevodigitaldeescobar.com.ar\/?p=14664"]}]},{"@type":"ImageObject","inLanguage":"es","@id":"https:\/\/nuevodigitaldeescobar.com.ar\/?p=14664#primaryimage","url":"https:\/\/nuevodigitaldeescobar.com.ar\/wp-content\/uploads\/2025\/05\/whatsapp_image_2025_05_14_at_14_59_36.jpeg","contentUrl":"https:\/\/nuevodigitaldeescobar.com.ar\/wp-content\/uploads\/2025\/05\/whatsapp_image_2025_05_14_at_14_59_36.jpeg","width":1600,"height":1066},{"@type":"BreadcrumbList","@id":"https:\/\/nuevodigitaldeescobar.com.ar\/?p=14664#breadcrumb","itemListElement":[{"@type":"ListItem","position":1,"name":"Portada","item":"https:\/\/nuevodigitaldeescobar.com.ar\/"},{"@type":"ListItem","position":2,"name":"Se inaugur\u00f3 la nueva Feria de la Familia en Maquinista Savio"}]},{"@type":"WebSite","@id":"https:\/\/nuevodigitaldeescobar.com.ar\/#website","url":"https:\/\/nuevodigitaldeescobar.com.ar\/","name":"Nuevo Digital de Escobar","description":"La vida escobarense. Directora: Rosana Brunner","publisher":{"@id":"https:\/\/nuevodigitaldeescobar.com.ar\/#organization"},"potentialAction":[{"@type":"SearchAction","target":{"@type":"EntryPoint","urlTemplate":"https:\/\/nuevodigitaldeescobar.com.ar\/?s={search_term_string}"},"query-input":{"@type":"PropertyValueSpecification","valueRequired":true,"valueName":"search_term_string"}}],"inLanguage":"es"},{"@type":"Organization","@id":"https:\/\/nuevodigitaldeescobar.com.ar\/#organization","name":"Nuevo Digital de Escobar","url":"https:\/\/nuevodigitaldeescobar.com.ar\/","logo":{"@type":"ImageObject","inLanguage":"es","@id":"https:\/\/nuevodigitaldeescobar.com.ar\/#\/schema\/logo\/image\/","url":"https:\/\/nuevodigitaldeescobar.com.ar\/wp-content\/uploads\/2025\/05\/cropped-logo-nuevo2.jpg","contentUrl":"https:\/\/nuevodigitaldeescobar.com.ar\/wp-content\/uploads\/2025\/05\/cropped-logo-nuevo2.jpg","width":305,"height":305,"caption":"Nuevo Digital de Escobar"},"image":{"@id":"https:\/\/nuevodigitaldeescobar.com.ar\/#\/schema\/logo\/image\/"},"sameAs":["https:\/\/www.facebook.com\/NUEVODigitalDeEscobar","https:\/\/x.com\/nuevodigescobar","https:\/\/www.instagram.com\/nuevodigitaldeescobar"]},{"@type":"Person","@id":"https:\/\/nuevodigitaldeescobar.com.ar\/#\/schema\/person\/035e90a8efe9a80e6eec22656ad6ea4c","name":"Redacci\u00f3n","image":{"@type":"ImageObject","inLanguage":"es","@id":"https:\/\/nuevodigitaldeescobar.com.ar\/#\/schema\/person\/image\/","url":"https:\/\/secure.gravatar.com\/avatar\/8af8f40000c24e9eef3034f2be5998a372bb1389e64b1a4a36b3a7979142220d?s=96&d=mm&r=g","contentUrl":"https:\/\/secure.gravatar.com\/avatar\/8af8f40000c24e9eef3034f2be5998a372bb1389e64b1a4a36b3a7979142220d?s=96&d=mm&r=g","caption":"Redacci\u00f3n"},"sameAs":["http:\/\/nuevodigitaldeescobar.com.ar"],"url":"https:\/\/nuevodigitaldeescobar.com.ar\/?author=1"}]}},"featured_image_urls":{"full":["https:\/\/nuevodigitaldeescobar.com.ar\/wp-content\/uploads\/2025\/05\/whatsapp_image_2025_05_14_at_14_59_36.jpeg",1600,1066,false],"thumbnail":["https:\/\/nuevodigitaldeescobar.com.ar\/wp-content\/uploads\/2025\/05\/whatsapp_image_2025_05_14_at_14_59_36-150x150.jpeg",150,150,true],"medium":["https:\/\/nuevodigitaldeescobar.com.ar\/wp-content\/uploads\/2025\/05\/whatsapp_image_2025_05_14_at_14_59_36-300x200.jpeg",300,200,true],"medium_large":["https:\/\/nuevodigitaldeescobar.com.ar\/wp-content\/uploads\/2025\/05\/whatsapp_image_2025_05_14_at_14_59_36-768x512.jpeg",640,427,true],"large":["https:\/\/nuevodigitaldeescobar.com.ar\/wp-content\/uploads\/2025\/05\/whatsapp_image_2025_05_14_at_14_59_36-1024x682.jpeg",640,426,true],"1536x1536":["https:\/\/nuevodigitaldeescobar.com.ar\/wp-content\/uploads\/2025\/05\/whatsapp_image_2025_05_14_at_14_59_36-1536x1023.jpeg",1536,1023,true],"2048x2048":["https:\/\/nuevodigitaldeescobar.com.ar\/wp-content\/uploads\/2025\/05\/whatsapp_image_2025_05_14_at_14_59_36.jpeg",1600,1066,false]},"author_info":{"display_name":"Redacci\u00f3n","author_link":"https:\/\/nuevodigitaldeescobar.com.ar\/?author=1"},"category_info":"<a href=\"https:\/\/nuevodigitaldeescobar.com.ar\/?cat=7\" rel=\"category\">Inter\u00e9s general<\/a>","tag_info":"Inter\u00e9s general","comment_count":"0","_links":{"self":[{"href":"https:\/\/nuevodigitaldeescobar.com.ar\/index.php?rest_route=\/wp\/v2\/posts\/14664","targetHints":{"allow":["GET"]}}],"collection":[{"href":"https:\/\/nuevodigitaldeescobar.com.ar\/index.php?rest_route=\/wp\/v2\/posts"}],"about":[{"href":"https:\/\/nuevodigitaldeescobar.com.ar\/index.php?rest_route=\/wp\/v2\/types\/post"}],"author":[{"embeddable":true,"href":"https:\/\/nuevodigitaldeescobar.com.ar\/index.php?rest_route=\/wp\/v2\/users\/1"}],"replies":[{"embeddable":true,"href":"https:\/\/nuevodigitaldeescobar.com.ar\/index.php?rest_route=%2Fwp%2Fv2%2Fcomments&post=14664"}],"version-history":[{"count":1,"href":"https:\/\/nuevodigitaldeescobar.com.ar\/index.php?rest_route=\/wp\/v2\/posts\/14664\/revisions"}],"predecessor-version":[{"id":14668,"href":"https:\/\/nuevodigitaldeescobar.com.ar\/index.php?rest_route=\/wp\/v2\/posts\/14664\/revisions\/14668"}],"wp:featuredmedia":[{"embeddable":true,"href":"https:\/\/nuevodigitaldeescobar.com.ar\/index.php?rest_route=\/wp\/v2\/media\/14666"}],"wp:attachment":[{"href":"https:\/\/nuevodigitaldeescobar.com.ar\/index.php?rest_route=%2Fwp%2Fv2%2Fmedia&parent=14664"}],"wp:term":[{"taxonomy":"category","embeddable":true,"href":"https:\/\/nuevodigitaldeescobar.com.ar\/index.php?rest_route=%2Fwp%2Fv2%2Fcategories&post=14664"},{"taxonomy":"post_tag","embeddable":true,"href":"https:\/\/nuevodigitaldeescobar.com.ar\/index.php?rest_route=%2Fwp%2Fv2%2Ftags&post=14664"}],"curies":[{"name":"wp","href":"https:\/\/api.w.org\/{rel}","templated":true}]}}