{"id":14709,"date":"2025-05-15T17:20:23","date_gmt":"2025-05-15T20:20:23","guid":{"rendered":"https:\/\/nuevodigitaldeescobar.com.ar\/?p=14709"},"modified":"2025-05-15T17:59:13","modified_gmt":"2025-05-15T20:59:13","slug":"alerta-rosario-central-di-maria-se-marcha-del-benfica-despues-del-mundial-de-clubes","status":"publish","type":"post","link":"https:\/\/nuevodigitaldeescobar.com.ar\/?p=14709","title":{"rendered":"Alerta Rosario Central: Di Mar\u00eda se marcha del Benfica despu\u00e9s del Mundial de Clubes"},"content":{"rendered":"\n<p>Tras varios meses de incertidumbre sobre su futuro en Benfica, \u00c1ngel Di Maria podr\u00eda no renovar con el Benfica por sus constantes lesiones\u00bb>\u00c1ngel Di Mar\u00eda<\/a> ya tiene definida su salida del club<\/strong>. El rosarino no continuar\u00e1 en la instituci\u00f3n portuguesa <strong>una vez finalizada su participaci\u00f3n en el Gianni Infantino para preparar el Mundial de Clubes<\/a><\/strong>, y quedar\u00e1 en condici\u00f3n de jugador libre.<\/p>\n<p>Ya a fines de abril, medios portugueses como A Bola anticipaban que el ciclo de Di Mar\u00eda en Benfica podr\u00eda cerrarse al concluir la temporada. A pesar de seguir siendo una de las figuras del equipo a sus 37 a\u00f1os, \u00a0<strong>el elevado costo de su contrato y la falta de garant\u00edas sobre su protagonismo futuro hac\u00edan poco viable su permanencia m\u00e1s all\u00e1 de junio<\/strong>.<\/p>\n\n<p><strong>Rui Costa, director deportivo del Benfica, hab\u00eda declarado que tanto \u00e9l como Nicol\u00e1s Otamendi ser\u00edan convocados a conversar sobre sus respectivos contratos al t\u00e9rmino de la temporada actual<\/strong>. No obstante, en el caso del defensor, se espera una renovaci\u00f3n sin mayores complicaciones, y desde Portugal aseguran que seguir\u00e1 al menos un a\u00f1o m\u00e1s.<\/p>\n<p>Por el momento, <strong>Di Mar\u00eda no ha definido si continuar\u00e1 en Europa o si regresar\u00e1 a la Argentina<\/strong>. Esto ha generado una creciente ilusi\u00f3n entre los hinchas de <strong>Rosario Central<\/strong>, quienes sue\u00f1an con ver al \u00eddolo vestir nuevamente la camiseta del club que lo vio nacer. Sin embargo, hasta ahora no se registran avances concretos ni propuestas formales, ya que la decisi\u00f3n del jugador es reciente.<\/p>\n<p><a \n<p>Lo que s\u00ed parece inamovible es que, <strong>si decide volver al pa\u00eds, su \u00fanico destino ser\u00eda el Canalla<\/strong>. Aun as\u00ed, considerando su nivel y trayectoria, resulta l\u00f3gico esperar que no falten ofertas una vez que quede libre en el mercado.<\/p>\n<h2><strong>En Rosario lo esperan<\/strong><\/h2>\n<p>Antes de que se conociera oficialmente la decisi\u00f3n de Di Mar\u00eda, Ariel Holan, actual entrenador de Rosario Central, expres\u00f3 su entusiasmo con una eventual vuelta del experimentado delantero. Incluso remarc\u00f3 que desde el club est\u00e1n haciendo \u00ab<em><strong>todo lo posible<\/strong><\/em>\u00bb para lograr su regreso.<\/p>\n<p>\u00ab<em><strong>A cualquier entrenador le encantar\u00eda tener un futbolista de su calidad<\/strong>, pero son decisiones muy personales. De por s\u00ed esta es una instituci\u00f3n seductora y encima ahora est\u00e1 ordenada y crece en muchos aspectos que no se ven y tambi\u00e9n son importantes<\/em>\u00ab, asegur\u00f3 el DT en declaraciones a TyC Sports.<\/p>\n","protected":false},"excerpt":{"rendered":"<p>Tras varios meses de incertidumbre sobre su futuro en Benfica, \u00c1ngel Di Maria podr\u00eda no renovar con el Benfica por sus constantes lesiones\u00bb>\u00c1ngel Di Mar\u00eda [&hellip;]<\/p>\n","protected":false},"author":1,"featured_media":14710,"comment_status":"open","ping_status":"open","sticky":false,"template":"","format":"standard","meta":{"footnotes":""},"categories":[8],"tags":[],"class_list":["post-14709","post","type-post","status-publish","format-standard","has-post-thumbnail","hentry","category-deportes"],"better_featured_image":{"id":14710,"alt_text":"","caption":"","description":"","media_type":"image","media_details":{"width":1600,"height":1067,"file":"2025\/05\/angel-di-maria-benfica-1892004_1600_1067-e9XH0M.jpeg","filesize":118185,"sizes":{"medium":{"file":"angel-di-maria-benfica-1892004_1600_1067-e9XH0M-300x200.jpeg","width":300,"height":200,"mime-type":"image\/jpeg","filesize":16032,"source_url":"https:\/\/nuevodigitaldeescobar.com.ar\/wp-content\/uploads\/2025\/05\/angel-di-maria-benfica-1892004_1600_1067-e9XH0M-300x200.jpeg"},"large":{"file":"angel-di-maria-benfica-1892004_1600_1067-e9XH0M-1024x683.jpeg","width":1024,"height":683,"mime-type":"image\/jpeg","filesize":97351,"source_url":"https:\/\/nuevodigitaldeescobar.com.ar\/wp-content\/uploads\/2025\/05\/angel-di-maria-benfica-1892004_1600_1067-e9XH0M-1024x683.jpeg"},"thumbnail":{"file":"angel-di-maria-benfica-1892004_1600_1067-e9XH0M-150x150.jpeg","width":150,"height":150,"mime-type":"image\/jpeg","filesize":8501,"source_url":"https:\/\/nuevodigitaldeescobar.com.ar\/wp-content\/uploads\/2025\/05\/angel-di-maria-benfica-1892004_1600_1067-e9XH0M-150x150.jpeg"},"medium_large":{"file":"angel-di-maria-benfica-1892004_1600_1067-e9XH0M-768x512.jpeg","width":768,"height":512,"mime-type":"image\/jpeg","filesize":64273,"source_url":"https:\/\/nuevodigitaldeescobar.com.ar\/wp-content\/uploads\/2025\/05\/angel-di-maria-benfica-1892004_1600_1067-e9XH0M-768x512.jpeg"},"1536x1536":{"file":"angel-di-maria-benfica-1892004_1600_1067-e9XH0M-1536x1024.jpeg","width":1536,"height":1024,"mime-type":"image\/jpeg","filesize":172402,"source_url":"https:\/\/nuevodigitaldeescobar.com.ar\/wp-content\/uploads\/2025\/05\/angel-di-maria-benfica-1892004_1600_1067-e9XH0M-1536x1024.jpeg"}},"image_meta":{"aperture":"0","credit":"","camera":"","caption":"","created_timestamp":"0","copyright":"","focal_length":"0","iso":"0","shutter_speed":"0","title":"","orientation":"0","keywords":[]}},"post":14709,"source_url":"https:\/\/nuevodigitaldeescobar.com.ar\/wp-content\/uploads\/2025\/05\/angel-di-maria-benfica-1892004_1600_1067-e9XH0M.jpeg"},"yoast_head":"<!-- This site is optimized with the Yoast SEO plugin v26.1.1 - https:\/\/yoast.com\/wordpress\/plugins\/seo\/ -->\n<title>Alerta Rosario Central: Di Mar\u00eda se marcha del Benfica despu\u00e9s del Mundial de Clubes - Nuevo Digital de Escobar<\/title>\n<meta name=\"robots\" content=\"index, follow, max-snippet:-1, max-image-preview:large, max-video-preview:-1\" \/>\n<link rel=\"canonical\" href=\"https:\/\/nuevodigitaldeescobar.com.ar\/?p=14709\" \/>\n<meta property=\"og:locale\" content=\"es_ES\" \/>\n<meta property=\"og:type\" content=\"article\" \/>\n<meta property=\"og:title\" content=\"Alerta Rosario Central: Di Mar\u00eda se marcha del Benfica despu\u00e9s del Mundial de Clubes - Nuevo Digital de Escobar\" \/>\n<meta property=\"og:description\" content=\"Tras varios meses de incertidumbre sobre su futuro en Benfica, \u00c1ngel Di Maria podr\u00eda no renovar con el Benfica por sus constantes lesiones\u00bb&gt;\u00c1ngel Di Mar\u00eda [&hellip;]\" \/>\n<meta property=\"og:url\" content=\"https:\/\/nuevodigitaldeescobar.com.ar\/?p=14709\" \/>\n<meta property=\"og:site_name\" content=\"Nuevo Digital de Escobar\" \/>\n<meta property=\"article:publisher\" content=\"https:\/\/www.facebook.com\/NUEVODigitalDeEscobar\" \/>\n<meta property=\"article:published_time\" content=\"2025-05-15T20:20:23+00:00\" \/>\n<meta property=\"article:modified_time\" content=\"2025-05-15T20:59:13+00:00\" \/>\n<meta property=\"og:image\" content=\"https:\/\/nuevodigitaldeescobar.com.ar\/wp-content\/uploads\/2025\/05\/angel-di-maria-benfica-1892004_1600_1067-e9XH0M.jpeg\" \/>\n\t<meta property=\"og:image:width\" content=\"1600\" \/>\n\t<meta property=\"og:image:height\" content=\"1067\" \/>\n\t<meta property=\"og:image:type\" content=\"image\/jpeg\" \/>\n<meta name=\"author\" content=\"Redacci\u00f3n\" \/>\n<meta name=\"twitter:card\" content=\"summary_large_image\" \/>\n<meta name=\"twitter:creator\" content=\"@nuevodigescobar\" \/>\n<meta name=\"twitter:site\" content=\"@nuevodigescobar\" \/>\n<meta name=\"twitter:label1\" content=\"Escrito por\" \/>\n\t<meta name=\"twitter:data1\" content=\"Redacci\u00f3n\" \/>\n\t<meta name=\"twitter:label2\" content=\"Tiempo de lectura\" \/>\n\t<meta name=\"twitter:data2\" content=\"1 minuto\" \/>\n<script type=\"application\/ld+json\" class=\"yoast-schema-graph\">{\"@context\":\"https:\/\/schema.org\",\"@graph\":[{\"@type\":\"Article\",\"@id\":\"https:\/\/nuevodigitaldeescobar.com.ar\/?p=14709#article\",\"isPartOf\":{\"@id\":\"https:\/\/nuevodigitaldeescobar.com.ar\/?p=14709\"},\"author\":{\"name\":\"Redacci\u00f3n\",\"@id\":\"https:\/\/nuevodigitaldeescobar.com.ar\/#\/schema\/person\/035e90a8efe9a80e6eec22656ad6ea4c\"},\"headline\":\"Alerta Rosario Central: Di Mar\u00eda se marcha del Benfica despu\u00e9s del Mundial de Clubes\",\"datePublished\":\"2025-05-15T20:20:23+00:00\",\"dateModified\":\"2025-05-15T20:59:13+00:00\",\"mainEntityOfPage\":{\"@id\":\"https:\/\/nuevodigitaldeescobar.com.ar\/?p=14709\"},\"wordCount\":283,\"commentCount\":0,\"publisher\":{\"@id\":\"https:\/\/nuevodigitaldeescobar.com.ar\/#organization\"},\"image\":{\"@id\":\"https:\/\/nuevodigitaldeescobar.com.ar\/?p=14709#primaryimage\"},\"thumbnailUrl\":\"https:\/\/nuevodigitaldeescobar.com.ar\/wp-content\/uploads\/2025\/05\/angel-di-maria-benfica-1892004_1600_1067-e9XH0M.jpeg\",\"articleSection\":[\"Deportes\"],\"inLanguage\":\"es\",\"potentialAction\":[{\"@type\":\"CommentAction\",\"name\":\"Comment\",\"target\":[\"https:\/\/nuevodigitaldeescobar.com.ar\/?p=14709#respond\"]}]},{\"@type\":\"WebPage\",\"@id\":\"https:\/\/nuevodigitaldeescobar.com.ar\/?p=14709\",\"url\":\"https:\/\/nuevodigitaldeescobar.com.ar\/?p=14709\",\"name\":\"Alerta Rosario Central: Di Mar\u00eda se marcha del Benfica despu\u00e9s del Mundial de Clubes - Nuevo Digital de Escobar\",\"isPartOf\":{\"@id\":\"https:\/\/nuevodigitaldeescobar.com.ar\/#website\"},\"primaryImageOfPage\":{\"@id\":\"https:\/\/nuevodigitaldeescobar.com.ar\/?p=14709#primaryimage\"},\"image\":{\"@id\":\"https:\/\/nuevodigitaldeescobar.com.ar\/?p=14709#primaryimage\"},\"thumbnailUrl\":\"https:\/\/nuevodigitaldeescobar.com.ar\/wp-content\/uploads\/2025\/05\/angel-di-maria-benfica-1892004_1600_1067-e9XH0M.jpeg\",\"datePublished\":\"2025-05-15T20:20:23+00:00\",\"dateModified\":\"2025-05-15T20:59:13+00:00\",\"breadcrumb\":{\"@id\":\"https:\/\/nuevodigitaldeescobar.com.ar\/?p=14709#breadcrumb\"},\"inLanguage\":\"es\",\"potentialAction\":[{\"@type\":\"ReadAction\",\"target\":[\"https:\/\/nuevodigitaldeescobar.com.ar\/?p=14709\"]}]},{\"@type\":\"ImageObject\",\"inLanguage\":\"es\",\"@id\":\"https:\/\/nuevodigitaldeescobar.com.ar\/?p=14709#primaryimage\",\"url\":\"https:\/\/nuevodigitaldeescobar.com.ar\/wp-content\/uploads\/2025\/05\/angel-di-maria-benfica-1892004_1600_1067-e9XH0M.jpeg\",\"contentUrl\":\"https:\/\/nuevodigitaldeescobar.com.ar\/wp-content\/uploads\/2025\/05\/angel-di-maria-benfica-1892004_1600_1067-e9XH0M.jpeg\",\"width\":1600,\"height\":1067},{\"@type\":\"BreadcrumbList\",\"@id\":\"https:\/\/nuevodigitaldeescobar.com.ar\/?p=14709#breadcrumb\",\"itemListElement\":[{\"@type\":\"ListItem\",\"position\":1,\"name\":\"Portada\",\"item\":\"https:\/\/nuevodigitaldeescobar.com.ar\/\"},{\"@type\":\"ListItem\",\"position\":2,\"name\":\"Alerta Rosario Central: Di Mar\u00eda se marcha del Benfica despu\u00e9s del Mundial de Clubes\"}]},{\"@type\":\"WebSite\",\"@id\":\"https:\/\/nuevodigitaldeescobar.com.ar\/#website\",\"url\":\"https:\/\/nuevodigitaldeescobar.com.ar\/\",\"name\":\"Nuevo Digital de Escobar\",\"description\":\"La vida escobarense. Directora: Rosana Brunner\",\"publisher\":{\"@id\":\"https:\/\/nuevodigitaldeescobar.com.ar\/#organization\"},\"potentialAction\":[{\"@type\":\"SearchAction\",\"target\":{\"@type\":\"EntryPoint\",\"urlTemplate\":\"https:\/\/nuevodigitaldeescobar.com.ar\/?s={search_term_string}\"},\"query-input\":{\"@type\":\"PropertyValueSpecification\",\"valueRequired\":true,\"valueName\":\"search_term_string\"}}],\"inLanguage\":\"es\"},{\"@type\":\"Organization\",\"@id\":\"https:\/\/nuevodigitaldeescobar.com.ar\/#organization\",\"name\":\"Nuevo Digital de Escobar\",\"url\":\"https:\/\/nuevodigitaldeescobar.com.ar\/\",\"logo\":{\"@type\":\"ImageObject\",\"inLanguage\":\"es\",\"@id\":\"https:\/\/nuevodigitaldeescobar.com.ar\/#\/schema\/logo\/image\/\",\"url\":\"https:\/\/nuevodigitaldeescobar.com.ar\/wp-content\/uploads\/2025\/05\/cropped-logo-nuevo2.jpg\",\"contentUrl\":\"https:\/\/nuevodigitaldeescobar.com.ar\/wp-content\/uploads\/2025\/05\/cropped-logo-nuevo2.jpg\",\"width\":305,\"height\":305,\"caption\":\"Nuevo Digital de Escobar\"},\"image\":{\"@id\":\"https:\/\/nuevodigitaldeescobar.com.ar\/#\/schema\/logo\/image\/\"},\"sameAs\":[\"https:\/\/www.facebook.com\/NUEVODigitalDeEscobar\",\"https:\/\/x.com\/nuevodigescobar\",\"https:\/\/www.instagram.com\/nuevodigitaldeescobar\"]},{\"@type\":\"Person\",\"@id\":\"https:\/\/nuevodigitaldeescobar.com.ar\/#\/schema\/person\/035e90a8efe9a80e6eec22656ad6ea4c\",\"name\":\"Redacci\u00f3n\",\"image\":{\"@type\":\"ImageObject\",\"inLanguage\":\"es\",\"@id\":\"https:\/\/nuevodigitaldeescobar.com.ar\/#\/schema\/person\/image\/\",\"url\":\"https:\/\/secure.gravatar.com\/avatar\/8af8f40000c24e9eef3034f2be5998a372bb1389e64b1a4a36b3a7979142220d?s=96&d=mm&r=g\",\"contentUrl\":\"https:\/\/secure.gravatar.com\/avatar\/8af8f40000c24e9eef3034f2be5998a372bb1389e64b1a4a36b3a7979142220d?s=96&d=mm&r=g\",\"caption\":\"Redacci\u00f3n\"},\"sameAs\":[\"http:\/\/nuevodigitaldeescobar.com.ar\"],\"url\":\"https:\/\/nuevodigitaldeescobar.com.ar\/?author=1\"}]}<\/script>\n<!-- \/ Yoast SEO plugin. -->","yoast_head_json":{"title":"Alerta Rosario Central: Di Mar\u00eda se marcha del Benfica despu\u00e9s del Mundial de Clubes - Nuevo Digital de Escobar","robots":{"index":"index","follow":"follow","max-snippet":"max-snippet:-1","max-image-preview":"max-image-preview:large","max-video-preview":"max-video-preview:-1"},"canonical":"https:\/\/nuevodigitaldeescobar.com.ar\/?p=14709","og_locale":"es_ES","og_type":"article","og_title":"Alerta Rosario Central: Di Mar\u00eda se marcha del Benfica despu\u00e9s del Mundial de Clubes - Nuevo Digital de Escobar","og_description":"Tras varios meses de incertidumbre sobre su futuro en Benfica, \u00c1ngel Di Maria podr\u00eda no renovar con el Benfica por sus constantes lesiones\u00bb>\u00c1ngel Di Mar\u00eda [&hellip;]","og_url":"https:\/\/nuevodigitaldeescobar.com.ar\/?p=14709","og_site_name":"Nuevo Digital de Escobar","article_publisher":"https:\/\/www.facebook.com\/NUEVODigitalDeEscobar","article_published_time":"2025-05-15T20:20:23+00:00","article_modified_time":"2025-05-15T20:59:13+00:00","og_image":[{"width":1600,"height":1067,"url":"https:\/\/nuevodigitaldeescobar.com.ar\/wp-content\/uploads\/2025\/05\/angel-di-maria-benfica-1892004_1600_1067-e9XH0M.jpeg","type":"image\/jpeg"}],"author":"Redacci\u00f3n","twitter_card":"summary_large_image","twitter_creator":"@nuevodigescobar","twitter_site":"@nuevodigescobar","twitter_misc":{"Escrito por":"Redacci\u00f3n","Tiempo de lectura":"1 minuto"},"schema":{"@context":"https:\/\/schema.org","@graph":[{"@type":"Article","@id":"https:\/\/nuevodigitaldeescobar.com.ar\/?p=14709#article","isPartOf":{"@id":"https:\/\/nuevodigitaldeescobar.com.ar\/?p=14709"},"author":{"name":"Redacci\u00f3n","@id":"https:\/\/nuevodigitaldeescobar.com.ar\/#\/schema\/person\/035e90a8efe9a80e6eec22656ad6ea4c"},"headline":"Alerta Rosario Central: Di Mar\u00eda se marcha del Benfica despu\u00e9s del Mundial de Clubes","datePublished":"2025-05-15T20:20:23+00:00","dateModified":"2025-05-15T20:59:13+00:00","mainEntityOfPage":{"@id":"https:\/\/nuevodigitaldeescobar.com.ar\/?p=14709"},"wordCount":283,"commentCount":0,"publisher":{"@id":"https:\/\/nuevodigitaldeescobar.com.ar\/#organization"},"image":{"@id":"https:\/\/nuevodigitaldeescobar.com.ar\/?p=14709#primaryimage"},"thumbnailUrl":"https:\/\/nuevodigitaldeescobar.com.ar\/wp-content\/uploads\/2025\/05\/angel-di-maria-benfica-1892004_1600_1067-e9XH0M.jpeg","articleSection":["Deportes"],"inLanguage":"es","potentialAction":[{"@type":"CommentAction","name":"Comment","target":["https:\/\/nuevodigitaldeescobar.com.ar\/?p=14709#respond"]}]},{"@type":"WebPage","@id":"https:\/\/nuevodigitaldeescobar.com.ar\/?p=14709","url":"https:\/\/nuevodigitaldeescobar.com.ar\/?p=14709","name":"Alerta Rosario Central: Di Mar\u00eda se marcha del Benfica despu\u00e9s del Mundial de Clubes - Nuevo Digital de Escobar","isPartOf":{"@id":"https:\/\/nuevodigitaldeescobar.com.ar\/#website"},"primaryImageOfPage":{"@id":"https:\/\/nuevodigitaldeescobar.com.ar\/?p=14709#primaryimage"},"image":{"@id":"https:\/\/nuevodigitaldeescobar.com.ar\/?p=14709#primaryimage"},"thumbnailUrl":"https:\/\/nuevodigitaldeescobar.com.ar\/wp-content\/uploads\/2025\/05\/angel-di-maria-benfica-1892004_1600_1067-e9XH0M.jpeg","datePublished":"2025-05-15T20:20:23+00:00","dateModified":"2025-05-15T20:59:13+00:00","breadcrumb":{"@id":"https:\/\/nuevodigitaldeescobar.com.ar\/?p=14709#breadcrumb"},"inLanguage":"es","potentialAction":[{"@type":"ReadAction","target":["https:\/\/nuevodigitaldeescobar.com.ar\/?p=14709"]}]},{"@type":"ImageObject","inLanguage":"es","@id":"https:\/\/nuevodigitaldeescobar.com.ar\/?p=14709#primaryimage","url":"https:\/\/nuevodigitaldeescobar.com.ar\/wp-content\/uploads\/2025\/05\/angel-di-maria-benfica-1892004_1600_1067-e9XH0M.jpeg","contentUrl":"https:\/\/nuevodigitaldeescobar.com.ar\/wp-content\/uploads\/2025\/05\/angel-di-maria-benfica-1892004_1600_1067-e9XH0M.jpeg","width":1600,"height":1067},{"@type":"BreadcrumbList","@id":"https:\/\/nuevodigitaldeescobar.com.ar\/?p=14709#breadcrumb","itemListElement":[{"@type":"ListItem","position":1,"name":"Portada","item":"https:\/\/nuevodigitaldeescobar.com.ar\/"},{"@type":"ListItem","position":2,"name":"Alerta Rosario Central: Di Mar\u00eda se marcha del Benfica despu\u00e9s del Mundial de Clubes"}]},{"@type":"WebSite","@id":"https:\/\/nuevodigitaldeescobar.com.ar\/#website","url":"https:\/\/nuevodigitaldeescobar.com.ar\/","name":"Nuevo Digital de Escobar","description":"La vida escobarense. Directora: Rosana Brunner","publisher":{"@id":"https:\/\/nuevodigitaldeescobar.com.ar\/#organization"},"potentialAction":[{"@type":"SearchAction","target":{"@type":"EntryPoint","urlTemplate":"https:\/\/nuevodigitaldeescobar.com.ar\/?s={search_term_string}"},"query-input":{"@type":"PropertyValueSpecification","valueRequired":true,"valueName":"search_term_string"}}],"inLanguage":"es"},{"@type":"Organization","@id":"https:\/\/nuevodigitaldeescobar.com.ar\/#organization","name":"Nuevo Digital de Escobar","url":"https:\/\/nuevodigitaldeescobar.com.ar\/","logo":{"@type":"ImageObject","inLanguage":"es","@id":"https:\/\/nuevodigitaldeescobar.com.ar\/#\/schema\/logo\/image\/","url":"https:\/\/nuevodigitaldeescobar.com.ar\/wp-content\/uploads\/2025\/05\/cropped-logo-nuevo2.jpg","contentUrl":"https:\/\/nuevodigitaldeescobar.com.ar\/wp-content\/uploads\/2025\/05\/cropped-logo-nuevo2.jpg","width":305,"height":305,"caption":"Nuevo Digital de Escobar"},"image":{"@id":"https:\/\/nuevodigitaldeescobar.com.ar\/#\/schema\/logo\/image\/"},"sameAs":["https:\/\/www.facebook.com\/NUEVODigitalDeEscobar","https:\/\/x.com\/nuevodigescobar","https:\/\/www.instagram.com\/nuevodigitaldeescobar"]},{"@type":"Person","@id":"https:\/\/nuevodigitaldeescobar.com.ar\/#\/schema\/person\/035e90a8efe9a80e6eec22656ad6ea4c","name":"Redacci\u00f3n","image":{"@type":"ImageObject","inLanguage":"es","@id":"https:\/\/nuevodigitaldeescobar.com.ar\/#\/schema\/person\/image\/","url":"https:\/\/secure.gravatar.com\/avatar\/8af8f40000c24e9eef3034f2be5998a372bb1389e64b1a4a36b3a7979142220d?s=96&d=mm&r=g","contentUrl":"https:\/\/secure.gravatar.com\/avatar\/8af8f40000c24e9eef3034f2be5998a372bb1389e64b1a4a36b3a7979142220d?s=96&d=mm&r=g","caption":"Redacci\u00f3n"},"sameAs":["http:\/\/nuevodigitaldeescobar.com.ar"],"url":"https:\/\/nuevodigitaldeescobar.com.ar\/?author=1"}]}},"featured_image_urls":{"full":["https:\/\/nuevodigitaldeescobar.com.ar\/wp-content\/uploads\/2025\/05\/angel-di-maria-benfica-1892004_1600_1067-e9XH0M.jpeg",1600,1067,false],"thumbnail":["https:\/\/nuevodigitaldeescobar.com.ar\/wp-content\/uploads\/2025\/05\/angel-di-maria-benfica-1892004_1600_1067-e9XH0M-150x150.jpeg",150,150,true],"medium":["https:\/\/nuevodigitaldeescobar.com.ar\/wp-content\/uploads\/2025\/05\/angel-di-maria-benfica-1892004_1600_1067-e9XH0M-300x200.jpeg",300,200,true],"medium_large":["https:\/\/nuevodigitaldeescobar.com.ar\/wp-content\/uploads\/2025\/05\/angel-di-maria-benfica-1892004_1600_1067-e9XH0M-768x512.jpeg",640,427,true],"large":["https:\/\/nuevodigitaldeescobar.com.ar\/wp-content\/uploads\/2025\/05\/angel-di-maria-benfica-1892004_1600_1067-e9XH0M-1024x683.jpeg",640,427,true],"1536x1536":["https:\/\/nuevodigitaldeescobar.com.ar\/wp-content\/uploads\/2025\/05\/angel-di-maria-benfica-1892004_1600_1067-e9XH0M-1536x1024.jpeg",1536,1024,true],"2048x2048":["https:\/\/nuevodigitaldeescobar.com.ar\/wp-content\/uploads\/2025\/05\/angel-di-maria-benfica-1892004_1600_1067-e9XH0M.jpeg",1600,1067,false]},"author_info":{"display_name":"Redacci\u00f3n","author_link":"https:\/\/nuevodigitaldeescobar.com.ar\/?author=1"},"category_info":"<a href=\"https:\/\/nuevodigitaldeescobar.com.ar\/?cat=8\" rel=\"category\">Deportes<\/a>","tag_info":"Deportes","comment_count":"0","_links":{"self":[{"href":"https:\/\/nuevodigitaldeescobar.com.ar\/index.php?rest_route=\/wp\/v2\/posts\/14709","targetHints":{"allow":["GET"]}}],"collection":[{"href":"https:\/\/nuevodigitaldeescobar.com.ar\/index.php?rest_route=\/wp\/v2\/posts"}],"about":[{"href":"https:\/\/nuevodigitaldeescobar.com.ar\/index.php?rest_route=\/wp\/v2\/types\/post"}],"author":[{"embeddable":true,"href":"https:\/\/nuevodigitaldeescobar.com.ar\/index.php?rest_route=\/wp\/v2\/users\/1"}],"replies":[{"embeddable":true,"href":"https:\/\/nuevodigitaldeescobar.com.ar\/index.php?rest_route=%2Fwp%2Fv2%2Fcomments&post=14709"}],"version-history":[{"count":4,"href":"https:\/\/nuevodigitaldeescobar.com.ar\/index.php?rest_route=\/wp\/v2\/posts\/14709\/revisions"}],"predecessor-version":[{"id":14714,"href":"https:\/\/nuevodigitaldeescobar.com.ar\/index.php?rest_route=\/wp\/v2\/posts\/14709\/revisions\/14714"}],"wp:featuredmedia":[{"embeddable":true,"href":"https:\/\/nuevodigitaldeescobar.com.ar\/index.php?rest_route=\/wp\/v2\/media\/14710"}],"wp:attachment":[{"href":"https:\/\/nuevodigitaldeescobar.com.ar\/index.php?rest_route=%2Fwp%2Fv2%2Fmedia&parent=14709"}],"wp:term":[{"taxonomy":"category","embeddable":true,"href":"https:\/\/nuevodigitaldeescobar.com.ar\/index.php?rest_route=%2Fwp%2Fv2%2Fcategories&post=14709"},{"taxonomy":"post_tag","embeddable":true,"href":"https:\/\/nuevodigitaldeescobar.com.ar\/index.php?rest_route=%2Fwp%2Fv2%2Ftags&post=14709"}],"curies":[{"name":"wp","href":"https:\/\/api.w.org\/{rel}","templated":true}]}}