{"id":14715,"date":"2025-05-16T10:28:59","date_gmt":"2025-05-16T13:28:59","guid":{"rendered":"https:\/\/nuevodigitaldeescobar.com.ar\/?p=14715"},"modified":"2025-05-16T10:37:04","modified_gmt":"2025-05-16T13:37:04","slug":"celulares-en-el-aula-el-desafio-educativo-que-enfrentan-los-colegios-privados","status":"publish","type":"post","link":"https:\/\/nuevodigitaldeescobar.com.ar\/?p=14715","title":{"rendered":"Celulares en el aula: el desaf\u00edo educativo que enfrentan los colegios privados"},"content":{"rendered":"\n<p class=\"has-vivid-cyan-blue-color has-text-color has-link-color wp-elements-1b48735e60e8e2de6a4c7048caa05e51\"><em><strong>AIEPBA relev\u00f3 c\u00f3mo las escuelas abordan el uso de dispositivos m\u00f3viles entre los estudiantes. El uso del celular entre ni\u00f1as, ni\u00f1os y adolescentes se ha naturalizado hasta convertirse en una extensi\u00f3n de sus rutinas cotidianas. En ese contexto, las escuelas enfrentan un reto pedag\u00f3gico complejo: \u00bfc\u00f3mo regular su uso dentro del aula sin demonizar la tecnolog\u00eda ni afectar el proceso de aprendizaje?<\/strong><\/em><\/p>\n\n\n\n<!--more-->\n\n\n\n<p>La Asociaci\u00f3n de Institutos de Ense\u00f1anza Privada de la Provincia de Buenos Aires (AIEPBA) difundi\u00f3 un relevamiento sobre las estrategias que implementan distintas instituciones educativas para afrontar esta problem\u00e1tica. El informe revel\u00f3 que mientras algunos colegios optan por restricciones claras, otros delegan la decisi\u00f3n en el cuerpo docente, y hay quienes promueven una integraci\u00f3n pedag\u00f3gica del dispositivo.<\/p>\n\n\n\n<blockquote class=\"wp-block-quote is-layout-flow wp-block-quote-is-layout-flow\">\n<p><em>\u201cNos preocupa el acceso temprano y sin regulaci\u00f3n al celular. Esto puede perjudicar la atenci\u00f3n, alterar la din\u00e1mica de clase y degradar la calidad educativa<\/em>\u201d, se\u00f1al\u00f3 Mart\u00edn Zurita, secretario ejecutivo de AIEPBA. <em>\u201cImpulsamos espacios de intercambio entre escuelas para compartir experiencias y buenas pr\u00e1cticas\u201d<\/em>.<\/p>\n<\/blockquote>\n\n\n\n<p>Seg\u00fan el estudio <strong>Kids Online Argentina 2025<\/strong>, elaborado por UNICEF y UNESCO, el 95% de los estudiantes de entre 9 y 17 a\u00f1os tiene su propio celular con acceso a internet. La edad promedio de acceso es de 9,6 a\u00f1os. A pesar de que el 61% lo utiliza para estudiar y un 50% reconoce haber aprendido algo nuevo online, solo un 60% afirma saber distinguir si una fuente es confiable.<\/p>\n\n\n<div class=\"wp-block-image is-style-rounded\">\n<figure class=\"aligncenter size-full\"><img fetchpriority=\"high\" decoding=\"async\" width=\"948\" height=\"533\" src=\"https:\/\/nuevodigitaldeescobar.com.ar\/wp-content\/uploads\/2025\/05\/zurita7.jpeg\" alt=\"\" class=\"wp-image-14716\" srcset=\"https:\/\/nuevodigitaldeescobar.com.ar\/wp-content\/uploads\/2025\/05\/zurita7.jpeg 948w, https:\/\/nuevodigitaldeescobar.com.ar\/wp-content\/uploads\/2025\/05\/zurita7-300x169.jpeg 300w, https:\/\/nuevodigitaldeescobar.com.ar\/wp-content\/uploads\/2025\/05\/zurita7-768x432.jpeg 768w\" sizes=\"(max-width: 948px) 100vw, 948px\" \/><figcaption class=\"wp-element-caption\"><strong><em>Mart\u00edn Zurita \/\/ Secretario ejecutivo de AIEPBA<\/em><\/strong><\/figcaption><\/figure><\/div>\n\n\n<h3 class=\"wp-block-heading has-text-color has-link-color wp-elements-4812de92506af27e374a3e780409de66\" style=\"color:#0a1ad0\"><em>Estrategias institucionales<\/em><\/h3>\n\n\n\n<p>En el <strong>Colegio Asunci\u00f3n de la Virgen<\/strong>, en Olivos, el celular fue restringido: los alumnos deben dejar sus dispositivos apagados en un box al ingresar al aula. Solo pueden usarse cuando el docente lo indique y con fines estrictamente pedag\u00f3gicos. Esta medida se implement\u00f3 tras advertirse dificultades en la atenci\u00f3n, la comprensi\u00f3n lectora y el pensamiento complejo.<\/p>\n\n\n\n<blockquote class=\"wp-block-quote is-layout-flow wp-block-quote-is-layout-flow\">\n<p><em>\u201cNecesitamos volver a fortalecer capacidades como la imaginaci\u00f3n, la organizaci\u00f3n y el an\u00e1lisis cr\u00edtico\u201d<\/em>, afirmaron desde la instituci\u00f3n. Adem\u00e1s, implementaron carteles que indican cu\u00e1ndo est\u00e1 autorizado el uso de tecnolog\u00eda, lo que permite visibilizar un uso intencional y acotado.<\/p>\n<\/blockquote>\n\n\n\n<p>En el <strong>Complejo Educativo Rub\u00e9n Dar\u00edo<\/strong>, de Villa Ballester, la regulaci\u00f3n tambi\u00e9n fue clara: los celulares solo pueden utilizarse si el docente lo autoriza para un fin pedag\u00f3gico. <em>\u201cNo se trata de prohibir, sino de proponer otro tipo de presencia en el aula\u201d<\/em>, explic\u00f3 Tamara Iuso, vicedirectora de nivel secundario. Seg\u00fan la directiva, la medida alivi\u00f3 a muchos estudiantes y mejor\u00f3 la din\u00e1mica escolar, generando un ambiente de mayor atenci\u00f3n y di\u00e1logo.<\/p>\n\n\n\n<p>Por su parte, el <strong>Instituto Avellaneda<\/strong> adopt\u00f3 un enfoque m\u00e1s flexible. La decisi\u00f3n sobre el uso del celular queda en manos de cada docente, seg\u00fan la din\u00e1mica de su materia. Sandra Fern\u00e1ndez, directora del nivel secundario, subray\u00f3 la importancia de acompa\u00f1ar esta pol\u00edtica con talleres sobre los riesgos del uso de redes sociales y la circulaci\u00f3n de im\u00e1genes.<\/p>\n\n\n\n<h3 class=\"wp-block-heading has-text-color has-link-color wp-elements-275745ccce7ce48a84a5d048e41c10ad\" style=\"color:#0a1ad0\"><em>Una problem\u00e1tica sin receta \u00fanica<\/em><\/h3>\n\n\n\n<p>Desde AIEPBA destacan que no hay una soluci\u00f3n m\u00e1gica, pero s\u00ed una certeza compartida: el uso irrestricto del celular interfiere con el acto pedag\u00f3gico. El camino parece estar en el di\u00e1logo con las familias, en el establecimiento de normas claras y en el dise\u00f1o de propuestas que equilibren el acceso a la tecnolog\u00eda con la necesidad de preservar espacios de atenci\u00f3n, v\u00ednculo humano y reflexi\u00f3n cr\u00edtica.<\/p>\n\n\n\n<blockquote class=\"wp-block-quote is-layout-flow wp-block-quote-is-layout-flow\">\n<p><em>\u201cLa clave no es desconectar, sino ense\u00f1ar a conectar de otro modo\u201d<\/em>, concluy\u00f3 Zurita.<\/p>\n<\/blockquote>\n","protected":false},"excerpt":{"rendered":"<p>AIEPBA relev\u00f3 c\u00f3mo las escuelas abordan el uso de dispositivos m\u00f3viles entre los estudiantes. El uso del celular entre ni\u00f1as, ni\u00f1os y adolescentes se ha [&hellip;]<\/p>\n","protected":false},"author":1,"featured_media":14719,"comment_status":"open","ping_status":"open","sticky":false,"template":"","format":"standard","meta":{"footnotes":""},"categories":[4],"tags":[],"class_list":["post-14715","post","type-post","status-publish","format-standard","has-post-thumbnail","hentry","category-educacion"],"better_featured_image":{"id":14719,"alt_text":"","caption":"","description":"","media_type":"image","media_details":{"width":642,"height":362,"file":"2025\/05\/celuaulas21.png","filesize":389279,"sizes":{"medium":{"file":"celuaulas21-300x169.png","width":300,"height":169,"mime-type":"image\/png","filesize":97251,"source_url":"https:\/\/nuevodigitaldeescobar.com.ar\/wp-content\/uploads\/2025\/05\/celuaulas21-300x169.png"},"thumbnail":{"file":"celuaulas21-150x150.png","width":150,"height":150,"mime-type":"image\/png","filesize":48952,"source_url":"https:\/\/nuevodigitaldeescobar.com.ar\/wp-content\/uploads\/2025\/05\/celuaulas21-150x150.png"}},"image_meta":{"aperture":"0","credit":"","camera":"","caption":"","created_timestamp":"0","copyright":"","focal_length":"0","iso":"0","shutter_speed":"0","title":"","orientation":"0","keywords":[]}},"post":14715,"source_url":"https:\/\/nuevodigitaldeescobar.com.ar\/wp-content\/uploads\/2025\/05\/celuaulas21.png"},"yoast_head":"<!-- This site is optimized with the Yoast SEO plugin v26.1.1 - https:\/\/yoast.com\/wordpress\/plugins\/seo\/ -->\n<title>Celulares en el aula: el desaf\u00edo educativo que enfrentan los colegios privados - Nuevo Digital de Escobar<\/title>\n<meta name=\"robots\" content=\"index, follow, max-snippet:-1, max-image-preview:large, max-video-preview:-1\" \/>\n<link rel=\"canonical\" href=\"https:\/\/nuevodigitaldeescobar.com.ar\/?p=14715\" \/>\n<meta property=\"og:locale\" content=\"es_ES\" \/>\n<meta property=\"og:type\" content=\"article\" \/>\n<meta property=\"og:title\" content=\"Celulares en el aula: el desaf\u00edo educativo que enfrentan los colegios privados - Nuevo Digital de Escobar\" \/>\n<meta property=\"og:description\" content=\"AIEPBA relev\u00f3 c\u00f3mo las escuelas abordan el uso de dispositivos m\u00f3viles entre los estudiantes. El uso del celular entre ni\u00f1as, ni\u00f1os y adolescentes se ha [&hellip;]\" \/>\n<meta property=\"og:url\" content=\"https:\/\/nuevodigitaldeescobar.com.ar\/?p=14715\" \/>\n<meta property=\"og:site_name\" content=\"Nuevo Digital de Escobar\" \/>\n<meta property=\"article:publisher\" content=\"https:\/\/www.facebook.com\/NUEVODigitalDeEscobar\" \/>\n<meta property=\"article:published_time\" content=\"2025-05-16T13:28:59+00:00\" \/>\n<meta property=\"article:modified_time\" content=\"2025-05-16T13:37:04+00:00\" \/>\n<meta property=\"og:image\" content=\"https:\/\/nuevodigitaldeescobar.com.ar\/wp-content\/uploads\/2025\/05\/celuaulas21.png\" \/>\n\t<meta property=\"og:image:width\" content=\"642\" \/>\n\t<meta property=\"og:image:height\" content=\"362\" \/>\n\t<meta property=\"og:image:type\" content=\"image\/png\" \/>\n<meta name=\"author\" content=\"Redacci\u00f3n\" \/>\n<meta name=\"twitter:card\" content=\"summary_large_image\" \/>\n<meta name=\"twitter:creator\" content=\"@nuevodigescobar\" \/>\n<meta name=\"twitter:site\" content=\"@nuevodigescobar\" \/>\n<meta name=\"twitter:label1\" content=\"Escrito por\" \/>\n\t<meta name=\"twitter:data1\" content=\"Redacci\u00f3n\" \/>\n\t<meta name=\"twitter:label2\" content=\"Tiempo de lectura\" \/>\n\t<meta name=\"twitter:data2\" content=\"3 minutos\" \/>\n<script type=\"application\/ld+json\" class=\"yoast-schema-graph\">{\"@context\":\"https:\/\/schema.org\",\"@graph\":[{\"@type\":\"Article\",\"@id\":\"https:\/\/nuevodigitaldeescobar.com.ar\/?p=14715#article\",\"isPartOf\":{\"@id\":\"https:\/\/nuevodigitaldeescobar.com.ar\/?p=14715\"},\"author\":{\"name\":\"Redacci\u00f3n\",\"@id\":\"https:\/\/nuevodigitaldeescobar.com.ar\/#\/schema\/person\/035e90a8efe9a80e6eec22656ad6ea4c\"},\"headline\":\"Celulares en el aula: el desaf\u00edo educativo que enfrentan los colegios privados\",\"datePublished\":\"2025-05-16T13:28:59+00:00\",\"dateModified\":\"2025-05-16T13:37:04+00:00\",\"mainEntityOfPage\":{\"@id\":\"https:\/\/nuevodigitaldeescobar.com.ar\/?p=14715\"},\"wordCount\":623,\"commentCount\":0,\"publisher\":{\"@id\":\"https:\/\/nuevodigitaldeescobar.com.ar\/#organization\"},\"image\":{\"@id\":\"https:\/\/nuevodigitaldeescobar.com.ar\/?p=14715#primaryimage\"},\"thumbnailUrl\":\"https:\/\/nuevodigitaldeescobar.com.ar\/wp-content\/uploads\/2025\/05\/celuaulas21.png\",\"articleSection\":[\"Educaci\u00f3n\"],\"inLanguage\":\"es\",\"potentialAction\":[{\"@type\":\"CommentAction\",\"name\":\"Comment\",\"target\":[\"https:\/\/nuevodigitaldeescobar.com.ar\/?p=14715#respond\"]}]},{\"@type\":\"WebPage\",\"@id\":\"https:\/\/nuevodigitaldeescobar.com.ar\/?p=14715\",\"url\":\"https:\/\/nuevodigitaldeescobar.com.ar\/?p=14715\",\"name\":\"Celulares en el aula: el desaf\u00edo educativo que enfrentan los colegios privados - Nuevo Digital de Escobar\",\"isPartOf\":{\"@id\":\"https:\/\/nuevodigitaldeescobar.com.ar\/#website\"},\"primaryImageOfPage\":{\"@id\":\"https:\/\/nuevodigitaldeescobar.com.ar\/?p=14715#primaryimage\"},\"image\":{\"@id\":\"https:\/\/nuevodigitaldeescobar.com.ar\/?p=14715#primaryimage\"},\"thumbnailUrl\":\"https:\/\/nuevodigitaldeescobar.com.ar\/wp-content\/uploads\/2025\/05\/celuaulas21.png\",\"datePublished\":\"2025-05-16T13:28:59+00:00\",\"dateModified\":\"2025-05-16T13:37:04+00:00\",\"breadcrumb\":{\"@id\":\"https:\/\/nuevodigitaldeescobar.com.ar\/?p=14715#breadcrumb\"},\"inLanguage\":\"es\",\"potentialAction\":[{\"@type\":\"ReadAction\",\"target\":[\"https:\/\/nuevodigitaldeescobar.com.ar\/?p=14715\"]}]},{\"@type\":\"ImageObject\",\"inLanguage\":\"es\",\"@id\":\"https:\/\/nuevodigitaldeescobar.com.ar\/?p=14715#primaryimage\",\"url\":\"https:\/\/nuevodigitaldeescobar.com.ar\/wp-content\/uploads\/2025\/05\/celuaulas21.png\",\"contentUrl\":\"https:\/\/nuevodigitaldeescobar.com.ar\/wp-content\/uploads\/2025\/05\/celuaulas21.png\",\"width\":642,\"height\":362},{\"@type\":\"BreadcrumbList\",\"@id\":\"https:\/\/nuevodigitaldeescobar.com.ar\/?p=14715#breadcrumb\",\"itemListElement\":[{\"@type\":\"ListItem\",\"position\":1,\"name\":\"Portada\",\"item\":\"https:\/\/nuevodigitaldeescobar.com.ar\/\"},{\"@type\":\"ListItem\",\"position\":2,\"name\":\"Celulares en el aula: el desaf\u00edo educativo que enfrentan los colegios privados\"}]},{\"@type\":\"WebSite\",\"@id\":\"https:\/\/nuevodigitaldeescobar.com.ar\/#website\",\"url\":\"https:\/\/nuevodigitaldeescobar.com.ar\/\",\"name\":\"Nuevo Digital de Escobar\",\"description\":\"La vida escobarense. Directora: Rosana Brunner\",\"publisher\":{\"@id\":\"https:\/\/nuevodigitaldeescobar.com.ar\/#organization\"},\"potentialAction\":[{\"@type\":\"SearchAction\",\"target\":{\"@type\":\"EntryPoint\",\"urlTemplate\":\"https:\/\/nuevodigitaldeescobar.com.ar\/?s={search_term_string}\"},\"query-input\":{\"@type\":\"PropertyValueSpecification\",\"valueRequired\":true,\"valueName\":\"search_term_string\"}}],\"inLanguage\":\"es\"},{\"@type\":\"Organization\",\"@id\":\"https:\/\/nuevodigitaldeescobar.com.ar\/#organization\",\"name\":\"Nuevo Digital de Escobar\",\"url\":\"https:\/\/nuevodigitaldeescobar.com.ar\/\",\"logo\":{\"@type\":\"ImageObject\",\"inLanguage\":\"es\",\"@id\":\"https:\/\/nuevodigitaldeescobar.com.ar\/#\/schema\/logo\/image\/\",\"url\":\"https:\/\/nuevodigitaldeescobar.com.ar\/wp-content\/uploads\/2025\/05\/cropped-logo-nuevo2.jpg\",\"contentUrl\":\"https:\/\/nuevodigitaldeescobar.com.ar\/wp-content\/uploads\/2025\/05\/cropped-logo-nuevo2.jpg\",\"width\":305,\"height\":305,\"caption\":\"Nuevo Digital de Escobar\"},\"image\":{\"@id\":\"https:\/\/nuevodigitaldeescobar.com.ar\/#\/schema\/logo\/image\/\"},\"sameAs\":[\"https:\/\/www.facebook.com\/NUEVODigitalDeEscobar\",\"https:\/\/x.com\/nuevodigescobar\",\"https:\/\/www.instagram.com\/nuevodigitaldeescobar\"]},{\"@type\":\"Person\",\"@id\":\"https:\/\/nuevodigitaldeescobar.com.ar\/#\/schema\/person\/035e90a8efe9a80e6eec22656ad6ea4c\",\"name\":\"Redacci\u00f3n\",\"image\":{\"@type\":\"ImageObject\",\"inLanguage\":\"es\",\"@id\":\"https:\/\/nuevodigitaldeescobar.com.ar\/#\/schema\/person\/image\/\",\"url\":\"https:\/\/secure.gravatar.com\/avatar\/8af8f40000c24e9eef3034f2be5998a372bb1389e64b1a4a36b3a7979142220d?s=96&d=mm&r=g\",\"contentUrl\":\"https:\/\/secure.gravatar.com\/avatar\/8af8f40000c24e9eef3034f2be5998a372bb1389e64b1a4a36b3a7979142220d?s=96&d=mm&r=g\",\"caption\":\"Redacci\u00f3n\"},\"sameAs\":[\"http:\/\/nuevodigitaldeescobar.com.ar\"],\"url\":\"https:\/\/nuevodigitaldeescobar.com.ar\/?author=1\"}]}<\/script>\n<!-- \/ Yoast SEO plugin. -->","yoast_head_json":{"title":"Celulares en el aula: el desaf\u00edo educativo que enfrentan los colegios privados - Nuevo Digital de Escobar","robots":{"index":"index","follow":"follow","max-snippet":"max-snippet:-1","max-image-preview":"max-image-preview:large","max-video-preview":"max-video-preview:-1"},"canonical":"https:\/\/nuevodigitaldeescobar.com.ar\/?p=14715","og_locale":"es_ES","og_type":"article","og_title":"Celulares en el aula: el desaf\u00edo educativo que enfrentan los colegios privados - Nuevo Digital de Escobar","og_description":"AIEPBA relev\u00f3 c\u00f3mo las escuelas abordan el uso de dispositivos m\u00f3viles entre los estudiantes. El uso del celular entre ni\u00f1as, ni\u00f1os y adolescentes se ha [&hellip;]","og_url":"https:\/\/nuevodigitaldeescobar.com.ar\/?p=14715","og_site_name":"Nuevo Digital de Escobar","article_publisher":"https:\/\/www.facebook.com\/NUEVODigitalDeEscobar","article_published_time":"2025-05-16T13:28:59+00:00","article_modified_time":"2025-05-16T13:37:04+00:00","og_image":[{"width":642,"height":362,"url":"https:\/\/nuevodigitaldeescobar.com.ar\/wp-content\/uploads\/2025\/05\/celuaulas21.png","type":"image\/png"}],"author":"Redacci\u00f3n","twitter_card":"summary_large_image","twitter_creator":"@nuevodigescobar","twitter_site":"@nuevodigescobar","twitter_misc":{"Escrito por":"Redacci\u00f3n","Tiempo de lectura":"3 minutos"},"schema":{"@context":"https:\/\/schema.org","@graph":[{"@type":"Article","@id":"https:\/\/nuevodigitaldeescobar.com.ar\/?p=14715#article","isPartOf":{"@id":"https:\/\/nuevodigitaldeescobar.com.ar\/?p=14715"},"author":{"name":"Redacci\u00f3n","@id":"https:\/\/nuevodigitaldeescobar.com.ar\/#\/schema\/person\/035e90a8efe9a80e6eec22656ad6ea4c"},"headline":"Celulares en el aula: el desaf\u00edo educativo que enfrentan los colegios privados","datePublished":"2025-05-16T13:28:59+00:00","dateModified":"2025-05-16T13:37:04+00:00","mainEntityOfPage":{"@id":"https:\/\/nuevodigitaldeescobar.com.ar\/?p=14715"},"wordCount":623,"commentCount":0,"publisher":{"@id":"https:\/\/nuevodigitaldeescobar.com.ar\/#organization"},"image":{"@id":"https:\/\/nuevodigitaldeescobar.com.ar\/?p=14715#primaryimage"},"thumbnailUrl":"https:\/\/nuevodigitaldeescobar.com.ar\/wp-content\/uploads\/2025\/05\/celuaulas21.png","articleSection":["Educaci\u00f3n"],"inLanguage":"es","potentialAction":[{"@type":"CommentAction","name":"Comment","target":["https:\/\/nuevodigitaldeescobar.com.ar\/?p=14715#respond"]}]},{"@type":"WebPage","@id":"https:\/\/nuevodigitaldeescobar.com.ar\/?p=14715","url":"https:\/\/nuevodigitaldeescobar.com.ar\/?p=14715","name":"Celulares en el aula: el desaf\u00edo educativo que enfrentan los colegios privados - Nuevo Digital de Escobar","isPartOf":{"@id":"https:\/\/nuevodigitaldeescobar.com.ar\/#website"},"primaryImageOfPage":{"@id":"https:\/\/nuevodigitaldeescobar.com.ar\/?p=14715#primaryimage"},"image":{"@id":"https:\/\/nuevodigitaldeescobar.com.ar\/?p=14715#primaryimage"},"thumbnailUrl":"https:\/\/nuevodigitaldeescobar.com.ar\/wp-content\/uploads\/2025\/05\/celuaulas21.png","datePublished":"2025-05-16T13:28:59+00:00","dateModified":"2025-05-16T13:37:04+00:00","breadcrumb":{"@id":"https:\/\/nuevodigitaldeescobar.com.ar\/?p=14715#breadcrumb"},"inLanguage":"es","potentialAction":[{"@type":"ReadAction","target":["https:\/\/nuevodigitaldeescobar.com.ar\/?p=14715"]}]},{"@type":"ImageObject","inLanguage":"es","@id":"https:\/\/nuevodigitaldeescobar.com.ar\/?p=14715#primaryimage","url":"https:\/\/nuevodigitaldeescobar.com.ar\/wp-content\/uploads\/2025\/05\/celuaulas21.png","contentUrl":"https:\/\/nuevodigitaldeescobar.com.ar\/wp-content\/uploads\/2025\/05\/celuaulas21.png","width":642,"height":362},{"@type":"BreadcrumbList","@id":"https:\/\/nuevodigitaldeescobar.com.ar\/?p=14715#breadcrumb","itemListElement":[{"@type":"ListItem","position":1,"name":"Portada","item":"https:\/\/nuevodigitaldeescobar.com.ar\/"},{"@type":"ListItem","position":2,"name":"Celulares en el aula: el desaf\u00edo educativo que enfrentan los colegios privados"}]},{"@type":"WebSite","@id":"https:\/\/nuevodigitaldeescobar.com.ar\/#website","url":"https:\/\/nuevodigitaldeescobar.com.ar\/","name":"Nuevo Digital de Escobar","description":"La vida escobarense. Directora: Rosana Brunner","publisher":{"@id":"https:\/\/nuevodigitaldeescobar.com.ar\/#organization"},"potentialAction":[{"@type":"SearchAction","target":{"@type":"EntryPoint","urlTemplate":"https:\/\/nuevodigitaldeescobar.com.ar\/?s={search_term_string}"},"query-input":{"@type":"PropertyValueSpecification","valueRequired":true,"valueName":"search_term_string"}}],"inLanguage":"es"},{"@type":"Organization","@id":"https:\/\/nuevodigitaldeescobar.com.ar\/#organization","name":"Nuevo Digital de Escobar","url":"https:\/\/nuevodigitaldeescobar.com.ar\/","logo":{"@type":"ImageObject","inLanguage":"es","@id":"https:\/\/nuevodigitaldeescobar.com.ar\/#\/schema\/logo\/image\/","url":"https:\/\/nuevodigitaldeescobar.com.ar\/wp-content\/uploads\/2025\/05\/cropped-logo-nuevo2.jpg","contentUrl":"https:\/\/nuevodigitaldeescobar.com.ar\/wp-content\/uploads\/2025\/05\/cropped-logo-nuevo2.jpg","width":305,"height":305,"caption":"Nuevo Digital de Escobar"},"image":{"@id":"https:\/\/nuevodigitaldeescobar.com.ar\/#\/schema\/logo\/image\/"},"sameAs":["https:\/\/www.facebook.com\/NUEVODigitalDeEscobar","https:\/\/x.com\/nuevodigescobar","https:\/\/www.instagram.com\/nuevodigitaldeescobar"]},{"@type":"Person","@id":"https:\/\/nuevodigitaldeescobar.com.ar\/#\/schema\/person\/035e90a8efe9a80e6eec22656ad6ea4c","name":"Redacci\u00f3n","image":{"@type":"ImageObject","inLanguage":"es","@id":"https:\/\/nuevodigitaldeescobar.com.ar\/#\/schema\/person\/image\/","url":"https:\/\/secure.gravatar.com\/avatar\/8af8f40000c24e9eef3034f2be5998a372bb1389e64b1a4a36b3a7979142220d?s=96&d=mm&r=g","contentUrl":"https:\/\/secure.gravatar.com\/avatar\/8af8f40000c24e9eef3034f2be5998a372bb1389e64b1a4a36b3a7979142220d?s=96&d=mm&r=g","caption":"Redacci\u00f3n"},"sameAs":["http:\/\/nuevodigitaldeescobar.com.ar"],"url":"https:\/\/nuevodigitaldeescobar.com.ar\/?author=1"}]}},"featured_image_urls":{"full":["https:\/\/nuevodigitaldeescobar.com.ar\/wp-content\/uploads\/2025\/05\/celuaulas21.png",642,362,false],"thumbnail":["https:\/\/nuevodigitaldeescobar.com.ar\/wp-content\/uploads\/2025\/05\/celuaulas21-150x150.png",150,150,true],"medium":["https:\/\/nuevodigitaldeescobar.com.ar\/wp-content\/uploads\/2025\/05\/celuaulas21-300x169.png",300,169,true],"medium_large":["https:\/\/nuevodigitaldeescobar.com.ar\/wp-content\/uploads\/2025\/05\/celuaulas21.png",640,361,false],"large":["https:\/\/nuevodigitaldeescobar.com.ar\/wp-content\/uploads\/2025\/05\/celuaulas21.png",640,361,false],"1536x1536":["https:\/\/nuevodigitaldeescobar.com.ar\/wp-content\/uploads\/2025\/05\/celuaulas21.png",642,362,false],"2048x2048":["https:\/\/nuevodigitaldeescobar.com.ar\/wp-content\/uploads\/2025\/05\/celuaulas21.png",642,362,false]},"author_info":{"display_name":"Redacci\u00f3n","author_link":"https:\/\/nuevodigitaldeescobar.com.ar\/?author=1"},"category_info":"<a href=\"https:\/\/nuevodigitaldeescobar.com.ar\/?cat=4\" rel=\"category\">Educaci\u00f3n<\/a>","tag_info":"Educaci\u00f3n","comment_count":"0","_links":{"self":[{"href":"https:\/\/nuevodigitaldeescobar.com.ar\/index.php?rest_route=\/wp\/v2\/posts\/14715","targetHints":{"allow":["GET"]}}],"collection":[{"href":"https:\/\/nuevodigitaldeescobar.com.ar\/index.php?rest_route=\/wp\/v2\/posts"}],"about":[{"href":"https:\/\/nuevodigitaldeescobar.com.ar\/index.php?rest_route=\/wp\/v2\/types\/post"}],"author":[{"embeddable":true,"href":"https:\/\/nuevodigitaldeescobar.com.ar\/index.php?rest_route=\/wp\/v2\/users\/1"}],"replies":[{"embeddable":true,"href":"https:\/\/nuevodigitaldeescobar.com.ar\/index.php?rest_route=%2Fwp%2Fv2%2Fcomments&post=14715"}],"version-history":[{"count":1,"href":"https:\/\/nuevodigitaldeescobar.com.ar\/index.php?rest_route=\/wp\/v2\/posts\/14715\/revisions"}],"predecessor-version":[{"id":14717,"href":"https:\/\/nuevodigitaldeescobar.com.ar\/index.php?rest_route=\/wp\/v2\/posts\/14715\/revisions\/14717"}],"wp:featuredmedia":[{"embeddable":true,"href":"https:\/\/nuevodigitaldeescobar.com.ar\/index.php?rest_route=\/wp\/v2\/media\/14719"}],"wp:attachment":[{"href":"https:\/\/nuevodigitaldeescobar.com.ar\/index.php?rest_route=%2Fwp%2Fv2%2Fmedia&parent=14715"}],"wp:term":[{"taxonomy":"category","embeddable":true,"href":"https:\/\/nuevodigitaldeescobar.com.ar\/index.php?rest_route=%2Fwp%2Fv2%2Fcategories&post=14715"},{"taxonomy":"post_tag","embeddable":true,"href":"https:\/\/nuevodigitaldeescobar.com.ar\/index.php?rest_route=%2Fwp%2Fv2%2Ftags&post=14715"}],"curies":[{"name":"wp","href":"https:\/\/api.w.org\/{rel}","templated":true}]}}