{"id":14759,"date":"2025-05-18T19:20:33","date_gmt":"2025-05-18T22:20:33","guid":{"rendered":"https:\/\/nuevodigitaldeescobar.com.ar\/?p=14759"},"modified":"2025-05-18T20:57:47","modified_gmt":"2025-05-18T23:57:47","slug":"dos-gigantes-europeos-tendrian-en-carpeta-al-dibu-martinez-para-la-proxima-temporada","status":"publish","type":"post","link":"https:\/\/nuevodigitaldeescobar.com.ar\/?p=14759","title":{"rendered":"Dos gigantes europeos tendr\u00edan en carpeta al Dibu Mart\u00ednez para la pr\u00f3xima temporada"},"content":{"rendered":"\n<p><strong>Emiliano Mart\u00ednez<\/strong> vuelve a estar en el foco del mercado de pases a ra\u00edz de\u00a0los rumores sobre una\u00a0<strong>posible salida del Aston Villa<\/strong>. A\u00a0falta de dos jornadas para el cierre de la Premier League, se supo que dos potencias europeas siguen de cerca sus pasos: el <strong>FC Barcelona<\/strong> y el <a href=\"https:\/\/derechadiario.com.ar\/deportes\/grande-inglaterra-estaria-dispuesto-pagar-clausula-franco-mastantuono\" title=\"Un grande de Inglaterra estar\u00eda dispuesto a pagar la cl\u00e1usula de Franco Mastantuono\"><strong>Manchester United<\/strong><\/a>.<\/p>\n<div class=\"inter_image image_horizontal\">\n<div>\n<span class=\"img_footer\">El Bar\u00e7a y el United est\u00e1n interesados en el arquero argentino <\/span>\n<\/div>\n<\/div>\n<p>El Dibu lleg\u00f3 a la instituci\u00f3n en <strong>2020<\/strong>\u00a0 luego de un extenso paso por el Arsenal, club en el que fue cedido en seis ocasiones a lo largo de ocho a\u00f1os. Desde que est\u00e1 en\u00a0Birmingham, <strong>logr\u00f3 consolidarse como uno de los mejores guardametas del campeonato ingl\u00e9s y se convirti\u00f3 en el due\u00f1o del arco de la <a href=\"https:\/\/derechadiario.com.ar\/deportes\/segun-iffhs-lionel-messi-mejor-jugador-todos-tiempos\" title=\"Seg\u00fan la IFFHS, Lionel Messi es el mejor jugador de todos tiempos\">Selecci\u00f3n Argentina<\/a><\/strong>. Su actuaci\u00f3n estelar en el Mundial de Qatar 2022, con intervenciones decisivas, le vali\u00f3 un lugar privilegiado en la consideraci\u00f3n internacional.<\/p>\n<p><strong>La reciente victoria 2-0 ante Tottenham en Villa Park aliment\u00f3 las versiones sobre su salida, ya que salud\u00f3 a los fan\u00e1ticos entre l\u00e1grimas<\/strong>, interpretados como un posible adi\u00f3s. A pesar de haber renovado contrato hasta 2029 a mediados del a\u00f1o pasado, el inter\u00e9s en torno a su figura va en aumento.<\/p>\n<p>La cadena <strong>DSports<\/strong>, a trav\u00e9s del periodista <strong>Fernando Czyz<\/strong>, confirm\u00f3 que tanto <strong>Manchester United<\/strong> como <strong>Barcelona<\/strong>\u00a0 tienen en la mira al arquero campe\u00f3n del mundo. \u00ab<strong><em>EL DIBU: EN LA MIRA DE DOS GIGANTES! Emiliano Mart\u00ednez tiene ofertas de Manchester United y Barcelona para dejar Aston Villa<\/em><\/strong>\u00ab, informaron desde sus redes.<\/p>\n<p>En Inglaterra, el <strong>rendimiento irregular de Andr\u00e9 Onana<\/strong>, que lleg\u00f3 a los Red Devils desde el Inter en 2023 por 47,2 millones de libras, ha provocado incluso pedidos de referentes como Wayne Rooney para que David de Gea vuelva al club. En el caso del conjunto catal\u00e1n, <strong>la lesi\u00f3n de rodilla de Marc-Andr\u00e9 ter Stegen le abri\u00f3 la puerta a Wojciech Szcz\u0119sny, pero aunque hay intenci\u00f3n de renovar con el polaco, a\u00fan no hay acuerdo firmado<\/strong>.<\/p>\n<p>Por su parte, el entrenador del Aston Villa, <strong>Unai Emery<\/strong>, dej\u00f3 abierta la posibilidad de una salida en sus \u00faltimas declaraciones: \u00ab<strong><em>Ya veremos. Claro, es el \u00faltimo partido <\/em>(de la temporada)<em> aqu\u00ed, y no lo s\u00e9. Ya veremos qu\u00e9 tal est\u00e1 el equipo, los jugadores. Por supuesto que est\u00e1n respondiendo en el campo<\/em><\/strong>\u00ab, coment\u00f3 el t\u00e9cnico, alimentando la incertidumbre en torno al futuro de Mart\u00ednez.<\/p>\n","protected":false},"excerpt":{"rendered":"<p>Emiliano Mart\u00ednez vuelve a estar en el foco del mercado de pases a ra\u00edz de\u00a0los rumores sobre una\u00a0posible salida del Aston Villa. A\u00a0falta de dos [&hellip;]<\/p>\n","protected":false},"author":1,"featured_media":14760,"comment_status":"open","ping_status":"open","sticky":false,"template":"","format":"standard","meta":{"footnotes":""},"categories":[8],"tags":[],"class_list":["post-14759","post","type-post","status-publish","format-standard","has-post-thumbnail","hentry","category-deportes"],"better_featured_image":{"id":14760,"alt_text":"","caption":"","description":"","media_type":"image","media_details":{"width":1600,"height":1067,"file":"2025\/05\/foto-principal-web-2024-08-24t161033078-1140x641_1600_1067-yhhjEa.jpeg","filesize":145318,"sizes":{"medium":{"file":"foto-principal-web-2024-08-24t161033078-1140x641_1600_1067-yhhjEa-300x200.jpeg","width":300,"height":200,"mime-type":"image\/jpeg","filesize":18997,"source_url":"https:\/\/nuevodigitaldeescobar.com.ar\/wp-content\/uploads\/2025\/05\/foto-principal-web-2024-08-24t161033078-1140x641_1600_1067-yhhjEa-300x200.jpeg"},"large":{"file":"foto-principal-web-2024-08-24t161033078-1140x641_1600_1067-yhhjEa-1024x683.jpeg","width":1024,"height":683,"mime-type":"image\/jpeg","filesize":116989,"source_url":"https:\/\/nuevodigitaldeescobar.com.ar\/wp-content\/uploads\/2025\/05\/foto-principal-web-2024-08-24t161033078-1140x641_1600_1067-yhhjEa-1024x683.jpeg"},"thumbnail":{"file":"foto-principal-web-2024-08-24t161033078-1140x641_1600_1067-yhhjEa-150x150.jpeg","width":150,"height":150,"mime-type":"image\/jpeg","filesize":8832,"source_url":"https:\/\/nuevodigitaldeescobar.com.ar\/wp-content\/uploads\/2025\/05\/foto-principal-web-2024-08-24t161033078-1140x641_1600_1067-yhhjEa-150x150.jpeg"},"medium_large":{"file":"foto-principal-web-2024-08-24t161033078-1140x641_1600_1067-yhhjEa-768x512.jpeg","width":768,"height":512,"mime-type":"image\/jpeg","filesize":76379,"source_url":"https:\/\/nuevodigitaldeescobar.com.ar\/wp-content\/uploads\/2025\/05\/foto-principal-web-2024-08-24t161033078-1140x641_1600_1067-yhhjEa-768x512.jpeg"},"1536x1536":{"file":"foto-principal-web-2024-08-24t161033078-1140x641_1600_1067-yhhjEa-1536x1024.jpeg","width":1536,"height":1024,"mime-type":"image\/jpeg","filesize":208197,"source_url":"https:\/\/nuevodigitaldeescobar.com.ar\/wp-content\/uploads\/2025\/05\/foto-principal-web-2024-08-24t161033078-1140x641_1600_1067-yhhjEa-1536x1024.jpeg"}},"image_meta":{"aperture":"0","credit":"","camera":"","caption":"","created_timestamp":"0","copyright":"","focal_length":"0","iso":"0","shutter_speed":"0","title":"","orientation":"0","keywords":[]}},"post":14759,"source_url":"https:\/\/nuevodigitaldeescobar.com.ar\/wp-content\/uploads\/2025\/05\/foto-principal-web-2024-08-24t161033078-1140x641_1600_1067-yhhjEa.jpeg"},"yoast_head":"<!-- This site is optimized with the Yoast SEO plugin v26.1.1 - https:\/\/yoast.com\/wordpress\/plugins\/seo\/ -->\n<title>Dos gigantes europeos tendr\u00edan en carpeta al Dibu Mart\u00ednez para la pr\u00f3xima temporada - Nuevo Digital de Escobar<\/title>\n<meta name=\"robots\" content=\"index, follow, max-snippet:-1, max-image-preview:large, max-video-preview:-1\" \/>\n<link rel=\"canonical\" href=\"https:\/\/nuevodigitaldeescobar.com.ar\/?p=14759\" \/>\n<meta property=\"og:locale\" content=\"es_ES\" \/>\n<meta property=\"og:type\" content=\"article\" \/>\n<meta property=\"og:title\" content=\"Dos gigantes europeos tendr\u00edan en carpeta al Dibu Mart\u00ednez para la pr\u00f3xima temporada - Nuevo Digital de Escobar\" \/>\n<meta property=\"og:description\" content=\"Emiliano Mart\u00ednez vuelve a estar en el foco del mercado de pases a ra\u00edz de\u00a0los rumores sobre una\u00a0posible salida del Aston Villa. A\u00a0falta de dos [&hellip;]\" \/>\n<meta property=\"og:url\" content=\"https:\/\/nuevodigitaldeescobar.com.ar\/?p=14759\" \/>\n<meta property=\"og:site_name\" content=\"Nuevo Digital de Escobar\" \/>\n<meta property=\"article:publisher\" content=\"https:\/\/www.facebook.com\/NUEVODigitalDeEscobar\" \/>\n<meta property=\"article:published_time\" content=\"2025-05-18T22:20:33+00:00\" \/>\n<meta property=\"article:modified_time\" content=\"2025-05-18T23:57:47+00:00\" \/>\n<meta property=\"og:image\" content=\"https:\/\/nuevodigitaldeescobar.com.ar\/wp-content\/uploads\/2025\/05\/foto-principal-web-2024-08-24t161033078-1140x641_1600_1067-yhhjEa.jpeg\" \/>\n\t<meta property=\"og:image:width\" content=\"1600\" \/>\n\t<meta property=\"og:image:height\" content=\"1067\" \/>\n\t<meta property=\"og:image:type\" content=\"image\/jpeg\" \/>\n<meta name=\"author\" content=\"Redacci\u00f3n\" \/>\n<meta name=\"twitter:card\" content=\"summary_large_image\" \/>\n<meta name=\"twitter:creator\" content=\"@nuevodigescobar\" \/>\n<meta name=\"twitter:site\" content=\"@nuevodigescobar\" \/>\n<meta name=\"twitter:label1\" content=\"Escrito por\" \/>\n\t<meta name=\"twitter:data1\" content=\"Redacci\u00f3n\" \/>\n\t<meta name=\"twitter:label2\" content=\"Tiempo de lectura\" \/>\n\t<meta name=\"twitter:data2\" content=\"2 minutos\" \/>\n<script type=\"application\/ld+json\" class=\"yoast-schema-graph\">{\"@context\":\"https:\/\/schema.org\",\"@graph\":[{\"@type\":\"Article\",\"@id\":\"https:\/\/nuevodigitaldeescobar.com.ar\/?p=14759#article\",\"isPartOf\":{\"@id\":\"https:\/\/nuevodigitaldeescobar.com.ar\/?p=14759\"},\"author\":{\"name\":\"Redacci\u00f3n\",\"@id\":\"https:\/\/nuevodigitaldeescobar.com.ar\/#\/schema\/person\/035e90a8efe9a80e6eec22656ad6ea4c\"},\"headline\":\"Dos gigantes europeos tendr\u00edan en carpeta al Dibu Mart\u00ednez para la pr\u00f3xima temporada\",\"datePublished\":\"2025-05-18T22:20:33+00:00\",\"dateModified\":\"2025-05-18T23:57:47+00:00\",\"mainEntityOfPage\":{\"@id\":\"https:\/\/nuevodigitaldeescobar.com.ar\/?p=14759\"},\"wordCount\":425,\"commentCount\":0,\"publisher\":{\"@id\":\"https:\/\/nuevodigitaldeescobar.com.ar\/#organization\"},\"image\":{\"@id\":\"https:\/\/nuevodigitaldeescobar.com.ar\/?p=14759#primaryimage\"},\"thumbnailUrl\":\"https:\/\/nuevodigitaldeescobar.com.ar\/wp-content\/uploads\/2025\/05\/foto-principal-web-2024-08-24t161033078-1140x641_1600_1067-yhhjEa.jpeg\",\"articleSection\":[\"Deportes\"],\"inLanguage\":\"es\",\"potentialAction\":[{\"@type\":\"CommentAction\",\"name\":\"Comment\",\"target\":[\"https:\/\/nuevodigitaldeescobar.com.ar\/?p=14759#respond\"]}]},{\"@type\":\"WebPage\",\"@id\":\"https:\/\/nuevodigitaldeescobar.com.ar\/?p=14759\",\"url\":\"https:\/\/nuevodigitaldeescobar.com.ar\/?p=14759\",\"name\":\"Dos gigantes europeos tendr\u00edan en carpeta al Dibu Mart\u00ednez para la pr\u00f3xima temporada - Nuevo Digital de Escobar\",\"isPartOf\":{\"@id\":\"https:\/\/nuevodigitaldeescobar.com.ar\/#website\"},\"primaryImageOfPage\":{\"@id\":\"https:\/\/nuevodigitaldeescobar.com.ar\/?p=14759#primaryimage\"},\"image\":{\"@id\":\"https:\/\/nuevodigitaldeescobar.com.ar\/?p=14759#primaryimage\"},\"thumbnailUrl\":\"https:\/\/nuevodigitaldeescobar.com.ar\/wp-content\/uploads\/2025\/05\/foto-principal-web-2024-08-24t161033078-1140x641_1600_1067-yhhjEa.jpeg\",\"datePublished\":\"2025-05-18T22:20:33+00:00\",\"dateModified\":\"2025-05-18T23:57:47+00:00\",\"breadcrumb\":{\"@id\":\"https:\/\/nuevodigitaldeescobar.com.ar\/?p=14759#breadcrumb\"},\"inLanguage\":\"es\",\"potentialAction\":[{\"@type\":\"ReadAction\",\"target\":[\"https:\/\/nuevodigitaldeescobar.com.ar\/?p=14759\"]}]},{\"@type\":\"ImageObject\",\"inLanguage\":\"es\",\"@id\":\"https:\/\/nuevodigitaldeescobar.com.ar\/?p=14759#primaryimage\",\"url\":\"https:\/\/nuevodigitaldeescobar.com.ar\/wp-content\/uploads\/2025\/05\/foto-principal-web-2024-08-24t161033078-1140x641_1600_1067-yhhjEa.jpeg\",\"contentUrl\":\"https:\/\/nuevodigitaldeescobar.com.ar\/wp-content\/uploads\/2025\/05\/foto-principal-web-2024-08-24t161033078-1140x641_1600_1067-yhhjEa.jpeg\",\"width\":1600,\"height\":1067},{\"@type\":\"BreadcrumbList\",\"@id\":\"https:\/\/nuevodigitaldeescobar.com.ar\/?p=14759#breadcrumb\",\"itemListElement\":[{\"@type\":\"ListItem\",\"position\":1,\"name\":\"Portada\",\"item\":\"https:\/\/nuevodigitaldeescobar.com.ar\/\"},{\"@type\":\"ListItem\",\"position\":2,\"name\":\"Dos gigantes europeos tendr\u00edan en carpeta al Dibu Mart\u00ednez para la pr\u00f3xima temporada\"}]},{\"@type\":\"WebSite\",\"@id\":\"https:\/\/nuevodigitaldeescobar.com.ar\/#website\",\"url\":\"https:\/\/nuevodigitaldeescobar.com.ar\/\",\"name\":\"Nuevo Digital de Escobar\",\"description\":\"La vida escobarense. Directora: Rosana Brunner\",\"publisher\":{\"@id\":\"https:\/\/nuevodigitaldeescobar.com.ar\/#organization\"},\"potentialAction\":[{\"@type\":\"SearchAction\",\"target\":{\"@type\":\"EntryPoint\",\"urlTemplate\":\"https:\/\/nuevodigitaldeescobar.com.ar\/?s={search_term_string}\"},\"query-input\":{\"@type\":\"PropertyValueSpecification\",\"valueRequired\":true,\"valueName\":\"search_term_string\"}}],\"inLanguage\":\"es\"},{\"@type\":\"Organization\",\"@id\":\"https:\/\/nuevodigitaldeescobar.com.ar\/#organization\",\"name\":\"Nuevo Digital de Escobar\",\"url\":\"https:\/\/nuevodigitaldeescobar.com.ar\/\",\"logo\":{\"@type\":\"ImageObject\",\"inLanguage\":\"es\",\"@id\":\"https:\/\/nuevodigitaldeescobar.com.ar\/#\/schema\/logo\/image\/\",\"url\":\"https:\/\/nuevodigitaldeescobar.com.ar\/wp-content\/uploads\/2025\/05\/cropped-logo-nuevo2.jpg\",\"contentUrl\":\"https:\/\/nuevodigitaldeescobar.com.ar\/wp-content\/uploads\/2025\/05\/cropped-logo-nuevo2.jpg\",\"width\":305,\"height\":305,\"caption\":\"Nuevo Digital de Escobar\"},\"image\":{\"@id\":\"https:\/\/nuevodigitaldeescobar.com.ar\/#\/schema\/logo\/image\/\"},\"sameAs\":[\"https:\/\/www.facebook.com\/NUEVODigitalDeEscobar\",\"https:\/\/x.com\/nuevodigescobar\",\"https:\/\/www.instagram.com\/nuevodigitaldeescobar\"]},{\"@type\":\"Person\",\"@id\":\"https:\/\/nuevodigitaldeescobar.com.ar\/#\/schema\/person\/035e90a8efe9a80e6eec22656ad6ea4c\",\"name\":\"Redacci\u00f3n\",\"image\":{\"@type\":\"ImageObject\",\"inLanguage\":\"es\",\"@id\":\"https:\/\/nuevodigitaldeescobar.com.ar\/#\/schema\/person\/image\/\",\"url\":\"https:\/\/secure.gravatar.com\/avatar\/8af8f40000c24e9eef3034f2be5998a372bb1389e64b1a4a36b3a7979142220d?s=96&d=mm&r=g\",\"contentUrl\":\"https:\/\/secure.gravatar.com\/avatar\/8af8f40000c24e9eef3034f2be5998a372bb1389e64b1a4a36b3a7979142220d?s=96&d=mm&r=g\",\"caption\":\"Redacci\u00f3n\"},\"sameAs\":[\"http:\/\/nuevodigitaldeescobar.com.ar\"],\"url\":\"https:\/\/nuevodigitaldeescobar.com.ar\/?author=1\"}]}<\/script>\n<!-- \/ Yoast SEO plugin. -->","yoast_head_json":{"title":"Dos gigantes europeos tendr\u00edan en carpeta al Dibu Mart\u00ednez para la pr\u00f3xima temporada - Nuevo Digital de Escobar","robots":{"index":"index","follow":"follow","max-snippet":"max-snippet:-1","max-image-preview":"max-image-preview:large","max-video-preview":"max-video-preview:-1"},"canonical":"https:\/\/nuevodigitaldeescobar.com.ar\/?p=14759","og_locale":"es_ES","og_type":"article","og_title":"Dos gigantes europeos tendr\u00edan en carpeta al Dibu Mart\u00ednez para la pr\u00f3xima temporada - Nuevo Digital de Escobar","og_description":"Emiliano Mart\u00ednez vuelve a estar en el foco del mercado de pases a ra\u00edz de\u00a0los rumores sobre una\u00a0posible salida del Aston Villa. A\u00a0falta de dos [&hellip;]","og_url":"https:\/\/nuevodigitaldeescobar.com.ar\/?p=14759","og_site_name":"Nuevo Digital de Escobar","article_publisher":"https:\/\/www.facebook.com\/NUEVODigitalDeEscobar","article_published_time":"2025-05-18T22:20:33+00:00","article_modified_time":"2025-05-18T23:57:47+00:00","og_image":[{"width":1600,"height":1067,"url":"https:\/\/nuevodigitaldeescobar.com.ar\/wp-content\/uploads\/2025\/05\/foto-principal-web-2024-08-24t161033078-1140x641_1600_1067-yhhjEa.jpeg","type":"image\/jpeg"}],"author":"Redacci\u00f3n","twitter_card":"summary_large_image","twitter_creator":"@nuevodigescobar","twitter_site":"@nuevodigescobar","twitter_misc":{"Escrito por":"Redacci\u00f3n","Tiempo de lectura":"2 minutos"},"schema":{"@context":"https:\/\/schema.org","@graph":[{"@type":"Article","@id":"https:\/\/nuevodigitaldeescobar.com.ar\/?p=14759#article","isPartOf":{"@id":"https:\/\/nuevodigitaldeescobar.com.ar\/?p=14759"},"author":{"name":"Redacci\u00f3n","@id":"https:\/\/nuevodigitaldeescobar.com.ar\/#\/schema\/person\/035e90a8efe9a80e6eec22656ad6ea4c"},"headline":"Dos gigantes europeos tendr\u00edan en carpeta al Dibu Mart\u00ednez para la pr\u00f3xima temporada","datePublished":"2025-05-18T22:20:33+00:00","dateModified":"2025-05-18T23:57:47+00:00","mainEntityOfPage":{"@id":"https:\/\/nuevodigitaldeescobar.com.ar\/?p=14759"},"wordCount":425,"commentCount":0,"publisher":{"@id":"https:\/\/nuevodigitaldeescobar.com.ar\/#organization"},"image":{"@id":"https:\/\/nuevodigitaldeescobar.com.ar\/?p=14759#primaryimage"},"thumbnailUrl":"https:\/\/nuevodigitaldeescobar.com.ar\/wp-content\/uploads\/2025\/05\/foto-principal-web-2024-08-24t161033078-1140x641_1600_1067-yhhjEa.jpeg","articleSection":["Deportes"],"inLanguage":"es","potentialAction":[{"@type":"CommentAction","name":"Comment","target":["https:\/\/nuevodigitaldeescobar.com.ar\/?p=14759#respond"]}]},{"@type":"WebPage","@id":"https:\/\/nuevodigitaldeescobar.com.ar\/?p=14759","url":"https:\/\/nuevodigitaldeescobar.com.ar\/?p=14759","name":"Dos gigantes europeos tendr\u00edan en carpeta al Dibu Mart\u00ednez para la pr\u00f3xima temporada - Nuevo Digital de Escobar","isPartOf":{"@id":"https:\/\/nuevodigitaldeescobar.com.ar\/#website"},"primaryImageOfPage":{"@id":"https:\/\/nuevodigitaldeescobar.com.ar\/?p=14759#primaryimage"},"image":{"@id":"https:\/\/nuevodigitaldeescobar.com.ar\/?p=14759#primaryimage"},"thumbnailUrl":"https:\/\/nuevodigitaldeescobar.com.ar\/wp-content\/uploads\/2025\/05\/foto-principal-web-2024-08-24t161033078-1140x641_1600_1067-yhhjEa.jpeg","datePublished":"2025-05-18T22:20:33+00:00","dateModified":"2025-05-18T23:57:47+00:00","breadcrumb":{"@id":"https:\/\/nuevodigitaldeescobar.com.ar\/?p=14759#breadcrumb"},"inLanguage":"es","potentialAction":[{"@type":"ReadAction","target":["https:\/\/nuevodigitaldeescobar.com.ar\/?p=14759"]}]},{"@type":"ImageObject","inLanguage":"es","@id":"https:\/\/nuevodigitaldeescobar.com.ar\/?p=14759#primaryimage","url":"https:\/\/nuevodigitaldeescobar.com.ar\/wp-content\/uploads\/2025\/05\/foto-principal-web-2024-08-24t161033078-1140x641_1600_1067-yhhjEa.jpeg","contentUrl":"https:\/\/nuevodigitaldeescobar.com.ar\/wp-content\/uploads\/2025\/05\/foto-principal-web-2024-08-24t161033078-1140x641_1600_1067-yhhjEa.jpeg","width":1600,"height":1067},{"@type":"BreadcrumbList","@id":"https:\/\/nuevodigitaldeescobar.com.ar\/?p=14759#breadcrumb","itemListElement":[{"@type":"ListItem","position":1,"name":"Portada","item":"https:\/\/nuevodigitaldeescobar.com.ar\/"},{"@type":"ListItem","position":2,"name":"Dos gigantes europeos tendr\u00edan en carpeta al Dibu Mart\u00ednez para la pr\u00f3xima temporada"}]},{"@type":"WebSite","@id":"https:\/\/nuevodigitaldeescobar.com.ar\/#website","url":"https:\/\/nuevodigitaldeescobar.com.ar\/","name":"Nuevo Digital de Escobar","description":"La vida escobarense. Directora: Rosana Brunner","publisher":{"@id":"https:\/\/nuevodigitaldeescobar.com.ar\/#organization"},"potentialAction":[{"@type":"SearchAction","target":{"@type":"EntryPoint","urlTemplate":"https:\/\/nuevodigitaldeescobar.com.ar\/?s={search_term_string}"},"query-input":{"@type":"PropertyValueSpecification","valueRequired":true,"valueName":"search_term_string"}}],"inLanguage":"es"},{"@type":"Organization","@id":"https:\/\/nuevodigitaldeescobar.com.ar\/#organization","name":"Nuevo Digital de Escobar","url":"https:\/\/nuevodigitaldeescobar.com.ar\/","logo":{"@type":"ImageObject","inLanguage":"es","@id":"https:\/\/nuevodigitaldeescobar.com.ar\/#\/schema\/logo\/image\/","url":"https:\/\/nuevodigitaldeescobar.com.ar\/wp-content\/uploads\/2025\/05\/cropped-logo-nuevo2.jpg","contentUrl":"https:\/\/nuevodigitaldeescobar.com.ar\/wp-content\/uploads\/2025\/05\/cropped-logo-nuevo2.jpg","width":305,"height":305,"caption":"Nuevo Digital de Escobar"},"image":{"@id":"https:\/\/nuevodigitaldeescobar.com.ar\/#\/schema\/logo\/image\/"},"sameAs":["https:\/\/www.facebook.com\/NUEVODigitalDeEscobar","https:\/\/x.com\/nuevodigescobar","https:\/\/www.instagram.com\/nuevodigitaldeescobar"]},{"@type":"Person","@id":"https:\/\/nuevodigitaldeescobar.com.ar\/#\/schema\/person\/035e90a8efe9a80e6eec22656ad6ea4c","name":"Redacci\u00f3n","image":{"@type":"ImageObject","inLanguage":"es","@id":"https:\/\/nuevodigitaldeescobar.com.ar\/#\/schema\/person\/image\/","url":"https:\/\/secure.gravatar.com\/avatar\/8af8f40000c24e9eef3034f2be5998a372bb1389e64b1a4a36b3a7979142220d?s=96&d=mm&r=g","contentUrl":"https:\/\/secure.gravatar.com\/avatar\/8af8f40000c24e9eef3034f2be5998a372bb1389e64b1a4a36b3a7979142220d?s=96&d=mm&r=g","caption":"Redacci\u00f3n"},"sameAs":["http:\/\/nuevodigitaldeescobar.com.ar"],"url":"https:\/\/nuevodigitaldeescobar.com.ar\/?author=1"}]}},"featured_image_urls":{"full":["https:\/\/nuevodigitaldeescobar.com.ar\/wp-content\/uploads\/2025\/05\/foto-principal-web-2024-08-24t161033078-1140x641_1600_1067-yhhjEa.jpeg",1600,1067,false],"thumbnail":["https:\/\/nuevodigitaldeescobar.com.ar\/wp-content\/uploads\/2025\/05\/foto-principal-web-2024-08-24t161033078-1140x641_1600_1067-yhhjEa-150x150.jpeg",150,150,true],"medium":["https:\/\/nuevodigitaldeescobar.com.ar\/wp-content\/uploads\/2025\/05\/foto-principal-web-2024-08-24t161033078-1140x641_1600_1067-yhhjEa-300x200.jpeg",300,200,true],"medium_large":["https:\/\/nuevodigitaldeescobar.com.ar\/wp-content\/uploads\/2025\/05\/foto-principal-web-2024-08-24t161033078-1140x641_1600_1067-yhhjEa-768x512.jpeg",640,427,true],"large":["https:\/\/nuevodigitaldeescobar.com.ar\/wp-content\/uploads\/2025\/05\/foto-principal-web-2024-08-24t161033078-1140x641_1600_1067-yhhjEa-1024x683.jpeg",640,427,true],"1536x1536":["https:\/\/nuevodigitaldeescobar.com.ar\/wp-content\/uploads\/2025\/05\/foto-principal-web-2024-08-24t161033078-1140x641_1600_1067-yhhjEa-1536x1024.jpeg",1536,1024,true],"2048x2048":["https:\/\/nuevodigitaldeescobar.com.ar\/wp-content\/uploads\/2025\/05\/foto-principal-web-2024-08-24t161033078-1140x641_1600_1067-yhhjEa.jpeg",1600,1067,false]},"author_info":{"display_name":"Redacci\u00f3n","author_link":"https:\/\/nuevodigitaldeescobar.com.ar\/?author=1"},"category_info":"<a href=\"https:\/\/nuevodigitaldeescobar.com.ar\/?cat=8\" rel=\"category\">Deportes<\/a>","tag_info":"Deportes","comment_count":"0","_links":{"self":[{"href":"https:\/\/nuevodigitaldeescobar.com.ar\/index.php?rest_route=\/wp\/v2\/posts\/14759","targetHints":{"allow":["GET"]}}],"collection":[{"href":"https:\/\/nuevodigitaldeescobar.com.ar\/index.php?rest_route=\/wp\/v2\/posts"}],"about":[{"href":"https:\/\/nuevodigitaldeescobar.com.ar\/index.php?rest_route=\/wp\/v2\/types\/post"}],"author":[{"embeddable":true,"href":"https:\/\/nuevodigitaldeescobar.com.ar\/index.php?rest_route=\/wp\/v2\/users\/1"}],"replies":[{"embeddable":true,"href":"https:\/\/nuevodigitaldeescobar.com.ar\/index.php?rest_route=%2Fwp%2Fv2%2Fcomments&post=14759"}],"version-history":[{"count":1,"href":"https:\/\/nuevodigitaldeescobar.com.ar\/index.php?rest_route=\/wp\/v2\/posts\/14759\/revisions"}],"predecessor-version":[{"id":14761,"href":"https:\/\/nuevodigitaldeescobar.com.ar\/index.php?rest_route=\/wp\/v2\/posts\/14759\/revisions\/14761"}],"wp:featuredmedia":[{"embeddable":true,"href":"https:\/\/nuevodigitaldeescobar.com.ar\/index.php?rest_route=\/wp\/v2\/media\/14760"}],"wp:attachment":[{"href":"https:\/\/nuevodigitaldeescobar.com.ar\/index.php?rest_route=%2Fwp%2Fv2%2Fmedia&parent=14759"}],"wp:term":[{"taxonomy":"category","embeddable":true,"href":"https:\/\/nuevodigitaldeescobar.com.ar\/index.php?rest_route=%2Fwp%2Fv2%2Fcategories&post=14759"},{"taxonomy":"post_tag","embeddable":true,"href":"https:\/\/nuevodigitaldeescobar.com.ar\/index.php?rest_route=%2Fwp%2Fv2%2Ftags&post=14759"}],"curies":[{"name":"wp","href":"https:\/\/api.w.org\/{rel}","templated":true}]}}