{"id":14782,"date":"2025-05-19T01:06:24","date_gmt":"2025-05-19T04:06:24","guid":{"rendered":"https:\/\/nuevodigitaldeescobar.com.ar\/?p=14782"},"modified":"2025-05-19T01:06:35","modified_gmt":"2025-05-19T04:06:35","slug":"joe-biden-fue-diagnosticado-con-un-cancer-de-prostata-con-metastasis-osea","status":"publish","type":"post","link":"https:\/\/nuevodigitaldeescobar.com.ar\/?p=14782","title":{"rendered":"Joe Biden fue diagnosticado con un c\u00e1ncer de pr\u00f3stata con met\u00e1stasis \u00f3sea"},"content":{"rendered":"\n<p class=\"has-vivid-cyan-blue-color has-text-color has-link-color wp-elements-dae44cba10573e928cc2837d4370bd67\"><strong><em>El ex presidente estadounidense Joe Biden, de 82 a\u00f1os, fue diagnosticado con una forma agresiva de c\u00e1ncer de pr\u00f3stata que ya presenta met\u00e1stasis en los huesos. La informaci\u00f3n fue confirmada este domingo por su equipo de prensa a trav\u00e9s de un comunicado oficial.<\/em><\/strong><\/p>\n\n\n\n<!--more-->\n\n\n\n<p>Seg\u00fan se indic\u00f3, la enfermedad es sensible a las hormonas, lo que abre posibilidades de tratamiento efectivo, aunque a\u00fan se encuentran en etapa de evaluaci\u00f3n junto con su familia y el equipo m\u00e9dico.<\/p>\n\n\n\n<p>El diagn\u00f3stico se conoci\u00f3 apenas d\u00edas despu\u00e9s de que Biden pasara por una serie de estudios en un hospital de Filadelfia, tras detectarse un n\u00f3dulo en la pr\u00f3stata que requiri\u00f3 an\u00e1lisis complementarios. Desde entonces, se manten\u00eda reserva sobre su estado de salud hasta que este fin de semana se dio a conocer el cuadro completo.<\/p>\n\n\n\n<p>Biden, quien gobern\u00f3 Estados Unidos entre 2021 y 2025, hab\u00eda mantenido un perfil bajo desde que dej\u00f3 la presidencia, y su estado f\u00edsico ya era motivo de atenci\u00f3n p\u00fablica durante sus \u00faltimos meses en la Casa Blanca.<\/p>\n\n\n\n<p>Durante su mandato, fue sometido a m\u00faltiples chequeos m\u00e9dicos, incluido un examen f\u00edsico realizado en febrero de 2024 en el Centro M\u00e9dico Militar Nacional Walter Reed. En esa oportunidad, el informe oficial lo calific\u00f3 como un <em>\u201chombre saludable y vigoroso\u201d<\/em>, con dolencias menores como rigidez al caminar, apnea del sue\u00f1o y neuropat\u00eda sensorial perif\u00e9rica en los pies. No obstante, el parte no incluy\u00f3 una evaluaci\u00f3n cognitiva formal, hecho que fue duramente cuestionado por parte de la oposici\u00f3n y de algunos sectores de su propio partido.<\/p>\n\n\n\n<p>El episodio m\u00e1s cr\u00edtico ocurri\u00f3 en junio de 2024, durante el primer debate presidencial frente a Donald Trump, cuando se lo vio dubitativo, con dificultades para expresarse con claridad. Desde la Casa Blanca atribuyeron aquel desempe\u00f1o a un resfriado y al desgaste f\u00edsico acumulado, pero el episodio profundiz\u00f3 las dudas sobre su capacidad para continuar en carrera electoral.<\/p>\n\n\n\n<p>En julio de ese a\u00f1o, y tras una serie de debates internos dentro del Partido Dem\u00f3crata, Biden decidi\u00f3 abandonar su candidatura a la reelecci\u00f3n y respaldar p\u00fablicamente a la entonces vicepresidenta Kamala Harris. Sin embargo, en noviembre, el republicano Donald Trump logr\u00f3 imponerse en las urnas y volvi\u00f3 a asumir la presidencia en enero de 2025.<\/p>\n\n\n\n<p>Ahora, el diagn\u00f3stico oncol\u00f3gico de Biden suma una nueva preocupaci\u00f3n en torno a su estado de salud. Su entorno m\u00e1s cercano se encuentra abocado a definir el tratamiento m\u00e1s adecuado, mientras el ex mandatario se mantiene alejado de la vida p\u00fablica.<\/p>\n","protected":false},"excerpt":{"rendered":"<p>El ex presidente estadounidense Joe Biden, de 82 a\u00f1os, fue diagnosticado con una forma agresiva de c\u00e1ncer de pr\u00f3stata que ya presenta met\u00e1stasis en los [&hellip;]<\/p>\n","protected":false},"author":1,"featured_media":11232,"comment_status":"open","ping_status":"open","sticky":false,"template":"","format":"standard","meta":{"footnotes":""},"categories":[285],"tags":[],"class_list":["post-14782","post","type-post","status-publish","format-standard","has-post-thumbnail","hentry","category-internacionales"],"better_featured_image":{"id":11232,"alt_text":"","caption":"","description":"","media_type":"image","media_details":{"width":1480,"height":833,"file":"2025\/01\/joebid5323.jpg","filesize":76457,"sizes":{"medium":{"file":"joebid5323-300x169.jpg","width":300,"height":169,"mime-type":"image\/jpeg","filesize":7857,"source_url":"https:\/\/nuevodigitaldeescobar.com.ar\/wp-content\/uploads\/2025\/01\/joebid5323-300x169.jpg"},"large":{"file":"joebid5323-1024x576.jpg","width":1024,"height":576,"mime-type":"image\/jpeg","filesize":46937,"source_url":"https:\/\/nuevodigitaldeescobar.com.ar\/wp-content\/uploads\/2025\/01\/joebid5323-1024x576.jpg"},"thumbnail":{"file":"joebid5323-150x150.jpg","width":150,"height":150,"mime-type":"image\/jpeg","filesize":4796,"source_url":"https:\/\/nuevodigitaldeescobar.com.ar\/wp-content\/uploads\/2025\/01\/joebid5323-150x150.jpg"},"medium_large":{"file":"joebid5323-768x432.jpg","width":768,"height":432,"mime-type":"image\/jpeg","filesize":30320,"source_url":"https:\/\/nuevodigitaldeescobar.com.ar\/wp-content\/uploads\/2025\/01\/joebid5323-768x432.jpg"}},"image_meta":{"aperture":"0","credit":"","camera":"","caption":"","created_timestamp":"0","copyright":"","focal_length":"0","iso":"0","shutter_speed":"0","title":"","orientation":"0","keywords":[]}},"post":11230,"source_url":"https:\/\/nuevodigitaldeescobar.com.ar\/wp-content\/uploads\/2025\/01\/joebid5323.jpg"},"yoast_head":"<!-- This site is optimized with the Yoast SEO plugin v26.1.1 - https:\/\/yoast.com\/wordpress\/plugins\/seo\/ -->\n<title>Joe Biden fue diagnosticado con un c\u00e1ncer de pr\u00f3stata con met\u00e1stasis \u00f3sea - Nuevo Digital de Escobar<\/title>\n<meta name=\"robots\" content=\"index, follow, max-snippet:-1, max-image-preview:large, max-video-preview:-1\" \/>\n<link rel=\"canonical\" href=\"https:\/\/nuevodigitaldeescobar.com.ar\/?p=14782\" \/>\n<meta property=\"og:locale\" content=\"es_ES\" \/>\n<meta property=\"og:type\" content=\"article\" \/>\n<meta property=\"og:title\" content=\"Joe Biden fue diagnosticado con un c\u00e1ncer de pr\u00f3stata con met\u00e1stasis \u00f3sea - Nuevo Digital de Escobar\" \/>\n<meta property=\"og:description\" content=\"El ex presidente estadounidense Joe Biden, de 82 a\u00f1os, fue diagnosticado con una forma agresiva de c\u00e1ncer de pr\u00f3stata que ya presenta met\u00e1stasis en los [&hellip;]\" \/>\n<meta property=\"og:url\" content=\"https:\/\/nuevodigitaldeescobar.com.ar\/?p=14782\" \/>\n<meta property=\"og:site_name\" content=\"Nuevo Digital de Escobar\" \/>\n<meta property=\"article:publisher\" content=\"https:\/\/www.facebook.com\/NUEVODigitalDeEscobar\" \/>\n<meta property=\"article:published_time\" content=\"2025-05-19T04:06:24+00:00\" \/>\n<meta property=\"article:modified_time\" content=\"2025-05-19T04:06:35+00:00\" \/>\n<meta property=\"og:image\" content=\"https:\/\/nuevodigitaldeescobar.com.ar\/wp-content\/uploads\/2025\/01\/joebid5323.jpg\" \/>\n\t<meta property=\"og:image:width\" content=\"1480\" \/>\n\t<meta property=\"og:image:height\" content=\"833\" \/>\n\t<meta property=\"og:image:type\" content=\"image\/jpeg\" \/>\n<meta name=\"author\" content=\"Redacci\u00f3n\" \/>\n<meta name=\"twitter:card\" content=\"summary_large_image\" \/>\n<meta name=\"twitter:creator\" content=\"@nuevodigescobar\" \/>\n<meta name=\"twitter:site\" content=\"@nuevodigescobar\" \/>\n<meta name=\"twitter:label1\" content=\"Escrito por\" \/>\n\t<meta name=\"twitter:data1\" content=\"Redacci\u00f3n\" \/>\n\t<meta name=\"twitter:label2\" content=\"Tiempo de lectura\" \/>\n\t<meta name=\"twitter:data2\" content=\"2 minutos\" \/>\n<script type=\"application\/ld+json\" class=\"yoast-schema-graph\">{\"@context\":\"https:\/\/schema.org\",\"@graph\":[{\"@type\":\"Article\",\"@id\":\"https:\/\/nuevodigitaldeescobar.com.ar\/?p=14782#article\",\"isPartOf\":{\"@id\":\"https:\/\/nuevodigitaldeescobar.com.ar\/?p=14782\"},\"author\":{\"name\":\"Redacci\u00f3n\",\"@id\":\"https:\/\/nuevodigitaldeescobar.com.ar\/#\/schema\/person\/035e90a8efe9a80e6eec22656ad6ea4c\"},\"headline\":\"Joe Biden fue diagnosticado con un c\u00e1ncer de pr\u00f3stata con met\u00e1stasis \u00f3sea\",\"datePublished\":\"2025-05-19T04:06:24+00:00\",\"dateModified\":\"2025-05-19T04:06:35+00:00\",\"mainEntityOfPage\":{\"@id\":\"https:\/\/nuevodigitaldeescobar.com.ar\/?p=14782\"},\"wordCount\":461,\"commentCount\":0,\"publisher\":{\"@id\":\"https:\/\/nuevodigitaldeescobar.com.ar\/#organization\"},\"image\":{\"@id\":\"https:\/\/nuevodigitaldeescobar.com.ar\/?p=14782#primaryimage\"},\"thumbnailUrl\":\"https:\/\/nuevodigitaldeescobar.com.ar\/wp-content\/uploads\/2025\/01\/joebid5323.jpg\",\"articleSection\":[\"Internacionales\"],\"inLanguage\":\"es\",\"potentialAction\":[{\"@type\":\"CommentAction\",\"name\":\"Comment\",\"target\":[\"https:\/\/nuevodigitaldeescobar.com.ar\/?p=14782#respond\"]}]},{\"@type\":\"WebPage\",\"@id\":\"https:\/\/nuevodigitaldeescobar.com.ar\/?p=14782\",\"url\":\"https:\/\/nuevodigitaldeescobar.com.ar\/?p=14782\",\"name\":\"Joe Biden fue diagnosticado con un c\u00e1ncer de pr\u00f3stata con met\u00e1stasis \u00f3sea - Nuevo Digital de Escobar\",\"isPartOf\":{\"@id\":\"https:\/\/nuevodigitaldeescobar.com.ar\/#website\"},\"primaryImageOfPage\":{\"@id\":\"https:\/\/nuevodigitaldeescobar.com.ar\/?p=14782#primaryimage\"},\"image\":{\"@id\":\"https:\/\/nuevodigitaldeescobar.com.ar\/?p=14782#primaryimage\"},\"thumbnailUrl\":\"https:\/\/nuevodigitaldeescobar.com.ar\/wp-content\/uploads\/2025\/01\/joebid5323.jpg\",\"datePublished\":\"2025-05-19T04:06:24+00:00\",\"dateModified\":\"2025-05-19T04:06:35+00:00\",\"breadcrumb\":{\"@id\":\"https:\/\/nuevodigitaldeescobar.com.ar\/?p=14782#breadcrumb\"},\"inLanguage\":\"es\",\"potentialAction\":[{\"@type\":\"ReadAction\",\"target\":[\"https:\/\/nuevodigitaldeescobar.com.ar\/?p=14782\"]}]},{\"@type\":\"ImageObject\",\"inLanguage\":\"es\",\"@id\":\"https:\/\/nuevodigitaldeescobar.com.ar\/?p=14782#primaryimage\",\"url\":\"https:\/\/nuevodigitaldeescobar.com.ar\/wp-content\/uploads\/2025\/01\/joebid5323.jpg\",\"contentUrl\":\"https:\/\/nuevodigitaldeescobar.com.ar\/wp-content\/uploads\/2025\/01\/joebid5323.jpg\",\"width\":1480,\"height\":833},{\"@type\":\"BreadcrumbList\",\"@id\":\"https:\/\/nuevodigitaldeescobar.com.ar\/?p=14782#breadcrumb\",\"itemListElement\":[{\"@type\":\"ListItem\",\"position\":1,\"name\":\"Portada\",\"item\":\"https:\/\/nuevodigitaldeescobar.com.ar\/\"},{\"@type\":\"ListItem\",\"position\":2,\"name\":\"Joe Biden fue diagnosticado con un c\u00e1ncer de pr\u00f3stata con met\u00e1stasis \u00f3sea\"}]},{\"@type\":\"WebSite\",\"@id\":\"https:\/\/nuevodigitaldeescobar.com.ar\/#website\",\"url\":\"https:\/\/nuevodigitaldeescobar.com.ar\/\",\"name\":\"Nuevo Digital de Escobar\",\"description\":\"La vida escobarense. Directora: Rosana Brunner\",\"publisher\":{\"@id\":\"https:\/\/nuevodigitaldeescobar.com.ar\/#organization\"},\"potentialAction\":[{\"@type\":\"SearchAction\",\"target\":{\"@type\":\"EntryPoint\",\"urlTemplate\":\"https:\/\/nuevodigitaldeescobar.com.ar\/?s={search_term_string}\"},\"query-input\":{\"@type\":\"PropertyValueSpecification\",\"valueRequired\":true,\"valueName\":\"search_term_string\"}}],\"inLanguage\":\"es\"},{\"@type\":\"Organization\",\"@id\":\"https:\/\/nuevodigitaldeescobar.com.ar\/#organization\",\"name\":\"Nuevo Digital de Escobar\",\"url\":\"https:\/\/nuevodigitaldeescobar.com.ar\/\",\"logo\":{\"@type\":\"ImageObject\",\"inLanguage\":\"es\",\"@id\":\"https:\/\/nuevodigitaldeescobar.com.ar\/#\/schema\/logo\/image\/\",\"url\":\"https:\/\/nuevodigitaldeescobar.com.ar\/wp-content\/uploads\/2025\/05\/cropped-logo-nuevo2.jpg\",\"contentUrl\":\"https:\/\/nuevodigitaldeescobar.com.ar\/wp-content\/uploads\/2025\/05\/cropped-logo-nuevo2.jpg\",\"width\":305,\"height\":305,\"caption\":\"Nuevo Digital de Escobar\"},\"image\":{\"@id\":\"https:\/\/nuevodigitaldeescobar.com.ar\/#\/schema\/logo\/image\/\"},\"sameAs\":[\"https:\/\/www.facebook.com\/NUEVODigitalDeEscobar\",\"https:\/\/x.com\/nuevodigescobar\",\"https:\/\/www.instagram.com\/nuevodigitaldeescobar\"]},{\"@type\":\"Person\",\"@id\":\"https:\/\/nuevodigitaldeescobar.com.ar\/#\/schema\/person\/035e90a8efe9a80e6eec22656ad6ea4c\",\"name\":\"Redacci\u00f3n\",\"image\":{\"@type\":\"ImageObject\",\"inLanguage\":\"es\",\"@id\":\"https:\/\/nuevodigitaldeescobar.com.ar\/#\/schema\/person\/image\/\",\"url\":\"https:\/\/secure.gravatar.com\/avatar\/8af8f40000c24e9eef3034f2be5998a372bb1389e64b1a4a36b3a7979142220d?s=96&d=mm&r=g\",\"contentUrl\":\"https:\/\/secure.gravatar.com\/avatar\/8af8f40000c24e9eef3034f2be5998a372bb1389e64b1a4a36b3a7979142220d?s=96&d=mm&r=g\",\"caption\":\"Redacci\u00f3n\"},\"sameAs\":[\"http:\/\/nuevodigitaldeescobar.com.ar\"],\"url\":\"https:\/\/nuevodigitaldeescobar.com.ar\/?author=1\"}]}<\/script>\n<!-- \/ Yoast SEO plugin. -->","yoast_head_json":{"title":"Joe Biden fue diagnosticado con un c\u00e1ncer de pr\u00f3stata con met\u00e1stasis \u00f3sea - Nuevo Digital de Escobar","robots":{"index":"index","follow":"follow","max-snippet":"max-snippet:-1","max-image-preview":"max-image-preview:large","max-video-preview":"max-video-preview:-1"},"canonical":"https:\/\/nuevodigitaldeescobar.com.ar\/?p=14782","og_locale":"es_ES","og_type":"article","og_title":"Joe Biden fue diagnosticado con un c\u00e1ncer de pr\u00f3stata con met\u00e1stasis \u00f3sea - Nuevo Digital de Escobar","og_description":"El ex presidente estadounidense Joe Biden, de 82 a\u00f1os, fue diagnosticado con una forma agresiva de c\u00e1ncer de pr\u00f3stata que ya presenta met\u00e1stasis en los [&hellip;]","og_url":"https:\/\/nuevodigitaldeescobar.com.ar\/?p=14782","og_site_name":"Nuevo Digital de Escobar","article_publisher":"https:\/\/www.facebook.com\/NUEVODigitalDeEscobar","article_published_time":"2025-05-19T04:06:24+00:00","article_modified_time":"2025-05-19T04:06:35+00:00","og_image":[{"width":1480,"height":833,"url":"https:\/\/nuevodigitaldeescobar.com.ar\/wp-content\/uploads\/2025\/01\/joebid5323.jpg","type":"image\/jpeg"}],"author":"Redacci\u00f3n","twitter_card":"summary_large_image","twitter_creator":"@nuevodigescobar","twitter_site":"@nuevodigescobar","twitter_misc":{"Escrito por":"Redacci\u00f3n","Tiempo de lectura":"2 minutos"},"schema":{"@context":"https:\/\/schema.org","@graph":[{"@type":"Article","@id":"https:\/\/nuevodigitaldeescobar.com.ar\/?p=14782#article","isPartOf":{"@id":"https:\/\/nuevodigitaldeescobar.com.ar\/?p=14782"},"author":{"name":"Redacci\u00f3n","@id":"https:\/\/nuevodigitaldeescobar.com.ar\/#\/schema\/person\/035e90a8efe9a80e6eec22656ad6ea4c"},"headline":"Joe Biden fue diagnosticado con un c\u00e1ncer de pr\u00f3stata con met\u00e1stasis \u00f3sea","datePublished":"2025-05-19T04:06:24+00:00","dateModified":"2025-05-19T04:06:35+00:00","mainEntityOfPage":{"@id":"https:\/\/nuevodigitaldeescobar.com.ar\/?p=14782"},"wordCount":461,"commentCount":0,"publisher":{"@id":"https:\/\/nuevodigitaldeescobar.com.ar\/#organization"},"image":{"@id":"https:\/\/nuevodigitaldeescobar.com.ar\/?p=14782#primaryimage"},"thumbnailUrl":"https:\/\/nuevodigitaldeescobar.com.ar\/wp-content\/uploads\/2025\/01\/joebid5323.jpg","articleSection":["Internacionales"],"inLanguage":"es","potentialAction":[{"@type":"CommentAction","name":"Comment","target":["https:\/\/nuevodigitaldeescobar.com.ar\/?p=14782#respond"]}]},{"@type":"WebPage","@id":"https:\/\/nuevodigitaldeescobar.com.ar\/?p=14782","url":"https:\/\/nuevodigitaldeescobar.com.ar\/?p=14782","name":"Joe Biden fue diagnosticado con un c\u00e1ncer de pr\u00f3stata con met\u00e1stasis \u00f3sea - Nuevo Digital de Escobar","isPartOf":{"@id":"https:\/\/nuevodigitaldeescobar.com.ar\/#website"},"primaryImageOfPage":{"@id":"https:\/\/nuevodigitaldeescobar.com.ar\/?p=14782#primaryimage"},"image":{"@id":"https:\/\/nuevodigitaldeescobar.com.ar\/?p=14782#primaryimage"},"thumbnailUrl":"https:\/\/nuevodigitaldeescobar.com.ar\/wp-content\/uploads\/2025\/01\/joebid5323.jpg","datePublished":"2025-05-19T04:06:24+00:00","dateModified":"2025-05-19T04:06:35+00:00","breadcrumb":{"@id":"https:\/\/nuevodigitaldeescobar.com.ar\/?p=14782#breadcrumb"},"inLanguage":"es","potentialAction":[{"@type":"ReadAction","target":["https:\/\/nuevodigitaldeescobar.com.ar\/?p=14782"]}]},{"@type":"ImageObject","inLanguage":"es","@id":"https:\/\/nuevodigitaldeescobar.com.ar\/?p=14782#primaryimage","url":"https:\/\/nuevodigitaldeescobar.com.ar\/wp-content\/uploads\/2025\/01\/joebid5323.jpg","contentUrl":"https:\/\/nuevodigitaldeescobar.com.ar\/wp-content\/uploads\/2025\/01\/joebid5323.jpg","width":1480,"height":833},{"@type":"BreadcrumbList","@id":"https:\/\/nuevodigitaldeescobar.com.ar\/?p=14782#breadcrumb","itemListElement":[{"@type":"ListItem","position":1,"name":"Portada","item":"https:\/\/nuevodigitaldeescobar.com.ar\/"},{"@type":"ListItem","position":2,"name":"Joe Biden fue diagnosticado con un c\u00e1ncer de pr\u00f3stata con met\u00e1stasis \u00f3sea"}]},{"@type":"WebSite","@id":"https:\/\/nuevodigitaldeescobar.com.ar\/#website","url":"https:\/\/nuevodigitaldeescobar.com.ar\/","name":"Nuevo Digital de Escobar","description":"La vida escobarense. Directora: Rosana Brunner","publisher":{"@id":"https:\/\/nuevodigitaldeescobar.com.ar\/#organization"},"potentialAction":[{"@type":"SearchAction","target":{"@type":"EntryPoint","urlTemplate":"https:\/\/nuevodigitaldeescobar.com.ar\/?s={search_term_string}"},"query-input":{"@type":"PropertyValueSpecification","valueRequired":true,"valueName":"search_term_string"}}],"inLanguage":"es"},{"@type":"Organization","@id":"https:\/\/nuevodigitaldeescobar.com.ar\/#organization","name":"Nuevo Digital de Escobar","url":"https:\/\/nuevodigitaldeescobar.com.ar\/","logo":{"@type":"ImageObject","inLanguage":"es","@id":"https:\/\/nuevodigitaldeescobar.com.ar\/#\/schema\/logo\/image\/","url":"https:\/\/nuevodigitaldeescobar.com.ar\/wp-content\/uploads\/2025\/05\/cropped-logo-nuevo2.jpg","contentUrl":"https:\/\/nuevodigitaldeescobar.com.ar\/wp-content\/uploads\/2025\/05\/cropped-logo-nuevo2.jpg","width":305,"height":305,"caption":"Nuevo Digital de Escobar"},"image":{"@id":"https:\/\/nuevodigitaldeescobar.com.ar\/#\/schema\/logo\/image\/"},"sameAs":["https:\/\/www.facebook.com\/NUEVODigitalDeEscobar","https:\/\/x.com\/nuevodigescobar","https:\/\/www.instagram.com\/nuevodigitaldeescobar"]},{"@type":"Person","@id":"https:\/\/nuevodigitaldeescobar.com.ar\/#\/schema\/person\/035e90a8efe9a80e6eec22656ad6ea4c","name":"Redacci\u00f3n","image":{"@type":"ImageObject","inLanguage":"es","@id":"https:\/\/nuevodigitaldeescobar.com.ar\/#\/schema\/person\/image\/","url":"https:\/\/secure.gravatar.com\/avatar\/8af8f40000c24e9eef3034f2be5998a372bb1389e64b1a4a36b3a7979142220d?s=96&d=mm&r=g","contentUrl":"https:\/\/secure.gravatar.com\/avatar\/8af8f40000c24e9eef3034f2be5998a372bb1389e64b1a4a36b3a7979142220d?s=96&d=mm&r=g","caption":"Redacci\u00f3n"},"sameAs":["http:\/\/nuevodigitaldeescobar.com.ar"],"url":"https:\/\/nuevodigitaldeescobar.com.ar\/?author=1"}]}},"featured_image_urls":{"full":["https:\/\/nuevodigitaldeescobar.com.ar\/wp-content\/uploads\/2025\/01\/joebid5323.jpg",1480,833,false],"thumbnail":["https:\/\/nuevodigitaldeescobar.com.ar\/wp-content\/uploads\/2025\/01\/joebid5323-150x150.jpg",150,150,true],"medium":["https:\/\/nuevodigitaldeescobar.com.ar\/wp-content\/uploads\/2025\/01\/joebid5323-300x169.jpg",300,169,true],"medium_large":["https:\/\/nuevodigitaldeescobar.com.ar\/wp-content\/uploads\/2025\/01\/joebid5323-768x432.jpg",640,360,true],"large":["https:\/\/nuevodigitaldeescobar.com.ar\/wp-content\/uploads\/2025\/01\/joebid5323-1024x576.jpg",640,360,true],"1536x1536":["https:\/\/nuevodigitaldeescobar.com.ar\/wp-content\/uploads\/2025\/01\/joebid5323.jpg",1480,833,false],"2048x2048":["https:\/\/nuevodigitaldeescobar.com.ar\/wp-content\/uploads\/2025\/01\/joebid5323.jpg",1480,833,false]},"author_info":{"display_name":"Redacci\u00f3n","author_link":"https:\/\/nuevodigitaldeescobar.com.ar\/?author=1"},"category_info":"<a href=\"https:\/\/nuevodigitaldeescobar.com.ar\/?cat=285\" rel=\"category\">Internacionales<\/a>","tag_info":"Internacionales","comment_count":"0","_links":{"self":[{"href":"https:\/\/nuevodigitaldeescobar.com.ar\/index.php?rest_route=\/wp\/v2\/posts\/14782","targetHints":{"allow":["GET"]}}],"collection":[{"href":"https:\/\/nuevodigitaldeescobar.com.ar\/index.php?rest_route=\/wp\/v2\/posts"}],"about":[{"href":"https:\/\/nuevodigitaldeescobar.com.ar\/index.php?rest_route=\/wp\/v2\/types\/post"}],"author":[{"embeddable":true,"href":"https:\/\/nuevodigitaldeescobar.com.ar\/index.php?rest_route=\/wp\/v2\/users\/1"}],"replies":[{"embeddable":true,"href":"https:\/\/nuevodigitaldeescobar.com.ar\/index.php?rest_route=%2Fwp%2Fv2%2Fcomments&post=14782"}],"version-history":[{"count":1,"href":"https:\/\/nuevodigitaldeescobar.com.ar\/index.php?rest_route=\/wp\/v2\/posts\/14782\/revisions"}],"predecessor-version":[{"id":14783,"href":"https:\/\/nuevodigitaldeescobar.com.ar\/index.php?rest_route=\/wp\/v2\/posts\/14782\/revisions\/14783"}],"wp:featuredmedia":[{"embeddable":true,"href":"https:\/\/nuevodigitaldeescobar.com.ar\/index.php?rest_route=\/wp\/v2\/media\/11232"}],"wp:attachment":[{"href":"https:\/\/nuevodigitaldeescobar.com.ar\/index.php?rest_route=%2Fwp%2Fv2%2Fmedia&parent=14782"}],"wp:term":[{"taxonomy":"category","embeddable":true,"href":"https:\/\/nuevodigitaldeescobar.com.ar\/index.php?rest_route=%2Fwp%2Fv2%2Fcategories&post=14782"},{"taxonomy":"post_tag","embeddable":true,"href":"https:\/\/nuevodigitaldeescobar.com.ar\/index.php?rest_route=%2Fwp%2Fv2%2Ftags&post=14782"}],"curies":[{"name":"wp","href":"https:\/\/api.w.org\/{rel}","templated":true}]}}