{"id":14816,"date":"2025-05-20T13:20:52","date_gmt":"2025-05-20T16:20:52","guid":{"rendered":"https:\/\/nuevodigitaldeescobar.com.ar\/?p=14816"},"modified":"2025-05-20T13:57:47","modified_gmt":"2025-05-20T16:57:47","slug":"insolito-a-un-mes-de-su-salida-fernando-gago-no-rescindio-contrato-con-boca","status":"publish","type":"post","link":"https:\/\/nuevodigitaldeescobar.com.ar\/?p=14816","title":{"rendered":"Ins\u00f3lito: a un mes de su salida, Fernando Gago no rescindi\u00f3 contrato con Boca"},"content":{"rendered":"\n<p>Tras la eliminaci\u00f3n de <a href=\"https:\/\/derechadiario.com.ar\/deportes\/bombonera-volvio-cantar-contra-dirigencia-derrota-frente-independiente\" title=\"La Bombonera volvi\u00f3 cantar contra la dirigencia en la derrota frente a Independiente\"><strong>Boca<\/strong><\/a> en el <a href=\"https:\/\/derechadiario.com.ar\/deportes\/river-platense-hora-tv-formaciones-y-como-viene-uno\" title=\"River - Platense: hora, TV, formaciones y c\u00f3mo viene cada uno\"><strong>Torneo Apertura<\/strong><\/a>, sali\u00f3 a la luz una nueva situaci\u00f3n en el club. Seg\u00fan diversas fuentes, a\u00fan <strong>no se firm\u00f3 la rescisi\u00f3n del contrato de<\/strong> <a href=\"https:\/\/derechadiario.com.ar\/deportes\/riquelme-despidio-gago-tras-papelon-boca-superclasico\" title=\"Riquelme despidi\u00f3 a Fernando Gago tras el papel\u00f3n de Boca en el Supercl\u00e1sico\"><strong>Fernando Gago<\/strong><\/a> como entrenador.<\/p>\n<p>El pasado 28 de abril, Chicho Serna inform\u00f3 p\u00fablicamente que la dirigencia liderada por <a href=\"https:\/\/derechadiario.com.ar\/deportes\/davoo-xeneize-apunto-contra-riquelme-y-le-echo-culpa-eliminacion-boca\" title=\"Davoo Xeneize apunt\u00f3 contra Riquelme y le ech\u00f3 la culpa de la eliminaci\u00f3n de Boca\"><strong>Juan Rom\u00e1n Riquelme<\/strong><\/a> hab\u00eda decidido terminar el ciclo de Pintita tras la derrota en el Monumental frente a River. Sin embargo, desde entonces <strong>no se avanz\u00f3 en los tr\u00e1mites para formalizar su desvinculaci\u00f3n<\/strong>.<\/p>\n<p>Esto significa que, <strong>desde el punto de vista legal, Fernando Gago todav\u00eda es el t\u00e9cnico de Boca<\/strong>. Esta situaci\u00f3n complica al club, ya que el reglamento de la Asociaci\u00f3n de T\u00e9cnicos del F\u00fatbol Argentino (<strong>ATFA<\/strong>) <strong>impide que se registre a un nuevo entrenador sin haber resuelto primero la salida del anterior<\/strong>.<\/p>\n<div class=\"inter_image image_horizontal\">\n<div>\n<span class=\"img_footer\">ATFA no permite que se contrate a otro DT mientras no salga Gago <\/span>| \n<\/div>\n<\/div>\n<p>Desde el c\u00edrculo cercano a Gago afirman que <strong>nadie del \u00e1rea legal del club se contact\u00f3 para negociar la compensaci\u00f3n econ\u00f3mica correspondiente a su despido<\/strong>. Por lo tanto, <strong>su contrato sigue vigente<\/strong>, a pesar de que ya pas\u00f3 casi un mes desde que fue desplazado del cargo.<\/p>\n<p><strong>Este escenario podr\u00eda explicar por qu\u00e9 a\u00fan no hay un reemplazante oficial y por qu\u00e9 Boca opt\u00f3 por mantener a Mariano Herr\u00f3n como t\u00e9cnico interino<\/strong>, quien ven\u00eda trabajando al frente del equipo de Reserva.<\/p>\n<p>Cabe recordar que, adem\u00e1s, Pintita puso dinero de su propio bolsillo para salir de Chivas de Guadalajara y cumplir su deseo de dirigir al club de La Ribera. <strong>Su v\u00ednculo contractual con Boca se extend\u00eda hasta diciembre de 2027<\/strong>, lo que implica que <strong>el<\/strong> <strong>monto de la indemnizaci\u00f3n es considerable<\/strong> para las arcas del club.<\/p>\n<\n<h2><strong>El pr\u00f3ximo DT de Boca<\/strong><\/h2>\n<p>Luego de la eliminaci\u00f3n ante Independiente, <strong>Mariano Herr\u00f3n reconoci\u00f3 en conferencia de prensa que no logr\u00f3 cumplir con las expectativas de su interinato<\/strong>. Esto reaviv\u00f3 la pregunta entre los hinchas sobre <strong>qui\u00e9n ser\u00e1 el pr\u00f3ximo entrenador<\/strong>.<\/p>\n<p>Por ahora, no hay se\u00f1ales claras de quien tomar\u00e1 el cargo. Seg\u00fan diferentes versiones, \u00a0<strong>Gustavo Quinteros no fue contactado, Tata Martino no tiene inter\u00e9s en el puesto y que Gabriel Milito ya no es una opci\u00f3n<\/strong>, ya que no desea asumir en el club. En este panorama, la incertidumbre crece, mientras el <strong>Mundial de Clubes<\/strong> se acerca r\u00e1pidamente.<\/p>\n","protected":false},"excerpt":{"rendered":"<p>Tras la eliminaci\u00f3n de Boca en el Torneo Apertura, sali\u00f3 a la luz una nueva situaci\u00f3n en el club. Seg\u00fan diversas fuentes, a\u00fan no se [&hellip;]<\/p>\n","protected":false},"author":1,"featured_media":14817,"comment_status":"open","ping_status":"open","sticky":false,"template":"","format":"standard","meta":{"footnotes":""},"categories":[8],"tags":[],"class_list":["post-14816","post","type-post","status-publish","format-standard","has-post-thumbnail","hentry","category-deportes"],"better_featured_image":{"id":14817,"alt_text":"","caption":"","description":"","media_type":"image","media_details":{"width":1600,"height":1067,"file":"2025\/05\/fernandogago-boca5jpg_1600_1067-uPiluJ.jpeg","filesize":121702,"sizes":{"medium":{"file":"fernandogago-boca5jpg_1600_1067-uPiluJ-300x200.jpeg","width":300,"height":200,"mime-type":"image\/jpeg","filesize":16812,"source_url":"https:\/\/nuevodigitaldeescobar.com.ar\/wp-content\/uploads\/2025\/05\/fernandogago-boca5jpg_1600_1067-uPiluJ-300x200.jpeg"},"large":{"file":"fernandogago-boca5jpg_1600_1067-uPiluJ-1024x683.jpeg","width":1024,"height":683,"mime-type":"image\/jpeg","filesize":98346,"source_url":"https:\/\/nuevodigitaldeescobar.com.ar\/wp-content\/uploads\/2025\/05\/fernandogago-boca5jpg_1600_1067-uPiluJ-1024x683.jpeg"},"thumbnail":{"file":"fernandogago-boca5jpg_1600_1067-uPiluJ-150x150.jpeg","width":150,"height":150,"mime-type":"image\/jpeg","filesize":8085,"source_url":"https:\/\/nuevodigitaldeescobar.com.ar\/wp-content\/uploads\/2025\/05\/fernandogago-boca5jpg_1600_1067-uPiluJ-150x150.jpeg"},"medium_large":{"file":"fernandogago-boca5jpg_1600_1067-uPiluJ-768x512.jpeg","width":768,"height":512,"mime-type":"image\/jpeg","filesize":65036,"source_url":"https:\/\/nuevodigitaldeescobar.com.ar\/wp-content\/uploads\/2025\/05\/fernandogago-boca5jpg_1600_1067-uPiluJ-768x512.jpeg"},"1536x1536":{"file":"fernandogago-boca5jpg_1600_1067-uPiluJ-1536x1024.jpeg","width":1536,"height":1024,"mime-type":"image\/jpeg","filesize":171402,"source_url":"https:\/\/nuevodigitaldeescobar.com.ar\/wp-content\/uploads\/2025\/05\/fernandogago-boca5jpg_1600_1067-uPiluJ-1536x1024.jpeg"}},"image_meta":{"aperture":"0","credit":"","camera":"","caption":"","created_timestamp":"0","copyright":"","focal_length":"0","iso":"0","shutter_speed":"0","title":"","orientation":"0","keywords":[]}},"post":14816,"source_url":"https:\/\/nuevodigitaldeescobar.com.ar\/wp-content\/uploads\/2025\/05\/fernandogago-boca5jpg_1600_1067-uPiluJ.jpeg"},"yoast_head":"<!-- This site is optimized with the Yoast SEO plugin v26.1.1 - https:\/\/yoast.com\/wordpress\/plugins\/seo\/ -->\n<title>Ins\u00f3lito: a un mes de su salida, Fernando Gago no rescindi\u00f3 contrato con Boca - Nuevo Digital de Escobar<\/title>\n<meta name=\"robots\" content=\"index, follow, max-snippet:-1, max-image-preview:large, max-video-preview:-1\" \/>\n<link rel=\"canonical\" href=\"https:\/\/nuevodigitaldeescobar.com.ar\/?p=14816\" \/>\n<meta property=\"og:locale\" content=\"es_ES\" \/>\n<meta property=\"og:type\" content=\"article\" \/>\n<meta property=\"og:title\" content=\"Ins\u00f3lito: a un mes de su salida, Fernando Gago no rescindi\u00f3 contrato con Boca - Nuevo Digital de Escobar\" \/>\n<meta property=\"og:description\" content=\"Tras la eliminaci\u00f3n de Boca en el Torneo Apertura, sali\u00f3 a la luz una nueva situaci\u00f3n en el club. Seg\u00fan diversas fuentes, a\u00fan no se [&hellip;]\" \/>\n<meta property=\"og:url\" content=\"https:\/\/nuevodigitaldeescobar.com.ar\/?p=14816\" \/>\n<meta property=\"og:site_name\" content=\"Nuevo Digital de Escobar\" \/>\n<meta property=\"article:publisher\" content=\"https:\/\/www.facebook.com\/NUEVODigitalDeEscobar\" \/>\n<meta property=\"article:published_time\" content=\"2025-05-20T16:20:52+00:00\" \/>\n<meta property=\"article:modified_time\" content=\"2025-05-20T16:57:47+00:00\" \/>\n<meta property=\"og:image\" content=\"https:\/\/nuevodigitaldeescobar.com.ar\/wp-content\/uploads\/2025\/05\/fernandogago-boca5jpg_1600_1067-uPiluJ.jpeg\" \/>\n\t<meta property=\"og:image:width\" content=\"1600\" \/>\n\t<meta property=\"og:image:height\" content=\"1067\" \/>\n\t<meta property=\"og:image:type\" content=\"image\/jpeg\" \/>\n<meta name=\"author\" content=\"Redacci\u00f3n\" \/>\n<meta name=\"twitter:card\" content=\"summary_large_image\" \/>\n<meta name=\"twitter:creator\" content=\"@nuevodigescobar\" \/>\n<meta name=\"twitter:site\" content=\"@nuevodigescobar\" \/>\n<meta name=\"twitter:label1\" content=\"Escrito por\" \/>\n\t<meta name=\"twitter:data1\" content=\"Redacci\u00f3n\" \/>\n\t<meta name=\"twitter:label2\" content=\"Tiempo de lectura\" \/>\n\t<meta name=\"twitter:data2\" content=\"2 minutos\" \/>\n<script type=\"application\/ld+json\" class=\"yoast-schema-graph\">{\"@context\":\"https:\/\/schema.org\",\"@graph\":[{\"@type\":\"Article\",\"@id\":\"https:\/\/nuevodigitaldeescobar.com.ar\/?p=14816#article\",\"isPartOf\":{\"@id\":\"https:\/\/nuevodigitaldeescobar.com.ar\/?p=14816\"},\"author\":{\"name\":\"Redacci\u00f3n\",\"@id\":\"https:\/\/nuevodigitaldeescobar.com.ar\/#\/schema\/person\/035e90a8efe9a80e6eec22656ad6ea4c\"},\"headline\":\"Ins\u00f3lito: a un mes de su salida, Fernando Gago no rescindi\u00f3 contrato con Boca\",\"datePublished\":\"2025-05-20T16:20:52+00:00\",\"dateModified\":\"2025-05-20T16:57:47+00:00\",\"mainEntityOfPage\":{\"@id\":\"https:\/\/nuevodigitaldeescobar.com.ar\/?p=14816\"},\"wordCount\":432,\"commentCount\":0,\"publisher\":{\"@id\":\"https:\/\/nuevodigitaldeescobar.com.ar\/#organization\"},\"image\":{\"@id\":\"https:\/\/nuevodigitaldeescobar.com.ar\/?p=14816#primaryimage\"},\"thumbnailUrl\":\"https:\/\/nuevodigitaldeescobar.com.ar\/wp-content\/uploads\/2025\/05\/fernandogago-boca5jpg_1600_1067-uPiluJ.jpeg\",\"articleSection\":[\"Deportes\"],\"inLanguage\":\"es\",\"potentialAction\":[{\"@type\":\"CommentAction\",\"name\":\"Comment\",\"target\":[\"https:\/\/nuevodigitaldeescobar.com.ar\/?p=14816#respond\"]}]},{\"@type\":\"WebPage\",\"@id\":\"https:\/\/nuevodigitaldeescobar.com.ar\/?p=14816\",\"url\":\"https:\/\/nuevodigitaldeescobar.com.ar\/?p=14816\",\"name\":\"Ins\u00f3lito: a un mes de su salida, Fernando Gago no rescindi\u00f3 contrato con Boca - Nuevo Digital de Escobar\",\"isPartOf\":{\"@id\":\"https:\/\/nuevodigitaldeescobar.com.ar\/#website\"},\"primaryImageOfPage\":{\"@id\":\"https:\/\/nuevodigitaldeescobar.com.ar\/?p=14816#primaryimage\"},\"image\":{\"@id\":\"https:\/\/nuevodigitaldeescobar.com.ar\/?p=14816#primaryimage\"},\"thumbnailUrl\":\"https:\/\/nuevodigitaldeescobar.com.ar\/wp-content\/uploads\/2025\/05\/fernandogago-boca5jpg_1600_1067-uPiluJ.jpeg\",\"datePublished\":\"2025-05-20T16:20:52+00:00\",\"dateModified\":\"2025-05-20T16:57:47+00:00\",\"breadcrumb\":{\"@id\":\"https:\/\/nuevodigitaldeescobar.com.ar\/?p=14816#breadcrumb\"},\"inLanguage\":\"es\",\"potentialAction\":[{\"@type\":\"ReadAction\",\"target\":[\"https:\/\/nuevodigitaldeescobar.com.ar\/?p=14816\"]}]},{\"@type\":\"ImageObject\",\"inLanguage\":\"es\",\"@id\":\"https:\/\/nuevodigitaldeescobar.com.ar\/?p=14816#primaryimage\",\"url\":\"https:\/\/nuevodigitaldeescobar.com.ar\/wp-content\/uploads\/2025\/05\/fernandogago-boca5jpg_1600_1067-uPiluJ.jpeg\",\"contentUrl\":\"https:\/\/nuevodigitaldeescobar.com.ar\/wp-content\/uploads\/2025\/05\/fernandogago-boca5jpg_1600_1067-uPiluJ.jpeg\",\"width\":1600,\"height\":1067},{\"@type\":\"BreadcrumbList\",\"@id\":\"https:\/\/nuevodigitaldeescobar.com.ar\/?p=14816#breadcrumb\",\"itemListElement\":[{\"@type\":\"ListItem\",\"position\":1,\"name\":\"Portada\",\"item\":\"https:\/\/nuevodigitaldeescobar.com.ar\/\"},{\"@type\":\"ListItem\",\"position\":2,\"name\":\"Ins\u00f3lito: a un mes de su salida, Fernando Gago no rescindi\u00f3 contrato con Boca\"}]},{\"@type\":\"WebSite\",\"@id\":\"https:\/\/nuevodigitaldeescobar.com.ar\/#website\",\"url\":\"https:\/\/nuevodigitaldeescobar.com.ar\/\",\"name\":\"Nuevo Digital de Escobar\",\"description\":\"La vida escobarense. Directora: Rosana Brunner\",\"publisher\":{\"@id\":\"https:\/\/nuevodigitaldeescobar.com.ar\/#organization\"},\"potentialAction\":[{\"@type\":\"SearchAction\",\"target\":{\"@type\":\"EntryPoint\",\"urlTemplate\":\"https:\/\/nuevodigitaldeescobar.com.ar\/?s={search_term_string}\"},\"query-input\":{\"@type\":\"PropertyValueSpecification\",\"valueRequired\":true,\"valueName\":\"search_term_string\"}}],\"inLanguage\":\"es\"},{\"@type\":\"Organization\",\"@id\":\"https:\/\/nuevodigitaldeescobar.com.ar\/#organization\",\"name\":\"Nuevo Digital de Escobar\",\"url\":\"https:\/\/nuevodigitaldeescobar.com.ar\/\",\"logo\":{\"@type\":\"ImageObject\",\"inLanguage\":\"es\",\"@id\":\"https:\/\/nuevodigitaldeescobar.com.ar\/#\/schema\/logo\/image\/\",\"url\":\"https:\/\/nuevodigitaldeescobar.com.ar\/wp-content\/uploads\/2025\/05\/cropped-logo-nuevo2.jpg\",\"contentUrl\":\"https:\/\/nuevodigitaldeescobar.com.ar\/wp-content\/uploads\/2025\/05\/cropped-logo-nuevo2.jpg\",\"width\":305,\"height\":305,\"caption\":\"Nuevo Digital de Escobar\"},\"image\":{\"@id\":\"https:\/\/nuevodigitaldeescobar.com.ar\/#\/schema\/logo\/image\/\"},\"sameAs\":[\"https:\/\/www.facebook.com\/NUEVODigitalDeEscobar\",\"https:\/\/x.com\/nuevodigescobar\",\"https:\/\/www.instagram.com\/nuevodigitaldeescobar\"]},{\"@type\":\"Person\",\"@id\":\"https:\/\/nuevodigitaldeescobar.com.ar\/#\/schema\/person\/035e90a8efe9a80e6eec22656ad6ea4c\",\"name\":\"Redacci\u00f3n\",\"image\":{\"@type\":\"ImageObject\",\"inLanguage\":\"es\",\"@id\":\"https:\/\/nuevodigitaldeescobar.com.ar\/#\/schema\/person\/image\/\",\"url\":\"https:\/\/secure.gravatar.com\/avatar\/8af8f40000c24e9eef3034f2be5998a372bb1389e64b1a4a36b3a7979142220d?s=96&d=mm&r=g\",\"contentUrl\":\"https:\/\/secure.gravatar.com\/avatar\/8af8f40000c24e9eef3034f2be5998a372bb1389e64b1a4a36b3a7979142220d?s=96&d=mm&r=g\",\"caption\":\"Redacci\u00f3n\"},\"sameAs\":[\"http:\/\/nuevodigitaldeescobar.com.ar\"],\"url\":\"https:\/\/nuevodigitaldeescobar.com.ar\/?author=1\"}]}<\/script>\n<!-- \/ Yoast SEO plugin. -->","yoast_head_json":{"title":"Ins\u00f3lito: a un mes de su salida, Fernando Gago no rescindi\u00f3 contrato con Boca - Nuevo Digital de Escobar","robots":{"index":"index","follow":"follow","max-snippet":"max-snippet:-1","max-image-preview":"max-image-preview:large","max-video-preview":"max-video-preview:-1"},"canonical":"https:\/\/nuevodigitaldeescobar.com.ar\/?p=14816","og_locale":"es_ES","og_type":"article","og_title":"Ins\u00f3lito: a un mes de su salida, Fernando Gago no rescindi\u00f3 contrato con Boca - Nuevo Digital de Escobar","og_description":"Tras la eliminaci\u00f3n de Boca en el Torneo Apertura, sali\u00f3 a la luz una nueva situaci\u00f3n en el club. Seg\u00fan diversas fuentes, a\u00fan no se [&hellip;]","og_url":"https:\/\/nuevodigitaldeescobar.com.ar\/?p=14816","og_site_name":"Nuevo Digital de Escobar","article_publisher":"https:\/\/www.facebook.com\/NUEVODigitalDeEscobar","article_published_time":"2025-05-20T16:20:52+00:00","article_modified_time":"2025-05-20T16:57:47+00:00","og_image":[{"width":1600,"height":1067,"url":"https:\/\/nuevodigitaldeescobar.com.ar\/wp-content\/uploads\/2025\/05\/fernandogago-boca5jpg_1600_1067-uPiluJ.jpeg","type":"image\/jpeg"}],"author":"Redacci\u00f3n","twitter_card":"summary_large_image","twitter_creator":"@nuevodigescobar","twitter_site":"@nuevodigescobar","twitter_misc":{"Escrito por":"Redacci\u00f3n","Tiempo de lectura":"2 minutos"},"schema":{"@context":"https:\/\/schema.org","@graph":[{"@type":"Article","@id":"https:\/\/nuevodigitaldeescobar.com.ar\/?p=14816#article","isPartOf":{"@id":"https:\/\/nuevodigitaldeescobar.com.ar\/?p=14816"},"author":{"name":"Redacci\u00f3n","@id":"https:\/\/nuevodigitaldeescobar.com.ar\/#\/schema\/person\/035e90a8efe9a80e6eec22656ad6ea4c"},"headline":"Ins\u00f3lito: a un mes de su salida, Fernando Gago no rescindi\u00f3 contrato con Boca","datePublished":"2025-05-20T16:20:52+00:00","dateModified":"2025-05-20T16:57:47+00:00","mainEntityOfPage":{"@id":"https:\/\/nuevodigitaldeescobar.com.ar\/?p=14816"},"wordCount":432,"commentCount":0,"publisher":{"@id":"https:\/\/nuevodigitaldeescobar.com.ar\/#organization"},"image":{"@id":"https:\/\/nuevodigitaldeescobar.com.ar\/?p=14816#primaryimage"},"thumbnailUrl":"https:\/\/nuevodigitaldeescobar.com.ar\/wp-content\/uploads\/2025\/05\/fernandogago-boca5jpg_1600_1067-uPiluJ.jpeg","articleSection":["Deportes"],"inLanguage":"es","potentialAction":[{"@type":"CommentAction","name":"Comment","target":["https:\/\/nuevodigitaldeescobar.com.ar\/?p=14816#respond"]}]},{"@type":"WebPage","@id":"https:\/\/nuevodigitaldeescobar.com.ar\/?p=14816","url":"https:\/\/nuevodigitaldeescobar.com.ar\/?p=14816","name":"Ins\u00f3lito: a un mes de su salida, Fernando Gago no rescindi\u00f3 contrato con Boca - Nuevo Digital de Escobar","isPartOf":{"@id":"https:\/\/nuevodigitaldeescobar.com.ar\/#website"},"primaryImageOfPage":{"@id":"https:\/\/nuevodigitaldeescobar.com.ar\/?p=14816#primaryimage"},"image":{"@id":"https:\/\/nuevodigitaldeescobar.com.ar\/?p=14816#primaryimage"},"thumbnailUrl":"https:\/\/nuevodigitaldeescobar.com.ar\/wp-content\/uploads\/2025\/05\/fernandogago-boca5jpg_1600_1067-uPiluJ.jpeg","datePublished":"2025-05-20T16:20:52+00:00","dateModified":"2025-05-20T16:57:47+00:00","breadcrumb":{"@id":"https:\/\/nuevodigitaldeescobar.com.ar\/?p=14816#breadcrumb"},"inLanguage":"es","potentialAction":[{"@type":"ReadAction","target":["https:\/\/nuevodigitaldeescobar.com.ar\/?p=14816"]}]},{"@type":"ImageObject","inLanguage":"es","@id":"https:\/\/nuevodigitaldeescobar.com.ar\/?p=14816#primaryimage","url":"https:\/\/nuevodigitaldeescobar.com.ar\/wp-content\/uploads\/2025\/05\/fernandogago-boca5jpg_1600_1067-uPiluJ.jpeg","contentUrl":"https:\/\/nuevodigitaldeescobar.com.ar\/wp-content\/uploads\/2025\/05\/fernandogago-boca5jpg_1600_1067-uPiluJ.jpeg","width":1600,"height":1067},{"@type":"BreadcrumbList","@id":"https:\/\/nuevodigitaldeescobar.com.ar\/?p=14816#breadcrumb","itemListElement":[{"@type":"ListItem","position":1,"name":"Portada","item":"https:\/\/nuevodigitaldeescobar.com.ar\/"},{"@type":"ListItem","position":2,"name":"Ins\u00f3lito: a un mes de su salida, Fernando Gago no rescindi\u00f3 contrato con Boca"}]},{"@type":"WebSite","@id":"https:\/\/nuevodigitaldeescobar.com.ar\/#website","url":"https:\/\/nuevodigitaldeescobar.com.ar\/","name":"Nuevo Digital de Escobar","description":"La vida escobarense. Directora: Rosana Brunner","publisher":{"@id":"https:\/\/nuevodigitaldeescobar.com.ar\/#organization"},"potentialAction":[{"@type":"SearchAction","target":{"@type":"EntryPoint","urlTemplate":"https:\/\/nuevodigitaldeescobar.com.ar\/?s={search_term_string}"},"query-input":{"@type":"PropertyValueSpecification","valueRequired":true,"valueName":"search_term_string"}}],"inLanguage":"es"},{"@type":"Organization","@id":"https:\/\/nuevodigitaldeescobar.com.ar\/#organization","name":"Nuevo Digital de Escobar","url":"https:\/\/nuevodigitaldeescobar.com.ar\/","logo":{"@type":"ImageObject","inLanguage":"es","@id":"https:\/\/nuevodigitaldeescobar.com.ar\/#\/schema\/logo\/image\/","url":"https:\/\/nuevodigitaldeescobar.com.ar\/wp-content\/uploads\/2025\/05\/cropped-logo-nuevo2.jpg","contentUrl":"https:\/\/nuevodigitaldeescobar.com.ar\/wp-content\/uploads\/2025\/05\/cropped-logo-nuevo2.jpg","width":305,"height":305,"caption":"Nuevo Digital de Escobar"},"image":{"@id":"https:\/\/nuevodigitaldeescobar.com.ar\/#\/schema\/logo\/image\/"},"sameAs":["https:\/\/www.facebook.com\/NUEVODigitalDeEscobar","https:\/\/x.com\/nuevodigescobar","https:\/\/www.instagram.com\/nuevodigitaldeescobar"]},{"@type":"Person","@id":"https:\/\/nuevodigitaldeescobar.com.ar\/#\/schema\/person\/035e90a8efe9a80e6eec22656ad6ea4c","name":"Redacci\u00f3n","image":{"@type":"ImageObject","inLanguage":"es","@id":"https:\/\/nuevodigitaldeescobar.com.ar\/#\/schema\/person\/image\/","url":"https:\/\/secure.gravatar.com\/avatar\/8af8f40000c24e9eef3034f2be5998a372bb1389e64b1a4a36b3a7979142220d?s=96&d=mm&r=g","contentUrl":"https:\/\/secure.gravatar.com\/avatar\/8af8f40000c24e9eef3034f2be5998a372bb1389e64b1a4a36b3a7979142220d?s=96&d=mm&r=g","caption":"Redacci\u00f3n"},"sameAs":["http:\/\/nuevodigitaldeescobar.com.ar"],"url":"https:\/\/nuevodigitaldeescobar.com.ar\/?author=1"}]}},"featured_image_urls":{"full":["https:\/\/nuevodigitaldeescobar.com.ar\/wp-content\/uploads\/2025\/05\/fernandogago-boca5jpg_1600_1067-uPiluJ.jpeg",1600,1067,false],"thumbnail":["https:\/\/nuevodigitaldeescobar.com.ar\/wp-content\/uploads\/2025\/05\/fernandogago-boca5jpg_1600_1067-uPiluJ-150x150.jpeg",150,150,true],"medium":["https:\/\/nuevodigitaldeescobar.com.ar\/wp-content\/uploads\/2025\/05\/fernandogago-boca5jpg_1600_1067-uPiluJ-300x200.jpeg",300,200,true],"medium_large":["https:\/\/nuevodigitaldeescobar.com.ar\/wp-content\/uploads\/2025\/05\/fernandogago-boca5jpg_1600_1067-uPiluJ-768x512.jpeg",640,427,true],"large":["https:\/\/nuevodigitaldeescobar.com.ar\/wp-content\/uploads\/2025\/05\/fernandogago-boca5jpg_1600_1067-uPiluJ-1024x683.jpeg",640,427,true],"1536x1536":["https:\/\/nuevodigitaldeescobar.com.ar\/wp-content\/uploads\/2025\/05\/fernandogago-boca5jpg_1600_1067-uPiluJ-1536x1024.jpeg",1536,1024,true],"2048x2048":["https:\/\/nuevodigitaldeescobar.com.ar\/wp-content\/uploads\/2025\/05\/fernandogago-boca5jpg_1600_1067-uPiluJ.jpeg",1600,1067,false]},"author_info":{"display_name":"Redacci\u00f3n","author_link":"https:\/\/nuevodigitaldeescobar.com.ar\/?author=1"},"category_info":"<a href=\"https:\/\/nuevodigitaldeescobar.com.ar\/?cat=8\" rel=\"category\">Deportes<\/a>","tag_info":"Deportes","comment_count":"0","_links":{"self":[{"href":"https:\/\/nuevodigitaldeescobar.com.ar\/index.php?rest_route=\/wp\/v2\/posts\/14816","targetHints":{"allow":["GET"]}}],"collection":[{"href":"https:\/\/nuevodigitaldeescobar.com.ar\/index.php?rest_route=\/wp\/v2\/posts"}],"about":[{"href":"https:\/\/nuevodigitaldeescobar.com.ar\/index.php?rest_route=\/wp\/v2\/types\/post"}],"author":[{"embeddable":true,"href":"https:\/\/nuevodigitaldeescobar.com.ar\/index.php?rest_route=\/wp\/v2\/users\/1"}],"replies":[{"embeddable":true,"href":"https:\/\/nuevodigitaldeescobar.com.ar\/index.php?rest_route=%2Fwp%2Fv2%2Fcomments&post=14816"}],"version-history":[{"count":1,"href":"https:\/\/nuevodigitaldeescobar.com.ar\/index.php?rest_route=\/wp\/v2\/posts\/14816\/revisions"}],"predecessor-version":[{"id":14819,"href":"https:\/\/nuevodigitaldeescobar.com.ar\/index.php?rest_route=\/wp\/v2\/posts\/14816\/revisions\/14819"}],"wp:featuredmedia":[{"embeddable":true,"href":"https:\/\/nuevodigitaldeescobar.com.ar\/index.php?rest_route=\/wp\/v2\/media\/14817"}],"wp:attachment":[{"href":"https:\/\/nuevodigitaldeescobar.com.ar\/index.php?rest_route=%2Fwp%2Fv2%2Fmedia&parent=14816"}],"wp:term":[{"taxonomy":"category","embeddable":true,"href":"https:\/\/nuevodigitaldeescobar.com.ar\/index.php?rest_route=%2Fwp%2Fv2%2Fcategories&post=14816"},{"taxonomy":"post_tag","embeddable":true,"href":"https:\/\/nuevodigitaldeescobar.com.ar\/index.php?rest_route=%2Fwp%2Fv2%2Ftags&post=14816"}],"curies":[{"name":"wp","href":"https:\/\/api.w.org\/{rel}","templated":true}]}}