{"id":14823,"date":"2025-05-20T18:20:25","date_gmt":"2025-05-20T21:20:25","guid":{"rendered":"https:\/\/nuevodigitaldeescobar.com.ar\/?p=14823"},"modified":"2025-05-20T20:46:22","modified_gmt":"2025-05-20T23:46:22","slug":"el-dibu-martinez-esta-en-el-radar-del-atletico-madrid","status":"publish","type":"post","link":"https:\/\/nuevodigitaldeescobar.com.ar\/?p=14823","title":{"rendered":"El Dibu Mart\u00ednez est\u00e1 en el radar del Atl\u00e9tico Madrid"},"content":{"rendered":"\n<p>Durante las \u00faltimas semanas, en Inglaterra comenz\u00f3 a circular informaci\u00f3n sobre \u00a0<strong>la posible salida de<\/strong>\u00a0 <a href=\"https:\/\/derechadiario.com.ar\/deportes\/dos-gigantes-europeos-tendrian-carpeta-al-dibu-martinez-para-proxima-temporada\" title=\"Dos gigantes europeos tendr\u00edan en carpeta al Dibu Mart\u00ednez para la pr\u00f3xima temporada\"><strong>Emiliano Mart\u00ednez<\/strong><\/a>\u00a0del\u00a0Aston Villa para la pr\u00f3xima temporada. Sus l\u00e1grimas tras el triunfo frente a Tottenham alimentaron las especulaciones, y con el paso de los d\u00edas fue ganando terreno un supuesto inter\u00e9s por parte de <strong>Barcelona<\/strong>.<\/p>\n<p>Tras haberse consagrado campe\u00f3n en LaLiga, <strong>el conjunto Cul\u00e9 estar\u00eda en la b\u00fasqueda de un arquero que pueda competir de igual a igual con Wojciech Szcz\u0119sny<\/strong>, ya que <strong>es muy probable que Marc-Andr\u00e9 ter Stegen haga las valijas rumbo al f\u00fatbol saud\u00ed<\/strong>. Sin embargo, el marplatense no es el \u00fanico en carpeta, ya que\u00a0<strong>Diogo Costa<\/strong>, actualmente en <strong>Porto<\/strong>, y <strong>Joan Garc\u00eda<\/strong>, que milita en <strong>Espanyol<\/strong>, tambi\u00e9n figuran como opciones.<\/p>\n<div class=\"inter_image image_horizontal\">\n<div>\n<span class=\"img_footer\">Costa y Garc\u00eda son las alternativas de los Cul\u00e9s <\/span>|\n<\/div>\n<p>M\u00e1s all\u00e1 de esta chance de llegar a Barcelona, tanto el periodista <strong>Gast\u00f3n Edul<\/strong> como el diario AS se\u00f1alaron que desde <strong><a href=\"https:\/\/derechadiario.com.ar\/deportes\/golazo-tiro-libre-y-doblete-julian-alvarez-brillo-goleada-del-atletico\" title=\"Golazo de tiro libre y doblete: Juli\u00e1n \u00c1lvarez brill\u00f3 en la goleada del Atl\u00e9tico\">Atl\u00e9tico de Madrid<\/a> tambi\u00e9n tienen en la mira a Dibu<\/strong>, ya que considera<strong>n posible la salida de Jan Oblak<\/strong> si aparece una oferta irresistible\u00a0desde lo econ\u00f3mico. Incluso, <strong>fue el propio Diego Simeone quien se comunic\u00f3 con el arquero tras el Mundial de Qatar 2022<\/strong>, aunque en ese entonces nunca se formaliz\u00f3 ninguna propuesta ante los directivos de Aston Villa, quienes ya estar\u00edan buscando su reemplazo.<\/p>\n<p>Por otro lado, el <a href=\"https:\/\/derechadiario.com.ar\/deportes\/grande-inglaterra-estaria-dispuesto-pagar-clausula-franco-mastantuono\" title=\"Un grande de Inglaterra estar\u00eda dispuesto a pagar la cl\u00e1usula de Franco Mastantuono\"><strong>Manchester United<\/strong><\/a> tambi\u00e9n podr\u00eda sumarse a la puja por el ex Getafe y Arsenal. Tras una <strong>temporada decepcionante de Andr\u00e9 Onana<\/strong>, y mientras se ultiman detalles para fichar a <strong>Matheus Cunha<\/strong>, los dirigidos por R\u00faben Amorim estar\u00edan en la b\u00fasqueda de un nuevo arquero.<\/p>\n<p>A pesar de\u00a0todos los clubes\u00a0interesados, <strong>no hubo un solo contacto con el argentino ni con el equipo<\/strong>. Los \u00fanicos que se comunicaron fueron los clubes saud\u00edes, aunque nuevamente fueron rechazados, ya que el deseo del arquero ese seguir en Europa.<\/p>\n<h2><strong>El arquero que busca Aston Villa para reemplazar a Dibu Mart\u00ednez<\/strong><\/h2>\n<p><strong>En Inglaterra dan por descartado que Dibu cambiar\u00e1 de club<\/strong> y su actual equipo es consciente de ello. Por eso, ya trabajan en su reemplazo con un nombre que empieza a sonar con fuerza. Seg\u00fan inform\u00f3 el periodista especializado <strong>Fabrizio Romano<\/strong>, el principal apuntado es el mismo\u00a0<strong>Joan Garc\u00eda<\/strong>.<\/p>\n<p>\u00ab<strong><em>El arquero de Espanyol de Barcelona, de apenas 24 a\u00f1os, es el gran objetivo de los Villanos<\/em><\/strong>\u00ab, que deber\u00e1n competir con otros clubes importantes del continente para ficharlo. \u00ab<strong><em>El Villa es uno de los varios clubes interesados, con una carrera abierta por delante<\/em><\/strong>\u00ab, inform\u00f3 el corresponsal en sus redes.<\/p>\n<p><a \n","protected":false},"excerpt":{"rendered":"<p>Durante las \u00faltimas semanas, en Inglaterra comenz\u00f3 a circular informaci\u00f3n sobre \u00a0la posible salida de\u00a0 Emiliano Mart\u00ednez\u00a0del\u00a0Aston Villa para la pr\u00f3xima temporada. Sus l\u00e1grimas tras [&hellip;]<\/p>\n","protected":false},"author":1,"featured_media":14824,"comment_status":"open","ping_status":"open","sticky":false,"template":"","format":"standard","meta":{"footnotes":""},"categories":[8],"tags":[],"class_list":["post-14823","post","type-post","status-publish","format-standard","has-post-thumbnail","hentry","category-deportes"],"better_featured_image":{"id":14824,"alt_text":"","caption":"","description":"","media_type":"image","media_details":{"width":1600,"height":1067,"file":"2025\/05\/3-8-1747773033569_1600_1067-dUMRw1.jpeg","filesize":104905,"sizes":{"medium":{"file":"3-8-1747773033569_1600_1067-dUMRw1-300x200.jpeg","width":300,"height":200,"mime-type":"image\/jpeg","filesize":13592,"source_url":"https:\/\/nuevodigitaldeescobar.com.ar\/wp-content\/uploads\/2025\/05\/3-8-1747773033569_1600_1067-dUMRw1-300x200.jpeg"},"large":{"file":"3-8-1747773033569_1600_1067-dUMRw1-1024x683.jpeg","width":1024,"height":683,"mime-type":"image\/jpeg","filesize":81659,"source_url":"https:\/\/nuevodigitaldeescobar.com.ar\/wp-content\/uploads\/2025\/05\/3-8-1747773033569_1600_1067-dUMRw1-1024x683.jpeg"},"thumbnail":{"file":"3-8-1747773033569_1600_1067-dUMRw1-150x150.jpeg","width":150,"height":150,"mime-type":"image\/jpeg","filesize":6714,"source_url":"https:\/\/nuevodigitaldeescobar.com.ar\/wp-content\/uploads\/2025\/05\/3-8-1747773033569_1600_1067-dUMRw1-150x150.jpeg"},"medium_large":{"file":"3-8-1747773033569_1600_1067-dUMRw1-768x512.jpeg","width":768,"height":512,"mime-type":"image\/jpeg","filesize":54086,"source_url":"https:\/\/nuevodigitaldeescobar.com.ar\/wp-content\/uploads\/2025\/05\/3-8-1747773033569_1600_1067-dUMRw1-768x512.jpeg"},"1536x1536":{"file":"3-8-1747773033569_1600_1067-dUMRw1-1536x1024.jpeg","width":1536,"height":1024,"mime-type":"image\/jpeg","filesize":144495,"source_url":"https:\/\/nuevodigitaldeescobar.com.ar\/wp-content\/uploads\/2025\/05\/3-8-1747773033569_1600_1067-dUMRw1-1536x1024.jpeg"}},"image_meta":{"aperture":"0","credit":"","camera":"","caption":"","created_timestamp":"0","copyright":"","focal_length":"0","iso":"0","shutter_speed":"0","title":"","orientation":"0","keywords":[]}},"post":14823,"source_url":"https:\/\/nuevodigitaldeescobar.com.ar\/wp-content\/uploads\/2025\/05\/3-8-1747773033569_1600_1067-dUMRw1.jpeg"},"yoast_head":"<!-- This site is optimized with the Yoast SEO plugin v26.1.1 - https:\/\/yoast.com\/wordpress\/plugins\/seo\/ -->\n<title>El Dibu Mart\u00ednez est\u00e1 en el radar del Atl\u00e9tico Madrid - Nuevo Digital de Escobar<\/title>\n<meta name=\"robots\" content=\"index, follow, max-snippet:-1, max-image-preview:large, max-video-preview:-1\" \/>\n<link rel=\"canonical\" href=\"https:\/\/nuevodigitaldeescobar.com.ar\/?p=14823\" \/>\n<meta property=\"og:locale\" content=\"es_ES\" \/>\n<meta property=\"og:type\" content=\"article\" \/>\n<meta property=\"og:title\" content=\"El Dibu Mart\u00ednez est\u00e1 en el radar del Atl\u00e9tico Madrid - Nuevo Digital de Escobar\" \/>\n<meta property=\"og:description\" content=\"Durante las \u00faltimas semanas, en Inglaterra comenz\u00f3 a circular informaci\u00f3n sobre \u00a0la posible salida de\u00a0 Emiliano Mart\u00ednez\u00a0del\u00a0Aston Villa para la pr\u00f3xima temporada. Sus l\u00e1grimas tras [&hellip;]\" \/>\n<meta property=\"og:url\" content=\"https:\/\/nuevodigitaldeescobar.com.ar\/?p=14823\" \/>\n<meta property=\"og:site_name\" content=\"Nuevo Digital de Escobar\" \/>\n<meta property=\"article:publisher\" content=\"https:\/\/www.facebook.com\/NUEVODigitalDeEscobar\" \/>\n<meta property=\"article:published_time\" content=\"2025-05-20T21:20:25+00:00\" \/>\n<meta property=\"article:modified_time\" content=\"2025-05-20T23:46:22+00:00\" \/>\n<meta property=\"og:image\" content=\"https:\/\/nuevodigitaldeescobar.com.ar\/wp-content\/uploads\/2025\/05\/3-8-1747773033569_1600_1067-dUMRw1.jpeg\" \/>\n\t<meta property=\"og:image:width\" content=\"1600\" \/>\n\t<meta property=\"og:image:height\" content=\"1067\" \/>\n\t<meta property=\"og:image:type\" content=\"image\/jpeg\" \/>\n<meta name=\"author\" content=\"Redacci\u00f3n\" \/>\n<meta name=\"twitter:card\" content=\"summary_large_image\" \/>\n<meta name=\"twitter:creator\" content=\"@nuevodigescobar\" \/>\n<meta name=\"twitter:site\" content=\"@nuevodigescobar\" \/>\n<meta name=\"twitter:label1\" content=\"Escrito por\" \/>\n\t<meta name=\"twitter:data1\" content=\"Redacci\u00f3n\" \/>\n\t<meta name=\"twitter:label2\" content=\"Tiempo de lectura\" \/>\n\t<meta name=\"twitter:data2\" content=\"2 minutos\" \/>\n<script type=\"application\/ld+json\" class=\"yoast-schema-graph\">{\"@context\":\"https:\/\/schema.org\",\"@graph\":[{\"@type\":\"Article\",\"@id\":\"https:\/\/nuevodigitaldeescobar.com.ar\/?p=14823#article\",\"isPartOf\":{\"@id\":\"https:\/\/nuevodigitaldeescobar.com.ar\/?p=14823\"},\"author\":{\"name\":\"Redacci\u00f3n\",\"@id\":\"https:\/\/nuevodigitaldeescobar.com.ar\/#\/schema\/person\/035e90a8efe9a80e6eec22656ad6ea4c\"},\"headline\":\"El Dibu Mart\u00ednez est\u00e1 en el radar del Atl\u00e9tico Madrid\",\"datePublished\":\"2025-05-20T21:20:25+00:00\",\"dateModified\":\"2025-05-20T23:46:22+00:00\",\"mainEntityOfPage\":{\"@id\":\"https:\/\/nuevodigitaldeescobar.com.ar\/?p=14823\"},\"wordCount\":460,\"commentCount\":0,\"publisher\":{\"@id\":\"https:\/\/nuevodigitaldeescobar.com.ar\/#organization\"},\"image\":{\"@id\":\"https:\/\/nuevodigitaldeescobar.com.ar\/?p=14823#primaryimage\"},\"thumbnailUrl\":\"https:\/\/nuevodigitaldeescobar.com.ar\/wp-content\/uploads\/2025\/05\/3-8-1747773033569_1600_1067-dUMRw1.jpeg\",\"articleSection\":[\"Deportes\"],\"inLanguage\":\"es\",\"potentialAction\":[{\"@type\":\"CommentAction\",\"name\":\"Comment\",\"target\":[\"https:\/\/nuevodigitaldeescobar.com.ar\/?p=14823#respond\"]}]},{\"@type\":\"WebPage\",\"@id\":\"https:\/\/nuevodigitaldeescobar.com.ar\/?p=14823\",\"url\":\"https:\/\/nuevodigitaldeescobar.com.ar\/?p=14823\",\"name\":\"El Dibu Mart\u00ednez est\u00e1 en el radar del Atl\u00e9tico Madrid - Nuevo Digital de Escobar\",\"isPartOf\":{\"@id\":\"https:\/\/nuevodigitaldeescobar.com.ar\/#website\"},\"primaryImageOfPage\":{\"@id\":\"https:\/\/nuevodigitaldeescobar.com.ar\/?p=14823#primaryimage\"},\"image\":{\"@id\":\"https:\/\/nuevodigitaldeescobar.com.ar\/?p=14823#primaryimage\"},\"thumbnailUrl\":\"https:\/\/nuevodigitaldeescobar.com.ar\/wp-content\/uploads\/2025\/05\/3-8-1747773033569_1600_1067-dUMRw1.jpeg\",\"datePublished\":\"2025-05-20T21:20:25+00:00\",\"dateModified\":\"2025-05-20T23:46:22+00:00\",\"breadcrumb\":{\"@id\":\"https:\/\/nuevodigitaldeescobar.com.ar\/?p=14823#breadcrumb\"},\"inLanguage\":\"es\",\"potentialAction\":[{\"@type\":\"ReadAction\",\"target\":[\"https:\/\/nuevodigitaldeescobar.com.ar\/?p=14823\"]}]},{\"@type\":\"ImageObject\",\"inLanguage\":\"es\",\"@id\":\"https:\/\/nuevodigitaldeescobar.com.ar\/?p=14823#primaryimage\",\"url\":\"https:\/\/nuevodigitaldeescobar.com.ar\/wp-content\/uploads\/2025\/05\/3-8-1747773033569_1600_1067-dUMRw1.jpeg\",\"contentUrl\":\"https:\/\/nuevodigitaldeescobar.com.ar\/wp-content\/uploads\/2025\/05\/3-8-1747773033569_1600_1067-dUMRw1.jpeg\",\"width\":1600,\"height\":1067},{\"@type\":\"BreadcrumbList\",\"@id\":\"https:\/\/nuevodigitaldeescobar.com.ar\/?p=14823#breadcrumb\",\"itemListElement\":[{\"@type\":\"ListItem\",\"position\":1,\"name\":\"Portada\",\"item\":\"https:\/\/nuevodigitaldeescobar.com.ar\/\"},{\"@type\":\"ListItem\",\"position\":2,\"name\":\"El Dibu Mart\u00ednez est\u00e1 en el radar del Atl\u00e9tico Madrid\"}]},{\"@type\":\"WebSite\",\"@id\":\"https:\/\/nuevodigitaldeescobar.com.ar\/#website\",\"url\":\"https:\/\/nuevodigitaldeescobar.com.ar\/\",\"name\":\"Nuevo Digital de Escobar\",\"description\":\"La vida escobarense. Directora: Rosana Brunner\",\"publisher\":{\"@id\":\"https:\/\/nuevodigitaldeescobar.com.ar\/#organization\"},\"potentialAction\":[{\"@type\":\"SearchAction\",\"target\":{\"@type\":\"EntryPoint\",\"urlTemplate\":\"https:\/\/nuevodigitaldeescobar.com.ar\/?s={search_term_string}\"},\"query-input\":{\"@type\":\"PropertyValueSpecification\",\"valueRequired\":true,\"valueName\":\"search_term_string\"}}],\"inLanguage\":\"es\"},{\"@type\":\"Organization\",\"@id\":\"https:\/\/nuevodigitaldeescobar.com.ar\/#organization\",\"name\":\"Nuevo Digital de Escobar\",\"url\":\"https:\/\/nuevodigitaldeescobar.com.ar\/\",\"logo\":{\"@type\":\"ImageObject\",\"inLanguage\":\"es\",\"@id\":\"https:\/\/nuevodigitaldeescobar.com.ar\/#\/schema\/logo\/image\/\",\"url\":\"https:\/\/nuevodigitaldeescobar.com.ar\/wp-content\/uploads\/2025\/05\/cropped-logo-nuevo2.jpg\",\"contentUrl\":\"https:\/\/nuevodigitaldeescobar.com.ar\/wp-content\/uploads\/2025\/05\/cropped-logo-nuevo2.jpg\",\"width\":305,\"height\":305,\"caption\":\"Nuevo Digital de Escobar\"},\"image\":{\"@id\":\"https:\/\/nuevodigitaldeescobar.com.ar\/#\/schema\/logo\/image\/\"},\"sameAs\":[\"https:\/\/www.facebook.com\/NUEVODigitalDeEscobar\",\"https:\/\/x.com\/nuevodigescobar\",\"https:\/\/www.instagram.com\/nuevodigitaldeescobar\"]},{\"@type\":\"Person\",\"@id\":\"https:\/\/nuevodigitaldeescobar.com.ar\/#\/schema\/person\/035e90a8efe9a80e6eec22656ad6ea4c\",\"name\":\"Redacci\u00f3n\",\"image\":{\"@type\":\"ImageObject\",\"inLanguage\":\"es\",\"@id\":\"https:\/\/nuevodigitaldeescobar.com.ar\/#\/schema\/person\/image\/\",\"url\":\"https:\/\/secure.gravatar.com\/avatar\/8af8f40000c24e9eef3034f2be5998a372bb1389e64b1a4a36b3a7979142220d?s=96&d=mm&r=g\",\"contentUrl\":\"https:\/\/secure.gravatar.com\/avatar\/8af8f40000c24e9eef3034f2be5998a372bb1389e64b1a4a36b3a7979142220d?s=96&d=mm&r=g\",\"caption\":\"Redacci\u00f3n\"},\"sameAs\":[\"http:\/\/nuevodigitaldeescobar.com.ar\"],\"url\":\"https:\/\/nuevodigitaldeescobar.com.ar\/?author=1\"}]}<\/script>\n<!-- \/ Yoast SEO plugin. -->","yoast_head_json":{"title":"El Dibu Mart\u00ednez est\u00e1 en el radar del Atl\u00e9tico Madrid - Nuevo Digital de Escobar","robots":{"index":"index","follow":"follow","max-snippet":"max-snippet:-1","max-image-preview":"max-image-preview:large","max-video-preview":"max-video-preview:-1"},"canonical":"https:\/\/nuevodigitaldeescobar.com.ar\/?p=14823","og_locale":"es_ES","og_type":"article","og_title":"El Dibu Mart\u00ednez est\u00e1 en el radar del Atl\u00e9tico Madrid - Nuevo Digital de Escobar","og_description":"Durante las \u00faltimas semanas, en Inglaterra comenz\u00f3 a circular informaci\u00f3n sobre \u00a0la posible salida de\u00a0 Emiliano Mart\u00ednez\u00a0del\u00a0Aston Villa para la pr\u00f3xima temporada. Sus l\u00e1grimas tras [&hellip;]","og_url":"https:\/\/nuevodigitaldeescobar.com.ar\/?p=14823","og_site_name":"Nuevo Digital de Escobar","article_publisher":"https:\/\/www.facebook.com\/NUEVODigitalDeEscobar","article_published_time":"2025-05-20T21:20:25+00:00","article_modified_time":"2025-05-20T23:46:22+00:00","og_image":[{"width":1600,"height":1067,"url":"https:\/\/nuevodigitaldeescobar.com.ar\/wp-content\/uploads\/2025\/05\/3-8-1747773033569_1600_1067-dUMRw1.jpeg","type":"image\/jpeg"}],"author":"Redacci\u00f3n","twitter_card":"summary_large_image","twitter_creator":"@nuevodigescobar","twitter_site":"@nuevodigescobar","twitter_misc":{"Escrito por":"Redacci\u00f3n","Tiempo de lectura":"2 minutos"},"schema":{"@context":"https:\/\/schema.org","@graph":[{"@type":"Article","@id":"https:\/\/nuevodigitaldeescobar.com.ar\/?p=14823#article","isPartOf":{"@id":"https:\/\/nuevodigitaldeescobar.com.ar\/?p=14823"},"author":{"name":"Redacci\u00f3n","@id":"https:\/\/nuevodigitaldeescobar.com.ar\/#\/schema\/person\/035e90a8efe9a80e6eec22656ad6ea4c"},"headline":"El Dibu Mart\u00ednez est\u00e1 en el radar del Atl\u00e9tico Madrid","datePublished":"2025-05-20T21:20:25+00:00","dateModified":"2025-05-20T23:46:22+00:00","mainEntityOfPage":{"@id":"https:\/\/nuevodigitaldeescobar.com.ar\/?p=14823"},"wordCount":460,"commentCount":0,"publisher":{"@id":"https:\/\/nuevodigitaldeescobar.com.ar\/#organization"},"image":{"@id":"https:\/\/nuevodigitaldeescobar.com.ar\/?p=14823#primaryimage"},"thumbnailUrl":"https:\/\/nuevodigitaldeescobar.com.ar\/wp-content\/uploads\/2025\/05\/3-8-1747773033569_1600_1067-dUMRw1.jpeg","articleSection":["Deportes"],"inLanguage":"es","potentialAction":[{"@type":"CommentAction","name":"Comment","target":["https:\/\/nuevodigitaldeescobar.com.ar\/?p=14823#respond"]}]},{"@type":"WebPage","@id":"https:\/\/nuevodigitaldeescobar.com.ar\/?p=14823","url":"https:\/\/nuevodigitaldeescobar.com.ar\/?p=14823","name":"El Dibu Mart\u00ednez est\u00e1 en el radar del Atl\u00e9tico Madrid - Nuevo Digital de Escobar","isPartOf":{"@id":"https:\/\/nuevodigitaldeescobar.com.ar\/#website"},"primaryImageOfPage":{"@id":"https:\/\/nuevodigitaldeescobar.com.ar\/?p=14823#primaryimage"},"image":{"@id":"https:\/\/nuevodigitaldeescobar.com.ar\/?p=14823#primaryimage"},"thumbnailUrl":"https:\/\/nuevodigitaldeescobar.com.ar\/wp-content\/uploads\/2025\/05\/3-8-1747773033569_1600_1067-dUMRw1.jpeg","datePublished":"2025-05-20T21:20:25+00:00","dateModified":"2025-05-20T23:46:22+00:00","breadcrumb":{"@id":"https:\/\/nuevodigitaldeescobar.com.ar\/?p=14823#breadcrumb"},"inLanguage":"es","potentialAction":[{"@type":"ReadAction","target":["https:\/\/nuevodigitaldeescobar.com.ar\/?p=14823"]}]},{"@type":"ImageObject","inLanguage":"es","@id":"https:\/\/nuevodigitaldeescobar.com.ar\/?p=14823#primaryimage","url":"https:\/\/nuevodigitaldeescobar.com.ar\/wp-content\/uploads\/2025\/05\/3-8-1747773033569_1600_1067-dUMRw1.jpeg","contentUrl":"https:\/\/nuevodigitaldeescobar.com.ar\/wp-content\/uploads\/2025\/05\/3-8-1747773033569_1600_1067-dUMRw1.jpeg","width":1600,"height":1067},{"@type":"BreadcrumbList","@id":"https:\/\/nuevodigitaldeescobar.com.ar\/?p=14823#breadcrumb","itemListElement":[{"@type":"ListItem","position":1,"name":"Portada","item":"https:\/\/nuevodigitaldeescobar.com.ar\/"},{"@type":"ListItem","position":2,"name":"El Dibu Mart\u00ednez est\u00e1 en el radar del Atl\u00e9tico Madrid"}]},{"@type":"WebSite","@id":"https:\/\/nuevodigitaldeescobar.com.ar\/#website","url":"https:\/\/nuevodigitaldeescobar.com.ar\/","name":"Nuevo Digital de Escobar","description":"La vida escobarense. Directora: Rosana Brunner","publisher":{"@id":"https:\/\/nuevodigitaldeescobar.com.ar\/#organization"},"potentialAction":[{"@type":"SearchAction","target":{"@type":"EntryPoint","urlTemplate":"https:\/\/nuevodigitaldeescobar.com.ar\/?s={search_term_string}"},"query-input":{"@type":"PropertyValueSpecification","valueRequired":true,"valueName":"search_term_string"}}],"inLanguage":"es"},{"@type":"Organization","@id":"https:\/\/nuevodigitaldeescobar.com.ar\/#organization","name":"Nuevo Digital de Escobar","url":"https:\/\/nuevodigitaldeescobar.com.ar\/","logo":{"@type":"ImageObject","inLanguage":"es","@id":"https:\/\/nuevodigitaldeescobar.com.ar\/#\/schema\/logo\/image\/","url":"https:\/\/nuevodigitaldeescobar.com.ar\/wp-content\/uploads\/2025\/05\/cropped-logo-nuevo2.jpg","contentUrl":"https:\/\/nuevodigitaldeescobar.com.ar\/wp-content\/uploads\/2025\/05\/cropped-logo-nuevo2.jpg","width":305,"height":305,"caption":"Nuevo Digital de Escobar"},"image":{"@id":"https:\/\/nuevodigitaldeescobar.com.ar\/#\/schema\/logo\/image\/"},"sameAs":["https:\/\/www.facebook.com\/NUEVODigitalDeEscobar","https:\/\/x.com\/nuevodigescobar","https:\/\/www.instagram.com\/nuevodigitaldeescobar"]},{"@type":"Person","@id":"https:\/\/nuevodigitaldeescobar.com.ar\/#\/schema\/person\/035e90a8efe9a80e6eec22656ad6ea4c","name":"Redacci\u00f3n","image":{"@type":"ImageObject","inLanguage":"es","@id":"https:\/\/nuevodigitaldeescobar.com.ar\/#\/schema\/person\/image\/","url":"https:\/\/secure.gravatar.com\/avatar\/8af8f40000c24e9eef3034f2be5998a372bb1389e64b1a4a36b3a7979142220d?s=96&d=mm&r=g","contentUrl":"https:\/\/secure.gravatar.com\/avatar\/8af8f40000c24e9eef3034f2be5998a372bb1389e64b1a4a36b3a7979142220d?s=96&d=mm&r=g","caption":"Redacci\u00f3n"},"sameAs":["http:\/\/nuevodigitaldeescobar.com.ar"],"url":"https:\/\/nuevodigitaldeescobar.com.ar\/?author=1"}]}},"featured_image_urls":{"full":["https:\/\/nuevodigitaldeescobar.com.ar\/wp-content\/uploads\/2025\/05\/3-8-1747773033569_1600_1067-dUMRw1.jpeg",1600,1067,false],"thumbnail":["https:\/\/nuevodigitaldeescobar.com.ar\/wp-content\/uploads\/2025\/05\/3-8-1747773033569_1600_1067-dUMRw1-150x150.jpeg",150,150,true],"medium":["https:\/\/nuevodigitaldeescobar.com.ar\/wp-content\/uploads\/2025\/05\/3-8-1747773033569_1600_1067-dUMRw1-300x200.jpeg",300,200,true],"medium_large":["https:\/\/nuevodigitaldeescobar.com.ar\/wp-content\/uploads\/2025\/05\/3-8-1747773033569_1600_1067-dUMRw1-768x512.jpeg",640,427,true],"large":["https:\/\/nuevodigitaldeescobar.com.ar\/wp-content\/uploads\/2025\/05\/3-8-1747773033569_1600_1067-dUMRw1-1024x683.jpeg",640,427,true],"1536x1536":["https:\/\/nuevodigitaldeescobar.com.ar\/wp-content\/uploads\/2025\/05\/3-8-1747773033569_1600_1067-dUMRw1-1536x1024.jpeg",1536,1024,true],"2048x2048":["https:\/\/nuevodigitaldeescobar.com.ar\/wp-content\/uploads\/2025\/05\/3-8-1747773033569_1600_1067-dUMRw1.jpeg",1600,1067,false]},"author_info":{"display_name":"Redacci\u00f3n","author_link":"https:\/\/nuevodigitaldeescobar.com.ar\/?author=1"},"category_info":"<a href=\"https:\/\/nuevodigitaldeescobar.com.ar\/?cat=8\" rel=\"category\">Deportes<\/a>","tag_info":"Deportes","comment_count":"0","_links":{"self":[{"href":"https:\/\/nuevodigitaldeescobar.com.ar\/index.php?rest_route=\/wp\/v2\/posts\/14823","targetHints":{"allow":["GET"]}}],"collection":[{"href":"https:\/\/nuevodigitaldeescobar.com.ar\/index.php?rest_route=\/wp\/v2\/posts"}],"about":[{"href":"https:\/\/nuevodigitaldeescobar.com.ar\/index.php?rest_route=\/wp\/v2\/types\/post"}],"author":[{"embeddable":true,"href":"https:\/\/nuevodigitaldeescobar.com.ar\/index.php?rest_route=\/wp\/v2\/users\/1"}],"replies":[{"embeddable":true,"href":"https:\/\/nuevodigitaldeescobar.com.ar\/index.php?rest_route=%2Fwp%2Fv2%2Fcomments&post=14823"}],"version-history":[{"count":1,"href":"https:\/\/nuevodigitaldeescobar.com.ar\/index.php?rest_route=\/wp\/v2\/posts\/14823\/revisions"}],"predecessor-version":[{"id":14828,"href":"https:\/\/nuevodigitaldeescobar.com.ar\/index.php?rest_route=\/wp\/v2\/posts\/14823\/revisions\/14828"}],"wp:featuredmedia":[{"embeddable":true,"href":"https:\/\/nuevodigitaldeescobar.com.ar\/index.php?rest_route=\/wp\/v2\/media\/14824"}],"wp:attachment":[{"href":"https:\/\/nuevodigitaldeescobar.com.ar\/index.php?rest_route=%2Fwp%2Fv2%2Fmedia&parent=14823"}],"wp:term":[{"taxonomy":"category","embeddable":true,"href":"https:\/\/nuevodigitaldeescobar.com.ar\/index.php?rest_route=%2Fwp%2Fv2%2Fcategories&post=14823"},{"taxonomy":"post_tag","embeddable":true,"href":"https:\/\/nuevodigitaldeescobar.com.ar\/index.php?rest_route=%2Fwp%2Fv2%2Ftags&post=14823"}],"curies":[{"name":"wp","href":"https:\/\/api.w.org\/{rel}","templated":true}]}}