{"id":14833,"date":"2025-05-21T01:11:00","date_gmt":"2025-05-21T04:11:00","guid":{"rendered":"https:\/\/nuevodigitaldeescobar.com.ar\/?p=14833"},"modified":"2025-05-21T02:13:26","modified_gmt":"2025-05-21T05:13:26","slug":"milei-insistio-en-un-acuerdo-con-el-pro-para-ganarle-al-kirchnerismo-en-la-provincia-nosotros-solos-les-ganamos-pero-por-poquito","status":"publish","type":"post","link":"https:\/\/nuevodigitaldeescobar.com.ar\/?p=14833","title":{"rendered":"Milei insisti\u00f3 en un acuerdo con el PRO para ganarle al kirchnerismo en la provincia: \u201cNosotros solos les ganamos, pero por poquito\u201d"},"content":{"rendered":"\n<p class=\"has-vivid-cyan-blue-color has-text-color has-link-color wp-elements-415a8681d7adbc9821d585a5b5f568ef\"><em><strong>El presidente Javier Milei volvi\u00f3 a marcar su inter\u00e9s en sellar un acuerdo pol\u00edtico con el PRO en la provincia de Buenos Aires, de cara a las elecciones del 7 de septiembre. En una entrevista televisiva, el mandatario asegur\u00f3 que, si bien La Libertad Avanza puede vencer al kirchnerismo por su cuenta, lo har\u00eda \u201cpor muy poquito\u201d, y advirti\u00f3 que no quiere dejar margen al \u201cerror estad\u00edstico\u201d.<\/strong><\/em><\/p>\n\n\n\n<!--more-->\n\n\n\n<p><em>\u201cSi vamos juntos, ganamos por m\u00e1s de 10 puntos. Y yo quiero ganar, si fuera por m\u00ed, 70 a 30\u201d<\/em>, afirm\u00f3 en di\u00e1logo con Luis Majul por LN+, al tiempo que desliz\u00f3 una nueva cr\u00edtica a Mauricio Macri por la estrategia electoral en la Ciudad de Buenos Aires.<\/p>\n\n\n\n<p>En ese marco, Milei se\u00f1al\u00f3 que el eventual acuerdo con el PRO ser\u00eda <em>\u201cvioleta\u201d<\/em>, el color que identifica a La Libertad Avanza, y que el objetivo no es fusionar espacios sino sumar voluntades que compartan la agenda de <em>\u201clas ideas de la libertad\u201d<\/em>.<\/p>\n\n\n\n<p><em>\u201cLa clave es no poner en riesgo una victoria en la provincia de Buenos Aires. De cinco elecciones, los violetas ganaron cinco. Recibimos a todos los que est\u00e9n dispuestos a abrazar las ideas de la libertad\u201d<\/em>, asegur\u00f3.<\/p>\n\n\n\n<p>Aunque aclar\u00f3 que no rompi\u00f3 con Mauricio Macri, el jefe de Estado lament\u00f3 la decisi\u00f3n del PRO de desdoblar los comicios en la Ciudad: <em>\u201cFue un error letal. No se puede saturar a la gente con tantas elecciones. Nosotros dijimos que, si \u00edbamos juntos, era en todos lados\u201d<\/em>.<\/p>\n\n\n\n<p>Milei tambi\u00e9n cuestion\u00f3 la campa\u00f1a del PRO en CABA: <em>\u201cHablan de m\u00e1s obra p\u00fablica, que es una fuente de corrupci\u00f3n, y de bajar impuestos sin achicar el Estado. Eso es inconsistente\u201d<\/em>.<\/p>\n\n\n\n<p>Respecto de Macri, sostuvo: \u201c<em>No lo saqu\u00e9, es el lugar donde \u00e9l decidi\u00f3 ponerse. Si se posiciona en las ideas socialistas para defender vaya a saber qu\u00e9 en la Ciudad, que explique cu\u00e1l es la diferencia. La mayor\u00eda de los dirigentes del PRO ya trabajan con nosotros y abrazan las ideas de la libertad\u201d<\/em>.<\/p>\n\n\n\n<p>Por otro lado, el Presidente volvi\u00f3 a destacar el rol de su hermana, Karina Milei: <em>\u201cLa han subestimado siempre y ella contesta con resultados. Si no fuera por ella, no ser\u00eda diputado, ni presidente, ni seguir\u00eda dando conferencias\u201d<\/em>.<\/p>\n\n\n\n<p>Finalmente, Milei se refiri\u00f3 a las recientes inundaciones en el norte bonaerense, y apunt\u00f3 directamente contra la gesti\u00f3n de Axel Kicillof: <em>\u201cLa provincia fue gobernada por el peronismo, campeones de la justicia social y la obra p\u00fablica. Prometieron las obras, no las hicieron y estafaron a la gente\u201d<\/em>.<\/p>\n\n\n\n<p>Y cerr\u00f3: <em>\u201cEstamos trabajando para enviar ayuda a los afectados, algo que deber\u00eda hacer el in\u00fatil del gobernador, pero como es un in\u00fatil, no vamos a dejar a la gente varada\u201d<\/em>.<\/p>\n","protected":false},"excerpt":{"rendered":"<p>El presidente Javier Milei volvi\u00f3 a marcar su inter\u00e9s en sellar un acuerdo pol\u00edtico con el PRO en la provincia de Buenos Aires, de cara [&hellip;]<\/p>\n","protected":false},"author":1,"featured_media":14834,"comment_status":"open","ping_status":"open","sticky":false,"template":"","format":"standard","meta":{"footnotes":""},"categories":[6],"tags":[],"class_list":["post-14833","post","type-post","status-publish","format-standard","has-post-thumbnail","hentry","category-politica"],"better_featured_image":{"id":14834,"alt_text":"","caption":"","description":"","media_type":"image","media_details":{"width":992,"height":558,"file":"2025\/05\/llapro2.png","filesize":911513,"sizes":{"medium":{"file":"llapro2-300x169.png","width":300,"height":169,"mime-type":"image\/png","filesize":77770,"source_url":"https:\/\/nuevodigitaldeescobar.com.ar\/wp-content\/uploads\/2025\/05\/llapro2-300x169.png"},"thumbnail":{"file":"llapro2-150x150.png","width":150,"height":150,"mime-type":"image\/png","filesize":34413,"source_url":"https:\/\/nuevodigitaldeescobar.com.ar\/wp-content\/uploads\/2025\/05\/llapro2-150x150.png"},"medium_large":{"file":"llapro2-768x432.png","width":768,"height":432,"mime-type":"image\/png","filesize":382112,"source_url":"https:\/\/nuevodigitaldeescobar.com.ar\/wp-content\/uploads\/2025\/05\/llapro2-768x432.png"}},"image_meta":{"aperture":"0","credit":"","camera":"","caption":"","created_timestamp":"0","copyright":"","focal_length":"0","iso":"0","shutter_speed":"0","title":"","orientation":"0","keywords":[]}},"post":14833,"source_url":"https:\/\/nuevodigitaldeescobar.com.ar\/wp-content\/uploads\/2025\/05\/llapro2.png"},"yoast_head":"<!-- This site is optimized with the Yoast SEO plugin v26.1.1 - https:\/\/yoast.com\/wordpress\/plugins\/seo\/ -->\n<title>Milei insisti\u00f3 en un acuerdo con el PRO para ganarle al kirchnerismo en la provincia: \u201cNosotros solos les ganamos, pero por poquito\u201d - Nuevo Digital de Escobar<\/title>\n<meta name=\"robots\" content=\"index, follow, max-snippet:-1, max-image-preview:large, max-video-preview:-1\" \/>\n<link rel=\"canonical\" href=\"https:\/\/nuevodigitaldeescobar.com.ar\/?p=14833\" \/>\n<meta property=\"og:locale\" content=\"es_ES\" \/>\n<meta property=\"og:type\" content=\"article\" \/>\n<meta property=\"og:title\" content=\"Milei insisti\u00f3 en un acuerdo con el PRO para ganarle al kirchnerismo en la provincia: \u201cNosotros solos les ganamos, pero por poquito\u201d - Nuevo Digital de Escobar\" \/>\n<meta property=\"og:description\" content=\"El presidente Javier Milei volvi\u00f3 a marcar su inter\u00e9s en sellar un acuerdo pol\u00edtico con el PRO en la provincia de Buenos Aires, de cara [&hellip;]\" \/>\n<meta property=\"og:url\" content=\"https:\/\/nuevodigitaldeescobar.com.ar\/?p=14833\" \/>\n<meta property=\"og:site_name\" content=\"Nuevo Digital de Escobar\" \/>\n<meta property=\"article:publisher\" content=\"https:\/\/www.facebook.com\/NUEVODigitalDeEscobar\" \/>\n<meta property=\"article:published_time\" content=\"2025-05-21T04:11:00+00:00\" \/>\n<meta property=\"article:modified_time\" content=\"2025-05-21T05:13:26+00:00\" \/>\n<meta property=\"og:image\" content=\"https:\/\/nuevodigitaldeescobar.com.ar\/wp-content\/uploads\/2025\/05\/llapro2.png\" \/>\n\t<meta property=\"og:image:width\" content=\"992\" \/>\n\t<meta property=\"og:image:height\" content=\"558\" \/>\n\t<meta property=\"og:image:type\" content=\"image\/png\" \/>\n<meta name=\"author\" content=\"Redacci\u00f3n\" \/>\n<meta name=\"twitter:card\" content=\"summary_large_image\" \/>\n<meta name=\"twitter:creator\" content=\"@nuevodigescobar\" \/>\n<meta name=\"twitter:site\" content=\"@nuevodigescobar\" \/>\n<meta name=\"twitter:label1\" content=\"Escrito por\" \/>\n\t<meta name=\"twitter:data1\" content=\"Redacci\u00f3n\" \/>\n\t<meta name=\"twitter:label2\" content=\"Tiempo de lectura\" \/>\n\t<meta name=\"twitter:data2\" content=\"2 minutos\" \/>\n<script type=\"application\/ld+json\" class=\"yoast-schema-graph\">{\"@context\":\"https:\/\/schema.org\",\"@graph\":[{\"@type\":\"Article\",\"@id\":\"https:\/\/nuevodigitaldeescobar.com.ar\/?p=14833#article\",\"isPartOf\":{\"@id\":\"https:\/\/nuevodigitaldeescobar.com.ar\/?p=14833\"},\"author\":{\"name\":\"Redacci\u00f3n\",\"@id\":\"https:\/\/nuevodigitaldeescobar.com.ar\/#\/schema\/person\/035e90a8efe9a80e6eec22656ad6ea4c\"},\"headline\":\"Milei insisti\u00f3 en un acuerdo con el PRO para ganarle al kirchnerismo en la provincia: \u201cNosotros solos les ganamos, pero por poquito\u201d\",\"datePublished\":\"2025-05-21T04:11:00+00:00\",\"dateModified\":\"2025-05-21T05:13:26+00:00\",\"mainEntityOfPage\":{\"@id\":\"https:\/\/nuevodigitaldeescobar.com.ar\/?p=14833\"},\"wordCount\":488,\"commentCount\":0,\"publisher\":{\"@id\":\"https:\/\/nuevodigitaldeescobar.com.ar\/#organization\"},\"image\":{\"@id\":\"https:\/\/nuevodigitaldeescobar.com.ar\/?p=14833#primaryimage\"},\"thumbnailUrl\":\"https:\/\/nuevodigitaldeescobar.com.ar\/wp-content\/uploads\/2025\/05\/llapro2.png\",\"articleSection\":[\"Pol\u00edtica\"],\"inLanguage\":\"es\",\"potentialAction\":[{\"@type\":\"CommentAction\",\"name\":\"Comment\",\"target\":[\"https:\/\/nuevodigitaldeescobar.com.ar\/?p=14833#respond\"]}]},{\"@type\":\"WebPage\",\"@id\":\"https:\/\/nuevodigitaldeescobar.com.ar\/?p=14833\",\"url\":\"https:\/\/nuevodigitaldeescobar.com.ar\/?p=14833\",\"name\":\"Milei insisti\u00f3 en un acuerdo con el PRO para ganarle al kirchnerismo en la provincia: \u201cNosotros solos les ganamos, pero por poquito\u201d - Nuevo Digital de Escobar\",\"isPartOf\":{\"@id\":\"https:\/\/nuevodigitaldeescobar.com.ar\/#website\"},\"primaryImageOfPage\":{\"@id\":\"https:\/\/nuevodigitaldeescobar.com.ar\/?p=14833#primaryimage\"},\"image\":{\"@id\":\"https:\/\/nuevodigitaldeescobar.com.ar\/?p=14833#primaryimage\"},\"thumbnailUrl\":\"https:\/\/nuevodigitaldeescobar.com.ar\/wp-content\/uploads\/2025\/05\/llapro2.png\",\"datePublished\":\"2025-05-21T04:11:00+00:00\",\"dateModified\":\"2025-05-21T05:13:26+00:00\",\"breadcrumb\":{\"@id\":\"https:\/\/nuevodigitaldeescobar.com.ar\/?p=14833#breadcrumb\"},\"inLanguage\":\"es\",\"potentialAction\":[{\"@type\":\"ReadAction\",\"target\":[\"https:\/\/nuevodigitaldeescobar.com.ar\/?p=14833\"]}]},{\"@type\":\"ImageObject\",\"inLanguage\":\"es\",\"@id\":\"https:\/\/nuevodigitaldeescobar.com.ar\/?p=14833#primaryimage\",\"url\":\"https:\/\/nuevodigitaldeescobar.com.ar\/wp-content\/uploads\/2025\/05\/llapro2.png\",\"contentUrl\":\"https:\/\/nuevodigitaldeescobar.com.ar\/wp-content\/uploads\/2025\/05\/llapro2.png\",\"width\":992,\"height\":558},{\"@type\":\"BreadcrumbList\",\"@id\":\"https:\/\/nuevodigitaldeescobar.com.ar\/?p=14833#breadcrumb\",\"itemListElement\":[{\"@type\":\"ListItem\",\"position\":1,\"name\":\"Portada\",\"item\":\"https:\/\/nuevodigitaldeescobar.com.ar\/\"},{\"@type\":\"ListItem\",\"position\":2,\"name\":\"Milei insisti\u00f3 en un acuerdo con el PRO para ganarle al kirchnerismo en la provincia: \u201cNosotros solos les ganamos, pero por poquito\u201d\"}]},{\"@type\":\"WebSite\",\"@id\":\"https:\/\/nuevodigitaldeescobar.com.ar\/#website\",\"url\":\"https:\/\/nuevodigitaldeescobar.com.ar\/\",\"name\":\"Nuevo Digital de Escobar\",\"description\":\"La vida escobarense. Directora: Rosana Brunner\",\"publisher\":{\"@id\":\"https:\/\/nuevodigitaldeescobar.com.ar\/#organization\"},\"potentialAction\":[{\"@type\":\"SearchAction\",\"target\":{\"@type\":\"EntryPoint\",\"urlTemplate\":\"https:\/\/nuevodigitaldeescobar.com.ar\/?s={search_term_string}\"},\"query-input\":{\"@type\":\"PropertyValueSpecification\",\"valueRequired\":true,\"valueName\":\"search_term_string\"}}],\"inLanguage\":\"es\"},{\"@type\":\"Organization\",\"@id\":\"https:\/\/nuevodigitaldeescobar.com.ar\/#organization\",\"name\":\"Nuevo Digital de Escobar\",\"url\":\"https:\/\/nuevodigitaldeescobar.com.ar\/\",\"logo\":{\"@type\":\"ImageObject\",\"inLanguage\":\"es\",\"@id\":\"https:\/\/nuevodigitaldeescobar.com.ar\/#\/schema\/logo\/image\/\",\"url\":\"https:\/\/nuevodigitaldeescobar.com.ar\/wp-content\/uploads\/2025\/05\/cropped-logo-nuevo2.jpg\",\"contentUrl\":\"https:\/\/nuevodigitaldeescobar.com.ar\/wp-content\/uploads\/2025\/05\/cropped-logo-nuevo2.jpg\",\"width\":305,\"height\":305,\"caption\":\"Nuevo Digital de Escobar\"},\"image\":{\"@id\":\"https:\/\/nuevodigitaldeescobar.com.ar\/#\/schema\/logo\/image\/\"},\"sameAs\":[\"https:\/\/www.facebook.com\/NUEVODigitalDeEscobar\",\"https:\/\/x.com\/nuevodigescobar\",\"https:\/\/www.instagram.com\/nuevodigitaldeescobar\"]},{\"@type\":\"Person\",\"@id\":\"https:\/\/nuevodigitaldeescobar.com.ar\/#\/schema\/person\/035e90a8efe9a80e6eec22656ad6ea4c\",\"name\":\"Redacci\u00f3n\",\"image\":{\"@type\":\"ImageObject\",\"inLanguage\":\"es\",\"@id\":\"https:\/\/nuevodigitaldeescobar.com.ar\/#\/schema\/person\/image\/\",\"url\":\"https:\/\/secure.gravatar.com\/avatar\/8af8f40000c24e9eef3034f2be5998a372bb1389e64b1a4a36b3a7979142220d?s=96&d=mm&r=g\",\"contentUrl\":\"https:\/\/secure.gravatar.com\/avatar\/8af8f40000c24e9eef3034f2be5998a372bb1389e64b1a4a36b3a7979142220d?s=96&d=mm&r=g\",\"caption\":\"Redacci\u00f3n\"},\"sameAs\":[\"http:\/\/nuevodigitaldeescobar.com.ar\"],\"url\":\"https:\/\/nuevodigitaldeescobar.com.ar\/?author=1\"}]}<\/script>\n<!-- \/ Yoast SEO plugin. -->","yoast_head_json":{"title":"Milei insisti\u00f3 en un acuerdo con el PRO para ganarle al kirchnerismo en la provincia: \u201cNosotros solos les ganamos, pero por poquito\u201d - Nuevo Digital de Escobar","robots":{"index":"index","follow":"follow","max-snippet":"max-snippet:-1","max-image-preview":"max-image-preview:large","max-video-preview":"max-video-preview:-1"},"canonical":"https:\/\/nuevodigitaldeescobar.com.ar\/?p=14833","og_locale":"es_ES","og_type":"article","og_title":"Milei insisti\u00f3 en un acuerdo con el PRO para ganarle al kirchnerismo en la provincia: \u201cNosotros solos les ganamos, pero por poquito\u201d - Nuevo Digital de Escobar","og_description":"El presidente Javier Milei volvi\u00f3 a marcar su inter\u00e9s en sellar un acuerdo pol\u00edtico con el PRO en la provincia de Buenos Aires, de cara [&hellip;]","og_url":"https:\/\/nuevodigitaldeescobar.com.ar\/?p=14833","og_site_name":"Nuevo Digital de Escobar","article_publisher":"https:\/\/www.facebook.com\/NUEVODigitalDeEscobar","article_published_time":"2025-05-21T04:11:00+00:00","article_modified_time":"2025-05-21T05:13:26+00:00","og_image":[{"width":992,"height":558,"url":"https:\/\/nuevodigitaldeescobar.com.ar\/wp-content\/uploads\/2025\/05\/llapro2.png","type":"image\/png"}],"author":"Redacci\u00f3n","twitter_card":"summary_large_image","twitter_creator":"@nuevodigescobar","twitter_site":"@nuevodigescobar","twitter_misc":{"Escrito por":"Redacci\u00f3n","Tiempo de lectura":"2 minutos"},"schema":{"@context":"https:\/\/schema.org","@graph":[{"@type":"Article","@id":"https:\/\/nuevodigitaldeescobar.com.ar\/?p=14833#article","isPartOf":{"@id":"https:\/\/nuevodigitaldeescobar.com.ar\/?p=14833"},"author":{"name":"Redacci\u00f3n","@id":"https:\/\/nuevodigitaldeescobar.com.ar\/#\/schema\/person\/035e90a8efe9a80e6eec22656ad6ea4c"},"headline":"Milei insisti\u00f3 en un acuerdo con el PRO para ganarle al kirchnerismo en la provincia: \u201cNosotros solos les ganamos, pero por poquito\u201d","datePublished":"2025-05-21T04:11:00+00:00","dateModified":"2025-05-21T05:13:26+00:00","mainEntityOfPage":{"@id":"https:\/\/nuevodigitaldeescobar.com.ar\/?p=14833"},"wordCount":488,"commentCount":0,"publisher":{"@id":"https:\/\/nuevodigitaldeescobar.com.ar\/#organization"},"image":{"@id":"https:\/\/nuevodigitaldeescobar.com.ar\/?p=14833#primaryimage"},"thumbnailUrl":"https:\/\/nuevodigitaldeescobar.com.ar\/wp-content\/uploads\/2025\/05\/llapro2.png","articleSection":["Pol\u00edtica"],"inLanguage":"es","potentialAction":[{"@type":"CommentAction","name":"Comment","target":["https:\/\/nuevodigitaldeescobar.com.ar\/?p=14833#respond"]}]},{"@type":"WebPage","@id":"https:\/\/nuevodigitaldeescobar.com.ar\/?p=14833","url":"https:\/\/nuevodigitaldeescobar.com.ar\/?p=14833","name":"Milei insisti\u00f3 en un acuerdo con el PRO para ganarle al kirchnerismo en la provincia: \u201cNosotros solos les ganamos, pero por poquito\u201d - Nuevo Digital de Escobar","isPartOf":{"@id":"https:\/\/nuevodigitaldeescobar.com.ar\/#website"},"primaryImageOfPage":{"@id":"https:\/\/nuevodigitaldeescobar.com.ar\/?p=14833#primaryimage"},"image":{"@id":"https:\/\/nuevodigitaldeescobar.com.ar\/?p=14833#primaryimage"},"thumbnailUrl":"https:\/\/nuevodigitaldeescobar.com.ar\/wp-content\/uploads\/2025\/05\/llapro2.png","datePublished":"2025-05-21T04:11:00+00:00","dateModified":"2025-05-21T05:13:26+00:00","breadcrumb":{"@id":"https:\/\/nuevodigitaldeescobar.com.ar\/?p=14833#breadcrumb"},"inLanguage":"es","potentialAction":[{"@type":"ReadAction","target":["https:\/\/nuevodigitaldeescobar.com.ar\/?p=14833"]}]},{"@type":"ImageObject","inLanguage":"es","@id":"https:\/\/nuevodigitaldeescobar.com.ar\/?p=14833#primaryimage","url":"https:\/\/nuevodigitaldeescobar.com.ar\/wp-content\/uploads\/2025\/05\/llapro2.png","contentUrl":"https:\/\/nuevodigitaldeescobar.com.ar\/wp-content\/uploads\/2025\/05\/llapro2.png","width":992,"height":558},{"@type":"BreadcrumbList","@id":"https:\/\/nuevodigitaldeescobar.com.ar\/?p=14833#breadcrumb","itemListElement":[{"@type":"ListItem","position":1,"name":"Portada","item":"https:\/\/nuevodigitaldeescobar.com.ar\/"},{"@type":"ListItem","position":2,"name":"Milei insisti\u00f3 en un acuerdo con el PRO para ganarle al kirchnerismo en la provincia: \u201cNosotros solos les ganamos, pero por poquito\u201d"}]},{"@type":"WebSite","@id":"https:\/\/nuevodigitaldeescobar.com.ar\/#website","url":"https:\/\/nuevodigitaldeescobar.com.ar\/","name":"Nuevo Digital de Escobar","description":"La vida escobarense. Directora: Rosana Brunner","publisher":{"@id":"https:\/\/nuevodigitaldeescobar.com.ar\/#organization"},"potentialAction":[{"@type":"SearchAction","target":{"@type":"EntryPoint","urlTemplate":"https:\/\/nuevodigitaldeescobar.com.ar\/?s={search_term_string}"},"query-input":{"@type":"PropertyValueSpecification","valueRequired":true,"valueName":"search_term_string"}}],"inLanguage":"es"},{"@type":"Organization","@id":"https:\/\/nuevodigitaldeescobar.com.ar\/#organization","name":"Nuevo Digital de Escobar","url":"https:\/\/nuevodigitaldeescobar.com.ar\/","logo":{"@type":"ImageObject","inLanguage":"es","@id":"https:\/\/nuevodigitaldeescobar.com.ar\/#\/schema\/logo\/image\/","url":"https:\/\/nuevodigitaldeescobar.com.ar\/wp-content\/uploads\/2025\/05\/cropped-logo-nuevo2.jpg","contentUrl":"https:\/\/nuevodigitaldeescobar.com.ar\/wp-content\/uploads\/2025\/05\/cropped-logo-nuevo2.jpg","width":305,"height":305,"caption":"Nuevo Digital de Escobar"},"image":{"@id":"https:\/\/nuevodigitaldeescobar.com.ar\/#\/schema\/logo\/image\/"},"sameAs":["https:\/\/www.facebook.com\/NUEVODigitalDeEscobar","https:\/\/x.com\/nuevodigescobar","https:\/\/www.instagram.com\/nuevodigitaldeescobar"]},{"@type":"Person","@id":"https:\/\/nuevodigitaldeescobar.com.ar\/#\/schema\/person\/035e90a8efe9a80e6eec22656ad6ea4c","name":"Redacci\u00f3n","image":{"@type":"ImageObject","inLanguage":"es","@id":"https:\/\/nuevodigitaldeescobar.com.ar\/#\/schema\/person\/image\/","url":"https:\/\/secure.gravatar.com\/avatar\/8af8f40000c24e9eef3034f2be5998a372bb1389e64b1a4a36b3a7979142220d?s=96&d=mm&r=g","contentUrl":"https:\/\/secure.gravatar.com\/avatar\/8af8f40000c24e9eef3034f2be5998a372bb1389e64b1a4a36b3a7979142220d?s=96&d=mm&r=g","caption":"Redacci\u00f3n"},"sameAs":["http:\/\/nuevodigitaldeescobar.com.ar"],"url":"https:\/\/nuevodigitaldeescobar.com.ar\/?author=1"}]}},"featured_image_urls":{"full":["https:\/\/nuevodigitaldeescobar.com.ar\/wp-content\/uploads\/2025\/05\/llapro2.png",992,558,false],"thumbnail":["https:\/\/nuevodigitaldeescobar.com.ar\/wp-content\/uploads\/2025\/05\/llapro2-150x150.png",150,150,true],"medium":["https:\/\/nuevodigitaldeescobar.com.ar\/wp-content\/uploads\/2025\/05\/llapro2-300x169.png",300,169,true],"medium_large":["https:\/\/nuevodigitaldeescobar.com.ar\/wp-content\/uploads\/2025\/05\/llapro2-768x432.png",640,360,true],"large":["https:\/\/nuevodigitaldeescobar.com.ar\/wp-content\/uploads\/2025\/05\/llapro2.png",640,360,false],"1536x1536":["https:\/\/nuevodigitaldeescobar.com.ar\/wp-content\/uploads\/2025\/05\/llapro2.png",992,558,false],"2048x2048":["https:\/\/nuevodigitaldeescobar.com.ar\/wp-content\/uploads\/2025\/05\/llapro2.png",992,558,false]},"author_info":{"display_name":"Redacci\u00f3n","author_link":"https:\/\/nuevodigitaldeescobar.com.ar\/?author=1"},"category_info":"<a href=\"https:\/\/nuevodigitaldeescobar.com.ar\/?cat=6\" rel=\"category\">Pol\u00edtica<\/a>","tag_info":"Pol\u00edtica","comment_count":"0","_links":{"self":[{"href":"https:\/\/nuevodigitaldeescobar.com.ar\/index.php?rest_route=\/wp\/v2\/posts\/14833","targetHints":{"allow":["GET"]}}],"collection":[{"href":"https:\/\/nuevodigitaldeescobar.com.ar\/index.php?rest_route=\/wp\/v2\/posts"}],"about":[{"href":"https:\/\/nuevodigitaldeescobar.com.ar\/index.php?rest_route=\/wp\/v2\/types\/post"}],"author":[{"embeddable":true,"href":"https:\/\/nuevodigitaldeescobar.com.ar\/index.php?rest_route=\/wp\/v2\/users\/1"}],"replies":[{"embeddable":true,"href":"https:\/\/nuevodigitaldeescobar.com.ar\/index.php?rest_route=%2Fwp%2Fv2%2Fcomments&post=14833"}],"version-history":[{"count":1,"href":"https:\/\/nuevodigitaldeescobar.com.ar\/index.php?rest_route=\/wp\/v2\/posts\/14833\/revisions"}],"predecessor-version":[{"id":14835,"href":"https:\/\/nuevodigitaldeescobar.com.ar\/index.php?rest_route=\/wp\/v2\/posts\/14833\/revisions\/14835"}],"wp:featuredmedia":[{"embeddable":true,"href":"https:\/\/nuevodigitaldeescobar.com.ar\/index.php?rest_route=\/wp\/v2\/media\/14834"}],"wp:attachment":[{"href":"https:\/\/nuevodigitaldeescobar.com.ar\/index.php?rest_route=%2Fwp%2Fv2%2Fmedia&parent=14833"}],"wp:term":[{"taxonomy":"category","embeddable":true,"href":"https:\/\/nuevodigitaldeescobar.com.ar\/index.php?rest_route=%2Fwp%2Fv2%2Fcategories&post=14833"},{"taxonomy":"post_tag","embeddable":true,"href":"https:\/\/nuevodigitaldeescobar.com.ar\/index.php?rest_route=%2Fwp%2Fv2%2Ftags&post=14833"}],"curies":[{"name":"wp","href":"https:\/\/api.w.org\/{rel}","templated":true}]}}