{"id":1514,"date":"2023-12-01T18:16:46","date_gmt":"2023-12-01T21:16:46","guid":{"rendered":"https:\/\/nuevodigitaldeescobar.com.ar\/?p=1514"},"modified":"2023-12-01T18:16:50","modified_gmt":"2023-12-01T21:16:50","slug":"encefalomielitis-equina-la-vacunacion-volvera-a-ser-obligatoria-para-caballos-que-participen-de-eventos","status":"publish","type":"post","link":"https:\/\/nuevodigitaldeescobar.com.ar\/?p=1514","title":{"rendered":"Encefalomielitis Equina: la vacunaci\u00f3n volver\u00e1 a ser obligatoria para caballos que participen de eventos"},"content":{"rendered":"<p><span style=\"color: #003366;\"><strong><em>Lo dispuso el Senasa a ra\u00edz del peligroso brote de la encefalomielitis equina que ya report\u00f3 casos en Corrientes, Santa Fe, Buenos Aires y C\u00f3rdoba. La aplicaci\u00f3n ser\u00e1 obligatoria desde febrero y deber\u00e1 ser 15 d\u00edas previos al movimiento del animal.<\/em><\/strong><\/span><\/p>\n<p><!--more--><\/p>\n<hr \/>\n<p>La situaci\u00f3n por la dispersi\u00f3n de la encefalomielitis equina preocupa en el agro. Como \u00faltima novedad, este viernes el Servicio Nacional de Sanidad y Calidad Agroalimentaria (Senasa) dispuso que los organizadores de eventos equinos, como concursos ecuestres o deportivos de los que participen caballos, deber\u00e1n exigir vacunaci\u00f3n desde febrero.<\/p>\n<p>En el marco de la emergencia sanitaria en todo el pa\u00eds dispuesta por el organismo, la <a href=\"https:\/\/www.boletinoficial.gob.ar\/detalleAviso\/primera\/299636\/20231201\">Disposici\u00f3n 364\/2023<\/a> publicada en el Bolet\u00edn Oficial establece que a partir del pr\u00f3ximo 1\u00b0 de febrero los organizadores de eventos de concentraci\u00f3n equina est\u00e1n obligados a exigir que los mismos cuenten con vacunaci\u00f3n vigente para el virus.<\/p>\n<p>La constataci\u00f3n deber\u00e1 hacerse, s\u00ed o s\u00ed, antes del ingreso de los animales y debe ser efectiva para las dos cepas que hoy m\u00e1s inquietan: la variante del este y del oeste.<\/p>\n<p>Ya sean caballos, yeguas, burros, cebras y sus h\u00edbridos, todos deber\u00e1n contar con la vacuna aplicada con una antelaci\u00f3n m\u00ednima de 15 d\u00edas antes del movimiento.<\/p>\n<h3><span style=\"color: #003366;\"><strong>Encefalomielitis equina: \u00bfQu\u00e9 pasa con las vacunas?<\/strong><\/span><\/h3>\n<p>Esta misma semana, el organismo de control determin\u00f3 la emergencia sanitaria nacional por este virus, y se prohibieron los movimientos de egreso de equinos desde las provincias donde se haya diagnosticado la enfermedad al resto del pa\u00eds.<\/p>\n<p>La semana pasada se inform\u00f3 sobre los trabajos a contrarreloj que se ven\u00edan realizando para poder cubrir la demanda de vacunas. En relaci\u00f3n a este punto, la obligatoriedad reci\u00e9n se aplicar\u00e1 a principios de febrero porque su disponibilidad a\u00fan es <em>\u201climitada e insuficiente\u201d<\/em>.<\/p>\n<p>El pasado s\u00e1bado se confirmaron resultados positivos del virus en las provincias de Corrientes y de Santa Fe a partir de an\u00e1lisis realizados en la sede Castelar del Instituto Nacional de Tecnolog\u00eda Agropecuaria (INTA) y en el Instituto Vanella de la Universidad Nacional de C\u00f3rdoba, a lo que se sumaron despu\u00e9s el registro de casos sintom\u00e1ticos y de mortandad en Entre R\u00edos y C\u00f3rdoba.<\/p>\n<h3><span style=\"color: #003366;\"><strong>La enfermedad<\/strong><\/span><\/h3>\n<p>La Encefalomielitis Equina es una enfermedad ex\u00f3tica transmitida por vectores \u2013especialmente mosquitos infectados por aves- durante las \u00e9pocas estivales a equinos, incluyendo caballos, yeguas, burros, cebras y sus h\u00edbridos.<\/p>\n<p>La tasa de letalidad puede llegar al 90%, en el caso de la Encefalomielitis Equina del Este (EEE), de entre 20% a 30% para la Encefalomielitis Equina del Oeste (EEO) \u2013la variante que afecta al pa\u00eds actualmente- y de entre 40% y 90% para la Encefalomielitis Equina Venezolana (EEV), con la posibilidad de dejar secuelas en los equinos que convalecen.<\/p>\n<p>El per\u00edodo de incubaci\u00f3n de la enfermedad, entre la infecci\u00f3n y los s\u00edntomas, es de entre 5 a 14 d\u00edas, y los signos son neurol\u00f3gicos ya que afecta al sistema nervioso central e incluyen deambulaciones, hiperexitaci\u00f3n, depresi\u00f3n, hipertermia y dec\u00fabito.<\/p>\n<p>La enfermedad tambi\u00e9n puede afectar a humanos, aunque suelen no presentar s\u00edntomas o desarrollarlos de manera leve, con poca mortandad.<\/p>\n<p><em>(Infocampo)<\/em><\/p>\n","protected":false},"excerpt":{"rendered":"<p>Lo dispuso el Senasa a ra\u00edz del peligroso brote de la encefalomielitis equina que ya report\u00f3 casos en Corrientes, Santa Fe, Buenos Aires y C\u00f3rdoba. [&hellip;]<\/p>\n","protected":false},"author":1,"featured_media":1515,"comment_status":"open","ping_status":"closed","sticky":false,"template":"","format":"standard","meta":{"footnotes":""},"categories":[7],"tags":[],"class_list":["post-1514","post","type-post","status-publish","format-standard","has-post-thumbnail","hentry","category-interes-general"],"better_featured_image":{"id":1515,"alt_text":"","caption":"","description":"","media_type":"image","media_details":{"width":720,"height":410,"file":"2023\/12\/caballos-e1701465397750.jpg","filesize":294015,"sizes":{"medium":{"file":"caballos-300x171.jpg","width":300,"height":171,"mime-type":"image\/jpeg","filesize":11397,"source_url":"https:\/\/nuevodigitaldeescobar.com.ar\/wp-content\/uploads\/2023\/12\/caballos-300x171.jpg"},"large":{"file":"caballos-1024x584.jpg","width":1024,"height":584,"mime-type":"image\/jpeg","filesize":88414,"source_url":"https:\/\/nuevodigitaldeescobar.com.ar\/wp-content\/uploads\/2023\/12\/caballos-1024x584.jpg"},"thumbnail":{"file":"caballos-150x150.jpg","width":150,"height":150,"mime-type":"image\/jpeg","filesize":5979,"source_url":"https:\/\/nuevodigitaldeescobar.com.ar\/wp-content\/uploads\/2023\/12\/caballos-150x150.jpg"},"medium_large":{"file":"caballos-768x438.jpg","width":768,"height":438,"mime-type":"image\/jpeg","filesize":55247,"source_url":"https:\/\/nuevodigitaldeescobar.com.ar\/wp-content\/uploads\/2023\/12\/caballos-768x438.jpg"},"1536x1536":{"file":"caballos-1536x875.jpg","width":1536,"height":875,"mime-type":"image\/jpeg","filesize":172459,"source_url":"https:\/\/nuevodigitaldeescobar.com.ar\/wp-content\/uploads\/2023\/12\/caballos-1536x875.jpg"},"covernews-slider-full":{"file":"caballos-1115x715.jpg","width":1115,"height":715,"mime-type":"image\/jpeg","filesize":111983,"source_url":"https:\/\/nuevodigitaldeescobar.com.ar\/wp-content\/uploads\/2023\/12\/caballos-1115x715.jpg"},"covernews-slider-center":{"file":"caballos-800x500.jpg","width":800,"height":500,"mime-type":"image\/jpeg","filesize":63496,"source_url":"https:\/\/nuevodigitaldeescobar.com.ar\/wp-content\/uploads\/2023\/12\/caballos-800x500.jpg"},"covernews-featured":{"file":"caballos-1024x584.jpg","width":1024,"height":584,"mime-type":"image\/jpeg","filesize":88414,"source_url":"https:\/\/nuevodigitaldeescobar.com.ar\/wp-content\/uploads\/2023\/12\/caballos-1024x584.jpg"},"covernews-medium":{"file":"caballos-540x340.jpg","width":540,"height":340,"mime-type":"image\/jpeg","filesize":33312,"source_url":"https:\/\/nuevodigitaldeescobar.com.ar\/wp-content\/uploads\/2023\/12\/caballos-540x340.jpg"},"covernews-medium-square":{"file":"caballos-400x250.jpg","width":400,"height":250,"mime-type":"image\/jpeg","filesize":19859,"source_url":"https:\/\/nuevodigitaldeescobar.com.ar\/wp-content\/uploads\/2023\/12\/caballos-400x250.jpg"}},"image_meta":{"aperture":"0","credit":"","camera":"","caption":"","created_timestamp":"0","copyright":"","focal_length":"0","iso":"0","shutter_speed":"0","title":"","orientation":"0","keywords":[]}},"post":1514,"source_url":"https:\/\/nuevodigitaldeescobar.com.ar\/wp-content\/uploads\/2023\/12\/caballos-e1701465397750.jpg"},"yoast_head":"<!-- This site is optimized with the Yoast SEO plugin v26.1.1 - https:\/\/yoast.com\/wordpress\/plugins\/seo\/ -->\n<title>Encefalomielitis Equina: la vacunaci\u00f3n volver\u00e1 a ser obligatoria para caballos que participen de eventos - Nuevo Digital de Escobar<\/title>\n<meta name=\"robots\" content=\"index, follow, max-snippet:-1, max-image-preview:large, max-video-preview:-1\" \/>\n<link rel=\"canonical\" href=\"https:\/\/nuevodigitaldeescobar.com.ar\/?p=1514\" \/>\n<meta property=\"og:locale\" content=\"es_ES\" \/>\n<meta property=\"og:type\" content=\"article\" \/>\n<meta property=\"og:title\" content=\"Encefalomielitis Equina: la vacunaci\u00f3n volver\u00e1 a ser obligatoria para caballos que participen de eventos - Nuevo Digital de Escobar\" \/>\n<meta property=\"og:description\" content=\"Lo dispuso el Senasa a ra\u00edz del peligroso brote de la encefalomielitis equina que ya report\u00f3 casos en Corrientes, Santa Fe, Buenos Aires y C\u00f3rdoba. [&hellip;]\" \/>\n<meta property=\"og:url\" content=\"https:\/\/nuevodigitaldeescobar.com.ar\/?p=1514\" \/>\n<meta property=\"og:site_name\" content=\"Nuevo Digital de Escobar\" \/>\n<meta property=\"article:publisher\" content=\"https:\/\/www.facebook.com\/NUEVODigitalDeEscobar\" \/>\n<meta property=\"article:published_time\" content=\"2023-12-01T21:16:46+00:00\" \/>\n<meta property=\"article:modified_time\" content=\"2023-12-01T21:16:50+00:00\" \/>\n<meta property=\"og:image\" content=\"https:\/\/nuevodigitaldeescobar.com.ar\/wp-content\/uploads\/2023\/12\/caballos-e1701465397750.jpg\" \/>\n\t<meta property=\"og:image:width\" content=\"720\" \/>\n\t<meta property=\"og:image:height\" content=\"410\" \/>\n\t<meta property=\"og:image:type\" content=\"image\/jpeg\" \/>\n<meta name=\"author\" content=\"Redacci\u00f3n\" \/>\n<meta name=\"twitter:card\" content=\"summary_large_image\" \/>\n<meta name=\"twitter:creator\" content=\"@nuevodigescobar\" \/>\n<meta name=\"twitter:site\" content=\"@nuevodigescobar\" \/>\n<meta name=\"twitter:label1\" content=\"Escrito por\" \/>\n\t<meta name=\"twitter:data1\" content=\"Redacci\u00f3n\" \/>\n\t<meta name=\"twitter:label2\" content=\"Tiempo de lectura\" \/>\n\t<meta name=\"twitter:data2\" content=\"3 minutos\" \/>\n<script type=\"application\/ld+json\" class=\"yoast-schema-graph\">{\"@context\":\"https:\/\/schema.org\",\"@graph\":[{\"@type\":\"Article\",\"@id\":\"https:\/\/nuevodigitaldeescobar.com.ar\/?p=1514#article\",\"isPartOf\":{\"@id\":\"https:\/\/nuevodigitaldeescobar.com.ar\/?p=1514\"},\"author\":{\"name\":\"Redacci\u00f3n\",\"@id\":\"https:\/\/nuevodigitaldeescobar.com.ar\/#\/schema\/person\/035e90a8efe9a80e6eec22656ad6ea4c\"},\"headline\":\"Encefalomielitis Equina: la vacunaci\u00f3n volver\u00e1 a ser obligatoria para caballos que participen de eventos\",\"datePublished\":\"2023-12-01T21:16:46+00:00\",\"dateModified\":\"2023-12-01T21:16:50+00:00\",\"mainEntityOfPage\":{\"@id\":\"https:\/\/nuevodigitaldeescobar.com.ar\/?p=1514\"},\"wordCount\":557,\"commentCount\":0,\"publisher\":{\"@id\":\"https:\/\/nuevodigitaldeescobar.com.ar\/#organization\"},\"image\":{\"@id\":\"https:\/\/nuevodigitaldeescobar.com.ar\/?p=1514#primaryimage\"},\"thumbnailUrl\":\"https:\/\/nuevodigitaldeescobar.com.ar\/wp-content\/uploads\/2023\/12\/caballos-e1701465397750.jpg\",\"articleSection\":[\"Inter\u00e9s general\"],\"inLanguage\":\"es\",\"potentialAction\":[{\"@type\":\"CommentAction\",\"name\":\"Comment\",\"target\":[\"https:\/\/nuevodigitaldeescobar.com.ar\/?p=1514#respond\"]}]},{\"@type\":\"WebPage\",\"@id\":\"https:\/\/nuevodigitaldeescobar.com.ar\/?p=1514\",\"url\":\"https:\/\/nuevodigitaldeescobar.com.ar\/?p=1514\",\"name\":\"Encefalomielitis Equina: la vacunaci\u00f3n volver\u00e1 a ser obligatoria para caballos que participen de eventos - Nuevo Digital de Escobar\",\"isPartOf\":{\"@id\":\"https:\/\/nuevodigitaldeescobar.com.ar\/#website\"},\"primaryImageOfPage\":{\"@id\":\"https:\/\/nuevodigitaldeescobar.com.ar\/?p=1514#primaryimage\"},\"image\":{\"@id\":\"https:\/\/nuevodigitaldeescobar.com.ar\/?p=1514#primaryimage\"},\"thumbnailUrl\":\"https:\/\/nuevodigitaldeescobar.com.ar\/wp-content\/uploads\/2023\/12\/caballos-e1701465397750.jpg\",\"datePublished\":\"2023-12-01T21:16:46+00:00\",\"dateModified\":\"2023-12-01T21:16:50+00:00\",\"breadcrumb\":{\"@id\":\"https:\/\/nuevodigitaldeescobar.com.ar\/?p=1514#breadcrumb\"},\"inLanguage\":\"es\",\"potentialAction\":[{\"@type\":\"ReadAction\",\"target\":[\"https:\/\/nuevodigitaldeescobar.com.ar\/?p=1514\"]}]},{\"@type\":\"ImageObject\",\"inLanguage\":\"es\",\"@id\":\"https:\/\/nuevodigitaldeescobar.com.ar\/?p=1514#primaryimage\",\"url\":\"https:\/\/nuevodigitaldeescobar.com.ar\/wp-content\/uploads\/2023\/12\/caballos-e1701465397750.jpg\",\"contentUrl\":\"https:\/\/nuevodigitaldeescobar.com.ar\/wp-content\/uploads\/2023\/12\/caballos-e1701465397750.jpg\",\"width\":720,\"height\":410},{\"@type\":\"BreadcrumbList\",\"@id\":\"https:\/\/nuevodigitaldeescobar.com.ar\/?p=1514#breadcrumb\",\"itemListElement\":[{\"@type\":\"ListItem\",\"position\":1,\"name\":\"Portada\",\"item\":\"https:\/\/nuevodigitaldeescobar.com.ar\/\"},{\"@type\":\"ListItem\",\"position\":2,\"name\":\"Encefalomielitis Equina: la vacunaci\u00f3n volver\u00e1 a ser obligatoria para caballos que participen de eventos\"}]},{\"@type\":\"WebSite\",\"@id\":\"https:\/\/nuevodigitaldeescobar.com.ar\/#website\",\"url\":\"https:\/\/nuevodigitaldeescobar.com.ar\/\",\"name\":\"Nuevo Digital de Escobar\",\"description\":\"La vida escobarense. Directora: Rosana Brunner\",\"publisher\":{\"@id\":\"https:\/\/nuevodigitaldeescobar.com.ar\/#organization\"},\"potentialAction\":[{\"@type\":\"SearchAction\",\"target\":{\"@type\":\"EntryPoint\",\"urlTemplate\":\"https:\/\/nuevodigitaldeescobar.com.ar\/?s={search_term_string}\"},\"query-input\":{\"@type\":\"PropertyValueSpecification\",\"valueRequired\":true,\"valueName\":\"search_term_string\"}}],\"inLanguage\":\"es\"},{\"@type\":\"Organization\",\"@id\":\"https:\/\/nuevodigitaldeescobar.com.ar\/#organization\",\"name\":\"Nuevo Digital de Escobar\",\"url\":\"https:\/\/nuevodigitaldeescobar.com.ar\/\",\"logo\":{\"@type\":\"ImageObject\",\"inLanguage\":\"es\",\"@id\":\"https:\/\/nuevodigitaldeescobar.com.ar\/#\/schema\/logo\/image\/\",\"url\":\"https:\/\/nuevodigitaldeescobar.com.ar\/wp-content\/uploads\/2025\/05\/cropped-logo-nuevo2.jpg\",\"contentUrl\":\"https:\/\/nuevodigitaldeescobar.com.ar\/wp-content\/uploads\/2025\/05\/cropped-logo-nuevo2.jpg\",\"width\":305,\"height\":305,\"caption\":\"Nuevo Digital de Escobar\"},\"image\":{\"@id\":\"https:\/\/nuevodigitaldeescobar.com.ar\/#\/schema\/logo\/image\/\"},\"sameAs\":[\"https:\/\/www.facebook.com\/NUEVODigitalDeEscobar\",\"https:\/\/x.com\/nuevodigescobar\",\"https:\/\/www.instagram.com\/nuevodigitaldeescobar\"]},{\"@type\":\"Person\",\"@id\":\"https:\/\/nuevodigitaldeescobar.com.ar\/#\/schema\/person\/035e90a8efe9a80e6eec22656ad6ea4c\",\"name\":\"Redacci\u00f3n\",\"image\":{\"@type\":\"ImageObject\",\"inLanguage\":\"es\",\"@id\":\"https:\/\/nuevodigitaldeescobar.com.ar\/#\/schema\/person\/image\/\",\"url\":\"https:\/\/secure.gravatar.com\/avatar\/8af8f40000c24e9eef3034f2be5998a372bb1389e64b1a4a36b3a7979142220d?s=96&d=mm&r=g\",\"contentUrl\":\"https:\/\/secure.gravatar.com\/avatar\/8af8f40000c24e9eef3034f2be5998a372bb1389e64b1a4a36b3a7979142220d?s=96&d=mm&r=g\",\"caption\":\"Redacci\u00f3n\"},\"sameAs\":[\"http:\/\/nuevodigitaldeescobar.com.ar\"],\"url\":\"https:\/\/nuevodigitaldeescobar.com.ar\/?author=1\"}]}<\/script>\n<!-- \/ Yoast SEO plugin. -->","yoast_head_json":{"title":"Encefalomielitis Equina: la vacunaci\u00f3n volver\u00e1 a ser obligatoria para caballos que participen de eventos - Nuevo Digital de Escobar","robots":{"index":"index","follow":"follow","max-snippet":"max-snippet:-1","max-image-preview":"max-image-preview:large","max-video-preview":"max-video-preview:-1"},"canonical":"https:\/\/nuevodigitaldeescobar.com.ar\/?p=1514","og_locale":"es_ES","og_type":"article","og_title":"Encefalomielitis Equina: la vacunaci\u00f3n volver\u00e1 a ser obligatoria para caballos que participen de eventos - Nuevo Digital de Escobar","og_description":"Lo dispuso el Senasa a ra\u00edz del peligroso brote de la encefalomielitis equina que ya report\u00f3 casos en Corrientes, Santa Fe, Buenos Aires y C\u00f3rdoba. [&hellip;]","og_url":"https:\/\/nuevodigitaldeescobar.com.ar\/?p=1514","og_site_name":"Nuevo Digital de Escobar","article_publisher":"https:\/\/www.facebook.com\/NUEVODigitalDeEscobar","article_published_time":"2023-12-01T21:16:46+00:00","article_modified_time":"2023-12-01T21:16:50+00:00","og_image":[{"width":720,"height":410,"url":"https:\/\/nuevodigitaldeescobar.com.ar\/wp-content\/uploads\/2023\/12\/caballos-e1701465397750.jpg","type":"image\/jpeg"}],"author":"Redacci\u00f3n","twitter_card":"summary_large_image","twitter_creator":"@nuevodigescobar","twitter_site":"@nuevodigescobar","twitter_misc":{"Escrito por":"Redacci\u00f3n","Tiempo de lectura":"3 minutos"},"schema":{"@context":"https:\/\/schema.org","@graph":[{"@type":"Article","@id":"https:\/\/nuevodigitaldeescobar.com.ar\/?p=1514#article","isPartOf":{"@id":"https:\/\/nuevodigitaldeescobar.com.ar\/?p=1514"},"author":{"name":"Redacci\u00f3n","@id":"https:\/\/nuevodigitaldeescobar.com.ar\/#\/schema\/person\/035e90a8efe9a80e6eec22656ad6ea4c"},"headline":"Encefalomielitis Equina: la vacunaci\u00f3n volver\u00e1 a ser obligatoria para caballos que participen de eventos","datePublished":"2023-12-01T21:16:46+00:00","dateModified":"2023-12-01T21:16:50+00:00","mainEntityOfPage":{"@id":"https:\/\/nuevodigitaldeescobar.com.ar\/?p=1514"},"wordCount":557,"commentCount":0,"publisher":{"@id":"https:\/\/nuevodigitaldeescobar.com.ar\/#organization"},"image":{"@id":"https:\/\/nuevodigitaldeescobar.com.ar\/?p=1514#primaryimage"},"thumbnailUrl":"https:\/\/nuevodigitaldeescobar.com.ar\/wp-content\/uploads\/2023\/12\/caballos-e1701465397750.jpg","articleSection":["Inter\u00e9s general"],"inLanguage":"es","potentialAction":[{"@type":"CommentAction","name":"Comment","target":["https:\/\/nuevodigitaldeescobar.com.ar\/?p=1514#respond"]}]},{"@type":"WebPage","@id":"https:\/\/nuevodigitaldeescobar.com.ar\/?p=1514","url":"https:\/\/nuevodigitaldeescobar.com.ar\/?p=1514","name":"Encefalomielitis Equina: la vacunaci\u00f3n volver\u00e1 a ser obligatoria para caballos que participen de eventos - Nuevo Digital de Escobar","isPartOf":{"@id":"https:\/\/nuevodigitaldeescobar.com.ar\/#website"},"primaryImageOfPage":{"@id":"https:\/\/nuevodigitaldeescobar.com.ar\/?p=1514#primaryimage"},"image":{"@id":"https:\/\/nuevodigitaldeescobar.com.ar\/?p=1514#primaryimage"},"thumbnailUrl":"https:\/\/nuevodigitaldeescobar.com.ar\/wp-content\/uploads\/2023\/12\/caballos-e1701465397750.jpg","datePublished":"2023-12-01T21:16:46+00:00","dateModified":"2023-12-01T21:16:50+00:00","breadcrumb":{"@id":"https:\/\/nuevodigitaldeescobar.com.ar\/?p=1514#breadcrumb"},"inLanguage":"es","potentialAction":[{"@type":"ReadAction","target":["https:\/\/nuevodigitaldeescobar.com.ar\/?p=1514"]}]},{"@type":"ImageObject","inLanguage":"es","@id":"https:\/\/nuevodigitaldeescobar.com.ar\/?p=1514#primaryimage","url":"https:\/\/nuevodigitaldeescobar.com.ar\/wp-content\/uploads\/2023\/12\/caballos-e1701465397750.jpg","contentUrl":"https:\/\/nuevodigitaldeescobar.com.ar\/wp-content\/uploads\/2023\/12\/caballos-e1701465397750.jpg","width":720,"height":410},{"@type":"BreadcrumbList","@id":"https:\/\/nuevodigitaldeescobar.com.ar\/?p=1514#breadcrumb","itemListElement":[{"@type":"ListItem","position":1,"name":"Portada","item":"https:\/\/nuevodigitaldeescobar.com.ar\/"},{"@type":"ListItem","position":2,"name":"Encefalomielitis Equina: la vacunaci\u00f3n volver\u00e1 a ser obligatoria para caballos que participen de eventos"}]},{"@type":"WebSite","@id":"https:\/\/nuevodigitaldeescobar.com.ar\/#website","url":"https:\/\/nuevodigitaldeescobar.com.ar\/","name":"Nuevo Digital de Escobar","description":"La vida escobarense. Directora: Rosana Brunner","publisher":{"@id":"https:\/\/nuevodigitaldeescobar.com.ar\/#organization"},"potentialAction":[{"@type":"SearchAction","target":{"@type":"EntryPoint","urlTemplate":"https:\/\/nuevodigitaldeescobar.com.ar\/?s={search_term_string}"},"query-input":{"@type":"PropertyValueSpecification","valueRequired":true,"valueName":"search_term_string"}}],"inLanguage":"es"},{"@type":"Organization","@id":"https:\/\/nuevodigitaldeescobar.com.ar\/#organization","name":"Nuevo Digital de Escobar","url":"https:\/\/nuevodigitaldeescobar.com.ar\/","logo":{"@type":"ImageObject","inLanguage":"es","@id":"https:\/\/nuevodigitaldeescobar.com.ar\/#\/schema\/logo\/image\/","url":"https:\/\/nuevodigitaldeescobar.com.ar\/wp-content\/uploads\/2025\/05\/cropped-logo-nuevo2.jpg","contentUrl":"https:\/\/nuevodigitaldeescobar.com.ar\/wp-content\/uploads\/2025\/05\/cropped-logo-nuevo2.jpg","width":305,"height":305,"caption":"Nuevo Digital de Escobar"},"image":{"@id":"https:\/\/nuevodigitaldeescobar.com.ar\/#\/schema\/logo\/image\/"},"sameAs":["https:\/\/www.facebook.com\/NUEVODigitalDeEscobar","https:\/\/x.com\/nuevodigescobar","https:\/\/www.instagram.com\/nuevodigitaldeescobar"]},{"@type":"Person","@id":"https:\/\/nuevodigitaldeescobar.com.ar\/#\/schema\/person\/035e90a8efe9a80e6eec22656ad6ea4c","name":"Redacci\u00f3n","image":{"@type":"ImageObject","inLanguage":"es","@id":"https:\/\/nuevodigitaldeescobar.com.ar\/#\/schema\/person\/image\/","url":"https:\/\/secure.gravatar.com\/avatar\/8af8f40000c24e9eef3034f2be5998a372bb1389e64b1a4a36b3a7979142220d?s=96&d=mm&r=g","contentUrl":"https:\/\/secure.gravatar.com\/avatar\/8af8f40000c24e9eef3034f2be5998a372bb1389e64b1a4a36b3a7979142220d?s=96&d=mm&r=g","caption":"Redacci\u00f3n"},"sameAs":["http:\/\/nuevodigitaldeescobar.com.ar"],"url":"https:\/\/nuevodigitaldeescobar.com.ar\/?author=1"}]}},"featured_image_urls":{"full":["https:\/\/nuevodigitaldeescobar.com.ar\/wp-content\/uploads\/2023\/12\/caballos-e1701465397750.jpg",720,410,false],"thumbnail":["https:\/\/nuevodigitaldeescobar.com.ar\/wp-content\/uploads\/2023\/12\/caballos-150x150.jpg",150,150,true],"medium":["https:\/\/nuevodigitaldeescobar.com.ar\/wp-content\/uploads\/2023\/12\/caballos-300x171.jpg",300,171,true],"medium_large":["https:\/\/nuevodigitaldeescobar.com.ar\/wp-content\/uploads\/2023\/12\/caballos-768x438.jpg",640,365,true],"large":["https:\/\/nuevodigitaldeescobar.com.ar\/wp-content\/uploads\/2023\/12\/caballos-1024x584.jpg",640,365,true],"1536x1536":["https:\/\/nuevodigitaldeescobar.com.ar\/wp-content\/uploads\/2023\/12\/caballos-1536x875.jpg",1536,875,true],"2048x2048":["https:\/\/nuevodigitaldeescobar.com.ar\/wp-content\/uploads\/2023\/12\/caballos-e1701465397750.jpg",720,410,false]},"author_info":{"display_name":"Redacci\u00f3n","author_link":"https:\/\/nuevodigitaldeescobar.com.ar\/?author=1"},"category_info":"<a href=\"https:\/\/nuevodigitaldeescobar.com.ar\/?cat=7\" rel=\"category\">Inter\u00e9s general<\/a>","tag_info":"Inter\u00e9s general","comment_count":"0","_links":{"self":[{"href":"https:\/\/nuevodigitaldeescobar.com.ar\/index.php?rest_route=\/wp\/v2\/posts\/1514","targetHints":{"allow":["GET"]}}],"collection":[{"href":"https:\/\/nuevodigitaldeescobar.com.ar\/index.php?rest_route=\/wp\/v2\/posts"}],"about":[{"href":"https:\/\/nuevodigitaldeescobar.com.ar\/index.php?rest_route=\/wp\/v2\/types\/post"}],"author":[{"embeddable":true,"href":"https:\/\/nuevodigitaldeescobar.com.ar\/index.php?rest_route=\/wp\/v2\/users\/1"}],"replies":[{"embeddable":true,"href":"https:\/\/nuevodigitaldeescobar.com.ar\/index.php?rest_route=%2Fwp%2Fv2%2Fcomments&post=1514"}],"version-history":[{"count":1,"href":"https:\/\/nuevodigitaldeescobar.com.ar\/index.php?rest_route=\/wp\/v2\/posts\/1514\/revisions"}],"predecessor-version":[{"id":1516,"href":"https:\/\/nuevodigitaldeescobar.com.ar\/index.php?rest_route=\/wp\/v2\/posts\/1514\/revisions\/1516"}],"wp:featuredmedia":[{"embeddable":true,"href":"https:\/\/nuevodigitaldeescobar.com.ar\/index.php?rest_route=\/wp\/v2\/media\/1515"}],"wp:attachment":[{"href":"https:\/\/nuevodigitaldeescobar.com.ar\/index.php?rest_route=%2Fwp%2Fv2%2Fmedia&parent=1514"}],"wp:term":[{"taxonomy":"category","embeddable":true,"href":"https:\/\/nuevodigitaldeescobar.com.ar\/index.php?rest_route=%2Fwp%2Fv2%2Fcategories&post=1514"},{"taxonomy":"post_tag","embeddable":true,"href":"https:\/\/nuevodigitaldeescobar.com.ar\/index.php?rest_route=%2Fwp%2Fv2%2Ftags&post=1514"}],"curies":[{"name":"wp","href":"https:\/\/api.w.org\/{rel}","templated":true}]}}