{"id":15142,"date":"2025-05-30T04:16:00","date_gmt":"2025-05-30T07:16:00","guid":{"rendered":"https:\/\/nuevodigitaldeescobar.com.ar\/?p=15142"},"modified":"2025-05-29T22:19:02","modified_gmt":"2025-05-30T01:19:02","slug":"escobar-lanza-un-programa-de-capacitacion-masiva-y-de-acceso-libre-en-programacion-e-idiomas","status":"publish","type":"post","link":"https:\/\/nuevodigitaldeescobar.com.ar\/?p=15142","title":{"rendered":"Escobar lanza un programa de capacitaci\u00f3n masiva y de acceso libre en programaci\u00f3n e idiomas\u00a0"},"content":{"rendered":"\n<p>Se puso en marcha el programa CiudadanIA 5.0, una iniciativa destinada a estudiantes, docentes, empleados del sector comercial y la comunidad en general, que ofrece capacitaciones con acceso libre y gratuito en habilidades digitales e idiomas. El programa busca promover el conocimiento sobre nuevas tecnolog\u00edas, generar conversaciones intergeneracionales y fortalecer el desarrollo local.<\/p>\n\n\n\n<!--more-->\n\n\n\n<p>\u201cHacemos esto porque el futuro es ahora y la aceleraci\u00f3n de la inteligencia artificial nos obliga a formar ciudadanos capaces de convivir con esta tecnolog\u00eda, adquirir nuevos oficios y cuidar su desarrollo personal\u201d, expres\u00f3 Sujarchuk. Y agreg\u00f3: \u201cEstoy convencido de que, con la mayor participaci\u00f3n de la juventud, Escobar dar\u00e1 un salto cualitativo no solo en educaci\u00f3n sino tambi\u00e9n en generaci\u00f3n de empleo. Esta soberan\u00eda cognitiva que estamos construyendo abarca a todos los colegios del distrito, p\u00fablicos y privados, igualando hacia arriba con cursos certificados y de alta calidad\u201d. <\/p>\n\n\n\n<p>El lanzamiento oficial tuvo lugar en el Colegio UBA Ram\u00f3n Cereijo con la presentaci\u00f3n del actor y creador de contenido Alejo Cruzado Antonelli, conocido como \u201cPelao KHE\u201d, y la participaci\u00f3n de Emilse Garz\u00f3n, comunicadora especializada en cultura digital.\u00a0<\/p>\n\n\n<div class=\"wp-block-image\">\n<figure class=\"aligncenter size-large\"><img fetchpriority=\"high\" decoding=\"async\" width=\"1024\" height=\"683\" src=\"https:\/\/nuevodigitaldeescobar.com.ar\/wp-content\/uploads\/2025\/05\/dsc_4345-1024x683.jpg\" alt=\"\" class=\"wp-image-15143\" srcset=\"https:\/\/nuevodigitaldeescobar.com.ar\/wp-content\/uploads\/2025\/05\/dsc_4345-1024x683.jpg 1024w, https:\/\/nuevodigitaldeescobar.com.ar\/wp-content\/uploads\/2025\/05\/dsc_4345-300x200.jpg 300w, https:\/\/nuevodigitaldeescobar.com.ar\/wp-content\/uploads\/2025\/05\/dsc_4345-768x512.jpg 768w, https:\/\/nuevodigitaldeescobar.com.ar\/wp-content\/uploads\/2025\/05\/dsc_4345-1536x1024.jpg 1536w, https:\/\/nuevodigitaldeescobar.com.ar\/wp-content\/uploads\/2025\/05\/dsc_4345.jpg 1920w\" sizes=\"(max-width: 1024px) 100vw, 1024px\" \/><\/figure><\/div>\n\n\n<p>Durante la jornada estuvieron presentes m\u00e1s de 900 estudiantes de 20 instituciones educativas, funcionarios y representantes de las instituciones asociadas: Ra\u00fal Tom\u00e1s Moyano Ojea, COO de Ticmas; Pablo Palmaz, subsecretario de Relaciones Interinstitucionales de la UNSAM; Pablo Palumbo, jefe de Asesores de la Secretar\u00eda de Gobierno; Geraldina Brid, jefa de Gabinete de la Secretar\u00eda de Gobierno; integrantes de la Fundaci\u00f3n Potenciar, Josu\u00e9 Bustamante, Sof\u00eda Collar y Gerardo Gordin; Florencia Pesce, Carlos Bell y Roberto Villarruel en representaci\u00f3n del Centro Universitario de Idiomas (CUI); y Adriana Rodr\u00edguez, decana de la Facultad de Agronom\u00eda de la UBA.&nbsp;<\/p>\n\n\n\n<p>El programa tiene un alcance de 8.500 estudiantes de 5\u00ba, 6\u00ba y 7\u00ba a\u00f1o de escuelas secundarias estatales y privadas, 10.000 docentes del nivel medio y otros 10.000 empleados y comerciantes del sector industrial y comercial del distrito, a trav\u00e9s de la UIDE y la C\u00e1mara de Comercio de Escobar. &nbsp;A su vez, esta iniciativa articula con instituciones de gran trayectoria en formaci\u00f3n y tecnolog\u00eda como CUI &#8211; UBA, Ticmas, UNSAM y Fundaci\u00f3n Potenciar Argentina. La propuesta incorpora un enfoque pedag\u00f3gico innovador que combina clases sincr\u00f3nicas y asincr\u00f3nicas, el uso de campus virtuales y una metodolog\u00eda novedosa de microaprendizajes: videos breves enviados semanalmente para introducir cada tem\u00e1tica y estimular el di\u00e1logo.<\/p>\n\n\n\n<p>La inscripci\u00f3n a los microcursos, cursos de habilidades digitales e idiomas se realiza en &nbsp;escobar.gob.ar\/ciudadaniainteligente o por Flora, el chatbot del Municipio, enviando un mensaje al 11 6813 1202. El inicio de los microcursos est\u00e1 previsto para junio, mientras que los cursos de habilidades digitales e idiomas comenzar\u00e1n el 4 de agosto.<\/p>\n","protected":false},"excerpt":{"rendered":"<p>Se puso en marcha el programa CiudadanIA 5.0, una iniciativa destinada a estudiantes, docentes, empleados del sector comercial y la comunidad en general, que ofrece [&hellip;]<\/p>\n","protected":false},"author":1,"featured_media":15144,"comment_status":"open","ping_status":"open","sticky":false,"template":"","format":"standard","meta":{"footnotes":""},"categories":[4],"tags":[],"class_list":["post-15142","post","type-post","status-publish","format-standard","has-post-thumbnail","hentry","category-educacion"],"better_featured_image":{"id":15144,"alt_text":"","caption":"","description":"","media_type":"image","media_details":{"width":1920,"height":1280,"file":"2025\/05\/whatsapp_image_2025_05_29_at_11_55_08.jpeg","filesize":305007,"sizes":{"medium":{"file":"whatsapp_image_2025_05_29_at_11_55_08-300x200.jpeg","width":300,"height":200,"mime-type":"image\/jpeg","filesize":14257,"source_url":"https:\/\/nuevodigitaldeescobar.com.ar\/wp-content\/uploads\/2025\/05\/whatsapp_image_2025_05_29_at_11_55_08-300x200.jpeg"},"large":{"file":"whatsapp_image_2025_05_29_at_11_55_08-1024x683.jpeg","width":1024,"height":683,"mime-type":"image\/jpeg","filesize":109584,"source_url":"https:\/\/nuevodigitaldeescobar.com.ar\/wp-content\/uploads\/2025\/05\/whatsapp_image_2025_05_29_at_11_55_08-1024x683.jpeg"},"thumbnail":{"file":"whatsapp_image_2025_05_29_at_11_55_08-150x150.jpeg","width":150,"height":150,"mime-type":"image\/jpeg","filesize":6439,"source_url":"https:\/\/nuevodigitaldeescobar.com.ar\/wp-content\/uploads\/2025\/05\/whatsapp_image_2025_05_29_at_11_55_08-150x150.jpeg"},"medium_large":{"file":"whatsapp_image_2025_05_29_at_11_55_08-768x512.jpeg","width":768,"height":512,"mime-type":"image\/jpeg","filesize":66245,"source_url":"https:\/\/nuevodigitaldeescobar.com.ar\/wp-content\/uploads\/2025\/05\/whatsapp_image_2025_05_29_at_11_55_08-768x512.jpeg"},"1536x1536":{"file":"whatsapp_image_2025_05_29_at_11_55_08-1536x1024.jpeg","width":1536,"height":1024,"mime-type":"image\/jpeg","filesize":225108,"source_url":"https:\/\/nuevodigitaldeescobar.com.ar\/wp-content\/uploads\/2025\/05\/whatsapp_image_2025_05_29_at_11_55_08-1536x1024.jpeg"}},"image_meta":{"aperture":"0","credit":"","camera":"","caption":"","created_timestamp":"0","copyright":"","focal_length":"0","iso":"0","shutter_speed":"0","title":"","orientation":"0","keywords":[]}},"post":15142,"source_url":"https:\/\/nuevodigitaldeescobar.com.ar\/wp-content\/uploads\/2025\/05\/whatsapp_image_2025_05_29_at_11_55_08.jpeg"},"yoast_head":"<!-- This site is optimized with the Yoast SEO plugin v26.1.1 - https:\/\/yoast.com\/wordpress\/plugins\/seo\/ -->\n<title>Escobar lanza un programa de capacitaci\u00f3n masiva y de acceso libre en programaci\u00f3n e idiomas\u00a0 - Nuevo Digital de Escobar<\/title>\n<meta name=\"robots\" content=\"index, follow, max-snippet:-1, max-image-preview:large, max-video-preview:-1\" \/>\n<link rel=\"canonical\" href=\"https:\/\/nuevodigitaldeescobar.com.ar\/?p=15142\" \/>\n<meta property=\"og:locale\" content=\"es_ES\" \/>\n<meta property=\"og:type\" content=\"article\" \/>\n<meta property=\"og:title\" content=\"Escobar lanza un programa de capacitaci\u00f3n masiva y de acceso libre en programaci\u00f3n e idiomas\u00a0 - Nuevo Digital de Escobar\" \/>\n<meta property=\"og:description\" content=\"Se puso en marcha el programa CiudadanIA 5.0, una iniciativa destinada a estudiantes, docentes, empleados del sector comercial y la comunidad en general, que ofrece [&hellip;]\" \/>\n<meta property=\"og:url\" content=\"https:\/\/nuevodigitaldeescobar.com.ar\/?p=15142\" \/>\n<meta property=\"og:site_name\" content=\"Nuevo Digital de Escobar\" \/>\n<meta property=\"article:publisher\" content=\"https:\/\/www.facebook.com\/NUEVODigitalDeEscobar\" \/>\n<meta property=\"article:published_time\" content=\"2025-05-30T07:16:00+00:00\" \/>\n<meta property=\"og:image\" content=\"https:\/\/nuevodigitaldeescobar.com.ar\/wp-content\/uploads\/2025\/05\/whatsapp_image_2025_05_29_at_11_55_08.jpeg\" \/>\n\t<meta property=\"og:image:width\" content=\"1920\" \/>\n\t<meta property=\"og:image:height\" content=\"1280\" \/>\n\t<meta property=\"og:image:type\" content=\"image\/jpeg\" \/>\n<meta name=\"author\" content=\"Redacci\u00f3n\" \/>\n<meta name=\"twitter:card\" content=\"summary_large_image\" \/>\n<meta name=\"twitter:creator\" content=\"@nuevodigescobar\" \/>\n<meta name=\"twitter:site\" content=\"@nuevodigescobar\" \/>\n<meta name=\"twitter:label1\" content=\"Escrito por\" \/>\n\t<meta name=\"twitter:data1\" content=\"Redacci\u00f3n\" \/>\n\t<meta name=\"twitter:label2\" content=\"Tiempo de lectura\" \/>\n\t<meta name=\"twitter:data2\" content=\"2 minutos\" \/>\n<script type=\"application\/ld+json\" class=\"yoast-schema-graph\">{\"@context\":\"https:\/\/schema.org\",\"@graph\":[{\"@type\":\"Article\",\"@id\":\"https:\/\/nuevodigitaldeescobar.com.ar\/?p=15142#article\",\"isPartOf\":{\"@id\":\"https:\/\/nuevodigitaldeescobar.com.ar\/?p=15142\"},\"author\":{\"name\":\"Redacci\u00f3n\",\"@id\":\"https:\/\/nuevodigitaldeescobar.com.ar\/#\/schema\/person\/035e90a8efe9a80e6eec22656ad6ea4c\"},\"headline\":\"Escobar lanza un programa de capacitaci\u00f3n masiva y de acceso libre en programaci\u00f3n e idiomas\u00a0\",\"datePublished\":\"2025-05-30T07:16:00+00:00\",\"mainEntityOfPage\":{\"@id\":\"https:\/\/nuevodigitaldeescobar.com.ar\/?p=15142\"},\"wordCount\":485,\"commentCount\":0,\"publisher\":{\"@id\":\"https:\/\/nuevodigitaldeescobar.com.ar\/#organization\"},\"image\":{\"@id\":\"https:\/\/nuevodigitaldeescobar.com.ar\/?p=15142#primaryimage\"},\"thumbnailUrl\":\"https:\/\/nuevodigitaldeescobar.com.ar\/wp-content\/uploads\/2025\/05\/whatsapp_image_2025_05_29_at_11_55_08.jpeg\",\"articleSection\":[\"Educaci\u00f3n\"],\"inLanguage\":\"es\",\"potentialAction\":[{\"@type\":\"CommentAction\",\"name\":\"Comment\",\"target\":[\"https:\/\/nuevodigitaldeescobar.com.ar\/?p=15142#respond\"]}]},{\"@type\":\"WebPage\",\"@id\":\"https:\/\/nuevodigitaldeescobar.com.ar\/?p=15142\",\"url\":\"https:\/\/nuevodigitaldeescobar.com.ar\/?p=15142\",\"name\":\"Escobar lanza un programa de capacitaci\u00f3n masiva y de acceso libre en programaci\u00f3n e idiomas\u00a0 - Nuevo Digital de Escobar\",\"isPartOf\":{\"@id\":\"https:\/\/nuevodigitaldeescobar.com.ar\/#website\"},\"primaryImageOfPage\":{\"@id\":\"https:\/\/nuevodigitaldeescobar.com.ar\/?p=15142#primaryimage\"},\"image\":{\"@id\":\"https:\/\/nuevodigitaldeescobar.com.ar\/?p=15142#primaryimage\"},\"thumbnailUrl\":\"https:\/\/nuevodigitaldeescobar.com.ar\/wp-content\/uploads\/2025\/05\/whatsapp_image_2025_05_29_at_11_55_08.jpeg\",\"datePublished\":\"2025-05-30T07:16:00+00:00\",\"breadcrumb\":{\"@id\":\"https:\/\/nuevodigitaldeescobar.com.ar\/?p=15142#breadcrumb\"},\"inLanguage\":\"es\",\"potentialAction\":[{\"@type\":\"ReadAction\",\"target\":[\"https:\/\/nuevodigitaldeescobar.com.ar\/?p=15142\"]}]},{\"@type\":\"ImageObject\",\"inLanguage\":\"es\",\"@id\":\"https:\/\/nuevodigitaldeescobar.com.ar\/?p=15142#primaryimage\",\"url\":\"https:\/\/nuevodigitaldeescobar.com.ar\/wp-content\/uploads\/2025\/05\/whatsapp_image_2025_05_29_at_11_55_08.jpeg\",\"contentUrl\":\"https:\/\/nuevodigitaldeescobar.com.ar\/wp-content\/uploads\/2025\/05\/whatsapp_image_2025_05_29_at_11_55_08.jpeg\",\"width\":1920,\"height\":1280},{\"@type\":\"BreadcrumbList\",\"@id\":\"https:\/\/nuevodigitaldeescobar.com.ar\/?p=15142#breadcrumb\",\"itemListElement\":[{\"@type\":\"ListItem\",\"position\":1,\"name\":\"Portada\",\"item\":\"https:\/\/nuevodigitaldeescobar.com.ar\/\"},{\"@type\":\"ListItem\",\"position\":2,\"name\":\"Escobar lanza un programa de capacitaci\u00f3n masiva y de acceso libre en programaci\u00f3n e idiomas\u00a0\"}]},{\"@type\":\"WebSite\",\"@id\":\"https:\/\/nuevodigitaldeescobar.com.ar\/#website\",\"url\":\"https:\/\/nuevodigitaldeescobar.com.ar\/\",\"name\":\"Nuevo Digital de Escobar\",\"description\":\"La vida escobarense. Directora: Rosana Brunner\",\"publisher\":{\"@id\":\"https:\/\/nuevodigitaldeescobar.com.ar\/#organization\"},\"potentialAction\":[{\"@type\":\"SearchAction\",\"target\":{\"@type\":\"EntryPoint\",\"urlTemplate\":\"https:\/\/nuevodigitaldeescobar.com.ar\/?s={search_term_string}\"},\"query-input\":{\"@type\":\"PropertyValueSpecification\",\"valueRequired\":true,\"valueName\":\"search_term_string\"}}],\"inLanguage\":\"es\"},{\"@type\":\"Organization\",\"@id\":\"https:\/\/nuevodigitaldeescobar.com.ar\/#organization\",\"name\":\"Nuevo Digital de Escobar\",\"url\":\"https:\/\/nuevodigitaldeescobar.com.ar\/\",\"logo\":{\"@type\":\"ImageObject\",\"inLanguage\":\"es\",\"@id\":\"https:\/\/nuevodigitaldeescobar.com.ar\/#\/schema\/logo\/image\/\",\"url\":\"https:\/\/nuevodigitaldeescobar.com.ar\/wp-content\/uploads\/2025\/05\/cropped-logo-nuevo2.jpg\",\"contentUrl\":\"https:\/\/nuevodigitaldeescobar.com.ar\/wp-content\/uploads\/2025\/05\/cropped-logo-nuevo2.jpg\",\"width\":305,\"height\":305,\"caption\":\"Nuevo Digital de Escobar\"},\"image\":{\"@id\":\"https:\/\/nuevodigitaldeescobar.com.ar\/#\/schema\/logo\/image\/\"},\"sameAs\":[\"https:\/\/www.facebook.com\/NUEVODigitalDeEscobar\",\"https:\/\/x.com\/nuevodigescobar\",\"https:\/\/www.instagram.com\/nuevodigitaldeescobar\"]},{\"@type\":\"Person\",\"@id\":\"https:\/\/nuevodigitaldeescobar.com.ar\/#\/schema\/person\/035e90a8efe9a80e6eec22656ad6ea4c\",\"name\":\"Redacci\u00f3n\",\"image\":{\"@type\":\"ImageObject\",\"inLanguage\":\"es\",\"@id\":\"https:\/\/nuevodigitaldeescobar.com.ar\/#\/schema\/person\/image\/\",\"url\":\"https:\/\/secure.gravatar.com\/avatar\/8af8f40000c24e9eef3034f2be5998a372bb1389e64b1a4a36b3a7979142220d?s=96&d=mm&r=g\",\"contentUrl\":\"https:\/\/secure.gravatar.com\/avatar\/8af8f40000c24e9eef3034f2be5998a372bb1389e64b1a4a36b3a7979142220d?s=96&d=mm&r=g\",\"caption\":\"Redacci\u00f3n\"},\"sameAs\":[\"http:\/\/nuevodigitaldeescobar.com.ar\"],\"url\":\"https:\/\/nuevodigitaldeescobar.com.ar\/?author=1\"}]}<\/script>\n<!-- \/ Yoast SEO plugin. -->","yoast_head_json":{"title":"Escobar lanza un programa de capacitaci\u00f3n masiva y de acceso libre en programaci\u00f3n e idiomas\u00a0 - Nuevo Digital de Escobar","robots":{"index":"index","follow":"follow","max-snippet":"max-snippet:-1","max-image-preview":"max-image-preview:large","max-video-preview":"max-video-preview:-1"},"canonical":"https:\/\/nuevodigitaldeescobar.com.ar\/?p=15142","og_locale":"es_ES","og_type":"article","og_title":"Escobar lanza un programa de capacitaci\u00f3n masiva y de acceso libre en programaci\u00f3n e idiomas\u00a0 - Nuevo Digital de Escobar","og_description":"Se puso en marcha el programa CiudadanIA 5.0, una iniciativa destinada a estudiantes, docentes, empleados del sector comercial y la comunidad en general, que ofrece [&hellip;]","og_url":"https:\/\/nuevodigitaldeescobar.com.ar\/?p=15142","og_site_name":"Nuevo Digital de Escobar","article_publisher":"https:\/\/www.facebook.com\/NUEVODigitalDeEscobar","article_published_time":"2025-05-30T07:16:00+00:00","og_image":[{"width":1920,"height":1280,"url":"https:\/\/nuevodigitaldeescobar.com.ar\/wp-content\/uploads\/2025\/05\/whatsapp_image_2025_05_29_at_11_55_08.jpeg","type":"image\/jpeg"}],"author":"Redacci\u00f3n","twitter_card":"summary_large_image","twitter_creator":"@nuevodigescobar","twitter_site":"@nuevodigescobar","twitter_misc":{"Escrito por":"Redacci\u00f3n","Tiempo de lectura":"2 minutos"},"schema":{"@context":"https:\/\/schema.org","@graph":[{"@type":"Article","@id":"https:\/\/nuevodigitaldeescobar.com.ar\/?p=15142#article","isPartOf":{"@id":"https:\/\/nuevodigitaldeescobar.com.ar\/?p=15142"},"author":{"name":"Redacci\u00f3n","@id":"https:\/\/nuevodigitaldeescobar.com.ar\/#\/schema\/person\/035e90a8efe9a80e6eec22656ad6ea4c"},"headline":"Escobar lanza un programa de capacitaci\u00f3n masiva y de acceso libre en programaci\u00f3n e idiomas\u00a0","datePublished":"2025-05-30T07:16:00+00:00","mainEntityOfPage":{"@id":"https:\/\/nuevodigitaldeescobar.com.ar\/?p=15142"},"wordCount":485,"commentCount":0,"publisher":{"@id":"https:\/\/nuevodigitaldeescobar.com.ar\/#organization"},"image":{"@id":"https:\/\/nuevodigitaldeescobar.com.ar\/?p=15142#primaryimage"},"thumbnailUrl":"https:\/\/nuevodigitaldeescobar.com.ar\/wp-content\/uploads\/2025\/05\/whatsapp_image_2025_05_29_at_11_55_08.jpeg","articleSection":["Educaci\u00f3n"],"inLanguage":"es","potentialAction":[{"@type":"CommentAction","name":"Comment","target":["https:\/\/nuevodigitaldeescobar.com.ar\/?p=15142#respond"]}]},{"@type":"WebPage","@id":"https:\/\/nuevodigitaldeescobar.com.ar\/?p=15142","url":"https:\/\/nuevodigitaldeescobar.com.ar\/?p=15142","name":"Escobar lanza un programa de capacitaci\u00f3n masiva y de acceso libre en programaci\u00f3n e idiomas\u00a0 - Nuevo Digital de Escobar","isPartOf":{"@id":"https:\/\/nuevodigitaldeescobar.com.ar\/#website"},"primaryImageOfPage":{"@id":"https:\/\/nuevodigitaldeescobar.com.ar\/?p=15142#primaryimage"},"image":{"@id":"https:\/\/nuevodigitaldeescobar.com.ar\/?p=15142#primaryimage"},"thumbnailUrl":"https:\/\/nuevodigitaldeescobar.com.ar\/wp-content\/uploads\/2025\/05\/whatsapp_image_2025_05_29_at_11_55_08.jpeg","datePublished":"2025-05-30T07:16:00+00:00","breadcrumb":{"@id":"https:\/\/nuevodigitaldeescobar.com.ar\/?p=15142#breadcrumb"},"inLanguage":"es","potentialAction":[{"@type":"ReadAction","target":["https:\/\/nuevodigitaldeescobar.com.ar\/?p=15142"]}]},{"@type":"ImageObject","inLanguage":"es","@id":"https:\/\/nuevodigitaldeescobar.com.ar\/?p=15142#primaryimage","url":"https:\/\/nuevodigitaldeescobar.com.ar\/wp-content\/uploads\/2025\/05\/whatsapp_image_2025_05_29_at_11_55_08.jpeg","contentUrl":"https:\/\/nuevodigitaldeescobar.com.ar\/wp-content\/uploads\/2025\/05\/whatsapp_image_2025_05_29_at_11_55_08.jpeg","width":1920,"height":1280},{"@type":"BreadcrumbList","@id":"https:\/\/nuevodigitaldeescobar.com.ar\/?p=15142#breadcrumb","itemListElement":[{"@type":"ListItem","position":1,"name":"Portada","item":"https:\/\/nuevodigitaldeescobar.com.ar\/"},{"@type":"ListItem","position":2,"name":"Escobar lanza un programa de capacitaci\u00f3n masiva y de acceso libre en programaci\u00f3n e idiomas\u00a0"}]},{"@type":"WebSite","@id":"https:\/\/nuevodigitaldeescobar.com.ar\/#website","url":"https:\/\/nuevodigitaldeescobar.com.ar\/","name":"Nuevo Digital de Escobar","description":"La vida escobarense. Directora: Rosana Brunner","publisher":{"@id":"https:\/\/nuevodigitaldeescobar.com.ar\/#organization"},"potentialAction":[{"@type":"SearchAction","target":{"@type":"EntryPoint","urlTemplate":"https:\/\/nuevodigitaldeescobar.com.ar\/?s={search_term_string}"},"query-input":{"@type":"PropertyValueSpecification","valueRequired":true,"valueName":"search_term_string"}}],"inLanguage":"es"},{"@type":"Organization","@id":"https:\/\/nuevodigitaldeescobar.com.ar\/#organization","name":"Nuevo Digital de Escobar","url":"https:\/\/nuevodigitaldeescobar.com.ar\/","logo":{"@type":"ImageObject","inLanguage":"es","@id":"https:\/\/nuevodigitaldeescobar.com.ar\/#\/schema\/logo\/image\/","url":"https:\/\/nuevodigitaldeescobar.com.ar\/wp-content\/uploads\/2025\/05\/cropped-logo-nuevo2.jpg","contentUrl":"https:\/\/nuevodigitaldeescobar.com.ar\/wp-content\/uploads\/2025\/05\/cropped-logo-nuevo2.jpg","width":305,"height":305,"caption":"Nuevo Digital de Escobar"},"image":{"@id":"https:\/\/nuevodigitaldeescobar.com.ar\/#\/schema\/logo\/image\/"},"sameAs":["https:\/\/www.facebook.com\/NUEVODigitalDeEscobar","https:\/\/x.com\/nuevodigescobar","https:\/\/www.instagram.com\/nuevodigitaldeescobar"]},{"@type":"Person","@id":"https:\/\/nuevodigitaldeescobar.com.ar\/#\/schema\/person\/035e90a8efe9a80e6eec22656ad6ea4c","name":"Redacci\u00f3n","image":{"@type":"ImageObject","inLanguage":"es","@id":"https:\/\/nuevodigitaldeescobar.com.ar\/#\/schema\/person\/image\/","url":"https:\/\/secure.gravatar.com\/avatar\/8af8f40000c24e9eef3034f2be5998a372bb1389e64b1a4a36b3a7979142220d?s=96&d=mm&r=g","contentUrl":"https:\/\/secure.gravatar.com\/avatar\/8af8f40000c24e9eef3034f2be5998a372bb1389e64b1a4a36b3a7979142220d?s=96&d=mm&r=g","caption":"Redacci\u00f3n"},"sameAs":["http:\/\/nuevodigitaldeescobar.com.ar"],"url":"https:\/\/nuevodigitaldeescobar.com.ar\/?author=1"}]}},"featured_image_urls":{"full":["https:\/\/nuevodigitaldeescobar.com.ar\/wp-content\/uploads\/2025\/05\/whatsapp_image_2025_05_29_at_11_55_08.jpeg",1920,1280,false],"thumbnail":["https:\/\/nuevodigitaldeescobar.com.ar\/wp-content\/uploads\/2025\/05\/whatsapp_image_2025_05_29_at_11_55_08-150x150.jpeg",150,150,true],"medium":["https:\/\/nuevodigitaldeescobar.com.ar\/wp-content\/uploads\/2025\/05\/whatsapp_image_2025_05_29_at_11_55_08-300x200.jpeg",300,200,true],"medium_large":["https:\/\/nuevodigitaldeescobar.com.ar\/wp-content\/uploads\/2025\/05\/whatsapp_image_2025_05_29_at_11_55_08-768x512.jpeg",640,427,true],"large":["https:\/\/nuevodigitaldeescobar.com.ar\/wp-content\/uploads\/2025\/05\/whatsapp_image_2025_05_29_at_11_55_08-1024x683.jpeg",640,427,true],"1536x1536":["https:\/\/nuevodigitaldeescobar.com.ar\/wp-content\/uploads\/2025\/05\/whatsapp_image_2025_05_29_at_11_55_08-1536x1024.jpeg",1536,1024,true],"2048x2048":["https:\/\/nuevodigitaldeescobar.com.ar\/wp-content\/uploads\/2025\/05\/whatsapp_image_2025_05_29_at_11_55_08.jpeg",1920,1280,false]},"author_info":{"display_name":"Redacci\u00f3n","author_link":"https:\/\/nuevodigitaldeescobar.com.ar\/?author=1"},"category_info":"<a href=\"https:\/\/nuevodigitaldeescobar.com.ar\/?cat=4\" rel=\"category\">Educaci\u00f3n<\/a>","tag_info":"Educaci\u00f3n","comment_count":"0","_links":{"self":[{"href":"https:\/\/nuevodigitaldeescobar.com.ar\/index.php?rest_route=\/wp\/v2\/posts\/15142","targetHints":{"allow":["GET"]}}],"collection":[{"href":"https:\/\/nuevodigitaldeescobar.com.ar\/index.php?rest_route=\/wp\/v2\/posts"}],"about":[{"href":"https:\/\/nuevodigitaldeescobar.com.ar\/index.php?rest_route=\/wp\/v2\/types\/post"}],"author":[{"embeddable":true,"href":"https:\/\/nuevodigitaldeescobar.com.ar\/index.php?rest_route=\/wp\/v2\/users\/1"}],"replies":[{"embeddable":true,"href":"https:\/\/nuevodigitaldeescobar.com.ar\/index.php?rest_route=%2Fwp%2Fv2%2Fcomments&post=15142"}],"version-history":[{"count":1,"href":"https:\/\/nuevodigitaldeescobar.com.ar\/index.php?rest_route=\/wp\/v2\/posts\/15142\/revisions"}],"predecessor-version":[{"id":15145,"href":"https:\/\/nuevodigitaldeescobar.com.ar\/index.php?rest_route=\/wp\/v2\/posts\/15142\/revisions\/15145"}],"wp:featuredmedia":[{"embeddable":true,"href":"https:\/\/nuevodigitaldeescobar.com.ar\/index.php?rest_route=\/wp\/v2\/media\/15144"}],"wp:attachment":[{"href":"https:\/\/nuevodigitaldeescobar.com.ar\/index.php?rest_route=%2Fwp%2Fv2%2Fmedia&parent=15142"}],"wp:term":[{"taxonomy":"category","embeddable":true,"href":"https:\/\/nuevodigitaldeescobar.com.ar\/index.php?rest_route=%2Fwp%2Fv2%2Fcategories&post=15142"},{"taxonomy":"post_tag","embeddable":true,"href":"https:\/\/nuevodigitaldeescobar.com.ar\/index.php?rest_route=%2Fwp%2Fv2%2Ftags&post=15142"}],"curies":[{"name":"wp","href":"https:\/\/api.w.org\/{rel}","templated":true}]}}